{"id":24388,"date":"2017-04-12T06:33:15","date_gmt":"2017-04-12T05:33:15","guid":{"rendered":"http:\/\/newsestlyonnais.fr\/site\/?p=24388"},"modified":"2021-09-16T14:03:47","modified_gmt":"2021-09-16T13:03:47","slug":"chassieu-188-archers-au-concours-fita-et-federal-de-tir-a-larc","status":"publish","type":"post","link":"https:\/\/newsestlyonnais.fr\/site\/2017\/04\/12\/chassieu-188-archers-au-concours-fita-et-federal-de-tir-a-larc\/","title":{"rendered":"CHASSIEU | 188 archers au concours Fita et f\u00e9d\u00e9ral de tir \u00e0 l&rsquo;arc"},"content":{"rendered":"<div dir=\"ltr\">\n<div>\n<h4>Le Club de Chassieu Tir \u00e0 l&rsquo;Arc, pr\u00e9sid\u00e9 par Emmanuel Jeannot, organisait dimanche au complexe Tisserand un double concours (Fita et f\u00e9d\u00e9ral) s\u00e9lectif pour les championnats de France.<\/h4>\n<p>Une comp\u00e9tition, la premi\u00e8re en ext\u00e9rieur de l&rsquo;ann\u00e9e, qui aura rassembl\u00e9 sur la journ\u00e9e 188 archers de tous niveaux, issus de 40 clubs de toute la r\u00e9gion Rh\u00f4ne-Alpes Auvergne. Des archers (poussins aux v\u00e9t\u00e9rans) supervis\u00e9s par 4 arbitres et qui se sont affront\u00e9s sur les 28 cibles install\u00e9es: \u00e0 50 m\u00e8tres pour le tir f\u00e9d\u00e9ral et \u00e0 70 m\u00e8tres pour le Fita (ou tir olympique).<\/p>\n<p>Parmi les participants, on notera la pr\u00e9sence de <strong>Pierre-Julien Deloche<\/strong>, class\u00e9 dans les meilleurs mondiaux et licenci\u00e9 \u00e0 Salaise sur Sanne et de 7 archers chasselands qui se sont bien comport\u00e9s, notamment Jean Jacques Croisat, 1\u00b0 en f\u00e9d\u00e9ral super v\u00e9t\u00e9rans (arc classique).<\/p>\n<\/div>\n<p>Les r\u00e9sultats complets :<\/p>\n<div>&#8211;\u00a0 concours Fita :\u00a0<a href=\"http:\/\/extranet.ffta.fr\/pdfresultats\/2017\/F_3369034_20170409_43649.pdf\" target=\"_blank\" rel=\"noopener noreferrer\">http:\/\/extranet.ffta.fr\/pdfresultats\/2017\/F_3369034_20170409_43649.pdf<\/a><\/div>\n<div>&#8211; concours f\u00e9d\u00e9ral: <a href=\"http:\/\/extranet.ffta.fr\/pdfresultats\/2017\/E_3369034_20170409_43647.pdf\" target=\"_blank\" rel=\"noopener noreferrer\">http:\/\/extranet.ffta.fr\/pdfresultats\/2017\/E_3369034_20170409_43647.pdf<\/a><\/div>\n<ul>\n<li>Retrouvez l&rsquo;ACTU du club sur: <a href=\"http:\/\/chassieutiralarc.e-monsite.com\" target=\"_blank\" rel=\"noopener noreferrer\">http:\/\/chassieutiralarc.e-monsite.com<\/a><\/li>\n<\/ul>\n<figure id=\"attachment_24403\" aria-describedby=\"caption-attachment-24403\" style=\"width: 1000px\" class=\"wp-caption alignleft\"><img loading=\"lazy\" decoding=\"async\" class=\"size-full wp-image-24403\" src=\"https:\/\/newsestlyonnais.fr\/site\/medias\/2017\/04\/NEWSESTLYONNAIS-6-archers-chasselands.jpg\" alt=\"NEWSESTLYONNAIS - archers chasselands\" width=\"1000\" height=\"750\" srcset=\"https:\/\/newsestlyonnais.fr\/site\/wp-content\/uploads\/2017\/04\/NEWSESTLYONNAIS-6-archers-chasselands.jpg 1000w, https:\/\/newsestlyonnais.fr\/site\/wp-content\/uploads\/2017\/04\/NEWSESTLYONNAIS-6-archers-chasselands-400x300.jpg 400w, https:\/\/newsestlyonnais.fr\/site\/wp-content\/uploads\/2017\/04\/NEWSESTLYONNAIS-6-archers-chasselands-768x576.jpg 768w, https:\/\/newsestlyonnais.fr\/site\/wp-content\/uploads\/2017\/04\/NEWSESTLYONNAIS-6-archers-chasselands-600x450.jpg 600w, https:\/\/newsestlyonnais.fr\/site\/wp-content\/uploads\/2017\/04\/NEWSESTLYONNAIS-6-archers-chasselands-100x75.jpg 100w\" sizes=\"auto, (max-width: 1000px) 100vw, 1000px\" \/><figcaption id=\"caption-attachment-24403\" class=\"wp-caption-text\">Une partie des archers chasselands participants \u00e0 ce concours<\/figcaption><\/figure>\n<figure id=\"attachment_24444\" aria-describedby=\"caption-attachment-24444\" style=\"width: 1000px\" class=\"wp-caption alignleft\"><img loading=\"lazy\" decoding=\"async\" class=\"wp-image-24444 size-full\" src=\"https:\/\/newsestlyonnais.fr\/site\/medias\/2017\/04\/NEWSESTLYONNAIS-PJ-DELOCHE.jpg\" alt=\"NEWSESTLYONNAIS PJ DELOCHE\" width=\"1000\" height=\"750\" srcset=\"https:\/\/newsestlyonnais.fr\/site\/wp-content\/uploads\/2017\/04\/NEWSESTLYONNAIS-PJ-DELOCHE.jpg 1000w, https:\/\/newsestlyonnais.fr\/site\/wp-content\/uploads\/2017\/04\/NEWSESTLYONNAIS-PJ-DELOCHE-400x300.jpg 400w, https:\/\/newsestlyonnais.fr\/site\/wp-content\/uploads\/2017\/04\/NEWSESTLYONNAIS-PJ-DELOCHE-768x576.jpg 768w, https:\/\/newsestlyonnais.fr\/site\/wp-content\/uploads\/2017\/04\/NEWSESTLYONNAIS-PJ-DELOCHE-600x450.jpg 600w, https:\/\/newsestlyonnais.fr\/site\/wp-content\/uploads\/2017\/04\/NEWSESTLYONNAIS-PJ-DELOCHE-100x75.jpg 100w\" sizes=\"auto, (max-width: 1000px) 100vw, 1000px\" \/><figcaption id=\"caption-attachment-24444\" class=\"wp-caption-text\">Pierre-Julien Deloche, class\u00e9 dans les meilleurs mondiaux \u00e9tait pr\u00e9sent au concours<\/figcaption><\/figure>\n<p>&nbsp;<\/p>\n<\/div>\n","protected":false},"excerpt":{"rendered":"<p>Le Club de Chassieu Tir \u00e0 l&rsquo;Arc, pr\u00e9sid\u00e9 par Emmanuel Jeannot, organisait dimanche au complexe Tisserand un double concours (Fita et f\u00e9d\u00e9ral) s\u00e9lectif pour les championnats de France. Une comp\u00e9tition, la premi\u00e8re en ext\u00e9rieur de l&rsquo;ann\u00e9e, qui aura rassembl\u00e9 sur la journ\u00e9e 188 archers de tous niveaux, issus de 40 clubs de toute la r\u00e9gion [&hellip;]<\/p>\n","protected":false},"author":4,"featured_media":24391,"comment_status":"open","ping_status":"open","sticky":false,"template":"","format":"standard","meta":{"footnotes":""},"categories":[574,1283,166,3894],"tags":[],"class_list":["post-24388","post","type-post","status-publish","format-standard","has-post-thumbnail","hentry","category-autres-sports","category-chassieu-communes-diverses","category-divers-sports","category-tir-a-larc"],"yoast_head":"<!-- This site is optimized with the Yoast SEO plugin v27.2 - https:\/\/yoast.com\/product\/yoast-seo-wordpress\/ -->\n<title>CHASSIEU : 188 archers au concours Fita et f\u00e9d\u00e9ral de tir \u00e0 l&#039;arc<\/title>\n<meta name=\"description\" content=\"CHASSIEU : 188 archers au concours Fita et f\u00e9d\u00e9ral de tir \u00e0 l&#039;arc\" \/>\n<meta name=\"robots\" content=\"index, follow, max-snippet:-1, max-image-preview:large, max-video-preview:-1\" \/>\n<link rel=\"canonical\" href=\"https:\/\/newsestlyonnais.fr\/site\/2017\/04\/12\/chassieu-188-archers-au-concours-fita-et-federal-de-tir-a-larc\/\" \/>\n<meta property=\"og:locale\" content=\"fr_FR\" \/>\n<meta property=\"og:type\" content=\"article\" \/>\n<meta property=\"og:title\" content=\"CHASSIEU : 188 archers au concours Fita et f\u00e9d\u00e9ral de tir \u00e0 l&#039;arc\" \/>\n<meta property=\"og:description\" content=\"CHASSIEU : 188 archers au concours Fita et f\u00e9d\u00e9ral de tir \u00e0 l&#039;arc\" \/>\n<meta property=\"og:url\" content=\"https:\/\/newsestlyonnais.fr\/site\/2017\/04\/12\/chassieu-188-archers-au-concours-fita-et-federal-de-tir-a-larc\/\" \/>\n<meta property=\"og:site_name\" content=\"News Est Lyonnais\" \/>\n<meta property=\"article:author\" content=\"https:\/\/www.facebook.com\/pascal.oberson.1?fref=ts\" \/>\n<meta property=\"article:published_time\" content=\"2017-04-12T05:33:15+00:00\" \/>\n<meta property=\"article:modified_time\" content=\"2021-09-16T13:03:47+00:00\" \/>\n<meta property=\"og:image\" content=\"https:\/\/i2.wp.com\/newsestlyonnais.fr\/site\/wp-content\/uploads\/2017\/04\/NEWSESTLYONNAIS-CONC-FITA-FED-TIR-ARC.jpg?fit=1000%2C750&ssl=1\" \/>\n\t<meta property=\"og:image:width\" content=\"1000\" \/>\n\t<meta property=\"og:image:height\" content=\"750\" \/>\n\t<meta property=\"og:image:type\" content=\"image\/jpeg\" \/>\n<meta name=\"author\" content=\"R\u00e9dac. NEWS\" \/>\n<meta name=\"twitter:card\" content=\"summary_large_image\" \/>\n<meta name=\"twitter:label1\" content=\"\u00c9crit par\" \/>\n\t<meta name=\"twitter:data1\" content=\"R\u00e9dac. NEWS\" \/>\n\t<meta name=\"twitter:label2\" content=\"Dur\u00e9e de lecture estim\u00e9e\" \/>\n\t<meta name=\"twitter:data2\" content=\"1 minute\" \/>\n<script type=\"application\/ld+json\" class=\"yoast-schema-graph\">{\"@context\":\"https:\/\/schema.org\",\"@graph\":[{\"@type\":\"Article\",\"@id\":\"https:\/\/newsestlyonnais.fr\/site\/2017\/04\/12\/chassieu-188-archers-au-concours-fita-et-federal-de-tir-a-larc\/#article\",\"isPartOf\":{\"@id\":\"https:\/\/newsestlyonnais.fr\/site\/2017\/04\/12\/chassieu-188-archers-au-concours-fita-et-federal-de-tir-a-larc\/\"},\"author\":{\"name\":\"R\u00e9dac. NEWS\",\"@id\":\"https:\/\/newsestlyonnais.fr\/site\/#\/schema\/person\/3230d5615f390bb808365d673001e887\"},\"headline\":\"CHASSIEU | 188 archers au concours Fita et f\u00e9d\u00e9ral de tir \u00e0 l&rsquo;arc\",\"datePublished\":\"2017-04-12T05:33:15+00:00\",\"dateModified\":\"2021-09-16T13:03:47+00:00\",\"mainEntityOfPage\":{\"@id\":\"https:\/\/newsestlyonnais.fr\/site\/2017\/04\/12\/chassieu-188-archers-au-concours-fita-et-federal-de-tir-a-larc\/\"},\"wordCount\":235,\"commentCount\":0,\"publisher\":{\"@id\":\"https:\/\/newsestlyonnais.fr\/site\/#organization\"},\"image\":{\"@id\":\"https:\/\/newsestlyonnais.fr\/site\/2017\/04\/12\/chassieu-188-archers-au-concours-fita-et-federal-de-tir-a-larc\/#primaryimage\"},\"thumbnailUrl\":\"https:\/\/newsestlyonnais.fr\/site\/wp-content\/uploads\/2017\/04\/NEWSESTLYONNAIS-CONC-FITA-FED-TIR-ARC.jpg\",\"articleSection\":[\"Autres sports\",\"Chassieu | Communes diverses\",\"Divers Sports\",\"Tir \u00e0 l'arc\"],\"inLanguage\":\"fr-FR\",\"potentialAction\":[{\"@type\":\"CommentAction\",\"name\":\"Comment\",\"target\":[\"https:\/\/newsestlyonnais.fr\/site\/2017\/04\/12\/chassieu-188-archers-au-concours-fita-et-federal-de-tir-a-larc\/#respond\"]}]},{\"@type\":\"WebPage\",\"@id\":\"https:\/\/newsestlyonnais.fr\/site\/2017\/04\/12\/chassieu-188-archers-au-concours-fita-et-federal-de-tir-a-larc\/\",\"url\":\"https:\/\/newsestlyonnais.fr\/site\/2017\/04\/12\/chassieu-188-archers-au-concours-fita-et-federal-de-tir-a-larc\/\",\"name\":\"CHASSIEU : 188 archers au concours Fita et f\u00e9d\u00e9ral de tir \u00e0 l'arc\",\"isPartOf\":{\"@id\":\"https:\/\/newsestlyonnais.fr\/site\/#website\"},\"primaryImageOfPage\":{\"@id\":\"https:\/\/newsestlyonnais.fr\/site\/2017\/04\/12\/chassieu-188-archers-au-concours-fita-et-federal-de-tir-a-larc\/#primaryimage\"},\"image\":{\"@id\":\"https:\/\/newsestlyonnais.fr\/site\/2017\/04\/12\/chassieu-188-archers-au-concours-fita-et-federal-de-tir-a-larc\/#primaryimage\"},\"thumbnailUrl\":\"https:\/\/newsestlyonnais.fr\/site\/wp-content\/uploads\/2017\/04\/NEWSESTLYONNAIS-CONC-FITA-FED-TIR-ARC.jpg\",\"datePublished\":\"2017-04-12T05:33:15+00:00\",\"dateModified\":\"2021-09-16T13:03:47+00:00\",\"description\":\"CHASSIEU : 188 archers au concours Fita et f\u00e9d\u00e9ral de tir \u00e0 l'arc\",\"breadcrumb\":{\"@id\":\"https:\/\/newsestlyonnais.fr\/site\/2017\/04\/12\/chassieu-188-archers-au-concours-fita-et-federal-de-tir-a-larc\/#breadcrumb\"},\"inLanguage\":\"fr-FR\",\"potentialAction\":[{\"@type\":\"ReadAction\",\"target\":[\"https:\/\/newsestlyonnais.fr\/site\/2017\/04\/12\/chassieu-188-archers-au-concours-fita-et-federal-de-tir-a-larc\/\"]}]},{\"@type\":\"ImageObject\",\"inLanguage\":\"fr-FR\",\"@id\":\"https:\/\/newsestlyonnais.fr\/site\/2017\/04\/12\/chassieu-188-archers-au-concours-fita-et-federal-de-tir-a-larc\/#primaryimage\",\"url\":\"https:\/\/newsestlyonnais.fr\/site\/wp-content\/uploads\/2017\/04\/NEWSESTLYONNAIS-CONC-FITA-FED-TIR-ARC.jpg\",\"contentUrl\":\"https:\/\/newsestlyonnais.fr\/site\/wp-content\/uploads\/2017\/04\/NEWSESTLYONNAIS-CONC-FITA-FED-TIR-ARC.jpg\",\"width\":1000,\"height\":750,\"caption\":\"NEWSESTLYONNAIS - CONC FITA FED TIR ARC\"},{\"@type\":\"BreadcrumbList\",\"@id\":\"https:\/\/newsestlyonnais.fr\/site\/2017\/04\/12\/chassieu-188-archers-au-concours-fita-et-federal-de-tir-a-larc\/#breadcrumb\",\"itemListElement\":[{\"@type\":\"ListItem\",\"position\":1,\"name\":\"Accueil\",\"item\":\"https:\/\/newsestlyonnais.fr\/site\/\"},{\"@type\":\"ListItem\",\"position\":2,\"name\":\"CHASSIEU | 188 archers au concours Fita et f\u00e9d\u00e9ral de tir \u00e0 l&rsquo;arc\"}]},{\"@type\":\"WebSite\",\"@id\":\"https:\/\/newsestlyonnais.fr\/site\/#website\",\"url\":\"https:\/\/newsestlyonnais.fr\/site\/\",\"name\":\"News Est Lyonnais\",\"description\":\"L&#039;actualit\u00e9 au plus pr\u00e8s\",\"publisher\":{\"@id\":\"https:\/\/newsestlyonnais.fr\/site\/#organization\"},\"potentialAction\":[{\"@type\":\"SearchAction\",\"target\":{\"@type\":\"EntryPoint\",\"urlTemplate\":\"https:\/\/newsestlyonnais.fr\/site\/?s={search_term_string}\"},\"query-input\":{\"@type\":\"PropertyValueSpecification\",\"valueRequired\":true,\"valueName\":\"search_term_string\"}}],\"inLanguage\":\"fr-FR\"},{\"@type\":\"Organization\",\"@id\":\"https:\/\/newsestlyonnais.fr\/site\/#organization\",\"name\":\"News EST LYONNAIS\",\"url\":\"https:\/\/newsestlyonnais.fr\/site\/\",\"logo\":{\"@type\":\"ImageObject\",\"inLanguage\":\"fr-FR\",\"@id\":\"https:\/\/newsestlyonnais.fr\/site\/#\/schema\/logo\/image\/\",\"url\":\"\",\"contentUrl\":\"\",\"caption\":\"News EST LYONNAIS\"},\"image\":{\"@id\":\"https:\/\/newsestlyonnais.fr\/site\/#\/schema\/logo\/image\/\"}},{\"@type\":\"Person\",\"@id\":\"https:\/\/newsestlyonnais.fr\/site\/#\/schema\/person\/3230d5615f390bb808365d673001e887\",\"name\":\"R\u00e9dac. NEWS\",\"sameAs\":[\"http:\/\/www.newsestlyonnais.fr\",\"https:\/\/www.facebook.com\/pascal.oberson.1?fref=ts\",\"https:\/\/fr.linkedin.com\/in\/pascal-oberson-b17045113\"],\"url\":\"https:\/\/newsestlyonnais.fr\/site\/author\/nel\/\"}]}<\/script>\n<!-- \/ Yoast SEO plugin. -->","yoast_head_json":{"title":"CHASSIEU : 188 archers au concours Fita et f\u00e9d\u00e9ral de tir \u00e0 l'arc","description":"CHASSIEU : 188 archers au concours Fita et f\u00e9d\u00e9ral de tir \u00e0 l'arc","robots":{"index":"index","follow":"follow","max-snippet":"max-snippet:-1","max-image-preview":"max-image-preview:large","max-video-preview":"max-video-preview:-1"},"canonical":"https:\/\/newsestlyonnais.fr\/site\/2017\/04\/12\/chassieu-188-archers-au-concours-fita-et-federal-de-tir-a-larc\/","og_locale":"fr_FR","og_type":"article","og_title":"CHASSIEU : 188 archers au concours Fita et f\u00e9d\u00e9ral de tir \u00e0 l'arc","og_description":"CHASSIEU : 188 archers au concours Fita et f\u00e9d\u00e9ral de tir \u00e0 l'arc","og_url":"https:\/\/newsestlyonnais.fr\/site\/2017\/04\/12\/chassieu-188-archers-au-concours-fita-et-federal-de-tir-a-larc\/","og_site_name":"News Est Lyonnais","article_author":"https:\/\/www.facebook.com\/pascal.oberson.1?fref=ts","article_published_time":"2017-04-12T05:33:15+00:00","article_modified_time":"2021-09-16T13:03:47+00:00","og_image":[{"width":1000,"height":750,"url":"https:\/\/i2.wp.com\/newsestlyonnais.fr\/site\/wp-content\/uploads\/2017\/04\/NEWSESTLYONNAIS-CONC-FITA-FED-TIR-ARC.jpg?fit=1000%2C750&ssl=1","type":"image\/jpeg"}],"author":"R\u00e9dac. NEWS","twitter_card":"summary_large_image","twitter_misc":{"\u00c9crit par":"R\u00e9dac. NEWS","Dur\u00e9e de lecture estim\u00e9e":"1 minute"},"schema":{"@context":"https:\/\/schema.org","@graph":[{"@type":"Article","@id":"https:\/\/newsestlyonnais.fr\/site\/2017\/04\/12\/chassieu-188-archers-au-concours-fita-et-federal-de-tir-a-larc\/#article","isPartOf":{"@id":"https:\/\/newsestlyonnais.fr\/site\/2017\/04\/12\/chassieu-188-archers-au-concours-fita-et-federal-de-tir-a-larc\/"},"author":{"name":"R\u00e9dac. NEWS","@id":"https:\/\/newsestlyonnais.fr\/site\/#\/schema\/person\/3230d5615f390bb808365d673001e887"},"headline":"CHASSIEU | 188 archers au concours Fita et f\u00e9d\u00e9ral de tir \u00e0 l&rsquo;arc","datePublished":"2017-04-12T05:33:15+00:00","dateModified":"2021-09-16T13:03:47+00:00","mainEntityOfPage":{"@id":"https:\/\/newsestlyonnais.fr\/site\/2017\/04\/12\/chassieu-188-archers-au-concours-fita-et-federal-de-tir-a-larc\/"},"wordCount":235,"commentCount":0,"publisher":{"@id":"https:\/\/newsestlyonnais.fr\/site\/#organization"},"image":{"@id":"https:\/\/newsestlyonnais.fr\/site\/2017\/04\/12\/chassieu-188-archers-au-concours-fita-et-federal-de-tir-a-larc\/#primaryimage"},"thumbnailUrl":"https:\/\/newsestlyonnais.fr\/site\/wp-content\/uploads\/2017\/04\/NEWSESTLYONNAIS-CONC-FITA-FED-TIR-ARC.jpg","articleSection":["Autres sports","Chassieu | Communes diverses","Divers Sports","Tir \u00e0 l'arc"],"inLanguage":"fr-FR","potentialAction":[{"@type":"CommentAction","name":"Comment","target":["https:\/\/newsestlyonnais.fr\/site\/2017\/04\/12\/chassieu-188-archers-au-concours-fita-et-federal-de-tir-a-larc\/#respond"]}]},{"@type":"WebPage","@id":"https:\/\/newsestlyonnais.fr\/site\/2017\/04\/12\/chassieu-188-archers-au-concours-fita-et-federal-de-tir-a-larc\/","url":"https:\/\/newsestlyonnais.fr\/site\/2017\/04\/12\/chassieu-188-archers-au-concours-fita-et-federal-de-tir-a-larc\/","name":"CHASSIEU : 188 archers au concours Fita et f\u00e9d\u00e9ral de tir \u00e0 l'arc","isPartOf":{"@id":"https:\/\/newsestlyonnais.fr\/site\/#website"},"primaryImageOfPage":{"@id":"https:\/\/newsestlyonnais.fr\/site\/2017\/04\/12\/chassieu-188-archers-au-concours-fita-et-federal-de-tir-a-larc\/#primaryimage"},"image":{"@id":"https:\/\/newsestlyonnais.fr\/site\/2017\/04\/12\/chassieu-188-archers-au-concours-fita-et-federal-de-tir-a-larc\/#primaryimage"},"thumbnailUrl":"https:\/\/newsestlyonnais.fr\/site\/wp-content\/uploads\/2017\/04\/NEWSESTLYONNAIS-CONC-FITA-FED-TIR-ARC.jpg","datePublished":"2017-04-12T05:33:15+00:00","dateModified":"2021-09-16T13:03:47+00:00","description":"CHASSIEU : 188 archers au concours Fita et f\u00e9d\u00e9ral de tir \u00e0 l'arc","breadcrumb":{"@id":"https:\/\/newsestlyonnais.fr\/site\/2017\/04\/12\/chassieu-188-archers-au-concours-fita-et-federal-de-tir-a-larc\/#breadcrumb"},"inLanguage":"fr-FR","potentialAction":[{"@type":"ReadAction","target":["https:\/\/newsestlyonnais.fr\/site\/2017\/04\/12\/chassieu-188-archers-au-concours-fita-et-federal-de-tir-a-larc\/"]}]},{"@type":"ImageObject","inLanguage":"fr-FR","@id":"https:\/\/newsestlyonnais.fr\/site\/2017\/04\/12\/chassieu-188-archers-au-concours-fita-et-federal-de-tir-a-larc\/#primaryimage","url":"https:\/\/newsestlyonnais.fr\/site\/wp-content\/uploads\/2017\/04\/NEWSESTLYONNAIS-CONC-FITA-FED-TIR-ARC.jpg","contentUrl":"https:\/\/newsestlyonnais.fr\/site\/wp-content\/uploads\/2017\/04\/NEWSESTLYONNAIS-CONC-FITA-FED-TIR-ARC.jpg","width":1000,"height":750,"caption":"NEWSESTLYONNAIS - CONC FITA FED TIR ARC"},{"@type":"BreadcrumbList","@id":"https:\/\/newsestlyonnais.fr\/site\/2017\/04\/12\/chassieu-188-archers-au-concours-fita-et-federal-de-tir-a-larc\/#breadcrumb","itemListElement":[{"@type":"ListItem","position":1,"name":"Accueil","item":"https:\/\/newsestlyonnais.fr\/site\/"},{"@type":"ListItem","position":2,"name":"CHASSIEU | 188 archers au concours Fita et f\u00e9d\u00e9ral de tir \u00e0 l&rsquo;arc"}]},{"@type":"WebSite","@id":"https:\/\/newsestlyonnais.fr\/site\/#website","url":"https:\/\/newsestlyonnais.fr\/site\/","name":"News Est Lyonnais","description":"L&#039;actualit\u00e9 au plus pr\u00e8s","publisher":{"@id":"https:\/\/newsestlyonnais.fr\/site\/#organization"},"potentialAction":[{"@type":"SearchAction","target":{"@type":"EntryPoint","urlTemplate":"https:\/\/newsestlyonnais.fr\/site\/?s={search_term_string}"},"query-input":{"@type":"PropertyValueSpecification","valueRequired":true,"valueName":"search_term_string"}}],"inLanguage":"fr-FR"},{"@type":"Organization","@id":"https:\/\/newsestlyonnais.fr\/site\/#organization","name":"News EST LYONNAIS","url":"https:\/\/newsestlyonnais.fr\/site\/","logo":{"@type":"ImageObject","inLanguage":"fr-FR","@id":"https:\/\/newsestlyonnais.fr\/site\/#\/schema\/logo\/image\/","url":"","contentUrl":"","caption":"News EST LYONNAIS"},"image":{"@id":"https:\/\/newsestlyonnais.fr\/site\/#\/schema\/logo\/image\/"}},{"@type":"Person","@id":"https:\/\/newsestlyonnais.fr\/site\/#\/schema\/person\/3230d5615f390bb808365d673001e887","name":"R\u00e9dac. NEWS","sameAs":["http:\/\/www.newsestlyonnais.fr","https:\/\/www.facebook.com\/pascal.oberson.1?fref=ts","https:\/\/fr.linkedin.com\/in\/pascal-oberson-b17045113"],"url":"https:\/\/newsestlyonnais.fr\/site\/author\/nel\/"}]}},"_links":{"self":[{"href":"https:\/\/newsestlyonnais.fr\/site\/wp-json\/wp\/v2\/posts\/24388","targetHints":{"allow":["GET"]}}],"collection":[{"href":"https:\/\/newsestlyonnais.fr\/site\/wp-json\/wp\/v2\/posts"}],"about":[{"href":"https:\/\/newsestlyonnais.fr\/site\/wp-json\/wp\/v2\/types\/post"}],"author":[{"embeddable":true,"href":"https:\/\/newsestlyonnais.fr\/site\/wp-json\/wp\/v2\/users\/4"}],"replies":[{"embeddable":true,"href":"https:\/\/newsestlyonnais.fr\/site\/wp-json\/wp\/v2\/comments?post=24388"}],"version-history":[{"count":0,"href":"https:\/\/newsestlyonnais.fr\/site\/wp-json\/wp\/v2\/posts\/24388\/revisions"}],"wp:featuredmedia":[{"embeddable":true,"href":"https:\/\/newsestlyonnais.fr\/site\/wp-json\/wp\/v2\/media\/24391"}],"wp:attachment":[{"href":"https:\/\/newsestlyonnais.fr\/site\/wp-json\/wp\/v2\/media?parent=24388"}],"wp:term":[{"taxonomy":"category","embeddable":true,"href":"https:\/\/newsestlyonnais.fr\/site\/wp-json\/wp\/v2\/categories?post=24388"},{"taxonomy":"post_tag","embeddable":true,"href":"https:\/\/newsestlyonnais.fr\/site\/wp-json\/wp\/v2\/tags?post=24388"}],"curies":[{"name":"wp","href":"https:\/\/api.w.org\/{rel}","templated":true}]}}