{"id":24413,"date":"2017-04-12T07:37:12","date_gmt":"2017-04-12T06:37:12","guid":{"rendered":"http:\/\/newsestlyonnais.fr\/site\/?p=24413"},"modified":"2020-11-19T13:24:44","modified_gmt":"2020-11-19T12:24:44","slug":"venissieux-lheure-sur-piste-de-lyon-en-nocturne-au-parc-de-parilly","status":"publish","type":"post","link":"https:\/\/newsestlyonnais.fr\/site\/2017\/04\/12\/venissieux-lheure-sur-piste-de-lyon-en-nocturne-au-parc-de-parilly\/","title":{"rendered":"VENISSIEUX | L\u2019Heure sur Piste de Lyon en nocturne au Parc de Parilly"},"content":{"rendered":"<h4>Ce vendredi 14 avril aura lieu l\u2019Heure sur Piste de Lyon, course organis\u00e9e par l\u2019AaA Lyon, club d\u2019athl\u00e9tisme de Lyon.<\/h4>\n<p>En proposant cette originale \u00e9dition 2017, l\u2019Association Amicale des Athl\u00e8tes de Lyon (AaA) Lyon ne d\u00e9roge pas \u00e0 sa r\u00e9putation locale de club ouvert et dynamique qui aime particuli\u00e8rement associer sport et convivialit\u00e9.<br \/>\nL<strong>\u2019Heure est une discipline officielle et classante de la F\u00e9d\u00e9ration Fran\u00e7aise d\u2019Athl\u00e9tisme<\/strong>, r\u00e9serv\u00e9e aux licenci\u00e9s FFA. Elle attire des athl\u00e8tes de toute la r\u00e9gion : Rh\u00f4ne-Alpes, Auvergne, Bourgogne et m\u00eame PACA. <strong>Le principe ?<\/strong> Courir le plus de kilom\u00e8tres sur une piste d\u2019athl\u00e9tisme pendant une heure.<\/p>\n<p><img loading=\"lazy\" decoding=\"async\" class=\"alignleft size-full wp-image-23750\" src=\"https:\/\/newsestlyonnais.fr\/site\/medias\/2017\/03\/NEWSESTLYONNAIS-MICRO.png\" alt=\"NEWSESTLYONNAIS MICRO\" width=\"250\" height=\"150\" \/><strong>Gr\u00e9gory Davalley <\/strong>(vainqueur de l\u2019Heure sur Piste de Lyon 2016) pr\u00e9cise \u00ab L\u2019exercice n\u2019est pas facile, c\u2019est par contre un super entrainement \u00bb.<br \/>\n\u00a0\u00bb C\u00f4t\u00e9 convivialit\u00e9, les bouch\u00e9es doubles ont \u00e9t\u00e9 mises pour ouvrir cette course \u00e0 d\u2019autres types de coureurs que ceux branch\u00e9s \u00ab Piste \u00bb comme le souligne <strong>Vincent Charroin<\/strong> (pr\u00e9sident de l\u2019AaA Lyon) : \u00ab Pour 2017, nous<br \/>\navons souhait\u00e9 am\u00e9liorer l\u2019attractivit\u00e9 de l\u2019Heure sur Piste dans le but de faire conna\u00eetre cette discipline atypique \u00e0 un plus grand nombre de personnes. Nous sommes impatients, \u00e0 l\u2019AaA Lyon, d\u2019accueillir les athl\u00e8tes de tous niveaux le 14 avril prochain \u00bb.<\/p>\n<ul>\n<li><strong>16 873 m est le record enregistr\u00e9 le 29 septembre 2016 \u00e0 Chassieu<\/strong> et remport\u00e9 par Rachid Lekhal de l\u2019AS Rispoli de Villeurbanne qui partira dans la 3\u00b0 s\u00e9rie et visera les 17 kilom\u00e8tres. Ce record sera certainement battu cette ann\u00e9e \u00e0 Lyon au vu du niveau des coureurs inscrits (75 r\u00e9partis en 3 s\u00e9ries).<\/li>\n<\/ul>\n<p>L\u2019innovation cette ann\u00e9e \u00e9tant pour les organisateurs de la proposer en version nocturne et d\u2019y ajouter des notes de festivit\u00e9s avec un barbecue mais aussi une fanfare, des photographes, des r\u00e9compenses et bien d\u2019autres surprises pour les coureurs !<\/p>\n<ul>\n<li>NOTA :\u00a0 <strong>Vendredi 14 avril 2017:\u00a0 D\u00e9parts des 3 s\u00e9ries (19 h\/20 h 20 \/ 21 h 40)<\/strong> au Stade du Rh\u00f4ne \u00e0 Parilly.<\/li>\n<li>\n<div class=\"s-component s-text\">\n<p>Epreuves gratuites et r\u00e9serv\u00e9es aux licenci\u00e9s FFA . Le temps au 10 000 m\u00e8tre sera aussi comptabilis\u00e9 .<\/p>\n<\/div>\n<\/li>\n<li>Plus d&rsquo;infos sur : <a href=\"http:\/\/www.heuresurpiste.fr\" target=\"_blank\" rel=\"noopener noreferrer\">http:\/\/www.heuresurpiste.fr<\/a><\/li>\n<li>Liste des s\u00e9ries sur: <a href=\"http:\/\/serieshsp.strikingly.com\" target=\"_blank\" rel=\"noopener noreferrer\">http:\/\/serieshsp.strikingly.com<\/a><\/li>\n<\/ul>\n<div class=\"s-title-group \">\n<div class=\"s-subtitle\">\n<div class=\"s-component s-text\">\n<p>&nbsp;<\/p>\n<p>&nbsp;<\/p>\n<\/div>\n<\/div>\n<\/div>\n","protected":false},"excerpt":{"rendered":"<p>Ce vendredi 14 avril aura lieu l\u2019Heure sur Piste de Lyon, course organis\u00e9e par l\u2019AaA Lyon, club d\u2019athl\u00e9tisme de Lyon. En proposant cette originale \u00e9dition 2017, l\u2019Association Amicale des Athl\u00e8tes de Lyon (AaA) Lyon ne d\u00e9roge pas \u00e0 sa r\u00e9putation locale de club ouvert et dynamique qui aime particuli\u00e8rement associer sport et convivialit\u00e9. L\u2019Heure est [&hellip;]<\/p>\n","protected":false},"author":4,"featured_media":24412,"comment_status":"open","ping_status":"open","sticky":false,"template":"","format":"standard","meta":{"footnotes":""},"categories":[2968,1298],"tags":[],"class_list":["post-24413","post","type-post","status-publish","format-standard","has-post-thumbnail","hentry","category-athle-course-pied-marche","category-venissieux"],"yoast_head":"<!-- This site is optimized with the Yoast SEO plugin v27.2 - https:\/\/yoast.com\/product\/yoast-seo-wordpress\/ -->\n<title>VENISSIEUX : L\u2019Heure sur Piste de Lyon en nocturne au Parc de Parilly<\/title>\n<meta name=\"description\" content=\"VENISSIEUX : L\u2019Heure sur Piste de Lyon en nocturne au Parc de Parilly\" \/>\n<meta name=\"robots\" content=\"index, follow, max-snippet:-1, max-image-preview:large, max-video-preview:-1\" \/>\n<link rel=\"canonical\" href=\"https:\/\/newsestlyonnais.fr\/site\/2017\/04\/12\/venissieux-lheure-sur-piste-de-lyon-en-nocturne-au-parc-de-parilly\/\" \/>\n<meta property=\"og:locale\" content=\"fr_FR\" \/>\n<meta property=\"og:type\" content=\"article\" \/>\n<meta property=\"og:title\" content=\"VENISSIEUX : L\u2019Heure sur Piste de Lyon en nocturne au Parc de Parilly\" \/>\n<meta property=\"og:description\" content=\"VENISSIEUX : L\u2019Heure sur Piste de Lyon en nocturne au Parc de Parilly\" \/>\n<meta property=\"og:url\" content=\"https:\/\/newsestlyonnais.fr\/site\/2017\/04\/12\/venissieux-lheure-sur-piste-de-lyon-en-nocturne-au-parc-de-parilly\/\" \/>\n<meta property=\"og:site_name\" content=\"News Est Lyonnais\" \/>\n<meta property=\"article:author\" content=\"https:\/\/www.facebook.com\/pascal.oberson.1?fref=ts\" \/>\n<meta property=\"article:published_time\" content=\"2017-04-12T06:37:12+00:00\" \/>\n<meta property=\"article:modified_time\" content=\"2020-11-19T12:24:44+00:00\" \/>\n<meta property=\"og:image\" content=\"https:\/\/i2.wp.com\/newsestlyonnais.fr\/site\/wp-content\/uploads\/2017\/04\/NEWSESTLYONNAIS-HEURE-SUR-PISTE-aff..jpg?fit=1000%2C750&ssl=1\" \/>\n\t<meta property=\"og:image:width\" content=\"1000\" \/>\n\t<meta property=\"og:image:height\" content=\"750\" \/>\n\t<meta property=\"og:image:type\" content=\"image\/jpeg\" \/>\n<meta name=\"author\" content=\"R\u00e9dac. NEWS\" \/>\n<meta name=\"twitter:card\" content=\"summary_large_image\" \/>\n<meta name=\"twitter:label1\" content=\"\u00c9crit par\" \/>\n\t<meta name=\"twitter:data1\" content=\"R\u00e9dac. NEWS\" \/>\n\t<meta name=\"twitter:label2\" content=\"Dur\u00e9e de lecture estim\u00e9e\" \/>\n\t<meta name=\"twitter:data2\" content=\"2 minutes\" \/>\n<script type=\"application\/ld+json\" class=\"yoast-schema-graph\">{\"@context\":\"https:\/\/schema.org\",\"@graph\":[{\"@type\":\"Article\",\"@id\":\"https:\/\/newsestlyonnais.fr\/site\/2017\/04\/12\/venissieux-lheure-sur-piste-de-lyon-en-nocturne-au-parc-de-parilly\/#article\",\"isPartOf\":{\"@id\":\"https:\/\/newsestlyonnais.fr\/site\/2017\/04\/12\/venissieux-lheure-sur-piste-de-lyon-en-nocturne-au-parc-de-parilly\/\"},\"author\":{\"name\":\"R\u00e9dac. NEWS\",\"@id\":\"https:\/\/newsestlyonnais.fr\/site\/#\/schema\/person\/3230d5615f390bb808365d673001e887\"},\"headline\":\"VENISSIEUX | L\u2019Heure sur Piste de Lyon en nocturne au Parc de Parilly\",\"datePublished\":\"2017-04-12T06:37:12+00:00\",\"dateModified\":\"2020-11-19T12:24:44+00:00\",\"mainEntityOfPage\":{\"@id\":\"https:\/\/newsestlyonnais.fr\/site\/2017\/04\/12\/venissieux-lheure-sur-piste-de-lyon-en-nocturne-au-parc-de-parilly\/\"},\"wordCount\":389,\"commentCount\":0,\"publisher\":{\"@id\":\"https:\/\/newsestlyonnais.fr\/site\/#organization\"},\"image\":{\"@id\":\"https:\/\/newsestlyonnais.fr\/site\/2017\/04\/12\/venissieux-lheure-sur-piste-de-lyon-en-nocturne-au-parc-de-parilly\/#primaryimage\"},\"thumbnailUrl\":\"https:\/\/newsestlyonnais.fr\/site\/wp-content\/uploads\/2017\/04\/NEWSESTLYONNAIS-HEURE-SUR-PISTE-aff..jpg\",\"articleSection\":[\"Athl\u00e9 | Course pied | Marche\",\"V\u00e9nissieux\"],\"inLanguage\":\"fr-FR\",\"potentialAction\":[{\"@type\":\"CommentAction\",\"name\":\"Comment\",\"target\":[\"https:\/\/newsestlyonnais.fr\/site\/2017\/04\/12\/venissieux-lheure-sur-piste-de-lyon-en-nocturne-au-parc-de-parilly\/#respond\"]}]},{\"@type\":\"WebPage\",\"@id\":\"https:\/\/newsestlyonnais.fr\/site\/2017\/04\/12\/venissieux-lheure-sur-piste-de-lyon-en-nocturne-au-parc-de-parilly\/\",\"url\":\"https:\/\/newsestlyonnais.fr\/site\/2017\/04\/12\/venissieux-lheure-sur-piste-de-lyon-en-nocturne-au-parc-de-parilly\/\",\"name\":\"VENISSIEUX : L\u2019Heure sur Piste de Lyon en nocturne au Parc de Parilly\",\"isPartOf\":{\"@id\":\"https:\/\/newsestlyonnais.fr\/site\/#website\"},\"primaryImageOfPage\":{\"@id\":\"https:\/\/newsestlyonnais.fr\/site\/2017\/04\/12\/venissieux-lheure-sur-piste-de-lyon-en-nocturne-au-parc-de-parilly\/#primaryimage\"},\"image\":{\"@id\":\"https:\/\/newsestlyonnais.fr\/site\/2017\/04\/12\/venissieux-lheure-sur-piste-de-lyon-en-nocturne-au-parc-de-parilly\/#primaryimage\"},\"thumbnailUrl\":\"https:\/\/newsestlyonnais.fr\/site\/wp-content\/uploads\/2017\/04\/NEWSESTLYONNAIS-HEURE-SUR-PISTE-aff..jpg\",\"datePublished\":\"2017-04-12T06:37:12+00:00\",\"dateModified\":\"2020-11-19T12:24:44+00:00\",\"description\":\"VENISSIEUX : L\u2019Heure sur Piste de Lyon en nocturne au Parc de Parilly\",\"breadcrumb\":{\"@id\":\"https:\/\/newsestlyonnais.fr\/site\/2017\/04\/12\/venissieux-lheure-sur-piste-de-lyon-en-nocturne-au-parc-de-parilly\/#breadcrumb\"},\"inLanguage\":\"fr-FR\",\"potentialAction\":[{\"@type\":\"ReadAction\",\"target\":[\"https:\/\/newsestlyonnais.fr\/site\/2017\/04\/12\/venissieux-lheure-sur-piste-de-lyon-en-nocturne-au-parc-de-parilly\/\"]}]},{\"@type\":\"ImageObject\",\"inLanguage\":\"fr-FR\",\"@id\":\"https:\/\/newsestlyonnais.fr\/site\/2017\/04\/12\/venissieux-lheure-sur-piste-de-lyon-en-nocturne-au-parc-de-parilly\/#primaryimage\",\"url\":\"https:\/\/newsestlyonnais.fr\/site\/wp-content\/uploads\/2017\/04\/NEWSESTLYONNAIS-HEURE-SUR-PISTE-aff..jpg\",\"contentUrl\":\"https:\/\/newsestlyonnais.fr\/site\/wp-content\/uploads\/2017\/04\/NEWSESTLYONNAIS-HEURE-SUR-PISTE-aff..jpg\",\"width\":1000,\"height\":750,\"caption\":\"NEWSESTLYONNAIS - HEURE SUR PISTE aff.\"},{\"@type\":\"BreadcrumbList\",\"@id\":\"https:\/\/newsestlyonnais.fr\/site\/2017\/04\/12\/venissieux-lheure-sur-piste-de-lyon-en-nocturne-au-parc-de-parilly\/#breadcrumb\",\"itemListElement\":[{\"@type\":\"ListItem\",\"position\":1,\"name\":\"Accueil\",\"item\":\"https:\/\/newsestlyonnais.fr\/site\/\"},{\"@type\":\"ListItem\",\"position\":2,\"name\":\"VENISSIEUX | L\u2019Heure sur Piste de Lyon en nocturne au Parc de Parilly\"}]},{\"@type\":\"WebSite\",\"@id\":\"https:\/\/newsestlyonnais.fr\/site\/#website\",\"url\":\"https:\/\/newsestlyonnais.fr\/site\/\",\"name\":\"News Est Lyonnais\",\"description\":\"L&#039;actualit\u00e9 au plus pr\u00e8s\",\"publisher\":{\"@id\":\"https:\/\/newsestlyonnais.fr\/site\/#organization\"},\"potentialAction\":[{\"@type\":\"SearchAction\",\"target\":{\"@type\":\"EntryPoint\",\"urlTemplate\":\"https:\/\/newsestlyonnais.fr\/site\/?s={search_term_string}\"},\"query-input\":{\"@type\":\"PropertyValueSpecification\",\"valueRequired\":true,\"valueName\":\"search_term_string\"}}],\"inLanguage\":\"fr-FR\"},{\"@type\":\"Organization\",\"@id\":\"https:\/\/newsestlyonnais.fr\/site\/#organization\",\"name\":\"News EST LYONNAIS\",\"url\":\"https:\/\/newsestlyonnais.fr\/site\/\",\"logo\":{\"@type\":\"ImageObject\",\"inLanguage\":\"fr-FR\",\"@id\":\"https:\/\/newsestlyonnais.fr\/site\/#\/schema\/logo\/image\/\",\"url\":\"\",\"contentUrl\":\"\",\"caption\":\"News EST LYONNAIS\"},\"image\":{\"@id\":\"https:\/\/newsestlyonnais.fr\/site\/#\/schema\/logo\/image\/\"}},{\"@type\":\"Person\",\"@id\":\"https:\/\/newsestlyonnais.fr\/site\/#\/schema\/person\/3230d5615f390bb808365d673001e887\",\"name\":\"R\u00e9dac. NEWS\",\"sameAs\":[\"http:\/\/www.newsestlyonnais.fr\",\"https:\/\/www.facebook.com\/pascal.oberson.1?fref=ts\",\"https:\/\/fr.linkedin.com\/in\/pascal-oberson-b17045113\"],\"url\":\"https:\/\/newsestlyonnais.fr\/site\/author\/nel\/\"}]}<\/script>\n<!-- \/ Yoast SEO plugin. -->","yoast_head_json":{"title":"VENISSIEUX : L\u2019Heure sur Piste de Lyon en nocturne au Parc de Parilly","description":"VENISSIEUX : L\u2019Heure sur Piste de Lyon en nocturne au Parc de Parilly","robots":{"index":"index","follow":"follow","max-snippet":"max-snippet:-1","max-image-preview":"max-image-preview:large","max-video-preview":"max-video-preview:-1"},"canonical":"https:\/\/newsestlyonnais.fr\/site\/2017\/04\/12\/venissieux-lheure-sur-piste-de-lyon-en-nocturne-au-parc-de-parilly\/","og_locale":"fr_FR","og_type":"article","og_title":"VENISSIEUX : L\u2019Heure sur Piste de Lyon en nocturne au Parc de Parilly","og_description":"VENISSIEUX : L\u2019Heure sur Piste de Lyon en nocturne au Parc de Parilly","og_url":"https:\/\/newsestlyonnais.fr\/site\/2017\/04\/12\/venissieux-lheure-sur-piste-de-lyon-en-nocturne-au-parc-de-parilly\/","og_site_name":"News Est Lyonnais","article_author":"https:\/\/www.facebook.com\/pascal.oberson.1?fref=ts","article_published_time":"2017-04-12T06:37:12+00:00","article_modified_time":"2020-11-19T12:24:44+00:00","og_image":[{"width":1000,"height":750,"url":"https:\/\/i2.wp.com\/newsestlyonnais.fr\/site\/wp-content\/uploads\/2017\/04\/NEWSESTLYONNAIS-HEURE-SUR-PISTE-aff..jpg?fit=1000%2C750&ssl=1","type":"image\/jpeg"}],"author":"R\u00e9dac. NEWS","twitter_card":"summary_large_image","twitter_misc":{"\u00c9crit par":"R\u00e9dac. NEWS","Dur\u00e9e de lecture estim\u00e9e":"2 minutes"},"schema":{"@context":"https:\/\/schema.org","@graph":[{"@type":"Article","@id":"https:\/\/newsestlyonnais.fr\/site\/2017\/04\/12\/venissieux-lheure-sur-piste-de-lyon-en-nocturne-au-parc-de-parilly\/#article","isPartOf":{"@id":"https:\/\/newsestlyonnais.fr\/site\/2017\/04\/12\/venissieux-lheure-sur-piste-de-lyon-en-nocturne-au-parc-de-parilly\/"},"author":{"name":"R\u00e9dac. NEWS","@id":"https:\/\/newsestlyonnais.fr\/site\/#\/schema\/person\/3230d5615f390bb808365d673001e887"},"headline":"VENISSIEUX | L\u2019Heure sur Piste de Lyon en nocturne au Parc de Parilly","datePublished":"2017-04-12T06:37:12+00:00","dateModified":"2020-11-19T12:24:44+00:00","mainEntityOfPage":{"@id":"https:\/\/newsestlyonnais.fr\/site\/2017\/04\/12\/venissieux-lheure-sur-piste-de-lyon-en-nocturne-au-parc-de-parilly\/"},"wordCount":389,"commentCount":0,"publisher":{"@id":"https:\/\/newsestlyonnais.fr\/site\/#organization"},"image":{"@id":"https:\/\/newsestlyonnais.fr\/site\/2017\/04\/12\/venissieux-lheure-sur-piste-de-lyon-en-nocturne-au-parc-de-parilly\/#primaryimage"},"thumbnailUrl":"https:\/\/newsestlyonnais.fr\/site\/wp-content\/uploads\/2017\/04\/NEWSESTLYONNAIS-HEURE-SUR-PISTE-aff..jpg","articleSection":["Athl\u00e9 | Course pied | Marche","V\u00e9nissieux"],"inLanguage":"fr-FR","potentialAction":[{"@type":"CommentAction","name":"Comment","target":["https:\/\/newsestlyonnais.fr\/site\/2017\/04\/12\/venissieux-lheure-sur-piste-de-lyon-en-nocturne-au-parc-de-parilly\/#respond"]}]},{"@type":"WebPage","@id":"https:\/\/newsestlyonnais.fr\/site\/2017\/04\/12\/venissieux-lheure-sur-piste-de-lyon-en-nocturne-au-parc-de-parilly\/","url":"https:\/\/newsestlyonnais.fr\/site\/2017\/04\/12\/venissieux-lheure-sur-piste-de-lyon-en-nocturne-au-parc-de-parilly\/","name":"VENISSIEUX : L\u2019Heure sur Piste de Lyon en nocturne au Parc de Parilly","isPartOf":{"@id":"https:\/\/newsestlyonnais.fr\/site\/#website"},"primaryImageOfPage":{"@id":"https:\/\/newsestlyonnais.fr\/site\/2017\/04\/12\/venissieux-lheure-sur-piste-de-lyon-en-nocturne-au-parc-de-parilly\/#primaryimage"},"image":{"@id":"https:\/\/newsestlyonnais.fr\/site\/2017\/04\/12\/venissieux-lheure-sur-piste-de-lyon-en-nocturne-au-parc-de-parilly\/#primaryimage"},"thumbnailUrl":"https:\/\/newsestlyonnais.fr\/site\/wp-content\/uploads\/2017\/04\/NEWSESTLYONNAIS-HEURE-SUR-PISTE-aff..jpg","datePublished":"2017-04-12T06:37:12+00:00","dateModified":"2020-11-19T12:24:44+00:00","description":"VENISSIEUX : L\u2019Heure sur Piste de Lyon en nocturne au Parc de Parilly","breadcrumb":{"@id":"https:\/\/newsestlyonnais.fr\/site\/2017\/04\/12\/venissieux-lheure-sur-piste-de-lyon-en-nocturne-au-parc-de-parilly\/#breadcrumb"},"inLanguage":"fr-FR","potentialAction":[{"@type":"ReadAction","target":["https:\/\/newsestlyonnais.fr\/site\/2017\/04\/12\/venissieux-lheure-sur-piste-de-lyon-en-nocturne-au-parc-de-parilly\/"]}]},{"@type":"ImageObject","inLanguage":"fr-FR","@id":"https:\/\/newsestlyonnais.fr\/site\/2017\/04\/12\/venissieux-lheure-sur-piste-de-lyon-en-nocturne-au-parc-de-parilly\/#primaryimage","url":"https:\/\/newsestlyonnais.fr\/site\/wp-content\/uploads\/2017\/04\/NEWSESTLYONNAIS-HEURE-SUR-PISTE-aff..jpg","contentUrl":"https:\/\/newsestlyonnais.fr\/site\/wp-content\/uploads\/2017\/04\/NEWSESTLYONNAIS-HEURE-SUR-PISTE-aff..jpg","width":1000,"height":750,"caption":"NEWSESTLYONNAIS - HEURE SUR PISTE aff."},{"@type":"BreadcrumbList","@id":"https:\/\/newsestlyonnais.fr\/site\/2017\/04\/12\/venissieux-lheure-sur-piste-de-lyon-en-nocturne-au-parc-de-parilly\/#breadcrumb","itemListElement":[{"@type":"ListItem","position":1,"name":"Accueil","item":"https:\/\/newsestlyonnais.fr\/site\/"},{"@type":"ListItem","position":2,"name":"VENISSIEUX | L\u2019Heure sur Piste de Lyon en nocturne au Parc de Parilly"}]},{"@type":"WebSite","@id":"https:\/\/newsestlyonnais.fr\/site\/#website","url":"https:\/\/newsestlyonnais.fr\/site\/","name":"News Est Lyonnais","description":"L&#039;actualit\u00e9 au plus pr\u00e8s","publisher":{"@id":"https:\/\/newsestlyonnais.fr\/site\/#organization"},"potentialAction":[{"@type":"SearchAction","target":{"@type":"EntryPoint","urlTemplate":"https:\/\/newsestlyonnais.fr\/site\/?s={search_term_string}"},"query-input":{"@type":"PropertyValueSpecification","valueRequired":true,"valueName":"search_term_string"}}],"inLanguage":"fr-FR"},{"@type":"Organization","@id":"https:\/\/newsestlyonnais.fr\/site\/#organization","name":"News EST LYONNAIS","url":"https:\/\/newsestlyonnais.fr\/site\/","logo":{"@type":"ImageObject","inLanguage":"fr-FR","@id":"https:\/\/newsestlyonnais.fr\/site\/#\/schema\/logo\/image\/","url":"","contentUrl":"","caption":"News EST LYONNAIS"},"image":{"@id":"https:\/\/newsestlyonnais.fr\/site\/#\/schema\/logo\/image\/"}},{"@type":"Person","@id":"https:\/\/newsestlyonnais.fr\/site\/#\/schema\/person\/3230d5615f390bb808365d673001e887","name":"R\u00e9dac. NEWS","sameAs":["http:\/\/www.newsestlyonnais.fr","https:\/\/www.facebook.com\/pascal.oberson.1?fref=ts","https:\/\/fr.linkedin.com\/in\/pascal-oberson-b17045113"],"url":"https:\/\/newsestlyonnais.fr\/site\/author\/nel\/"}]}},"_links":{"self":[{"href":"https:\/\/newsestlyonnais.fr\/site\/wp-json\/wp\/v2\/posts\/24413","targetHints":{"allow":["GET"]}}],"collection":[{"href":"https:\/\/newsestlyonnais.fr\/site\/wp-json\/wp\/v2\/posts"}],"about":[{"href":"https:\/\/newsestlyonnais.fr\/site\/wp-json\/wp\/v2\/types\/post"}],"author":[{"embeddable":true,"href":"https:\/\/newsestlyonnais.fr\/site\/wp-json\/wp\/v2\/users\/4"}],"replies":[{"embeddable":true,"href":"https:\/\/newsestlyonnais.fr\/site\/wp-json\/wp\/v2\/comments?post=24413"}],"version-history":[{"count":0,"href":"https:\/\/newsestlyonnais.fr\/site\/wp-json\/wp\/v2\/posts\/24413\/revisions"}],"wp:featuredmedia":[{"embeddable":true,"href":"https:\/\/newsestlyonnais.fr\/site\/wp-json\/wp\/v2\/media\/24412"}],"wp:attachment":[{"href":"https:\/\/newsestlyonnais.fr\/site\/wp-json\/wp\/v2\/media?parent=24413"}],"wp:term":[{"taxonomy":"category","embeddable":true,"href":"https:\/\/newsestlyonnais.fr\/site\/wp-json\/wp\/v2\/categories?post=24413"},{"taxonomy":"post_tag","embeddable":true,"href":"https:\/\/newsestlyonnais.fr\/site\/wp-json\/wp\/v2\/tags?post=24413"}],"curies":[{"name":"wp","href":"https:\/\/api.w.org\/{rel}","templated":true}]}}