{"id":24551,"date":"2017-04-15T07:50:39","date_gmt":"2017-04-15T06:50:39","guid":{"rendered":"http:\/\/newsestlyonnais.fr\/site\/?p=24551"},"modified":"2020-11-05T12:29:14","modified_gmt":"2020-11-05T11:29:14","slug":"villeurbanne-un-titre-et-une-finaliste-pour-lasul-tennis-aux-championnats-du-rhone","status":"publish","type":"post","link":"https:\/\/newsestlyonnais.fr\/site\/2017\/04\/15\/villeurbanne-un-titre-et-une-finaliste-pour-lasul-tennis-aux-championnats-du-rhone\/","title":{"rendered":"VILLEURBANNE | Un titre et une finaliste pour l&rsquo;ASUL Tennis aux championnats du Rh\u00f4ne"},"content":{"rendered":"<h4>Lors des finales des championnats du Rh\u00f4ne M\u00e9tropole de Lyon qui se sont d\u00e9roul\u00e9es d\u00e9but avril sur les courts, l&rsquo;ASUL Tennis \u00e9tait repr\u00e9sent\u00e9e par 2 de ses membres:<\/h4>\n<ul>\n<li><em><strong>Etienne Donnet<\/strong><\/em> (class\u00e9 1\/6) qui a \u00e9t\u00e9 sacr\u00e9 champion d\u00e9partemental dans la cat\u00e9gorie 15\/16 ans apr\u00e8s avoir d\u00e9j\u00e0 remport\u00e9 cette ann\u00e9e les tournois de l&rsquo;ASUL et de Chambon sur Lignon.\n<p><figure id=\"attachment_24566\" aria-describedby=\"caption-attachment-24566\" style=\"width: 1000px\" class=\"wp-caption alignleft\"><img loading=\"lazy\" decoding=\"async\" class=\"size-full wp-image-24566\" src=\"https:\/\/newsestlyonnais.fr\/site\/medias\/2017\/04\/NEWSESTLYONNAIS-ET-DONNET.jpg\" alt=\"NEWSESTLYONNAIS - ET DONNET\" width=\"1000\" height=\"750\" srcset=\"https:\/\/newsestlyonnais.fr\/site\/wp-content\/uploads\/2017\/04\/NEWSESTLYONNAIS-ET-DONNET.jpg 1000w, https:\/\/newsestlyonnais.fr\/site\/wp-content\/uploads\/2017\/04\/NEWSESTLYONNAIS-ET-DONNET-400x300.jpg 400w, https:\/\/newsestlyonnais.fr\/site\/wp-content\/uploads\/2017\/04\/NEWSESTLYONNAIS-ET-DONNET-768x576.jpg 768w, https:\/\/newsestlyonnais.fr\/site\/wp-content\/uploads\/2017\/04\/NEWSESTLYONNAIS-ET-DONNET-600x450.jpg 600w, https:\/\/newsestlyonnais.fr\/site\/wp-content\/uploads\/2017\/04\/NEWSESTLYONNAIS-ET-DONNET-100x75.jpg 100w\" sizes=\"auto, (max-width: 1000px) 100vw, 1000px\" \/><figcaption id=\"caption-attachment-24566\" class=\"wp-caption-text\">Etienne Donnet ( \u00e0 droite sur la photo)<\/figcaption><\/figure><\/li>\n<\/ul>\n<ul>\n<li><strong>Aude Vincent<\/strong> (class\u00e9e 30), licenci\u00e9e au club depuis 2014 et finaliste du championnat du Rh\u00f4ne en 4\u00b0 s\u00e9rie apr\u00e8s avoir atteint la finale nationale avec l&rsquo;\u00e9quipe des raquettes FFT en 2016.<img loading=\"lazy\" decoding=\"async\" class=\"alignleft size-full wp-image-24556\" src=\"https:\/\/newsestlyonnais.fr\/site\/medias\/2017\/04\/AUDE-VINCENT-3.jpg\" alt=\"AUDE VINCENT 3\" width=\"191\" height=\"768\" \/><\/li>\n<\/ul>\n<div><\/div>\n<div><\/div>\n<div>\u00a0Retrouvez l&rsquo;ACTU du club sur: <a href=\"http:\/\/club.quomodo.com\/asultennisvilleurbanne\" target=\"_blank\" rel=\"noopener noreferrer\">http:\/\/club.quomodo.com\/asultennisvilleurbanne<\/a><\/div>\n","protected":false},"excerpt":{"rendered":"<p>Lors des finales des championnats du Rh\u00f4ne M\u00e9tropole de Lyon qui se sont d\u00e9roul\u00e9es d\u00e9but avril sur les courts, l&rsquo;ASUL Tennis \u00e9tait repr\u00e9sent\u00e9e par 2 de ses membres: Etienne Donnet (class\u00e9 1\/6) qui a \u00e9t\u00e9 sacr\u00e9 champion d\u00e9partemental dans la cat\u00e9gorie 15\/16 ans apr\u00e8s avoir d\u00e9j\u00e0 remport\u00e9 cette ann\u00e9e les tournois de l&rsquo;ASUL et de [&hellip;]<\/p>\n","protected":false},"author":4,"featured_media":24563,"comment_status":"open","ping_status":"open","sticky":false,"template":"","format":"standard","meta":{"footnotes":""},"categories":[2992,2991,29],"tags":[],"class_list":["post-24551","post","type-post","status-publish","format-standard","has-post-thumbnail","hentry","category-tennis-padel","category-tennis-tennis-table-sports","category-villeurbanne"],"yoast_head":"<!-- This site is optimized with the Yoast SEO plugin v27.2 - https:\/\/yoast.com\/product\/yoast-seo-wordpress\/ -->\n<title>VILLEURBANNE : Un titre et une finaliste pour l&#039;ASUL Tennis aux championnats du Rh\u00f4ne<\/title>\n<meta name=\"description\" content=\"VILLEURBANNE : Un titre et une finaliste pour l&#039;ASUL Tennis aux championnats du Rh\u00f4ne\" \/>\n<meta name=\"robots\" content=\"index, follow, max-snippet:-1, max-image-preview:large, max-video-preview:-1\" \/>\n<link rel=\"canonical\" href=\"https:\/\/newsestlyonnais.fr\/site\/2017\/04\/15\/villeurbanne-un-titre-et-une-finaliste-pour-lasul-tennis-aux-championnats-du-rhone\/\" \/>\n<meta property=\"og:locale\" content=\"fr_FR\" \/>\n<meta property=\"og:type\" content=\"article\" \/>\n<meta property=\"og:title\" content=\"VILLEURBANNE : Un titre et une finaliste pour l&#039;ASUL Tennis aux championnats du Rh\u00f4ne\" \/>\n<meta property=\"og:description\" content=\"VILLEURBANNE : Un titre et une finaliste pour l&#039;ASUL Tennis aux championnats du Rh\u00f4ne\" \/>\n<meta property=\"og:url\" content=\"https:\/\/newsestlyonnais.fr\/site\/2017\/04\/15\/villeurbanne-un-titre-et-une-finaliste-pour-lasul-tennis-aux-championnats-du-rhone\/\" \/>\n<meta property=\"og:site_name\" content=\"News Est Lyonnais\" \/>\n<meta property=\"article:author\" content=\"https:\/\/www.facebook.com\/pascal.oberson.1?fref=ts\" \/>\n<meta property=\"article:published_time\" content=\"2017-04-15T06:50:39+00:00\" \/>\n<meta property=\"article:modified_time\" content=\"2020-11-05T11:29:14+00:00\" \/>\n<meta property=\"og:image\" content=\"https:\/\/i1.wp.com\/newsestlyonnais.fr\/site\/wp-content\/uploads\/2017\/04\/NEWSESTLYONNAIS-GD-LOGO-ASUL-TENNIS.jpg?fit=1000%2C750&ssl=1\" \/>\n\t<meta property=\"og:image:width\" content=\"1000\" \/>\n\t<meta property=\"og:image:height\" content=\"750\" \/>\n\t<meta property=\"og:image:type\" content=\"image\/jpeg\" \/>\n<meta name=\"author\" content=\"R\u00e9dac. NEWS\" \/>\n<meta name=\"twitter:card\" content=\"summary_large_image\" \/>\n<meta name=\"twitter:label1\" content=\"\u00c9crit par\" \/>\n\t<meta name=\"twitter:data1\" content=\"R\u00e9dac. NEWS\" \/>\n\t<meta name=\"twitter:label2\" content=\"Dur\u00e9e de lecture estim\u00e9e\" \/>\n\t<meta name=\"twitter:data2\" content=\"1 minute\" \/>\n<script type=\"application\/ld+json\" class=\"yoast-schema-graph\">{\"@context\":\"https:\/\/schema.org\",\"@graph\":[{\"@type\":\"Article\",\"@id\":\"https:\/\/newsestlyonnais.fr\/site\/2017\/04\/15\/villeurbanne-un-titre-et-une-finaliste-pour-lasul-tennis-aux-championnats-du-rhone\/#article\",\"isPartOf\":{\"@id\":\"https:\/\/newsestlyonnais.fr\/site\/2017\/04\/15\/villeurbanne-un-titre-et-une-finaliste-pour-lasul-tennis-aux-championnats-du-rhone\/\"},\"author\":{\"name\":\"R\u00e9dac. NEWS\",\"@id\":\"https:\/\/newsestlyonnais.fr\/site\/#\/schema\/person\/3230d5615f390bb808365d673001e887\"},\"headline\":\"VILLEURBANNE | Un titre et une finaliste pour l&rsquo;ASUL Tennis aux championnats du Rh\u00f4ne\",\"datePublished\":\"2017-04-15T06:50:39+00:00\",\"dateModified\":\"2020-11-05T11:29:14+00:00\",\"mainEntityOfPage\":{\"@id\":\"https:\/\/newsestlyonnais.fr\/site\/2017\/04\/15\/villeurbanne-un-titre-et-une-finaliste-pour-lasul-tennis-aux-championnats-du-rhone\/\"},\"wordCount\":141,\"commentCount\":0,\"publisher\":{\"@id\":\"https:\/\/newsestlyonnais.fr\/site\/#organization\"},\"image\":{\"@id\":\"https:\/\/newsestlyonnais.fr\/site\/2017\/04\/15\/villeurbanne-un-titre-et-une-finaliste-pour-lasul-tennis-aux-championnats-du-rhone\/#primaryimage\"},\"thumbnailUrl\":\"https:\/\/newsestlyonnais.fr\/site\/wp-content\/uploads\/2017\/04\/NEWSESTLYONNAIS-GD-LOGO-ASUL-TENNIS.jpg\",\"articleSection\":[\"Tennis | Padel\",\"Tennis | Tennis de table\",\"Villeurbanne\"],\"inLanguage\":\"fr-FR\",\"potentialAction\":[{\"@type\":\"CommentAction\",\"name\":\"Comment\",\"target\":[\"https:\/\/newsestlyonnais.fr\/site\/2017\/04\/15\/villeurbanne-un-titre-et-une-finaliste-pour-lasul-tennis-aux-championnats-du-rhone\/#respond\"]}]},{\"@type\":\"WebPage\",\"@id\":\"https:\/\/newsestlyonnais.fr\/site\/2017\/04\/15\/villeurbanne-un-titre-et-une-finaliste-pour-lasul-tennis-aux-championnats-du-rhone\/\",\"url\":\"https:\/\/newsestlyonnais.fr\/site\/2017\/04\/15\/villeurbanne-un-titre-et-une-finaliste-pour-lasul-tennis-aux-championnats-du-rhone\/\",\"name\":\"VILLEURBANNE : Un titre et une finaliste pour l'ASUL Tennis aux championnats du Rh\u00f4ne\",\"isPartOf\":{\"@id\":\"https:\/\/newsestlyonnais.fr\/site\/#website\"},\"primaryImageOfPage\":{\"@id\":\"https:\/\/newsestlyonnais.fr\/site\/2017\/04\/15\/villeurbanne-un-titre-et-une-finaliste-pour-lasul-tennis-aux-championnats-du-rhone\/#primaryimage\"},\"image\":{\"@id\":\"https:\/\/newsestlyonnais.fr\/site\/2017\/04\/15\/villeurbanne-un-titre-et-une-finaliste-pour-lasul-tennis-aux-championnats-du-rhone\/#primaryimage\"},\"thumbnailUrl\":\"https:\/\/newsestlyonnais.fr\/site\/wp-content\/uploads\/2017\/04\/NEWSESTLYONNAIS-GD-LOGO-ASUL-TENNIS.jpg\",\"datePublished\":\"2017-04-15T06:50:39+00:00\",\"dateModified\":\"2020-11-05T11:29:14+00:00\",\"description\":\"VILLEURBANNE : Un titre et une finaliste pour l'ASUL Tennis aux championnats du Rh\u00f4ne\",\"breadcrumb\":{\"@id\":\"https:\/\/newsestlyonnais.fr\/site\/2017\/04\/15\/villeurbanne-un-titre-et-une-finaliste-pour-lasul-tennis-aux-championnats-du-rhone\/#breadcrumb\"},\"inLanguage\":\"fr-FR\",\"potentialAction\":[{\"@type\":\"ReadAction\",\"target\":[\"https:\/\/newsestlyonnais.fr\/site\/2017\/04\/15\/villeurbanne-un-titre-et-une-finaliste-pour-lasul-tennis-aux-championnats-du-rhone\/\"]}]},{\"@type\":\"ImageObject\",\"inLanguage\":\"fr-FR\",\"@id\":\"https:\/\/newsestlyonnais.fr\/site\/2017\/04\/15\/villeurbanne-un-titre-et-une-finaliste-pour-lasul-tennis-aux-championnats-du-rhone\/#primaryimage\",\"url\":\"https:\/\/newsestlyonnais.fr\/site\/wp-content\/uploads\/2017\/04\/NEWSESTLYONNAIS-GD-LOGO-ASUL-TENNIS.jpg\",\"contentUrl\":\"https:\/\/newsestlyonnais.fr\/site\/wp-content\/uploads\/2017\/04\/NEWSESTLYONNAIS-GD-LOGO-ASUL-TENNIS.jpg\",\"width\":1000,\"height\":750,\"caption\":\"NEWSESTLYONNAIS - GD LOGO ASUL TENNIS\"},{\"@type\":\"BreadcrumbList\",\"@id\":\"https:\/\/newsestlyonnais.fr\/site\/2017\/04\/15\/villeurbanne-un-titre-et-une-finaliste-pour-lasul-tennis-aux-championnats-du-rhone\/#breadcrumb\",\"itemListElement\":[{\"@type\":\"ListItem\",\"position\":1,\"name\":\"Accueil\",\"item\":\"https:\/\/newsestlyonnais.fr\/site\/\"},{\"@type\":\"ListItem\",\"position\":2,\"name\":\"VILLEURBANNE | Un titre et une finaliste pour l&rsquo;ASUL Tennis aux championnats du Rh\u00f4ne\"}]},{\"@type\":\"WebSite\",\"@id\":\"https:\/\/newsestlyonnais.fr\/site\/#website\",\"url\":\"https:\/\/newsestlyonnais.fr\/site\/\",\"name\":\"News Est Lyonnais\",\"description\":\"L&#039;actualit\u00e9 au plus pr\u00e8s\",\"publisher\":{\"@id\":\"https:\/\/newsestlyonnais.fr\/site\/#organization\"},\"potentialAction\":[{\"@type\":\"SearchAction\",\"target\":{\"@type\":\"EntryPoint\",\"urlTemplate\":\"https:\/\/newsestlyonnais.fr\/site\/?s={search_term_string}\"},\"query-input\":{\"@type\":\"PropertyValueSpecification\",\"valueRequired\":true,\"valueName\":\"search_term_string\"}}],\"inLanguage\":\"fr-FR\"},{\"@type\":\"Organization\",\"@id\":\"https:\/\/newsestlyonnais.fr\/site\/#organization\",\"name\":\"News EST LYONNAIS\",\"url\":\"https:\/\/newsestlyonnais.fr\/site\/\",\"logo\":{\"@type\":\"ImageObject\",\"inLanguage\":\"fr-FR\",\"@id\":\"https:\/\/newsestlyonnais.fr\/site\/#\/schema\/logo\/image\/\",\"url\":\"\",\"contentUrl\":\"\",\"caption\":\"News EST LYONNAIS\"},\"image\":{\"@id\":\"https:\/\/newsestlyonnais.fr\/site\/#\/schema\/logo\/image\/\"}},{\"@type\":\"Person\",\"@id\":\"https:\/\/newsestlyonnais.fr\/site\/#\/schema\/person\/3230d5615f390bb808365d673001e887\",\"name\":\"R\u00e9dac. NEWS\",\"sameAs\":[\"http:\/\/www.newsestlyonnais.fr\",\"https:\/\/www.facebook.com\/pascal.oberson.1?fref=ts\",\"https:\/\/fr.linkedin.com\/in\/pascal-oberson-b17045113\"],\"url\":\"https:\/\/newsestlyonnais.fr\/site\/author\/nel\/\"}]}<\/script>\n<!-- \/ Yoast SEO plugin. -->","yoast_head_json":{"title":"VILLEURBANNE : Un titre et une finaliste pour l'ASUL Tennis aux championnats du Rh\u00f4ne","description":"VILLEURBANNE : Un titre et une finaliste pour l'ASUL Tennis aux championnats du Rh\u00f4ne","robots":{"index":"index","follow":"follow","max-snippet":"max-snippet:-1","max-image-preview":"max-image-preview:large","max-video-preview":"max-video-preview:-1"},"canonical":"https:\/\/newsestlyonnais.fr\/site\/2017\/04\/15\/villeurbanne-un-titre-et-une-finaliste-pour-lasul-tennis-aux-championnats-du-rhone\/","og_locale":"fr_FR","og_type":"article","og_title":"VILLEURBANNE : Un titre et une finaliste pour l'ASUL Tennis aux championnats du Rh\u00f4ne","og_description":"VILLEURBANNE : Un titre et une finaliste pour l'ASUL Tennis aux championnats du Rh\u00f4ne","og_url":"https:\/\/newsestlyonnais.fr\/site\/2017\/04\/15\/villeurbanne-un-titre-et-une-finaliste-pour-lasul-tennis-aux-championnats-du-rhone\/","og_site_name":"News Est Lyonnais","article_author":"https:\/\/www.facebook.com\/pascal.oberson.1?fref=ts","article_published_time":"2017-04-15T06:50:39+00:00","article_modified_time":"2020-11-05T11:29:14+00:00","og_image":[{"width":1000,"height":750,"url":"https:\/\/i1.wp.com\/newsestlyonnais.fr\/site\/wp-content\/uploads\/2017\/04\/NEWSESTLYONNAIS-GD-LOGO-ASUL-TENNIS.jpg?fit=1000%2C750&ssl=1","type":"image\/jpeg"}],"author":"R\u00e9dac. NEWS","twitter_card":"summary_large_image","twitter_misc":{"\u00c9crit par":"R\u00e9dac. NEWS","Dur\u00e9e de lecture estim\u00e9e":"1 minute"},"schema":{"@context":"https:\/\/schema.org","@graph":[{"@type":"Article","@id":"https:\/\/newsestlyonnais.fr\/site\/2017\/04\/15\/villeurbanne-un-titre-et-une-finaliste-pour-lasul-tennis-aux-championnats-du-rhone\/#article","isPartOf":{"@id":"https:\/\/newsestlyonnais.fr\/site\/2017\/04\/15\/villeurbanne-un-titre-et-une-finaliste-pour-lasul-tennis-aux-championnats-du-rhone\/"},"author":{"name":"R\u00e9dac. NEWS","@id":"https:\/\/newsestlyonnais.fr\/site\/#\/schema\/person\/3230d5615f390bb808365d673001e887"},"headline":"VILLEURBANNE | Un titre et une finaliste pour l&rsquo;ASUL Tennis aux championnats du Rh\u00f4ne","datePublished":"2017-04-15T06:50:39+00:00","dateModified":"2020-11-05T11:29:14+00:00","mainEntityOfPage":{"@id":"https:\/\/newsestlyonnais.fr\/site\/2017\/04\/15\/villeurbanne-un-titre-et-une-finaliste-pour-lasul-tennis-aux-championnats-du-rhone\/"},"wordCount":141,"commentCount":0,"publisher":{"@id":"https:\/\/newsestlyonnais.fr\/site\/#organization"},"image":{"@id":"https:\/\/newsestlyonnais.fr\/site\/2017\/04\/15\/villeurbanne-un-titre-et-une-finaliste-pour-lasul-tennis-aux-championnats-du-rhone\/#primaryimage"},"thumbnailUrl":"https:\/\/newsestlyonnais.fr\/site\/wp-content\/uploads\/2017\/04\/NEWSESTLYONNAIS-GD-LOGO-ASUL-TENNIS.jpg","articleSection":["Tennis | Padel","Tennis | Tennis de table","Villeurbanne"],"inLanguage":"fr-FR","potentialAction":[{"@type":"CommentAction","name":"Comment","target":["https:\/\/newsestlyonnais.fr\/site\/2017\/04\/15\/villeurbanne-un-titre-et-une-finaliste-pour-lasul-tennis-aux-championnats-du-rhone\/#respond"]}]},{"@type":"WebPage","@id":"https:\/\/newsestlyonnais.fr\/site\/2017\/04\/15\/villeurbanne-un-titre-et-une-finaliste-pour-lasul-tennis-aux-championnats-du-rhone\/","url":"https:\/\/newsestlyonnais.fr\/site\/2017\/04\/15\/villeurbanne-un-titre-et-une-finaliste-pour-lasul-tennis-aux-championnats-du-rhone\/","name":"VILLEURBANNE : Un titre et une finaliste pour l'ASUL Tennis aux championnats du Rh\u00f4ne","isPartOf":{"@id":"https:\/\/newsestlyonnais.fr\/site\/#website"},"primaryImageOfPage":{"@id":"https:\/\/newsestlyonnais.fr\/site\/2017\/04\/15\/villeurbanne-un-titre-et-une-finaliste-pour-lasul-tennis-aux-championnats-du-rhone\/#primaryimage"},"image":{"@id":"https:\/\/newsestlyonnais.fr\/site\/2017\/04\/15\/villeurbanne-un-titre-et-une-finaliste-pour-lasul-tennis-aux-championnats-du-rhone\/#primaryimage"},"thumbnailUrl":"https:\/\/newsestlyonnais.fr\/site\/wp-content\/uploads\/2017\/04\/NEWSESTLYONNAIS-GD-LOGO-ASUL-TENNIS.jpg","datePublished":"2017-04-15T06:50:39+00:00","dateModified":"2020-11-05T11:29:14+00:00","description":"VILLEURBANNE : Un titre et une finaliste pour l'ASUL Tennis aux championnats du Rh\u00f4ne","breadcrumb":{"@id":"https:\/\/newsestlyonnais.fr\/site\/2017\/04\/15\/villeurbanne-un-titre-et-une-finaliste-pour-lasul-tennis-aux-championnats-du-rhone\/#breadcrumb"},"inLanguage":"fr-FR","potentialAction":[{"@type":"ReadAction","target":["https:\/\/newsestlyonnais.fr\/site\/2017\/04\/15\/villeurbanne-un-titre-et-une-finaliste-pour-lasul-tennis-aux-championnats-du-rhone\/"]}]},{"@type":"ImageObject","inLanguage":"fr-FR","@id":"https:\/\/newsestlyonnais.fr\/site\/2017\/04\/15\/villeurbanne-un-titre-et-une-finaliste-pour-lasul-tennis-aux-championnats-du-rhone\/#primaryimage","url":"https:\/\/newsestlyonnais.fr\/site\/wp-content\/uploads\/2017\/04\/NEWSESTLYONNAIS-GD-LOGO-ASUL-TENNIS.jpg","contentUrl":"https:\/\/newsestlyonnais.fr\/site\/wp-content\/uploads\/2017\/04\/NEWSESTLYONNAIS-GD-LOGO-ASUL-TENNIS.jpg","width":1000,"height":750,"caption":"NEWSESTLYONNAIS - GD LOGO ASUL TENNIS"},{"@type":"BreadcrumbList","@id":"https:\/\/newsestlyonnais.fr\/site\/2017\/04\/15\/villeurbanne-un-titre-et-une-finaliste-pour-lasul-tennis-aux-championnats-du-rhone\/#breadcrumb","itemListElement":[{"@type":"ListItem","position":1,"name":"Accueil","item":"https:\/\/newsestlyonnais.fr\/site\/"},{"@type":"ListItem","position":2,"name":"VILLEURBANNE | Un titre et une finaliste pour l&rsquo;ASUL Tennis aux championnats du Rh\u00f4ne"}]},{"@type":"WebSite","@id":"https:\/\/newsestlyonnais.fr\/site\/#website","url":"https:\/\/newsestlyonnais.fr\/site\/","name":"News Est Lyonnais","description":"L&#039;actualit\u00e9 au plus pr\u00e8s","publisher":{"@id":"https:\/\/newsestlyonnais.fr\/site\/#organization"},"potentialAction":[{"@type":"SearchAction","target":{"@type":"EntryPoint","urlTemplate":"https:\/\/newsestlyonnais.fr\/site\/?s={search_term_string}"},"query-input":{"@type":"PropertyValueSpecification","valueRequired":true,"valueName":"search_term_string"}}],"inLanguage":"fr-FR"},{"@type":"Organization","@id":"https:\/\/newsestlyonnais.fr\/site\/#organization","name":"News EST LYONNAIS","url":"https:\/\/newsestlyonnais.fr\/site\/","logo":{"@type":"ImageObject","inLanguage":"fr-FR","@id":"https:\/\/newsestlyonnais.fr\/site\/#\/schema\/logo\/image\/","url":"","contentUrl":"","caption":"News EST LYONNAIS"},"image":{"@id":"https:\/\/newsestlyonnais.fr\/site\/#\/schema\/logo\/image\/"}},{"@type":"Person","@id":"https:\/\/newsestlyonnais.fr\/site\/#\/schema\/person\/3230d5615f390bb808365d673001e887","name":"R\u00e9dac. NEWS","sameAs":["http:\/\/www.newsestlyonnais.fr","https:\/\/www.facebook.com\/pascal.oberson.1?fref=ts","https:\/\/fr.linkedin.com\/in\/pascal-oberson-b17045113"],"url":"https:\/\/newsestlyonnais.fr\/site\/author\/nel\/"}]}},"_links":{"self":[{"href":"https:\/\/newsestlyonnais.fr\/site\/wp-json\/wp\/v2\/posts\/24551","targetHints":{"allow":["GET"]}}],"collection":[{"href":"https:\/\/newsestlyonnais.fr\/site\/wp-json\/wp\/v2\/posts"}],"about":[{"href":"https:\/\/newsestlyonnais.fr\/site\/wp-json\/wp\/v2\/types\/post"}],"author":[{"embeddable":true,"href":"https:\/\/newsestlyonnais.fr\/site\/wp-json\/wp\/v2\/users\/4"}],"replies":[{"embeddable":true,"href":"https:\/\/newsestlyonnais.fr\/site\/wp-json\/wp\/v2\/comments?post=24551"}],"version-history":[{"count":0,"href":"https:\/\/newsestlyonnais.fr\/site\/wp-json\/wp\/v2\/posts\/24551\/revisions"}],"wp:featuredmedia":[{"embeddable":true,"href":"https:\/\/newsestlyonnais.fr\/site\/wp-json\/wp\/v2\/media\/24563"}],"wp:attachment":[{"href":"https:\/\/newsestlyonnais.fr\/site\/wp-json\/wp\/v2\/media?parent=24551"}],"wp:term":[{"taxonomy":"category","embeddable":true,"href":"https:\/\/newsestlyonnais.fr\/site\/wp-json\/wp\/v2\/categories?post=24551"},{"taxonomy":"post_tag","embeddable":true,"href":"https:\/\/newsestlyonnais.fr\/site\/wp-json\/wp\/v2\/tags?post=24551"}],"curies":[{"name":"wp","href":"https:\/\/api.w.org\/{rel}","templated":true}]}}