{"id":24568,"date":"2017-04-15T08:08:54","date_gmt":"2017-04-15T07:08:54","guid":{"rendered":"http:\/\/newsestlyonnais.fr\/site\/?p=24568"},"modified":"2020-11-19T12:40:33","modified_gmt":"2020-11-19T11:40:33","slug":"lyon-8-les-evenements-prevus-pour-la-semaine-16","status":"publish","type":"post","link":"https:\/\/newsestlyonnais.fr\/site\/2017\/04\/15\/lyon-8-les-evenements-prevus-pour-la-semaine-16\/","title":{"rendered":"LYON 8 | Les \u00e9v\u00e8nements pr\u00e9vus pour la semaine 16"},"content":{"rendered":"<h4>D\u00e9couvrez l\u2019agenda des manifestations et \u00e9v\u00e9nements qui se d\u00e9rouleront dans le 8\u00b0 arrondissement pour la semaine \u00e0 venir:<\/h4>\n<ul>\n<li><strong>Mardi 18 avril \u00e0 19 h<\/strong>: <span style=\"text-decoration: underline\">Conf\u00e9rence-d\u00e9bat \u00ab Le revenu inconditionnel \u00bb<\/span> par Rezo l\u2019Agora, avec B. Mylondo, enseignant en \u00e9conomie; (REZO 1901, 16 rue Beno\u00eet Bernard).<\/li>\n<li><strong>Mercredi 19 avril \u00e0 14 h 30<\/strong>: <span style=\"text-decoration: underline\">Apr\u00e8s-midi autour de la pomme<\/span>. Pour les s\u00e9niors du 8\u00b0 et les autres ! (Espace citoyen, 12 avenue Jean Mermoz).<\/li>\n<li><strong>Vendredi 21avril<\/strong> : <span style=\"text-decoration: underline\">Ouverture du Festival Les Intergalactiques<\/span>. Festival de science-fiction de Lyon : cin\u00e9ma, litt\u00e9ratures et sciences. Plus d\u2019infos sur:\u00a0\u00a0<a href=\"http:\/\/www.intergalactiques.net\" target=\"_blank\" rel=\"noopener noreferrer\">http:\/\/www.intergalactiques.net<\/a> (MJC Monplaisir)<\/li>\n<\/ul>\n<p><span style=\"text-decoration: underline\"><strong><em>AUTRES EVENEMENTS A VENIR<\/em><\/strong><\/span>:<\/p>\n<ul>\n<li>30 avril \u2013 Vide grenier du geek<\/li>\n<li>6 mai \u2013 March\u00e9 aux Fleurs du Bachut<\/li>\n<li>6 mai \u2013 F\u00eate populaire et citoyenne La\u00ebnnec-Mermoz<\/li>\n<li>11 mai \u2013 Coups de c\u0153ur de l\u2019\u00e9co du 8\u00e8me<\/li>\n<li>13 mai \u2013 Chat Pitre 8<\/li>\n<li>14 mai \u2013 Mon jardin de rue, Monplaisir<\/li>\n<\/ul>\n<h4>Retrouvez l&rsquo;ACTU de l&rsquo;arrondissement sur: <a href=\"http:\/\/www.mairie8.lyon.fr\/page\/accueil_8.html\" target=\"_blank\" rel=\"noopener noreferrer\">http:\/\/www.mairie8.lyon.fr\/page\/accueil_8.html<\/a><\/h4>\n","protected":false},"excerpt":{"rendered":"<p>D\u00e9couvrez l\u2019agenda des manifestations et \u00e9v\u00e9nements qui se d\u00e9rouleront dans le 8\u00b0 arrondissement pour la semaine \u00e0 venir: Mardi 18 avril \u00e0 19 h: Conf\u00e9rence-d\u00e9bat \u00ab Le revenu inconditionnel \u00bb par Rezo l\u2019Agora, avec B. Mylondo, enseignant en \u00e9conomie; (REZO 1901, 16 rue Beno\u00eet Bernard). Mercredi 19 avril \u00e0 14 h 30: Apr\u00e8s-midi autour de [&hellip;]<\/p>\n","protected":false},"author":4,"featured_media":19917,"comment_status":"open","ping_status":"open","sticky":false,"template":"","format":"standard","meta":{"footnotes":""},"categories":[1625],"tags":[],"class_list":["post-24568","post","type-post","status-publish","format-standard","has-post-thumbnail","hentry","category-lyon"],"yoast_head":"<!-- This site is optimized with the Yoast SEO plugin v27.2 - https:\/\/yoast.com\/product\/yoast-seo-wordpress\/ -->\n<title>LYON 8\u00b0 : Les \u00e9v\u00e8nements pr\u00e9vus pour la semaine 16<\/title>\n<meta name=\"description\" content=\"LYON 8\u00b0 : Les \u00e9v\u00e8nements pr\u00e9vus pour la semaine 16\" \/>\n<meta name=\"robots\" content=\"index, follow, max-snippet:-1, max-image-preview:large, max-video-preview:-1\" \/>\n<link rel=\"canonical\" href=\"https:\/\/newsestlyonnais.fr\/site\/2017\/04\/15\/lyon-8-les-evenements-prevus-pour-la-semaine-16\/\" \/>\n<meta property=\"og:locale\" content=\"fr_FR\" \/>\n<meta property=\"og:type\" content=\"article\" \/>\n<meta property=\"og:title\" content=\"LYON 8\u00b0 : Les \u00e9v\u00e8nements pr\u00e9vus pour la semaine 16\" \/>\n<meta property=\"og:description\" content=\"LYON 8\u00b0 : Les \u00e9v\u00e8nements pr\u00e9vus pour la semaine 16\" \/>\n<meta property=\"og:url\" content=\"https:\/\/newsestlyonnais.fr\/site\/2017\/04\/15\/lyon-8-les-evenements-prevus-pour-la-semaine-16\/\" \/>\n<meta property=\"og:site_name\" content=\"News Est Lyonnais\" \/>\n<meta property=\"article:author\" content=\"https:\/\/www.facebook.com\/pascal.oberson.1?fref=ts\" \/>\n<meta property=\"article:published_time\" content=\"2017-04-15T07:08:54+00:00\" \/>\n<meta property=\"article:modified_time\" content=\"2020-11-19T11:40:33+00:00\" \/>\n<meta property=\"og:image\" content=\"https:\/\/i2.wp.com\/newsestlyonnais.fr\/site\/wp-content\/uploads\/2017\/01\/NEWSESTLYONNAIS-LOGO-LYON-8\u00b0.png?fit=1000%2C750&ssl=1\" \/>\n\t<meta property=\"og:image:width\" content=\"1000\" \/>\n\t<meta property=\"og:image:height\" content=\"750\" \/>\n\t<meta property=\"og:image:type\" content=\"image\/png\" \/>\n<meta name=\"author\" content=\"R\u00e9dac. NEWS\" \/>\n<meta name=\"twitter:card\" content=\"summary_large_image\" \/>\n<meta name=\"twitter:label1\" content=\"\u00c9crit par\" \/>\n\t<meta name=\"twitter:data1\" content=\"R\u00e9dac. NEWS\" \/>\n\t<meta name=\"twitter:label2\" content=\"Dur\u00e9e de lecture estim\u00e9e\" \/>\n\t<meta name=\"twitter:data2\" content=\"1 minute\" \/>\n<script type=\"application\/ld+json\" class=\"yoast-schema-graph\">{\"@context\":\"https:\/\/schema.org\",\"@graph\":[{\"@type\":\"Article\",\"@id\":\"https:\/\/newsestlyonnais.fr\/site\/2017\/04\/15\/lyon-8-les-evenements-prevus-pour-la-semaine-16\/#article\",\"isPartOf\":{\"@id\":\"https:\/\/newsestlyonnais.fr\/site\/2017\/04\/15\/lyon-8-les-evenements-prevus-pour-la-semaine-16\/\"},\"author\":{\"name\":\"R\u00e9dac. NEWS\",\"@id\":\"https:\/\/newsestlyonnais.fr\/site\/#\/schema\/person\/3230d5615f390bb808365d673001e887\"},\"headline\":\"LYON 8 | Les \u00e9v\u00e8nements pr\u00e9vus pour la semaine 16\",\"datePublished\":\"2017-04-15T07:08:54+00:00\",\"dateModified\":\"2020-11-19T11:40:33+00:00\",\"mainEntityOfPage\":{\"@id\":\"https:\/\/newsestlyonnais.fr\/site\/2017\/04\/15\/lyon-8-les-evenements-prevus-pour-la-semaine-16\/\"},\"wordCount\":160,\"commentCount\":0,\"publisher\":{\"@id\":\"https:\/\/newsestlyonnais.fr\/site\/#organization\"},\"image\":{\"@id\":\"https:\/\/newsestlyonnais.fr\/site\/2017\/04\/15\/lyon-8-les-evenements-prevus-pour-la-semaine-16\/#primaryimage\"},\"thumbnailUrl\":\"https:\/\/newsestlyonnais.fr\/site\/wp-content\/uploads\/2017\/01\/NEWSESTLYONNAIS-LOGO-LYON-8\u00b0.png\",\"articleSection\":[\"Lyon\"],\"inLanguage\":\"fr-FR\",\"potentialAction\":[{\"@type\":\"CommentAction\",\"name\":\"Comment\",\"target\":[\"https:\/\/newsestlyonnais.fr\/site\/2017\/04\/15\/lyon-8-les-evenements-prevus-pour-la-semaine-16\/#respond\"]}]},{\"@type\":\"WebPage\",\"@id\":\"https:\/\/newsestlyonnais.fr\/site\/2017\/04\/15\/lyon-8-les-evenements-prevus-pour-la-semaine-16\/\",\"url\":\"https:\/\/newsestlyonnais.fr\/site\/2017\/04\/15\/lyon-8-les-evenements-prevus-pour-la-semaine-16\/\",\"name\":\"LYON 8\u00b0 : Les \u00e9v\u00e8nements pr\u00e9vus pour la semaine 16\",\"isPartOf\":{\"@id\":\"https:\/\/newsestlyonnais.fr\/site\/#website\"},\"primaryImageOfPage\":{\"@id\":\"https:\/\/newsestlyonnais.fr\/site\/2017\/04\/15\/lyon-8-les-evenements-prevus-pour-la-semaine-16\/#primaryimage\"},\"image\":{\"@id\":\"https:\/\/newsestlyonnais.fr\/site\/2017\/04\/15\/lyon-8-les-evenements-prevus-pour-la-semaine-16\/#primaryimage\"},\"thumbnailUrl\":\"https:\/\/newsestlyonnais.fr\/site\/wp-content\/uploads\/2017\/01\/NEWSESTLYONNAIS-LOGO-LYON-8\u00b0.png\",\"datePublished\":\"2017-04-15T07:08:54+00:00\",\"dateModified\":\"2020-11-19T11:40:33+00:00\",\"description\":\"LYON 8\u00b0 : Les \u00e9v\u00e8nements pr\u00e9vus pour la semaine 16\",\"breadcrumb\":{\"@id\":\"https:\/\/newsestlyonnais.fr\/site\/2017\/04\/15\/lyon-8-les-evenements-prevus-pour-la-semaine-16\/#breadcrumb\"},\"inLanguage\":\"fr-FR\",\"potentialAction\":[{\"@type\":\"ReadAction\",\"target\":[\"https:\/\/newsestlyonnais.fr\/site\/2017\/04\/15\/lyon-8-les-evenements-prevus-pour-la-semaine-16\/\"]}]},{\"@type\":\"ImageObject\",\"inLanguage\":\"fr-FR\",\"@id\":\"https:\/\/newsestlyonnais.fr\/site\/2017\/04\/15\/lyon-8-les-evenements-prevus-pour-la-semaine-16\/#primaryimage\",\"url\":\"https:\/\/newsestlyonnais.fr\/site\/wp-content\/uploads\/2017\/01\/NEWSESTLYONNAIS-LOGO-LYON-8\u00b0.png\",\"contentUrl\":\"https:\/\/newsestlyonnais.fr\/site\/wp-content\/uploads\/2017\/01\/NEWSESTLYONNAIS-LOGO-LYON-8\u00b0.png\",\"width\":1000,\"height\":750,\"caption\":\"NEWSESTLYONNAIS - LOGO LYON 8\u00b0\"},{\"@type\":\"BreadcrumbList\",\"@id\":\"https:\/\/newsestlyonnais.fr\/site\/2017\/04\/15\/lyon-8-les-evenements-prevus-pour-la-semaine-16\/#breadcrumb\",\"itemListElement\":[{\"@type\":\"ListItem\",\"position\":1,\"name\":\"Accueil\",\"item\":\"https:\/\/newsestlyonnais.fr\/site\/\"},{\"@type\":\"ListItem\",\"position\":2,\"name\":\"LYON 8 | Les \u00e9v\u00e8nements pr\u00e9vus pour la semaine 16\"}]},{\"@type\":\"WebSite\",\"@id\":\"https:\/\/newsestlyonnais.fr\/site\/#website\",\"url\":\"https:\/\/newsestlyonnais.fr\/site\/\",\"name\":\"News Est Lyonnais\",\"description\":\"L&#039;actualit\u00e9 au plus pr\u00e8s\",\"publisher\":{\"@id\":\"https:\/\/newsestlyonnais.fr\/site\/#organization\"},\"potentialAction\":[{\"@type\":\"SearchAction\",\"target\":{\"@type\":\"EntryPoint\",\"urlTemplate\":\"https:\/\/newsestlyonnais.fr\/site\/?s={search_term_string}\"},\"query-input\":{\"@type\":\"PropertyValueSpecification\",\"valueRequired\":true,\"valueName\":\"search_term_string\"}}],\"inLanguage\":\"fr-FR\"},{\"@type\":\"Organization\",\"@id\":\"https:\/\/newsestlyonnais.fr\/site\/#organization\",\"name\":\"News EST LYONNAIS\",\"url\":\"https:\/\/newsestlyonnais.fr\/site\/\",\"logo\":{\"@type\":\"ImageObject\",\"inLanguage\":\"fr-FR\",\"@id\":\"https:\/\/newsestlyonnais.fr\/site\/#\/schema\/logo\/image\/\",\"url\":\"\",\"contentUrl\":\"\",\"caption\":\"News EST LYONNAIS\"},\"image\":{\"@id\":\"https:\/\/newsestlyonnais.fr\/site\/#\/schema\/logo\/image\/\"}},{\"@type\":\"Person\",\"@id\":\"https:\/\/newsestlyonnais.fr\/site\/#\/schema\/person\/3230d5615f390bb808365d673001e887\",\"name\":\"R\u00e9dac. NEWS\",\"sameAs\":[\"http:\/\/www.newsestlyonnais.fr\",\"https:\/\/www.facebook.com\/pascal.oberson.1?fref=ts\",\"https:\/\/fr.linkedin.com\/in\/pascal-oberson-b17045113\"],\"url\":\"https:\/\/newsestlyonnais.fr\/site\/author\/nel\/\"}]}<\/script>\n<!-- \/ Yoast SEO plugin. -->","yoast_head_json":{"title":"LYON 8\u00b0 : Les \u00e9v\u00e8nements pr\u00e9vus pour la semaine 16","description":"LYON 8\u00b0 : Les \u00e9v\u00e8nements pr\u00e9vus pour la semaine 16","robots":{"index":"index","follow":"follow","max-snippet":"max-snippet:-1","max-image-preview":"max-image-preview:large","max-video-preview":"max-video-preview:-1"},"canonical":"https:\/\/newsestlyonnais.fr\/site\/2017\/04\/15\/lyon-8-les-evenements-prevus-pour-la-semaine-16\/","og_locale":"fr_FR","og_type":"article","og_title":"LYON 8\u00b0 : Les \u00e9v\u00e8nements pr\u00e9vus pour la semaine 16","og_description":"LYON 8\u00b0 : Les \u00e9v\u00e8nements pr\u00e9vus pour la semaine 16","og_url":"https:\/\/newsestlyonnais.fr\/site\/2017\/04\/15\/lyon-8-les-evenements-prevus-pour-la-semaine-16\/","og_site_name":"News Est Lyonnais","article_author":"https:\/\/www.facebook.com\/pascal.oberson.1?fref=ts","article_published_time":"2017-04-15T07:08:54+00:00","article_modified_time":"2020-11-19T11:40:33+00:00","og_image":[{"width":1000,"height":750,"url":"https:\/\/i2.wp.com\/newsestlyonnais.fr\/site\/wp-content\/uploads\/2017\/01\/NEWSESTLYONNAIS-LOGO-LYON-8\u00b0.png?fit=1000%2C750&ssl=1","type":"image\/png"}],"author":"R\u00e9dac. NEWS","twitter_card":"summary_large_image","twitter_misc":{"\u00c9crit par":"R\u00e9dac. NEWS","Dur\u00e9e de lecture estim\u00e9e":"1 minute"},"schema":{"@context":"https:\/\/schema.org","@graph":[{"@type":"Article","@id":"https:\/\/newsestlyonnais.fr\/site\/2017\/04\/15\/lyon-8-les-evenements-prevus-pour-la-semaine-16\/#article","isPartOf":{"@id":"https:\/\/newsestlyonnais.fr\/site\/2017\/04\/15\/lyon-8-les-evenements-prevus-pour-la-semaine-16\/"},"author":{"name":"R\u00e9dac. NEWS","@id":"https:\/\/newsestlyonnais.fr\/site\/#\/schema\/person\/3230d5615f390bb808365d673001e887"},"headline":"LYON 8 | Les \u00e9v\u00e8nements pr\u00e9vus pour la semaine 16","datePublished":"2017-04-15T07:08:54+00:00","dateModified":"2020-11-19T11:40:33+00:00","mainEntityOfPage":{"@id":"https:\/\/newsestlyonnais.fr\/site\/2017\/04\/15\/lyon-8-les-evenements-prevus-pour-la-semaine-16\/"},"wordCount":160,"commentCount":0,"publisher":{"@id":"https:\/\/newsestlyonnais.fr\/site\/#organization"},"image":{"@id":"https:\/\/newsestlyonnais.fr\/site\/2017\/04\/15\/lyon-8-les-evenements-prevus-pour-la-semaine-16\/#primaryimage"},"thumbnailUrl":"https:\/\/newsestlyonnais.fr\/site\/wp-content\/uploads\/2017\/01\/NEWSESTLYONNAIS-LOGO-LYON-8\u00b0.png","articleSection":["Lyon"],"inLanguage":"fr-FR","potentialAction":[{"@type":"CommentAction","name":"Comment","target":["https:\/\/newsestlyonnais.fr\/site\/2017\/04\/15\/lyon-8-les-evenements-prevus-pour-la-semaine-16\/#respond"]}]},{"@type":"WebPage","@id":"https:\/\/newsestlyonnais.fr\/site\/2017\/04\/15\/lyon-8-les-evenements-prevus-pour-la-semaine-16\/","url":"https:\/\/newsestlyonnais.fr\/site\/2017\/04\/15\/lyon-8-les-evenements-prevus-pour-la-semaine-16\/","name":"LYON 8\u00b0 : Les \u00e9v\u00e8nements pr\u00e9vus pour la semaine 16","isPartOf":{"@id":"https:\/\/newsestlyonnais.fr\/site\/#website"},"primaryImageOfPage":{"@id":"https:\/\/newsestlyonnais.fr\/site\/2017\/04\/15\/lyon-8-les-evenements-prevus-pour-la-semaine-16\/#primaryimage"},"image":{"@id":"https:\/\/newsestlyonnais.fr\/site\/2017\/04\/15\/lyon-8-les-evenements-prevus-pour-la-semaine-16\/#primaryimage"},"thumbnailUrl":"https:\/\/newsestlyonnais.fr\/site\/wp-content\/uploads\/2017\/01\/NEWSESTLYONNAIS-LOGO-LYON-8\u00b0.png","datePublished":"2017-04-15T07:08:54+00:00","dateModified":"2020-11-19T11:40:33+00:00","description":"LYON 8\u00b0 : Les \u00e9v\u00e8nements pr\u00e9vus pour la semaine 16","breadcrumb":{"@id":"https:\/\/newsestlyonnais.fr\/site\/2017\/04\/15\/lyon-8-les-evenements-prevus-pour-la-semaine-16\/#breadcrumb"},"inLanguage":"fr-FR","potentialAction":[{"@type":"ReadAction","target":["https:\/\/newsestlyonnais.fr\/site\/2017\/04\/15\/lyon-8-les-evenements-prevus-pour-la-semaine-16\/"]}]},{"@type":"ImageObject","inLanguage":"fr-FR","@id":"https:\/\/newsestlyonnais.fr\/site\/2017\/04\/15\/lyon-8-les-evenements-prevus-pour-la-semaine-16\/#primaryimage","url":"https:\/\/newsestlyonnais.fr\/site\/wp-content\/uploads\/2017\/01\/NEWSESTLYONNAIS-LOGO-LYON-8\u00b0.png","contentUrl":"https:\/\/newsestlyonnais.fr\/site\/wp-content\/uploads\/2017\/01\/NEWSESTLYONNAIS-LOGO-LYON-8\u00b0.png","width":1000,"height":750,"caption":"NEWSESTLYONNAIS - LOGO LYON 8\u00b0"},{"@type":"BreadcrumbList","@id":"https:\/\/newsestlyonnais.fr\/site\/2017\/04\/15\/lyon-8-les-evenements-prevus-pour-la-semaine-16\/#breadcrumb","itemListElement":[{"@type":"ListItem","position":1,"name":"Accueil","item":"https:\/\/newsestlyonnais.fr\/site\/"},{"@type":"ListItem","position":2,"name":"LYON 8 | Les \u00e9v\u00e8nements pr\u00e9vus pour la semaine 16"}]},{"@type":"WebSite","@id":"https:\/\/newsestlyonnais.fr\/site\/#website","url":"https:\/\/newsestlyonnais.fr\/site\/","name":"News Est Lyonnais","description":"L&#039;actualit\u00e9 au plus pr\u00e8s","publisher":{"@id":"https:\/\/newsestlyonnais.fr\/site\/#organization"},"potentialAction":[{"@type":"SearchAction","target":{"@type":"EntryPoint","urlTemplate":"https:\/\/newsestlyonnais.fr\/site\/?s={search_term_string}"},"query-input":{"@type":"PropertyValueSpecification","valueRequired":true,"valueName":"search_term_string"}}],"inLanguage":"fr-FR"},{"@type":"Organization","@id":"https:\/\/newsestlyonnais.fr\/site\/#organization","name":"News EST LYONNAIS","url":"https:\/\/newsestlyonnais.fr\/site\/","logo":{"@type":"ImageObject","inLanguage":"fr-FR","@id":"https:\/\/newsestlyonnais.fr\/site\/#\/schema\/logo\/image\/","url":"","contentUrl":"","caption":"News EST LYONNAIS"},"image":{"@id":"https:\/\/newsestlyonnais.fr\/site\/#\/schema\/logo\/image\/"}},{"@type":"Person","@id":"https:\/\/newsestlyonnais.fr\/site\/#\/schema\/person\/3230d5615f390bb808365d673001e887","name":"R\u00e9dac. NEWS","sameAs":["http:\/\/www.newsestlyonnais.fr","https:\/\/www.facebook.com\/pascal.oberson.1?fref=ts","https:\/\/fr.linkedin.com\/in\/pascal-oberson-b17045113"],"url":"https:\/\/newsestlyonnais.fr\/site\/author\/nel\/"}]}},"_links":{"self":[{"href":"https:\/\/newsestlyonnais.fr\/site\/wp-json\/wp\/v2\/posts\/24568","targetHints":{"allow":["GET"]}}],"collection":[{"href":"https:\/\/newsestlyonnais.fr\/site\/wp-json\/wp\/v2\/posts"}],"about":[{"href":"https:\/\/newsestlyonnais.fr\/site\/wp-json\/wp\/v2\/types\/post"}],"author":[{"embeddable":true,"href":"https:\/\/newsestlyonnais.fr\/site\/wp-json\/wp\/v2\/users\/4"}],"replies":[{"embeddable":true,"href":"https:\/\/newsestlyonnais.fr\/site\/wp-json\/wp\/v2\/comments?post=24568"}],"version-history":[{"count":0,"href":"https:\/\/newsestlyonnais.fr\/site\/wp-json\/wp\/v2\/posts\/24568\/revisions"}],"wp:featuredmedia":[{"embeddable":true,"href":"https:\/\/newsestlyonnais.fr\/site\/wp-json\/wp\/v2\/media\/19917"}],"wp:attachment":[{"href":"https:\/\/newsestlyonnais.fr\/site\/wp-json\/wp\/v2\/media?parent=24568"}],"wp:term":[{"taxonomy":"category","embeddable":true,"href":"https:\/\/newsestlyonnais.fr\/site\/wp-json\/wp\/v2\/categories?post=24568"},{"taxonomy":"post_tag","embeddable":true,"href":"https:\/\/newsestlyonnais.fr\/site\/wp-json\/wp\/v2\/tags?post=24568"}],"curies":[{"name":"wp","href":"https:\/\/api.w.org\/{rel}","templated":true}]}}