{"id":24585,"date":"2017-04-17T17:51:12","date_gmt":"2017-04-17T16:51:12","guid":{"rendered":"http:\/\/newsestlyonnais.fr\/site\/?p=24585"},"modified":"2020-11-01T19:07:57","modified_gmt":"2020-11-01T18:07:57","slug":"venissieux-record-battu-a-lheure-sur-piste-de-lyon","status":"publish","type":"post","link":"https:\/\/newsestlyonnais.fr\/site\/2017\/04\/17\/venissieux-record-battu-a-lheure-sur-piste-de-lyon\/","title":{"rendered":"VENISSIEUX | Record battu \u00e0 l&rsquo;Heure sur piste de Lyon"},"content":{"rendered":"<h4>Organis\u00e9 vendredi soir au Stade du Rh\u00f4ne de Parilly, par l&rsquo; Association Amicale des Athl\u00e8tes Lyonnais (AaAL), l&rsquo;Heure sur Piste a rassembl\u00e9 75 participants.<\/h4>\n<p>\u00ab\u00a0Nous avons souhait\u00e9 donner un nouveau souffle \u00e0 cette course qui se d\u00e9roule pour la premi\u00e8re fois en nocturne. Une\u00a0 \u00e9preuve que nous organisons depuis plus d&rsquo;une dizaine d&rsquo;ann\u00e9es et qui fut m\u00eame olympique lors des tous premiers JO\u00a0\u00bb confie Vincent Charroin, pr\u00e9sident de l&rsquo;AaAL Lyon depuis 2012.<\/p>\n<p>Une \u00e9dition 2017 o\u00f9 le record de l&rsquo;\u00e9preuve (16 km 873 par Rachid Lekhal en 2016) aura \u00e9t\u00e9 battu par les 3 premiers.<\/p>\n<p><strong><span style=\"text-decoration: underline\">Classements des 3 premiers<\/span>:<\/strong><\/p>\n<p><span style=\"text-decoration: underline\"><strong><em>HOMMES<\/em><\/strong><\/span>: 1\u00b0 <strong>J\u00e9r\u00e9my PEIXOTO<\/strong> (ASPTT Clermont) 18 km 72, 2\u00b0 Alexandre FINE (Gap Athl\u00e9) 18 km 24,\u00a0 3\u00b0 Sylvain DENIS (ASVEL) 17 km 69.<\/p>\n<p><span style=\"text-decoration: underline\"><strong>DAMES<\/strong><\/span>: 1\u00b0 <strong>Juliana CARBONEL<\/strong> (AaAl) 14 km 76, 2\u00b0 Laurie FOUQUET (ASPTT Clermont) 14 km 31, 3\u00b0 Muriel BRETTE (ASPTT Clermont) 14 km 09.<\/p>\n<h4 class=\"s-component-content s-font-heading\">&#8211; R\u00e9sultats disponibles sur: <a href=\"http:\/\/resultatshsp.strikingly.com\/\" target=\"_blank\" rel=\"noopener noreferrer\">http:\/\/resultatshsp.strikingly.com<\/a><\/h4>\n<h4 class=\"s-component-content s-font-heading\"><span style=\"text-decoration: underline\"><em>PHOTO A LA UNE<\/em><\/span>: Droits R\u00e9serv\u00e9s AaA Lyon<\/h4>\n<div id='gallery-1' class='gallery galleryid-24585 gallery-columns-3 gallery-size-thumbnail'><figure class='gallery-item'>\n\t\t\t<div class='gallery-icon landscape'>\n\t\t\t\t<a href='https:\/\/newsestlyonnais.fr\/site\/2017\/04\/17\/venissieux-record-battu-a-lheure-sur-piste-de-lyon\/newsestlyonnais-heure-vagues\/'><img loading=\"lazy\" decoding=\"async\" width=\"150\" height=\"150\" src=\"https:\/\/newsestlyonnais.fr\/site\/wp-content\/uploads\/2017\/04\/NEWSESTLYONNAIS-HEURE-VAGUES-150x150.jpg\" class=\"attachment-thumbnail size-thumbnail\" alt=\"NEWSESTLYONNAIS - HEURE VAGUES\" aria-describedby=\"gallery-1-24655\" \/><\/a>\n\t\t\t<\/div>\n\t\t\t\t<figcaption class='wp-caption-text gallery-caption' id='gallery-1-24655'>\n\t\t\t\t3 vagues de d\u00e9part ont \u00e9t\u00e9 programm\u00e9es pour cette course \n\t\t\t\t<\/figcaption><\/figure><figure class='gallery-item'>\n\t\t\t<div class='gallery-icon landscape'>\n\t\t\t\t<a href='https:\/\/newsestlyonnais.fr\/site\/2017\/04\/17\/venissieux-record-battu-a-lheure-sur-piste-de-lyon\/newsestlyonnais-heure-sur-piste\/'><img loading=\"lazy\" decoding=\"async\" width=\"150\" height=\"150\" src=\"https:\/\/newsestlyonnais.fr\/site\/wp-content\/uploads\/2017\/04\/NEWSESTLYONNAIS-HEURE-SUR-PISTE-150x150.jpg\" class=\"attachment-thumbnail size-thumbnail\" alt=\"NEWSESTLYONNAIS HEURE SUR PISTE\" aria-describedby=\"gallery-1-24653\" \/><\/a>\n\t\t\t<\/div>\n\t\t\t\t<figcaption class='wp-caption-text gallery-caption' id='gallery-1-24653'>\n\t\t\t\t75 participants pour cette \u00e9dition 2017\n\t\t\t\t<\/figcaption><\/figure><figure class='gallery-item'>\n\t\t\t<div class='gallery-icon landscape'>\n\t\t\t\t<a href='https:\/\/newsestlyonnais.fr\/site\/2017\/04\/17\/venissieux-record-battu-a-lheure-sur-piste-de-lyon\/newsestlyonnais-officiels\/'><img loading=\"lazy\" decoding=\"async\" width=\"150\" height=\"150\" src=\"https:\/\/newsestlyonnais.fr\/site\/wp-content\/uploads\/2017\/04\/NEWSESTLYONNAIS-OFFICIELS-150x150.jpg\" class=\"attachment-thumbnail size-thumbnail\" alt=\"NEWSESTLYONNAIS - OFFICIELS\" aria-describedby=\"gallery-1-24654\" \/><\/a>\n\t\t\t<\/div>\n\t\t\t\t<figcaption class='wp-caption-text gallery-caption' id='gallery-1-24654'>\n\t\t\t\tUne \u00e9quipe compl\u00e8te (1 chronom\u00e9treur, 1 starter, 1 juge-arbitre et 12 pointeurs), n\u00e9cessaire pour ce type d\u2019\u00e9preuve\n\t\t\t\t<\/figcaption><\/figure>\n\t\t<\/div>\n\n<p>&nbsp;<\/p>\n<p>&nbsp;<\/p>\n","protected":false},"excerpt":{"rendered":"<p>Organis\u00e9 vendredi soir au Stade du Rh\u00f4ne de Parilly, par l&rsquo; Association Amicale des Athl\u00e8tes Lyonnais (AaAL), l&rsquo;Heure sur Piste a rassembl\u00e9 75 participants. \u00ab\u00a0Nous avons souhait\u00e9 donner un nouveau souffle \u00e0 cette course qui se d\u00e9roule pour la premi\u00e8re fois en nocturne. Une\u00a0 \u00e9preuve que nous organisons depuis plus d&rsquo;une dizaine d&rsquo;ann\u00e9es et qui [&hellip;]<\/p>\n","protected":false},"author":4,"featured_media":24718,"comment_status":"open","ping_status":"open","sticky":false,"template":"","format":"standard","meta":{"footnotes":""},"categories":[2968,1298],"tags":[],"class_list":["post-24585","post","type-post","status-publish","format-standard","has-post-thumbnail","hentry","category-athle-course-pied-marche","category-venissieux"],"yoast_head":"<!-- This site is optimized with the Yoast SEO plugin v27.2 - https:\/\/yoast.com\/product\/yoast-seo-wordpress\/ -->\n<title>VENISSIEUX : Record battu \u00e0 l&#039;Heure sur piste de Lyon<\/title>\n<meta name=\"description\" content=\"VENISSIEUX : Record battu \u00e0 l&#039;Heure sur piste de Lyon\" \/>\n<meta name=\"robots\" content=\"index, follow, max-snippet:-1, max-image-preview:large, max-video-preview:-1\" \/>\n<link rel=\"canonical\" href=\"https:\/\/newsestlyonnais.fr\/site\/2017\/04\/17\/venissieux-record-battu-a-lheure-sur-piste-de-lyon\/\" \/>\n<meta property=\"og:locale\" content=\"fr_FR\" \/>\n<meta property=\"og:type\" content=\"article\" \/>\n<meta property=\"og:title\" content=\"VENISSIEUX : Record battu \u00e0 l&#039;Heure sur piste de Lyon\" \/>\n<meta property=\"og:description\" content=\"VENISSIEUX : Record battu \u00e0 l&#039;Heure sur piste de Lyon\" \/>\n<meta property=\"og:url\" content=\"https:\/\/newsestlyonnais.fr\/site\/2017\/04\/17\/venissieux-record-battu-a-lheure-sur-piste-de-lyon\/\" \/>\n<meta property=\"og:site_name\" content=\"News Est Lyonnais\" \/>\n<meta property=\"article:author\" content=\"https:\/\/www.facebook.com\/pascal.oberson.1?fref=ts\" \/>\n<meta property=\"article:published_time\" content=\"2017-04-17T16:51:12+00:00\" \/>\n<meta property=\"article:modified_time\" content=\"2020-11-01T18:07:57+00:00\" \/>\n<meta property=\"og:image\" content=\"https:\/\/i0.wp.com\/newsestlyonnais.fr\/site\/wp-content\/uploads\/2017\/04\/NEWSESTLYONNAIS-HEURE-SUR-PISTE-DEPART.jpg?fit=1000%2C750&ssl=1\" \/>\n\t<meta property=\"og:image:width\" content=\"1000\" \/>\n\t<meta property=\"og:image:height\" content=\"750\" \/>\n\t<meta property=\"og:image:type\" content=\"image\/jpeg\" \/>\n<meta name=\"author\" content=\"R\u00e9dac. NEWS\" \/>\n<meta name=\"twitter:card\" content=\"summary_large_image\" \/>\n<meta name=\"twitter:label1\" content=\"\u00c9crit par\" \/>\n\t<meta name=\"twitter:data1\" content=\"R\u00e9dac. NEWS\" \/>\n\t<meta name=\"twitter:label2\" content=\"Dur\u00e9e de lecture estim\u00e9e\" \/>\n\t<meta name=\"twitter:data2\" content=\"1 minute\" \/>\n<script type=\"application\/ld+json\" class=\"yoast-schema-graph\">{\"@context\":\"https:\/\/schema.org\",\"@graph\":[{\"@type\":\"Article\",\"@id\":\"https:\/\/newsestlyonnais.fr\/site\/2017\/04\/17\/venissieux-record-battu-a-lheure-sur-piste-de-lyon\/#article\",\"isPartOf\":{\"@id\":\"https:\/\/newsestlyonnais.fr\/site\/2017\/04\/17\/venissieux-record-battu-a-lheure-sur-piste-de-lyon\/\"},\"author\":{\"name\":\"R\u00e9dac. NEWS\",\"@id\":\"https:\/\/newsestlyonnais.fr\/site\/#\/schema\/person\/3230d5615f390bb808365d673001e887\"},\"headline\":\"VENISSIEUX | Record battu \u00e0 l&rsquo;Heure sur piste de Lyon\",\"datePublished\":\"2017-04-17T16:51:12+00:00\",\"dateModified\":\"2020-11-01T18:07:57+00:00\",\"mainEntityOfPage\":{\"@id\":\"https:\/\/newsestlyonnais.fr\/site\/2017\/04\/17\/venissieux-record-battu-a-lheure-sur-piste-de-lyon\/\"},\"wordCount\":168,\"commentCount\":0,\"publisher\":{\"@id\":\"https:\/\/newsestlyonnais.fr\/site\/#organization\"},\"image\":{\"@id\":\"https:\/\/newsestlyonnais.fr\/site\/2017\/04\/17\/venissieux-record-battu-a-lheure-sur-piste-de-lyon\/#primaryimage\"},\"thumbnailUrl\":\"https:\/\/newsestlyonnais.fr\/site\/wp-content\/uploads\/2017\/04\/NEWSESTLYONNAIS-HEURE-SUR-PISTE-DEPART.jpg\",\"articleSection\":[\"Athl\u00e9 | Course pied | Marche\",\"V\u00e9nissieux\"],\"inLanguage\":\"fr-FR\",\"potentialAction\":[{\"@type\":\"CommentAction\",\"name\":\"Comment\",\"target\":[\"https:\/\/newsestlyonnais.fr\/site\/2017\/04\/17\/venissieux-record-battu-a-lheure-sur-piste-de-lyon\/#respond\"]}]},{\"@type\":\"WebPage\",\"@id\":\"https:\/\/newsestlyonnais.fr\/site\/2017\/04\/17\/venissieux-record-battu-a-lheure-sur-piste-de-lyon\/\",\"url\":\"https:\/\/newsestlyonnais.fr\/site\/2017\/04\/17\/venissieux-record-battu-a-lheure-sur-piste-de-lyon\/\",\"name\":\"VENISSIEUX : Record battu \u00e0 l'Heure sur piste de Lyon\",\"isPartOf\":{\"@id\":\"https:\/\/newsestlyonnais.fr\/site\/#website\"},\"primaryImageOfPage\":{\"@id\":\"https:\/\/newsestlyonnais.fr\/site\/2017\/04\/17\/venissieux-record-battu-a-lheure-sur-piste-de-lyon\/#primaryimage\"},\"image\":{\"@id\":\"https:\/\/newsestlyonnais.fr\/site\/2017\/04\/17\/venissieux-record-battu-a-lheure-sur-piste-de-lyon\/#primaryimage\"},\"thumbnailUrl\":\"https:\/\/newsestlyonnais.fr\/site\/wp-content\/uploads\/2017\/04\/NEWSESTLYONNAIS-HEURE-SUR-PISTE-DEPART.jpg\",\"datePublished\":\"2017-04-17T16:51:12+00:00\",\"dateModified\":\"2020-11-01T18:07:57+00:00\",\"description\":\"VENISSIEUX : Record battu \u00e0 l'Heure sur piste de Lyon\",\"breadcrumb\":{\"@id\":\"https:\/\/newsestlyonnais.fr\/site\/2017\/04\/17\/venissieux-record-battu-a-lheure-sur-piste-de-lyon\/#breadcrumb\"},\"inLanguage\":\"fr-FR\",\"potentialAction\":[{\"@type\":\"ReadAction\",\"target\":[\"https:\/\/newsestlyonnais.fr\/site\/2017\/04\/17\/venissieux-record-battu-a-lheure-sur-piste-de-lyon\/\"]}]},{\"@type\":\"ImageObject\",\"inLanguage\":\"fr-FR\",\"@id\":\"https:\/\/newsestlyonnais.fr\/site\/2017\/04\/17\/venissieux-record-battu-a-lheure-sur-piste-de-lyon\/#primaryimage\",\"url\":\"https:\/\/newsestlyonnais.fr\/site\/wp-content\/uploads\/2017\/04\/NEWSESTLYONNAIS-HEURE-SUR-PISTE-DEPART.jpg\",\"contentUrl\":\"https:\/\/newsestlyonnais.fr\/site\/wp-content\/uploads\/2017\/04\/NEWSESTLYONNAIS-HEURE-SUR-PISTE-DEPART.jpg\",\"width\":1000,\"height\":750,\"caption\":\"NEWSESTLYONNAIS - HEURE SUR PISTE DEPART\"},{\"@type\":\"BreadcrumbList\",\"@id\":\"https:\/\/newsestlyonnais.fr\/site\/2017\/04\/17\/venissieux-record-battu-a-lheure-sur-piste-de-lyon\/#breadcrumb\",\"itemListElement\":[{\"@type\":\"ListItem\",\"position\":1,\"name\":\"Accueil\",\"item\":\"https:\/\/newsestlyonnais.fr\/site\/\"},{\"@type\":\"ListItem\",\"position\":2,\"name\":\"VENISSIEUX | Record battu \u00e0 l&rsquo;Heure sur piste de Lyon\"}]},{\"@type\":\"WebSite\",\"@id\":\"https:\/\/newsestlyonnais.fr\/site\/#website\",\"url\":\"https:\/\/newsestlyonnais.fr\/site\/\",\"name\":\"News Est Lyonnais\",\"description\":\"L&#039;actualit\u00e9 au plus pr\u00e8s\",\"publisher\":{\"@id\":\"https:\/\/newsestlyonnais.fr\/site\/#organization\"},\"potentialAction\":[{\"@type\":\"SearchAction\",\"target\":{\"@type\":\"EntryPoint\",\"urlTemplate\":\"https:\/\/newsestlyonnais.fr\/site\/?s={search_term_string}\"},\"query-input\":{\"@type\":\"PropertyValueSpecification\",\"valueRequired\":true,\"valueName\":\"search_term_string\"}}],\"inLanguage\":\"fr-FR\"},{\"@type\":\"Organization\",\"@id\":\"https:\/\/newsestlyonnais.fr\/site\/#organization\",\"name\":\"News EST LYONNAIS\",\"url\":\"https:\/\/newsestlyonnais.fr\/site\/\",\"logo\":{\"@type\":\"ImageObject\",\"inLanguage\":\"fr-FR\",\"@id\":\"https:\/\/newsestlyonnais.fr\/site\/#\/schema\/logo\/image\/\",\"url\":\"\",\"contentUrl\":\"\",\"caption\":\"News EST LYONNAIS\"},\"image\":{\"@id\":\"https:\/\/newsestlyonnais.fr\/site\/#\/schema\/logo\/image\/\"}},{\"@type\":\"Person\",\"@id\":\"https:\/\/newsestlyonnais.fr\/site\/#\/schema\/person\/3230d5615f390bb808365d673001e887\",\"name\":\"R\u00e9dac. NEWS\",\"sameAs\":[\"http:\/\/www.newsestlyonnais.fr\",\"https:\/\/www.facebook.com\/pascal.oberson.1?fref=ts\",\"https:\/\/fr.linkedin.com\/in\/pascal-oberson-b17045113\"],\"url\":\"https:\/\/newsestlyonnais.fr\/site\/author\/nel\/\"}]}<\/script>\n<!-- \/ Yoast SEO plugin. -->","yoast_head_json":{"title":"VENISSIEUX : Record battu \u00e0 l'Heure sur piste de Lyon","description":"VENISSIEUX : Record battu \u00e0 l'Heure sur piste de Lyon","robots":{"index":"index","follow":"follow","max-snippet":"max-snippet:-1","max-image-preview":"max-image-preview:large","max-video-preview":"max-video-preview:-1"},"canonical":"https:\/\/newsestlyonnais.fr\/site\/2017\/04\/17\/venissieux-record-battu-a-lheure-sur-piste-de-lyon\/","og_locale":"fr_FR","og_type":"article","og_title":"VENISSIEUX : Record battu \u00e0 l'Heure sur piste de Lyon","og_description":"VENISSIEUX : Record battu \u00e0 l'Heure sur piste de Lyon","og_url":"https:\/\/newsestlyonnais.fr\/site\/2017\/04\/17\/venissieux-record-battu-a-lheure-sur-piste-de-lyon\/","og_site_name":"News Est Lyonnais","article_author":"https:\/\/www.facebook.com\/pascal.oberson.1?fref=ts","article_published_time":"2017-04-17T16:51:12+00:00","article_modified_time":"2020-11-01T18:07:57+00:00","og_image":[{"width":1000,"height":750,"url":"https:\/\/i0.wp.com\/newsestlyonnais.fr\/site\/wp-content\/uploads\/2017\/04\/NEWSESTLYONNAIS-HEURE-SUR-PISTE-DEPART.jpg?fit=1000%2C750&ssl=1","type":"image\/jpeg"}],"author":"R\u00e9dac. NEWS","twitter_card":"summary_large_image","twitter_misc":{"\u00c9crit par":"R\u00e9dac. NEWS","Dur\u00e9e de lecture estim\u00e9e":"1 minute"},"schema":{"@context":"https:\/\/schema.org","@graph":[{"@type":"Article","@id":"https:\/\/newsestlyonnais.fr\/site\/2017\/04\/17\/venissieux-record-battu-a-lheure-sur-piste-de-lyon\/#article","isPartOf":{"@id":"https:\/\/newsestlyonnais.fr\/site\/2017\/04\/17\/venissieux-record-battu-a-lheure-sur-piste-de-lyon\/"},"author":{"name":"R\u00e9dac. NEWS","@id":"https:\/\/newsestlyonnais.fr\/site\/#\/schema\/person\/3230d5615f390bb808365d673001e887"},"headline":"VENISSIEUX | Record battu \u00e0 l&rsquo;Heure sur piste de Lyon","datePublished":"2017-04-17T16:51:12+00:00","dateModified":"2020-11-01T18:07:57+00:00","mainEntityOfPage":{"@id":"https:\/\/newsestlyonnais.fr\/site\/2017\/04\/17\/venissieux-record-battu-a-lheure-sur-piste-de-lyon\/"},"wordCount":168,"commentCount":0,"publisher":{"@id":"https:\/\/newsestlyonnais.fr\/site\/#organization"},"image":{"@id":"https:\/\/newsestlyonnais.fr\/site\/2017\/04\/17\/venissieux-record-battu-a-lheure-sur-piste-de-lyon\/#primaryimage"},"thumbnailUrl":"https:\/\/newsestlyonnais.fr\/site\/wp-content\/uploads\/2017\/04\/NEWSESTLYONNAIS-HEURE-SUR-PISTE-DEPART.jpg","articleSection":["Athl\u00e9 | Course pied | Marche","V\u00e9nissieux"],"inLanguage":"fr-FR","potentialAction":[{"@type":"CommentAction","name":"Comment","target":["https:\/\/newsestlyonnais.fr\/site\/2017\/04\/17\/venissieux-record-battu-a-lheure-sur-piste-de-lyon\/#respond"]}]},{"@type":"WebPage","@id":"https:\/\/newsestlyonnais.fr\/site\/2017\/04\/17\/venissieux-record-battu-a-lheure-sur-piste-de-lyon\/","url":"https:\/\/newsestlyonnais.fr\/site\/2017\/04\/17\/venissieux-record-battu-a-lheure-sur-piste-de-lyon\/","name":"VENISSIEUX : Record battu \u00e0 l'Heure sur piste de Lyon","isPartOf":{"@id":"https:\/\/newsestlyonnais.fr\/site\/#website"},"primaryImageOfPage":{"@id":"https:\/\/newsestlyonnais.fr\/site\/2017\/04\/17\/venissieux-record-battu-a-lheure-sur-piste-de-lyon\/#primaryimage"},"image":{"@id":"https:\/\/newsestlyonnais.fr\/site\/2017\/04\/17\/venissieux-record-battu-a-lheure-sur-piste-de-lyon\/#primaryimage"},"thumbnailUrl":"https:\/\/newsestlyonnais.fr\/site\/wp-content\/uploads\/2017\/04\/NEWSESTLYONNAIS-HEURE-SUR-PISTE-DEPART.jpg","datePublished":"2017-04-17T16:51:12+00:00","dateModified":"2020-11-01T18:07:57+00:00","description":"VENISSIEUX : Record battu \u00e0 l'Heure sur piste de Lyon","breadcrumb":{"@id":"https:\/\/newsestlyonnais.fr\/site\/2017\/04\/17\/venissieux-record-battu-a-lheure-sur-piste-de-lyon\/#breadcrumb"},"inLanguage":"fr-FR","potentialAction":[{"@type":"ReadAction","target":["https:\/\/newsestlyonnais.fr\/site\/2017\/04\/17\/venissieux-record-battu-a-lheure-sur-piste-de-lyon\/"]}]},{"@type":"ImageObject","inLanguage":"fr-FR","@id":"https:\/\/newsestlyonnais.fr\/site\/2017\/04\/17\/venissieux-record-battu-a-lheure-sur-piste-de-lyon\/#primaryimage","url":"https:\/\/newsestlyonnais.fr\/site\/wp-content\/uploads\/2017\/04\/NEWSESTLYONNAIS-HEURE-SUR-PISTE-DEPART.jpg","contentUrl":"https:\/\/newsestlyonnais.fr\/site\/wp-content\/uploads\/2017\/04\/NEWSESTLYONNAIS-HEURE-SUR-PISTE-DEPART.jpg","width":1000,"height":750,"caption":"NEWSESTLYONNAIS - HEURE SUR PISTE DEPART"},{"@type":"BreadcrumbList","@id":"https:\/\/newsestlyonnais.fr\/site\/2017\/04\/17\/venissieux-record-battu-a-lheure-sur-piste-de-lyon\/#breadcrumb","itemListElement":[{"@type":"ListItem","position":1,"name":"Accueil","item":"https:\/\/newsestlyonnais.fr\/site\/"},{"@type":"ListItem","position":2,"name":"VENISSIEUX | Record battu \u00e0 l&rsquo;Heure sur piste de Lyon"}]},{"@type":"WebSite","@id":"https:\/\/newsestlyonnais.fr\/site\/#website","url":"https:\/\/newsestlyonnais.fr\/site\/","name":"News Est Lyonnais","description":"L&#039;actualit\u00e9 au plus pr\u00e8s","publisher":{"@id":"https:\/\/newsestlyonnais.fr\/site\/#organization"},"potentialAction":[{"@type":"SearchAction","target":{"@type":"EntryPoint","urlTemplate":"https:\/\/newsestlyonnais.fr\/site\/?s={search_term_string}"},"query-input":{"@type":"PropertyValueSpecification","valueRequired":true,"valueName":"search_term_string"}}],"inLanguage":"fr-FR"},{"@type":"Organization","@id":"https:\/\/newsestlyonnais.fr\/site\/#organization","name":"News EST LYONNAIS","url":"https:\/\/newsestlyonnais.fr\/site\/","logo":{"@type":"ImageObject","inLanguage":"fr-FR","@id":"https:\/\/newsestlyonnais.fr\/site\/#\/schema\/logo\/image\/","url":"","contentUrl":"","caption":"News EST LYONNAIS"},"image":{"@id":"https:\/\/newsestlyonnais.fr\/site\/#\/schema\/logo\/image\/"}},{"@type":"Person","@id":"https:\/\/newsestlyonnais.fr\/site\/#\/schema\/person\/3230d5615f390bb808365d673001e887","name":"R\u00e9dac. NEWS","sameAs":["http:\/\/www.newsestlyonnais.fr","https:\/\/www.facebook.com\/pascal.oberson.1?fref=ts","https:\/\/fr.linkedin.com\/in\/pascal-oberson-b17045113"],"url":"https:\/\/newsestlyonnais.fr\/site\/author\/nel\/"}]}},"_links":{"self":[{"href":"https:\/\/newsestlyonnais.fr\/site\/wp-json\/wp\/v2\/posts\/24585","targetHints":{"allow":["GET"]}}],"collection":[{"href":"https:\/\/newsestlyonnais.fr\/site\/wp-json\/wp\/v2\/posts"}],"about":[{"href":"https:\/\/newsestlyonnais.fr\/site\/wp-json\/wp\/v2\/types\/post"}],"author":[{"embeddable":true,"href":"https:\/\/newsestlyonnais.fr\/site\/wp-json\/wp\/v2\/users\/4"}],"replies":[{"embeddable":true,"href":"https:\/\/newsestlyonnais.fr\/site\/wp-json\/wp\/v2\/comments?post=24585"}],"version-history":[{"count":0,"href":"https:\/\/newsestlyonnais.fr\/site\/wp-json\/wp\/v2\/posts\/24585\/revisions"}],"wp:featuredmedia":[{"embeddable":true,"href":"https:\/\/newsestlyonnais.fr\/site\/wp-json\/wp\/v2\/media\/24718"}],"wp:attachment":[{"href":"https:\/\/newsestlyonnais.fr\/site\/wp-json\/wp\/v2\/media?parent=24585"}],"wp:term":[{"taxonomy":"category","embeddable":true,"href":"https:\/\/newsestlyonnais.fr\/site\/wp-json\/wp\/v2\/categories?post=24585"},{"taxonomy":"post_tag","embeddable":true,"href":"https:\/\/newsestlyonnais.fr\/site\/wp-json\/wp\/v2\/tags?post=24585"}],"curies":[{"name":"wp","href":"https:\/\/api.w.org\/{rel}","templated":true}]}}