{"id":24788,"date":"2017-04-18T16:21:58","date_gmt":"2017-04-18T15:21:58","guid":{"rendered":"http:\/\/newsestlyonnais.fr\/site\/?p=24788"},"modified":"2020-11-16T19:38:09","modified_gmt":"2020-11-16T18:38:09","slug":"bron-retour-printanieres-samedi-place-de-liberte","status":"publish","type":"post","link":"https:\/\/newsestlyonnais.fr\/site\/2017\/04\/18\/bron-retour-printanieres-samedi-place-de-liberte\/","title":{"rendered":"BRON | Le retour des Printani\u00e8res, samedi sur la place de la Libert\u00e9"},"content":{"rendered":"<h4>Rendez-vous samedi 22 avril aux Printani\u00e8res, le march\u00e9 aux plantes de Bron qui donne de l&rsquo;air !<\/h4>\n<p>Des conseils pratiques de professionnels, des ateliers ludiques en tous genres sur le th\u00e8me du d\u00e9veloppement durable et bien entendu la pr\u00e9sence d\u2019horticulteurs et de p\u00e9pini\u00e9ristes pour cet \u00e9v\u00e9nement ludique, convivial et interactif.<\/p>\n<p>Le programme !<\/p>\n<ul>\n<li>Le march\u00e9 aux plantes: 20 horticulteurs, p\u00e9pini\u00e9ristes et producteurs bio vous offrent une palette large et vari\u00e9e de plantes fleuries, arbres, arbustes, vivaces, cact\u00e9es, plantes aquatiques, plants de l\u00e9gumes, herbes aromatiques et accessoires de jardin.<\/li>\n<li>Espace des jardiniers : conseils et informations.Vous saurez tout sur les herbes folles et comment reconna\u00eetre ces plantes spontan\u00e9es utiles au jardin ou en cuisine. Projection d&rsquo;un film sur les bons gestes techniques \u00e9cologiques des jardiniers municipaux.- Jeu de reconnaissance des plantes.- Expositions et conseils avec les jardiniers de la Ville de Bron, du Vinatier et du parc de Parilly.- Nouvelle approche du d\u00e9sherbage des voiries avec la M\u00e9tropole de Lyon.- Renseignements et inscriptions au concours \u00ab Bron en fleurs \u00bb\u2026 Et une nouveaut\u00e9 au d\u00e9part du stand ! Balades urbaines \u00e0 la d\u00e9couverte des arbres de la ville et des petites plantes spontan\u00e9es, en bonne compagnie !<\/li>\n<li>Espace Agenda 21: Animations sur le th\u00e8me \u00ab L\u2019\u00e9cologie : chez moi et en dehors \u00bb avec essais de v\u00e9los \u00e9lectriques de la Ville, atelier d\u2019auto-r\u00e9paration v\u00e9lo, expositions\u2026R\u00e9novation \u00e9nerg\u00e9tique du b\u00e2ti avec pr\u00e9sentation du dispositif de pr\u00eat d\u2019\u00e9co-mallettes et cam\u00e9ras thermiques de la Ville.- Pr\u00e9sentation de la plateforme Ecor\u00e9no\u2019v par l\u2019Agence Locale de l\u2019\u00c9nergie (ALE) Stands du SEL, r\u00e9seau d\u2019entraides de savoirs et de services et du VRAC (groupement d\u2019achat de denr\u00e9es biologiques), h\u00e9berg\u00e9s au Centre social G\u00e9rard Philipe.<\/li>\n<li>Stands et animations avec Les jardins familiaux, le Centre social Les Taillis et Naturama.<\/li>\n<li>Conseils de quartier: Retrouvez l&rsquo;actu et les projets des Conseils de quartier : composteurs collectifs, bo\u00eetes \u00e0 livres, fleurissement.<\/li>\n<li>Et aussi:- <span style=\"text-decoration: underline\">Service brouette<\/span> : anim\u00e9 par les jeunes du Centre social G\u00e9rard-Philipe, ce service aide au transport des objets lourds : participation libre, dont les b\u00e9n\u00e9fices servent \u00e0 un projet collectif<\/li>\n<\/ul>\n<p><strong><span class=\"gab_sous_titre\">Les Printani\u00e8res, c&rsquo;est aussi \u00e0 la M\u00e9diath\u00e8que : <\/span><\/strong><br \/>\n&#8211; <a href=\"http:\/\/bron.plan-veomap.com\/?target=342\" target=\"_blank\" rel=\"noopener noreferrer\">\u00c0 la M\u00e9diath\u00e8que Jean Pr\u00e9vost<\/a><br \/>\n* <strong>Mercredi 19 avril de 10 h \u00e0 12 h<\/strong> : \u00ab\u00a0Jardin num\u00e9rique\u00a0\u00bb, un atelier pour les 6-10 ans pour cr\u00e9er sa plante id\u00e9ale en pixel art \u00e0 l&rsquo;@robase<br \/>\n* <strong>Samedi 22 avril<\/strong> : lectures impromptues : tout au long de l&rsquo;apr\u00e8s-midi, retrouvez les b\u00e9n\u00e9voles de l&rsquo;association Lire et Faire Lire pour des lectures surprises !<br \/>\n&#8211; <strong>de 10 h \u00e0 12 h<\/strong>, atelier \u00ab\u00a0cr\u00e9ez votre jardin miniature\u00a0\u00bb d\u00e8s 10 ans (\u00e9galement mercredi 19 avril de 15 h \u00e0 17 h au <a href=\"http:\/\/bron.plan-veomap.com\/?target=339\" target=\"_blank\" rel=\"noopener noreferrer\">P\u00f4le Lecture Terraillon<\/a>)<br \/>\n&#8211; <strong>de 14 h \u00e0 18 h<\/strong>, cuisine aux herbes : atelier culinaire en famille d\u00e8s 7 ans pour d\u00e9couvrir des recettes fra\u00eeches et savoureuses \u00e0 base d&rsquo;herbes de printemps<br \/>\n* <strong>Jeudi 27 avril \u00e0 14 h 30<\/strong>, projection jeune public d&rsquo;un film myst\u00e8re sur les herbes folles<br \/>\n&gt; <a href=\"http:\/\/bron.plan-veomap.com\/?target=339\" target=\"_blank\" rel=\"noopener noreferrer\">Au P\u00f4le Lecture Terraillon<\/a>, exposition du 15 au 30 avril, portraits et interviews des habitants jardiniers qui ont sublim\u00e9 la terre au pied de leur r\u00e9sidence des Sapins depuis 2013. En partenariat avec <a href=\"http:\/\/www.ville-bron.fr\/details.php?Rub=278&amp;id=9205\" target=\"_blank\" rel=\"noopener noreferrer\">R\u00e9ussir l&rsquo;Insertion \u00e0 Bron<\/a>, Lyon M\u00e9tropole Habitat et la Maison du Terraillon.<br \/>\n&gt; <a href=\"http:\/\/bron.plan-veomap.com\/?target=100\" target=\"_blank\" rel=\"noopener noreferrer\">\u00c0 l&rsquo;Annexe Les Gen\u00eat<\/a><a>s<\/a>, mercredi 26 avril de 14 h 30 \u00e0 16 h 30, atelier quilling, cr\u00e9ations en papier, d\u00e8s 6 ans.<\/p>\n<ul>\n<li>\n<h4>I<span class=\"gab_sous_titre\">nfos pratiques <\/span>: samedi 22 avril de 9 h \u00e0 17 h. Place de la Libert\u00e9 derri\u00e8re l&rsquo;H\u00f4tel de Ville<\/h4>\n<\/li>\n<li>\n<h4>Plus d&rsquo;infos sur: <a href=\"http:\/\/www.ville-bron.fr\/editorial.php?Rub=262&amp;only_one=9629\" target=\"_blank\" rel=\"noopener noreferrer\">http:\/\/www.ville-bron.fr\/editorial.php?Rub=262&amp;only_one=9629<\/a><img loading=\"lazy\" decoding=\"async\" class=\"alignleft size-full wp-image-24787\" src=\"https:\/\/newsestlyonnais.fr\/site\/medias\/2017\/04\/NEWSESTLYONNAIS-BIS-PRINTANIERS-BRON-BIS.jpg\" alt=\"NEWSESTLYONNAIS BIS PRINTANIERS BRON BIS\" width=\"1000\" height=\"750\" srcset=\"https:\/\/newsestlyonnais.fr\/site\/wp-content\/uploads\/2017\/04\/NEWSESTLYONNAIS-BIS-PRINTANIERS-BRON-BIS.jpg 1000w, https:\/\/newsestlyonnais.fr\/site\/wp-content\/uploads\/2017\/04\/NEWSESTLYONNAIS-BIS-PRINTANIERS-BRON-BIS-400x300.jpg 400w, https:\/\/newsestlyonnais.fr\/site\/wp-content\/uploads\/2017\/04\/NEWSESTLYONNAIS-BIS-PRINTANIERS-BRON-BIS-768x576.jpg 768w, https:\/\/newsestlyonnais.fr\/site\/wp-content\/uploads\/2017\/04\/NEWSESTLYONNAIS-BIS-PRINTANIERS-BRON-BIS-600x450.jpg 600w, https:\/\/newsestlyonnais.fr\/site\/wp-content\/uploads\/2017\/04\/NEWSESTLYONNAIS-BIS-PRINTANIERS-BRON-BIS-100x75.jpg 100w\" sizes=\"auto, (max-width: 1000px) 100vw, 1000px\" \/><\/h4>\n<\/li>\n<\/ul>\n","protected":false},"excerpt":{"rendered":"<p>Rendez-vous samedi 22 avril aux Printani\u00e8res, le march\u00e9 aux plantes de Bron qui donne de l&rsquo;air ! Des conseils pratiques de professionnels, des ateliers ludiques en tous genres sur le th\u00e8me du d\u00e9veloppement durable et bien entendu la pr\u00e9sence d\u2019horticulteurs et de p\u00e9pini\u00e9ristes pour cet \u00e9v\u00e9nement ludique, convivial et interactif. Le programme ! Le march\u00e9 [&hellip;]<\/p>\n","protected":false},"author":4,"featured_media":24786,"comment_status":"open","ping_status":"open","sticky":false,"template":"","format":"standard","meta":{"footnotes":""},"categories":[19,3010],"tags":[],"class_list":["post-24788","post","type-post","status-publish","format-standard","has-post-thumbnail","hentry","category-bron","category-nature-environnement-culture-et-loisirs"],"yoast_head":"<!-- This site is optimized with the Yoast SEO plugin v27.2 - https:\/\/yoast.com\/product\/yoast-seo-wordpress\/ -->\n<title>BRON : Le retour des Printani\u00e8res, samedi sur la place de la Libert\u00e9<\/title>\n<meta name=\"description\" content=\"BRON : Le retour des Printani\u00e8res, samedi sur la place de la Libert\u00e9\" \/>\n<meta name=\"robots\" content=\"index, follow, max-snippet:-1, max-image-preview:large, max-video-preview:-1\" \/>\n<link rel=\"canonical\" href=\"https:\/\/newsestlyonnais.fr\/site\/2017\/04\/18\/bron-retour-printanieres-samedi-place-de-liberte\/\" \/>\n<meta property=\"og:locale\" content=\"fr_FR\" \/>\n<meta property=\"og:type\" content=\"article\" \/>\n<meta property=\"og:title\" content=\"BRON : Le retour des Printani\u00e8res, samedi sur la place de la Libert\u00e9\" \/>\n<meta property=\"og:description\" content=\"BRON : Le retour des Printani\u00e8res, samedi sur la place de la Libert\u00e9\" \/>\n<meta property=\"og:url\" content=\"https:\/\/newsestlyonnais.fr\/site\/2017\/04\/18\/bron-retour-printanieres-samedi-place-de-liberte\/\" \/>\n<meta property=\"og:site_name\" content=\"News Est Lyonnais\" \/>\n<meta property=\"article:author\" content=\"https:\/\/www.facebook.com\/pascal.oberson.1?fref=ts\" \/>\n<meta property=\"article:published_time\" content=\"2017-04-18T15:21:58+00:00\" \/>\n<meta property=\"article:modified_time\" content=\"2020-11-16T18:38:09+00:00\" \/>\n<meta property=\"og:image\" content=\"https:\/\/i0.wp.com\/newsestlyonnais.fr\/site\/wp-content\/uploads\/2017\/04\/NEWSESTLYONNAIS-PRINTANIERES-BRON.jpg?fit=1000%2C750&ssl=1\" \/>\n\t<meta property=\"og:image:width\" content=\"1000\" \/>\n\t<meta property=\"og:image:height\" content=\"750\" \/>\n\t<meta property=\"og:image:type\" content=\"image\/jpeg\" \/>\n<meta name=\"author\" content=\"R\u00e9dac. NEWS\" \/>\n<meta name=\"twitter:card\" content=\"summary_large_image\" \/>\n<meta name=\"twitter:label1\" content=\"\u00c9crit par\" \/>\n\t<meta name=\"twitter:data1\" content=\"R\u00e9dac. NEWS\" \/>\n\t<meta name=\"twitter:label2\" content=\"Dur\u00e9e de lecture estim\u00e9e\" \/>\n\t<meta name=\"twitter:data2\" content=\"3 minutes\" \/>\n<script type=\"application\/ld+json\" class=\"yoast-schema-graph\">{\"@context\":\"https:\/\/schema.org\",\"@graph\":[{\"@type\":\"Article\",\"@id\":\"https:\/\/newsestlyonnais.fr\/site\/2017\/04\/18\/bron-retour-printanieres-samedi-place-de-liberte\/#article\",\"isPartOf\":{\"@id\":\"https:\/\/newsestlyonnais.fr\/site\/2017\/04\/18\/bron-retour-printanieres-samedi-place-de-liberte\/\"},\"author\":{\"name\":\"R\u00e9dac. NEWS\",\"@id\":\"https:\/\/newsestlyonnais.fr\/site\/#\/schema\/person\/3230d5615f390bb808365d673001e887\"},\"headline\":\"BRON | Le retour des Printani\u00e8res, samedi sur la place de la Libert\u00e9\",\"datePublished\":\"2017-04-18T15:21:58+00:00\",\"dateModified\":\"2020-11-16T18:38:09+00:00\",\"mainEntityOfPage\":{\"@id\":\"https:\/\/newsestlyonnais.fr\/site\/2017\/04\/18\/bron-retour-printanieres-samedi-place-de-liberte\/\"},\"wordCount\":632,\"commentCount\":0,\"publisher\":{\"@id\":\"https:\/\/newsestlyonnais.fr\/site\/#organization\"},\"image\":{\"@id\":\"https:\/\/newsestlyonnais.fr\/site\/2017\/04\/18\/bron-retour-printanieres-samedi-place-de-liberte\/#primaryimage\"},\"thumbnailUrl\":\"https:\/\/newsestlyonnais.fr\/site\/wp-content\/uploads\/2017\/04\/NEWSESTLYONNAIS-PRINTANIERES-BRON.jpg\",\"articleSection\":[\"Bron\",\"Nature | Environnement | Chasse\"],\"inLanguage\":\"fr-FR\",\"potentialAction\":[{\"@type\":\"CommentAction\",\"name\":\"Comment\",\"target\":[\"https:\/\/newsestlyonnais.fr\/site\/2017\/04\/18\/bron-retour-printanieres-samedi-place-de-liberte\/#respond\"]}]},{\"@type\":\"WebPage\",\"@id\":\"https:\/\/newsestlyonnais.fr\/site\/2017\/04\/18\/bron-retour-printanieres-samedi-place-de-liberte\/\",\"url\":\"https:\/\/newsestlyonnais.fr\/site\/2017\/04\/18\/bron-retour-printanieres-samedi-place-de-liberte\/\",\"name\":\"BRON : Le retour des Printani\u00e8res, samedi sur la place de la Libert\u00e9\",\"isPartOf\":{\"@id\":\"https:\/\/newsestlyonnais.fr\/site\/#website\"},\"primaryImageOfPage\":{\"@id\":\"https:\/\/newsestlyonnais.fr\/site\/2017\/04\/18\/bron-retour-printanieres-samedi-place-de-liberte\/#primaryimage\"},\"image\":{\"@id\":\"https:\/\/newsestlyonnais.fr\/site\/2017\/04\/18\/bron-retour-printanieres-samedi-place-de-liberte\/#primaryimage\"},\"thumbnailUrl\":\"https:\/\/newsestlyonnais.fr\/site\/wp-content\/uploads\/2017\/04\/NEWSESTLYONNAIS-PRINTANIERES-BRON.jpg\",\"datePublished\":\"2017-04-18T15:21:58+00:00\",\"dateModified\":\"2020-11-16T18:38:09+00:00\",\"description\":\"BRON : Le retour des Printani\u00e8res, samedi sur la place de la Libert\u00e9\",\"breadcrumb\":{\"@id\":\"https:\/\/newsestlyonnais.fr\/site\/2017\/04\/18\/bron-retour-printanieres-samedi-place-de-liberte\/#breadcrumb\"},\"inLanguage\":\"fr-FR\",\"potentialAction\":[{\"@type\":\"ReadAction\",\"target\":[\"https:\/\/newsestlyonnais.fr\/site\/2017\/04\/18\/bron-retour-printanieres-samedi-place-de-liberte\/\"]}]},{\"@type\":\"ImageObject\",\"inLanguage\":\"fr-FR\",\"@id\":\"https:\/\/newsestlyonnais.fr\/site\/2017\/04\/18\/bron-retour-printanieres-samedi-place-de-liberte\/#primaryimage\",\"url\":\"https:\/\/newsestlyonnais.fr\/site\/wp-content\/uploads\/2017\/04\/NEWSESTLYONNAIS-PRINTANIERES-BRON.jpg\",\"contentUrl\":\"https:\/\/newsestlyonnais.fr\/site\/wp-content\/uploads\/2017\/04\/NEWSESTLYONNAIS-PRINTANIERES-BRON.jpg\",\"width\":1000,\"height\":750,\"caption\":\"NEWSESTLYONNAIS - PRINTANIERES BRON\"},{\"@type\":\"BreadcrumbList\",\"@id\":\"https:\/\/newsestlyonnais.fr\/site\/2017\/04\/18\/bron-retour-printanieres-samedi-place-de-liberte\/#breadcrumb\",\"itemListElement\":[{\"@type\":\"ListItem\",\"position\":1,\"name\":\"Accueil\",\"item\":\"https:\/\/newsestlyonnais.fr\/site\/\"},{\"@type\":\"ListItem\",\"position\":2,\"name\":\"BRON | Le retour des Printani\u00e8res, samedi sur la place de la Libert\u00e9\"}]},{\"@type\":\"WebSite\",\"@id\":\"https:\/\/newsestlyonnais.fr\/site\/#website\",\"url\":\"https:\/\/newsestlyonnais.fr\/site\/\",\"name\":\"News Est Lyonnais\",\"description\":\"L&#039;actualit\u00e9 au plus pr\u00e8s\",\"publisher\":{\"@id\":\"https:\/\/newsestlyonnais.fr\/site\/#organization\"},\"potentialAction\":[{\"@type\":\"SearchAction\",\"target\":{\"@type\":\"EntryPoint\",\"urlTemplate\":\"https:\/\/newsestlyonnais.fr\/site\/?s={search_term_string}\"},\"query-input\":{\"@type\":\"PropertyValueSpecification\",\"valueRequired\":true,\"valueName\":\"search_term_string\"}}],\"inLanguage\":\"fr-FR\"},{\"@type\":\"Organization\",\"@id\":\"https:\/\/newsestlyonnais.fr\/site\/#organization\",\"name\":\"News EST LYONNAIS\",\"url\":\"https:\/\/newsestlyonnais.fr\/site\/\",\"logo\":{\"@type\":\"ImageObject\",\"inLanguage\":\"fr-FR\",\"@id\":\"https:\/\/newsestlyonnais.fr\/site\/#\/schema\/logo\/image\/\",\"url\":\"\",\"contentUrl\":\"\",\"caption\":\"News EST LYONNAIS\"},\"image\":{\"@id\":\"https:\/\/newsestlyonnais.fr\/site\/#\/schema\/logo\/image\/\"}},{\"@type\":\"Person\",\"@id\":\"https:\/\/newsestlyonnais.fr\/site\/#\/schema\/person\/3230d5615f390bb808365d673001e887\",\"name\":\"R\u00e9dac. NEWS\",\"sameAs\":[\"http:\/\/www.newsestlyonnais.fr\",\"https:\/\/www.facebook.com\/pascal.oberson.1?fref=ts\",\"https:\/\/fr.linkedin.com\/in\/pascal-oberson-b17045113\"],\"url\":\"https:\/\/newsestlyonnais.fr\/site\/author\/nel\/\"}]}<\/script>\n<!-- \/ Yoast SEO plugin. -->","yoast_head_json":{"title":"BRON : Le retour des Printani\u00e8res, samedi sur la place de la Libert\u00e9","description":"BRON : Le retour des Printani\u00e8res, samedi sur la place de la Libert\u00e9","robots":{"index":"index","follow":"follow","max-snippet":"max-snippet:-1","max-image-preview":"max-image-preview:large","max-video-preview":"max-video-preview:-1"},"canonical":"https:\/\/newsestlyonnais.fr\/site\/2017\/04\/18\/bron-retour-printanieres-samedi-place-de-liberte\/","og_locale":"fr_FR","og_type":"article","og_title":"BRON : Le retour des Printani\u00e8res, samedi sur la place de la Libert\u00e9","og_description":"BRON : Le retour des Printani\u00e8res, samedi sur la place de la Libert\u00e9","og_url":"https:\/\/newsestlyonnais.fr\/site\/2017\/04\/18\/bron-retour-printanieres-samedi-place-de-liberte\/","og_site_name":"News Est Lyonnais","article_author":"https:\/\/www.facebook.com\/pascal.oberson.1?fref=ts","article_published_time":"2017-04-18T15:21:58+00:00","article_modified_time":"2020-11-16T18:38:09+00:00","og_image":[{"width":1000,"height":750,"url":"https:\/\/i0.wp.com\/newsestlyonnais.fr\/site\/wp-content\/uploads\/2017\/04\/NEWSESTLYONNAIS-PRINTANIERES-BRON.jpg?fit=1000%2C750&ssl=1","type":"image\/jpeg"}],"author":"R\u00e9dac. NEWS","twitter_card":"summary_large_image","twitter_misc":{"\u00c9crit par":"R\u00e9dac. NEWS","Dur\u00e9e de lecture estim\u00e9e":"3 minutes"},"schema":{"@context":"https:\/\/schema.org","@graph":[{"@type":"Article","@id":"https:\/\/newsestlyonnais.fr\/site\/2017\/04\/18\/bron-retour-printanieres-samedi-place-de-liberte\/#article","isPartOf":{"@id":"https:\/\/newsestlyonnais.fr\/site\/2017\/04\/18\/bron-retour-printanieres-samedi-place-de-liberte\/"},"author":{"name":"R\u00e9dac. NEWS","@id":"https:\/\/newsestlyonnais.fr\/site\/#\/schema\/person\/3230d5615f390bb808365d673001e887"},"headline":"BRON | Le retour des Printani\u00e8res, samedi sur la place de la Libert\u00e9","datePublished":"2017-04-18T15:21:58+00:00","dateModified":"2020-11-16T18:38:09+00:00","mainEntityOfPage":{"@id":"https:\/\/newsestlyonnais.fr\/site\/2017\/04\/18\/bron-retour-printanieres-samedi-place-de-liberte\/"},"wordCount":632,"commentCount":0,"publisher":{"@id":"https:\/\/newsestlyonnais.fr\/site\/#organization"},"image":{"@id":"https:\/\/newsestlyonnais.fr\/site\/2017\/04\/18\/bron-retour-printanieres-samedi-place-de-liberte\/#primaryimage"},"thumbnailUrl":"https:\/\/newsestlyonnais.fr\/site\/wp-content\/uploads\/2017\/04\/NEWSESTLYONNAIS-PRINTANIERES-BRON.jpg","articleSection":["Bron","Nature | Environnement | Chasse"],"inLanguage":"fr-FR","potentialAction":[{"@type":"CommentAction","name":"Comment","target":["https:\/\/newsestlyonnais.fr\/site\/2017\/04\/18\/bron-retour-printanieres-samedi-place-de-liberte\/#respond"]}]},{"@type":"WebPage","@id":"https:\/\/newsestlyonnais.fr\/site\/2017\/04\/18\/bron-retour-printanieres-samedi-place-de-liberte\/","url":"https:\/\/newsestlyonnais.fr\/site\/2017\/04\/18\/bron-retour-printanieres-samedi-place-de-liberte\/","name":"BRON : Le retour des Printani\u00e8res, samedi sur la place de la Libert\u00e9","isPartOf":{"@id":"https:\/\/newsestlyonnais.fr\/site\/#website"},"primaryImageOfPage":{"@id":"https:\/\/newsestlyonnais.fr\/site\/2017\/04\/18\/bron-retour-printanieres-samedi-place-de-liberte\/#primaryimage"},"image":{"@id":"https:\/\/newsestlyonnais.fr\/site\/2017\/04\/18\/bron-retour-printanieres-samedi-place-de-liberte\/#primaryimage"},"thumbnailUrl":"https:\/\/newsestlyonnais.fr\/site\/wp-content\/uploads\/2017\/04\/NEWSESTLYONNAIS-PRINTANIERES-BRON.jpg","datePublished":"2017-04-18T15:21:58+00:00","dateModified":"2020-11-16T18:38:09+00:00","description":"BRON : Le retour des Printani\u00e8res, samedi sur la place de la Libert\u00e9","breadcrumb":{"@id":"https:\/\/newsestlyonnais.fr\/site\/2017\/04\/18\/bron-retour-printanieres-samedi-place-de-liberte\/#breadcrumb"},"inLanguage":"fr-FR","potentialAction":[{"@type":"ReadAction","target":["https:\/\/newsestlyonnais.fr\/site\/2017\/04\/18\/bron-retour-printanieres-samedi-place-de-liberte\/"]}]},{"@type":"ImageObject","inLanguage":"fr-FR","@id":"https:\/\/newsestlyonnais.fr\/site\/2017\/04\/18\/bron-retour-printanieres-samedi-place-de-liberte\/#primaryimage","url":"https:\/\/newsestlyonnais.fr\/site\/wp-content\/uploads\/2017\/04\/NEWSESTLYONNAIS-PRINTANIERES-BRON.jpg","contentUrl":"https:\/\/newsestlyonnais.fr\/site\/wp-content\/uploads\/2017\/04\/NEWSESTLYONNAIS-PRINTANIERES-BRON.jpg","width":1000,"height":750,"caption":"NEWSESTLYONNAIS - PRINTANIERES BRON"},{"@type":"BreadcrumbList","@id":"https:\/\/newsestlyonnais.fr\/site\/2017\/04\/18\/bron-retour-printanieres-samedi-place-de-liberte\/#breadcrumb","itemListElement":[{"@type":"ListItem","position":1,"name":"Accueil","item":"https:\/\/newsestlyonnais.fr\/site\/"},{"@type":"ListItem","position":2,"name":"BRON | Le retour des Printani\u00e8res, samedi sur la place de la Libert\u00e9"}]},{"@type":"WebSite","@id":"https:\/\/newsestlyonnais.fr\/site\/#website","url":"https:\/\/newsestlyonnais.fr\/site\/","name":"News Est Lyonnais","description":"L&#039;actualit\u00e9 au plus pr\u00e8s","publisher":{"@id":"https:\/\/newsestlyonnais.fr\/site\/#organization"},"potentialAction":[{"@type":"SearchAction","target":{"@type":"EntryPoint","urlTemplate":"https:\/\/newsestlyonnais.fr\/site\/?s={search_term_string}"},"query-input":{"@type":"PropertyValueSpecification","valueRequired":true,"valueName":"search_term_string"}}],"inLanguage":"fr-FR"},{"@type":"Organization","@id":"https:\/\/newsestlyonnais.fr\/site\/#organization","name":"News EST LYONNAIS","url":"https:\/\/newsestlyonnais.fr\/site\/","logo":{"@type":"ImageObject","inLanguage":"fr-FR","@id":"https:\/\/newsestlyonnais.fr\/site\/#\/schema\/logo\/image\/","url":"","contentUrl":"","caption":"News EST LYONNAIS"},"image":{"@id":"https:\/\/newsestlyonnais.fr\/site\/#\/schema\/logo\/image\/"}},{"@type":"Person","@id":"https:\/\/newsestlyonnais.fr\/site\/#\/schema\/person\/3230d5615f390bb808365d673001e887","name":"R\u00e9dac. NEWS","sameAs":["http:\/\/www.newsestlyonnais.fr","https:\/\/www.facebook.com\/pascal.oberson.1?fref=ts","https:\/\/fr.linkedin.com\/in\/pascal-oberson-b17045113"],"url":"https:\/\/newsestlyonnais.fr\/site\/author\/nel\/"}]}},"_links":{"self":[{"href":"https:\/\/newsestlyonnais.fr\/site\/wp-json\/wp\/v2\/posts\/24788","targetHints":{"allow":["GET"]}}],"collection":[{"href":"https:\/\/newsestlyonnais.fr\/site\/wp-json\/wp\/v2\/posts"}],"about":[{"href":"https:\/\/newsestlyonnais.fr\/site\/wp-json\/wp\/v2\/types\/post"}],"author":[{"embeddable":true,"href":"https:\/\/newsestlyonnais.fr\/site\/wp-json\/wp\/v2\/users\/4"}],"replies":[{"embeddable":true,"href":"https:\/\/newsestlyonnais.fr\/site\/wp-json\/wp\/v2\/comments?post=24788"}],"version-history":[{"count":0,"href":"https:\/\/newsestlyonnais.fr\/site\/wp-json\/wp\/v2\/posts\/24788\/revisions"}],"wp:featuredmedia":[{"embeddable":true,"href":"https:\/\/newsestlyonnais.fr\/site\/wp-json\/wp\/v2\/media\/24786"}],"wp:attachment":[{"href":"https:\/\/newsestlyonnais.fr\/site\/wp-json\/wp\/v2\/media?parent=24788"}],"wp:term":[{"taxonomy":"category","embeddable":true,"href":"https:\/\/newsestlyonnais.fr\/site\/wp-json\/wp\/v2\/categories?post=24788"},{"taxonomy":"post_tag","embeddable":true,"href":"https:\/\/newsestlyonnais.fr\/site\/wp-json\/wp\/v2\/tags?post=24788"}],"curies":[{"name":"wp","href":"https:\/\/api.w.org\/{rel}","templated":true}]}}