{"id":24800,"date":"2017-04-18T16:49:56","date_gmt":"2017-04-18T15:49:56","guid":{"rendered":"http:\/\/newsestlyonnais.fr\/site\/?p=24800"},"modified":"2020-11-19T12:40:17","modified_gmt":"2020-11-19T11:40:17","slug":"genas-six-formations-assurees-pour-les-aidants","status":"publish","type":"post","link":"https:\/\/newsestlyonnais.fr\/site\/2017\/04\/18\/genas-six-formations-assurees-pour-les-aidants\/","title":{"rendered":"GENAS | Six formations assur\u00e9es pour les aidants"},"content":{"rendered":"<h4>D\u00e8s le 28 avril, une formation gratuite et assur\u00e9e en 6 s\u00e9ances sera organis\u00e9e pour les aidants alzheimer.<\/h4>\n<p>En partenariat avec France Alzheimer Rh\u00f4ne, <strong>le Centre Communal d\u2019Action Social<\/strong> (CCAS) organise une formation gratuite destin\u00e9e aux personnes qui accompagnent un parent ou un proche, atteint de la maladie d\u2019Alzheimer, ou d\u2019une maladie apparent\u00e9e.<\/p>\n<div>Elle est co-anim\u00e9e par un psychologue et un b\u00e9n\u00e9vole de l\u2019association, form\u00e9s ensemble pour cette action.<\/div>\n<div><span style=\"text-decoration: underline\">Le cycle de formation est r\u00e9parti sur 14 heures et d\u00e9coup\u00e9 en 6 s\u00e9ances<\/span> qui se d\u00e9rouleront les <span style=\"text-decoration: underline\">VENDREDIS DE 14 H<\/span><\/div>\n<div><span style=\"text-decoration: underline\">\u00c0 16 H 30 <strong>aux dates suivantes:<\/strong><\/span><\/div>\n<div>&#8211; Vendredi 28 avril<\/div>\n<div>&#8211; Vendredi 19 mai<\/div>\n<div>&#8211; Vendredi 2 juin<\/div>\n<div>&#8211; Vendredi 16 juin<\/div>\n<div>&#8211; Vendredi 30 juin<\/div>\n<div>&#8211; La date de la 6\u00b0 s\u00e9ance sera confirm\u00e9e ult\u00e9rieurement.<\/div>\n<div><\/div>\n<div><strong>\u00a0Renseignements &amp; inscriptions:<\/strong><\/div>\n<div>&#8211; France Alzheimer Rh\u00f4ne au 04.78.42.17.65 ou alzheimer.rhone@wanadoo.fr<\/div>\n<div>&#8211; CCAS de Genas au 04.72. 47.11.27<\/div>\n<p>&nbsp;<\/p>\n<div><\/div>\n","protected":false},"excerpt":{"rendered":"<p>D\u00e8s le 28 avril, une formation gratuite et assur\u00e9e en 6 s\u00e9ances sera organis\u00e9e pour les aidants alzheimer. En partenariat avec France Alzheimer Rh\u00f4ne, le Centre Communal d\u2019Action Social (CCAS) organise une formation gratuite destin\u00e9e aux personnes qui accompagnent un parent ou un proche, atteint de la maladie d\u2019Alzheimer, ou d\u2019une maladie apparent\u00e9e. Elle est [&hellip;]<\/p>\n","protected":false},"author":4,"featured_media":8137,"comment_status":"open","ping_status":"open","sticky":false,"template":"","format":"standard","meta":{"footnotes":""},"categories":[270,1598,18],"tags":[],"class_list":["post-24800","post","type-post","status-publish","format-standard","has-post-thumbnail","hentry","category-cte-de-communes-c-c-e-l","category-genas","category-sante-bien-etre-solidarite"],"yoast_head":"<!-- This site is optimized with the Yoast SEO plugin v27.2 - https:\/\/yoast.com\/product\/yoast-seo-wordpress\/ -->\n<title>GENAS : Six formations assur\u00e9es pour les aidants<\/title>\n<meta name=\"description\" content=\"GENAS : Six formations assur\u00e9es pour les aidants\" \/>\n<meta name=\"robots\" content=\"index, follow, max-snippet:-1, max-image-preview:large, max-video-preview:-1\" \/>\n<link rel=\"canonical\" href=\"https:\/\/newsestlyonnais.fr\/site\/2017\/04\/18\/genas-six-formations-assurees-pour-les-aidants\/\" \/>\n<meta property=\"og:locale\" content=\"fr_FR\" \/>\n<meta property=\"og:type\" content=\"article\" \/>\n<meta property=\"og:title\" content=\"GENAS : Six formations assur\u00e9es pour les aidants\" \/>\n<meta property=\"og:description\" content=\"GENAS : Six formations assur\u00e9es pour les aidants\" \/>\n<meta property=\"og:url\" content=\"https:\/\/newsestlyonnais.fr\/site\/2017\/04\/18\/genas-six-formations-assurees-pour-les-aidants\/\" \/>\n<meta property=\"og:site_name\" content=\"News Est Lyonnais\" \/>\n<meta property=\"article:author\" content=\"https:\/\/www.facebook.com\/pascal.oberson.1?fref=ts\" \/>\n<meta property=\"article:published_time\" content=\"2017-04-18T15:49:56+00:00\" \/>\n<meta property=\"article:modified_time\" content=\"2020-11-19T11:40:17+00:00\" \/>\n<meta property=\"og:image\" content=\"https:\/\/i0.wp.com\/newsestlyonnais.fr\/site\/wp-content\/uploads\/2016\/05\/NEWSESTLYONNAISPANNEAUGENAS-1.jpg?fit=1000%2C750&ssl=1\" \/>\n\t<meta property=\"og:image:width\" content=\"1000\" \/>\n\t<meta property=\"og:image:height\" content=\"750\" \/>\n\t<meta property=\"og:image:type\" content=\"image\/jpeg\" \/>\n<meta name=\"author\" content=\"R\u00e9dac. NEWS\" \/>\n<meta name=\"twitter:card\" content=\"summary_large_image\" \/>\n<meta name=\"twitter:label1\" content=\"\u00c9crit par\" \/>\n\t<meta name=\"twitter:data1\" content=\"R\u00e9dac. NEWS\" \/>\n\t<meta name=\"twitter:label2\" content=\"Dur\u00e9e de lecture estim\u00e9e\" \/>\n\t<meta name=\"twitter:data2\" content=\"1 minute\" \/>\n<script type=\"application\/ld+json\" class=\"yoast-schema-graph\">{\"@context\":\"https:\/\/schema.org\",\"@graph\":[{\"@type\":\"Article\",\"@id\":\"https:\/\/newsestlyonnais.fr\/site\/2017\/04\/18\/genas-six-formations-assurees-pour-les-aidants\/#article\",\"isPartOf\":{\"@id\":\"https:\/\/newsestlyonnais.fr\/site\/2017\/04\/18\/genas-six-formations-assurees-pour-les-aidants\/\"},\"author\":{\"name\":\"R\u00e9dac. NEWS\",\"@id\":\"https:\/\/newsestlyonnais.fr\/site\/#\/schema\/person\/3230d5615f390bb808365d673001e887\"},\"headline\":\"GENAS | Six formations assur\u00e9es pour les aidants\",\"datePublished\":\"2017-04-18T15:49:56+00:00\",\"dateModified\":\"2020-11-19T11:40:17+00:00\",\"mainEntityOfPage\":{\"@id\":\"https:\/\/newsestlyonnais.fr\/site\/2017\/04\/18\/genas-six-formations-assurees-pour-les-aidants\/\"},\"wordCount\":164,\"commentCount\":0,\"publisher\":{\"@id\":\"https:\/\/newsestlyonnais.fr\/site\/#organization\"},\"image\":{\"@id\":\"https:\/\/newsestlyonnais.fr\/site\/2017\/04\/18\/genas-six-formations-assurees-pour-les-aidants\/#primaryimage\"},\"thumbnailUrl\":\"https:\/\/newsestlyonnais.fr\/site\/wp-content\/uploads\/2016\/05\/NEWSESTLYONNAISPANNEAUGENAS-1.jpg\",\"articleSection\":[\"CCEL | Communes\",\"Genas\",\"Sant\u00e9 | Bien Etre | Solidarit\u00e9\"],\"inLanguage\":\"fr-FR\",\"potentialAction\":[{\"@type\":\"CommentAction\",\"name\":\"Comment\",\"target\":[\"https:\/\/newsestlyonnais.fr\/site\/2017\/04\/18\/genas-six-formations-assurees-pour-les-aidants\/#respond\"]}]},{\"@type\":\"WebPage\",\"@id\":\"https:\/\/newsestlyonnais.fr\/site\/2017\/04\/18\/genas-six-formations-assurees-pour-les-aidants\/\",\"url\":\"https:\/\/newsestlyonnais.fr\/site\/2017\/04\/18\/genas-six-formations-assurees-pour-les-aidants\/\",\"name\":\"GENAS : Six formations assur\u00e9es pour les aidants\",\"isPartOf\":{\"@id\":\"https:\/\/newsestlyonnais.fr\/site\/#website\"},\"primaryImageOfPage\":{\"@id\":\"https:\/\/newsestlyonnais.fr\/site\/2017\/04\/18\/genas-six-formations-assurees-pour-les-aidants\/#primaryimage\"},\"image\":{\"@id\":\"https:\/\/newsestlyonnais.fr\/site\/2017\/04\/18\/genas-six-formations-assurees-pour-les-aidants\/#primaryimage\"},\"thumbnailUrl\":\"https:\/\/newsestlyonnais.fr\/site\/wp-content\/uploads\/2016\/05\/NEWSESTLYONNAISPANNEAUGENAS-1.jpg\",\"datePublished\":\"2017-04-18T15:49:56+00:00\",\"dateModified\":\"2020-11-19T11:40:17+00:00\",\"description\":\"GENAS : Six formations assur\u00e9es pour les aidants\",\"breadcrumb\":{\"@id\":\"https:\/\/newsestlyonnais.fr\/site\/2017\/04\/18\/genas-six-formations-assurees-pour-les-aidants\/#breadcrumb\"},\"inLanguage\":\"fr-FR\",\"potentialAction\":[{\"@type\":\"ReadAction\",\"target\":[\"https:\/\/newsestlyonnais.fr\/site\/2017\/04\/18\/genas-six-formations-assurees-pour-les-aidants\/\"]}]},{\"@type\":\"ImageObject\",\"inLanguage\":\"fr-FR\",\"@id\":\"https:\/\/newsestlyonnais.fr\/site\/2017\/04\/18\/genas-six-formations-assurees-pour-les-aidants\/#primaryimage\",\"url\":\"https:\/\/newsestlyonnais.fr\/site\/wp-content\/uploads\/2016\/05\/NEWSESTLYONNAISPANNEAUGENAS-1.jpg\",\"contentUrl\":\"https:\/\/newsestlyonnais.fr\/site\/wp-content\/uploads\/2016\/05\/NEWSESTLYONNAISPANNEAUGENAS-1.jpg\",\"width\":1000,\"height\":750,\"caption\":\"NEWSESTLYONNAISPANNEAUGENAS\"},{\"@type\":\"BreadcrumbList\",\"@id\":\"https:\/\/newsestlyonnais.fr\/site\/2017\/04\/18\/genas-six-formations-assurees-pour-les-aidants\/#breadcrumb\",\"itemListElement\":[{\"@type\":\"ListItem\",\"position\":1,\"name\":\"Accueil\",\"item\":\"https:\/\/newsestlyonnais.fr\/site\/\"},{\"@type\":\"ListItem\",\"position\":2,\"name\":\"GENAS | Six formations assur\u00e9es pour les aidants\"}]},{\"@type\":\"WebSite\",\"@id\":\"https:\/\/newsestlyonnais.fr\/site\/#website\",\"url\":\"https:\/\/newsestlyonnais.fr\/site\/\",\"name\":\"News Est Lyonnais\",\"description\":\"L&#039;actualit\u00e9 au plus pr\u00e8s\",\"publisher\":{\"@id\":\"https:\/\/newsestlyonnais.fr\/site\/#organization\"},\"potentialAction\":[{\"@type\":\"SearchAction\",\"target\":{\"@type\":\"EntryPoint\",\"urlTemplate\":\"https:\/\/newsestlyonnais.fr\/site\/?s={search_term_string}\"},\"query-input\":{\"@type\":\"PropertyValueSpecification\",\"valueRequired\":true,\"valueName\":\"search_term_string\"}}],\"inLanguage\":\"fr-FR\"},{\"@type\":\"Organization\",\"@id\":\"https:\/\/newsestlyonnais.fr\/site\/#organization\",\"name\":\"News EST LYONNAIS\",\"url\":\"https:\/\/newsestlyonnais.fr\/site\/\",\"logo\":{\"@type\":\"ImageObject\",\"inLanguage\":\"fr-FR\",\"@id\":\"https:\/\/newsestlyonnais.fr\/site\/#\/schema\/logo\/image\/\",\"url\":\"\",\"contentUrl\":\"\",\"caption\":\"News EST LYONNAIS\"},\"image\":{\"@id\":\"https:\/\/newsestlyonnais.fr\/site\/#\/schema\/logo\/image\/\"}},{\"@type\":\"Person\",\"@id\":\"https:\/\/newsestlyonnais.fr\/site\/#\/schema\/person\/3230d5615f390bb808365d673001e887\",\"name\":\"R\u00e9dac. NEWS\",\"sameAs\":[\"http:\/\/www.newsestlyonnais.fr\",\"https:\/\/www.facebook.com\/pascal.oberson.1?fref=ts\",\"https:\/\/fr.linkedin.com\/in\/pascal-oberson-b17045113\"],\"url\":\"https:\/\/newsestlyonnais.fr\/site\/author\/nel\/\"}]}<\/script>\n<!-- \/ Yoast SEO plugin. -->","yoast_head_json":{"title":"GENAS : Six formations assur\u00e9es pour les aidants","description":"GENAS : Six formations assur\u00e9es pour les aidants","robots":{"index":"index","follow":"follow","max-snippet":"max-snippet:-1","max-image-preview":"max-image-preview:large","max-video-preview":"max-video-preview:-1"},"canonical":"https:\/\/newsestlyonnais.fr\/site\/2017\/04\/18\/genas-six-formations-assurees-pour-les-aidants\/","og_locale":"fr_FR","og_type":"article","og_title":"GENAS : Six formations assur\u00e9es pour les aidants","og_description":"GENAS : Six formations assur\u00e9es pour les aidants","og_url":"https:\/\/newsestlyonnais.fr\/site\/2017\/04\/18\/genas-six-formations-assurees-pour-les-aidants\/","og_site_name":"News Est Lyonnais","article_author":"https:\/\/www.facebook.com\/pascal.oberson.1?fref=ts","article_published_time":"2017-04-18T15:49:56+00:00","article_modified_time":"2020-11-19T11:40:17+00:00","og_image":[{"width":1000,"height":750,"url":"https:\/\/i0.wp.com\/newsestlyonnais.fr\/site\/wp-content\/uploads\/2016\/05\/NEWSESTLYONNAISPANNEAUGENAS-1.jpg?fit=1000%2C750&ssl=1","type":"image\/jpeg"}],"author":"R\u00e9dac. NEWS","twitter_card":"summary_large_image","twitter_misc":{"\u00c9crit par":"R\u00e9dac. NEWS","Dur\u00e9e de lecture estim\u00e9e":"1 minute"},"schema":{"@context":"https:\/\/schema.org","@graph":[{"@type":"Article","@id":"https:\/\/newsestlyonnais.fr\/site\/2017\/04\/18\/genas-six-formations-assurees-pour-les-aidants\/#article","isPartOf":{"@id":"https:\/\/newsestlyonnais.fr\/site\/2017\/04\/18\/genas-six-formations-assurees-pour-les-aidants\/"},"author":{"name":"R\u00e9dac. NEWS","@id":"https:\/\/newsestlyonnais.fr\/site\/#\/schema\/person\/3230d5615f390bb808365d673001e887"},"headline":"GENAS | Six formations assur\u00e9es pour les aidants","datePublished":"2017-04-18T15:49:56+00:00","dateModified":"2020-11-19T11:40:17+00:00","mainEntityOfPage":{"@id":"https:\/\/newsestlyonnais.fr\/site\/2017\/04\/18\/genas-six-formations-assurees-pour-les-aidants\/"},"wordCount":164,"commentCount":0,"publisher":{"@id":"https:\/\/newsestlyonnais.fr\/site\/#organization"},"image":{"@id":"https:\/\/newsestlyonnais.fr\/site\/2017\/04\/18\/genas-six-formations-assurees-pour-les-aidants\/#primaryimage"},"thumbnailUrl":"https:\/\/newsestlyonnais.fr\/site\/wp-content\/uploads\/2016\/05\/NEWSESTLYONNAISPANNEAUGENAS-1.jpg","articleSection":["CCEL | Communes","Genas","Sant\u00e9 | Bien Etre | Solidarit\u00e9"],"inLanguage":"fr-FR","potentialAction":[{"@type":"CommentAction","name":"Comment","target":["https:\/\/newsestlyonnais.fr\/site\/2017\/04\/18\/genas-six-formations-assurees-pour-les-aidants\/#respond"]}]},{"@type":"WebPage","@id":"https:\/\/newsestlyonnais.fr\/site\/2017\/04\/18\/genas-six-formations-assurees-pour-les-aidants\/","url":"https:\/\/newsestlyonnais.fr\/site\/2017\/04\/18\/genas-six-formations-assurees-pour-les-aidants\/","name":"GENAS : Six formations assur\u00e9es pour les aidants","isPartOf":{"@id":"https:\/\/newsestlyonnais.fr\/site\/#website"},"primaryImageOfPage":{"@id":"https:\/\/newsestlyonnais.fr\/site\/2017\/04\/18\/genas-six-formations-assurees-pour-les-aidants\/#primaryimage"},"image":{"@id":"https:\/\/newsestlyonnais.fr\/site\/2017\/04\/18\/genas-six-formations-assurees-pour-les-aidants\/#primaryimage"},"thumbnailUrl":"https:\/\/newsestlyonnais.fr\/site\/wp-content\/uploads\/2016\/05\/NEWSESTLYONNAISPANNEAUGENAS-1.jpg","datePublished":"2017-04-18T15:49:56+00:00","dateModified":"2020-11-19T11:40:17+00:00","description":"GENAS : Six formations assur\u00e9es pour les aidants","breadcrumb":{"@id":"https:\/\/newsestlyonnais.fr\/site\/2017\/04\/18\/genas-six-formations-assurees-pour-les-aidants\/#breadcrumb"},"inLanguage":"fr-FR","potentialAction":[{"@type":"ReadAction","target":["https:\/\/newsestlyonnais.fr\/site\/2017\/04\/18\/genas-six-formations-assurees-pour-les-aidants\/"]}]},{"@type":"ImageObject","inLanguage":"fr-FR","@id":"https:\/\/newsestlyonnais.fr\/site\/2017\/04\/18\/genas-six-formations-assurees-pour-les-aidants\/#primaryimage","url":"https:\/\/newsestlyonnais.fr\/site\/wp-content\/uploads\/2016\/05\/NEWSESTLYONNAISPANNEAUGENAS-1.jpg","contentUrl":"https:\/\/newsestlyonnais.fr\/site\/wp-content\/uploads\/2016\/05\/NEWSESTLYONNAISPANNEAUGENAS-1.jpg","width":1000,"height":750,"caption":"NEWSESTLYONNAISPANNEAUGENAS"},{"@type":"BreadcrumbList","@id":"https:\/\/newsestlyonnais.fr\/site\/2017\/04\/18\/genas-six-formations-assurees-pour-les-aidants\/#breadcrumb","itemListElement":[{"@type":"ListItem","position":1,"name":"Accueil","item":"https:\/\/newsestlyonnais.fr\/site\/"},{"@type":"ListItem","position":2,"name":"GENAS | Six formations assur\u00e9es pour les aidants"}]},{"@type":"WebSite","@id":"https:\/\/newsestlyonnais.fr\/site\/#website","url":"https:\/\/newsestlyonnais.fr\/site\/","name":"News Est Lyonnais","description":"L&#039;actualit\u00e9 au plus pr\u00e8s","publisher":{"@id":"https:\/\/newsestlyonnais.fr\/site\/#organization"},"potentialAction":[{"@type":"SearchAction","target":{"@type":"EntryPoint","urlTemplate":"https:\/\/newsestlyonnais.fr\/site\/?s={search_term_string}"},"query-input":{"@type":"PropertyValueSpecification","valueRequired":true,"valueName":"search_term_string"}}],"inLanguage":"fr-FR"},{"@type":"Organization","@id":"https:\/\/newsestlyonnais.fr\/site\/#organization","name":"News EST LYONNAIS","url":"https:\/\/newsestlyonnais.fr\/site\/","logo":{"@type":"ImageObject","inLanguage":"fr-FR","@id":"https:\/\/newsestlyonnais.fr\/site\/#\/schema\/logo\/image\/","url":"","contentUrl":"","caption":"News EST LYONNAIS"},"image":{"@id":"https:\/\/newsestlyonnais.fr\/site\/#\/schema\/logo\/image\/"}},{"@type":"Person","@id":"https:\/\/newsestlyonnais.fr\/site\/#\/schema\/person\/3230d5615f390bb808365d673001e887","name":"R\u00e9dac. NEWS","sameAs":["http:\/\/www.newsestlyonnais.fr","https:\/\/www.facebook.com\/pascal.oberson.1?fref=ts","https:\/\/fr.linkedin.com\/in\/pascal-oberson-b17045113"],"url":"https:\/\/newsestlyonnais.fr\/site\/author\/nel\/"}]}},"_links":{"self":[{"href":"https:\/\/newsestlyonnais.fr\/site\/wp-json\/wp\/v2\/posts\/24800","targetHints":{"allow":["GET"]}}],"collection":[{"href":"https:\/\/newsestlyonnais.fr\/site\/wp-json\/wp\/v2\/posts"}],"about":[{"href":"https:\/\/newsestlyonnais.fr\/site\/wp-json\/wp\/v2\/types\/post"}],"author":[{"embeddable":true,"href":"https:\/\/newsestlyonnais.fr\/site\/wp-json\/wp\/v2\/users\/4"}],"replies":[{"embeddable":true,"href":"https:\/\/newsestlyonnais.fr\/site\/wp-json\/wp\/v2\/comments?post=24800"}],"version-history":[{"count":0,"href":"https:\/\/newsestlyonnais.fr\/site\/wp-json\/wp\/v2\/posts\/24800\/revisions"}],"wp:featuredmedia":[{"embeddable":true,"href":"https:\/\/newsestlyonnais.fr\/site\/wp-json\/wp\/v2\/media\/8137"}],"wp:attachment":[{"href":"https:\/\/newsestlyonnais.fr\/site\/wp-json\/wp\/v2\/media?parent=24800"}],"wp:term":[{"taxonomy":"category","embeddable":true,"href":"https:\/\/newsestlyonnais.fr\/site\/wp-json\/wp\/v2\/categories?post=24800"},{"taxonomy":"post_tag","embeddable":true,"href":"https:\/\/newsestlyonnais.fr\/site\/wp-json\/wp\/v2\/tags?post=24800"}],"curies":[{"name":"wp","href":"https:\/\/api.w.org\/{rel}","templated":true}]}}