{"id":24903,"date":"2017-04-20T12:50:29","date_gmt":"2017-04-20T11:50:29","guid":{"rendered":"http:\/\/newsestlyonnais.fr\/site\/?p=24903"},"modified":"2020-11-17T11:51:14","modified_gmt":"2020-11-17T10:51:14","slug":"villeurbanne-commemoration-du-genocide-des-armeniens","status":"publish","type":"post","link":"https:\/\/newsestlyonnais.fr\/site\/2017\/04\/20\/villeurbanne-commemoration-du-genocide-des-armeniens\/","title":{"rendered":"VILLEURBANNE | Comm\u00e9moration samedi matin du g\u00e9nocide des Arm\u00e9niens"},"content":{"rendered":"<p>Villeurbanne va organiser, pour la quinzi\u00e8me fois, une c\u00e9r\u00e9monie de comm\u00e9moration du g\u00e9nocide des Arm\u00e9niens qui se d\u00e9roulera samedi 22 avril en fin de matin\u00e9e.<\/p>\n<p>Un moment de recueillement et de c\u00e9l\u00e9bration pour ne pas oublier ce crime contre l\u2019humanit\u00e9, premier g\u00e9nocide du 20\u00b0 si\u00e8cle. Samedi 22 avril, une c\u00e9r\u00e9monie de comm\u00e9moration du g\u00e9nocide des Arm\u00e9niens se d\u00e9roulera en deux temps: un moment de recueillement puis une c\u00e9r\u00e9monie autour de lectures et de chansons.<br \/>\nA partir de 11 heures dans les salons de l\u2019h\u00f4tel de ville, un duo \u00abcontrast\u00e9\u00bb portera l\u2019histoire de l\u2019Arm\u00e9nie dans un tableau en \u00ab clair-obscur \u00bb: Lilith Gu\u00e9gamian, musicienne tout en sensibilit\u00e9 et Jacky Nercessian, com\u00e9dien \u00e0 la fois sobre et exub\u00e9rant.<br \/>\nSouvenirs d\u2019enfance, traces et contrastes devraient \u00eatre au c\u0153ur concern\u00e9 des lectures qu\u2019il aura choisies, auxquelles s\u2019ajouteront des extraits de Le Vanetsi, dans lequel l\u2019\u00e9crivain Victor Gardon raconte l\u2019histoire d\u2019un jeune gar\u00e7on \u00e0 l\u2019\u00e9poque de la domination turque en Arm\u00e9nie. La guitariste et chanteuse Lilith Gu\u00e9gamian, interpr\u00e9tera, quant \u00e0 elle, des chants traditionnels \u00e0 partir de ses propres arrangements.<\/p>\n<ul>\n<li>Cette c\u00e9r\u00e9monie sera pr\u00e9c\u00e9d\u00e9e d\u2019un temps de recueillement \u00e0 10 h 30, devant le m\u00e9morial du g\u00e9nocide des Arm\u00e9niens de Villeurbanne, sur la place Pierre-Mend\u00e8s-France.<\/li>\n<\/ul>\n","protected":false},"excerpt":{"rendered":"<p>Villeurbanne va organiser, pour la quinzi\u00e8me fois, une c\u00e9r\u00e9monie de comm\u00e9moration du g\u00e9nocide des Arm\u00e9niens qui se d\u00e9roulera samedi 22 avril en fin de matin\u00e9e. Un moment de recueillement et de c\u00e9l\u00e9bration pour ne pas oublier ce crime contre l\u2019humanit\u00e9, premier g\u00e9nocide du 20\u00b0 si\u00e8cle. Samedi 22 avril, une c\u00e9r\u00e9monie de comm\u00e9moration du g\u00e9nocide des [&hellip;]<\/p>\n","protected":false},"author":4,"featured_media":12277,"comment_status":"open","ping_status":"open","sticky":false,"template":"","format":"standard","meta":{"footnotes":""},"categories":[1219,29],"tags":[],"class_list":["post-24903","post","type-post","status-publish","format-standard","has-post-thumbnail","hentry","category-religion-seniors-souvenir","category-villeurbanne"],"yoast_head":"<!-- This site is optimized with the Yoast SEO plugin v27.2 - https:\/\/yoast.com\/product\/yoast-seo-wordpress\/ -->\n<title>VILLEURBANNE : Comm\u00e9moration samedi matin du g\u00e9nocide des Arm\u00e9niens<\/title>\n<meta name=\"description\" content=\"VILLEURBANNE : Comm\u00e9moration samedi matin du g\u00e9nocide des Arm\u00e9niens\" \/>\n<meta name=\"robots\" content=\"index, follow, max-snippet:-1, max-image-preview:large, max-video-preview:-1\" \/>\n<link rel=\"canonical\" href=\"https:\/\/newsestlyonnais.fr\/site\/2017\/04\/20\/villeurbanne-commemoration-du-genocide-des-armeniens\/\" \/>\n<meta property=\"og:locale\" content=\"fr_FR\" \/>\n<meta property=\"og:type\" content=\"article\" \/>\n<meta property=\"og:title\" content=\"VILLEURBANNE : Comm\u00e9moration samedi matin du g\u00e9nocide des Arm\u00e9niens\" \/>\n<meta property=\"og:description\" content=\"VILLEURBANNE : Comm\u00e9moration samedi matin du g\u00e9nocide des Arm\u00e9niens\" \/>\n<meta property=\"og:url\" content=\"https:\/\/newsestlyonnais.fr\/site\/2017\/04\/20\/villeurbanne-commemoration-du-genocide-des-armeniens\/\" \/>\n<meta property=\"og:site_name\" content=\"News Est Lyonnais\" \/>\n<meta property=\"article:author\" content=\"https:\/\/www.facebook.com\/pascal.oberson.1?fref=ts\" \/>\n<meta property=\"article:published_time\" content=\"2017-04-20T11:50:29+00:00\" \/>\n<meta property=\"article:modified_time\" content=\"2020-11-17T10:51:14+00:00\" \/>\n<meta property=\"og:image\" content=\"https:\/\/i0.wp.com\/newsestlyonnais.fr\/site\/wp-content\/uploads\/2016\/09\/NEWSESTLYONNAIS-PANNEAUVILLEURBANNE.jpg?fit=1000%2C750&ssl=1\" \/>\n\t<meta property=\"og:image:width\" content=\"1000\" \/>\n\t<meta property=\"og:image:height\" content=\"750\" \/>\n\t<meta property=\"og:image:type\" content=\"image\/jpeg\" \/>\n<meta name=\"author\" content=\"R\u00e9dac. NEWS\" \/>\n<meta name=\"twitter:card\" content=\"summary_large_image\" \/>\n<meta name=\"twitter:label1\" content=\"\u00c9crit par\" \/>\n\t<meta name=\"twitter:data1\" content=\"R\u00e9dac. NEWS\" \/>\n\t<meta name=\"twitter:label2\" content=\"Dur\u00e9e de lecture estim\u00e9e\" \/>\n\t<meta name=\"twitter:data2\" content=\"1 minute\" \/>\n<script type=\"application\/ld+json\" class=\"yoast-schema-graph\">{\"@context\":\"https:\/\/schema.org\",\"@graph\":[{\"@type\":\"Article\",\"@id\":\"https:\/\/newsestlyonnais.fr\/site\/2017\/04\/20\/villeurbanne-commemoration-du-genocide-des-armeniens\/#article\",\"isPartOf\":{\"@id\":\"https:\/\/newsestlyonnais.fr\/site\/2017\/04\/20\/villeurbanne-commemoration-du-genocide-des-armeniens\/\"},\"author\":{\"name\":\"R\u00e9dac. NEWS\",\"@id\":\"https:\/\/newsestlyonnais.fr\/site\/#\/schema\/person\/3230d5615f390bb808365d673001e887\"},\"headline\":\"VILLEURBANNE | Comm\u00e9moration samedi matin du g\u00e9nocide des Arm\u00e9niens\",\"datePublished\":\"2017-04-20T11:50:29+00:00\",\"dateModified\":\"2020-11-17T10:51:14+00:00\",\"mainEntityOfPage\":{\"@id\":\"https:\/\/newsestlyonnais.fr\/site\/2017\/04\/20\/villeurbanne-commemoration-du-genocide-des-armeniens\/\"},\"wordCount\":249,\"commentCount\":0,\"publisher\":{\"@id\":\"https:\/\/newsestlyonnais.fr\/site\/#organization\"},\"image\":{\"@id\":\"https:\/\/newsestlyonnais.fr\/site\/2017\/04\/20\/villeurbanne-commemoration-du-genocide-des-armeniens\/#primaryimage\"},\"thumbnailUrl\":\"https:\/\/newsestlyonnais.fr\/site\/wp-content\/uploads\/2016\/09\/NEWSESTLYONNAIS-PANNEAUVILLEURBANNE.jpg\",\"articleSection\":[\"Religion | Seniors | Souvenir\",\"Villeurbanne\"],\"inLanguage\":\"fr-FR\",\"potentialAction\":[{\"@type\":\"CommentAction\",\"name\":\"Comment\",\"target\":[\"https:\/\/newsestlyonnais.fr\/site\/2017\/04\/20\/villeurbanne-commemoration-du-genocide-des-armeniens\/#respond\"]}]},{\"@type\":\"WebPage\",\"@id\":\"https:\/\/newsestlyonnais.fr\/site\/2017\/04\/20\/villeurbanne-commemoration-du-genocide-des-armeniens\/\",\"url\":\"https:\/\/newsestlyonnais.fr\/site\/2017\/04\/20\/villeurbanne-commemoration-du-genocide-des-armeniens\/\",\"name\":\"VILLEURBANNE : Comm\u00e9moration samedi matin du g\u00e9nocide des Arm\u00e9niens\",\"isPartOf\":{\"@id\":\"https:\/\/newsestlyonnais.fr\/site\/#website\"},\"primaryImageOfPage\":{\"@id\":\"https:\/\/newsestlyonnais.fr\/site\/2017\/04\/20\/villeurbanne-commemoration-du-genocide-des-armeniens\/#primaryimage\"},\"image\":{\"@id\":\"https:\/\/newsestlyonnais.fr\/site\/2017\/04\/20\/villeurbanne-commemoration-du-genocide-des-armeniens\/#primaryimage\"},\"thumbnailUrl\":\"https:\/\/newsestlyonnais.fr\/site\/wp-content\/uploads\/2016\/09\/NEWSESTLYONNAIS-PANNEAUVILLEURBANNE.jpg\",\"datePublished\":\"2017-04-20T11:50:29+00:00\",\"dateModified\":\"2020-11-17T10:51:14+00:00\",\"description\":\"VILLEURBANNE : Comm\u00e9moration samedi matin du g\u00e9nocide des Arm\u00e9niens\",\"breadcrumb\":{\"@id\":\"https:\/\/newsestlyonnais.fr\/site\/2017\/04\/20\/villeurbanne-commemoration-du-genocide-des-armeniens\/#breadcrumb\"},\"inLanguage\":\"fr-FR\",\"potentialAction\":[{\"@type\":\"ReadAction\",\"target\":[\"https:\/\/newsestlyonnais.fr\/site\/2017\/04\/20\/villeurbanne-commemoration-du-genocide-des-armeniens\/\"]}]},{\"@type\":\"ImageObject\",\"inLanguage\":\"fr-FR\",\"@id\":\"https:\/\/newsestlyonnais.fr\/site\/2017\/04\/20\/villeurbanne-commemoration-du-genocide-des-armeniens\/#primaryimage\",\"url\":\"https:\/\/newsestlyonnais.fr\/site\/wp-content\/uploads\/2016\/09\/NEWSESTLYONNAIS-PANNEAUVILLEURBANNE.jpg\",\"contentUrl\":\"https:\/\/newsestlyonnais.fr\/site\/wp-content\/uploads\/2016\/09\/NEWSESTLYONNAIS-PANNEAUVILLEURBANNE.jpg\",\"width\":1000,\"height\":750,\"caption\":\"newsestlyonnais-panneauvilleurbanne\"},{\"@type\":\"BreadcrumbList\",\"@id\":\"https:\/\/newsestlyonnais.fr\/site\/2017\/04\/20\/villeurbanne-commemoration-du-genocide-des-armeniens\/#breadcrumb\",\"itemListElement\":[{\"@type\":\"ListItem\",\"position\":1,\"name\":\"Accueil\",\"item\":\"https:\/\/newsestlyonnais.fr\/site\/\"},{\"@type\":\"ListItem\",\"position\":2,\"name\":\"VILLEURBANNE | Comm\u00e9moration samedi matin du g\u00e9nocide des Arm\u00e9niens\"}]},{\"@type\":\"WebSite\",\"@id\":\"https:\/\/newsestlyonnais.fr\/site\/#website\",\"url\":\"https:\/\/newsestlyonnais.fr\/site\/\",\"name\":\"News Est Lyonnais\",\"description\":\"L&#039;actualit\u00e9 au plus pr\u00e8s\",\"publisher\":{\"@id\":\"https:\/\/newsestlyonnais.fr\/site\/#organization\"},\"potentialAction\":[{\"@type\":\"SearchAction\",\"target\":{\"@type\":\"EntryPoint\",\"urlTemplate\":\"https:\/\/newsestlyonnais.fr\/site\/?s={search_term_string}\"},\"query-input\":{\"@type\":\"PropertyValueSpecification\",\"valueRequired\":true,\"valueName\":\"search_term_string\"}}],\"inLanguage\":\"fr-FR\"},{\"@type\":\"Organization\",\"@id\":\"https:\/\/newsestlyonnais.fr\/site\/#organization\",\"name\":\"News EST LYONNAIS\",\"url\":\"https:\/\/newsestlyonnais.fr\/site\/\",\"logo\":{\"@type\":\"ImageObject\",\"inLanguage\":\"fr-FR\",\"@id\":\"https:\/\/newsestlyonnais.fr\/site\/#\/schema\/logo\/image\/\",\"url\":\"\",\"contentUrl\":\"\",\"caption\":\"News EST LYONNAIS\"},\"image\":{\"@id\":\"https:\/\/newsestlyonnais.fr\/site\/#\/schema\/logo\/image\/\"}},{\"@type\":\"Person\",\"@id\":\"https:\/\/newsestlyonnais.fr\/site\/#\/schema\/person\/3230d5615f390bb808365d673001e887\",\"name\":\"R\u00e9dac. NEWS\",\"sameAs\":[\"http:\/\/www.newsestlyonnais.fr\",\"https:\/\/www.facebook.com\/pascal.oberson.1?fref=ts\",\"https:\/\/fr.linkedin.com\/in\/pascal-oberson-b17045113\"],\"url\":\"https:\/\/newsestlyonnais.fr\/site\/author\/nel\/\"}]}<\/script>\n<!-- \/ Yoast SEO plugin. -->","yoast_head_json":{"title":"VILLEURBANNE : Comm\u00e9moration samedi matin du g\u00e9nocide des Arm\u00e9niens","description":"VILLEURBANNE : Comm\u00e9moration samedi matin du g\u00e9nocide des Arm\u00e9niens","robots":{"index":"index","follow":"follow","max-snippet":"max-snippet:-1","max-image-preview":"max-image-preview:large","max-video-preview":"max-video-preview:-1"},"canonical":"https:\/\/newsestlyonnais.fr\/site\/2017\/04\/20\/villeurbanne-commemoration-du-genocide-des-armeniens\/","og_locale":"fr_FR","og_type":"article","og_title":"VILLEURBANNE : Comm\u00e9moration samedi matin du g\u00e9nocide des Arm\u00e9niens","og_description":"VILLEURBANNE : Comm\u00e9moration samedi matin du g\u00e9nocide des Arm\u00e9niens","og_url":"https:\/\/newsestlyonnais.fr\/site\/2017\/04\/20\/villeurbanne-commemoration-du-genocide-des-armeniens\/","og_site_name":"News Est Lyonnais","article_author":"https:\/\/www.facebook.com\/pascal.oberson.1?fref=ts","article_published_time":"2017-04-20T11:50:29+00:00","article_modified_time":"2020-11-17T10:51:14+00:00","og_image":[{"width":1000,"height":750,"url":"https:\/\/i0.wp.com\/newsestlyonnais.fr\/site\/wp-content\/uploads\/2016\/09\/NEWSESTLYONNAIS-PANNEAUVILLEURBANNE.jpg?fit=1000%2C750&ssl=1","type":"image\/jpeg"}],"author":"R\u00e9dac. NEWS","twitter_card":"summary_large_image","twitter_misc":{"\u00c9crit par":"R\u00e9dac. NEWS","Dur\u00e9e de lecture estim\u00e9e":"1 minute"},"schema":{"@context":"https:\/\/schema.org","@graph":[{"@type":"Article","@id":"https:\/\/newsestlyonnais.fr\/site\/2017\/04\/20\/villeurbanne-commemoration-du-genocide-des-armeniens\/#article","isPartOf":{"@id":"https:\/\/newsestlyonnais.fr\/site\/2017\/04\/20\/villeurbanne-commemoration-du-genocide-des-armeniens\/"},"author":{"name":"R\u00e9dac. NEWS","@id":"https:\/\/newsestlyonnais.fr\/site\/#\/schema\/person\/3230d5615f390bb808365d673001e887"},"headline":"VILLEURBANNE | Comm\u00e9moration samedi matin du g\u00e9nocide des Arm\u00e9niens","datePublished":"2017-04-20T11:50:29+00:00","dateModified":"2020-11-17T10:51:14+00:00","mainEntityOfPage":{"@id":"https:\/\/newsestlyonnais.fr\/site\/2017\/04\/20\/villeurbanne-commemoration-du-genocide-des-armeniens\/"},"wordCount":249,"commentCount":0,"publisher":{"@id":"https:\/\/newsestlyonnais.fr\/site\/#organization"},"image":{"@id":"https:\/\/newsestlyonnais.fr\/site\/2017\/04\/20\/villeurbanne-commemoration-du-genocide-des-armeniens\/#primaryimage"},"thumbnailUrl":"https:\/\/newsestlyonnais.fr\/site\/wp-content\/uploads\/2016\/09\/NEWSESTLYONNAIS-PANNEAUVILLEURBANNE.jpg","articleSection":["Religion | Seniors | Souvenir","Villeurbanne"],"inLanguage":"fr-FR","potentialAction":[{"@type":"CommentAction","name":"Comment","target":["https:\/\/newsestlyonnais.fr\/site\/2017\/04\/20\/villeurbanne-commemoration-du-genocide-des-armeniens\/#respond"]}]},{"@type":"WebPage","@id":"https:\/\/newsestlyonnais.fr\/site\/2017\/04\/20\/villeurbanne-commemoration-du-genocide-des-armeniens\/","url":"https:\/\/newsestlyonnais.fr\/site\/2017\/04\/20\/villeurbanne-commemoration-du-genocide-des-armeniens\/","name":"VILLEURBANNE : Comm\u00e9moration samedi matin du g\u00e9nocide des Arm\u00e9niens","isPartOf":{"@id":"https:\/\/newsestlyonnais.fr\/site\/#website"},"primaryImageOfPage":{"@id":"https:\/\/newsestlyonnais.fr\/site\/2017\/04\/20\/villeurbanne-commemoration-du-genocide-des-armeniens\/#primaryimage"},"image":{"@id":"https:\/\/newsestlyonnais.fr\/site\/2017\/04\/20\/villeurbanne-commemoration-du-genocide-des-armeniens\/#primaryimage"},"thumbnailUrl":"https:\/\/newsestlyonnais.fr\/site\/wp-content\/uploads\/2016\/09\/NEWSESTLYONNAIS-PANNEAUVILLEURBANNE.jpg","datePublished":"2017-04-20T11:50:29+00:00","dateModified":"2020-11-17T10:51:14+00:00","description":"VILLEURBANNE : Comm\u00e9moration samedi matin du g\u00e9nocide des Arm\u00e9niens","breadcrumb":{"@id":"https:\/\/newsestlyonnais.fr\/site\/2017\/04\/20\/villeurbanne-commemoration-du-genocide-des-armeniens\/#breadcrumb"},"inLanguage":"fr-FR","potentialAction":[{"@type":"ReadAction","target":["https:\/\/newsestlyonnais.fr\/site\/2017\/04\/20\/villeurbanne-commemoration-du-genocide-des-armeniens\/"]}]},{"@type":"ImageObject","inLanguage":"fr-FR","@id":"https:\/\/newsestlyonnais.fr\/site\/2017\/04\/20\/villeurbanne-commemoration-du-genocide-des-armeniens\/#primaryimage","url":"https:\/\/newsestlyonnais.fr\/site\/wp-content\/uploads\/2016\/09\/NEWSESTLYONNAIS-PANNEAUVILLEURBANNE.jpg","contentUrl":"https:\/\/newsestlyonnais.fr\/site\/wp-content\/uploads\/2016\/09\/NEWSESTLYONNAIS-PANNEAUVILLEURBANNE.jpg","width":1000,"height":750,"caption":"newsestlyonnais-panneauvilleurbanne"},{"@type":"BreadcrumbList","@id":"https:\/\/newsestlyonnais.fr\/site\/2017\/04\/20\/villeurbanne-commemoration-du-genocide-des-armeniens\/#breadcrumb","itemListElement":[{"@type":"ListItem","position":1,"name":"Accueil","item":"https:\/\/newsestlyonnais.fr\/site\/"},{"@type":"ListItem","position":2,"name":"VILLEURBANNE | Comm\u00e9moration samedi matin du g\u00e9nocide des Arm\u00e9niens"}]},{"@type":"WebSite","@id":"https:\/\/newsestlyonnais.fr\/site\/#website","url":"https:\/\/newsestlyonnais.fr\/site\/","name":"News Est Lyonnais","description":"L&#039;actualit\u00e9 au plus pr\u00e8s","publisher":{"@id":"https:\/\/newsestlyonnais.fr\/site\/#organization"},"potentialAction":[{"@type":"SearchAction","target":{"@type":"EntryPoint","urlTemplate":"https:\/\/newsestlyonnais.fr\/site\/?s={search_term_string}"},"query-input":{"@type":"PropertyValueSpecification","valueRequired":true,"valueName":"search_term_string"}}],"inLanguage":"fr-FR"},{"@type":"Organization","@id":"https:\/\/newsestlyonnais.fr\/site\/#organization","name":"News EST LYONNAIS","url":"https:\/\/newsestlyonnais.fr\/site\/","logo":{"@type":"ImageObject","inLanguage":"fr-FR","@id":"https:\/\/newsestlyonnais.fr\/site\/#\/schema\/logo\/image\/","url":"","contentUrl":"","caption":"News EST LYONNAIS"},"image":{"@id":"https:\/\/newsestlyonnais.fr\/site\/#\/schema\/logo\/image\/"}},{"@type":"Person","@id":"https:\/\/newsestlyonnais.fr\/site\/#\/schema\/person\/3230d5615f390bb808365d673001e887","name":"R\u00e9dac. NEWS","sameAs":["http:\/\/www.newsestlyonnais.fr","https:\/\/www.facebook.com\/pascal.oberson.1?fref=ts","https:\/\/fr.linkedin.com\/in\/pascal-oberson-b17045113"],"url":"https:\/\/newsestlyonnais.fr\/site\/author\/nel\/"}]}},"_links":{"self":[{"href":"https:\/\/newsestlyonnais.fr\/site\/wp-json\/wp\/v2\/posts\/24903","targetHints":{"allow":["GET"]}}],"collection":[{"href":"https:\/\/newsestlyonnais.fr\/site\/wp-json\/wp\/v2\/posts"}],"about":[{"href":"https:\/\/newsestlyonnais.fr\/site\/wp-json\/wp\/v2\/types\/post"}],"author":[{"embeddable":true,"href":"https:\/\/newsestlyonnais.fr\/site\/wp-json\/wp\/v2\/users\/4"}],"replies":[{"embeddable":true,"href":"https:\/\/newsestlyonnais.fr\/site\/wp-json\/wp\/v2\/comments?post=24903"}],"version-history":[{"count":0,"href":"https:\/\/newsestlyonnais.fr\/site\/wp-json\/wp\/v2\/posts\/24903\/revisions"}],"wp:featuredmedia":[{"embeddable":true,"href":"https:\/\/newsestlyonnais.fr\/site\/wp-json\/wp\/v2\/media\/12277"}],"wp:attachment":[{"href":"https:\/\/newsestlyonnais.fr\/site\/wp-json\/wp\/v2\/media?parent=24903"}],"wp:term":[{"taxonomy":"category","embeddable":true,"href":"https:\/\/newsestlyonnais.fr\/site\/wp-json\/wp\/v2\/categories?post=24903"},{"taxonomy":"post_tag","embeddable":true,"href":"https:\/\/newsestlyonnais.fr\/site\/wp-json\/wp\/v2\/tags?post=24903"}],"curies":[{"name":"wp","href":"https:\/\/api.w.org\/{rel}","templated":true}]}}