{"id":25533,"date":"2017-05-02T13:35:26","date_gmt":"2017-05-02T12:35:26","guid":{"rendered":"http:\/\/newsestlyonnais.fr\/site\/?p=25533"},"modified":"2020-11-02T15:31:16","modified_gmt":"2020-11-02T14:31:16","slug":"vaulx-en-velin-1-edition-de-la-ladies-cup-au-top-pour-lus-vaulx-foot","status":"publish","type":"post","link":"https:\/\/newsestlyonnais.fr\/site\/2017\/05\/02\/vaulx-en-velin-1-edition-de-la-ladies-cup-au-top-pour-lus-vaulx-foot\/","title":{"rendered":"VAULX-EN-VELIN | 1\u00b0 \u00e9dition de la \u00ab\u00a0Ladies Cup\u00a0\u00bb au top pour l&rsquo;US Vaulx Foot"},"content":{"rendered":"<h4>L&rsquo; US Vaulx Foot renouait, en ce dernier samedi d&rsquo;avril, avec sa tradition d&rsquo;organisation de tournois en tous genres.<\/h4>\n<p>Apr\u00e8s quelques \u00e9ditions nationales et internationales de tournois jeunes masculins, c&rsquo;est au f\u00e9minin que se conjuguait cette fois un \u00e9v\u00e8nement, <strong>la Ladies Cup<\/strong> dont c&rsquo;\u00e9tait une grande premi\u00e8re au stade Aubert.<\/p>\n<p>Pas de r\u00e9sultats ni de classement \u00e0 l&rsquo;issue de la comp\u00e9tition, le seul but de la journ\u00e9e \u00e9tant le plaisir avant tout pour ces jeunes pousses. Des animations (chamboule-tout, tirs aux buts et concours de jonglage) avaient d&rsquo;ailleurs \u00e9t\u00e9 mises en place lors de la pause de midi.<\/p>\n<p>Une manifestation parfaitement orchestr\u00e9e par Pascal Flores et Fernando Azevedo.<\/p>\n<p>12 \u00e9quipes r\u00e9gionales avaient r\u00e9pondu \u00e0 l&rsquo;invitation du club local et \u00e9taient donc pr\u00e9sents: des vaudais (2 du FC Vaulx et une de l&rsquo;US Vaulx) mais aussi l&rsquo;AS Buers, l&rsquo;AS Minguettes, Pontcharra St Loup, AS St Priest, FC Giraudi\u00e8re Brussieu, Caluire Foot F\u00e9minin.<\/p>\n<ul>\n<li><strong>L&rsquo;US Vaulx et le football f\u00e9minin<\/strong>: Le club vaudais avait d\u00e9cid\u00e9, lorsque Fernando Azevedo assurait la pr\u00e9sidence d&rsquo;essayer de d\u00e9velopper la f\u00e9minisation de la section. Un projet poursuivi lorsque la nouvelle \u00e9quipe dirigeante a pris le relais avec \u00e0 sa t\u00eate, Sandrine Borne. Un secteur f\u00e9minin dirig\u00e9 par l&rsquo;ancien pr\u00e9sident et Pascal Flor\u00e8s qui remercient les membres du bureau et la trentaine de b\u00e9n\u00e9voles mobilis\u00e9s qui ont oeuvr\u00e9 pour le bon d\u00e9roulement du tournoi. Un secteur qui commence \u00e0 prendre forme, puisque pour sa 2\u00b0 saison d&rsquo;existence la section recense une vingtaine de jeunes filles des U9 aux U13. Elles sont prises en charge par les 4 \u00e9ducateurs: Mounji, Meryl, Franck et Yohan. Dans le cadre de ce d\u00e9veloppement interne, un double projet avait \u00e9t\u00e9 lanc\u00e9: d&rsquo;abord <strong>une manifestation,<\/strong> l&rsquo;id\u00e9e de cr\u00e9er le tout 1\u00b0 tournoi f\u00e9minin au Sud a ainsi germ\u00e9 et ensuite <strong>une action<\/strong> comme \u00ab\u00a0Handicap au Sud\u00a0\u00bb qui aura lieu les 20 et 21 mai prochains. L&rsquo;US Vaulx Foot souhaitant d&rsquo;autre part cr\u00e9er une \u00e9cole de foot enti\u00e8rement f\u00e9minine d\u00e8s le mois de septembre prochain. Pour cela elle recherche d&rsquo;ores et d\u00e9j\u00e0 des \u00e9ducateurs (filles ou gar\u00e7ons) et des joueuses U9 \u00e0 U13. Contact: 06.25.06.82.03<\/li>\n<\/ul>\n<div id='gallery-1' class='gallery galleryid-25533 gallery-columns-3 gallery-size-thumbnail'><figure class='gallery-item'>\n\t\t\t<div class='gallery-icon landscape'>\n\t\t\t\t<a href='https:\/\/newsestlyonnais.fr\/site\/2017\/05\/02\/vaulx-en-velin-1-edition-de-la-ladies-cup-au-top-pour-lus-vaulx-foot\/newsestlyonnais-fc-vaulx\/'><img loading=\"lazy\" decoding=\"async\" width=\"150\" height=\"150\" src=\"https:\/\/newsestlyonnais.fr\/site\/wp-content\/uploads\/2017\/05\/NEWSESTLYONNAIS-FC-VAULX-150x150.jpg\" class=\"attachment-thumbnail size-thumbnail\" alt=\"\" aria-describedby=\"gallery-1-25646\" \/><\/a>\n\t\t\t<\/div>\n\t\t\t\t<figcaption class='wp-caption-text gallery-caption' id='gallery-1-25646'>\n\t\t\t\tUne des 2 \u00e9quipes du FC Vaulx pr\u00e9sentes au tournoi\n\t\t\t\t<\/figcaption><\/figure><figure class='gallery-item'>\n\t\t\t<div class='gallery-icon landscape'>\n\t\t\t\t<a href='https:\/\/newsestlyonnais.fr\/site\/2017\/05\/02\/vaulx-en-velin-1-edition-de-la-ladies-cup-au-top-pour-lus-vaulx-foot\/newsestlyonnais-us-vaulx-assp\/'><img loading=\"lazy\" decoding=\"async\" width=\"150\" height=\"150\" src=\"https:\/\/newsestlyonnais.fr\/site\/wp-content\/uploads\/2017\/05\/NEWSESTLYONNAIS-us-vaulx-assp--150x150.jpg\" class=\"attachment-thumbnail size-thumbnail\" alt=\"NEWSESTLYONNAIS - us vaulx assp\" aria-describedby=\"gallery-1-25648\" \/><\/a>\n\t\t\t<\/div>\n\t\t\t\t<figcaption class='wp-caption-text gallery-caption' id='gallery-1-25648'>\n\t\t\t\tLa jeune formation de l&rsquo;AS St Priest\n\t\t\t\t<\/figcaption><\/figure><figure class='gallery-item'>\n\t\t\t<div class='gallery-icon landscape'>\n\t\t\t\t<a href='https:\/\/newsestlyonnais.fr\/site\/2017\/05\/02\/vaulx-en-velin-1-edition-de-la-ladies-cup-au-top-pour-lus-vaulx-foot\/newsestlyonnais-us-vaulx-as-buers\/'><img loading=\"lazy\" decoding=\"async\" width=\"150\" height=\"150\" src=\"https:\/\/newsestlyonnais.fr\/site\/wp-content\/uploads\/2017\/05\/NEWSESTLYONNAIS-US-VAULX-AS-BUERS-150x150.jpg\" class=\"attachment-thumbnail size-thumbnail\" alt=\"NEWSESTLYONNAIS US VAULX AS BUERS\" aria-describedby=\"gallery-1-25644\" \/><\/a>\n\t\t\t<\/div>\n\t\t\t\t<figcaption class='wp-caption-text gallery-caption' id='gallery-1-25644'>\n\t\t\t\tLes jeunes villeurbannaises de l&rsquo;AS Buers\n\t\t\t\t<\/figcaption><\/figure><figure class='gallery-item'>\n\t\t\t<div class='gallery-icon landscape'>\n\t\t\t\t<a href='https:\/\/newsestlyonnais.fr\/site\/2017\/05\/02\/vaulx-en-velin-1-edition-de-la-ladies-cup-au-top-pour-lus-vaulx-foot\/newsestlyonnais-organ-us-vaulx\/'><img loading=\"lazy\" decoding=\"async\" width=\"150\" height=\"150\" src=\"https:\/\/newsestlyonnais.fr\/site\/wp-content\/uploads\/2017\/05\/NEWSESTLYONNAIS-ORGAN-US-VAULX-150x150.jpg\" class=\"attachment-thumbnail size-thumbnail\" alt=\"NEWSESTLYONNAIS - ORGAN US VAULX\" aria-describedby=\"gallery-1-25642\" \/><\/a>\n\t\t\t<\/div>\n\t\t\t\t<figcaption class='wp-caption-text gallery-caption' id='gallery-1-25642'>\n\t\t\t\tFernando Azevedo et Pascal Flor\u00e8s charg\u00e9s de d\u00e9velopper la f\u00e9minisation au sein du club vaudais \n\t\t\t\t<\/figcaption><\/figure><figure class='gallery-item'>\n\t\t\t<div class='gallery-icon landscape'>\n\t\t\t\t<a href='https:\/\/newsestlyonnais.fr\/site\/2017\/05\/02\/vaulx-en-velin-1-edition-de-la-ladies-cup-au-top-pour-lus-vaulx-foot\/newsestlyonnais-filles-us-vaulx\/'><img loading=\"lazy\" decoding=\"async\" width=\"150\" height=\"150\" src=\"https:\/\/newsestlyonnais.fr\/site\/wp-content\/uploads\/2017\/05\/NEWSESTLYONNAIS-FILLES-US-VAULX--150x150.jpg\" class=\"attachment-thumbnail size-thumbnail\" alt=\"NEWSESTLYONNAIS - FILLES US VAULX\" aria-describedby=\"gallery-1-25537\" \/><\/a>\n\t\t\t<\/div>\n\t\t\t\t<figcaption class='wp-caption-text gallery-caption' id='gallery-1-25537'>\n\t\t\t\tLes jeunes pousses de l\u2019US Vaulx avec leurs coachs et leurs dirigeants (M. Guissi vice-pr\u00e9sident \u00e0 gauche, \u00e0 droite Sandrine Borne, pr\u00e9sidente)\n\t\t\t\t<\/figcaption><\/figure>\n\t\t<\/div>\n\n<p>&nbsp;<\/p>\n","protected":false},"excerpt":{"rendered":"<p>L&rsquo; US Vaulx Foot renouait, en ce dernier samedi d&rsquo;avril, avec sa tradition d&rsquo;organisation de tournois en tous genres. Apr\u00e8s quelques \u00e9ditions nationales et internationales de tournois jeunes masculins, c&rsquo;est au f\u00e9minin que se conjuguait cette fois un \u00e9v\u00e8nement, la Ladies Cup dont c&rsquo;\u00e9tait une grande premi\u00e8re au stade Aubert. Pas de r\u00e9sultats ni de [&hellip;]<\/p>\n","protected":false},"author":4,"featured_media":25764,"comment_status":"open","ping_status":"open","sticky":false,"template":"","format":"standard","meta":{"footnotes":""},"categories":[3421,1329,2996,28],"tags":[],"class_list":["post-25533","post","type-post","status-publish","format-standard","has-post-thumbnail","hentry","category-feminin-actu-au","category-foot","category-football-rugby","category-vaulx-en-velin"],"yoast_head":"<!-- This site is optimized with the Yoast SEO plugin v27.2 - https:\/\/yoast.com\/product\/yoast-seo-wordpress\/ -->\n<title>VAULX EN VELIN : Une 1\u00b0 \u00e9dition de la &quot;Ladies Cup&quot; au top pour l&#039;US Vaulx Foot !<\/title>\n<meta name=\"description\" content=\"VAULX EN VELIN : Une 1\u00b0 \u00e9dition de la &quot;Ladies Cup&quot; au top pour l&#039;US Vaulx Foot !\" \/>\n<meta name=\"robots\" content=\"index, follow, max-snippet:-1, max-image-preview:large, max-video-preview:-1\" \/>\n<link rel=\"canonical\" href=\"https:\/\/newsestlyonnais.fr\/site\/2017\/05\/02\/vaulx-en-velin-1-edition-de-la-ladies-cup-au-top-pour-lus-vaulx-foot\/\" \/>\n<meta property=\"og:locale\" content=\"fr_FR\" \/>\n<meta property=\"og:type\" content=\"article\" \/>\n<meta property=\"og:title\" content=\"VAULX EN VELIN : Une 1\u00b0 \u00e9dition de la &quot;Ladies Cup&quot; au top pour l&#039;US Vaulx Foot !\" \/>\n<meta property=\"og:description\" content=\"VAULX EN VELIN : Une 1\u00b0 \u00e9dition de la &quot;Ladies Cup&quot; au top pour l&#039;US Vaulx Foot !\" \/>\n<meta property=\"og:url\" content=\"https:\/\/newsestlyonnais.fr\/site\/2017\/05\/02\/vaulx-en-velin-1-edition-de-la-ladies-cup-au-top-pour-lus-vaulx-foot\/\" \/>\n<meta property=\"og:site_name\" content=\"News Est Lyonnais\" \/>\n<meta property=\"article:author\" content=\"https:\/\/www.facebook.com\/pascal.oberson.1?fref=ts\" \/>\n<meta property=\"article:published_time\" content=\"2017-05-02T12:35:26+00:00\" \/>\n<meta property=\"article:modified_time\" content=\"2020-11-02T14:31:16+00:00\" \/>\n<meta property=\"og:image\" content=\"https:\/\/i0.wp.com\/newsestlyonnais.fr\/site\/wp-content\/uploads\/2017\/05\/NEWSESTLYONNAIS-ladies-cup-1-1.jpg?fit=1000%2C750&ssl=1\" \/>\n\t<meta property=\"og:image:width\" content=\"1000\" \/>\n\t<meta property=\"og:image:height\" content=\"750\" \/>\n\t<meta property=\"og:image:type\" content=\"image\/jpeg\" \/>\n<meta name=\"author\" content=\"R\u00e9dac. NEWS\" \/>\n<meta name=\"twitter:card\" content=\"summary_large_image\" \/>\n<meta name=\"twitter:label1\" content=\"\u00c9crit par\" \/>\n\t<meta name=\"twitter:data1\" content=\"R\u00e9dac. NEWS\" \/>\n\t<meta name=\"twitter:label2\" content=\"Dur\u00e9e de lecture estim\u00e9e\" \/>\n\t<meta name=\"twitter:data2\" content=\"2 minutes\" \/>\n<script type=\"application\/ld+json\" class=\"yoast-schema-graph\">{\"@context\":\"https:\/\/schema.org\",\"@graph\":[{\"@type\":\"Article\",\"@id\":\"https:\/\/newsestlyonnais.fr\/site\/2017\/05\/02\/vaulx-en-velin-1-edition-de-la-ladies-cup-au-top-pour-lus-vaulx-foot\/#article\",\"isPartOf\":{\"@id\":\"https:\/\/newsestlyonnais.fr\/site\/2017\/05\/02\/vaulx-en-velin-1-edition-de-la-ladies-cup-au-top-pour-lus-vaulx-foot\/\"},\"author\":{\"name\":\"R\u00e9dac. NEWS\",\"@id\":\"https:\/\/newsestlyonnais.fr\/site\/#\/schema\/person\/3230d5615f390bb808365d673001e887\"},\"headline\":\"VAULX-EN-VELIN | 1\u00b0 \u00e9dition de la \u00ab\u00a0Ladies Cup\u00a0\u00bb au top pour l&rsquo;US Vaulx Foot\",\"datePublished\":\"2017-05-02T12:35:26+00:00\",\"dateModified\":\"2020-11-02T14:31:16+00:00\",\"mainEntityOfPage\":{\"@id\":\"https:\/\/newsestlyonnais.fr\/site\/2017\/05\/02\/vaulx-en-velin-1-edition-de-la-ladies-cup-au-top-pour-lus-vaulx-foot\/\"},\"wordCount\":409,\"commentCount\":0,\"publisher\":{\"@id\":\"https:\/\/newsestlyonnais.fr\/site\/#organization\"},\"image\":{\"@id\":\"https:\/\/newsestlyonnais.fr\/site\/2017\/05\/02\/vaulx-en-velin-1-edition-de-la-ladies-cup-au-top-pour-lus-vaulx-foot\/#primaryimage\"},\"thumbnailUrl\":\"https:\/\/newsestlyonnais.fr\/site\/wp-content\/uploads\/2017\/05\/NEWSESTLYONNAIS-ladies-cup-1-1.jpg\",\"articleSection\":[\"F\u00e9minin (Actu au)\",\"Foot | Futsal\",\"Foot | Rugby\",\"Vaulx-en-Velin\"],\"inLanguage\":\"fr-FR\",\"potentialAction\":[{\"@type\":\"CommentAction\",\"name\":\"Comment\",\"target\":[\"https:\/\/newsestlyonnais.fr\/site\/2017\/05\/02\/vaulx-en-velin-1-edition-de-la-ladies-cup-au-top-pour-lus-vaulx-foot\/#respond\"]}]},{\"@type\":\"WebPage\",\"@id\":\"https:\/\/newsestlyonnais.fr\/site\/2017\/05\/02\/vaulx-en-velin-1-edition-de-la-ladies-cup-au-top-pour-lus-vaulx-foot\/\",\"url\":\"https:\/\/newsestlyonnais.fr\/site\/2017\/05\/02\/vaulx-en-velin-1-edition-de-la-ladies-cup-au-top-pour-lus-vaulx-foot\/\",\"name\":\"VAULX EN VELIN : Une 1\u00b0 \u00e9dition de la \\\"Ladies Cup\\\" au top pour l'US Vaulx Foot !\",\"isPartOf\":{\"@id\":\"https:\/\/newsestlyonnais.fr\/site\/#website\"},\"primaryImageOfPage\":{\"@id\":\"https:\/\/newsestlyonnais.fr\/site\/2017\/05\/02\/vaulx-en-velin-1-edition-de-la-ladies-cup-au-top-pour-lus-vaulx-foot\/#primaryimage\"},\"image\":{\"@id\":\"https:\/\/newsestlyonnais.fr\/site\/2017\/05\/02\/vaulx-en-velin-1-edition-de-la-ladies-cup-au-top-pour-lus-vaulx-foot\/#primaryimage\"},\"thumbnailUrl\":\"https:\/\/newsestlyonnais.fr\/site\/wp-content\/uploads\/2017\/05\/NEWSESTLYONNAIS-ladies-cup-1-1.jpg\",\"datePublished\":\"2017-05-02T12:35:26+00:00\",\"dateModified\":\"2020-11-02T14:31:16+00:00\",\"description\":\"VAULX EN VELIN : Une 1\u00b0 \u00e9dition de la \\\"Ladies Cup\\\" au top pour l'US Vaulx Foot !\",\"breadcrumb\":{\"@id\":\"https:\/\/newsestlyonnais.fr\/site\/2017\/05\/02\/vaulx-en-velin-1-edition-de-la-ladies-cup-au-top-pour-lus-vaulx-foot\/#breadcrumb\"},\"inLanguage\":\"fr-FR\",\"potentialAction\":[{\"@type\":\"ReadAction\",\"target\":[\"https:\/\/newsestlyonnais.fr\/site\/2017\/05\/02\/vaulx-en-velin-1-edition-de-la-ladies-cup-au-top-pour-lus-vaulx-foot\/\"]}]},{\"@type\":\"ImageObject\",\"inLanguage\":\"fr-FR\",\"@id\":\"https:\/\/newsestlyonnais.fr\/site\/2017\/05\/02\/vaulx-en-velin-1-edition-de-la-ladies-cup-au-top-pour-lus-vaulx-foot\/#primaryimage\",\"url\":\"https:\/\/newsestlyonnais.fr\/site\/wp-content\/uploads\/2017\/05\/NEWSESTLYONNAIS-ladies-cup-1-1.jpg\",\"contentUrl\":\"https:\/\/newsestlyonnais.fr\/site\/wp-content\/uploads\/2017\/05\/NEWSESTLYONNAIS-ladies-cup-1-1.jpg\",\"width\":1000,\"height\":750},{\"@type\":\"BreadcrumbList\",\"@id\":\"https:\/\/newsestlyonnais.fr\/site\/2017\/05\/02\/vaulx-en-velin-1-edition-de-la-ladies-cup-au-top-pour-lus-vaulx-foot\/#breadcrumb\",\"itemListElement\":[{\"@type\":\"ListItem\",\"position\":1,\"name\":\"Accueil\",\"item\":\"https:\/\/newsestlyonnais.fr\/site\/\"},{\"@type\":\"ListItem\",\"position\":2,\"name\":\"VAULX-EN-VELIN | 1\u00b0 \u00e9dition de la \u00ab\u00a0Ladies Cup\u00a0\u00bb au top pour l&rsquo;US Vaulx Foot\"}]},{\"@type\":\"WebSite\",\"@id\":\"https:\/\/newsestlyonnais.fr\/site\/#website\",\"url\":\"https:\/\/newsestlyonnais.fr\/site\/\",\"name\":\"News Est Lyonnais\",\"description\":\"L&#039;actualit\u00e9 au plus pr\u00e8s\",\"publisher\":{\"@id\":\"https:\/\/newsestlyonnais.fr\/site\/#organization\"},\"potentialAction\":[{\"@type\":\"SearchAction\",\"target\":{\"@type\":\"EntryPoint\",\"urlTemplate\":\"https:\/\/newsestlyonnais.fr\/site\/?s={search_term_string}\"},\"query-input\":{\"@type\":\"PropertyValueSpecification\",\"valueRequired\":true,\"valueName\":\"search_term_string\"}}],\"inLanguage\":\"fr-FR\"},{\"@type\":\"Organization\",\"@id\":\"https:\/\/newsestlyonnais.fr\/site\/#organization\",\"name\":\"News EST LYONNAIS\",\"url\":\"https:\/\/newsestlyonnais.fr\/site\/\",\"logo\":{\"@type\":\"ImageObject\",\"inLanguage\":\"fr-FR\",\"@id\":\"https:\/\/newsestlyonnais.fr\/site\/#\/schema\/logo\/image\/\",\"url\":\"\",\"contentUrl\":\"\",\"caption\":\"News EST LYONNAIS\"},\"image\":{\"@id\":\"https:\/\/newsestlyonnais.fr\/site\/#\/schema\/logo\/image\/\"}},{\"@type\":\"Person\",\"@id\":\"https:\/\/newsestlyonnais.fr\/site\/#\/schema\/person\/3230d5615f390bb808365d673001e887\",\"name\":\"R\u00e9dac. NEWS\",\"sameAs\":[\"http:\/\/www.newsestlyonnais.fr\",\"https:\/\/www.facebook.com\/pascal.oberson.1?fref=ts\",\"https:\/\/fr.linkedin.com\/in\/pascal-oberson-b17045113\"],\"url\":\"https:\/\/newsestlyonnais.fr\/site\/author\/nel\/\"}]}<\/script>\n<!-- \/ Yoast SEO plugin. -->","yoast_head_json":{"title":"VAULX EN VELIN : Une 1\u00b0 \u00e9dition de la \"Ladies Cup\" au top pour l'US Vaulx Foot !","description":"VAULX EN VELIN : Une 1\u00b0 \u00e9dition de la \"Ladies Cup\" au top pour l'US Vaulx Foot !","robots":{"index":"index","follow":"follow","max-snippet":"max-snippet:-1","max-image-preview":"max-image-preview:large","max-video-preview":"max-video-preview:-1"},"canonical":"https:\/\/newsestlyonnais.fr\/site\/2017\/05\/02\/vaulx-en-velin-1-edition-de-la-ladies-cup-au-top-pour-lus-vaulx-foot\/","og_locale":"fr_FR","og_type":"article","og_title":"VAULX EN VELIN : Une 1\u00b0 \u00e9dition de la \"Ladies Cup\" au top pour l'US Vaulx Foot !","og_description":"VAULX EN VELIN : Une 1\u00b0 \u00e9dition de la \"Ladies Cup\" au top pour l'US Vaulx Foot !","og_url":"https:\/\/newsestlyonnais.fr\/site\/2017\/05\/02\/vaulx-en-velin-1-edition-de-la-ladies-cup-au-top-pour-lus-vaulx-foot\/","og_site_name":"News Est Lyonnais","article_author":"https:\/\/www.facebook.com\/pascal.oberson.1?fref=ts","article_published_time":"2017-05-02T12:35:26+00:00","article_modified_time":"2020-11-02T14:31:16+00:00","og_image":[{"width":1000,"height":750,"url":"https:\/\/i0.wp.com\/newsestlyonnais.fr\/site\/wp-content\/uploads\/2017\/05\/NEWSESTLYONNAIS-ladies-cup-1-1.jpg?fit=1000%2C750&ssl=1","type":"image\/jpeg"}],"author":"R\u00e9dac. NEWS","twitter_card":"summary_large_image","twitter_misc":{"\u00c9crit par":"R\u00e9dac. NEWS","Dur\u00e9e de lecture estim\u00e9e":"2 minutes"},"schema":{"@context":"https:\/\/schema.org","@graph":[{"@type":"Article","@id":"https:\/\/newsestlyonnais.fr\/site\/2017\/05\/02\/vaulx-en-velin-1-edition-de-la-ladies-cup-au-top-pour-lus-vaulx-foot\/#article","isPartOf":{"@id":"https:\/\/newsestlyonnais.fr\/site\/2017\/05\/02\/vaulx-en-velin-1-edition-de-la-ladies-cup-au-top-pour-lus-vaulx-foot\/"},"author":{"name":"R\u00e9dac. NEWS","@id":"https:\/\/newsestlyonnais.fr\/site\/#\/schema\/person\/3230d5615f390bb808365d673001e887"},"headline":"VAULX-EN-VELIN | 1\u00b0 \u00e9dition de la \u00ab\u00a0Ladies Cup\u00a0\u00bb au top pour l&rsquo;US Vaulx Foot","datePublished":"2017-05-02T12:35:26+00:00","dateModified":"2020-11-02T14:31:16+00:00","mainEntityOfPage":{"@id":"https:\/\/newsestlyonnais.fr\/site\/2017\/05\/02\/vaulx-en-velin-1-edition-de-la-ladies-cup-au-top-pour-lus-vaulx-foot\/"},"wordCount":409,"commentCount":0,"publisher":{"@id":"https:\/\/newsestlyonnais.fr\/site\/#organization"},"image":{"@id":"https:\/\/newsestlyonnais.fr\/site\/2017\/05\/02\/vaulx-en-velin-1-edition-de-la-ladies-cup-au-top-pour-lus-vaulx-foot\/#primaryimage"},"thumbnailUrl":"https:\/\/newsestlyonnais.fr\/site\/wp-content\/uploads\/2017\/05\/NEWSESTLYONNAIS-ladies-cup-1-1.jpg","articleSection":["F\u00e9minin (Actu au)","Foot | Futsal","Foot | Rugby","Vaulx-en-Velin"],"inLanguage":"fr-FR","potentialAction":[{"@type":"CommentAction","name":"Comment","target":["https:\/\/newsestlyonnais.fr\/site\/2017\/05\/02\/vaulx-en-velin-1-edition-de-la-ladies-cup-au-top-pour-lus-vaulx-foot\/#respond"]}]},{"@type":"WebPage","@id":"https:\/\/newsestlyonnais.fr\/site\/2017\/05\/02\/vaulx-en-velin-1-edition-de-la-ladies-cup-au-top-pour-lus-vaulx-foot\/","url":"https:\/\/newsestlyonnais.fr\/site\/2017\/05\/02\/vaulx-en-velin-1-edition-de-la-ladies-cup-au-top-pour-lus-vaulx-foot\/","name":"VAULX EN VELIN : Une 1\u00b0 \u00e9dition de la \"Ladies Cup\" au top pour l'US Vaulx Foot !","isPartOf":{"@id":"https:\/\/newsestlyonnais.fr\/site\/#website"},"primaryImageOfPage":{"@id":"https:\/\/newsestlyonnais.fr\/site\/2017\/05\/02\/vaulx-en-velin-1-edition-de-la-ladies-cup-au-top-pour-lus-vaulx-foot\/#primaryimage"},"image":{"@id":"https:\/\/newsestlyonnais.fr\/site\/2017\/05\/02\/vaulx-en-velin-1-edition-de-la-ladies-cup-au-top-pour-lus-vaulx-foot\/#primaryimage"},"thumbnailUrl":"https:\/\/newsestlyonnais.fr\/site\/wp-content\/uploads\/2017\/05\/NEWSESTLYONNAIS-ladies-cup-1-1.jpg","datePublished":"2017-05-02T12:35:26+00:00","dateModified":"2020-11-02T14:31:16+00:00","description":"VAULX EN VELIN : Une 1\u00b0 \u00e9dition de la \"Ladies Cup\" au top pour l'US Vaulx Foot !","breadcrumb":{"@id":"https:\/\/newsestlyonnais.fr\/site\/2017\/05\/02\/vaulx-en-velin-1-edition-de-la-ladies-cup-au-top-pour-lus-vaulx-foot\/#breadcrumb"},"inLanguage":"fr-FR","potentialAction":[{"@type":"ReadAction","target":["https:\/\/newsestlyonnais.fr\/site\/2017\/05\/02\/vaulx-en-velin-1-edition-de-la-ladies-cup-au-top-pour-lus-vaulx-foot\/"]}]},{"@type":"ImageObject","inLanguage":"fr-FR","@id":"https:\/\/newsestlyonnais.fr\/site\/2017\/05\/02\/vaulx-en-velin-1-edition-de-la-ladies-cup-au-top-pour-lus-vaulx-foot\/#primaryimage","url":"https:\/\/newsestlyonnais.fr\/site\/wp-content\/uploads\/2017\/05\/NEWSESTLYONNAIS-ladies-cup-1-1.jpg","contentUrl":"https:\/\/newsestlyonnais.fr\/site\/wp-content\/uploads\/2017\/05\/NEWSESTLYONNAIS-ladies-cup-1-1.jpg","width":1000,"height":750},{"@type":"BreadcrumbList","@id":"https:\/\/newsestlyonnais.fr\/site\/2017\/05\/02\/vaulx-en-velin-1-edition-de-la-ladies-cup-au-top-pour-lus-vaulx-foot\/#breadcrumb","itemListElement":[{"@type":"ListItem","position":1,"name":"Accueil","item":"https:\/\/newsestlyonnais.fr\/site\/"},{"@type":"ListItem","position":2,"name":"VAULX-EN-VELIN | 1\u00b0 \u00e9dition de la \u00ab\u00a0Ladies Cup\u00a0\u00bb au top pour l&rsquo;US Vaulx Foot"}]},{"@type":"WebSite","@id":"https:\/\/newsestlyonnais.fr\/site\/#website","url":"https:\/\/newsestlyonnais.fr\/site\/","name":"News Est Lyonnais","description":"L&#039;actualit\u00e9 au plus pr\u00e8s","publisher":{"@id":"https:\/\/newsestlyonnais.fr\/site\/#organization"},"potentialAction":[{"@type":"SearchAction","target":{"@type":"EntryPoint","urlTemplate":"https:\/\/newsestlyonnais.fr\/site\/?s={search_term_string}"},"query-input":{"@type":"PropertyValueSpecification","valueRequired":true,"valueName":"search_term_string"}}],"inLanguage":"fr-FR"},{"@type":"Organization","@id":"https:\/\/newsestlyonnais.fr\/site\/#organization","name":"News EST LYONNAIS","url":"https:\/\/newsestlyonnais.fr\/site\/","logo":{"@type":"ImageObject","inLanguage":"fr-FR","@id":"https:\/\/newsestlyonnais.fr\/site\/#\/schema\/logo\/image\/","url":"","contentUrl":"","caption":"News EST LYONNAIS"},"image":{"@id":"https:\/\/newsestlyonnais.fr\/site\/#\/schema\/logo\/image\/"}},{"@type":"Person","@id":"https:\/\/newsestlyonnais.fr\/site\/#\/schema\/person\/3230d5615f390bb808365d673001e887","name":"R\u00e9dac. NEWS","sameAs":["http:\/\/www.newsestlyonnais.fr","https:\/\/www.facebook.com\/pascal.oberson.1?fref=ts","https:\/\/fr.linkedin.com\/in\/pascal-oberson-b17045113"],"url":"https:\/\/newsestlyonnais.fr\/site\/author\/nel\/"}]}},"_links":{"self":[{"href":"https:\/\/newsestlyonnais.fr\/site\/wp-json\/wp\/v2\/posts\/25533","targetHints":{"allow":["GET"]}}],"collection":[{"href":"https:\/\/newsestlyonnais.fr\/site\/wp-json\/wp\/v2\/posts"}],"about":[{"href":"https:\/\/newsestlyonnais.fr\/site\/wp-json\/wp\/v2\/types\/post"}],"author":[{"embeddable":true,"href":"https:\/\/newsestlyonnais.fr\/site\/wp-json\/wp\/v2\/users\/4"}],"replies":[{"embeddable":true,"href":"https:\/\/newsestlyonnais.fr\/site\/wp-json\/wp\/v2\/comments?post=25533"}],"version-history":[{"count":0,"href":"https:\/\/newsestlyonnais.fr\/site\/wp-json\/wp\/v2\/posts\/25533\/revisions"}],"wp:featuredmedia":[{"embeddable":true,"href":"https:\/\/newsestlyonnais.fr\/site\/wp-json\/wp\/v2\/media\/25764"}],"wp:attachment":[{"href":"https:\/\/newsestlyonnais.fr\/site\/wp-json\/wp\/v2\/media?parent=25533"}],"wp:term":[{"taxonomy":"category","embeddable":true,"href":"https:\/\/newsestlyonnais.fr\/site\/wp-json\/wp\/v2\/categories?post=25533"},{"taxonomy":"post_tag","embeddable":true,"href":"https:\/\/newsestlyonnais.fr\/site\/wp-json\/wp\/v2\/tags?post=25533"}],"curies":[{"name":"wp","href":"https:\/\/api.w.org\/{rel}","templated":true}]}}