{"id":25608,"date":"2017-05-02T05:24:25","date_gmt":"2017-05-02T04:24:25","guid":{"rendered":"http:\/\/newsestlyonnais.fr\/site\/?p=25608"},"modified":"2020-11-12T19:28:59","modified_gmt":"2020-11-12T18:28:59","slug":"vaulx-en-velin-2-nouveaux-qualifies-pour-les-championnats-de-france-au-club-halterophile","status":"publish","type":"post","link":"https:\/\/newsestlyonnais.fr\/site\/2017\/05\/02\/vaulx-en-velin-2-nouveaux-qualifies-pour-les-championnats-de-france-au-club-halterophile\/","title":{"rendered":"VAULX-EN-VELIN | 2 nouveaux qualifi\u00e9s pour les championnats de France au Club Halt\u00e9rophile"},"content":{"rendered":"<h4>Ce week-end, le club halt\u00e9rophile de Vaulx en Velin se d\u00e9pla\u00e7ait \u00e0 Franconville, en banlieue parisienne pour disputer le championnat f\u00e9d\u00e9ral.<\/h4>\n<p>Cette comp\u00e9tition de niveau national \u00e9tant la derni\u00e8re possibilit\u00e9 de se qualifier pour les championnats de France d\u2019Halt\u00e9rophilie.<\/p>\n<p>Le club vaudais \u00e9tait repr\u00e9sent\u00e9 par <strong>Julie Vernet et Gor Sardaryan <\/strong>qui ont remport\u00e9 leurs cat\u00e9gories respectives en se qualifiant par la m\u00eame occasion pour les championnats de France.<\/p>\n<ul>\n<li><strong>Julie Vernet<\/strong> (cat\u00e9gorie senior &#8211; 58 kg),\u00a0 au Centre PHOTO ci-dessous, a r\u00e9ussi un arrach\u00e9 \u00e0 60 kg et un \u00e9paul\u00e9 jet\u00e9 \u00e0 75 kg soit un Total de 135 kg.<img loading=\"lazy\" decoding=\"async\" class=\"alignleft size-full wp-image-25616\" src=\"https:\/\/newsestlyonnais.fr\/site\/medias\/2017\/05\/NEWSESTLYONNAIS-Julie.jpg\" alt=\"NEWSESTLYONNAIS - Julie\" width=\"1000\" height=\"750\" srcset=\"https:\/\/newsestlyonnais.fr\/site\/wp-content\/uploads\/2017\/05\/NEWSESTLYONNAIS-Julie.jpg 1000w, https:\/\/newsestlyonnais.fr\/site\/wp-content\/uploads\/2017\/05\/NEWSESTLYONNAIS-Julie-400x300.jpg 400w, https:\/\/newsestlyonnais.fr\/site\/wp-content\/uploads\/2017\/05\/NEWSESTLYONNAIS-Julie-768x576.jpg 768w, https:\/\/newsestlyonnais.fr\/site\/wp-content\/uploads\/2017\/05\/NEWSESTLYONNAIS-Julie-600x450.jpg 600w, https:\/\/newsestlyonnais.fr\/site\/wp-content\/uploads\/2017\/05\/NEWSESTLYONNAIS-Julie-100x75.jpg 100w\" sizes=\"auto, (max-width: 1000px) 100vw, 1000px\" \/><\/li>\n<li><strong>Gor Sardaryan<\/strong> (cat\u00e9gorie senior &#8211; 77 kg), <strong>au centre sur la PHOTO A LA UNE<\/strong>, a r\u00e9ussi un Total de 265 kg en arrachant 117 kg et \u00e9paulant-jetant 148 kg.<\/li>\n<\/ul>\n<p>Gr\u00e2ce \u00e0 ces deux tr\u00e8s bons r\u00e9sultats, le Club Halt\u00e9rophile de Vaulx en Velin pourra aligner 6 athl\u00e8tes dont 5 filles au championnat de France seniors qui auront lieu le 10 Juin prochain \u00e0 Mont de Marsan (Landes).<\/p>\n<ul>\n<li>\n<h4>Retrouvez l&rsquo;ACTU du club sur: <a href=\"http:\/\/h-c-vaulx-en-velin.e-monsite.com\/#\" target=\"_blank\" rel=\"noopener noreferrer\">http:\/\/h-c-vaulx-en-velin.e-monsite.com\/#<\/a><\/h4>\n<\/li>\n<\/ul>\n","protected":false},"excerpt":{"rendered":"<p>Ce week-end, le club halt\u00e9rophile de Vaulx en Velin se d\u00e9pla\u00e7ait \u00e0 Franconville, en banlieue parisienne pour disputer le championnat f\u00e9d\u00e9ral. Cette comp\u00e9tition de niveau national \u00e9tant la derni\u00e8re possibilit\u00e9 de se qualifier pour les championnats de France d\u2019Halt\u00e9rophilie. Le club vaudais \u00e9tait repr\u00e9sent\u00e9 par Julie Vernet et Gor Sardaryan qui ont remport\u00e9 leurs cat\u00e9gories [&hellip;]<\/p>\n","protected":false},"author":4,"featured_media":25614,"comment_status":"open","ping_status":"open","sticky":false,"template":"","format":"standard","meta":{"footnotes":""},"categories":[574,166,28],"tags":[],"class_list":["post-25608","post","type-post","status-publish","format-standard","has-post-thumbnail","hentry","category-autres-sports","category-divers-sports","category-vaulx-en-velin"],"yoast_head":"<!-- This site is optimized with the Yoast SEO plugin v27.2 - https:\/\/yoast.com\/product\/yoast-seo-wordpress\/ -->\n<title>VAULX EN VELIN : 2 nouveaux qualifi\u00e9s pour les championnats de France au Club Halt\u00e9rophile<\/title>\n<meta name=\"description\" content=\"VAULX EN VELIN : 2 nouveaux qualifi\u00e9s pour les championnats de France au Club Halt\u00e9rophile\" \/>\n<meta name=\"robots\" content=\"index, follow, max-snippet:-1, max-image-preview:large, max-video-preview:-1\" \/>\n<link rel=\"canonical\" href=\"https:\/\/newsestlyonnais.fr\/site\/2017\/05\/02\/vaulx-en-velin-2-nouveaux-qualifies-pour-les-championnats-de-france-au-club-halterophile\/\" \/>\n<meta property=\"og:locale\" content=\"fr_FR\" \/>\n<meta property=\"og:type\" content=\"article\" \/>\n<meta property=\"og:title\" content=\"VAULX EN VELIN : 2 nouveaux qualifi\u00e9s pour les championnats de France au Club Halt\u00e9rophile\" \/>\n<meta property=\"og:description\" content=\"VAULX EN VELIN : 2 nouveaux qualifi\u00e9s pour les championnats de France au Club Halt\u00e9rophile\" \/>\n<meta property=\"og:url\" content=\"https:\/\/newsestlyonnais.fr\/site\/2017\/05\/02\/vaulx-en-velin-2-nouveaux-qualifies-pour-les-championnats-de-france-au-club-halterophile\/\" \/>\n<meta property=\"og:site_name\" content=\"News Est Lyonnais\" \/>\n<meta property=\"article:author\" content=\"https:\/\/www.facebook.com\/pascal.oberson.1?fref=ts\" \/>\n<meta property=\"article:published_time\" content=\"2017-05-02T04:24:25+00:00\" \/>\n<meta property=\"article:modified_time\" content=\"2020-11-12T18:28:59+00:00\" \/>\n<meta property=\"og:image\" content=\"https:\/\/i1.wp.com\/newsestlyonnais.fr\/site\/wp-content\/uploads\/2017\/05\/NEWSESTLYONNAIS-GOR-HALTERO-VAULX.jpg?fit=1000%2C750&ssl=1\" \/>\n\t<meta property=\"og:image:width\" content=\"1000\" \/>\n\t<meta property=\"og:image:height\" content=\"750\" \/>\n\t<meta property=\"og:image:type\" content=\"image\/jpeg\" \/>\n<meta name=\"author\" content=\"R\u00e9dac. NEWS\" \/>\n<meta name=\"twitter:card\" content=\"summary_large_image\" \/>\n<meta name=\"twitter:label1\" content=\"\u00c9crit par\" \/>\n\t<meta name=\"twitter:data1\" content=\"R\u00e9dac. NEWS\" \/>\n\t<meta name=\"twitter:label2\" content=\"Dur\u00e9e de lecture estim\u00e9e\" \/>\n\t<meta name=\"twitter:data2\" content=\"1 minute\" \/>\n<script type=\"application\/ld+json\" class=\"yoast-schema-graph\">{\"@context\":\"https:\/\/schema.org\",\"@graph\":[{\"@type\":\"Article\",\"@id\":\"https:\/\/newsestlyonnais.fr\/site\/2017\/05\/02\/vaulx-en-velin-2-nouveaux-qualifies-pour-les-championnats-de-france-au-club-halterophile\/#article\",\"isPartOf\":{\"@id\":\"https:\/\/newsestlyonnais.fr\/site\/2017\/05\/02\/vaulx-en-velin-2-nouveaux-qualifies-pour-les-championnats-de-france-au-club-halterophile\/\"},\"author\":{\"name\":\"R\u00e9dac. NEWS\",\"@id\":\"https:\/\/newsestlyonnais.fr\/site\/#\/schema\/person\/3230d5615f390bb808365d673001e887\"},\"headline\":\"VAULX-EN-VELIN | 2 nouveaux qualifi\u00e9s pour les championnats de France au Club Halt\u00e9rophile\",\"datePublished\":\"2017-05-02T04:24:25+00:00\",\"dateModified\":\"2020-11-12T18:28:59+00:00\",\"mainEntityOfPage\":{\"@id\":\"https:\/\/newsestlyonnais.fr\/site\/2017\/05\/02\/vaulx-en-velin-2-nouveaux-qualifies-pour-les-championnats-de-france-au-club-halterophile\/\"},\"wordCount\":195,\"commentCount\":0,\"publisher\":{\"@id\":\"https:\/\/newsestlyonnais.fr\/site\/#organization\"},\"image\":{\"@id\":\"https:\/\/newsestlyonnais.fr\/site\/2017\/05\/02\/vaulx-en-velin-2-nouveaux-qualifies-pour-les-championnats-de-france-au-club-halterophile\/#primaryimage\"},\"thumbnailUrl\":\"https:\/\/newsestlyonnais.fr\/site\/wp-content\/uploads\/2017\/05\/NEWSESTLYONNAIS-GOR-HALTERO-VAULX.jpg\",\"articleSection\":[\"Autres sports\",\"Divers Sports\",\"Vaulx-en-Velin\"],\"inLanguage\":\"fr-FR\",\"potentialAction\":[{\"@type\":\"CommentAction\",\"name\":\"Comment\",\"target\":[\"https:\/\/newsestlyonnais.fr\/site\/2017\/05\/02\/vaulx-en-velin-2-nouveaux-qualifies-pour-les-championnats-de-france-au-club-halterophile\/#respond\"]}]},{\"@type\":\"WebPage\",\"@id\":\"https:\/\/newsestlyonnais.fr\/site\/2017\/05\/02\/vaulx-en-velin-2-nouveaux-qualifies-pour-les-championnats-de-france-au-club-halterophile\/\",\"url\":\"https:\/\/newsestlyonnais.fr\/site\/2017\/05\/02\/vaulx-en-velin-2-nouveaux-qualifies-pour-les-championnats-de-france-au-club-halterophile\/\",\"name\":\"VAULX EN VELIN : 2 nouveaux qualifi\u00e9s pour les championnats de France au Club Halt\u00e9rophile\",\"isPartOf\":{\"@id\":\"https:\/\/newsestlyonnais.fr\/site\/#website\"},\"primaryImageOfPage\":{\"@id\":\"https:\/\/newsestlyonnais.fr\/site\/2017\/05\/02\/vaulx-en-velin-2-nouveaux-qualifies-pour-les-championnats-de-france-au-club-halterophile\/#primaryimage\"},\"image\":{\"@id\":\"https:\/\/newsestlyonnais.fr\/site\/2017\/05\/02\/vaulx-en-velin-2-nouveaux-qualifies-pour-les-championnats-de-france-au-club-halterophile\/#primaryimage\"},\"thumbnailUrl\":\"https:\/\/newsestlyonnais.fr\/site\/wp-content\/uploads\/2017\/05\/NEWSESTLYONNAIS-GOR-HALTERO-VAULX.jpg\",\"datePublished\":\"2017-05-02T04:24:25+00:00\",\"dateModified\":\"2020-11-12T18:28:59+00:00\",\"description\":\"VAULX EN VELIN : 2 nouveaux qualifi\u00e9s pour les championnats de France au Club Halt\u00e9rophile\",\"breadcrumb\":{\"@id\":\"https:\/\/newsestlyonnais.fr\/site\/2017\/05\/02\/vaulx-en-velin-2-nouveaux-qualifies-pour-les-championnats-de-france-au-club-halterophile\/#breadcrumb\"},\"inLanguage\":\"fr-FR\",\"potentialAction\":[{\"@type\":\"ReadAction\",\"target\":[\"https:\/\/newsestlyonnais.fr\/site\/2017\/05\/02\/vaulx-en-velin-2-nouveaux-qualifies-pour-les-championnats-de-france-au-club-halterophile\/\"]}]},{\"@type\":\"ImageObject\",\"inLanguage\":\"fr-FR\",\"@id\":\"https:\/\/newsestlyonnais.fr\/site\/2017\/05\/02\/vaulx-en-velin-2-nouveaux-qualifies-pour-les-championnats-de-france-au-club-halterophile\/#primaryimage\",\"url\":\"https:\/\/newsestlyonnais.fr\/site\/wp-content\/uploads\/2017\/05\/NEWSESTLYONNAIS-GOR-HALTERO-VAULX.jpg\",\"contentUrl\":\"https:\/\/newsestlyonnais.fr\/site\/wp-content\/uploads\/2017\/05\/NEWSESTLYONNAIS-GOR-HALTERO-VAULX.jpg\",\"width\":1000,\"height\":750,\"caption\":\"NEWSESTLYONNAIS - GOR HALTERO VAULX\"},{\"@type\":\"BreadcrumbList\",\"@id\":\"https:\/\/newsestlyonnais.fr\/site\/2017\/05\/02\/vaulx-en-velin-2-nouveaux-qualifies-pour-les-championnats-de-france-au-club-halterophile\/#breadcrumb\",\"itemListElement\":[{\"@type\":\"ListItem\",\"position\":1,\"name\":\"Accueil\",\"item\":\"https:\/\/newsestlyonnais.fr\/site\/\"},{\"@type\":\"ListItem\",\"position\":2,\"name\":\"VAULX-EN-VELIN | 2 nouveaux qualifi\u00e9s pour les championnats de France au Club Halt\u00e9rophile\"}]},{\"@type\":\"WebSite\",\"@id\":\"https:\/\/newsestlyonnais.fr\/site\/#website\",\"url\":\"https:\/\/newsestlyonnais.fr\/site\/\",\"name\":\"News Est Lyonnais\",\"description\":\"L&#039;actualit\u00e9 au plus pr\u00e8s\",\"publisher\":{\"@id\":\"https:\/\/newsestlyonnais.fr\/site\/#organization\"},\"potentialAction\":[{\"@type\":\"SearchAction\",\"target\":{\"@type\":\"EntryPoint\",\"urlTemplate\":\"https:\/\/newsestlyonnais.fr\/site\/?s={search_term_string}\"},\"query-input\":{\"@type\":\"PropertyValueSpecification\",\"valueRequired\":true,\"valueName\":\"search_term_string\"}}],\"inLanguage\":\"fr-FR\"},{\"@type\":\"Organization\",\"@id\":\"https:\/\/newsestlyonnais.fr\/site\/#organization\",\"name\":\"News EST LYONNAIS\",\"url\":\"https:\/\/newsestlyonnais.fr\/site\/\",\"logo\":{\"@type\":\"ImageObject\",\"inLanguage\":\"fr-FR\",\"@id\":\"https:\/\/newsestlyonnais.fr\/site\/#\/schema\/logo\/image\/\",\"url\":\"\",\"contentUrl\":\"\",\"caption\":\"News EST LYONNAIS\"},\"image\":{\"@id\":\"https:\/\/newsestlyonnais.fr\/site\/#\/schema\/logo\/image\/\"}},{\"@type\":\"Person\",\"@id\":\"https:\/\/newsestlyonnais.fr\/site\/#\/schema\/person\/3230d5615f390bb808365d673001e887\",\"name\":\"R\u00e9dac. NEWS\",\"sameAs\":[\"http:\/\/www.newsestlyonnais.fr\",\"https:\/\/www.facebook.com\/pascal.oberson.1?fref=ts\",\"https:\/\/fr.linkedin.com\/in\/pascal-oberson-b17045113\"],\"url\":\"https:\/\/newsestlyonnais.fr\/site\/author\/nel\/\"}]}<\/script>\n<!-- \/ Yoast SEO plugin. -->","yoast_head_json":{"title":"VAULX EN VELIN : 2 nouveaux qualifi\u00e9s pour les championnats de France au Club Halt\u00e9rophile","description":"VAULX EN VELIN : 2 nouveaux qualifi\u00e9s pour les championnats de France au Club Halt\u00e9rophile","robots":{"index":"index","follow":"follow","max-snippet":"max-snippet:-1","max-image-preview":"max-image-preview:large","max-video-preview":"max-video-preview:-1"},"canonical":"https:\/\/newsestlyonnais.fr\/site\/2017\/05\/02\/vaulx-en-velin-2-nouveaux-qualifies-pour-les-championnats-de-france-au-club-halterophile\/","og_locale":"fr_FR","og_type":"article","og_title":"VAULX EN VELIN : 2 nouveaux qualifi\u00e9s pour les championnats de France au Club Halt\u00e9rophile","og_description":"VAULX EN VELIN : 2 nouveaux qualifi\u00e9s pour les championnats de France au Club Halt\u00e9rophile","og_url":"https:\/\/newsestlyonnais.fr\/site\/2017\/05\/02\/vaulx-en-velin-2-nouveaux-qualifies-pour-les-championnats-de-france-au-club-halterophile\/","og_site_name":"News Est Lyonnais","article_author":"https:\/\/www.facebook.com\/pascal.oberson.1?fref=ts","article_published_time":"2017-05-02T04:24:25+00:00","article_modified_time":"2020-11-12T18:28:59+00:00","og_image":[{"width":1000,"height":750,"url":"https:\/\/i1.wp.com\/newsestlyonnais.fr\/site\/wp-content\/uploads\/2017\/05\/NEWSESTLYONNAIS-GOR-HALTERO-VAULX.jpg?fit=1000%2C750&ssl=1","type":"image\/jpeg"}],"author":"R\u00e9dac. NEWS","twitter_card":"summary_large_image","twitter_misc":{"\u00c9crit par":"R\u00e9dac. NEWS","Dur\u00e9e de lecture estim\u00e9e":"1 minute"},"schema":{"@context":"https:\/\/schema.org","@graph":[{"@type":"Article","@id":"https:\/\/newsestlyonnais.fr\/site\/2017\/05\/02\/vaulx-en-velin-2-nouveaux-qualifies-pour-les-championnats-de-france-au-club-halterophile\/#article","isPartOf":{"@id":"https:\/\/newsestlyonnais.fr\/site\/2017\/05\/02\/vaulx-en-velin-2-nouveaux-qualifies-pour-les-championnats-de-france-au-club-halterophile\/"},"author":{"name":"R\u00e9dac. NEWS","@id":"https:\/\/newsestlyonnais.fr\/site\/#\/schema\/person\/3230d5615f390bb808365d673001e887"},"headline":"VAULX-EN-VELIN | 2 nouveaux qualifi\u00e9s pour les championnats de France au Club Halt\u00e9rophile","datePublished":"2017-05-02T04:24:25+00:00","dateModified":"2020-11-12T18:28:59+00:00","mainEntityOfPage":{"@id":"https:\/\/newsestlyonnais.fr\/site\/2017\/05\/02\/vaulx-en-velin-2-nouveaux-qualifies-pour-les-championnats-de-france-au-club-halterophile\/"},"wordCount":195,"commentCount":0,"publisher":{"@id":"https:\/\/newsestlyonnais.fr\/site\/#organization"},"image":{"@id":"https:\/\/newsestlyonnais.fr\/site\/2017\/05\/02\/vaulx-en-velin-2-nouveaux-qualifies-pour-les-championnats-de-france-au-club-halterophile\/#primaryimage"},"thumbnailUrl":"https:\/\/newsestlyonnais.fr\/site\/wp-content\/uploads\/2017\/05\/NEWSESTLYONNAIS-GOR-HALTERO-VAULX.jpg","articleSection":["Autres sports","Divers Sports","Vaulx-en-Velin"],"inLanguage":"fr-FR","potentialAction":[{"@type":"CommentAction","name":"Comment","target":["https:\/\/newsestlyonnais.fr\/site\/2017\/05\/02\/vaulx-en-velin-2-nouveaux-qualifies-pour-les-championnats-de-france-au-club-halterophile\/#respond"]}]},{"@type":"WebPage","@id":"https:\/\/newsestlyonnais.fr\/site\/2017\/05\/02\/vaulx-en-velin-2-nouveaux-qualifies-pour-les-championnats-de-france-au-club-halterophile\/","url":"https:\/\/newsestlyonnais.fr\/site\/2017\/05\/02\/vaulx-en-velin-2-nouveaux-qualifies-pour-les-championnats-de-france-au-club-halterophile\/","name":"VAULX EN VELIN : 2 nouveaux qualifi\u00e9s pour les championnats de France au Club Halt\u00e9rophile","isPartOf":{"@id":"https:\/\/newsestlyonnais.fr\/site\/#website"},"primaryImageOfPage":{"@id":"https:\/\/newsestlyonnais.fr\/site\/2017\/05\/02\/vaulx-en-velin-2-nouveaux-qualifies-pour-les-championnats-de-france-au-club-halterophile\/#primaryimage"},"image":{"@id":"https:\/\/newsestlyonnais.fr\/site\/2017\/05\/02\/vaulx-en-velin-2-nouveaux-qualifies-pour-les-championnats-de-france-au-club-halterophile\/#primaryimage"},"thumbnailUrl":"https:\/\/newsestlyonnais.fr\/site\/wp-content\/uploads\/2017\/05\/NEWSESTLYONNAIS-GOR-HALTERO-VAULX.jpg","datePublished":"2017-05-02T04:24:25+00:00","dateModified":"2020-11-12T18:28:59+00:00","description":"VAULX EN VELIN : 2 nouveaux qualifi\u00e9s pour les championnats de France au Club Halt\u00e9rophile","breadcrumb":{"@id":"https:\/\/newsestlyonnais.fr\/site\/2017\/05\/02\/vaulx-en-velin-2-nouveaux-qualifies-pour-les-championnats-de-france-au-club-halterophile\/#breadcrumb"},"inLanguage":"fr-FR","potentialAction":[{"@type":"ReadAction","target":["https:\/\/newsestlyonnais.fr\/site\/2017\/05\/02\/vaulx-en-velin-2-nouveaux-qualifies-pour-les-championnats-de-france-au-club-halterophile\/"]}]},{"@type":"ImageObject","inLanguage":"fr-FR","@id":"https:\/\/newsestlyonnais.fr\/site\/2017\/05\/02\/vaulx-en-velin-2-nouveaux-qualifies-pour-les-championnats-de-france-au-club-halterophile\/#primaryimage","url":"https:\/\/newsestlyonnais.fr\/site\/wp-content\/uploads\/2017\/05\/NEWSESTLYONNAIS-GOR-HALTERO-VAULX.jpg","contentUrl":"https:\/\/newsestlyonnais.fr\/site\/wp-content\/uploads\/2017\/05\/NEWSESTLYONNAIS-GOR-HALTERO-VAULX.jpg","width":1000,"height":750,"caption":"NEWSESTLYONNAIS - GOR HALTERO VAULX"},{"@type":"BreadcrumbList","@id":"https:\/\/newsestlyonnais.fr\/site\/2017\/05\/02\/vaulx-en-velin-2-nouveaux-qualifies-pour-les-championnats-de-france-au-club-halterophile\/#breadcrumb","itemListElement":[{"@type":"ListItem","position":1,"name":"Accueil","item":"https:\/\/newsestlyonnais.fr\/site\/"},{"@type":"ListItem","position":2,"name":"VAULX-EN-VELIN | 2 nouveaux qualifi\u00e9s pour les championnats de France au Club Halt\u00e9rophile"}]},{"@type":"WebSite","@id":"https:\/\/newsestlyonnais.fr\/site\/#website","url":"https:\/\/newsestlyonnais.fr\/site\/","name":"News Est Lyonnais","description":"L&#039;actualit\u00e9 au plus pr\u00e8s","publisher":{"@id":"https:\/\/newsestlyonnais.fr\/site\/#organization"},"potentialAction":[{"@type":"SearchAction","target":{"@type":"EntryPoint","urlTemplate":"https:\/\/newsestlyonnais.fr\/site\/?s={search_term_string}"},"query-input":{"@type":"PropertyValueSpecification","valueRequired":true,"valueName":"search_term_string"}}],"inLanguage":"fr-FR"},{"@type":"Organization","@id":"https:\/\/newsestlyonnais.fr\/site\/#organization","name":"News EST LYONNAIS","url":"https:\/\/newsestlyonnais.fr\/site\/","logo":{"@type":"ImageObject","inLanguage":"fr-FR","@id":"https:\/\/newsestlyonnais.fr\/site\/#\/schema\/logo\/image\/","url":"","contentUrl":"","caption":"News EST LYONNAIS"},"image":{"@id":"https:\/\/newsestlyonnais.fr\/site\/#\/schema\/logo\/image\/"}},{"@type":"Person","@id":"https:\/\/newsestlyonnais.fr\/site\/#\/schema\/person\/3230d5615f390bb808365d673001e887","name":"R\u00e9dac. NEWS","sameAs":["http:\/\/www.newsestlyonnais.fr","https:\/\/www.facebook.com\/pascal.oberson.1?fref=ts","https:\/\/fr.linkedin.com\/in\/pascal-oberson-b17045113"],"url":"https:\/\/newsestlyonnais.fr\/site\/author\/nel\/"}]}},"_links":{"self":[{"href":"https:\/\/newsestlyonnais.fr\/site\/wp-json\/wp\/v2\/posts\/25608","targetHints":{"allow":["GET"]}}],"collection":[{"href":"https:\/\/newsestlyonnais.fr\/site\/wp-json\/wp\/v2\/posts"}],"about":[{"href":"https:\/\/newsestlyonnais.fr\/site\/wp-json\/wp\/v2\/types\/post"}],"author":[{"embeddable":true,"href":"https:\/\/newsestlyonnais.fr\/site\/wp-json\/wp\/v2\/users\/4"}],"replies":[{"embeddable":true,"href":"https:\/\/newsestlyonnais.fr\/site\/wp-json\/wp\/v2\/comments?post=25608"}],"version-history":[{"count":0,"href":"https:\/\/newsestlyonnais.fr\/site\/wp-json\/wp\/v2\/posts\/25608\/revisions"}],"wp:featuredmedia":[{"embeddable":true,"href":"https:\/\/newsestlyonnais.fr\/site\/wp-json\/wp\/v2\/media\/25614"}],"wp:attachment":[{"href":"https:\/\/newsestlyonnais.fr\/site\/wp-json\/wp\/v2\/media?parent=25608"}],"wp:term":[{"taxonomy":"category","embeddable":true,"href":"https:\/\/newsestlyonnais.fr\/site\/wp-json\/wp\/v2\/categories?post=25608"},{"taxonomy":"post_tag","embeddable":true,"href":"https:\/\/newsestlyonnais.fr\/site\/wp-json\/wp\/v2\/tags?post=25608"}],"curies":[{"name":"wp","href":"https:\/\/api.w.org\/{rel}","templated":true}]}}