{"id":25667,"date":"2017-05-02T14:27:24","date_gmt":"2017-05-02T13:27:24","guid":{"rendered":"http:\/\/newsestlyonnais.fr\/site\/?p=25667"},"modified":"2020-11-05T14:09:52","modified_gmt":"2020-11-05T13:09:52","slug":"villeurbanne-un-nouvel-accueil-de-loisirs-pour-les-3-5-ans-sur-la-commune","status":"publish","type":"post","link":"https:\/\/newsestlyonnais.fr\/site\/2017\/05\/02\/villeurbanne-un-nouvel-accueil-de-loisirs-pour-les-3-5-ans-sur-la-commune\/","title":{"rendered":"VILLEURBANNE | Nouvel accueil de loisirs pour les 3-5 ans sur la commune"},"content":{"rendered":"<h4>L\u2019ASUL Vacances, en plus de son site d\u2019activit\u00e9 historique sur le campus de la Doua, a ouvert depuis cette ann\u00e9e, un second accueil de loisirs dans le centre ville de Villeurbanne.<\/h4>\n<p>La Ville de Villeurbanne leur permet en effet de disposer des locaux de l\u2019\u00e9cole maternelle Edouard Herriot du 10 juillet au 18 ao\u00fbt, dans le but de cr\u00e9er un nouveau lieu de loisirs pour les 3\/5ans.<\/p>\n<div>Cr\u00e9\u00e9e en 1994, <strong>l\u2019ASUL Vacances<\/strong> est un centre de loisirs dont le projet p\u00e9dagogique repose sur l\u2019initiation et la d\u00e9couverte d\u2019une grande diversit\u00e9 d\u2019activit\u00e9s sportives. Il accueille des enfants de 3 \u00e0 17 ans sur le campus de la Doua et depuis f\u00e9vrier,sur un nouveau site,\u00e0 l\u2019Ecole maternelle Edouard Herriot. Ces locaux, mis \u00e0 disposition par la Ville de Villeurbanne visent \u00e0 accueillir des enfants de 3 \u00e0 5 ans dans un cadre particuli\u00e8rement adapt\u00e9.<\/div>\n<div>Les vacances de f\u00e9vrier, de printemps et d\u2019\u00e9t\u00e9 constituent une ouverture test, dans l\u2019optique d\u2019une p\u00e9rennisation, afin d\u2019augmenter les possibilit\u00e9s d\u2019accueil pour les familles du 10 juillet au 18 ao\u00fbt.<\/div>\n<div><\/div>\n<div>En effet, l\u2019ASUL dispose d\u00e9sormais d\u2019un agr\u00e9ment de 40 places sur ce nouveau site.<\/div>\n<ul>\n<li><span style=\"text-decoration: underline\"><strong>Une ouverture cet \u00e9t\u00e9 du 10 juillet au 18 ao\u00fbt:<\/strong> <\/span><\/li>\n<\/ul>\n<p>Sur les p\u00e9riodes de f\u00e9vrier et de printemps, soit quatre semaines de fonctionnement, plus d\u2019une quarantaine d\u2019enfants, \u00e2g\u00e9s d\u2019entre 3 et 5 ans,ont eu l\u2019occasion de s\u2019initier au sport par le jeu et de pratiquer diverses activit\u00e9s socio-culturelles dans l\u2019\u00e9cole villeurbannaise. Le site, localis\u00e9 au 104 Rue Hippolyte Kahn, fonctionnera cet \u00e9t\u00e9 entre le 10 juillet et le 18 ao\u00fbt.<\/p>\n<div>&#8211; <em><em><strong><span style=\"text-decoration: underline\">L\u2019ASUL Vacances cet \u00e9t\u00e9<\/span>: <\/strong><\/em><\/em>Des enfants de 3 \u00e0 17 ans seront accueillis sur deux sites d\u2019activit\u00e9:<\/div>\n<div>\n<p>\u00a0\u00a0 &#8211; <span style=\"text-decoration: underline\">Pour les <strong>3-5 ans<\/strong><\/span>: <strong>Ecole Edouard Herriot<\/strong> du 10 juillet au 18 ao\u00fbt &amp; <strong>UFR Staps (campus de la Doua)<\/strong> du 18 ao\u00fbt au 1\u00b0 septembre.<\/p>\n<p>&#8211; <span style=\"text-decoration: underline\">Pour les <strong>5-17 ans<\/strong><\/span>: <strong>UFR Staps (campus de la Doua)<\/strong> du 21 juin au 1\u00b0 septembre.<\/p>\n<h4>&#8211; Plus d&rsquo;infos au: 04.78.53.18.71 et sur <a href=\"https:\/\/www.asul.org\" target=\"_blank\" rel=\"noopener noreferrer\">https:\/\/www.asul.org<\/a><\/h4>\n<\/div>\n<div><\/div>\n<p>&nbsp;<\/p>\n<p>&nbsp;<\/p>\n<p>&nbsp;<\/p>\n<p>&nbsp;<\/p>\n","protected":false},"excerpt":{"rendered":"<p>L\u2019ASUL Vacances, en plus de son site d\u2019activit\u00e9 historique sur le campus de la Doua, a ouvert depuis cette ann\u00e9e, un second accueil de loisirs dans le centre ville de Villeurbanne. La Ville de Villeurbanne leur permet en effet de disposer des locaux de l\u2019\u00e9cole maternelle Edouard Herriot du 10 juillet au 18 ao\u00fbt, dans [&hellip;]<\/p>\n","protected":false},"author":4,"featured_media":25696,"comment_status":"open","ping_status":"open","sticky":false,"template":"","format":"standard","meta":{"footnotes":""},"categories":[171,29],"tags":[],"class_list":["post-25667","post","type-post","status-publish","format-standard","has-post-thumbnail","hentry","category-enfance-jeunesse","category-villeurbanne"],"yoast_head":"<!-- This site is optimized with the Yoast SEO plugin v27.2 - https:\/\/yoast.com\/product\/yoast-seo-wordpress\/ -->\n<title>VILLEURBANNE : Un nouvel accueil de loisirs pour les 3-5 ans sur la commune<\/title>\n<meta name=\"description\" content=\"VILLEURBANNE : Un nouvel accueil de loisirs pour les 3-5 ans sur la commune\" \/>\n<meta name=\"robots\" content=\"index, follow, max-snippet:-1, max-image-preview:large, max-video-preview:-1\" \/>\n<link rel=\"canonical\" href=\"https:\/\/newsestlyonnais.fr\/site\/2017\/05\/02\/villeurbanne-un-nouvel-accueil-de-loisirs-pour-les-3-5-ans-sur-la-commune\/\" \/>\n<meta property=\"og:locale\" content=\"fr_FR\" \/>\n<meta property=\"og:type\" content=\"article\" \/>\n<meta property=\"og:title\" content=\"VILLEURBANNE : Un nouvel accueil de loisirs pour les 3-5 ans sur la commune\" \/>\n<meta property=\"og:description\" content=\"VILLEURBANNE : Un nouvel accueil de loisirs pour les 3-5 ans sur la commune\" \/>\n<meta property=\"og:url\" content=\"https:\/\/newsestlyonnais.fr\/site\/2017\/05\/02\/villeurbanne-un-nouvel-accueil-de-loisirs-pour-les-3-5-ans-sur-la-commune\/\" \/>\n<meta property=\"og:site_name\" content=\"News Est Lyonnais\" \/>\n<meta property=\"article:author\" content=\"https:\/\/www.facebook.com\/pascal.oberson.1?fref=ts\" \/>\n<meta property=\"article:published_time\" content=\"2017-05-02T13:27:24+00:00\" \/>\n<meta property=\"article:modified_time\" content=\"2020-11-05T13:09:52+00:00\" \/>\n<meta property=\"og:image\" content=\"https:\/\/i2.wp.com\/newsestlyonnais.fr\/site\/wp-content\/uploads\/2017\/05\/NEWSESTLYONNAIS-ASUL-VACANCES.jpg?fit=1000%2C750&ssl=1\" \/>\n\t<meta property=\"og:image:width\" content=\"1000\" \/>\n\t<meta property=\"og:image:height\" content=\"750\" \/>\n\t<meta property=\"og:image:type\" content=\"image\/jpeg\" \/>\n<meta name=\"author\" content=\"R\u00e9dac. NEWS\" \/>\n<meta name=\"twitter:card\" content=\"summary_large_image\" \/>\n<meta name=\"twitter:label1\" content=\"\u00c9crit par\" \/>\n\t<meta name=\"twitter:data1\" content=\"R\u00e9dac. NEWS\" \/>\n\t<meta name=\"twitter:label2\" content=\"Dur\u00e9e de lecture estim\u00e9e\" \/>\n\t<meta name=\"twitter:data2\" content=\"2 minutes\" \/>\n<script type=\"application\/ld+json\" class=\"yoast-schema-graph\">{\"@context\":\"https:\/\/schema.org\",\"@graph\":[{\"@type\":\"Article\",\"@id\":\"https:\/\/newsestlyonnais.fr\/site\/2017\/05\/02\/villeurbanne-un-nouvel-accueil-de-loisirs-pour-les-3-5-ans-sur-la-commune\/#article\",\"isPartOf\":{\"@id\":\"https:\/\/newsestlyonnais.fr\/site\/2017\/05\/02\/villeurbanne-un-nouvel-accueil-de-loisirs-pour-les-3-5-ans-sur-la-commune\/\"},\"author\":{\"name\":\"R\u00e9dac. NEWS\",\"@id\":\"https:\/\/newsestlyonnais.fr\/site\/#\/schema\/person\/3230d5615f390bb808365d673001e887\"},\"headline\":\"VILLEURBANNE | Nouvel accueil de loisirs pour les 3-5 ans sur la commune\",\"datePublished\":\"2017-05-02T13:27:24+00:00\",\"dateModified\":\"2020-11-05T13:09:52+00:00\",\"mainEntityOfPage\":{\"@id\":\"https:\/\/newsestlyonnais.fr\/site\/2017\/05\/02\/villeurbanne-un-nouvel-accueil-de-loisirs-pour-les-3-5-ans-sur-la-commune\/\"},\"wordCount\":363,\"commentCount\":0,\"publisher\":{\"@id\":\"https:\/\/newsestlyonnais.fr\/site\/#organization\"},\"image\":{\"@id\":\"https:\/\/newsestlyonnais.fr\/site\/2017\/05\/02\/villeurbanne-un-nouvel-accueil-de-loisirs-pour-les-3-5-ans-sur-la-commune\/#primaryimage\"},\"thumbnailUrl\":\"https:\/\/newsestlyonnais.fr\/site\/wp-content\/uploads\/2017\/05\/NEWSESTLYONNAIS-ASUL-VACANCES.jpg\",\"articleSection\":[\"Enfance | Jeunesse\",\"Villeurbanne\"],\"inLanguage\":\"fr-FR\",\"potentialAction\":[{\"@type\":\"CommentAction\",\"name\":\"Comment\",\"target\":[\"https:\/\/newsestlyonnais.fr\/site\/2017\/05\/02\/villeurbanne-un-nouvel-accueil-de-loisirs-pour-les-3-5-ans-sur-la-commune\/#respond\"]}]},{\"@type\":\"WebPage\",\"@id\":\"https:\/\/newsestlyonnais.fr\/site\/2017\/05\/02\/villeurbanne-un-nouvel-accueil-de-loisirs-pour-les-3-5-ans-sur-la-commune\/\",\"url\":\"https:\/\/newsestlyonnais.fr\/site\/2017\/05\/02\/villeurbanne-un-nouvel-accueil-de-loisirs-pour-les-3-5-ans-sur-la-commune\/\",\"name\":\"VILLEURBANNE : Un nouvel accueil de loisirs pour les 3-5 ans sur la commune\",\"isPartOf\":{\"@id\":\"https:\/\/newsestlyonnais.fr\/site\/#website\"},\"primaryImageOfPage\":{\"@id\":\"https:\/\/newsestlyonnais.fr\/site\/2017\/05\/02\/villeurbanne-un-nouvel-accueil-de-loisirs-pour-les-3-5-ans-sur-la-commune\/#primaryimage\"},\"image\":{\"@id\":\"https:\/\/newsestlyonnais.fr\/site\/2017\/05\/02\/villeurbanne-un-nouvel-accueil-de-loisirs-pour-les-3-5-ans-sur-la-commune\/#primaryimage\"},\"thumbnailUrl\":\"https:\/\/newsestlyonnais.fr\/site\/wp-content\/uploads\/2017\/05\/NEWSESTLYONNAIS-ASUL-VACANCES.jpg\",\"datePublished\":\"2017-05-02T13:27:24+00:00\",\"dateModified\":\"2020-11-05T13:09:52+00:00\",\"description\":\"VILLEURBANNE : Un nouvel accueil de loisirs pour les 3-5 ans sur la commune\",\"breadcrumb\":{\"@id\":\"https:\/\/newsestlyonnais.fr\/site\/2017\/05\/02\/villeurbanne-un-nouvel-accueil-de-loisirs-pour-les-3-5-ans-sur-la-commune\/#breadcrumb\"},\"inLanguage\":\"fr-FR\",\"potentialAction\":[{\"@type\":\"ReadAction\",\"target\":[\"https:\/\/newsestlyonnais.fr\/site\/2017\/05\/02\/villeurbanne-un-nouvel-accueil-de-loisirs-pour-les-3-5-ans-sur-la-commune\/\"]}]},{\"@type\":\"ImageObject\",\"inLanguage\":\"fr-FR\",\"@id\":\"https:\/\/newsestlyonnais.fr\/site\/2017\/05\/02\/villeurbanne-un-nouvel-accueil-de-loisirs-pour-les-3-5-ans-sur-la-commune\/#primaryimage\",\"url\":\"https:\/\/newsestlyonnais.fr\/site\/wp-content\/uploads\/2017\/05\/NEWSESTLYONNAIS-ASUL-VACANCES.jpg\",\"contentUrl\":\"https:\/\/newsestlyonnais.fr\/site\/wp-content\/uploads\/2017\/05\/NEWSESTLYONNAIS-ASUL-VACANCES.jpg\",\"width\":1000,\"height\":750,\"caption\":\"NEWSESTLYONNAIS -ASUL VACANCES\"},{\"@type\":\"BreadcrumbList\",\"@id\":\"https:\/\/newsestlyonnais.fr\/site\/2017\/05\/02\/villeurbanne-un-nouvel-accueil-de-loisirs-pour-les-3-5-ans-sur-la-commune\/#breadcrumb\",\"itemListElement\":[{\"@type\":\"ListItem\",\"position\":1,\"name\":\"Accueil\",\"item\":\"https:\/\/newsestlyonnais.fr\/site\/\"},{\"@type\":\"ListItem\",\"position\":2,\"name\":\"VILLEURBANNE | Nouvel accueil de loisirs pour les 3-5 ans sur la commune\"}]},{\"@type\":\"WebSite\",\"@id\":\"https:\/\/newsestlyonnais.fr\/site\/#website\",\"url\":\"https:\/\/newsestlyonnais.fr\/site\/\",\"name\":\"News Est Lyonnais\",\"description\":\"L&#039;actualit\u00e9 au plus pr\u00e8s\",\"publisher\":{\"@id\":\"https:\/\/newsestlyonnais.fr\/site\/#organization\"},\"potentialAction\":[{\"@type\":\"SearchAction\",\"target\":{\"@type\":\"EntryPoint\",\"urlTemplate\":\"https:\/\/newsestlyonnais.fr\/site\/?s={search_term_string}\"},\"query-input\":{\"@type\":\"PropertyValueSpecification\",\"valueRequired\":true,\"valueName\":\"search_term_string\"}}],\"inLanguage\":\"fr-FR\"},{\"@type\":\"Organization\",\"@id\":\"https:\/\/newsestlyonnais.fr\/site\/#organization\",\"name\":\"News EST LYONNAIS\",\"url\":\"https:\/\/newsestlyonnais.fr\/site\/\",\"logo\":{\"@type\":\"ImageObject\",\"inLanguage\":\"fr-FR\",\"@id\":\"https:\/\/newsestlyonnais.fr\/site\/#\/schema\/logo\/image\/\",\"url\":\"\",\"contentUrl\":\"\",\"caption\":\"News EST LYONNAIS\"},\"image\":{\"@id\":\"https:\/\/newsestlyonnais.fr\/site\/#\/schema\/logo\/image\/\"}},{\"@type\":\"Person\",\"@id\":\"https:\/\/newsestlyonnais.fr\/site\/#\/schema\/person\/3230d5615f390bb808365d673001e887\",\"name\":\"R\u00e9dac. NEWS\",\"sameAs\":[\"http:\/\/www.newsestlyonnais.fr\",\"https:\/\/www.facebook.com\/pascal.oberson.1?fref=ts\",\"https:\/\/fr.linkedin.com\/in\/pascal-oberson-b17045113\"],\"url\":\"https:\/\/newsestlyonnais.fr\/site\/author\/nel\/\"}]}<\/script>\n<!-- \/ Yoast SEO plugin. -->","yoast_head_json":{"title":"VILLEURBANNE : Un nouvel accueil de loisirs pour les 3-5 ans sur la commune","description":"VILLEURBANNE : Un nouvel accueil de loisirs pour les 3-5 ans sur la commune","robots":{"index":"index","follow":"follow","max-snippet":"max-snippet:-1","max-image-preview":"max-image-preview:large","max-video-preview":"max-video-preview:-1"},"canonical":"https:\/\/newsestlyonnais.fr\/site\/2017\/05\/02\/villeurbanne-un-nouvel-accueil-de-loisirs-pour-les-3-5-ans-sur-la-commune\/","og_locale":"fr_FR","og_type":"article","og_title":"VILLEURBANNE : Un nouvel accueil de loisirs pour les 3-5 ans sur la commune","og_description":"VILLEURBANNE : Un nouvel accueil de loisirs pour les 3-5 ans sur la commune","og_url":"https:\/\/newsestlyonnais.fr\/site\/2017\/05\/02\/villeurbanne-un-nouvel-accueil-de-loisirs-pour-les-3-5-ans-sur-la-commune\/","og_site_name":"News Est Lyonnais","article_author":"https:\/\/www.facebook.com\/pascal.oberson.1?fref=ts","article_published_time":"2017-05-02T13:27:24+00:00","article_modified_time":"2020-11-05T13:09:52+00:00","og_image":[{"width":1000,"height":750,"url":"https:\/\/i2.wp.com\/newsestlyonnais.fr\/site\/wp-content\/uploads\/2017\/05\/NEWSESTLYONNAIS-ASUL-VACANCES.jpg?fit=1000%2C750&ssl=1","type":"image\/jpeg"}],"author":"R\u00e9dac. NEWS","twitter_card":"summary_large_image","twitter_misc":{"\u00c9crit par":"R\u00e9dac. NEWS","Dur\u00e9e de lecture estim\u00e9e":"2 minutes"},"schema":{"@context":"https:\/\/schema.org","@graph":[{"@type":"Article","@id":"https:\/\/newsestlyonnais.fr\/site\/2017\/05\/02\/villeurbanne-un-nouvel-accueil-de-loisirs-pour-les-3-5-ans-sur-la-commune\/#article","isPartOf":{"@id":"https:\/\/newsestlyonnais.fr\/site\/2017\/05\/02\/villeurbanne-un-nouvel-accueil-de-loisirs-pour-les-3-5-ans-sur-la-commune\/"},"author":{"name":"R\u00e9dac. NEWS","@id":"https:\/\/newsestlyonnais.fr\/site\/#\/schema\/person\/3230d5615f390bb808365d673001e887"},"headline":"VILLEURBANNE | Nouvel accueil de loisirs pour les 3-5 ans sur la commune","datePublished":"2017-05-02T13:27:24+00:00","dateModified":"2020-11-05T13:09:52+00:00","mainEntityOfPage":{"@id":"https:\/\/newsestlyonnais.fr\/site\/2017\/05\/02\/villeurbanne-un-nouvel-accueil-de-loisirs-pour-les-3-5-ans-sur-la-commune\/"},"wordCount":363,"commentCount":0,"publisher":{"@id":"https:\/\/newsestlyonnais.fr\/site\/#organization"},"image":{"@id":"https:\/\/newsestlyonnais.fr\/site\/2017\/05\/02\/villeurbanne-un-nouvel-accueil-de-loisirs-pour-les-3-5-ans-sur-la-commune\/#primaryimage"},"thumbnailUrl":"https:\/\/newsestlyonnais.fr\/site\/wp-content\/uploads\/2017\/05\/NEWSESTLYONNAIS-ASUL-VACANCES.jpg","articleSection":["Enfance | Jeunesse","Villeurbanne"],"inLanguage":"fr-FR","potentialAction":[{"@type":"CommentAction","name":"Comment","target":["https:\/\/newsestlyonnais.fr\/site\/2017\/05\/02\/villeurbanne-un-nouvel-accueil-de-loisirs-pour-les-3-5-ans-sur-la-commune\/#respond"]}]},{"@type":"WebPage","@id":"https:\/\/newsestlyonnais.fr\/site\/2017\/05\/02\/villeurbanne-un-nouvel-accueil-de-loisirs-pour-les-3-5-ans-sur-la-commune\/","url":"https:\/\/newsestlyonnais.fr\/site\/2017\/05\/02\/villeurbanne-un-nouvel-accueil-de-loisirs-pour-les-3-5-ans-sur-la-commune\/","name":"VILLEURBANNE : Un nouvel accueil de loisirs pour les 3-5 ans sur la commune","isPartOf":{"@id":"https:\/\/newsestlyonnais.fr\/site\/#website"},"primaryImageOfPage":{"@id":"https:\/\/newsestlyonnais.fr\/site\/2017\/05\/02\/villeurbanne-un-nouvel-accueil-de-loisirs-pour-les-3-5-ans-sur-la-commune\/#primaryimage"},"image":{"@id":"https:\/\/newsestlyonnais.fr\/site\/2017\/05\/02\/villeurbanne-un-nouvel-accueil-de-loisirs-pour-les-3-5-ans-sur-la-commune\/#primaryimage"},"thumbnailUrl":"https:\/\/newsestlyonnais.fr\/site\/wp-content\/uploads\/2017\/05\/NEWSESTLYONNAIS-ASUL-VACANCES.jpg","datePublished":"2017-05-02T13:27:24+00:00","dateModified":"2020-11-05T13:09:52+00:00","description":"VILLEURBANNE : Un nouvel accueil de loisirs pour les 3-5 ans sur la commune","breadcrumb":{"@id":"https:\/\/newsestlyonnais.fr\/site\/2017\/05\/02\/villeurbanne-un-nouvel-accueil-de-loisirs-pour-les-3-5-ans-sur-la-commune\/#breadcrumb"},"inLanguage":"fr-FR","potentialAction":[{"@type":"ReadAction","target":["https:\/\/newsestlyonnais.fr\/site\/2017\/05\/02\/villeurbanne-un-nouvel-accueil-de-loisirs-pour-les-3-5-ans-sur-la-commune\/"]}]},{"@type":"ImageObject","inLanguage":"fr-FR","@id":"https:\/\/newsestlyonnais.fr\/site\/2017\/05\/02\/villeurbanne-un-nouvel-accueil-de-loisirs-pour-les-3-5-ans-sur-la-commune\/#primaryimage","url":"https:\/\/newsestlyonnais.fr\/site\/wp-content\/uploads\/2017\/05\/NEWSESTLYONNAIS-ASUL-VACANCES.jpg","contentUrl":"https:\/\/newsestlyonnais.fr\/site\/wp-content\/uploads\/2017\/05\/NEWSESTLYONNAIS-ASUL-VACANCES.jpg","width":1000,"height":750,"caption":"NEWSESTLYONNAIS -ASUL VACANCES"},{"@type":"BreadcrumbList","@id":"https:\/\/newsestlyonnais.fr\/site\/2017\/05\/02\/villeurbanne-un-nouvel-accueil-de-loisirs-pour-les-3-5-ans-sur-la-commune\/#breadcrumb","itemListElement":[{"@type":"ListItem","position":1,"name":"Accueil","item":"https:\/\/newsestlyonnais.fr\/site\/"},{"@type":"ListItem","position":2,"name":"VILLEURBANNE | Nouvel accueil de loisirs pour les 3-5 ans sur la commune"}]},{"@type":"WebSite","@id":"https:\/\/newsestlyonnais.fr\/site\/#website","url":"https:\/\/newsestlyonnais.fr\/site\/","name":"News Est Lyonnais","description":"L&#039;actualit\u00e9 au plus pr\u00e8s","publisher":{"@id":"https:\/\/newsestlyonnais.fr\/site\/#organization"},"potentialAction":[{"@type":"SearchAction","target":{"@type":"EntryPoint","urlTemplate":"https:\/\/newsestlyonnais.fr\/site\/?s={search_term_string}"},"query-input":{"@type":"PropertyValueSpecification","valueRequired":true,"valueName":"search_term_string"}}],"inLanguage":"fr-FR"},{"@type":"Organization","@id":"https:\/\/newsestlyonnais.fr\/site\/#organization","name":"News EST LYONNAIS","url":"https:\/\/newsestlyonnais.fr\/site\/","logo":{"@type":"ImageObject","inLanguage":"fr-FR","@id":"https:\/\/newsestlyonnais.fr\/site\/#\/schema\/logo\/image\/","url":"","contentUrl":"","caption":"News EST LYONNAIS"},"image":{"@id":"https:\/\/newsestlyonnais.fr\/site\/#\/schema\/logo\/image\/"}},{"@type":"Person","@id":"https:\/\/newsestlyonnais.fr\/site\/#\/schema\/person\/3230d5615f390bb808365d673001e887","name":"R\u00e9dac. NEWS","sameAs":["http:\/\/www.newsestlyonnais.fr","https:\/\/www.facebook.com\/pascal.oberson.1?fref=ts","https:\/\/fr.linkedin.com\/in\/pascal-oberson-b17045113"],"url":"https:\/\/newsestlyonnais.fr\/site\/author\/nel\/"}]}},"_links":{"self":[{"href":"https:\/\/newsestlyonnais.fr\/site\/wp-json\/wp\/v2\/posts\/25667","targetHints":{"allow":["GET"]}}],"collection":[{"href":"https:\/\/newsestlyonnais.fr\/site\/wp-json\/wp\/v2\/posts"}],"about":[{"href":"https:\/\/newsestlyonnais.fr\/site\/wp-json\/wp\/v2\/types\/post"}],"author":[{"embeddable":true,"href":"https:\/\/newsestlyonnais.fr\/site\/wp-json\/wp\/v2\/users\/4"}],"replies":[{"embeddable":true,"href":"https:\/\/newsestlyonnais.fr\/site\/wp-json\/wp\/v2\/comments?post=25667"}],"version-history":[{"count":0,"href":"https:\/\/newsestlyonnais.fr\/site\/wp-json\/wp\/v2\/posts\/25667\/revisions"}],"wp:featuredmedia":[{"embeddable":true,"href":"https:\/\/newsestlyonnais.fr\/site\/wp-json\/wp\/v2\/media\/25696"}],"wp:attachment":[{"href":"https:\/\/newsestlyonnais.fr\/site\/wp-json\/wp\/v2\/media?parent=25667"}],"wp:term":[{"taxonomy":"category","embeddable":true,"href":"https:\/\/newsestlyonnais.fr\/site\/wp-json\/wp\/v2\/categories?post=25667"},{"taxonomy":"post_tag","embeddable":true,"href":"https:\/\/newsestlyonnais.fr\/site\/wp-json\/wp\/v2\/tags?post=25667"}],"curies":[{"name":"wp","href":"https:\/\/api.w.org\/{rel}","templated":true}]}}