{"id":25718,"date":"2017-05-03T15:55:49","date_gmt":"2017-05-03T14:55:49","guid":{"rendered":"http:\/\/newsestlyonnais.fr\/site\/?p=25718"},"modified":"2020-11-10T12:43:51","modified_gmt":"2020-11-10T11:43:51","slug":"bron-un-concours-regional-en-hommage-a-henri-bayada-a-la-petanque-de-bron-terraillon","status":"publish","type":"post","link":"https:\/\/newsestlyonnais.fr\/site\/2017\/05\/03\/bron-un-concours-regional-en-hommage-a-henri-bayada-a-la-petanque-de-bron-terraillon\/","title":{"rendered":"BRON | Concours r\u00e9gional en hommage \u00e0 Henri Bayada \u00e0 la P\u00e9tanque de Bron Terraillon"},"content":{"rendered":"<h4>Forte actualit\u00e9 en ce d\u00e9but de printemps au sein du Club de P\u00e9tanque de Bron-Terraillon (C.P.B.T.).<\/h4>\n<ul>\n<li>En coulisses tout d&rsquo;abord, puisque suite \u00e0 la destitution de Zohra Melkemi, pour divergences d&rsquo;opinions, c&rsquo;est d\u00e9sormais Damien Ruiz qui assure depuis d\u00e9but avril la pr\u00e9sidence du club, assist\u00e9 de Claudine Gorini \u00e0 la vice-pr\u00e9sidence. A noter qu&rsquo;une AG extraordinaire se tiendra le vendredi 19 mai prochain \u00e0 19 heures au boulodrome.<\/li>\n<li>D&rsquo;autre part, le CPBT a obtenu l&rsquo;accord de la famille d&rsquo;Henri Bayada (son \u00e9pouse Christine et sa fille Sandrine), son ancien pr\u00e9sident d\u00e9c\u00e9d\u00e9 en mai 2016 pour organiser une manifestation afin de lui rendre hommage. Ce <strong>1\u00b0 concours r\u00e9gional Henri Bayada<\/strong> se d\u00e9roulera le week-end prochain au Boulodrome de Bron-Terraillon.<\/li>\n<\/ul>\n<h4>Inscriptions encore possibles : T\u00e9l 04.72.37.28.15 ou cpbt2@wanadoo.fr<\/h4>\n<p><img loading=\"lazy\" decoding=\"async\" class=\"alignleft size-full wp-image-23750\" src=\"https:\/\/newsestlyonnais.fr\/site\/medias\/2017\/03\/NEWSESTLYONNAIS-MICRO.png\" alt=\"NEWSESTLYONNAIS MICRO\" width=\"250\" height=\"150\" \/>\u00a0\u00bb Nous attendons 140 \u00e9quipes pour le concours en triplettes, 32 en doublettes f\u00e9minines et 64 pour le Grand Prix de la Ville de Bron. Nous mobiliserons une trentaine de b\u00e9n\u00e9voles pour le bon d\u00e9roulement de ce challenge. Et tenons \u00e0 remercier la Ville de Bron qui continue \u00e0 nous soutenir (mat\u00e9riel et logistique) et la famille Buche qui viendra nous donner un coup de main. Des animations sont pr\u00e9vues avec des parties de p\u00e9tanque adapt\u00e9e avec des licenci\u00e9s du club non-voyants qui seront dirig\u00e9s par Charlemagne Blaise , \u00e9ducateur de notre \u00e9cole de p\u00e9tanque. \u00a0\u00bb confie le pr\u00e9sident Damien Ruiz.<\/p>\n<p>A noter que la phase finale de ce challenge sera diffus\u00e9e en direct sur la Web Tv : <a href=\"http:\/\/www.boulistenaute.com\" target=\"_blank\" rel=\"noopener noreferrer\">http:\/\/www.boulistenaute.com<\/a><\/p>\n<p><span style=\"text-decoration: underline\"><strong><em>PHOTO A LA UNE:<\/em> <\/strong><\/span>Damien Ruiz (pr\u00e9sident du CPBT) et Charlemagne Blaise (\u00e9ducateur) pr\u00e9sentent l&rsquo;affiche de ce 1\u00b0 challenge H. Bayada<\/p>\n<h4><\/h4>\n<p><img loading=\"lazy\" decoding=\"async\" class=\"alignleft size-full wp-image-20899\" src=\"https:\/\/newsestlyonnais.fr\/site\/medias\/2017\/02\/NEWSESTLYONNAIS-CONCOURS-BAYADA.jpg\" alt=\"NEWSESTLYONNAIS - CONCOURS BAYADA\" width=\"1000\" height=\"750\" srcset=\"https:\/\/newsestlyonnais.fr\/site\/wp-content\/uploads\/2017\/02\/NEWSESTLYONNAIS-CONCOURS-BAYADA.jpg 1000w, https:\/\/newsestlyonnais.fr\/site\/wp-content\/uploads\/2017\/02\/NEWSESTLYONNAIS-CONCOURS-BAYADA-400x300.jpg 400w, https:\/\/newsestlyonnais.fr\/site\/wp-content\/uploads\/2017\/02\/NEWSESTLYONNAIS-CONCOURS-BAYADA-768x576.jpg 768w, https:\/\/newsestlyonnais.fr\/site\/wp-content\/uploads\/2017\/02\/NEWSESTLYONNAIS-CONCOURS-BAYADA-600x450.jpg 600w, https:\/\/newsestlyonnais.fr\/site\/wp-content\/uploads\/2017\/02\/NEWSESTLYONNAIS-CONCOURS-BAYADA-100x75.jpg 100w\" sizes=\"auto, (max-width: 1000px) 100vw, 1000px\" \/><\/p>\n","protected":false},"excerpt":{"rendered":"<p>Forte actualit\u00e9 en ce d\u00e9but de printemps au sein du Club de P\u00e9tanque de Bron-Terraillon (C.P.B.T.). En coulisses tout d&rsquo;abord, puisque suite \u00e0 la destitution de Zohra Melkemi, pour divergences d&rsquo;opinions, c&rsquo;est d\u00e9sormais Damien Ruiz qui assure depuis d\u00e9but avril la pr\u00e9sidence du club, assist\u00e9 de Claudine Gorini \u00e0 la vice-pr\u00e9sidence. A noter qu&rsquo;une AG [&hellip;]<\/p>\n","protected":false},"author":4,"featured_media":25720,"comment_status":"open","ping_status":"open","sticky":false,"template":"","format":"standard","meta":{"footnotes":""},"categories":[2977,19,2978],"tags":[],"class_list":["post-25718","post","type-post","status-publish","format-standard","has-post-thumbnail","hentry","category-boules-petanque-sports","category-bron","category-petanque-sports"],"yoast_head":"<!-- This site is optimized with the Yoast SEO plugin v27.2 - https:\/\/yoast.com\/product\/yoast-seo-wordpress\/ -->\n<title>BRON : Un concours r\u00e9gional en hommage \u00e0 Henri Bayada \u00e0 la P\u00e9tanque de Bron Terraillon<\/title>\n<meta name=\"description\" content=\"BRON : Un concours r\u00e9gional en hommage \u00e0 Henri Bayada \u00e0 la P\u00e9tanque de Bron Terraillon\" \/>\n<meta name=\"robots\" content=\"index, follow, max-snippet:-1, max-image-preview:large, max-video-preview:-1\" \/>\n<link rel=\"canonical\" href=\"https:\/\/newsestlyonnais.fr\/site\/2017\/05\/03\/bron-un-concours-regional-en-hommage-a-henri-bayada-a-la-petanque-de-bron-terraillon\/\" \/>\n<meta property=\"og:locale\" content=\"fr_FR\" \/>\n<meta property=\"og:type\" content=\"article\" \/>\n<meta property=\"og:title\" content=\"BRON : Un concours r\u00e9gional en hommage \u00e0 Henri Bayada \u00e0 la P\u00e9tanque de Bron Terraillon\" \/>\n<meta property=\"og:description\" content=\"BRON : Un concours r\u00e9gional en hommage \u00e0 Henri Bayada \u00e0 la P\u00e9tanque de Bron Terraillon\" \/>\n<meta property=\"og:url\" content=\"https:\/\/newsestlyonnais.fr\/site\/2017\/05\/03\/bron-un-concours-regional-en-hommage-a-henri-bayada-a-la-petanque-de-bron-terraillon\/\" \/>\n<meta property=\"og:site_name\" content=\"News Est Lyonnais\" \/>\n<meta property=\"article:author\" content=\"https:\/\/www.facebook.com\/pascal.oberson.1?fref=ts\" \/>\n<meta property=\"article:published_time\" content=\"2017-05-03T14:55:49+00:00\" \/>\n<meta property=\"article:modified_time\" content=\"2020-11-10T11:43:51+00:00\" \/>\n<meta property=\"og:image\" content=\"https:\/\/i1.wp.com\/newsestlyonnais.fr\/site\/wp-content\/uploads\/2017\/05\/NEWSESTLYONNAIS-CHAL-BAYADA-PETANQUE.jpg?fit=1000%2C750&ssl=1\" \/>\n\t<meta property=\"og:image:width\" content=\"1000\" \/>\n\t<meta property=\"og:image:height\" content=\"750\" \/>\n\t<meta property=\"og:image:type\" content=\"image\/jpeg\" \/>\n<meta name=\"author\" content=\"R\u00e9dac. NEWS\" \/>\n<meta name=\"twitter:card\" content=\"summary_large_image\" \/>\n<meta name=\"twitter:label1\" content=\"\u00c9crit par\" \/>\n\t<meta name=\"twitter:data1\" content=\"R\u00e9dac. NEWS\" \/>\n\t<meta name=\"twitter:label2\" content=\"Dur\u00e9e de lecture estim\u00e9e\" \/>\n\t<meta name=\"twitter:data2\" content=\"1 minute\" \/>\n<script type=\"application\/ld+json\" class=\"yoast-schema-graph\">{\"@context\":\"https:\/\/schema.org\",\"@graph\":[{\"@type\":\"Article\",\"@id\":\"https:\/\/newsestlyonnais.fr\/site\/2017\/05\/03\/bron-un-concours-regional-en-hommage-a-henri-bayada-a-la-petanque-de-bron-terraillon\/#article\",\"isPartOf\":{\"@id\":\"https:\/\/newsestlyonnais.fr\/site\/2017\/05\/03\/bron-un-concours-regional-en-hommage-a-henri-bayada-a-la-petanque-de-bron-terraillon\/\"},\"author\":{\"name\":\"R\u00e9dac. NEWS\",\"@id\":\"https:\/\/newsestlyonnais.fr\/site\/#\/schema\/person\/3230d5615f390bb808365d673001e887\"},\"headline\":\"BRON | Concours r\u00e9gional en hommage \u00e0 Henri Bayada \u00e0 la P\u00e9tanque de Bron Terraillon\",\"datePublished\":\"2017-05-03T14:55:49+00:00\",\"dateModified\":\"2020-11-10T11:43:51+00:00\",\"mainEntityOfPage\":{\"@id\":\"https:\/\/newsestlyonnais.fr\/site\/2017\/05\/03\/bron-un-concours-regional-en-hommage-a-henri-bayada-a-la-petanque-de-bron-terraillon\/\"},\"wordCount\":305,\"commentCount\":0,\"publisher\":{\"@id\":\"https:\/\/newsestlyonnais.fr\/site\/#organization\"},\"image\":{\"@id\":\"https:\/\/newsestlyonnais.fr\/site\/2017\/05\/03\/bron-un-concours-regional-en-hommage-a-henri-bayada-a-la-petanque-de-bron-terraillon\/#primaryimage\"},\"thumbnailUrl\":\"https:\/\/newsestlyonnais.fr\/site\/wp-content\/uploads\/2017\/05\/NEWSESTLYONNAIS-CHAL-BAYADA-PETANQUE.jpg\",\"articleSection\":[\"Boules | P\u00e9tanque\",\"Bron\",\"P\u00e9tanque\"],\"inLanguage\":\"fr-FR\",\"potentialAction\":[{\"@type\":\"CommentAction\",\"name\":\"Comment\",\"target\":[\"https:\/\/newsestlyonnais.fr\/site\/2017\/05\/03\/bron-un-concours-regional-en-hommage-a-henri-bayada-a-la-petanque-de-bron-terraillon\/#respond\"]}]},{\"@type\":\"WebPage\",\"@id\":\"https:\/\/newsestlyonnais.fr\/site\/2017\/05\/03\/bron-un-concours-regional-en-hommage-a-henri-bayada-a-la-petanque-de-bron-terraillon\/\",\"url\":\"https:\/\/newsestlyonnais.fr\/site\/2017\/05\/03\/bron-un-concours-regional-en-hommage-a-henri-bayada-a-la-petanque-de-bron-terraillon\/\",\"name\":\"BRON : Un concours r\u00e9gional en hommage \u00e0 Henri Bayada \u00e0 la P\u00e9tanque de Bron Terraillon\",\"isPartOf\":{\"@id\":\"https:\/\/newsestlyonnais.fr\/site\/#website\"},\"primaryImageOfPage\":{\"@id\":\"https:\/\/newsestlyonnais.fr\/site\/2017\/05\/03\/bron-un-concours-regional-en-hommage-a-henri-bayada-a-la-petanque-de-bron-terraillon\/#primaryimage\"},\"image\":{\"@id\":\"https:\/\/newsestlyonnais.fr\/site\/2017\/05\/03\/bron-un-concours-regional-en-hommage-a-henri-bayada-a-la-petanque-de-bron-terraillon\/#primaryimage\"},\"thumbnailUrl\":\"https:\/\/newsestlyonnais.fr\/site\/wp-content\/uploads\/2017\/05\/NEWSESTLYONNAIS-CHAL-BAYADA-PETANQUE.jpg\",\"datePublished\":\"2017-05-03T14:55:49+00:00\",\"dateModified\":\"2020-11-10T11:43:51+00:00\",\"description\":\"BRON : Un concours r\u00e9gional en hommage \u00e0 Henri Bayada \u00e0 la P\u00e9tanque de Bron Terraillon\",\"breadcrumb\":{\"@id\":\"https:\/\/newsestlyonnais.fr\/site\/2017\/05\/03\/bron-un-concours-regional-en-hommage-a-henri-bayada-a-la-petanque-de-bron-terraillon\/#breadcrumb\"},\"inLanguage\":\"fr-FR\",\"potentialAction\":[{\"@type\":\"ReadAction\",\"target\":[\"https:\/\/newsestlyonnais.fr\/site\/2017\/05\/03\/bron-un-concours-regional-en-hommage-a-henri-bayada-a-la-petanque-de-bron-terraillon\/\"]}]},{\"@type\":\"ImageObject\",\"inLanguage\":\"fr-FR\",\"@id\":\"https:\/\/newsestlyonnais.fr\/site\/2017\/05\/03\/bron-un-concours-regional-en-hommage-a-henri-bayada-a-la-petanque-de-bron-terraillon\/#primaryimage\",\"url\":\"https:\/\/newsestlyonnais.fr\/site\/wp-content\/uploads\/2017\/05\/NEWSESTLYONNAIS-CHAL-BAYADA-PETANQUE.jpg\",\"contentUrl\":\"https:\/\/newsestlyonnais.fr\/site\/wp-content\/uploads\/2017\/05\/NEWSESTLYONNAIS-CHAL-BAYADA-PETANQUE.jpg\",\"width\":1000,\"height\":750,\"caption\":\"NEWSESTLYONNAIS - CHAL BAYADA PETANQUE\"},{\"@type\":\"BreadcrumbList\",\"@id\":\"https:\/\/newsestlyonnais.fr\/site\/2017\/05\/03\/bron-un-concours-regional-en-hommage-a-henri-bayada-a-la-petanque-de-bron-terraillon\/#breadcrumb\",\"itemListElement\":[{\"@type\":\"ListItem\",\"position\":1,\"name\":\"Accueil\",\"item\":\"https:\/\/newsestlyonnais.fr\/site\/\"},{\"@type\":\"ListItem\",\"position\":2,\"name\":\"BRON | Concours r\u00e9gional en hommage \u00e0 Henri Bayada \u00e0 la P\u00e9tanque de Bron Terraillon\"}]},{\"@type\":\"WebSite\",\"@id\":\"https:\/\/newsestlyonnais.fr\/site\/#website\",\"url\":\"https:\/\/newsestlyonnais.fr\/site\/\",\"name\":\"News Est Lyonnais\",\"description\":\"L&#039;actualit\u00e9 au plus pr\u00e8s\",\"publisher\":{\"@id\":\"https:\/\/newsestlyonnais.fr\/site\/#organization\"},\"potentialAction\":[{\"@type\":\"SearchAction\",\"target\":{\"@type\":\"EntryPoint\",\"urlTemplate\":\"https:\/\/newsestlyonnais.fr\/site\/?s={search_term_string}\"},\"query-input\":{\"@type\":\"PropertyValueSpecification\",\"valueRequired\":true,\"valueName\":\"search_term_string\"}}],\"inLanguage\":\"fr-FR\"},{\"@type\":\"Organization\",\"@id\":\"https:\/\/newsestlyonnais.fr\/site\/#organization\",\"name\":\"News EST LYONNAIS\",\"url\":\"https:\/\/newsestlyonnais.fr\/site\/\",\"logo\":{\"@type\":\"ImageObject\",\"inLanguage\":\"fr-FR\",\"@id\":\"https:\/\/newsestlyonnais.fr\/site\/#\/schema\/logo\/image\/\",\"url\":\"\",\"contentUrl\":\"\",\"caption\":\"News EST LYONNAIS\"},\"image\":{\"@id\":\"https:\/\/newsestlyonnais.fr\/site\/#\/schema\/logo\/image\/\"}},{\"@type\":\"Person\",\"@id\":\"https:\/\/newsestlyonnais.fr\/site\/#\/schema\/person\/3230d5615f390bb808365d673001e887\",\"name\":\"R\u00e9dac. NEWS\",\"sameAs\":[\"http:\/\/www.newsestlyonnais.fr\",\"https:\/\/www.facebook.com\/pascal.oberson.1?fref=ts\",\"https:\/\/fr.linkedin.com\/in\/pascal-oberson-b17045113\"],\"url\":\"https:\/\/newsestlyonnais.fr\/site\/author\/nel\/\"}]}<\/script>\n<!-- \/ Yoast SEO plugin. -->","yoast_head_json":{"title":"BRON : Un concours r\u00e9gional en hommage \u00e0 Henri Bayada \u00e0 la P\u00e9tanque de Bron Terraillon","description":"BRON : Un concours r\u00e9gional en hommage \u00e0 Henri Bayada \u00e0 la P\u00e9tanque de Bron Terraillon","robots":{"index":"index","follow":"follow","max-snippet":"max-snippet:-1","max-image-preview":"max-image-preview:large","max-video-preview":"max-video-preview:-1"},"canonical":"https:\/\/newsestlyonnais.fr\/site\/2017\/05\/03\/bron-un-concours-regional-en-hommage-a-henri-bayada-a-la-petanque-de-bron-terraillon\/","og_locale":"fr_FR","og_type":"article","og_title":"BRON : Un concours r\u00e9gional en hommage \u00e0 Henri Bayada \u00e0 la P\u00e9tanque de Bron Terraillon","og_description":"BRON : Un concours r\u00e9gional en hommage \u00e0 Henri Bayada \u00e0 la P\u00e9tanque de Bron Terraillon","og_url":"https:\/\/newsestlyonnais.fr\/site\/2017\/05\/03\/bron-un-concours-regional-en-hommage-a-henri-bayada-a-la-petanque-de-bron-terraillon\/","og_site_name":"News Est Lyonnais","article_author":"https:\/\/www.facebook.com\/pascal.oberson.1?fref=ts","article_published_time":"2017-05-03T14:55:49+00:00","article_modified_time":"2020-11-10T11:43:51+00:00","og_image":[{"width":1000,"height":750,"url":"https:\/\/i1.wp.com\/newsestlyonnais.fr\/site\/wp-content\/uploads\/2017\/05\/NEWSESTLYONNAIS-CHAL-BAYADA-PETANQUE.jpg?fit=1000%2C750&ssl=1","type":"image\/jpeg"}],"author":"R\u00e9dac. NEWS","twitter_card":"summary_large_image","twitter_misc":{"\u00c9crit par":"R\u00e9dac. NEWS","Dur\u00e9e de lecture estim\u00e9e":"1 minute"},"schema":{"@context":"https:\/\/schema.org","@graph":[{"@type":"Article","@id":"https:\/\/newsestlyonnais.fr\/site\/2017\/05\/03\/bron-un-concours-regional-en-hommage-a-henri-bayada-a-la-petanque-de-bron-terraillon\/#article","isPartOf":{"@id":"https:\/\/newsestlyonnais.fr\/site\/2017\/05\/03\/bron-un-concours-regional-en-hommage-a-henri-bayada-a-la-petanque-de-bron-terraillon\/"},"author":{"name":"R\u00e9dac. NEWS","@id":"https:\/\/newsestlyonnais.fr\/site\/#\/schema\/person\/3230d5615f390bb808365d673001e887"},"headline":"BRON | Concours r\u00e9gional en hommage \u00e0 Henri Bayada \u00e0 la P\u00e9tanque de Bron Terraillon","datePublished":"2017-05-03T14:55:49+00:00","dateModified":"2020-11-10T11:43:51+00:00","mainEntityOfPage":{"@id":"https:\/\/newsestlyonnais.fr\/site\/2017\/05\/03\/bron-un-concours-regional-en-hommage-a-henri-bayada-a-la-petanque-de-bron-terraillon\/"},"wordCount":305,"commentCount":0,"publisher":{"@id":"https:\/\/newsestlyonnais.fr\/site\/#organization"},"image":{"@id":"https:\/\/newsestlyonnais.fr\/site\/2017\/05\/03\/bron-un-concours-regional-en-hommage-a-henri-bayada-a-la-petanque-de-bron-terraillon\/#primaryimage"},"thumbnailUrl":"https:\/\/newsestlyonnais.fr\/site\/wp-content\/uploads\/2017\/05\/NEWSESTLYONNAIS-CHAL-BAYADA-PETANQUE.jpg","articleSection":["Boules | P\u00e9tanque","Bron","P\u00e9tanque"],"inLanguage":"fr-FR","potentialAction":[{"@type":"CommentAction","name":"Comment","target":["https:\/\/newsestlyonnais.fr\/site\/2017\/05\/03\/bron-un-concours-regional-en-hommage-a-henri-bayada-a-la-petanque-de-bron-terraillon\/#respond"]}]},{"@type":"WebPage","@id":"https:\/\/newsestlyonnais.fr\/site\/2017\/05\/03\/bron-un-concours-regional-en-hommage-a-henri-bayada-a-la-petanque-de-bron-terraillon\/","url":"https:\/\/newsestlyonnais.fr\/site\/2017\/05\/03\/bron-un-concours-regional-en-hommage-a-henri-bayada-a-la-petanque-de-bron-terraillon\/","name":"BRON : Un concours r\u00e9gional en hommage \u00e0 Henri Bayada \u00e0 la P\u00e9tanque de Bron Terraillon","isPartOf":{"@id":"https:\/\/newsestlyonnais.fr\/site\/#website"},"primaryImageOfPage":{"@id":"https:\/\/newsestlyonnais.fr\/site\/2017\/05\/03\/bron-un-concours-regional-en-hommage-a-henri-bayada-a-la-petanque-de-bron-terraillon\/#primaryimage"},"image":{"@id":"https:\/\/newsestlyonnais.fr\/site\/2017\/05\/03\/bron-un-concours-regional-en-hommage-a-henri-bayada-a-la-petanque-de-bron-terraillon\/#primaryimage"},"thumbnailUrl":"https:\/\/newsestlyonnais.fr\/site\/wp-content\/uploads\/2017\/05\/NEWSESTLYONNAIS-CHAL-BAYADA-PETANQUE.jpg","datePublished":"2017-05-03T14:55:49+00:00","dateModified":"2020-11-10T11:43:51+00:00","description":"BRON : Un concours r\u00e9gional en hommage \u00e0 Henri Bayada \u00e0 la P\u00e9tanque de Bron Terraillon","breadcrumb":{"@id":"https:\/\/newsestlyonnais.fr\/site\/2017\/05\/03\/bron-un-concours-regional-en-hommage-a-henri-bayada-a-la-petanque-de-bron-terraillon\/#breadcrumb"},"inLanguage":"fr-FR","potentialAction":[{"@type":"ReadAction","target":["https:\/\/newsestlyonnais.fr\/site\/2017\/05\/03\/bron-un-concours-regional-en-hommage-a-henri-bayada-a-la-petanque-de-bron-terraillon\/"]}]},{"@type":"ImageObject","inLanguage":"fr-FR","@id":"https:\/\/newsestlyonnais.fr\/site\/2017\/05\/03\/bron-un-concours-regional-en-hommage-a-henri-bayada-a-la-petanque-de-bron-terraillon\/#primaryimage","url":"https:\/\/newsestlyonnais.fr\/site\/wp-content\/uploads\/2017\/05\/NEWSESTLYONNAIS-CHAL-BAYADA-PETANQUE.jpg","contentUrl":"https:\/\/newsestlyonnais.fr\/site\/wp-content\/uploads\/2017\/05\/NEWSESTLYONNAIS-CHAL-BAYADA-PETANQUE.jpg","width":1000,"height":750,"caption":"NEWSESTLYONNAIS - CHAL BAYADA PETANQUE"},{"@type":"BreadcrumbList","@id":"https:\/\/newsestlyonnais.fr\/site\/2017\/05\/03\/bron-un-concours-regional-en-hommage-a-henri-bayada-a-la-petanque-de-bron-terraillon\/#breadcrumb","itemListElement":[{"@type":"ListItem","position":1,"name":"Accueil","item":"https:\/\/newsestlyonnais.fr\/site\/"},{"@type":"ListItem","position":2,"name":"BRON | Concours r\u00e9gional en hommage \u00e0 Henri Bayada \u00e0 la P\u00e9tanque de Bron Terraillon"}]},{"@type":"WebSite","@id":"https:\/\/newsestlyonnais.fr\/site\/#website","url":"https:\/\/newsestlyonnais.fr\/site\/","name":"News Est Lyonnais","description":"L&#039;actualit\u00e9 au plus pr\u00e8s","publisher":{"@id":"https:\/\/newsestlyonnais.fr\/site\/#organization"},"potentialAction":[{"@type":"SearchAction","target":{"@type":"EntryPoint","urlTemplate":"https:\/\/newsestlyonnais.fr\/site\/?s={search_term_string}"},"query-input":{"@type":"PropertyValueSpecification","valueRequired":true,"valueName":"search_term_string"}}],"inLanguage":"fr-FR"},{"@type":"Organization","@id":"https:\/\/newsestlyonnais.fr\/site\/#organization","name":"News EST LYONNAIS","url":"https:\/\/newsestlyonnais.fr\/site\/","logo":{"@type":"ImageObject","inLanguage":"fr-FR","@id":"https:\/\/newsestlyonnais.fr\/site\/#\/schema\/logo\/image\/","url":"","contentUrl":"","caption":"News EST LYONNAIS"},"image":{"@id":"https:\/\/newsestlyonnais.fr\/site\/#\/schema\/logo\/image\/"}},{"@type":"Person","@id":"https:\/\/newsestlyonnais.fr\/site\/#\/schema\/person\/3230d5615f390bb808365d673001e887","name":"R\u00e9dac. NEWS","sameAs":["http:\/\/www.newsestlyonnais.fr","https:\/\/www.facebook.com\/pascal.oberson.1?fref=ts","https:\/\/fr.linkedin.com\/in\/pascal-oberson-b17045113"],"url":"https:\/\/newsestlyonnais.fr\/site\/author\/nel\/"}]}},"_links":{"self":[{"href":"https:\/\/newsestlyonnais.fr\/site\/wp-json\/wp\/v2\/posts\/25718","targetHints":{"allow":["GET"]}}],"collection":[{"href":"https:\/\/newsestlyonnais.fr\/site\/wp-json\/wp\/v2\/posts"}],"about":[{"href":"https:\/\/newsestlyonnais.fr\/site\/wp-json\/wp\/v2\/types\/post"}],"author":[{"embeddable":true,"href":"https:\/\/newsestlyonnais.fr\/site\/wp-json\/wp\/v2\/users\/4"}],"replies":[{"embeddable":true,"href":"https:\/\/newsestlyonnais.fr\/site\/wp-json\/wp\/v2\/comments?post=25718"}],"version-history":[{"count":0,"href":"https:\/\/newsestlyonnais.fr\/site\/wp-json\/wp\/v2\/posts\/25718\/revisions"}],"wp:featuredmedia":[{"embeddable":true,"href":"https:\/\/newsestlyonnais.fr\/site\/wp-json\/wp\/v2\/media\/25720"}],"wp:attachment":[{"href":"https:\/\/newsestlyonnais.fr\/site\/wp-json\/wp\/v2\/media?parent=25718"}],"wp:term":[{"taxonomy":"category","embeddable":true,"href":"https:\/\/newsestlyonnais.fr\/site\/wp-json\/wp\/v2\/categories?post=25718"},{"taxonomy":"post_tag","embeddable":true,"href":"https:\/\/newsestlyonnais.fr\/site\/wp-json\/wp\/v2\/tags?post=25718"}],"curies":[{"name":"wp","href":"https:\/\/api.w.org\/{rel}","templated":true}]}}