{"id":26084,"date":"2017-05-07T17:59:36","date_gmt":"2017-05-07T16:59:36","guid":{"rendered":"http:\/\/newsestlyonnais.fr\/site\/?p=26084"},"modified":"2020-10-22T16:07:22","modified_gmt":"2020-10-22T15:07:22","slug":"vaulx-en-velin-une-nouvelle-promotion-de-stagiaires-sauveteurs-accueillis-au-club-nautique-v","status":"publish","type":"post","link":"https:\/\/newsestlyonnais.fr\/site\/2017\/05\/07\/vaulx-en-velin-une-nouvelle-promotion-de-stagiaires-sauveteurs-accueillis-au-club-nautique-v\/","title":{"rendered":"VAULX-EN-VELIN | Nouvelle promotion de stagiaires sauveteurs accueillis au Club Nautique"},"content":{"rendered":"<h4>Pour la 3\u00b0 ann\u00e9e, la section voile de la MJC de Vaulx en Velin a re\u00e7u samedi les stagiaires de <span class=\"st\">La <em>Soci\u00e9t\u00e9<\/em> Nationale de Sauvetage en Mer (<\/span>SNSM) pour une formation en eau douce.<\/h4>\n<p>Pour cette \u00e9dition, la pluie a \u00e9t\u00e9 de la partie toute la journ\u00e9e, ce qui n&rsquo;a pas \u00e9t\u00e9 un souci pour ces volontaires sauveteurs qui ne craignent pas vraiment l\u2019eau.<br \/>\nCaf\u00e9 et viennoiseries pr\u00e9par\u00e9s par les b\u00e9n\u00e9voles du club attendaient les stagiaires et leur encadrement. Des calories vite \u00e9limin\u00e9es par une nage de quelques kilom\u00e8tres dans le Grand Large. Toute la matin\u00e9e, la promotion 2017 a, par petits groupes, suivi les diff\u00e9rents ateliers de formation.<\/p>\n<p>Encore une fois, les membres de la section voile de la MJC ont \u00e9t\u00e9 \u00e9blouis par la bonne humeur, l\u2019esprit d\u2019\u00e9quipe et le s\u00e9rieux de ces jeunes pour cette formation.<\/p>\n<p>\u00ab\u00a0En tant que pr\u00e9sident du CNVV, je suis tr\u00e8s fier que la section voile de la MJC ai apport\u00e9 une fois encore sa contribution \u00e0 la formation de ces jeunes qui, d\u00e8s cet \u00e9t\u00e9, seront sur les c\u00f4tes de France pr\u00eats \u00e0 sauver des vies. Je remercie les b\u00e9n\u00e9voles du CNVV pour leur aide lors de cette journ\u00e9e que nous esp\u00e9rons tous voir renouveler l\u2019ann\u00e9e prochaine. Un grand merci aussi \u00e0 cette promotion de la SNSM pour ce partage de valeurs qui nous sont ch\u00e8res. Amis marins, je vous invite \u00e0 ne pas oublier vos dons \u00e0 la SNSM sur: <a href=\"http:\/\/www.snsmlyon.fr\" target=\"_blank\" rel=\"noopener noreferrer\">http:\/\/www.snsmlyon.fr<\/a> \u00a0\u00bb confiait Pierre Bertocchi.<strong><br \/>\n<\/strong><\/p>\n<p><img loading=\"lazy\" decoding=\"async\" class=\"alignleft size-full wp-image-26127\" src=\"https:\/\/newsestlyonnais.fr\/site\/medias\/2017\/05\/NEWSESTLYONNAIS-stage-02-snsm.png\" alt=\"NEWSESTLYONNAIS stage 02 snsm\" width=\"1000\" height=\"750\" srcset=\"https:\/\/newsestlyonnais.fr\/site\/wp-content\/uploads\/2017\/05\/NEWSESTLYONNAIS-stage-02-snsm.png 1000w, https:\/\/newsestlyonnais.fr\/site\/wp-content\/uploads\/2017\/05\/NEWSESTLYONNAIS-stage-02-snsm-400x300.png 400w, https:\/\/newsestlyonnais.fr\/site\/wp-content\/uploads\/2017\/05\/NEWSESTLYONNAIS-stage-02-snsm-768x576.png 768w, https:\/\/newsestlyonnais.fr\/site\/wp-content\/uploads\/2017\/05\/NEWSESTLYONNAIS-stage-02-snsm-600x450.png 600w, https:\/\/newsestlyonnais.fr\/site\/wp-content\/uploads\/2017\/05\/NEWSESTLYONNAIS-stage-02-snsm-100x75.png 100w\" sizes=\"auto, (max-width: 1000px) 100vw, 1000px\" \/><\/p>\n<p><img loading=\"lazy\" decoding=\"async\" class=\"alignleft size-full wp-image-26125\" src=\"https:\/\/newsestlyonnais.fr\/site\/medias\/2017\/05\/NEWSESTLYONNAIS-STAGE-SNSM-VOILE.png\" alt=\"NEWSESTLYONNAIS - STAGE SNSM VOILE\" width=\"1000\" height=\"750\" srcset=\"https:\/\/newsestlyonnais.fr\/site\/wp-content\/uploads\/2017\/05\/NEWSESTLYONNAIS-STAGE-SNSM-VOILE.png 1000w, https:\/\/newsestlyonnais.fr\/site\/wp-content\/uploads\/2017\/05\/NEWSESTLYONNAIS-STAGE-SNSM-VOILE-400x300.png 400w, https:\/\/newsestlyonnais.fr\/site\/wp-content\/uploads\/2017\/05\/NEWSESTLYONNAIS-STAGE-SNSM-VOILE-768x576.png 768w, https:\/\/newsestlyonnais.fr\/site\/wp-content\/uploads\/2017\/05\/NEWSESTLYONNAIS-STAGE-SNSM-VOILE-600x450.png 600w, https:\/\/newsestlyonnais.fr\/site\/wp-content\/uploads\/2017\/05\/NEWSESTLYONNAIS-STAGE-SNSM-VOILE-100x75.png 100w\" sizes=\"auto, (max-width: 1000px) 100vw, 1000px\" \/><\/p>\n<p>&nbsp;<\/p>\n","protected":false},"excerpt":{"rendered":"<p>Pour la 3\u00b0 ann\u00e9e, la section voile de la MJC de Vaulx en Velin a re\u00e7u samedi les stagiaires de La Soci\u00e9t\u00e9 Nationale de Sauvetage en Mer (SNSM) pour une formation en eau douce. Pour cette \u00e9dition, la pluie a \u00e9t\u00e9 de la partie toute la journ\u00e9e, ce qui n&rsquo;a pas \u00e9t\u00e9 un souci pour [&hellip;]<\/p>\n","protected":false},"author":4,"featured_media":26094,"comment_status":"open","ping_status":"open","sticky":false,"template":"","format":"standard","meta":{"footnotes":""},"categories":[30,2973,3003,2,28,1349],"tags":[],"class_list":["post-26084","post","type-post","status-publish","format-standard","has-post-thumbnail","hentry","category-a-la-une","category-aviron-kayak-voile-sports","category-bibliotheque-mediatheque-mjc","category-sports","category-vaulx-en-velin","category-voile"],"yoast_head":"<!-- This site is optimized with the Yoast SEO plugin v27.2 - https:\/\/yoast.com\/product\/yoast-seo-wordpress\/ -->\n<title>VAULX EN VELIN : Une nouvelle promotion de stagiaires sauveteurs accueillis au Club Nautique<\/title>\n<meta name=\"description\" content=\"VAULX EN VELIN : Une nouvelle promotion de stagiaires sauveteurs accueillis au Club Nautique\" \/>\n<meta name=\"robots\" content=\"index, follow, max-snippet:-1, max-image-preview:large, max-video-preview:-1\" \/>\n<link rel=\"canonical\" href=\"https:\/\/newsestlyonnais.fr\/site\/2017\/05\/07\/vaulx-en-velin-une-nouvelle-promotion-de-stagiaires-sauveteurs-accueillis-au-club-nautique-v\/\" \/>\n<meta property=\"og:locale\" content=\"fr_FR\" \/>\n<meta property=\"og:type\" content=\"article\" \/>\n<meta property=\"og:title\" content=\"VAULX EN VELIN : Une nouvelle promotion de stagiaires sauveteurs accueillis au Club Nautique\" \/>\n<meta property=\"og:description\" content=\"VAULX EN VELIN : Une nouvelle promotion de stagiaires sauveteurs accueillis au Club Nautique\" \/>\n<meta property=\"og:url\" content=\"https:\/\/newsestlyonnais.fr\/site\/2017\/05\/07\/vaulx-en-velin-une-nouvelle-promotion-de-stagiaires-sauveteurs-accueillis-au-club-nautique-v\/\" \/>\n<meta property=\"og:site_name\" content=\"News Est Lyonnais\" \/>\n<meta property=\"article:author\" content=\"https:\/\/www.facebook.com\/pascal.oberson.1?fref=ts\" \/>\n<meta property=\"article:published_time\" content=\"2017-05-07T16:59:36+00:00\" \/>\n<meta property=\"article:modified_time\" content=\"2020-10-22T15:07:22+00:00\" \/>\n<meta property=\"og:image\" content=\"https:\/\/i1.wp.com\/newsestlyonnais.fr\/site\/wp-content\/uploads\/2017\/05\/NEWSESTLYONNAIS-VOILE-MJC-voile-SNSM.png?fit=1000%2C750&ssl=1\" \/>\n\t<meta property=\"og:image:width\" content=\"1000\" \/>\n\t<meta property=\"og:image:height\" content=\"750\" \/>\n\t<meta property=\"og:image:type\" content=\"image\/png\" \/>\n<meta name=\"author\" content=\"R\u00e9dac. NEWS\" \/>\n<meta name=\"twitter:card\" content=\"summary_large_image\" \/>\n<meta name=\"twitter:label1\" content=\"\u00c9crit par\" \/>\n\t<meta name=\"twitter:data1\" content=\"R\u00e9dac. NEWS\" \/>\n\t<meta name=\"twitter:label2\" content=\"Dur\u00e9e de lecture estim\u00e9e\" \/>\n\t<meta name=\"twitter:data2\" content=\"1 minute\" \/>\n<script type=\"application\/ld+json\" class=\"yoast-schema-graph\">{\"@context\":\"https:\/\/schema.org\",\"@graph\":[{\"@type\":\"Article\",\"@id\":\"https:\/\/newsestlyonnais.fr\/site\/2017\/05\/07\/vaulx-en-velin-une-nouvelle-promotion-de-stagiaires-sauveteurs-accueillis-au-club-nautique-v\/#article\",\"isPartOf\":{\"@id\":\"https:\/\/newsestlyonnais.fr\/site\/2017\/05\/07\/vaulx-en-velin-une-nouvelle-promotion-de-stagiaires-sauveteurs-accueillis-au-club-nautique-v\/\"},\"author\":{\"name\":\"R\u00e9dac. NEWS\",\"@id\":\"https:\/\/newsestlyonnais.fr\/site\/#\/schema\/person\/3230d5615f390bb808365d673001e887\"},\"headline\":\"VAULX-EN-VELIN | Nouvelle promotion de stagiaires sauveteurs accueillis au Club Nautique\",\"datePublished\":\"2017-05-07T16:59:36+00:00\",\"dateModified\":\"2020-10-22T15:07:22+00:00\",\"mainEntityOfPage\":{\"@id\":\"https:\/\/newsestlyonnais.fr\/site\/2017\/05\/07\/vaulx-en-velin-une-nouvelle-promotion-de-stagiaires-sauveteurs-accueillis-au-club-nautique-v\/\"},\"wordCount\":279,\"commentCount\":0,\"publisher\":{\"@id\":\"https:\/\/newsestlyonnais.fr\/site\/#organization\"},\"image\":{\"@id\":\"https:\/\/newsestlyonnais.fr\/site\/2017\/05\/07\/vaulx-en-velin-une-nouvelle-promotion-de-stagiaires-sauveteurs-accueillis-au-club-nautique-v\/#primaryimage\"},\"thumbnailUrl\":\"https:\/\/newsestlyonnais.fr\/site\/wp-content\/uploads\/2017\/05\/NEWSESTLYONNAIS-VOILE-MJC-voile-SNSM.png\",\"articleSection\":[\"\u00e0 la une\",\"Aviron | Kayak | Voile\",\"Biblioth\u00e8que | M\u00e9diath\u00e8que | MJC\",\"Sports\",\"Vaulx-en-Velin\",\"Voile\"],\"inLanguage\":\"fr-FR\",\"potentialAction\":[{\"@type\":\"CommentAction\",\"name\":\"Comment\",\"target\":[\"https:\/\/newsestlyonnais.fr\/site\/2017\/05\/07\/vaulx-en-velin-une-nouvelle-promotion-de-stagiaires-sauveteurs-accueillis-au-club-nautique-v\/#respond\"]}]},{\"@type\":\"WebPage\",\"@id\":\"https:\/\/newsestlyonnais.fr\/site\/2017\/05\/07\/vaulx-en-velin-une-nouvelle-promotion-de-stagiaires-sauveteurs-accueillis-au-club-nautique-v\/\",\"url\":\"https:\/\/newsestlyonnais.fr\/site\/2017\/05\/07\/vaulx-en-velin-une-nouvelle-promotion-de-stagiaires-sauveteurs-accueillis-au-club-nautique-v\/\",\"name\":\"VAULX EN VELIN : Une nouvelle promotion de stagiaires sauveteurs accueillis au Club Nautique\",\"isPartOf\":{\"@id\":\"https:\/\/newsestlyonnais.fr\/site\/#website\"},\"primaryImageOfPage\":{\"@id\":\"https:\/\/newsestlyonnais.fr\/site\/2017\/05\/07\/vaulx-en-velin-une-nouvelle-promotion-de-stagiaires-sauveteurs-accueillis-au-club-nautique-v\/#primaryimage\"},\"image\":{\"@id\":\"https:\/\/newsestlyonnais.fr\/site\/2017\/05\/07\/vaulx-en-velin-une-nouvelle-promotion-de-stagiaires-sauveteurs-accueillis-au-club-nautique-v\/#primaryimage\"},\"thumbnailUrl\":\"https:\/\/newsestlyonnais.fr\/site\/wp-content\/uploads\/2017\/05\/NEWSESTLYONNAIS-VOILE-MJC-voile-SNSM.png\",\"datePublished\":\"2017-05-07T16:59:36+00:00\",\"dateModified\":\"2020-10-22T15:07:22+00:00\",\"description\":\"VAULX EN VELIN : Une nouvelle promotion de stagiaires sauveteurs accueillis au Club Nautique\",\"breadcrumb\":{\"@id\":\"https:\/\/newsestlyonnais.fr\/site\/2017\/05\/07\/vaulx-en-velin-une-nouvelle-promotion-de-stagiaires-sauveteurs-accueillis-au-club-nautique-v\/#breadcrumb\"},\"inLanguage\":\"fr-FR\",\"potentialAction\":[{\"@type\":\"ReadAction\",\"target\":[\"https:\/\/newsestlyonnais.fr\/site\/2017\/05\/07\/vaulx-en-velin-une-nouvelle-promotion-de-stagiaires-sauveteurs-accueillis-au-club-nautique-v\/\"]}]},{\"@type\":\"ImageObject\",\"inLanguage\":\"fr-FR\",\"@id\":\"https:\/\/newsestlyonnais.fr\/site\/2017\/05\/07\/vaulx-en-velin-une-nouvelle-promotion-de-stagiaires-sauveteurs-accueillis-au-club-nautique-v\/#primaryimage\",\"url\":\"https:\/\/newsestlyonnais.fr\/site\/wp-content\/uploads\/2017\/05\/NEWSESTLYONNAIS-VOILE-MJC-voile-SNSM.png\",\"contentUrl\":\"https:\/\/newsestlyonnais.fr\/site\/wp-content\/uploads\/2017\/05\/NEWSESTLYONNAIS-VOILE-MJC-voile-SNSM.png\",\"width\":1000,\"height\":750,\"caption\":\"NEWSESTLYONNAIS VOILE MJC voile SNSM\"},{\"@type\":\"BreadcrumbList\",\"@id\":\"https:\/\/newsestlyonnais.fr\/site\/2017\/05\/07\/vaulx-en-velin-une-nouvelle-promotion-de-stagiaires-sauveteurs-accueillis-au-club-nautique-v\/#breadcrumb\",\"itemListElement\":[{\"@type\":\"ListItem\",\"position\":1,\"name\":\"Accueil\",\"item\":\"https:\/\/newsestlyonnais.fr\/site\/\"},{\"@type\":\"ListItem\",\"position\":2,\"name\":\"VAULX-EN-VELIN | Nouvelle promotion de stagiaires sauveteurs accueillis au Club Nautique\"}]},{\"@type\":\"WebSite\",\"@id\":\"https:\/\/newsestlyonnais.fr\/site\/#website\",\"url\":\"https:\/\/newsestlyonnais.fr\/site\/\",\"name\":\"News Est Lyonnais\",\"description\":\"L&#039;actualit\u00e9 au plus pr\u00e8s\",\"publisher\":{\"@id\":\"https:\/\/newsestlyonnais.fr\/site\/#organization\"},\"potentialAction\":[{\"@type\":\"SearchAction\",\"target\":{\"@type\":\"EntryPoint\",\"urlTemplate\":\"https:\/\/newsestlyonnais.fr\/site\/?s={search_term_string}\"},\"query-input\":{\"@type\":\"PropertyValueSpecification\",\"valueRequired\":true,\"valueName\":\"search_term_string\"}}],\"inLanguage\":\"fr-FR\"},{\"@type\":\"Organization\",\"@id\":\"https:\/\/newsestlyonnais.fr\/site\/#organization\",\"name\":\"News EST LYONNAIS\",\"url\":\"https:\/\/newsestlyonnais.fr\/site\/\",\"logo\":{\"@type\":\"ImageObject\",\"inLanguage\":\"fr-FR\",\"@id\":\"https:\/\/newsestlyonnais.fr\/site\/#\/schema\/logo\/image\/\",\"url\":\"\",\"contentUrl\":\"\",\"caption\":\"News EST LYONNAIS\"},\"image\":{\"@id\":\"https:\/\/newsestlyonnais.fr\/site\/#\/schema\/logo\/image\/\"}},{\"@type\":\"Person\",\"@id\":\"https:\/\/newsestlyonnais.fr\/site\/#\/schema\/person\/3230d5615f390bb808365d673001e887\",\"name\":\"R\u00e9dac. NEWS\",\"sameAs\":[\"http:\/\/www.newsestlyonnais.fr\",\"https:\/\/www.facebook.com\/pascal.oberson.1?fref=ts\",\"https:\/\/fr.linkedin.com\/in\/pascal-oberson-b17045113\"],\"url\":\"https:\/\/newsestlyonnais.fr\/site\/author\/nel\/\"}]}<\/script>\n<!-- \/ Yoast SEO plugin. -->","yoast_head_json":{"title":"VAULX EN VELIN : Une nouvelle promotion de stagiaires sauveteurs accueillis au Club Nautique","description":"VAULX EN VELIN : Une nouvelle promotion de stagiaires sauveteurs accueillis au Club Nautique","robots":{"index":"index","follow":"follow","max-snippet":"max-snippet:-1","max-image-preview":"max-image-preview:large","max-video-preview":"max-video-preview:-1"},"canonical":"https:\/\/newsestlyonnais.fr\/site\/2017\/05\/07\/vaulx-en-velin-une-nouvelle-promotion-de-stagiaires-sauveteurs-accueillis-au-club-nautique-v\/","og_locale":"fr_FR","og_type":"article","og_title":"VAULX EN VELIN : Une nouvelle promotion de stagiaires sauveteurs accueillis au Club Nautique","og_description":"VAULX EN VELIN : Une nouvelle promotion de stagiaires sauveteurs accueillis au Club Nautique","og_url":"https:\/\/newsestlyonnais.fr\/site\/2017\/05\/07\/vaulx-en-velin-une-nouvelle-promotion-de-stagiaires-sauveteurs-accueillis-au-club-nautique-v\/","og_site_name":"News Est Lyonnais","article_author":"https:\/\/www.facebook.com\/pascal.oberson.1?fref=ts","article_published_time":"2017-05-07T16:59:36+00:00","article_modified_time":"2020-10-22T15:07:22+00:00","og_image":[{"width":1000,"height":750,"url":"https:\/\/i1.wp.com\/newsestlyonnais.fr\/site\/wp-content\/uploads\/2017\/05\/NEWSESTLYONNAIS-VOILE-MJC-voile-SNSM.png?fit=1000%2C750&ssl=1","type":"image\/png"}],"author":"R\u00e9dac. NEWS","twitter_card":"summary_large_image","twitter_misc":{"\u00c9crit par":"R\u00e9dac. NEWS","Dur\u00e9e de lecture estim\u00e9e":"1 minute"},"schema":{"@context":"https:\/\/schema.org","@graph":[{"@type":"Article","@id":"https:\/\/newsestlyonnais.fr\/site\/2017\/05\/07\/vaulx-en-velin-une-nouvelle-promotion-de-stagiaires-sauveteurs-accueillis-au-club-nautique-v\/#article","isPartOf":{"@id":"https:\/\/newsestlyonnais.fr\/site\/2017\/05\/07\/vaulx-en-velin-une-nouvelle-promotion-de-stagiaires-sauveteurs-accueillis-au-club-nautique-v\/"},"author":{"name":"R\u00e9dac. NEWS","@id":"https:\/\/newsestlyonnais.fr\/site\/#\/schema\/person\/3230d5615f390bb808365d673001e887"},"headline":"VAULX-EN-VELIN | Nouvelle promotion de stagiaires sauveteurs accueillis au Club Nautique","datePublished":"2017-05-07T16:59:36+00:00","dateModified":"2020-10-22T15:07:22+00:00","mainEntityOfPage":{"@id":"https:\/\/newsestlyonnais.fr\/site\/2017\/05\/07\/vaulx-en-velin-une-nouvelle-promotion-de-stagiaires-sauveteurs-accueillis-au-club-nautique-v\/"},"wordCount":279,"commentCount":0,"publisher":{"@id":"https:\/\/newsestlyonnais.fr\/site\/#organization"},"image":{"@id":"https:\/\/newsestlyonnais.fr\/site\/2017\/05\/07\/vaulx-en-velin-une-nouvelle-promotion-de-stagiaires-sauveteurs-accueillis-au-club-nautique-v\/#primaryimage"},"thumbnailUrl":"https:\/\/newsestlyonnais.fr\/site\/wp-content\/uploads\/2017\/05\/NEWSESTLYONNAIS-VOILE-MJC-voile-SNSM.png","articleSection":["\u00e0 la une","Aviron | Kayak | Voile","Biblioth\u00e8que | M\u00e9diath\u00e8que | MJC","Sports","Vaulx-en-Velin","Voile"],"inLanguage":"fr-FR","potentialAction":[{"@type":"CommentAction","name":"Comment","target":["https:\/\/newsestlyonnais.fr\/site\/2017\/05\/07\/vaulx-en-velin-une-nouvelle-promotion-de-stagiaires-sauveteurs-accueillis-au-club-nautique-v\/#respond"]}]},{"@type":"WebPage","@id":"https:\/\/newsestlyonnais.fr\/site\/2017\/05\/07\/vaulx-en-velin-une-nouvelle-promotion-de-stagiaires-sauveteurs-accueillis-au-club-nautique-v\/","url":"https:\/\/newsestlyonnais.fr\/site\/2017\/05\/07\/vaulx-en-velin-une-nouvelle-promotion-de-stagiaires-sauveteurs-accueillis-au-club-nautique-v\/","name":"VAULX EN VELIN : Une nouvelle promotion de stagiaires sauveteurs accueillis au Club Nautique","isPartOf":{"@id":"https:\/\/newsestlyonnais.fr\/site\/#website"},"primaryImageOfPage":{"@id":"https:\/\/newsestlyonnais.fr\/site\/2017\/05\/07\/vaulx-en-velin-une-nouvelle-promotion-de-stagiaires-sauveteurs-accueillis-au-club-nautique-v\/#primaryimage"},"image":{"@id":"https:\/\/newsestlyonnais.fr\/site\/2017\/05\/07\/vaulx-en-velin-une-nouvelle-promotion-de-stagiaires-sauveteurs-accueillis-au-club-nautique-v\/#primaryimage"},"thumbnailUrl":"https:\/\/newsestlyonnais.fr\/site\/wp-content\/uploads\/2017\/05\/NEWSESTLYONNAIS-VOILE-MJC-voile-SNSM.png","datePublished":"2017-05-07T16:59:36+00:00","dateModified":"2020-10-22T15:07:22+00:00","description":"VAULX EN VELIN : Une nouvelle promotion de stagiaires sauveteurs accueillis au Club Nautique","breadcrumb":{"@id":"https:\/\/newsestlyonnais.fr\/site\/2017\/05\/07\/vaulx-en-velin-une-nouvelle-promotion-de-stagiaires-sauveteurs-accueillis-au-club-nautique-v\/#breadcrumb"},"inLanguage":"fr-FR","potentialAction":[{"@type":"ReadAction","target":["https:\/\/newsestlyonnais.fr\/site\/2017\/05\/07\/vaulx-en-velin-une-nouvelle-promotion-de-stagiaires-sauveteurs-accueillis-au-club-nautique-v\/"]}]},{"@type":"ImageObject","inLanguage":"fr-FR","@id":"https:\/\/newsestlyonnais.fr\/site\/2017\/05\/07\/vaulx-en-velin-une-nouvelle-promotion-de-stagiaires-sauveteurs-accueillis-au-club-nautique-v\/#primaryimage","url":"https:\/\/newsestlyonnais.fr\/site\/wp-content\/uploads\/2017\/05\/NEWSESTLYONNAIS-VOILE-MJC-voile-SNSM.png","contentUrl":"https:\/\/newsestlyonnais.fr\/site\/wp-content\/uploads\/2017\/05\/NEWSESTLYONNAIS-VOILE-MJC-voile-SNSM.png","width":1000,"height":750,"caption":"NEWSESTLYONNAIS VOILE MJC voile SNSM"},{"@type":"BreadcrumbList","@id":"https:\/\/newsestlyonnais.fr\/site\/2017\/05\/07\/vaulx-en-velin-une-nouvelle-promotion-de-stagiaires-sauveteurs-accueillis-au-club-nautique-v\/#breadcrumb","itemListElement":[{"@type":"ListItem","position":1,"name":"Accueil","item":"https:\/\/newsestlyonnais.fr\/site\/"},{"@type":"ListItem","position":2,"name":"VAULX-EN-VELIN | Nouvelle promotion de stagiaires sauveteurs accueillis au Club Nautique"}]},{"@type":"WebSite","@id":"https:\/\/newsestlyonnais.fr\/site\/#website","url":"https:\/\/newsestlyonnais.fr\/site\/","name":"News Est Lyonnais","description":"L&#039;actualit\u00e9 au plus pr\u00e8s","publisher":{"@id":"https:\/\/newsestlyonnais.fr\/site\/#organization"},"potentialAction":[{"@type":"SearchAction","target":{"@type":"EntryPoint","urlTemplate":"https:\/\/newsestlyonnais.fr\/site\/?s={search_term_string}"},"query-input":{"@type":"PropertyValueSpecification","valueRequired":true,"valueName":"search_term_string"}}],"inLanguage":"fr-FR"},{"@type":"Organization","@id":"https:\/\/newsestlyonnais.fr\/site\/#organization","name":"News EST LYONNAIS","url":"https:\/\/newsestlyonnais.fr\/site\/","logo":{"@type":"ImageObject","inLanguage":"fr-FR","@id":"https:\/\/newsestlyonnais.fr\/site\/#\/schema\/logo\/image\/","url":"","contentUrl":"","caption":"News EST LYONNAIS"},"image":{"@id":"https:\/\/newsestlyonnais.fr\/site\/#\/schema\/logo\/image\/"}},{"@type":"Person","@id":"https:\/\/newsestlyonnais.fr\/site\/#\/schema\/person\/3230d5615f390bb808365d673001e887","name":"R\u00e9dac. NEWS","sameAs":["http:\/\/www.newsestlyonnais.fr","https:\/\/www.facebook.com\/pascal.oberson.1?fref=ts","https:\/\/fr.linkedin.com\/in\/pascal-oberson-b17045113"],"url":"https:\/\/newsestlyonnais.fr\/site\/author\/nel\/"}]}},"_links":{"self":[{"href":"https:\/\/newsestlyonnais.fr\/site\/wp-json\/wp\/v2\/posts\/26084","targetHints":{"allow":["GET"]}}],"collection":[{"href":"https:\/\/newsestlyonnais.fr\/site\/wp-json\/wp\/v2\/posts"}],"about":[{"href":"https:\/\/newsestlyonnais.fr\/site\/wp-json\/wp\/v2\/types\/post"}],"author":[{"embeddable":true,"href":"https:\/\/newsestlyonnais.fr\/site\/wp-json\/wp\/v2\/users\/4"}],"replies":[{"embeddable":true,"href":"https:\/\/newsestlyonnais.fr\/site\/wp-json\/wp\/v2\/comments?post=26084"}],"version-history":[{"count":0,"href":"https:\/\/newsestlyonnais.fr\/site\/wp-json\/wp\/v2\/posts\/26084\/revisions"}],"wp:featuredmedia":[{"embeddable":true,"href":"https:\/\/newsestlyonnais.fr\/site\/wp-json\/wp\/v2\/media\/26094"}],"wp:attachment":[{"href":"https:\/\/newsestlyonnais.fr\/site\/wp-json\/wp\/v2\/media?parent=26084"}],"wp:term":[{"taxonomy":"category","embeddable":true,"href":"https:\/\/newsestlyonnais.fr\/site\/wp-json\/wp\/v2\/categories?post=26084"},{"taxonomy":"post_tag","embeddable":true,"href":"https:\/\/newsestlyonnais.fr\/site\/wp-json\/wp\/v2\/tags?post=26084"}],"curies":[{"name":"wp","href":"https:\/\/api.w.org\/{rel}","templated":true}]}}