{"id":26252,"date":"2017-05-09T10:26:51","date_gmt":"2017-05-09T09:26:51","guid":{"rendered":"http:\/\/newsestlyonnais.fr\/site\/?p=26252"},"modified":"2020-11-11T17:26:10","modified_gmt":"2020-11-11T16:26:10","slug":"decines-meyzieu-athletisme-belle-2-place-au-1-tour-des-interclubs-de-n1b-a-annecy","status":"publish","type":"post","link":"https:\/\/newsestlyonnais.fr\/site\/2017\/05\/09\/decines-meyzieu-athletisme-belle-2-place-au-1-tour-des-interclubs-de-n1b-a-annecy\/","title":{"rendered":"DECINES-MEYZIEU ATHLETISME | Belle 2\u00b0 place au 1\u00b0 tour des Interclubs de N1B \u00e0 Annecy"},"content":{"rendered":"<h4>Le D\u00e9cines Meyzieu Athl\u00e9tisme (D.M.A.) participait samedi \u00e0 Annecy, au 1\u00b0 tour des Interclubs Auvergne-Rh\u00f4ne-Alpes en Nationale 1B, ceci pour la premi\u00e8re fois de son histoire.<\/h4>\n<p>Avec 50.559 points, le D.MA. termine \u00e0 une belle 2\u00b0 place \u00a0\u00bb mais sera encore \u00e0 la bagarre dans deux semaines \u00e0 Valence pour le maintien, pour notre 1\u00b0 ann\u00e9e \u00e0 ce niveau et que les \u00e9carts sont faibles\u00a0\u00bb confiait Eric Gaschet, dirigeant du club \u00e0 l&rsquo;issue de la journ\u00e9e.<\/p>\n<div>\n<div>Des Interclubs qui concernaient les cat\u00e9gories Cadets, Juniors, Espoirs, Seniors et Masters au cours desquels les athl\u00e8tes du D.MA. l&rsquo;ont emport\u00e9 \u00e0 14 reprises (7 succ\u00e8s en f\u00e9minines et autant chez les masculins). Des victoires acquises notamment dans les relais &amp; en sprint, en voici le d\u00e9tail:<\/div>\n<div>&#8211; <strong>en f\u00e9minines<\/strong>: Relais 4 X 100 m &amp; 4 X 400 m\/Stacy Vagao (100 m)\/Jennifer Galais (200 m)\/El\u00e9a Diarra (400 m)\/Elodie Mathien (1500 m)\/Marie Laurent (100 m en finale 2)<\/div>\n<div>&#8211; <strong>en masculins:<\/strong>\u00a0Relais 4 X 100 m &amp; 4 X 400 m\/Martin Carr\u00e8re (400 m haies)\/Gilles Grossmann Wirth (400 m)\/Dorian Hauterville (100 m)\/Pierre Magand (3000 m steeple)\/Samir Tatah (1500 m).<\/div>\n<\/div>\n<div><\/div>\n<div><\/div>\n<div>\n<table id=\"ctnResultats\" style=\"line-height: 14px;margin: 0px 0px 7px;width: 830px;font-family: FaktSlabConPro, Verdana, Arial;font-size: 14px;border: 0px\" cellspacing=\"0\" cellpadding=\"0\">\n<tbody>\n<tr>\n<td style=\"width: 830px\" colspan=\"17\"><\/td>\n<\/tr>\n<tr>\n<td style=\"width: 830px\" colspan=\"17\">\n<table style=\"line-height: 14px;margin: 0px;width: 830px;border: 0px\" cellspacing=\"0\" cellpadding=\"0\">\n<tbody>\n<tr>\n<td class=\"groupsHeaders\" style=\"border-bottom: #000000 2px solid;font-weight: bold;padding: 10px 5px 5px 5px\" colspan=\"4\">R\u00e9sultats \u00c9quipes | Interclubs &#8211; N1B &#8211; SE<\/td>\n<\/tr>\n<tr>\n<td class=\"groupsDatas\" style=\"font-size: 13px;padding: 2px\">1<\/td>\n<td class=\"groupsDatas\" style=\"font-size: 13px;padding: 2px\"><b>52 405 pt<\/b><\/td>\n<td class=\"groupsDatas\" style=\"font-size: 13px;padding: 2px\"><b>ANNECY HAUTE SAVOIE A. *<\/b><\/td>\n<td class=\"groupsDatas\" style=\"font-size: 13px;padding: 2px\"><\/td>\n<\/tr>\n<tr>\n<td class=\"groupsDatas\" style=\"font-size: 13px;padding: 2px\">2<\/td>\n<td class=\"groupsDatas\" style=\"font-size: 13px;padding: 2px\"><b>50 559 pt<\/b><\/td>\n<td class=\"groupsDatas\" style=\"font-size: 13px;padding: 2px\"><b>DECINES MEYZIEU ATHLETISME*<\/b><\/td>\n<td class=\"groupsDatas\" style=\"font-size: 13px;padding: 2px\"><\/td>\n<\/tr>\n<tr>\n<td class=\"groupsDatas\" style=\"font-size: 13px;padding: 2px\">3<\/td>\n<td class=\"groupsDatas\" style=\"font-size: 13px;padding: 2px\"><b>50 494 pt<\/b><\/td>\n<td class=\"groupsDatas\" style=\"font-size: 13px;padding: 2px\"><b>CS BOURGOIN-JALLIEU *<\/b><\/td>\n<td class=\"groupsDatas\" style=\"font-size: 13px;padding: 2px\"><\/td>\n<\/tr>\n<tr>\n<td class=\"groupsDatas\" style=\"font-size: 13px;padding: 2px\">4<\/td>\n<td class=\"groupsDatas\" style=\"font-size: 13px;padding: 2px\"><b>48 278 pt<\/b><\/td>\n<td class=\"groupsDatas\" style=\"font-size: 13px;padding: 2px\"><b>EA CHAMBERY<\/b><\/td>\n<td class=\"groupsDatas\" style=\"font-size: 13px;padding: 2px\"><\/td>\n<\/tr>\n<tr>\n<td class=\"groupsDatas\" style=\"font-size: 13px;padding: 2px\">5<\/td>\n<td class=\"groupsDatas\" style=\"font-size: 13px;padding: 2px\"><b>45 736 pt<\/b><\/td>\n<td class=\"groupsDatas\" style=\"font-size: 13px;padding: 2px\"><b>E A RHONE VERCORS 26 07*<\/b><\/td>\n<td class=\"groupsDatas\" style=\"font-size: 13px;padding: 2px\"><\/td>\n<\/tr>\n<\/tbody>\n<\/table>\n<\/td>\n<\/tr>\n<tr>\n<td style=\"width: 830px\" colspan=\"17\"><\/td>\n<\/tr>\n<\/tbody>\n<\/table>\n<\/div>\n<p>&nbsp;<\/p>\n","protected":false},"excerpt":{"rendered":"<p>Le D\u00e9cines Meyzieu Athl\u00e9tisme (D.M.A.) participait samedi \u00e0 Annecy, au 1\u00b0 tour des Interclubs Auvergne-Rh\u00f4ne-Alpes en Nationale 1B, ceci pour la premi\u00e8re fois de son histoire. Avec 50.559 points, le D.MA. termine \u00e0 une belle 2\u00b0 place \u00a0\u00bb mais sera encore \u00e0 la bagarre dans deux semaines \u00e0 Valence pour le maintien, pour notre 1\u00b0 [&hellip;]<\/p>\n","protected":false},"author":4,"featured_media":9735,"comment_status":"open","ping_status":"open","sticky":false,"template":"","format":"standard","meta":{"footnotes":""},"categories":[2968,21,24],"tags":[],"class_list":["post-26252","post","type-post","status-publish","format-standard","has-post-thumbnail","hentry","category-athle-course-pied-marche","category-decines-charpieu","category-meyzieu"],"yoast_head":"<!-- This site is optimized with the Yoast SEO plugin v27.2 - https:\/\/yoast.com\/product\/yoast-seo-wordpress\/ -->\n<title>DECINES-MEYZIEU ATHLETISME: Belle 2\u00b0 place au 1\u00b0 tour des Interclubs de N1B \u00e0 Annecy<\/title>\n<meta name=\"description\" content=\"DECINES-MEYZIEU ATHLETISME: Belle 2\u00b0 place au 1\u00b0 tour des Interclubs de N1B \u00e0 Annecy\" \/>\n<meta name=\"robots\" content=\"index, follow, max-snippet:-1, max-image-preview:large, max-video-preview:-1\" \/>\n<link rel=\"canonical\" href=\"https:\/\/newsestlyonnais.fr\/site\/2017\/05\/09\/decines-meyzieu-athletisme-belle-2-place-au-1-tour-des-interclubs-de-n1b-a-annecy\/\" \/>\n<meta property=\"og:locale\" content=\"fr_FR\" \/>\n<meta property=\"og:type\" content=\"article\" \/>\n<meta property=\"og:title\" content=\"DECINES-MEYZIEU ATHLETISME: Belle 2\u00b0 place au 1\u00b0 tour des Interclubs de N1B \u00e0 Annecy\" \/>\n<meta property=\"og:description\" content=\"DECINES-MEYZIEU ATHLETISME: Belle 2\u00b0 place au 1\u00b0 tour des Interclubs de N1B \u00e0 Annecy\" \/>\n<meta property=\"og:url\" content=\"https:\/\/newsestlyonnais.fr\/site\/2017\/05\/09\/decines-meyzieu-athletisme-belle-2-place-au-1-tour-des-interclubs-de-n1b-a-annecy\/\" \/>\n<meta property=\"og:site_name\" content=\"News Est Lyonnais\" \/>\n<meta property=\"article:author\" content=\"https:\/\/www.facebook.com\/pascal.oberson.1?fref=ts\" \/>\n<meta property=\"article:published_time\" content=\"2017-05-09T09:26:51+00:00\" \/>\n<meta property=\"article:modified_time\" content=\"2020-11-11T16:26:10+00:00\" \/>\n<meta property=\"og:image\" content=\"https:\/\/i1.wp.com\/newsestlyonnais.fr\/site\/wp-content\/uploads\/2016\/06\/LOGO-du-DMA.jpg?fit=1000%2C750&ssl=1\" \/>\n\t<meta property=\"og:image:width\" content=\"1000\" \/>\n\t<meta property=\"og:image:height\" content=\"750\" \/>\n\t<meta property=\"og:image:type\" content=\"image\/jpeg\" \/>\n<meta name=\"author\" content=\"R\u00e9dac. NEWS\" \/>\n<meta name=\"twitter:card\" content=\"summary_large_image\" \/>\n<meta name=\"twitter:label1\" content=\"\u00c9crit par\" \/>\n\t<meta name=\"twitter:data1\" content=\"R\u00e9dac. NEWS\" \/>\n\t<meta name=\"twitter:label2\" content=\"Dur\u00e9e de lecture estim\u00e9e\" \/>\n\t<meta name=\"twitter:data2\" content=\"1 minute\" \/>\n<script type=\"application\/ld+json\" class=\"yoast-schema-graph\">{\"@context\":\"https:\/\/schema.org\",\"@graph\":[{\"@type\":\"Article\",\"@id\":\"https:\/\/newsestlyonnais.fr\/site\/2017\/05\/09\/decines-meyzieu-athletisme-belle-2-place-au-1-tour-des-interclubs-de-n1b-a-annecy\/#article\",\"isPartOf\":{\"@id\":\"https:\/\/newsestlyonnais.fr\/site\/2017\/05\/09\/decines-meyzieu-athletisme-belle-2-place-au-1-tour-des-interclubs-de-n1b-a-annecy\/\"},\"author\":{\"name\":\"R\u00e9dac. NEWS\",\"@id\":\"https:\/\/newsestlyonnais.fr\/site\/#\/schema\/person\/3230d5615f390bb808365d673001e887\"},\"headline\":\"DECINES-MEYZIEU ATHLETISME | Belle 2\u00b0 place au 1\u00b0 tour des Interclubs de N1B \u00e0 Annecy\",\"datePublished\":\"2017-05-09T09:26:51+00:00\",\"dateModified\":\"2020-11-11T16:26:10+00:00\",\"mainEntityOfPage\":{\"@id\":\"https:\/\/newsestlyonnais.fr\/site\/2017\/05\/09\/decines-meyzieu-athletisme-belle-2-place-au-1-tour-des-interclubs-de-n1b-a-annecy\/\"},\"wordCount\":224,\"commentCount\":0,\"publisher\":{\"@id\":\"https:\/\/newsestlyonnais.fr\/site\/#organization\"},\"image\":{\"@id\":\"https:\/\/newsestlyonnais.fr\/site\/2017\/05\/09\/decines-meyzieu-athletisme-belle-2-place-au-1-tour-des-interclubs-de-n1b-a-annecy\/#primaryimage\"},\"thumbnailUrl\":\"https:\/\/newsestlyonnais.fr\/site\/wp-content\/uploads\/2016\/06\/LOGO-du-DMA.jpg\",\"articleSection\":[\"Athl\u00e9 | Course pied | Marche\",\"D\u00e9cines-Charpieu\",\"Meyzieu\"],\"inLanguage\":\"fr-FR\",\"potentialAction\":[{\"@type\":\"CommentAction\",\"name\":\"Comment\",\"target\":[\"https:\/\/newsestlyonnais.fr\/site\/2017\/05\/09\/decines-meyzieu-athletisme-belle-2-place-au-1-tour-des-interclubs-de-n1b-a-annecy\/#respond\"]}]},{\"@type\":\"WebPage\",\"@id\":\"https:\/\/newsestlyonnais.fr\/site\/2017\/05\/09\/decines-meyzieu-athletisme-belle-2-place-au-1-tour-des-interclubs-de-n1b-a-annecy\/\",\"url\":\"https:\/\/newsestlyonnais.fr\/site\/2017\/05\/09\/decines-meyzieu-athletisme-belle-2-place-au-1-tour-des-interclubs-de-n1b-a-annecy\/\",\"name\":\"DECINES-MEYZIEU ATHLETISME: Belle 2\u00b0 place au 1\u00b0 tour des Interclubs de N1B \u00e0 Annecy\",\"isPartOf\":{\"@id\":\"https:\/\/newsestlyonnais.fr\/site\/#website\"},\"primaryImageOfPage\":{\"@id\":\"https:\/\/newsestlyonnais.fr\/site\/2017\/05\/09\/decines-meyzieu-athletisme-belle-2-place-au-1-tour-des-interclubs-de-n1b-a-annecy\/#primaryimage\"},\"image\":{\"@id\":\"https:\/\/newsestlyonnais.fr\/site\/2017\/05\/09\/decines-meyzieu-athletisme-belle-2-place-au-1-tour-des-interclubs-de-n1b-a-annecy\/#primaryimage\"},\"thumbnailUrl\":\"https:\/\/newsestlyonnais.fr\/site\/wp-content\/uploads\/2016\/06\/LOGO-du-DMA.jpg\",\"datePublished\":\"2017-05-09T09:26:51+00:00\",\"dateModified\":\"2020-11-11T16:26:10+00:00\",\"description\":\"DECINES-MEYZIEU ATHLETISME: Belle 2\u00b0 place au 1\u00b0 tour des Interclubs de N1B \u00e0 Annecy\",\"breadcrumb\":{\"@id\":\"https:\/\/newsestlyonnais.fr\/site\/2017\/05\/09\/decines-meyzieu-athletisme-belle-2-place-au-1-tour-des-interclubs-de-n1b-a-annecy\/#breadcrumb\"},\"inLanguage\":\"fr-FR\",\"potentialAction\":[{\"@type\":\"ReadAction\",\"target\":[\"https:\/\/newsestlyonnais.fr\/site\/2017\/05\/09\/decines-meyzieu-athletisme-belle-2-place-au-1-tour-des-interclubs-de-n1b-a-annecy\/\"]}]},{\"@type\":\"ImageObject\",\"inLanguage\":\"fr-FR\",\"@id\":\"https:\/\/newsestlyonnais.fr\/site\/2017\/05\/09\/decines-meyzieu-athletisme-belle-2-place-au-1-tour-des-interclubs-de-n1b-a-annecy\/#primaryimage\",\"url\":\"https:\/\/newsestlyonnais.fr\/site\/wp-content\/uploads\/2016\/06\/LOGO-du-DMA.jpg\",\"contentUrl\":\"https:\/\/newsestlyonnais.fr\/site\/wp-content\/uploads\/2016\/06\/LOGO-du-DMA.jpg\",\"width\":1000,\"height\":750,\"caption\":\"NEWSESTLYONNAIS - LOGO du DMA\"},{\"@type\":\"BreadcrumbList\",\"@id\":\"https:\/\/newsestlyonnais.fr\/site\/2017\/05\/09\/decines-meyzieu-athletisme-belle-2-place-au-1-tour-des-interclubs-de-n1b-a-annecy\/#breadcrumb\",\"itemListElement\":[{\"@type\":\"ListItem\",\"position\":1,\"name\":\"Accueil\",\"item\":\"https:\/\/newsestlyonnais.fr\/site\/\"},{\"@type\":\"ListItem\",\"position\":2,\"name\":\"DECINES-MEYZIEU ATHLETISME | Belle 2\u00b0 place au 1\u00b0 tour des Interclubs de N1B \u00e0 Annecy\"}]},{\"@type\":\"WebSite\",\"@id\":\"https:\/\/newsestlyonnais.fr\/site\/#website\",\"url\":\"https:\/\/newsestlyonnais.fr\/site\/\",\"name\":\"News Est Lyonnais\",\"description\":\"L&#039;actualit\u00e9 au plus pr\u00e8s\",\"publisher\":{\"@id\":\"https:\/\/newsestlyonnais.fr\/site\/#organization\"},\"potentialAction\":[{\"@type\":\"SearchAction\",\"target\":{\"@type\":\"EntryPoint\",\"urlTemplate\":\"https:\/\/newsestlyonnais.fr\/site\/?s={search_term_string}\"},\"query-input\":{\"@type\":\"PropertyValueSpecification\",\"valueRequired\":true,\"valueName\":\"search_term_string\"}}],\"inLanguage\":\"fr-FR\"},{\"@type\":\"Organization\",\"@id\":\"https:\/\/newsestlyonnais.fr\/site\/#organization\",\"name\":\"News EST LYONNAIS\",\"url\":\"https:\/\/newsestlyonnais.fr\/site\/\",\"logo\":{\"@type\":\"ImageObject\",\"inLanguage\":\"fr-FR\",\"@id\":\"https:\/\/newsestlyonnais.fr\/site\/#\/schema\/logo\/image\/\",\"url\":\"\",\"contentUrl\":\"\",\"caption\":\"News EST LYONNAIS\"},\"image\":{\"@id\":\"https:\/\/newsestlyonnais.fr\/site\/#\/schema\/logo\/image\/\"}},{\"@type\":\"Person\",\"@id\":\"https:\/\/newsestlyonnais.fr\/site\/#\/schema\/person\/3230d5615f390bb808365d673001e887\",\"name\":\"R\u00e9dac. NEWS\",\"sameAs\":[\"http:\/\/www.newsestlyonnais.fr\",\"https:\/\/www.facebook.com\/pascal.oberson.1?fref=ts\",\"https:\/\/fr.linkedin.com\/in\/pascal-oberson-b17045113\"],\"url\":\"https:\/\/newsestlyonnais.fr\/site\/author\/nel\/\"}]}<\/script>\n<!-- \/ Yoast SEO plugin. -->","yoast_head_json":{"title":"DECINES-MEYZIEU ATHLETISME: Belle 2\u00b0 place au 1\u00b0 tour des Interclubs de N1B \u00e0 Annecy","description":"DECINES-MEYZIEU ATHLETISME: Belle 2\u00b0 place au 1\u00b0 tour des Interclubs de N1B \u00e0 Annecy","robots":{"index":"index","follow":"follow","max-snippet":"max-snippet:-1","max-image-preview":"max-image-preview:large","max-video-preview":"max-video-preview:-1"},"canonical":"https:\/\/newsestlyonnais.fr\/site\/2017\/05\/09\/decines-meyzieu-athletisme-belle-2-place-au-1-tour-des-interclubs-de-n1b-a-annecy\/","og_locale":"fr_FR","og_type":"article","og_title":"DECINES-MEYZIEU ATHLETISME: Belle 2\u00b0 place au 1\u00b0 tour des Interclubs de N1B \u00e0 Annecy","og_description":"DECINES-MEYZIEU ATHLETISME: Belle 2\u00b0 place au 1\u00b0 tour des Interclubs de N1B \u00e0 Annecy","og_url":"https:\/\/newsestlyonnais.fr\/site\/2017\/05\/09\/decines-meyzieu-athletisme-belle-2-place-au-1-tour-des-interclubs-de-n1b-a-annecy\/","og_site_name":"News Est Lyonnais","article_author":"https:\/\/www.facebook.com\/pascal.oberson.1?fref=ts","article_published_time":"2017-05-09T09:26:51+00:00","article_modified_time":"2020-11-11T16:26:10+00:00","og_image":[{"width":1000,"height":750,"url":"https:\/\/i1.wp.com\/newsestlyonnais.fr\/site\/wp-content\/uploads\/2016\/06\/LOGO-du-DMA.jpg?fit=1000%2C750&ssl=1","type":"image\/jpeg"}],"author":"R\u00e9dac. NEWS","twitter_card":"summary_large_image","twitter_misc":{"\u00c9crit par":"R\u00e9dac. NEWS","Dur\u00e9e de lecture estim\u00e9e":"1 minute"},"schema":{"@context":"https:\/\/schema.org","@graph":[{"@type":"Article","@id":"https:\/\/newsestlyonnais.fr\/site\/2017\/05\/09\/decines-meyzieu-athletisme-belle-2-place-au-1-tour-des-interclubs-de-n1b-a-annecy\/#article","isPartOf":{"@id":"https:\/\/newsestlyonnais.fr\/site\/2017\/05\/09\/decines-meyzieu-athletisme-belle-2-place-au-1-tour-des-interclubs-de-n1b-a-annecy\/"},"author":{"name":"R\u00e9dac. NEWS","@id":"https:\/\/newsestlyonnais.fr\/site\/#\/schema\/person\/3230d5615f390bb808365d673001e887"},"headline":"DECINES-MEYZIEU ATHLETISME | Belle 2\u00b0 place au 1\u00b0 tour des Interclubs de N1B \u00e0 Annecy","datePublished":"2017-05-09T09:26:51+00:00","dateModified":"2020-11-11T16:26:10+00:00","mainEntityOfPage":{"@id":"https:\/\/newsestlyonnais.fr\/site\/2017\/05\/09\/decines-meyzieu-athletisme-belle-2-place-au-1-tour-des-interclubs-de-n1b-a-annecy\/"},"wordCount":224,"commentCount":0,"publisher":{"@id":"https:\/\/newsestlyonnais.fr\/site\/#organization"},"image":{"@id":"https:\/\/newsestlyonnais.fr\/site\/2017\/05\/09\/decines-meyzieu-athletisme-belle-2-place-au-1-tour-des-interclubs-de-n1b-a-annecy\/#primaryimage"},"thumbnailUrl":"https:\/\/newsestlyonnais.fr\/site\/wp-content\/uploads\/2016\/06\/LOGO-du-DMA.jpg","articleSection":["Athl\u00e9 | Course pied | Marche","D\u00e9cines-Charpieu","Meyzieu"],"inLanguage":"fr-FR","potentialAction":[{"@type":"CommentAction","name":"Comment","target":["https:\/\/newsestlyonnais.fr\/site\/2017\/05\/09\/decines-meyzieu-athletisme-belle-2-place-au-1-tour-des-interclubs-de-n1b-a-annecy\/#respond"]}]},{"@type":"WebPage","@id":"https:\/\/newsestlyonnais.fr\/site\/2017\/05\/09\/decines-meyzieu-athletisme-belle-2-place-au-1-tour-des-interclubs-de-n1b-a-annecy\/","url":"https:\/\/newsestlyonnais.fr\/site\/2017\/05\/09\/decines-meyzieu-athletisme-belle-2-place-au-1-tour-des-interclubs-de-n1b-a-annecy\/","name":"DECINES-MEYZIEU ATHLETISME: Belle 2\u00b0 place au 1\u00b0 tour des Interclubs de N1B \u00e0 Annecy","isPartOf":{"@id":"https:\/\/newsestlyonnais.fr\/site\/#website"},"primaryImageOfPage":{"@id":"https:\/\/newsestlyonnais.fr\/site\/2017\/05\/09\/decines-meyzieu-athletisme-belle-2-place-au-1-tour-des-interclubs-de-n1b-a-annecy\/#primaryimage"},"image":{"@id":"https:\/\/newsestlyonnais.fr\/site\/2017\/05\/09\/decines-meyzieu-athletisme-belle-2-place-au-1-tour-des-interclubs-de-n1b-a-annecy\/#primaryimage"},"thumbnailUrl":"https:\/\/newsestlyonnais.fr\/site\/wp-content\/uploads\/2016\/06\/LOGO-du-DMA.jpg","datePublished":"2017-05-09T09:26:51+00:00","dateModified":"2020-11-11T16:26:10+00:00","description":"DECINES-MEYZIEU ATHLETISME: Belle 2\u00b0 place au 1\u00b0 tour des Interclubs de N1B \u00e0 Annecy","breadcrumb":{"@id":"https:\/\/newsestlyonnais.fr\/site\/2017\/05\/09\/decines-meyzieu-athletisme-belle-2-place-au-1-tour-des-interclubs-de-n1b-a-annecy\/#breadcrumb"},"inLanguage":"fr-FR","potentialAction":[{"@type":"ReadAction","target":["https:\/\/newsestlyonnais.fr\/site\/2017\/05\/09\/decines-meyzieu-athletisme-belle-2-place-au-1-tour-des-interclubs-de-n1b-a-annecy\/"]}]},{"@type":"ImageObject","inLanguage":"fr-FR","@id":"https:\/\/newsestlyonnais.fr\/site\/2017\/05\/09\/decines-meyzieu-athletisme-belle-2-place-au-1-tour-des-interclubs-de-n1b-a-annecy\/#primaryimage","url":"https:\/\/newsestlyonnais.fr\/site\/wp-content\/uploads\/2016\/06\/LOGO-du-DMA.jpg","contentUrl":"https:\/\/newsestlyonnais.fr\/site\/wp-content\/uploads\/2016\/06\/LOGO-du-DMA.jpg","width":1000,"height":750,"caption":"NEWSESTLYONNAIS - LOGO du DMA"},{"@type":"BreadcrumbList","@id":"https:\/\/newsestlyonnais.fr\/site\/2017\/05\/09\/decines-meyzieu-athletisme-belle-2-place-au-1-tour-des-interclubs-de-n1b-a-annecy\/#breadcrumb","itemListElement":[{"@type":"ListItem","position":1,"name":"Accueil","item":"https:\/\/newsestlyonnais.fr\/site\/"},{"@type":"ListItem","position":2,"name":"DECINES-MEYZIEU ATHLETISME | Belle 2\u00b0 place au 1\u00b0 tour des Interclubs de N1B \u00e0 Annecy"}]},{"@type":"WebSite","@id":"https:\/\/newsestlyonnais.fr\/site\/#website","url":"https:\/\/newsestlyonnais.fr\/site\/","name":"News Est Lyonnais","description":"L&#039;actualit\u00e9 au plus pr\u00e8s","publisher":{"@id":"https:\/\/newsestlyonnais.fr\/site\/#organization"},"potentialAction":[{"@type":"SearchAction","target":{"@type":"EntryPoint","urlTemplate":"https:\/\/newsestlyonnais.fr\/site\/?s={search_term_string}"},"query-input":{"@type":"PropertyValueSpecification","valueRequired":true,"valueName":"search_term_string"}}],"inLanguage":"fr-FR"},{"@type":"Organization","@id":"https:\/\/newsestlyonnais.fr\/site\/#organization","name":"News EST LYONNAIS","url":"https:\/\/newsestlyonnais.fr\/site\/","logo":{"@type":"ImageObject","inLanguage":"fr-FR","@id":"https:\/\/newsestlyonnais.fr\/site\/#\/schema\/logo\/image\/","url":"","contentUrl":"","caption":"News EST LYONNAIS"},"image":{"@id":"https:\/\/newsestlyonnais.fr\/site\/#\/schema\/logo\/image\/"}},{"@type":"Person","@id":"https:\/\/newsestlyonnais.fr\/site\/#\/schema\/person\/3230d5615f390bb808365d673001e887","name":"R\u00e9dac. NEWS","sameAs":["http:\/\/www.newsestlyonnais.fr","https:\/\/www.facebook.com\/pascal.oberson.1?fref=ts","https:\/\/fr.linkedin.com\/in\/pascal-oberson-b17045113"],"url":"https:\/\/newsestlyonnais.fr\/site\/author\/nel\/"}]}},"_links":{"self":[{"href":"https:\/\/newsestlyonnais.fr\/site\/wp-json\/wp\/v2\/posts\/26252","targetHints":{"allow":["GET"]}}],"collection":[{"href":"https:\/\/newsestlyonnais.fr\/site\/wp-json\/wp\/v2\/posts"}],"about":[{"href":"https:\/\/newsestlyonnais.fr\/site\/wp-json\/wp\/v2\/types\/post"}],"author":[{"embeddable":true,"href":"https:\/\/newsestlyonnais.fr\/site\/wp-json\/wp\/v2\/users\/4"}],"replies":[{"embeddable":true,"href":"https:\/\/newsestlyonnais.fr\/site\/wp-json\/wp\/v2\/comments?post=26252"}],"version-history":[{"count":0,"href":"https:\/\/newsestlyonnais.fr\/site\/wp-json\/wp\/v2\/posts\/26252\/revisions"}],"wp:featuredmedia":[{"embeddable":true,"href":"https:\/\/newsestlyonnais.fr\/site\/wp-json\/wp\/v2\/media\/9735"}],"wp:attachment":[{"href":"https:\/\/newsestlyonnais.fr\/site\/wp-json\/wp\/v2\/media?parent=26252"}],"wp:term":[{"taxonomy":"category","embeddable":true,"href":"https:\/\/newsestlyonnais.fr\/site\/wp-json\/wp\/v2\/categories?post=26252"},{"taxonomy":"post_tag","embeddable":true,"href":"https:\/\/newsestlyonnais.fr\/site\/wp-json\/wp\/v2\/tags?post=26252"}],"curies":[{"name":"wp","href":"https:\/\/api.w.org\/{rel}","templated":true}]}}