{"id":26425,"date":"2017-05-11T11:01:38","date_gmt":"2017-05-11T10:01:38","guid":{"rendered":"http:\/\/newsestlyonnais.fr\/site\/?p=26425"},"modified":"2023-01-01T18:55:44","modified_gmt":"2023-01-01T17:55:44","slug":"journees-sports-aeriens-auvergne-rhone-alpes-20-21-mai-prochainsjournees-des-sports-aeriens-auvergne-rhone-alpes-les-20-et-21-mai-prochains","status":"publish","type":"post","link":"https:\/\/newsestlyonnais.fr\/site\/2017\/05\/11\/journees-sports-aeriens-auvergne-rhone-alpes-20-21-mai-prochainsjournees-des-sports-aeriens-auvergne-rhone-alpes-les-20-et-21-mai-prochains\/","title":{"rendered":"Journ\u00e9es des Sports A\u00e9riens Auvergne-Rh\u00f4ne-Alpes , les 20 et 21 mai prochains"},"content":{"rendered":"<p>Pour cette ann\u00e9e, plusieurs sites phares vous proposeront de d\u00e9couvrir les diff\u00e9rentes disciplines a\u00e9riennes \u00e0 travers animations, d\u00e9monstrations et initiations !<br \/>\nLes clubs \u00e0 proximit\u00e9 de chez vous ouvriront \u00e9galement leurs portes pour vous pr\u00e9senter l\u2019univers de l\u2019a\u00e9rien. A\u00e9romod\u00e9lisme, vol libre, ULM, parachutisme, mod\u00e8les anciens, avions, montgolfi\u00e8re\u2026 des activit\u00e9s pour tous.<\/p>\n<p><span style=\"text-decoration: underline;\"><strong>Les Sites, les plus proches de l&rsquo;Est Lyonnais:\u00a0 <\/strong><\/span><\/p>\n<div><strong>&#8211; Ain : <\/strong>A\u00e9rodrome de Bourg en Bresse<\/div>\n<div>&#8211; <strong>Is\u00e8re: <\/strong>A\u00e9roclub de Morestel<\/div>\n<div>\n<div><strong>&#8211; Loire: <\/strong>A\u00e9rodrome de Saint Chamond (21 mai uniquement)<br \/>\nLes Ailes du Merlin (Mably)<br \/>\nCentre \u00c9cole de Parachutisme de Saint-\u00c9tienne Saint-Galmier<\/div>\n<div>CVULMR (Roanne)<\/div>\n<div>&#8211; <strong>Rh\u00f4ne<\/strong>: A\u00e9rodrome de Belleville (Saint-Jean-d&rsquo;Ardi\u00e8res)<br \/>\n\u00c9cole de Parachutisme Lyon Corbas (Corbas)<br \/>\nAdventure Lyon Ouest<\/div>\n<\/div>\n<div><\/div>\n<div>\n<hr \/>\n<\/div>\n<div><\/div>\n<div>&#8211; <em><strong>Plus d&rsquo;infos sur<\/strong><\/em>:\u00a0<a href=\"http:\/\/www.cros-rhonealpes.fr\/Le-CROS-Rhone-Alpes\/Organigramme-et-commissions\/Commission-Sports-de-nature\/4eme-edition-des-Journees-des-Sports-Aeriens-20-21-mai-2017\" target=\"_blank\" rel=\"noopener noreferrer\">http:\/\/www.cros-rhonealpes.fr\/Le-CROS-Rhone-Alpes\/Organigramme-et-commissions\/Commission-Sports-de-nature\/4eme-edition-des-Journees-des-Sports-Aeriens-20-21-mai-2017<\/a><\/div>\n<div><\/div>\n<div>\n<hr \/>\n<\/div>\n<div><\/div>\n<div><span style=\"text-decoration: underline;\"><em><strong>Contacts et renseignements<\/strong><\/em><\/span> : Comit\u00e9 R\u00e9gional Olympique et Sportif Rh\u00f4ne-Alpes : Charline FAUCHER<br \/>\nT\u00e9l: 04 74 19 16 05 \u2013 territoire@cros-rhonealpes.fr<\/div>\n","protected":false},"excerpt":{"rendered":"<p>Pour la 4\u00b0 ann\u00e9e cons\u00e9cutive, de nombreux sites en Auvergne-Rh\u00f4ne-Alpes vous ouvrent leurs portes afin de d\u00e9couvrir les sports a\u00e9riens les samedi 20 et dimanche 21 mai prochains.<\/p>\n","protected":false},"author":4,"featured_media":26426,"comment_status":"open","ping_status":"open","sticky":false,"template":"","format":"standard","meta":{"footnotes":""},"categories":[4548,3443,1287],"tags":[],"class_list":["post-26425","post","type-post","status-publish","format-standard","has-post-thumbnail","hentry","category-autres-departements","category-aviation-nautisme","category-corbas-feyzin"],"yoast_head":"<!-- This site is optimized with the Yoast SEO plugin v27.2 - https:\/\/yoast.com\/product\/yoast-seo-wordpress\/ -->\n<title>Journ\u00e9es des Sports A\u00e9riens Auvergne-Rh\u00f4ne-Alpes , les 20 et 21 mai prochains<\/title>\n<meta name=\"description\" content=\"Journ\u00e9es des Sports A\u00e9riens Auvergne-Rh\u00f4ne-Alpes , les 20 et 21 mai prochains\" \/>\n<meta name=\"robots\" content=\"index, follow, max-snippet:-1, max-image-preview:large, max-video-preview:-1\" \/>\n<link rel=\"canonical\" href=\"https:\/\/newsestlyonnais.fr\/site\/2017\/05\/11\/journees-sports-aeriens-auvergne-rhone-alpes-20-21-mai-prochainsjournees-des-sports-aeriens-auvergne-rhone-alpes-les-20-et-21-mai-prochains\/\" \/>\n<meta property=\"og:locale\" content=\"fr_FR\" \/>\n<meta property=\"og:type\" content=\"article\" \/>\n<meta property=\"og:title\" content=\"Journ\u00e9es des Sports A\u00e9riens Auvergne-Rh\u00f4ne-Alpes , les 20 et 21 mai prochains\" \/>\n<meta property=\"og:description\" content=\"Journ\u00e9es des Sports A\u00e9riens Auvergne-Rh\u00f4ne-Alpes , les 20 et 21 mai prochains\" \/>\n<meta property=\"og:url\" content=\"https:\/\/newsestlyonnais.fr\/site\/2017\/05\/11\/journees-sports-aeriens-auvergne-rhone-alpes-20-21-mai-prochainsjournees-des-sports-aeriens-auvergne-rhone-alpes-les-20-et-21-mai-prochains\/\" \/>\n<meta property=\"og:site_name\" content=\"News Est Lyonnais\" \/>\n<meta property=\"article:author\" content=\"https:\/\/www.facebook.com\/pascal.oberson.1?fref=ts\" \/>\n<meta property=\"article:published_time\" content=\"2017-05-11T10:01:38+00:00\" \/>\n<meta property=\"article:modified_time\" content=\"2023-01-01T17:55:44+00:00\" \/>\n<meta property=\"og:image\" content=\"https:\/\/newsestlyonnais.fr\/site\/wp-content\/uploads\/2017\/05\/NEWSESTLYONNAIS-JOURNEE-SPORTS-AERIENS.jpg\" \/>\n\t<meta property=\"og:image:width\" content=\"1000\" \/>\n\t<meta property=\"og:image:height\" content=\"750\" \/>\n\t<meta property=\"og:image:type\" content=\"image\/jpeg\" \/>\n<meta name=\"author\" content=\"R\u00e9dac. NEWS\" \/>\n<meta name=\"twitter:card\" content=\"summary_large_image\" \/>\n<meta name=\"twitter:label1\" content=\"\u00c9crit par\" \/>\n\t<meta name=\"twitter:data1\" content=\"R\u00e9dac. NEWS\" \/>\n\t<meta name=\"twitter:label2\" content=\"Dur\u00e9e de lecture estim\u00e9e\" \/>\n\t<meta name=\"twitter:data2\" content=\"1 minute\" \/>\n<script type=\"application\/ld+json\" class=\"yoast-schema-graph\">{\"@context\":\"https:\/\/schema.org\",\"@graph\":[{\"@type\":\"Article\",\"@id\":\"https:\/\/newsestlyonnais.fr\/site\/2017\/05\/11\/journees-sports-aeriens-auvergne-rhone-alpes-20-21-mai-prochainsjournees-des-sports-aeriens-auvergne-rhone-alpes-les-20-et-21-mai-prochains\/#article\",\"isPartOf\":{\"@id\":\"https:\/\/newsestlyonnais.fr\/site\/2017\/05\/11\/journees-sports-aeriens-auvergne-rhone-alpes-20-21-mai-prochainsjournees-des-sports-aeriens-auvergne-rhone-alpes-les-20-et-21-mai-prochains\/\"},\"author\":{\"name\":\"R\u00e9dac. NEWS\",\"@id\":\"https:\/\/newsestlyonnais.fr\/site\/#\/schema\/person\/3230d5615f390bb808365d673001e887\"},\"headline\":\"Journ\u00e9es des Sports A\u00e9riens Auvergne-Rh\u00f4ne-Alpes , les 20 et 21 mai prochains\",\"datePublished\":\"2017-05-11T10:01:38+00:00\",\"dateModified\":\"2023-01-01T17:55:44+00:00\",\"mainEntityOfPage\":{\"@id\":\"https:\/\/newsestlyonnais.fr\/site\/2017\/05\/11\/journees-sports-aeriens-auvergne-rhone-alpes-20-21-mai-prochainsjournees-des-sports-aeriens-auvergne-rhone-alpes-les-20-et-21-mai-prochains\/\"},\"wordCount\":174,\"commentCount\":0,\"publisher\":{\"@id\":\"https:\/\/newsestlyonnais.fr\/site\/#organization\"},\"image\":{\"@id\":\"https:\/\/newsestlyonnais.fr\/site\/2017\/05\/11\/journees-sports-aeriens-auvergne-rhone-alpes-20-21-mai-prochainsjournees-des-sports-aeriens-auvergne-rhone-alpes-les-20-et-21-mai-prochains\/#primaryimage\"},\"thumbnailUrl\":\"https:\/\/newsestlyonnais.fr\/site\/wp-content\/uploads\/2017\/05\/NEWSESTLYONNAIS-JOURNEE-SPORTS-AERIENS.jpg\",\"articleSection\":[\"Autres d\u00e9partements\",\"Aviation | Nautisme\",\"Corbas | Feyzin\"],\"inLanguage\":\"fr-FR\",\"potentialAction\":[{\"@type\":\"CommentAction\",\"name\":\"Comment\",\"target\":[\"https:\/\/newsestlyonnais.fr\/site\/2017\/05\/11\/journees-sports-aeriens-auvergne-rhone-alpes-20-21-mai-prochainsjournees-des-sports-aeriens-auvergne-rhone-alpes-les-20-et-21-mai-prochains\/#respond\"]}]},{\"@type\":\"WebPage\",\"@id\":\"https:\/\/newsestlyonnais.fr\/site\/2017\/05\/11\/journees-sports-aeriens-auvergne-rhone-alpes-20-21-mai-prochainsjournees-des-sports-aeriens-auvergne-rhone-alpes-les-20-et-21-mai-prochains\/\",\"url\":\"https:\/\/newsestlyonnais.fr\/site\/2017\/05\/11\/journees-sports-aeriens-auvergne-rhone-alpes-20-21-mai-prochainsjournees-des-sports-aeriens-auvergne-rhone-alpes-les-20-et-21-mai-prochains\/\",\"name\":\"Journ\u00e9es des Sports A\u00e9riens Auvergne-Rh\u00f4ne-Alpes , les 20 et 21 mai prochains\",\"isPartOf\":{\"@id\":\"https:\/\/newsestlyonnais.fr\/site\/#website\"},\"primaryImageOfPage\":{\"@id\":\"https:\/\/newsestlyonnais.fr\/site\/2017\/05\/11\/journees-sports-aeriens-auvergne-rhone-alpes-20-21-mai-prochainsjournees-des-sports-aeriens-auvergne-rhone-alpes-les-20-et-21-mai-prochains\/#primaryimage\"},\"image\":{\"@id\":\"https:\/\/newsestlyonnais.fr\/site\/2017\/05\/11\/journees-sports-aeriens-auvergne-rhone-alpes-20-21-mai-prochainsjournees-des-sports-aeriens-auvergne-rhone-alpes-les-20-et-21-mai-prochains\/#primaryimage\"},\"thumbnailUrl\":\"https:\/\/newsestlyonnais.fr\/site\/wp-content\/uploads\/2017\/05\/NEWSESTLYONNAIS-JOURNEE-SPORTS-AERIENS.jpg\",\"datePublished\":\"2017-05-11T10:01:38+00:00\",\"dateModified\":\"2023-01-01T17:55:44+00:00\",\"description\":\"Journ\u00e9es des Sports A\u00e9riens Auvergne-Rh\u00f4ne-Alpes , les 20 et 21 mai prochains\",\"breadcrumb\":{\"@id\":\"https:\/\/newsestlyonnais.fr\/site\/2017\/05\/11\/journees-sports-aeriens-auvergne-rhone-alpes-20-21-mai-prochainsjournees-des-sports-aeriens-auvergne-rhone-alpes-les-20-et-21-mai-prochains\/#breadcrumb\"},\"inLanguage\":\"fr-FR\",\"potentialAction\":[{\"@type\":\"ReadAction\",\"target\":[\"https:\/\/newsestlyonnais.fr\/site\/2017\/05\/11\/journees-sports-aeriens-auvergne-rhone-alpes-20-21-mai-prochainsjournees-des-sports-aeriens-auvergne-rhone-alpes-les-20-et-21-mai-prochains\/\"]}]},{\"@type\":\"ImageObject\",\"inLanguage\":\"fr-FR\",\"@id\":\"https:\/\/newsestlyonnais.fr\/site\/2017\/05\/11\/journees-sports-aeriens-auvergne-rhone-alpes-20-21-mai-prochainsjournees-des-sports-aeriens-auvergne-rhone-alpes-les-20-et-21-mai-prochains\/#primaryimage\",\"url\":\"https:\/\/newsestlyonnais.fr\/site\/wp-content\/uploads\/2017\/05\/NEWSESTLYONNAIS-JOURNEE-SPORTS-AERIENS.jpg\",\"contentUrl\":\"https:\/\/newsestlyonnais.fr\/site\/wp-content\/uploads\/2017\/05\/NEWSESTLYONNAIS-JOURNEE-SPORTS-AERIENS.jpg\",\"width\":1000,\"height\":750,\"caption\":\"NEWSESTLYONNAIS - JOURNEE SPORTS AERIENS\"},{\"@type\":\"BreadcrumbList\",\"@id\":\"https:\/\/newsestlyonnais.fr\/site\/2017\/05\/11\/journees-sports-aeriens-auvergne-rhone-alpes-20-21-mai-prochainsjournees-des-sports-aeriens-auvergne-rhone-alpes-les-20-et-21-mai-prochains\/#breadcrumb\",\"itemListElement\":[{\"@type\":\"ListItem\",\"position\":1,\"name\":\"Accueil\",\"item\":\"https:\/\/newsestlyonnais.fr\/site\/\"},{\"@type\":\"ListItem\",\"position\":2,\"name\":\"Journ\u00e9es des Sports A\u00e9riens Auvergne-Rh\u00f4ne-Alpes , les 20 et 21 mai prochains\"}]},{\"@type\":\"WebSite\",\"@id\":\"https:\/\/newsestlyonnais.fr\/site\/#website\",\"url\":\"https:\/\/newsestlyonnais.fr\/site\/\",\"name\":\"News Est Lyonnais\",\"description\":\"L&#039;actualit\u00e9 au plus pr\u00e8s\",\"publisher\":{\"@id\":\"https:\/\/newsestlyonnais.fr\/site\/#organization\"},\"potentialAction\":[{\"@type\":\"SearchAction\",\"target\":{\"@type\":\"EntryPoint\",\"urlTemplate\":\"https:\/\/newsestlyonnais.fr\/site\/?s={search_term_string}\"},\"query-input\":{\"@type\":\"PropertyValueSpecification\",\"valueRequired\":true,\"valueName\":\"search_term_string\"}}],\"inLanguage\":\"fr-FR\"},{\"@type\":\"Organization\",\"@id\":\"https:\/\/newsestlyonnais.fr\/site\/#organization\",\"name\":\"News EST LYONNAIS\",\"url\":\"https:\/\/newsestlyonnais.fr\/site\/\",\"logo\":{\"@type\":\"ImageObject\",\"inLanguage\":\"fr-FR\",\"@id\":\"https:\/\/newsestlyonnais.fr\/site\/#\/schema\/logo\/image\/\",\"url\":\"\",\"contentUrl\":\"\",\"caption\":\"News EST LYONNAIS\"},\"image\":{\"@id\":\"https:\/\/newsestlyonnais.fr\/site\/#\/schema\/logo\/image\/\"}},{\"@type\":\"Person\",\"@id\":\"https:\/\/newsestlyonnais.fr\/site\/#\/schema\/person\/3230d5615f390bb808365d673001e887\",\"name\":\"R\u00e9dac. NEWS\",\"sameAs\":[\"http:\/\/www.newsestlyonnais.fr\",\"https:\/\/www.facebook.com\/pascal.oberson.1?fref=ts\",\"https:\/\/fr.linkedin.com\/in\/pascal-oberson-b17045113\"],\"url\":\"https:\/\/newsestlyonnais.fr\/site\/author\/nel\/\"}]}<\/script>\n<!-- \/ Yoast SEO plugin. -->","yoast_head_json":{"title":"Journ\u00e9es des Sports A\u00e9riens Auvergne-Rh\u00f4ne-Alpes , les 20 et 21 mai prochains","description":"Journ\u00e9es des Sports A\u00e9riens Auvergne-Rh\u00f4ne-Alpes , les 20 et 21 mai prochains","robots":{"index":"index","follow":"follow","max-snippet":"max-snippet:-1","max-image-preview":"max-image-preview:large","max-video-preview":"max-video-preview:-1"},"canonical":"https:\/\/newsestlyonnais.fr\/site\/2017\/05\/11\/journees-sports-aeriens-auvergne-rhone-alpes-20-21-mai-prochainsjournees-des-sports-aeriens-auvergne-rhone-alpes-les-20-et-21-mai-prochains\/","og_locale":"fr_FR","og_type":"article","og_title":"Journ\u00e9es des Sports A\u00e9riens Auvergne-Rh\u00f4ne-Alpes , les 20 et 21 mai prochains","og_description":"Journ\u00e9es des Sports A\u00e9riens Auvergne-Rh\u00f4ne-Alpes , les 20 et 21 mai prochains","og_url":"https:\/\/newsestlyonnais.fr\/site\/2017\/05\/11\/journees-sports-aeriens-auvergne-rhone-alpes-20-21-mai-prochainsjournees-des-sports-aeriens-auvergne-rhone-alpes-les-20-et-21-mai-prochains\/","og_site_name":"News Est Lyonnais","article_author":"https:\/\/www.facebook.com\/pascal.oberson.1?fref=ts","article_published_time":"2017-05-11T10:01:38+00:00","article_modified_time":"2023-01-01T17:55:44+00:00","og_image":[{"width":1000,"height":750,"url":"https:\/\/newsestlyonnais.fr\/site\/wp-content\/uploads\/2017\/05\/NEWSESTLYONNAIS-JOURNEE-SPORTS-AERIENS.jpg","type":"image\/jpeg"}],"author":"R\u00e9dac. NEWS","twitter_card":"summary_large_image","twitter_misc":{"\u00c9crit par":"R\u00e9dac. NEWS","Dur\u00e9e de lecture estim\u00e9e":"1 minute"},"schema":{"@context":"https:\/\/schema.org","@graph":[{"@type":"Article","@id":"https:\/\/newsestlyonnais.fr\/site\/2017\/05\/11\/journees-sports-aeriens-auvergne-rhone-alpes-20-21-mai-prochainsjournees-des-sports-aeriens-auvergne-rhone-alpes-les-20-et-21-mai-prochains\/#article","isPartOf":{"@id":"https:\/\/newsestlyonnais.fr\/site\/2017\/05\/11\/journees-sports-aeriens-auvergne-rhone-alpes-20-21-mai-prochainsjournees-des-sports-aeriens-auvergne-rhone-alpes-les-20-et-21-mai-prochains\/"},"author":{"name":"R\u00e9dac. NEWS","@id":"https:\/\/newsestlyonnais.fr\/site\/#\/schema\/person\/3230d5615f390bb808365d673001e887"},"headline":"Journ\u00e9es des Sports A\u00e9riens Auvergne-Rh\u00f4ne-Alpes , les 20 et 21 mai prochains","datePublished":"2017-05-11T10:01:38+00:00","dateModified":"2023-01-01T17:55:44+00:00","mainEntityOfPage":{"@id":"https:\/\/newsestlyonnais.fr\/site\/2017\/05\/11\/journees-sports-aeriens-auvergne-rhone-alpes-20-21-mai-prochainsjournees-des-sports-aeriens-auvergne-rhone-alpes-les-20-et-21-mai-prochains\/"},"wordCount":174,"commentCount":0,"publisher":{"@id":"https:\/\/newsestlyonnais.fr\/site\/#organization"},"image":{"@id":"https:\/\/newsestlyonnais.fr\/site\/2017\/05\/11\/journees-sports-aeriens-auvergne-rhone-alpes-20-21-mai-prochainsjournees-des-sports-aeriens-auvergne-rhone-alpes-les-20-et-21-mai-prochains\/#primaryimage"},"thumbnailUrl":"https:\/\/newsestlyonnais.fr\/site\/wp-content\/uploads\/2017\/05\/NEWSESTLYONNAIS-JOURNEE-SPORTS-AERIENS.jpg","articleSection":["Autres d\u00e9partements","Aviation | Nautisme","Corbas | Feyzin"],"inLanguage":"fr-FR","potentialAction":[{"@type":"CommentAction","name":"Comment","target":["https:\/\/newsestlyonnais.fr\/site\/2017\/05\/11\/journees-sports-aeriens-auvergne-rhone-alpes-20-21-mai-prochainsjournees-des-sports-aeriens-auvergne-rhone-alpes-les-20-et-21-mai-prochains\/#respond"]}]},{"@type":"WebPage","@id":"https:\/\/newsestlyonnais.fr\/site\/2017\/05\/11\/journees-sports-aeriens-auvergne-rhone-alpes-20-21-mai-prochainsjournees-des-sports-aeriens-auvergne-rhone-alpes-les-20-et-21-mai-prochains\/","url":"https:\/\/newsestlyonnais.fr\/site\/2017\/05\/11\/journees-sports-aeriens-auvergne-rhone-alpes-20-21-mai-prochainsjournees-des-sports-aeriens-auvergne-rhone-alpes-les-20-et-21-mai-prochains\/","name":"Journ\u00e9es des Sports A\u00e9riens Auvergne-Rh\u00f4ne-Alpes , les 20 et 21 mai prochains","isPartOf":{"@id":"https:\/\/newsestlyonnais.fr\/site\/#website"},"primaryImageOfPage":{"@id":"https:\/\/newsestlyonnais.fr\/site\/2017\/05\/11\/journees-sports-aeriens-auvergne-rhone-alpes-20-21-mai-prochainsjournees-des-sports-aeriens-auvergne-rhone-alpes-les-20-et-21-mai-prochains\/#primaryimage"},"image":{"@id":"https:\/\/newsestlyonnais.fr\/site\/2017\/05\/11\/journees-sports-aeriens-auvergne-rhone-alpes-20-21-mai-prochainsjournees-des-sports-aeriens-auvergne-rhone-alpes-les-20-et-21-mai-prochains\/#primaryimage"},"thumbnailUrl":"https:\/\/newsestlyonnais.fr\/site\/wp-content\/uploads\/2017\/05\/NEWSESTLYONNAIS-JOURNEE-SPORTS-AERIENS.jpg","datePublished":"2017-05-11T10:01:38+00:00","dateModified":"2023-01-01T17:55:44+00:00","description":"Journ\u00e9es des Sports A\u00e9riens Auvergne-Rh\u00f4ne-Alpes , les 20 et 21 mai prochains","breadcrumb":{"@id":"https:\/\/newsestlyonnais.fr\/site\/2017\/05\/11\/journees-sports-aeriens-auvergne-rhone-alpes-20-21-mai-prochainsjournees-des-sports-aeriens-auvergne-rhone-alpes-les-20-et-21-mai-prochains\/#breadcrumb"},"inLanguage":"fr-FR","potentialAction":[{"@type":"ReadAction","target":["https:\/\/newsestlyonnais.fr\/site\/2017\/05\/11\/journees-sports-aeriens-auvergne-rhone-alpes-20-21-mai-prochainsjournees-des-sports-aeriens-auvergne-rhone-alpes-les-20-et-21-mai-prochains\/"]}]},{"@type":"ImageObject","inLanguage":"fr-FR","@id":"https:\/\/newsestlyonnais.fr\/site\/2017\/05\/11\/journees-sports-aeriens-auvergne-rhone-alpes-20-21-mai-prochainsjournees-des-sports-aeriens-auvergne-rhone-alpes-les-20-et-21-mai-prochains\/#primaryimage","url":"https:\/\/newsestlyonnais.fr\/site\/wp-content\/uploads\/2017\/05\/NEWSESTLYONNAIS-JOURNEE-SPORTS-AERIENS.jpg","contentUrl":"https:\/\/newsestlyonnais.fr\/site\/wp-content\/uploads\/2017\/05\/NEWSESTLYONNAIS-JOURNEE-SPORTS-AERIENS.jpg","width":1000,"height":750,"caption":"NEWSESTLYONNAIS - JOURNEE SPORTS AERIENS"},{"@type":"BreadcrumbList","@id":"https:\/\/newsestlyonnais.fr\/site\/2017\/05\/11\/journees-sports-aeriens-auvergne-rhone-alpes-20-21-mai-prochainsjournees-des-sports-aeriens-auvergne-rhone-alpes-les-20-et-21-mai-prochains\/#breadcrumb","itemListElement":[{"@type":"ListItem","position":1,"name":"Accueil","item":"https:\/\/newsestlyonnais.fr\/site\/"},{"@type":"ListItem","position":2,"name":"Journ\u00e9es des Sports A\u00e9riens Auvergne-Rh\u00f4ne-Alpes , les 20 et 21 mai prochains"}]},{"@type":"WebSite","@id":"https:\/\/newsestlyonnais.fr\/site\/#website","url":"https:\/\/newsestlyonnais.fr\/site\/","name":"News Est Lyonnais","description":"L&#039;actualit\u00e9 au plus pr\u00e8s","publisher":{"@id":"https:\/\/newsestlyonnais.fr\/site\/#organization"},"potentialAction":[{"@type":"SearchAction","target":{"@type":"EntryPoint","urlTemplate":"https:\/\/newsestlyonnais.fr\/site\/?s={search_term_string}"},"query-input":{"@type":"PropertyValueSpecification","valueRequired":true,"valueName":"search_term_string"}}],"inLanguage":"fr-FR"},{"@type":"Organization","@id":"https:\/\/newsestlyonnais.fr\/site\/#organization","name":"News EST LYONNAIS","url":"https:\/\/newsestlyonnais.fr\/site\/","logo":{"@type":"ImageObject","inLanguage":"fr-FR","@id":"https:\/\/newsestlyonnais.fr\/site\/#\/schema\/logo\/image\/","url":"","contentUrl":"","caption":"News EST LYONNAIS"},"image":{"@id":"https:\/\/newsestlyonnais.fr\/site\/#\/schema\/logo\/image\/"}},{"@type":"Person","@id":"https:\/\/newsestlyonnais.fr\/site\/#\/schema\/person\/3230d5615f390bb808365d673001e887","name":"R\u00e9dac. NEWS","sameAs":["http:\/\/www.newsestlyonnais.fr","https:\/\/www.facebook.com\/pascal.oberson.1?fref=ts","https:\/\/fr.linkedin.com\/in\/pascal-oberson-b17045113"],"url":"https:\/\/newsestlyonnais.fr\/site\/author\/nel\/"}]}},"_links":{"self":[{"href":"https:\/\/newsestlyonnais.fr\/site\/wp-json\/wp\/v2\/posts\/26425","targetHints":{"allow":["GET"]}}],"collection":[{"href":"https:\/\/newsestlyonnais.fr\/site\/wp-json\/wp\/v2\/posts"}],"about":[{"href":"https:\/\/newsestlyonnais.fr\/site\/wp-json\/wp\/v2\/types\/post"}],"author":[{"embeddable":true,"href":"https:\/\/newsestlyonnais.fr\/site\/wp-json\/wp\/v2\/users\/4"}],"replies":[{"embeddable":true,"href":"https:\/\/newsestlyonnais.fr\/site\/wp-json\/wp\/v2\/comments?post=26425"}],"version-history":[{"count":0,"href":"https:\/\/newsestlyonnais.fr\/site\/wp-json\/wp\/v2\/posts\/26425\/revisions"}],"wp:featuredmedia":[{"embeddable":true,"href":"https:\/\/newsestlyonnais.fr\/site\/wp-json\/wp\/v2\/media\/26426"}],"wp:attachment":[{"href":"https:\/\/newsestlyonnais.fr\/site\/wp-json\/wp\/v2\/media?parent=26425"}],"wp:term":[{"taxonomy":"category","embeddable":true,"href":"https:\/\/newsestlyonnais.fr\/site\/wp-json\/wp\/v2\/categories?post=26425"},{"taxonomy":"post_tag","embeddable":true,"href":"https:\/\/newsestlyonnais.fr\/site\/wp-json\/wp\/v2\/tags?post=26425"}],"curies":[{"name":"wp","href":"https:\/\/api.w.org\/{rel}","templated":true}]}}