{"id":26784,"date":"2017-05-16T15:09:18","date_gmt":"2017-05-16T14:09:18","guid":{"rendered":"http:\/\/newsestlyonnais.fr\/site\/?p=26784"},"modified":"2020-11-04T15:48:57","modified_gmt":"2020-11-04T14:48:57","slug":"lyon-le-1-international-de-petanque-de-lyon-metropole-est-lance","status":"publish","type":"post","link":"https:\/\/newsestlyonnais.fr\/site\/2017\/05\/16\/lyon-le-1-international-de-petanque-de-lyon-metropole-est-lance\/","title":{"rendered":"LYON | Le 1\u00b0 International de P\u00e9tanque de Lyon M\u00e9tropole est lanc\u00e9 !"},"content":{"rendered":"<h4>C&rsquo;est dans les salons lyonnais de l&rsquo;Espace Paul Ricard que Lyon Sport M\u00e9tropole* pr\u00e9sentait officiellement, ce mardi matin, le 1\u00b0 International de P\u00e9tanque qui se d\u00e9roulera \u00e0 Lyon du 9 au 11 juin prochains.<\/h4>\n<p>Les organisateurs, Yvon Perez (pr\u00e9sident g\u00e9n\u00e9ral de Lyon Sport M\u00e9tropole) et Bruno Ramos (pr\u00e9sident section p\u00e9tanque) ont d\u00e9voil\u00e9 les grandes lignes de cette nouvelle manifestation lors d&rsquo;une conf\u00e9rence de presse tenue devant quelques repr\u00e9sentants de la presse dont la r\u00e9daction de:\u00a0 <a href=\"https:\/\/newsestlyonnais.fr\" target=\"_blank\" rel=\"noopener noreferrer\">https:\/\/newsestlyonnais.fr<\/a> mais aucun \u00e9lu.<\/p>\n<p>Une premi\u00e8re \u00e9dition, qui avait \u00e9t\u00e9 pens\u00e9e pour se d\u00e9rouler sur la place Bellecour mais suite \u00e0 un calendrier bien charg\u00e9 pour la ville de Lyon, aura finalement pour cadre le Parc M\u00e9tropolitain de Parilly. Un superbe site o\u00f9 seront install\u00e9s pas moins de 135 jeux pour proposer un plateau international de tr\u00e8s haut niveau. Avec des formations \u00e9trang\u00e8res (Luxembourg, Monaco, Espagne, Pays Bas, Alg\u00e9rie, Madagascar, Belgique), d&rsquo;anciens champions du monde (Loy, Van Campenhout, Le Boursicaud) et d&rsquo;autres grands noms de la p\u00e9tanque (Feltain, Helfrick, Sarrio, Bezandry, Sevilla) et bien d&rsquo;autres.<\/p>\n<h4>1200 joueurs sont attendus pour ce concours international qui fera partie des 19 \u00e9tapes du circuit de P\u00e9tanque Passion Fran\u00e7aise (PPF) 2017. Cet \u00e9v\u00e8nement affiche d&rsquo;ailleurs complet depuis plus d&rsquo;un mois, les organisateurs ayant \u00e9t\u00e9 autoris\u00e9s \u00e0 porter le nombres d&rsquo;\u00e9quipes de 256 \u00e0 264 triplettes pour l&rsquo;international.<\/h4>\n<p>A noter que l&rsquo;animation micro sera assur\u00e9e par Damien Ruiz, pr\u00e9sident du club de Bron -Terraillon P\u00e9tanque qui a apport\u00e9 son concours \u00e0 l&rsquo;organisation.<\/p>\n<ul>\n<li>Retrouvez la liste des inscrits \u00e0 l&rsquo;international sur: <a href=\"http:\/\/www.boulistenaute.com\/damiouche\/Page_Inscrits_international_lyon.html\" target=\"_blank\" rel=\"noopener noreferrer\">http:\/\/www.boulistenaute.com\/damiouche\/Page_Inscrits_international_lyon.html<\/a><\/li>\n<\/ul>\n<p>*Lyon Sport M\u00e9tropole<strong> (association sportive des personnels de la Ville de Lyon et de la M\u00e9tropole de Lyon) ex ASCUL , est pr\u00e9sid\u00e9 depuis 2012 par Yvan Perez. Elle regroupe 27 sections proposant plus d&rsquo;une trentaine de disciplines sportives et recense 2.850 adh\u00e9rents. Une association qui offre la possibilit\u00e9 de pratiquer son sport aux personnels communaux mais aussi au grand public, pour du loisir, de la d\u00e9tente ou de la comp\u00e9tition. Elle se charge aussi d&rsquo;organiser de gros \u00e9v\u00e8nements comme la Foul\u00e9e des Monts d&rsquo;Or, l&rsquo;Ekiden de Lyon ou le Troph\u00e9e B\u00e9raudier de boules lyonnaises. <\/strong><\/p>\n<h4>La section p\u00e9tanque qui \u00e9tait en perte de vitesse a \u00e9t\u00e9 redynamis\u00e9e il y a 18 mois avec l&rsquo;arriv\u00e9e \u00e0 la pr\u00e9sidence de Bruno Ramos. Elle compte \u00e0 pr\u00e9sent 25 adh\u00e9rents.<img loading=\"lazy\" decoding=\"async\" class=\"size-full wp-image-26786\" src=\"https:\/\/newsestlyonnais.fr\/site\/medias\/2017\/05\/NEWSESTLYONNAIS-ORGA-INTER-NAT-PETANQUE.jpg\" alt=\"NEWSESTLYONNAIS - ORGA INTER NAT PETANQUE\" width=\"1000\" height=\"750\" srcset=\"https:\/\/newsestlyonnais.fr\/site\/wp-content\/uploads\/2017\/05\/NEWSESTLYONNAIS-ORGA-INTER-NAT-PETANQUE.jpg 1000w, https:\/\/newsestlyonnais.fr\/site\/wp-content\/uploads\/2017\/05\/NEWSESTLYONNAIS-ORGA-INTER-NAT-PETANQUE-400x300.jpg 400w, https:\/\/newsestlyonnais.fr\/site\/wp-content\/uploads\/2017\/05\/NEWSESTLYONNAIS-ORGA-INTER-NAT-PETANQUE-768x576.jpg 768w, https:\/\/newsestlyonnais.fr\/site\/wp-content\/uploads\/2017\/05\/NEWSESTLYONNAIS-ORGA-INTER-NAT-PETANQUE-600x450.jpg 600w, https:\/\/newsestlyonnais.fr\/site\/wp-content\/uploads\/2017\/05\/NEWSESTLYONNAIS-ORGA-INTER-NAT-PETANQUE-100x75.jpg 100w\" sizes=\"auto, (max-width: 1000px) 100vw, 1000px\" \/><\/h4>\n<p>Bruno Ramos (pr\u00e9sident section p\u00e9tanque) et Yvon Perez (pr\u00e9sident g\u00e9n\u00e9ral de Lyon Sport M\u00e9tropole) devant le troph\u00e9e d\u00e9di\u00e9 aux vainqueurs de cette 1\u00b0 \u00e9dition<\/p>\n","protected":false},"excerpt":{"rendered":"<p>C&rsquo;est dans les salons lyonnais de l&rsquo;Espace Paul Ricard que Lyon Sport M\u00e9tropole* pr\u00e9sentait officiellement, ce mardi matin, le 1\u00b0 International de P\u00e9tanque qui se d\u00e9roulera \u00e0 Lyon du 9 au 11 juin prochains. Les organisateurs, Yvon Perez (pr\u00e9sident g\u00e9n\u00e9ral de Lyon Sport M\u00e9tropole) et Bruno Ramos (pr\u00e9sident section p\u00e9tanque) ont d\u00e9voil\u00e9 les grandes lignes [&hellip;]<\/p>\n","protected":false},"author":4,"featured_media":20897,"comment_status":"open","ping_status":"open","sticky":false,"template":"","format":"standard","meta":{"footnotes":""},"categories":[2977,1625,2978],"tags":[],"class_list":["post-26784","post","type-post","status-publish","format-standard","has-post-thumbnail","hentry","category-boules-petanque-sports","category-lyon","category-petanque-sports"],"yoast_head":"<!-- This site is optimized with the Yoast SEO plugin v27.2 - https:\/\/yoast.com\/product\/yoast-seo-wordpress\/ -->\n<title>LYON : Le 1\u00b0 International de P\u00e9tanque de Lyon M\u00e9tropole est lanc\u00e9 !<\/title>\n<meta name=\"description\" content=\"LYON : Le 1\u00b0 International de P\u00e9tanque de Lyon M\u00e9tropole est lanc\u00e9 !\" \/>\n<meta name=\"robots\" content=\"index, follow, max-snippet:-1, max-image-preview:large, max-video-preview:-1\" \/>\n<link rel=\"canonical\" href=\"https:\/\/newsestlyonnais.fr\/site\/2017\/05\/16\/lyon-le-1-international-de-petanque-de-lyon-metropole-est-lance\/\" \/>\n<meta property=\"og:locale\" content=\"fr_FR\" \/>\n<meta property=\"og:type\" content=\"article\" \/>\n<meta property=\"og:title\" content=\"LYON : Le 1\u00b0 International de P\u00e9tanque de Lyon M\u00e9tropole est lanc\u00e9 !\" \/>\n<meta property=\"og:description\" content=\"LYON : Le 1\u00b0 International de P\u00e9tanque de Lyon M\u00e9tropole est lanc\u00e9 !\" \/>\n<meta property=\"og:url\" content=\"https:\/\/newsestlyonnais.fr\/site\/2017\/05\/16\/lyon-le-1-international-de-petanque-de-lyon-metropole-est-lance\/\" \/>\n<meta property=\"og:site_name\" content=\"News Est Lyonnais\" \/>\n<meta property=\"article:author\" content=\"https:\/\/www.facebook.com\/pascal.oberson.1?fref=ts\" \/>\n<meta property=\"article:published_time\" content=\"2017-05-16T14:09:18+00:00\" \/>\n<meta property=\"article:modified_time\" content=\"2020-11-04T14:48:57+00:00\" \/>\n<meta property=\"og:image\" content=\"https:\/\/i2.wp.com\/newsestlyonnais.fr\/site\/wp-content\/uploads\/2017\/02\/NEWSESTLYONNAIS-INTERN-PETANQUE-LYON.jpg?fit=1000%2C750&ssl=1\" \/>\n\t<meta property=\"og:image:width\" content=\"1000\" \/>\n\t<meta property=\"og:image:height\" content=\"750\" \/>\n\t<meta property=\"og:image:type\" content=\"image\/jpeg\" \/>\n<meta name=\"author\" content=\"R\u00e9dac. NEWS\" \/>\n<meta name=\"twitter:card\" content=\"summary_large_image\" \/>\n<meta name=\"twitter:label1\" content=\"\u00c9crit par\" \/>\n\t<meta name=\"twitter:data1\" content=\"R\u00e9dac. NEWS\" \/>\n\t<meta name=\"twitter:label2\" content=\"Dur\u00e9e de lecture estim\u00e9e\" \/>\n\t<meta name=\"twitter:data2\" content=\"2 minutes\" \/>\n<script type=\"application\/ld+json\" class=\"yoast-schema-graph\">{\"@context\":\"https:\/\/schema.org\",\"@graph\":[{\"@type\":\"Article\",\"@id\":\"https:\/\/newsestlyonnais.fr\/site\/2017\/05\/16\/lyon-le-1-international-de-petanque-de-lyon-metropole-est-lance\/#article\",\"isPartOf\":{\"@id\":\"https:\/\/newsestlyonnais.fr\/site\/2017\/05\/16\/lyon-le-1-international-de-petanque-de-lyon-metropole-est-lance\/\"},\"author\":{\"name\":\"R\u00e9dac. NEWS\",\"@id\":\"https:\/\/newsestlyonnais.fr\/site\/#\/schema\/person\/3230d5615f390bb808365d673001e887\"},\"headline\":\"LYON | Le 1\u00b0 International de P\u00e9tanque de Lyon M\u00e9tropole est lanc\u00e9 !\",\"datePublished\":\"2017-05-16T14:09:18+00:00\",\"dateModified\":\"2020-11-04T14:48:57+00:00\",\"mainEntityOfPage\":{\"@id\":\"https:\/\/newsestlyonnais.fr\/site\/2017\/05\/16\/lyon-le-1-international-de-petanque-de-lyon-metropole-est-lance\/\"},\"wordCount\":472,\"commentCount\":0,\"publisher\":{\"@id\":\"https:\/\/newsestlyonnais.fr\/site\/#organization\"},\"image\":{\"@id\":\"https:\/\/newsestlyonnais.fr\/site\/2017\/05\/16\/lyon-le-1-international-de-petanque-de-lyon-metropole-est-lance\/#primaryimage\"},\"thumbnailUrl\":\"https:\/\/newsestlyonnais.fr\/site\/wp-content\/uploads\/2017\/02\/NEWSESTLYONNAIS-INTERN-PETANQUE-LYON.jpg\",\"articleSection\":[\"Boules | P\u00e9tanque\",\"Lyon\",\"P\u00e9tanque\"],\"inLanguage\":\"fr-FR\",\"potentialAction\":[{\"@type\":\"CommentAction\",\"name\":\"Comment\",\"target\":[\"https:\/\/newsestlyonnais.fr\/site\/2017\/05\/16\/lyon-le-1-international-de-petanque-de-lyon-metropole-est-lance\/#respond\"]}]},{\"@type\":\"WebPage\",\"@id\":\"https:\/\/newsestlyonnais.fr\/site\/2017\/05\/16\/lyon-le-1-international-de-petanque-de-lyon-metropole-est-lance\/\",\"url\":\"https:\/\/newsestlyonnais.fr\/site\/2017\/05\/16\/lyon-le-1-international-de-petanque-de-lyon-metropole-est-lance\/\",\"name\":\"LYON : Le 1\u00b0 International de P\u00e9tanque de Lyon M\u00e9tropole est lanc\u00e9 !\",\"isPartOf\":{\"@id\":\"https:\/\/newsestlyonnais.fr\/site\/#website\"},\"primaryImageOfPage\":{\"@id\":\"https:\/\/newsestlyonnais.fr\/site\/2017\/05\/16\/lyon-le-1-international-de-petanque-de-lyon-metropole-est-lance\/#primaryimage\"},\"image\":{\"@id\":\"https:\/\/newsestlyonnais.fr\/site\/2017\/05\/16\/lyon-le-1-international-de-petanque-de-lyon-metropole-est-lance\/#primaryimage\"},\"thumbnailUrl\":\"https:\/\/newsestlyonnais.fr\/site\/wp-content\/uploads\/2017\/02\/NEWSESTLYONNAIS-INTERN-PETANQUE-LYON.jpg\",\"datePublished\":\"2017-05-16T14:09:18+00:00\",\"dateModified\":\"2020-11-04T14:48:57+00:00\",\"description\":\"LYON : Le 1\u00b0 International de P\u00e9tanque de Lyon M\u00e9tropole est lanc\u00e9 !\",\"breadcrumb\":{\"@id\":\"https:\/\/newsestlyonnais.fr\/site\/2017\/05\/16\/lyon-le-1-international-de-petanque-de-lyon-metropole-est-lance\/#breadcrumb\"},\"inLanguage\":\"fr-FR\",\"potentialAction\":[{\"@type\":\"ReadAction\",\"target\":[\"https:\/\/newsestlyonnais.fr\/site\/2017\/05\/16\/lyon-le-1-international-de-petanque-de-lyon-metropole-est-lance\/\"]}]},{\"@type\":\"ImageObject\",\"inLanguage\":\"fr-FR\",\"@id\":\"https:\/\/newsestlyonnais.fr\/site\/2017\/05\/16\/lyon-le-1-international-de-petanque-de-lyon-metropole-est-lance\/#primaryimage\",\"url\":\"https:\/\/newsestlyonnais.fr\/site\/wp-content\/uploads\/2017\/02\/NEWSESTLYONNAIS-INTERN-PETANQUE-LYON.jpg\",\"contentUrl\":\"https:\/\/newsestlyonnais.fr\/site\/wp-content\/uploads\/2017\/02\/NEWSESTLYONNAIS-INTERN-PETANQUE-LYON.jpg\",\"width\":1000,\"height\":750,\"caption\":\"NEWSESTLYONNAIS -INTERN PETANQUE LYON\"},{\"@type\":\"BreadcrumbList\",\"@id\":\"https:\/\/newsestlyonnais.fr\/site\/2017\/05\/16\/lyon-le-1-international-de-petanque-de-lyon-metropole-est-lance\/#breadcrumb\",\"itemListElement\":[{\"@type\":\"ListItem\",\"position\":1,\"name\":\"Accueil\",\"item\":\"https:\/\/newsestlyonnais.fr\/site\/\"},{\"@type\":\"ListItem\",\"position\":2,\"name\":\"LYON | Le 1\u00b0 International de P\u00e9tanque de Lyon M\u00e9tropole est lanc\u00e9 !\"}]},{\"@type\":\"WebSite\",\"@id\":\"https:\/\/newsestlyonnais.fr\/site\/#website\",\"url\":\"https:\/\/newsestlyonnais.fr\/site\/\",\"name\":\"News Est Lyonnais\",\"description\":\"L&#039;actualit\u00e9 au plus pr\u00e8s\",\"publisher\":{\"@id\":\"https:\/\/newsestlyonnais.fr\/site\/#organization\"},\"potentialAction\":[{\"@type\":\"SearchAction\",\"target\":{\"@type\":\"EntryPoint\",\"urlTemplate\":\"https:\/\/newsestlyonnais.fr\/site\/?s={search_term_string}\"},\"query-input\":{\"@type\":\"PropertyValueSpecification\",\"valueRequired\":true,\"valueName\":\"search_term_string\"}}],\"inLanguage\":\"fr-FR\"},{\"@type\":\"Organization\",\"@id\":\"https:\/\/newsestlyonnais.fr\/site\/#organization\",\"name\":\"News EST LYONNAIS\",\"url\":\"https:\/\/newsestlyonnais.fr\/site\/\",\"logo\":{\"@type\":\"ImageObject\",\"inLanguage\":\"fr-FR\",\"@id\":\"https:\/\/newsestlyonnais.fr\/site\/#\/schema\/logo\/image\/\",\"url\":\"\",\"contentUrl\":\"\",\"caption\":\"News EST LYONNAIS\"},\"image\":{\"@id\":\"https:\/\/newsestlyonnais.fr\/site\/#\/schema\/logo\/image\/\"}},{\"@type\":\"Person\",\"@id\":\"https:\/\/newsestlyonnais.fr\/site\/#\/schema\/person\/3230d5615f390bb808365d673001e887\",\"name\":\"R\u00e9dac. NEWS\",\"sameAs\":[\"http:\/\/www.newsestlyonnais.fr\",\"https:\/\/www.facebook.com\/pascal.oberson.1?fref=ts\",\"https:\/\/fr.linkedin.com\/in\/pascal-oberson-b17045113\"],\"url\":\"https:\/\/newsestlyonnais.fr\/site\/author\/nel\/\"}]}<\/script>\n<!-- \/ Yoast SEO plugin. -->","yoast_head_json":{"title":"LYON : Le 1\u00b0 International de P\u00e9tanque de Lyon M\u00e9tropole est lanc\u00e9 !","description":"LYON : Le 1\u00b0 International de P\u00e9tanque de Lyon M\u00e9tropole est lanc\u00e9 !","robots":{"index":"index","follow":"follow","max-snippet":"max-snippet:-1","max-image-preview":"max-image-preview:large","max-video-preview":"max-video-preview:-1"},"canonical":"https:\/\/newsestlyonnais.fr\/site\/2017\/05\/16\/lyon-le-1-international-de-petanque-de-lyon-metropole-est-lance\/","og_locale":"fr_FR","og_type":"article","og_title":"LYON : Le 1\u00b0 International de P\u00e9tanque de Lyon M\u00e9tropole est lanc\u00e9 !","og_description":"LYON : Le 1\u00b0 International de P\u00e9tanque de Lyon M\u00e9tropole est lanc\u00e9 !","og_url":"https:\/\/newsestlyonnais.fr\/site\/2017\/05\/16\/lyon-le-1-international-de-petanque-de-lyon-metropole-est-lance\/","og_site_name":"News Est Lyonnais","article_author":"https:\/\/www.facebook.com\/pascal.oberson.1?fref=ts","article_published_time":"2017-05-16T14:09:18+00:00","article_modified_time":"2020-11-04T14:48:57+00:00","og_image":[{"width":1000,"height":750,"url":"https:\/\/i2.wp.com\/newsestlyonnais.fr\/site\/wp-content\/uploads\/2017\/02\/NEWSESTLYONNAIS-INTERN-PETANQUE-LYON.jpg?fit=1000%2C750&ssl=1","type":"image\/jpeg"}],"author":"R\u00e9dac. NEWS","twitter_card":"summary_large_image","twitter_misc":{"\u00c9crit par":"R\u00e9dac. NEWS","Dur\u00e9e de lecture estim\u00e9e":"2 minutes"},"schema":{"@context":"https:\/\/schema.org","@graph":[{"@type":"Article","@id":"https:\/\/newsestlyonnais.fr\/site\/2017\/05\/16\/lyon-le-1-international-de-petanque-de-lyon-metropole-est-lance\/#article","isPartOf":{"@id":"https:\/\/newsestlyonnais.fr\/site\/2017\/05\/16\/lyon-le-1-international-de-petanque-de-lyon-metropole-est-lance\/"},"author":{"name":"R\u00e9dac. NEWS","@id":"https:\/\/newsestlyonnais.fr\/site\/#\/schema\/person\/3230d5615f390bb808365d673001e887"},"headline":"LYON | Le 1\u00b0 International de P\u00e9tanque de Lyon M\u00e9tropole est lanc\u00e9 !","datePublished":"2017-05-16T14:09:18+00:00","dateModified":"2020-11-04T14:48:57+00:00","mainEntityOfPage":{"@id":"https:\/\/newsestlyonnais.fr\/site\/2017\/05\/16\/lyon-le-1-international-de-petanque-de-lyon-metropole-est-lance\/"},"wordCount":472,"commentCount":0,"publisher":{"@id":"https:\/\/newsestlyonnais.fr\/site\/#organization"},"image":{"@id":"https:\/\/newsestlyonnais.fr\/site\/2017\/05\/16\/lyon-le-1-international-de-petanque-de-lyon-metropole-est-lance\/#primaryimage"},"thumbnailUrl":"https:\/\/newsestlyonnais.fr\/site\/wp-content\/uploads\/2017\/02\/NEWSESTLYONNAIS-INTERN-PETANQUE-LYON.jpg","articleSection":["Boules | P\u00e9tanque","Lyon","P\u00e9tanque"],"inLanguage":"fr-FR","potentialAction":[{"@type":"CommentAction","name":"Comment","target":["https:\/\/newsestlyonnais.fr\/site\/2017\/05\/16\/lyon-le-1-international-de-petanque-de-lyon-metropole-est-lance\/#respond"]}]},{"@type":"WebPage","@id":"https:\/\/newsestlyonnais.fr\/site\/2017\/05\/16\/lyon-le-1-international-de-petanque-de-lyon-metropole-est-lance\/","url":"https:\/\/newsestlyonnais.fr\/site\/2017\/05\/16\/lyon-le-1-international-de-petanque-de-lyon-metropole-est-lance\/","name":"LYON : Le 1\u00b0 International de P\u00e9tanque de Lyon M\u00e9tropole est lanc\u00e9 !","isPartOf":{"@id":"https:\/\/newsestlyonnais.fr\/site\/#website"},"primaryImageOfPage":{"@id":"https:\/\/newsestlyonnais.fr\/site\/2017\/05\/16\/lyon-le-1-international-de-petanque-de-lyon-metropole-est-lance\/#primaryimage"},"image":{"@id":"https:\/\/newsestlyonnais.fr\/site\/2017\/05\/16\/lyon-le-1-international-de-petanque-de-lyon-metropole-est-lance\/#primaryimage"},"thumbnailUrl":"https:\/\/newsestlyonnais.fr\/site\/wp-content\/uploads\/2017\/02\/NEWSESTLYONNAIS-INTERN-PETANQUE-LYON.jpg","datePublished":"2017-05-16T14:09:18+00:00","dateModified":"2020-11-04T14:48:57+00:00","description":"LYON : Le 1\u00b0 International de P\u00e9tanque de Lyon M\u00e9tropole est lanc\u00e9 !","breadcrumb":{"@id":"https:\/\/newsestlyonnais.fr\/site\/2017\/05\/16\/lyon-le-1-international-de-petanque-de-lyon-metropole-est-lance\/#breadcrumb"},"inLanguage":"fr-FR","potentialAction":[{"@type":"ReadAction","target":["https:\/\/newsestlyonnais.fr\/site\/2017\/05\/16\/lyon-le-1-international-de-petanque-de-lyon-metropole-est-lance\/"]}]},{"@type":"ImageObject","inLanguage":"fr-FR","@id":"https:\/\/newsestlyonnais.fr\/site\/2017\/05\/16\/lyon-le-1-international-de-petanque-de-lyon-metropole-est-lance\/#primaryimage","url":"https:\/\/newsestlyonnais.fr\/site\/wp-content\/uploads\/2017\/02\/NEWSESTLYONNAIS-INTERN-PETANQUE-LYON.jpg","contentUrl":"https:\/\/newsestlyonnais.fr\/site\/wp-content\/uploads\/2017\/02\/NEWSESTLYONNAIS-INTERN-PETANQUE-LYON.jpg","width":1000,"height":750,"caption":"NEWSESTLYONNAIS -INTERN PETANQUE LYON"},{"@type":"BreadcrumbList","@id":"https:\/\/newsestlyonnais.fr\/site\/2017\/05\/16\/lyon-le-1-international-de-petanque-de-lyon-metropole-est-lance\/#breadcrumb","itemListElement":[{"@type":"ListItem","position":1,"name":"Accueil","item":"https:\/\/newsestlyonnais.fr\/site\/"},{"@type":"ListItem","position":2,"name":"LYON | Le 1\u00b0 International de P\u00e9tanque de Lyon M\u00e9tropole est lanc\u00e9 !"}]},{"@type":"WebSite","@id":"https:\/\/newsestlyonnais.fr\/site\/#website","url":"https:\/\/newsestlyonnais.fr\/site\/","name":"News Est Lyonnais","description":"L&#039;actualit\u00e9 au plus pr\u00e8s","publisher":{"@id":"https:\/\/newsestlyonnais.fr\/site\/#organization"},"potentialAction":[{"@type":"SearchAction","target":{"@type":"EntryPoint","urlTemplate":"https:\/\/newsestlyonnais.fr\/site\/?s={search_term_string}"},"query-input":{"@type":"PropertyValueSpecification","valueRequired":true,"valueName":"search_term_string"}}],"inLanguage":"fr-FR"},{"@type":"Organization","@id":"https:\/\/newsestlyonnais.fr\/site\/#organization","name":"News EST LYONNAIS","url":"https:\/\/newsestlyonnais.fr\/site\/","logo":{"@type":"ImageObject","inLanguage":"fr-FR","@id":"https:\/\/newsestlyonnais.fr\/site\/#\/schema\/logo\/image\/","url":"","contentUrl":"","caption":"News EST LYONNAIS"},"image":{"@id":"https:\/\/newsestlyonnais.fr\/site\/#\/schema\/logo\/image\/"}},{"@type":"Person","@id":"https:\/\/newsestlyonnais.fr\/site\/#\/schema\/person\/3230d5615f390bb808365d673001e887","name":"R\u00e9dac. NEWS","sameAs":["http:\/\/www.newsestlyonnais.fr","https:\/\/www.facebook.com\/pascal.oberson.1?fref=ts","https:\/\/fr.linkedin.com\/in\/pascal-oberson-b17045113"],"url":"https:\/\/newsestlyonnais.fr\/site\/author\/nel\/"}]}},"_links":{"self":[{"href":"https:\/\/newsestlyonnais.fr\/site\/wp-json\/wp\/v2\/posts\/26784","targetHints":{"allow":["GET"]}}],"collection":[{"href":"https:\/\/newsestlyonnais.fr\/site\/wp-json\/wp\/v2\/posts"}],"about":[{"href":"https:\/\/newsestlyonnais.fr\/site\/wp-json\/wp\/v2\/types\/post"}],"author":[{"embeddable":true,"href":"https:\/\/newsestlyonnais.fr\/site\/wp-json\/wp\/v2\/users\/4"}],"replies":[{"embeddable":true,"href":"https:\/\/newsestlyonnais.fr\/site\/wp-json\/wp\/v2\/comments?post=26784"}],"version-history":[{"count":0,"href":"https:\/\/newsestlyonnais.fr\/site\/wp-json\/wp\/v2\/posts\/26784\/revisions"}],"wp:featuredmedia":[{"embeddable":true,"href":"https:\/\/newsestlyonnais.fr\/site\/wp-json\/wp\/v2\/media\/20897"}],"wp:attachment":[{"href":"https:\/\/newsestlyonnais.fr\/site\/wp-json\/wp\/v2\/media?parent=26784"}],"wp:term":[{"taxonomy":"category","embeddable":true,"href":"https:\/\/newsestlyonnais.fr\/site\/wp-json\/wp\/v2\/categories?post=26784"},{"taxonomy":"post_tag","embeddable":true,"href":"https:\/\/newsestlyonnais.fr\/site\/wp-json\/wp\/v2\/tags?post=26784"}],"curies":[{"name":"wp","href":"https:\/\/api.w.org\/{rel}","templated":true}]}}