{"id":26811,"date":"2017-05-16T19:43:14","date_gmt":"2017-05-16T18:43:14","guid":{"rendered":"http:\/\/newsestlyonnais.fr\/site\/?p=26811"},"modified":"2020-11-06T07:50:53","modified_gmt":"2020-11-06T06:50:53","slug":"chassieudecines-foot-14-de-finale-de-la-coupe-vial-pour-les-feminines","status":"publish","type":"post","link":"https:\/\/newsestlyonnais.fr\/site\/2017\/05\/16\/chassieudecines-foot-14-de-finale-de-la-coupe-vial-pour-les-feminines\/","title":{"rendered":"CHASSIEU\/DECINES | Foot > 1\/4 de finale de la Coupe Vial pour les f\u00e9minines"},"content":{"rendered":"<p><b>Dimanche prochain, les seniors f\u00e9minines du Chassieu-D\u00e9cines Football Club (C.D.F.C) recevront au complexe Romain Tisserand \u00e0 Chassieu, leurs homologues de La Verpilli\u00e8re.<\/b><\/p>\n<p>Une rencontre qui se disputera dans le cadre des quarts de finale de la coupe Vial, v\u00e9ritable coupe du Rh\u00f4ne chez les f\u00e9minines. Pour arriver \u00e0 ce stade la comp\u00e9tition, les joueuses de St\u00e9phanie Maitre ont dispos\u00e9 de Chazay d&rsquo;Azergues (3-0), puis Sud Lyonnais (3-1), deux matchs pourtant disput\u00e9s \u00e0 l&rsquo;ext\u00e9rieur !\u00a0 .<\/p>\n<p>Son adversaire du jour, l&rsquo;\u00e9quipe du CS La Verpilli\u00e8re, s&rsquo;est pour sa part qualifi\u00e9 en prenant le meilleur sur Saint Martin en Haut (8-1), et Bully, par forfait au 1\u00b0 tour.<\/p>\n<p>Une belle rencontre en perspective, et d\u00e9j\u00e0 une belle r\u00e9compense pour les filles de Chassieu D\u00e9cines pour leur premi\u00e8re saison en foot \u00e0 11 !<b><br \/>\n<\/b><\/p>\n<ul>\n<li>\n<h4>Retrouvez l&rsquo;ACTU du club sur: <a href=\"http:\/\/www.cdfc.fr\" target=\"_blank\" rel=\"noopener noreferrer\">http:\/\/www.cdfc.fr<\/a><\/h4>\n<\/li>\n<\/ul>\n<p><img loading=\"lazy\" decoding=\"async\" class=\"alignleft size-full wp-image-26813\" src=\"https:\/\/newsestlyonnais.fr\/site\/medias\/2017\/05\/NEWSESTLYONAIS-AFFICHE-COUPE-VIAL.jpg\" alt=\"NEWSESTLYONAIS AFFICHE COUPE VIAL\" width=\"1000\" height=\"750\" srcset=\"https:\/\/newsestlyonnais.fr\/site\/wp-content\/uploads\/2017\/05\/NEWSESTLYONAIS-AFFICHE-COUPE-VIAL.jpg 1000w, https:\/\/newsestlyonnais.fr\/site\/wp-content\/uploads\/2017\/05\/NEWSESTLYONAIS-AFFICHE-COUPE-VIAL-400x300.jpg 400w, https:\/\/newsestlyonnais.fr\/site\/wp-content\/uploads\/2017\/05\/NEWSESTLYONAIS-AFFICHE-COUPE-VIAL-768x576.jpg 768w, https:\/\/newsestlyonnais.fr\/site\/wp-content\/uploads\/2017\/05\/NEWSESTLYONAIS-AFFICHE-COUPE-VIAL-600x450.jpg 600w, https:\/\/newsestlyonnais.fr\/site\/wp-content\/uploads\/2017\/05\/NEWSESTLYONAIS-AFFICHE-COUPE-VIAL-100x75.jpg 100w\" sizes=\"auto, (max-width: 1000px) 100vw, 1000px\" \/><\/p>\n<p>&nbsp;<\/p>\n<div dir=\"ltr\">\n<p><b><\/b>Merci d&rsquo;avance<\/p>\n<\/div>\n","protected":false},"excerpt":{"rendered":"<p>Dimanche prochain, les seniors f\u00e9minines du Chassieu-D\u00e9cines Football Club (C.D.F.C) recevront au complexe Romain Tisserand \u00e0 Chassieu, leurs homologues de La Verpilli\u00e8re. Une rencontre qui se disputera dans le cadre des quarts de finale de la coupe Vial, v\u00e9ritable coupe du Rh\u00f4ne chez les f\u00e9minines. Pour arriver \u00e0 ce stade la comp\u00e9tition, les joueuses de [&hellip;]<\/p>\n","protected":false},"author":4,"featured_media":26815,"comment_status":"open","ping_status":"open","sticky":false,"template":"","format":"standard","meta":{"footnotes":""},"categories":[1283,21,3421,1329,2996],"tags":[],"class_list":["post-26811","post","type-post","status-publish","format-standard","has-post-thumbnail","hentry","category-chassieu-communes-diverses","category-decines-charpieu","category-feminin-actu-au","category-foot","category-football-rugby"],"yoast_head":"<!-- This site is optimized with the Yoast SEO plugin v27.2 - https:\/\/yoast.com\/product\/yoast-seo-wordpress\/ -->\n<title>CHASSIEU\/DECINES: FOOT : 1\/4 de finale de la Coupe Vial pour les f\u00e9minines \u00e0 Chassieu<\/title>\n<meta name=\"description\" content=\"CHASSIEU\/DECINES: FOOT: 1\/4 de finale de la Coupe Vial pour les f\u00e9minines \u00e0 Chassieu\" \/>\n<meta name=\"robots\" content=\"index, follow, max-snippet:-1, max-image-preview:large, max-video-preview:-1\" \/>\n<link rel=\"canonical\" href=\"https:\/\/newsestlyonnais.fr\/site\/2017\/05\/16\/chassieudecines-foot-14-de-finale-de-la-coupe-vial-pour-les-feminines\/\" \/>\n<meta property=\"og:locale\" content=\"fr_FR\" \/>\n<meta property=\"og:type\" content=\"article\" \/>\n<meta property=\"og:title\" content=\"CHASSIEU\/DECINES: FOOT : 1\/4 de finale de la Coupe Vial pour les f\u00e9minines \u00e0 Chassieu\" \/>\n<meta property=\"og:description\" content=\"CHASSIEU\/DECINES: FOOT: 1\/4 de finale de la Coupe Vial pour les f\u00e9minines \u00e0 Chassieu\" \/>\n<meta property=\"og:url\" content=\"https:\/\/newsestlyonnais.fr\/site\/2017\/05\/16\/chassieudecines-foot-14-de-finale-de-la-coupe-vial-pour-les-feminines\/\" \/>\n<meta property=\"og:site_name\" content=\"News Est Lyonnais\" \/>\n<meta property=\"article:author\" content=\"https:\/\/www.facebook.com\/pascal.oberson.1?fref=ts\" \/>\n<meta property=\"article:published_time\" content=\"2017-05-16T18:43:14+00:00\" \/>\n<meta property=\"article:modified_time\" content=\"2020-11-06T06:50:53+00:00\" \/>\n<meta property=\"og:image\" content=\"https:\/\/i0.wp.com\/newsestlyonnais.fr\/site\/wp-content\/uploads\/2017\/05\/NEWSESTLYONNAIS-seniors-filles-Chassieu-.jpg?fit=1000%2C750&ssl=1\" \/>\n\t<meta property=\"og:image:width\" content=\"1000\" \/>\n\t<meta property=\"og:image:height\" content=\"750\" \/>\n\t<meta property=\"og:image:type\" content=\"image\/jpeg\" \/>\n<meta name=\"author\" content=\"R\u00e9dac. NEWS\" \/>\n<meta name=\"twitter:card\" content=\"summary_large_image\" \/>\n<meta name=\"twitter:label1\" content=\"\u00c9crit par\" \/>\n\t<meta name=\"twitter:data1\" content=\"R\u00e9dac. NEWS\" \/>\n\t<meta name=\"twitter:label2\" content=\"Dur\u00e9e de lecture estim\u00e9e\" \/>\n\t<meta name=\"twitter:data2\" content=\"1 minute\" \/>\n<script type=\"application\/ld+json\" class=\"yoast-schema-graph\">{\"@context\":\"https:\/\/schema.org\",\"@graph\":[{\"@type\":\"Article\",\"@id\":\"https:\/\/newsestlyonnais.fr\/site\/2017\/05\/16\/chassieudecines-foot-14-de-finale-de-la-coupe-vial-pour-les-feminines\/#article\",\"isPartOf\":{\"@id\":\"https:\/\/newsestlyonnais.fr\/site\/2017\/05\/16\/chassieudecines-foot-14-de-finale-de-la-coupe-vial-pour-les-feminines\/\"},\"author\":{\"name\":\"R\u00e9dac. NEWS\",\"@id\":\"https:\/\/newsestlyonnais.fr\/site\/#\/schema\/person\/3230d5615f390bb808365d673001e887\"},\"headline\":\"CHASSIEU\/DECINES | Foot > 1\/4 de finale de la Coupe Vial pour les f\u00e9minines\",\"datePublished\":\"2017-05-16T18:43:14+00:00\",\"dateModified\":\"2020-11-06T06:50:53+00:00\",\"mainEntityOfPage\":{\"@id\":\"https:\/\/newsestlyonnais.fr\/site\/2017\/05\/16\/chassieudecines-foot-14-de-finale-de-la-coupe-vial-pour-les-feminines\/\"},\"wordCount\":171,\"commentCount\":0,\"publisher\":{\"@id\":\"https:\/\/newsestlyonnais.fr\/site\/#organization\"},\"image\":{\"@id\":\"https:\/\/newsestlyonnais.fr\/site\/2017\/05\/16\/chassieudecines-foot-14-de-finale-de-la-coupe-vial-pour-les-feminines\/#primaryimage\"},\"thumbnailUrl\":\"https:\/\/newsestlyonnais.fr\/site\/wp-content\/uploads\/2017\/05\/NEWSESTLYONNAIS-seniors-filles-Chassieu-.jpg\",\"articleSection\":[\"Chassieu | Communes diverses\",\"D\u00e9cines-Charpieu\",\"F\u00e9minin (Actu au)\",\"Foot | Futsal\",\"Foot | Rugby\"],\"inLanguage\":\"fr-FR\",\"potentialAction\":[{\"@type\":\"CommentAction\",\"name\":\"Comment\",\"target\":[\"https:\/\/newsestlyonnais.fr\/site\/2017\/05\/16\/chassieudecines-foot-14-de-finale-de-la-coupe-vial-pour-les-feminines\/#respond\"]}]},{\"@type\":\"WebPage\",\"@id\":\"https:\/\/newsestlyonnais.fr\/site\/2017\/05\/16\/chassieudecines-foot-14-de-finale-de-la-coupe-vial-pour-les-feminines\/\",\"url\":\"https:\/\/newsestlyonnais.fr\/site\/2017\/05\/16\/chassieudecines-foot-14-de-finale-de-la-coupe-vial-pour-les-feminines\/\",\"name\":\"CHASSIEU\/DECINES: FOOT : 1\/4 de finale de la Coupe Vial pour les f\u00e9minines \u00e0 Chassieu\",\"isPartOf\":{\"@id\":\"https:\/\/newsestlyonnais.fr\/site\/#website\"},\"primaryImageOfPage\":{\"@id\":\"https:\/\/newsestlyonnais.fr\/site\/2017\/05\/16\/chassieudecines-foot-14-de-finale-de-la-coupe-vial-pour-les-feminines\/#primaryimage\"},\"image\":{\"@id\":\"https:\/\/newsestlyonnais.fr\/site\/2017\/05\/16\/chassieudecines-foot-14-de-finale-de-la-coupe-vial-pour-les-feminines\/#primaryimage\"},\"thumbnailUrl\":\"https:\/\/newsestlyonnais.fr\/site\/wp-content\/uploads\/2017\/05\/NEWSESTLYONNAIS-seniors-filles-Chassieu-.jpg\",\"datePublished\":\"2017-05-16T18:43:14+00:00\",\"dateModified\":\"2020-11-06T06:50:53+00:00\",\"description\":\"CHASSIEU\/DECINES: FOOT: 1\/4 de finale de la Coupe Vial pour les f\u00e9minines \u00e0 Chassieu\",\"breadcrumb\":{\"@id\":\"https:\/\/newsestlyonnais.fr\/site\/2017\/05\/16\/chassieudecines-foot-14-de-finale-de-la-coupe-vial-pour-les-feminines\/#breadcrumb\"},\"inLanguage\":\"fr-FR\",\"potentialAction\":[{\"@type\":\"ReadAction\",\"target\":[\"https:\/\/newsestlyonnais.fr\/site\/2017\/05\/16\/chassieudecines-foot-14-de-finale-de-la-coupe-vial-pour-les-feminines\/\"]}]},{\"@type\":\"ImageObject\",\"inLanguage\":\"fr-FR\",\"@id\":\"https:\/\/newsestlyonnais.fr\/site\/2017\/05\/16\/chassieudecines-foot-14-de-finale-de-la-coupe-vial-pour-les-feminines\/#primaryimage\",\"url\":\"https:\/\/newsestlyonnais.fr\/site\/wp-content\/uploads\/2017\/05\/NEWSESTLYONNAIS-seniors-filles-Chassieu-.jpg\",\"contentUrl\":\"https:\/\/newsestlyonnais.fr\/site\/wp-content\/uploads\/2017\/05\/NEWSESTLYONNAIS-seniors-filles-Chassieu-.jpg\",\"width\":1000,\"height\":750,\"caption\":\"NEWSESTLYONNAIS - seniors filles Chassieu\"},{\"@type\":\"BreadcrumbList\",\"@id\":\"https:\/\/newsestlyonnais.fr\/site\/2017\/05\/16\/chassieudecines-foot-14-de-finale-de-la-coupe-vial-pour-les-feminines\/#breadcrumb\",\"itemListElement\":[{\"@type\":\"ListItem\",\"position\":1,\"name\":\"Accueil\",\"item\":\"https:\/\/newsestlyonnais.fr\/site\/\"},{\"@type\":\"ListItem\",\"position\":2,\"name\":\"CHASSIEU\/DECINES | Foot > 1\/4 de finale de la Coupe Vial pour les f\u00e9minines\"}]},{\"@type\":\"WebSite\",\"@id\":\"https:\/\/newsestlyonnais.fr\/site\/#website\",\"url\":\"https:\/\/newsestlyonnais.fr\/site\/\",\"name\":\"News Est Lyonnais\",\"description\":\"L&#039;actualit\u00e9 au plus pr\u00e8s\",\"publisher\":{\"@id\":\"https:\/\/newsestlyonnais.fr\/site\/#organization\"},\"potentialAction\":[{\"@type\":\"SearchAction\",\"target\":{\"@type\":\"EntryPoint\",\"urlTemplate\":\"https:\/\/newsestlyonnais.fr\/site\/?s={search_term_string}\"},\"query-input\":{\"@type\":\"PropertyValueSpecification\",\"valueRequired\":true,\"valueName\":\"search_term_string\"}}],\"inLanguage\":\"fr-FR\"},{\"@type\":\"Organization\",\"@id\":\"https:\/\/newsestlyonnais.fr\/site\/#organization\",\"name\":\"News EST LYONNAIS\",\"url\":\"https:\/\/newsestlyonnais.fr\/site\/\",\"logo\":{\"@type\":\"ImageObject\",\"inLanguage\":\"fr-FR\",\"@id\":\"https:\/\/newsestlyonnais.fr\/site\/#\/schema\/logo\/image\/\",\"url\":\"\",\"contentUrl\":\"\",\"caption\":\"News EST LYONNAIS\"},\"image\":{\"@id\":\"https:\/\/newsestlyonnais.fr\/site\/#\/schema\/logo\/image\/\"}},{\"@type\":\"Person\",\"@id\":\"https:\/\/newsestlyonnais.fr\/site\/#\/schema\/person\/3230d5615f390bb808365d673001e887\",\"name\":\"R\u00e9dac. NEWS\",\"sameAs\":[\"http:\/\/www.newsestlyonnais.fr\",\"https:\/\/www.facebook.com\/pascal.oberson.1?fref=ts\",\"https:\/\/fr.linkedin.com\/in\/pascal-oberson-b17045113\"],\"url\":\"https:\/\/newsestlyonnais.fr\/site\/author\/nel\/\"}]}<\/script>\n<!-- \/ Yoast SEO plugin. -->","yoast_head_json":{"title":"CHASSIEU\/DECINES: FOOT : 1\/4 de finale de la Coupe Vial pour les f\u00e9minines \u00e0 Chassieu","description":"CHASSIEU\/DECINES: FOOT: 1\/4 de finale de la Coupe Vial pour les f\u00e9minines \u00e0 Chassieu","robots":{"index":"index","follow":"follow","max-snippet":"max-snippet:-1","max-image-preview":"max-image-preview:large","max-video-preview":"max-video-preview:-1"},"canonical":"https:\/\/newsestlyonnais.fr\/site\/2017\/05\/16\/chassieudecines-foot-14-de-finale-de-la-coupe-vial-pour-les-feminines\/","og_locale":"fr_FR","og_type":"article","og_title":"CHASSIEU\/DECINES: FOOT : 1\/4 de finale de la Coupe Vial pour les f\u00e9minines \u00e0 Chassieu","og_description":"CHASSIEU\/DECINES: FOOT: 1\/4 de finale de la Coupe Vial pour les f\u00e9minines \u00e0 Chassieu","og_url":"https:\/\/newsestlyonnais.fr\/site\/2017\/05\/16\/chassieudecines-foot-14-de-finale-de-la-coupe-vial-pour-les-feminines\/","og_site_name":"News Est Lyonnais","article_author":"https:\/\/www.facebook.com\/pascal.oberson.1?fref=ts","article_published_time":"2017-05-16T18:43:14+00:00","article_modified_time":"2020-11-06T06:50:53+00:00","og_image":[{"width":1000,"height":750,"url":"https:\/\/i0.wp.com\/newsestlyonnais.fr\/site\/wp-content\/uploads\/2017\/05\/NEWSESTLYONNAIS-seniors-filles-Chassieu-.jpg?fit=1000%2C750&ssl=1","type":"image\/jpeg"}],"author":"R\u00e9dac. NEWS","twitter_card":"summary_large_image","twitter_misc":{"\u00c9crit par":"R\u00e9dac. NEWS","Dur\u00e9e de lecture estim\u00e9e":"1 minute"},"schema":{"@context":"https:\/\/schema.org","@graph":[{"@type":"Article","@id":"https:\/\/newsestlyonnais.fr\/site\/2017\/05\/16\/chassieudecines-foot-14-de-finale-de-la-coupe-vial-pour-les-feminines\/#article","isPartOf":{"@id":"https:\/\/newsestlyonnais.fr\/site\/2017\/05\/16\/chassieudecines-foot-14-de-finale-de-la-coupe-vial-pour-les-feminines\/"},"author":{"name":"R\u00e9dac. NEWS","@id":"https:\/\/newsestlyonnais.fr\/site\/#\/schema\/person\/3230d5615f390bb808365d673001e887"},"headline":"CHASSIEU\/DECINES | Foot > 1\/4 de finale de la Coupe Vial pour les f\u00e9minines","datePublished":"2017-05-16T18:43:14+00:00","dateModified":"2020-11-06T06:50:53+00:00","mainEntityOfPage":{"@id":"https:\/\/newsestlyonnais.fr\/site\/2017\/05\/16\/chassieudecines-foot-14-de-finale-de-la-coupe-vial-pour-les-feminines\/"},"wordCount":171,"commentCount":0,"publisher":{"@id":"https:\/\/newsestlyonnais.fr\/site\/#organization"},"image":{"@id":"https:\/\/newsestlyonnais.fr\/site\/2017\/05\/16\/chassieudecines-foot-14-de-finale-de-la-coupe-vial-pour-les-feminines\/#primaryimage"},"thumbnailUrl":"https:\/\/newsestlyonnais.fr\/site\/wp-content\/uploads\/2017\/05\/NEWSESTLYONNAIS-seniors-filles-Chassieu-.jpg","articleSection":["Chassieu | Communes diverses","D\u00e9cines-Charpieu","F\u00e9minin (Actu au)","Foot | Futsal","Foot | Rugby"],"inLanguage":"fr-FR","potentialAction":[{"@type":"CommentAction","name":"Comment","target":["https:\/\/newsestlyonnais.fr\/site\/2017\/05\/16\/chassieudecines-foot-14-de-finale-de-la-coupe-vial-pour-les-feminines\/#respond"]}]},{"@type":"WebPage","@id":"https:\/\/newsestlyonnais.fr\/site\/2017\/05\/16\/chassieudecines-foot-14-de-finale-de-la-coupe-vial-pour-les-feminines\/","url":"https:\/\/newsestlyonnais.fr\/site\/2017\/05\/16\/chassieudecines-foot-14-de-finale-de-la-coupe-vial-pour-les-feminines\/","name":"CHASSIEU\/DECINES: FOOT : 1\/4 de finale de la Coupe Vial pour les f\u00e9minines \u00e0 Chassieu","isPartOf":{"@id":"https:\/\/newsestlyonnais.fr\/site\/#website"},"primaryImageOfPage":{"@id":"https:\/\/newsestlyonnais.fr\/site\/2017\/05\/16\/chassieudecines-foot-14-de-finale-de-la-coupe-vial-pour-les-feminines\/#primaryimage"},"image":{"@id":"https:\/\/newsestlyonnais.fr\/site\/2017\/05\/16\/chassieudecines-foot-14-de-finale-de-la-coupe-vial-pour-les-feminines\/#primaryimage"},"thumbnailUrl":"https:\/\/newsestlyonnais.fr\/site\/wp-content\/uploads\/2017\/05\/NEWSESTLYONNAIS-seniors-filles-Chassieu-.jpg","datePublished":"2017-05-16T18:43:14+00:00","dateModified":"2020-11-06T06:50:53+00:00","description":"CHASSIEU\/DECINES: FOOT: 1\/4 de finale de la Coupe Vial pour les f\u00e9minines \u00e0 Chassieu","breadcrumb":{"@id":"https:\/\/newsestlyonnais.fr\/site\/2017\/05\/16\/chassieudecines-foot-14-de-finale-de-la-coupe-vial-pour-les-feminines\/#breadcrumb"},"inLanguage":"fr-FR","potentialAction":[{"@type":"ReadAction","target":["https:\/\/newsestlyonnais.fr\/site\/2017\/05\/16\/chassieudecines-foot-14-de-finale-de-la-coupe-vial-pour-les-feminines\/"]}]},{"@type":"ImageObject","inLanguage":"fr-FR","@id":"https:\/\/newsestlyonnais.fr\/site\/2017\/05\/16\/chassieudecines-foot-14-de-finale-de-la-coupe-vial-pour-les-feminines\/#primaryimage","url":"https:\/\/newsestlyonnais.fr\/site\/wp-content\/uploads\/2017\/05\/NEWSESTLYONNAIS-seniors-filles-Chassieu-.jpg","contentUrl":"https:\/\/newsestlyonnais.fr\/site\/wp-content\/uploads\/2017\/05\/NEWSESTLYONNAIS-seniors-filles-Chassieu-.jpg","width":1000,"height":750,"caption":"NEWSESTLYONNAIS - seniors filles Chassieu"},{"@type":"BreadcrumbList","@id":"https:\/\/newsestlyonnais.fr\/site\/2017\/05\/16\/chassieudecines-foot-14-de-finale-de-la-coupe-vial-pour-les-feminines\/#breadcrumb","itemListElement":[{"@type":"ListItem","position":1,"name":"Accueil","item":"https:\/\/newsestlyonnais.fr\/site\/"},{"@type":"ListItem","position":2,"name":"CHASSIEU\/DECINES | Foot > 1\/4 de finale de la Coupe Vial pour les f\u00e9minines"}]},{"@type":"WebSite","@id":"https:\/\/newsestlyonnais.fr\/site\/#website","url":"https:\/\/newsestlyonnais.fr\/site\/","name":"News Est Lyonnais","description":"L&#039;actualit\u00e9 au plus pr\u00e8s","publisher":{"@id":"https:\/\/newsestlyonnais.fr\/site\/#organization"},"potentialAction":[{"@type":"SearchAction","target":{"@type":"EntryPoint","urlTemplate":"https:\/\/newsestlyonnais.fr\/site\/?s={search_term_string}"},"query-input":{"@type":"PropertyValueSpecification","valueRequired":true,"valueName":"search_term_string"}}],"inLanguage":"fr-FR"},{"@type":"Organization","@id":"https:\/\/newsestlyonnais.fr\/site\/#organization","name":"News EST LYONNAIS","url":"https:\/\/newsestlyonnais.fr\/site\/","logo":{"@type":"ImageObject","inLanguage":"fr-FR","@id":"https:\/\/newsestlyonnais.fr\/site\/#\/schema\/logo\/image\/","url":"","contentUrl":"","caption":"News EST LYONNAIS"},"image":{"@id":"https:\/\/newsestlyonnais.fr\/site\/#\/schema\/logo\/image\/"}},{"@type":"Person","@id":"https:\/\/newsestlyonnais.fr\/site\/#\/schema\/person\/3230d5615f390bb808365d673001e887","name":"R\u00e9dac. NEWS","sameAs":["http:\/\/www.newsestlyonnais.fr","https:\/\/www.facebook.com\/pascal.oberson.1?fref=ts","https:\/\/fr.linkedin.com\/in\/pascal-oberson-b17045113"],"url":"https:\/\/newsestlyonnais.fr\/site\/author\/nel\/"}]}},"_links":{"self":[{"href":"https:\/\/newsestlyonnais.fr\/site\/wp-json\/wp\/v2\/posts\/26811","targetHints":{"allow":["GET"]}}],"collection":[{"href":"https:\/\/newsestlyonnais.fr\/site\/wp-json\/wp\/v2\/posts"}],"about":[{"href":"https:\/\/newsestlyonnais.fr\/site\/wp-json\/wp\/v2\/types\/post"}],"author":[{"embeddable":true,"href":"https:\/\/newsestlyonnais.fr\/site\/wp-json\/wp\/v2\/users\/4"}],"replies":[{"embeddable":true,"href":"https:\/\/newsestlyonnais.fr\/site\/wp-json\/wp\/v2\/comments?post=26811"}],"version-history":[{"count":0,"href":"https:\/\/newsestlyonnais.fr\/site\/wp-json\/wp\/v2\/posts\/26811\/revisions"}],"wp:featuredmedia":[{"embeddable":true,"href":"https:\/\/newsestlyonnais.fr\/site\/wp-json\/wp\/v2\/media\/26815"}],"wp:attachment":[{"href":"https:\/\/newsestlyonnais.fr\/site\/wp-json\/wp\/v2\/media?parent=26811"}],"wp:term":[{"taxonomy":"category","embeddable":true,"href":"https:\/\/newsestlyonnais.fr\/site\/wp-json\/wp\/v2\/categories?post=26811"},{"taxonomy":"post_tag","embeddable":true,"href":"https:\/\/newsestlyonnais.fr\/site\/wp-json\/wp\/v2\/tags?post=26811"}],"curies":[{"name":"wp","href":"https:\/\/api.w.org\/{rel}","templated":true}]}}