{"id":26892,"date":"2017-05-18T06:52:46","date_gmt":"2017-05-18T05:52:46","guid":{"rendered":"http:\/\/newsestlyonnais.fr\/site\/?p=26892"},"modified":"2020-10-24T08:19:35","modified_gmt":"2020-10-24T07:19:35","slug":"genas-le-fitdays-mgen-triathlon-pour-tous-de-retour-vendredi","status":"publish","type":"post","link":"https:\/\/newsestlyonnais.fr\/site\/2017\/05\/18\/genas-le-fitdays-mgen-triathlon-pour-tous-de-retour-vendredi\/","title":{"rendered":"GENAS | Le FitDays MGEN, triathlon pour tous, de retour vendredi"},"content":{"rendered":"<h4>Pour la 2\u00b0 ann\u00e9e cons\u00e9cutive, les Genassiens vont s\u2019essayer \u00e0 l\u2019\u00e9preuve du triathlon gr\u00e2ce au Fitdays MGEN, vendredi sur la place de la R\u00e9publique.<\/h4>\n<p>En 2016, environ 600 Genassiens avaient particip\u00e9 \u00e0 cet \u00e9v\u00e8nement en enchainant course \u00e0 pied, natation et v\u00e9lo.<\/p>\n<p>Accueilli dans une trentaine de communes de France, le Fitdays met \u00e0 l\u2019honneur le triathlon, valorise les bienfaits de la pratique sportive et d\u2019une bonne hygi\u00e8ne alimentaire, et sensibilise aux gestes \u00e9co-citoyens.<br \/>\nDurant l\u2019apr\u00e8s-midi, le FitdaysMGEN sera int\u00e9gr\u00e9 aux ateliers r\u00e9cr\u00e9atifs et au p\u00e9riscolaire.<br \/>\nAu-del\u00e0 de l\u2019apprentissage et des valeurs du sport comme le respect des autres et la pers\u00e9v\u00e9rance,le FitDaysMGEN apporte aussi des valeurs citoyennes \u00e0 travers le \u00abvillagedeskids\u00bb. Lesenfants assisteront \u00e0 7 ateliers comme un jeu de l\u2019oie sur les droits de l\u2019enfant ou un autre pour s\u2019initier aux gestes qui sauvent avec les pompiersdeGenas-Chassieu<br \/>\nD\u00e8s 18 h, le FitdaysMGEN sera ouvert \u00e0 toutes les g\u00e9n\u00e9rations. Ce sera l\u2019occasion de faire du sport en famille avec le relais.<br \/>\n\u00c0 noter: Sensible aux questions environnementales, la Ville de Genas a organis\u00e9 la r\u00e9cup\u00e9ration des 50m\u00b3 d\u2019eau de la piscine. Celle-ci sera collect\u00e9e et r\u00e9utilis\u00e9e pour des op\u00e9rations d\u2019entretien sur Genas et d\u2019autrescommunes.<br \/>\n&#8211; <strong>Triathlon: natation (20 m), VTT (1 km) et course (250 m):<\/strong><br \/>\nVillage des Kids pour apprendre les gestes qui sauvent, savoir bien collecter et trier les d\u00e9chets, passer son permis VTT et conna\u00eetre les principes d\u2019une alimentation \u00e9quilibr\u00e9e\u2026<\/p>\n<p>&#8211;<strong> Le programme<\/strong>:<\/p>\n<ul>\n<li>13 h 30 \u201318 h 30: Cr\u00e9neaux r\u00e9serv\u00e9s aux ateliers r\u00e9cr\u00e9atifs et au p\u00e9riscolaire<\/li>\n<li>18 h 30 \u201320 h: Ouverture aux enfants de 5 \u00e0 12 ans. Accueil des enfants \u00e0 partir de 18 h (inscriptions, pr\u00e9paration).<\/li>\n<li>20 h \u201321 h 30:<span style=\"text-decoration: underline\"> Relais familles, en duo<\/span>, compos\u00e9 d\u2019un enfant et d\u2019un adulte (parent ou ami). Apr\u00e8s 20 m de natation, l\u2019enfant passe le relais \u00e0 son \u00ab parent \u00bb pour 1 km de course. Accueil \u00e0 partir de 19 h 30.<\/li>\n<li>21 h 30: Tirage au sort des enfants s\u00e9lectionn\u00e9s en finale r\u00e9gionale et remise des prix du Relais en Famille.<\/li>\n<\/ul>\n<h4>Plus d&rsquo;infos sur: <a href=\"http:\/\/www.fitdays.fr\/concept.php\" target=\"_blank\" rel=\"noopener noreferrer\">http:\/\/www.fitdays.fr\/concept.php<\/a><\/h4>\n","protected":false},"excerpt":{"rendered":"<p>Pour la 2\u00b0 ann\u00e9e cons\u00e9cutive, les Genassiens vont s\u2019essayer \u00e0 l\u2019\u00e9preuve du triathlon gr\u00e2ce au Fitdays MGEN, vendredi sur la place de la R\u00e9publique. En 2016, environ 600 Genassiens avaient particip\u00e9 \u00e0 cet \u00e9v\u00e8nement en enchainant course \u00e0 pied, natation et v\u00e9lo. Accueilli dans une trentaine de communes de France, le Fitdays met \u00e0 l\u2019honneur [&hellip;]<\/p>\n","protected":false},"author":4,"featured_media":26895,"comment_status":"open","ping_status":"open","sticky":false,"template":"","format":"standard","meta":{"footnotes":""},"categories":[270,171,1598,2988,2990],"tags":[],"class_list":["post-26892","post","type-post","status-publish","format-standard","has-post-thumbnail","hentry","category-cte-de-communes-c-c-e-l","category-enfance-jeunesse","category-genas","category-natation-triathlon","category-triathlon"],"yoast_head":"<!-- This site is optimized with the Yoast SEO plugin v27.2 - https:\/\/yoast.com\/product\/yoast-seo-wordpress\/ -->\n<title>GENAS : Le FitDays MGEN, triathlon pour tous, de retour vendredi sur la place de la R\u00e9publique !<\/title>\n<meta name=\"description\" content=\"GENAS : Le FitDays MGEN, triathlon pour tous, de retour vendredi sur la place de la R\u00e9publique !\" \/>\n<meta name=\"robots\" content=\"index, follow, max-snippet:-1, max-image-preview:large, max-video-preview:-1\" \/>\n<link rel=\"canonical\" href=\"https:\/\/newsestlyonnais.fr\/site\/2017\/05\/18\/genas-le-fitdays-mgen-triathlon-pour-tous-de-retour-vendredi\/\" \/>\n<meta property=\"og:locale\" content=\"fr_FR\" \/>\n<meta property=\"og:type\" content=\"article\" \/>\n<meta property=\"og:title\" content=\"GENAS : Le FitDays MGEN, triathlon pour tous, de retour vendredi sur la place de la R\u00e9publique !\" \/>\n<meta property=\"og:description\" content=\"GENAS : Le FitDays MGEN, triathlon pour tous, de retour vendredi sur la place de la R\u00e9publique !\" \/>\n<meta property=\"og:url\" content=\"https:\/\/newsestlyonnais.fr\/site\/2017\/05\/18\/genas-le-fitdays-mgen-triathlon-pour-tous-de-retour-vendredi\/\" \/>\n<meta property=\"og:site_name\" content=\"News Est Lyonnais\" \/>\n<meta property=\"article:author\" content=\"https:\/\/www.facebook.com\/pascal.oberson.1?fref=ts\" \/>\n<meta property=\"article:published_time\" content=\"2017-05-18T05:52:46+00:00\" \/>\n<meta property=\"article:modified_time\" content=\"2020-10-24T07:19:35+00:00\" \/>\n<meta property=\"og:image\" content=\"https:\/\/i2.wp.com\/newsestlyonnais.fr\/site\/wp-content\/uploads\/2017\/05\/NEWSESTLYONNAIS-MGEN-TRI-GENAS.jpg?fit=1000%2C750&ssl=1\" \/>\n\t<meta property=\"og:image:width\" content=\"1000\" \/>\n\t<meta property=\"og:image:height\" content=\"750\" \/>\n\t<meta property=\"og:image:type\" content=\"image\/jpeg\" \/>\n<meta name=\"author\" content=\"R\u00e9dac. NEWS\" \/>\n<meta name=\"twitter:card\" content=\"summary_large_image\" \/>\n<meta name=\"twitter:label1\" content=\"\u00c9crit par\" \/>\n\t<meta name=\"twitter:data1\" content=\"R\u00e9dac. NEWS\" \/>\n\t<meta name=\"twitter:label2\" content=\"Dur\u00e9e de lecture estim\u00e9e\" \/>\n\t<meta name=\"twitter:data2\" content=\"2 minutes\" \/>\n<script type=\"application\/ld+json\" class=\"yoast-schema-graph\">{\"@context\":\"https:\/\/schema.org\",\"@graph\":[{\"@type\":\"Article\",\"@id\":\"https:\/\/newsestlyonnais.fr\/site\/2017\/05\/18\/genas-le-fitdays-mgen-triathlon-pour-tous-de-retour-vendredi\/#article\",\"isPartOf\":{\"@id\":\"https:\/\/newsestlyonnais.fr\/site\/2017\/05\/18\/genas-le-fitdays-mgen-triathlon-pour-tous-de-retour-vendredi\/\"},\"author\":{\"name\":\"R\u00e9dac. NEWS\",\"@id\":\"https:\/\/newsestlyonnais.fr\/site\/#\/schema\/person\/3230d5615f390bb808365d673001e887\"},\"headline\":\"GENAS | Le FitDays MGEN, triathlon pour tous, de retour vendredi\",\"datePublished\":\"2017-05-18T05:52:46+00:00\",\"dateModified\":\"2020-10-24T07:19:35+00:00\",\"mainEntityOfPage\":{\"@id\":\"https:\/\/newsestlyonnais.fr\/site\/2017\/05\/18\/genas-le-fitdays-mgen-triathlon-pour-tous-de-retour-vendredi\/\"},\"wordCount\":372,\"commentCount\":0,\"publisher\":{\"@id\":\"https:\/\/newsestlyonnais.fr\/site\/#organization\"},\"image\":{\"@id\":\"https:\/\/newsestlyonnais.fr\/site\/2017\/05\/18\/genas-le-fitdays-mgen-triathlon-pour-tous-de-retour-vendredi\/#primaryimage\"},\"thumbnailUrl\":\"https:\/\/newsestlyonnais.fr\/site\/wp-content\/uploads\/2017\/05\/NEWSESTLYONNAIS-MGEN-TRI-GENAS.jpg\",\"articleSection\":[\"CCEL | Communes\",\"Enfance | Jeunesse\",\"Genas\",\"Natation | Triathlon\",\"Triathlon\"],\"inLanguage\":\"fr-FR\",\"potentialAction\":[{\"@type\":\"CommentAction\",\"name\":\"Comment\",\"target\":[\"https:\/\/newsestlyonnais.fr\/site\/2017\/05\/18\/genas-le-fitdays-mgen-triathlon-pour-tous-de-retour-vendredi\/#respond\"]}]},{\"@type\":\"WebPage\",\"@id\":\"https:\/\/newsestlyonnais.fr\/site\/2017\/05\/18\/genas-le-fitdays-mgen-triathlon-pour-tous-de-retour-vendredi\/\",\"url\":\"https:\/\/newsestlyonnais.fr\/site\/2017\/05\/18\/genas-le-fitdays-mgen-triathlon-pour-tous-de-retour-vendredi\/\",\"name\":\"GENAS : Le FitDays MGEN, triathlon pour tous, de retour vendredi sur la place de la R\u00e9publique !\",\"isPartOf\":{\"@id\":\"https:\/\/newsestlyonnais.fr\/site\/#website\"},\"primaryImageOfPage\":{\"@id\":\"https:\/\/newsestlyonnais.fr\/site\/2017\/05\/18\/genas-le-fitdays-mgen-triathlon-pour-tous-de-retour-vendredi\/#primaryimage\"},\"image\":{\"@id\":\"https:\/\/newsestlyonnais.fr\/site\/2017\/05\/18\/genas-le-fitdays-mgen-triathlon-pour-tous-de-retour-vendredi\/#primaryimage\"},\"thumbnailUrl\":\"https:\/\/newsestlyonnais.fr\/site\/wp-content\/uploads\/2017\/05\/NEWSESTLYONNAIS-MGEN-TRI-GENAS.jpg\",\"datePublished\":\"2017-05-18T05:52:46+00:00\",\"dateModified\":\"2020-10-24T07:19:35+00:00\",\"description\":\"GENAS : Le FitDays MGEN, triathlon pour tous, de retour vendredi sur la place de la R\u00e9publique !\",\"breadcrumb\":{\"@id\":\"https:\/\/newsestlyonnais.fr\/site\/2017\/05\/18\/genas-le-fitdays-mgen-triathlon-pour-tous-de-retour-vendredi\/#breadcrumb\"},\"inLanguage\":\"fr-FR\",\"potentialAction\":[{\"@type\":\"ReadAction\",\"target\":[\"https:\/\/newsestlyonnais.fr\/site\/2017\/05\/18\/genas-le-fitdays-mgen-triathlon-pour-tous-de-retour-vendredi\/\"]}]},{\"@type\":\"ImageObject\",\"inLanguage\":\"fr-FR\",\"@id\":\"https:\/\/newsestlyonnais.fr\/site\/2017\/05\/18\/genas-le-fitdays-mgen-triathlon-pour-tous-de-retour-vendredi\/#primaryimage\",\"url\":\"https:\/\/newsestlyonnais.fr\/site\/wp-content\/uploads\/2017\/05\/NEWSESTLYONNAIS-MGEN-TRI-GENAS.jpg\",\"contentUrl\":\"https:\/\/newsestlyonnais.fr\/site\/wp-content\/uploads\/2017\/05\/NEWSESTLYONNAIS-MGEN-TRI-GENAS.jpg\",\"width\":1000,\"height\":750,\"caption\":\"NEWSESTLYONNAIS MGEN TRI GENAS\"},{\"@type\":\"BreadcrumbList\",\"@id\":\"https:\/\/newsestlyonnais.fr\/site\/2017\/05\/18\/genas-le-fitdays-mgen-triathlon-pour-tous-de-retour-vendredi\/#breadcrumb\",\"itemListElement\":[{\"@type\":\"ListItem\",\"position\":1,\"name\":\"Accueil\",\"item\":\"https:\/\/newsestlyonnais.fr\/site\/\"},{\"@type\":\"ListItem\",\"position\":2,\"name\":\"GENAS | Le FitDays MGEN, triathlon pour tous, de retour vendredi\"}]},{\"@type\":\"WebSite\",\"@id\":\"https:\/\/newsestlyonnais.fr\/site\/#website\",\"url\":\"https:\/\/newsestlyonnais.fr\/site\/\",\"name\":\"News Est Lyonnais\",\"description\":\"L&#039;actualit\u00e9 au plus pr\u00e8s\",\"publisher\":{\"@id\":\"https:\/\/newsestlyonnais.fr\/site\/#organization\"},\"potentialAction\":[{\"@type\":\"SearchAction\",\"target\":{\"@type\":\"EntryPoint\",\"urlTemplate\":\"https:\/\/newsestlyonnais.fr\/site\/?s={search_term_string}\"},\"query-input\":{\"@type\":\"PropertyValueSpecification\",\"valueRequired\":true,\"valueName\":\"search_term_string\"}}],\"inLanguage\":\"fr-FR\"},{\"@type\":\"Organization\",\"@id\":\"https:\/\/newsestlyonnais.fr\/site\/#organization\",\"name\":\"News EST LYONNAIS\",\"url\":\"https:\/\/newsestlyonnais.fr\/site\/\",\"logo\":{\"@type\":\"ImageObject\",\"inLanguage\":\"fr-FR\",\"@id\":\"https:\/\/newsestlyonnais.fr\/site\/#\/schema\/logo\/image\/\",\"url\":\"\",\"contentUrl\":\"\",\"caption\":\"News EST LYONNAIS\"},\"image\":{\"@id\":\"https:\/\/newsestlyonnais.fr\/site\/#\/schema\/logo\/image\/\"}},{\"@type\":\"Person\",\"@id\":\"https:\/\/newsestlyonnais.fr\/site\/#\/schema\/person\/3230d5615f390bb808365d673001e887\",\"name\":\"R\u00e9dac. NEWS\",\"sameAs\":[\"http:\/\/www.newsestlyonnais.fr\",\"https:\/\/www.facebook.com\/pascal.oberson.1?fref=ts\",\"https:\/\/fr.linkedin.com\/in\/pascal-oberson-b17045113\"],\"url\":\"https:\/\/newsestlyonnais.fr\/site\/author\/nel\/\"}]}<\/script>\n<!-- \/ Yoast SEO plugin. -->","yoast_head_json":{"title":"GENAS : Le FitDays MGEN, triathlon pour tous, de retour vendredi sur la place de la R\u00e9publique !","description":"GENAS : Le FitDays MGEN, triathlon pour tous, de retour vendredi sur la place de la R\u00e9publique !","robots":{"index":"index","follow":"follow","max-snippet":"max-snippet:-1","max-image-preview":"max-image-preview:large","max-video-preview":"max-video-preview:-1"},"canonical":"https:\/\/newsestlyonnais.fr\/site\/2017\/05\/18\/genas-le-fitdays-mgen-triathlon-pour-tous-de-retour-vendredi\/","og_locale":"fr_FR","og_type":"article","og_title":"GENAS : Le FitDays MGEN, triathlon pour tous, de retour vendredi sur la place de la R\u00e9publique !","og_description":"GENAS : Le FitDays MGEN, triathlon pour tous, de retour vendredi sur la place de la R\u00e9publique !","og_url":"https:\/\/newsestlyonnais.fr\/site\/2017\/05\/18\/genas-le-fitdays-mgen-triathlon-pour-tous-de-retour-vendredi\/","og_site_name":"News Est Lyonnais","article_author":"https:\/\/www.facebook.com\/pascal.oberson.1?fref=ts","article_published_time":"2017-05-18T05:52:46+00:00","article_modified_time":"2020-10-24T07:19:35+00:00","og_image":[{"width":1000,"height":750,"url":"https:\/\/i2.wp.com\/newsestlyonnais.fr\/site\/wp-content\/uploads\/2017\/05\/NEWSESTLYONNAIS-MGEN-TRI-GENAS.jpg?fit=1000%2C750&ssl=1","type":"image\/jpeg"}],"author":"R\u00e9dac. NEWS","twitter_card":"summary_large_image","twitter_misc":{"\u00c9crit par":"R\u00e9dac. NEWS","Dur\u00e9e de lecture estim\u00e9e":"2 minutes"},"schema":{"@context":"https:\/\/schema.org","@graph":[{"@type":"Article","@id":"https:\/\/newsestlyonnais.fr\/site\/2017\/05\/18\/genas-le-fitdays-mgen-triathlon-pour-tous-de-retour-vendredi\/#article","isPartOf":{"@id":"https:\/\/newsestlyonnais.fr\/site\/2017\/05\/18\/genas-le-fitdays-mgen-triathlon-pour-tous-de-retour-vendredi\/"},"author":{"name":"R\u00e9dac. NEWS","@id":"https:\/\/newsestlyonnais.fr\/site\/#\/schema\/person\/3230d5615f390bb808365d673001e887"},"headline":"GENAS | Le FitDays MGEN, triathlon pour tous, de retour vendredi","datePublished":"2017-05-18T05:52:46+00:00","dateModified":"2020-10-24T07:19:35+00:00","mainEntityOfPage":{"@id":"https:\/\/newsestlyonnais.fr\/site\/2017\/05\/18\/genas-le-fitdays-mgen-triathlon-pour-tous-de-retour-vendredi\/"},"wordCount":372,"commentCount":0,"publisher":{"@id":"https:\/\/newsestlyonnais.fr\/site\/#organization"},"image":{"@id":"https:\/\/newsestlyonnais.fr\/site\/2017\/05\/18\/genas-le-fitdays-mgen-triathlon-pour-tous-de-retour-vendredi\/#primaryimage"},"thumbnailUrl":"https:\/\/newsestlyonnais.fr\/site\/wp-content\/uploads\/2017\/05\/NEWSESTLYONNAIS-MGEN-TRI-GENAS.jpg","articleSection":["CCEL | Communes","Enfance | Jeunesse","Genas","Natation | Triathlon","Triathlon"],"inLanguage":"fr-FR","potentialAction":[{"@type":"CommentAction","name":"Comment","target":["https:\/\/newsestlyonnais.fr\/site\/2017\/05\/18\/genas-le-fitdays-mgen-triathlon-pour-tous-de-retour-vendredi\/#respond"]}]},{"@type":"WebPage","@id":"https:\/\/newsestlyonnais.fr\/site\/2017\/05\/18\/genas-le-fitdays-mgen-triathlon-pour-tous-de-retour-vendredi\/","url":"https:\/\/newsestlyonnais.fr\/site\/2017\/05\/18\/genas-le-fitdays-mgen-triathlon-pour-tous-de-retour-vendredi\/","name":"GENAS : Le FitDays MGEN, triathlon pour tous, de retour vendredi sur la place de la R\u00e9publique !","isPartOf":{"@id":"https:\/\/newsestlyonnais.fr\/site\/#website"},"primaryImageOfPage":{"@id":"https:\/\/newsestlyonnais.fr\/site\/2017\/05\/18\/genas-le-fitdays-mgen-triathlon-pour-tous-de-retour-vendredi\/#primaryimage"},"image":{"@id":"https:\/\/newsestlyonnais.fr\/site\/2017\/05\/18\/genas-le-fitdays-mgen-triathlon-pour-tous-de-retour-vendredi\/#primaryimage"},"thumbnailUrl":"https:\/\/newsestlyonnais.fr\/site\/wp-content\/uploads\/2017\/05\/NEWSESTLYONNAIS-MGEN-TRI-GENAS.jpg","datePublished":"2017-05-18T05:52:46+00:00","dateModified":"2020-10-24T07:19:35+00:00","description":"GENAS : Le FitDays MGEN, triathlon pour tous, de retour vendredi sur la place de la R\u00e9publique !","breadcrumb":{"@id":"https:\/\/newsestlyonnais.fr\/site\/2017\/05\/18\/genas-le-fitdays-mgen-triathlon-pour-tous-de-retour-vendredi\/#breadcrumb"},"inLanguage":"fr-FR","potentialAction":[{"@type":"ReadAction","target":["https:\/\/newsestlyonnais.fr\/site\/2017\/05\/18\/genas-le-fitdays-mgen-triathlon-pour-tous-de-retour-vendredi\/"]}]},{"@type":"ImageObject","inLanguage":"fr-FR","@id":"https:\/\/newsestlyonnais.fr\/site\/2017\/05\/18\/genas-le-fitdays-mgen-triathlon-pour-tous-de-retour-vendredi\/#primaryimage","url":"https:\/\/newsestlyonnais.fr\/site\/wp-content\/uploads\/2017\/05\/NEWSESTLYONNAIS-MGEN-TRI-GENAS.jpg","contentUrl":"https:\/\/newsestlyonnais.fr\/site\/wp-content\/uploads\/2017\/05\/NEWSESTLYONNAIS-MGEN-TRI-GENAS.jpg","width":1000,"height":750,"caption":"NEWSESTLYONNAIS MGEN TRI GENAS"},{"@type":"BreadcrumbList","@id":"https:\/\/newsestlyonnais.fr\/site\/2017\/05\/18\/genas-le-fitdays-mgen-triathlon-pour-tous-de-retour-vendredi\/#breadcrumb","itemListElement":[{"@type":"ListItem","position":1,"name":"Accueil","item":"https:\/\/newsestlyonnais.fr\/site\/"},{"@type":"ListItem","position":2,"name":"GENAS | Le FitDays MGEN, triathlon pour tous, de retour vendredi"}]},{"@type":"WebSite","@id":"https:\/\/newsestlyonnais.fr\/site\/#website","url":"https:\/\/newsestlyonnais.fr\/site\/","name":"News Est Lyonnais","description":"L&#039;actualit\u00e9 au plus pr\u00e8s","publisher":{"@id":"https:\/\/newsestlyonnais.fr\/site\/#organization"},"potentialAction":[{"@type":"SearchAction","target":{"@type":"EntryPoint","urlTemplate":"https:\/\/newsestlyonnais.fr\/site\/?s={search_term_string}"},"query-input":{"@type":"PropertyValueSpecification","valueRequired":true,"valueName":"search_term_string"}}],"inLanguage":"fr-FR"},{"@type":"Organization","@id":"https:\/\/newsestlyonnais.fr\/site\/#organization","name":"News EST LYONNAIS","url":"https:\/\/newsestlyonnais.fr\/site\/","logo":{"@type":"ImageObject","inLanguage":"fr-FR","@id":"https:\/\/newsestlyonnais.fr\/site\/#\/schema\/logo\/image\/","url":"","contentUrl":"","caption":"News EST LYONNAIS"},"image":{"@id":"https:\/\/newsestlyonnais.fr\/site\/#\/schema\/logo\/image\/"}},{"@type":"Person","@id":"https:\/\/newsestlyonnais.fr\/site\/#\/schema\/person\/3230d5615f390bb808365d673001e887","name":"R\u00e9dac. NEWS","sameAs":["http:\/\/www.newsestlyonnais.fr","https:\/\/www.facebook.com\/pascal.oberson.1?fref=ts","https:\/\/fr.linkedin.com\/in\/pascal-oberson-b17045113"],"url":"https:\/\/newsestlyonnais.fr\/site\/author\/nel\/"}]}},"_links":{"self":[{"href":"https:\/\/newsestlyonnais.fr\/site\/wp-json\/wp\/v2\/posts\/26892","targetHints":{"allow":["GET"]}}],"collection":[{"href":"https:\/\/newsestlyonnais.fr\/site\/wp-json\/wp\/v2\/posts"}],"about":[{"href":"https:\/\/newsestlyonnais.fr\/site\/wp-json\/wp\/v2\/types\/post"}],"author":[{"embeddable":true,"href":"https:\/\/newsestlyonnais.fr\/site\/wp-json\/wp\/v2\/users\/4"}],"replies":[{"embeddable":true,"href":"https:\/\/newsestlyonnais.fr\/site\/wp-json\/wp\/v2\/comments?post=26892"}],"version-history":[{"count":0,"href":"https:\/\/newsestlyonnais.fr\/site\/wp-json\/wp\/v2\/posts\/26892\/revisions"}],"wp:featuredmedia":[{"embeddable":true,"href":"https:\/\/newsestlyonnais.fr\/site\/wp-json\/wp\/v2\/media\/26895"}],"wp:attachment":[{"href":"https:\/\/newsestlyonnais.fr\/site\/wp-json\/wp\/v2\/media?parent=26892"}],"wp:term":[{"taxonomy":"category","embeddable":true,"href":"https:\/\/newsestlyonnais.fr\/site\/wp-json\/wp\/v2\/categories?post=26892"},{"taxonomy":"post_tag","embeddable":true,"href":"https:\/\/newsestlyonnais.fr\/site\/wp-json\/wp\/v2\/tags?post=26892"}],"curies":[{"name":"wp","href":"https:\/\/api.w.org\/{rel}","templated":true}]}}