{"id":26937,"date":"2017-05-19T06:12:42","date_gmt":"2017-05-19T05:12:42","guid":{"rendered":"http:\/\/newsestlyonnais.fr\/site\/?p=26937"},"modified":"2020-11-09T16:15:57","modified_gmt":"2020-11-09T15:15:57","slug":"villeurbanne-24-heures-de-linsa-3-jours-de-concerts-animations-et-courses-a-la-doua","status":"publish","type":"post","link":"https:\/\/newsestlyonnais.fr\/site\/2017\/05\/19\/villeurbanne-24-heures-de-linsa-3-jours-de-concerts-animations-et-courses-a-la-doua\/","title":{"rendered":"VILLEURBANNE | 24 heures de l\u2019INSA > 3 jours de concerts, animations, courses \u00e0 La Doua !"},"content":{"rendered":"<h4>La 43\u00b0 \u00e9dition des 24 heures de l\u2019INSA, manifestation devenue aujourd\u2019hui\u00a0<strong>le plus grand festival \u00e9tudiant de France<\/strong> d\u00e9marre ce vendredi 19 mai et se poursuivra jusqu&rsquo;\u00e0 dimanche.<\/h4>\n<p>Une organisation du <strong>club des 24 heures de l\u2019INSA<\/strong>, association loi 1901 g\u00e9r\u00e9e par des \u00e9tudiants de l\u2019INSA Lyon et de la r\u00e9gion lyonnaise.<\/p>\n<p>Suite \u00e0 un pari que se sont lanc\u00e9s 2 insaliens en 1972, 2 groupes d\u2019\u00e9tudiants ont d\u00e9cid\u00e9 de tourner en bicyclette autour des r\u00e9sidences A et B pendant 24 heures. Une tradition est n\u00e9e et, plus de 40 ans apr\u00e8s, des \u00e9tudiants tournent toujours en v\u00e9lo, pendant 24 heures, sur le campus !<\/p>\n<p>Au programme de cette cuv\u00e9e 2017:<\/p>\n<ul>\n<li><span style=\"text-decoration: underline\"><strong>Des concerts toute la soir\u00e9<\/strong><\/span>e: Amateurs de bon son ? Rendez-vous le soir \u00e0 partir de 19 h et jusqu&rsquo;\u00e0 4 h du matin devant les 2 sc\u00e8nes pour 2 nuits enti\u00e8res de concerts.<\/li>\n<li><span style=\"text-decoration: underline\"><strong>Des animations 100 % gratuites<\/strong><\/span>: Toute la journ\u00e9e, durant tout le week-end, profitez gratuitement d&rsquo;une soixantaine d&rsquo;animations.<\/li>\n<li><span style=\"text-decoration: underline\"><em><strong>Des courses qui durent 24 heures !<\/strong><\/em><\/span> Que serait le festival sans ses c\u00e9l\u00e8bres 24 heures de courses ? Seul ou en \u00e9quipe, \u00e0 pied ou \u00e0 v\u00e9lo, c&rsquo;est l&rsquo;occasion r\u00eav\u00e9e de d\u00e9fier vos amis. Inscrivez-vous vite !<\/li>\n<\/ul>\n<h4>\u00a0Plus d&rsquo;infos sur: <a href=\"https:\/\/www.24heures.org\" target=\"_blank\" rel=\"noopener noreferrer\">https:\/\/www.24heures.org<\/a><\/h4>\n","protected":false},"excerpt":{"rendered":"<p>La 43\u00b0 \u00e9dition des 24 heures de l\u2019INSA, manifestation devenue aujourd\u2019hui\u00a0le plus grand festival \u00e9tudiant de France d\u00e9marre ce vendredi 19 mai et se poursuivra jusqu&rsquo;\u00e0 dimanche. Une organisation du club des 24 heures de l\u2019INSA, association loi 1901 g\u00e9r\u00e9e par des \u00e9tudiants de l\u2019INSA Lyon et de la r\u00e9gion lyonnaise. Suite \u00e0 un pari [&hellip;]<\/p>\n","protected":false},"author":4,"featured_media":26114,"comment_status":"open","ping_status":"open","sticky":false,"template":"","format":"standard","meta":{"footnotes":""},"categories":[166,171,3330,3006,2,29],"tags":[],"class_list":["post-26937","post","type-post","status-publish","format-standard","has-post-thumbnail","hentry","category-divers-sports","category-enfance-jeunesse","category-mode-spectacle","category-musique-danse-humour","category-sports","category-villeurbanne"],"yoast_head":"<!-- This site is optimized with the Yoast SEO plugin v27.2 - https:\/\/yoast.com\/product\/yoast-seo-wordpress\/ -->\n<title>VILLEURBANNE : 24 heures de l\u2019INSA: 3 jours de concerts, animations et courses \u00e0 La Doua !<\/title>\n<meta name=\"description\" content=\"VILLEURBANNE : 24 heures de l\u2019INSA: 3 jours de concerts, animations et courses \u00e0 La Doua !\" \/>\n<meta name=\"robots\" content=\"index, follow, max-snippet:-1, max-image-preview:large, max-video-preview:-1\" \/>\n<link rel=\"canonical\" href=\"https:\/\/newsestlyonnais.fr\/site\/2017\/05\/19\/villeurbanne-24-heures-de-linsa-3-jours-de-concerts-animations-et-courses-a-la-doua\/\" \/>\n<meta property=\"og:locale\" content=\"fr_FR\" \/>\n<meta property=\"og:type\" content=\"article\" \/>\n<meta property=\"og:title\" content=\"VILLEURBANNE : 24 heures de l\u2019INSA: 3 jours de concerts, animations et courses \u00e0 La Doua !\" \/>\n<meta property=\"og:description\" content=\"VILLEURBANNE : 24 heures de l\u2019INSA: 3 jours de concerts, animations et courses \u00e0 La Doua !\" \/>\n<meta property=\"og:url\" content=\"https:\/\/newsestlyonnais.fr\/site\/2017\/05\/19\/villeurbanne-24-heures-de-linsa-3-jours-de-concerts-animations-et-courses-a-la-doua\/\" \/>\n<meta property=\"og:site_name\" content=\"News Est Lyonnais\" \/>\n<meta property=\"article:author\" content=\"https:\/\/www.facebook.com\/pascal.oberson.1?fref=ts\" \/>\n<meta property=\"article:published_time\" content=\"2017-05-19T05:12:42+00:00\" \/>\n<meta property=\"article:modified_time\" content=\"2020-11-09T15:15:57+00:00\" \/>\n<meta property=\"og:image\" content=\"https:\/\/i0.wp.com\/newsestlyonnais.fr\/site\/wp-content\/uploads\/2017\/05\/NEWSESTLYONNAIS-24-H-INSA-2017.jpg?fit=1000%2C750&ssl=1\" \/>\n\t<meta property=\"og:image:width\" content=\"1000\" \/>\n\t<meta property=\"og:image:height\" content=\"750\" \/>\n\t<meta property=\"og:image:type\" content=\"image\/jpeg\" \/>\n<meta name=\"author\" content=\"R\u00e9dac. NEWS\" \/>\n<meta name=\"twitter:card\" content=\"summary_large_image\" \/>\n<meta name=\"twitter:label1\" content=\"\u00c9crit par\" \/>\n\t<meta name=\"twitter:data1\" content=\"R\u00e9dac. NEWS\" \/>\n\t<meta name=\"twitter:label2\" content=\"Dur\u00e9e de lecture estim\u00e9e\" \/>\n\t<meta name=\"twitter:data2\" content=\"1 minute\" \/>\n<script type=\"application\/ld+json\" class=\"yoast-schema-graph\">{\"@context\":\"https:\/\/schema.org\",\"@graph\":[{\"@type\":\"Article\",\"@id\":\"https:\/\/newsestlyonnais.fr\/site\/2017\/05\/19\/villeurbanne-24-heures-de-linsa-3-jours-de-concerts-animations-et-courses-a-la-doua\/#article\",\"isPartOf\":{\"@id\":\"https:\/\/newsestlyonnais.fr\/site\/2017\/05\/19\/villeurbanne-24-heures-de-linsa-3-jours-de-concerts-animations-et-courses-a-la-doua\/\"},\"author\":{\"name\":\"R\u00e9dac. NEWS\",\"@id\":\"https:\/\/newsestlyonnais.fr\/site\/#\/schema\/person\/3230d5615f390bb808365d673001e887\"},\"headline\":\"VILLEURBANNE | 24 heures de l\u2019INSA > 3 jours de concerts, animations, courses \u00e0 La Doua !\",\"datePublished\":\"2017-05-19T05:12:42+00:00\",\"dateModified\":\"2020-11-09T15:15:57+00:00\",\"mainEntityOfPage\":{\"@id\":\"https:\/\/newsestlyonnais.fr\/site\/2017\/05\/19\/villeurbanne-24-heures-de-linsa-3-jours-de-concerts-animations-et-courses-a-la-doua\/\"},\"wordCount\":221,\"commentCount\":0,\"publisher\":{\"@id\":\"https:\/\/newsestlyonnais.fr\/site\/#organization\"},\"image\":{\"@id\":\"https:\/\/newsestlyonnais.fr\/site\/2017\/05\/19\/villeurbanne-24-heures-de-linsa-3-jours-de-concerts-animations-et-courses-a-la-doua\/#primaryimage\"},\"thumbnailUrl\":\"https:\/\/newsestlyonnais.fr\/site\/wp-content\/uploads\/2017\/05\/NEWSESTLYONNAIS-24-H-INSA-2017.jpg\",\"articleSection\":[\"Divers Sports\",\"Enfance | Jeunesse\",\"Mode | Spectacle\",\"Musique | Danse | Humour\",\"Sports\",\"Villeurbanne\"],\"inLanguage\":\"fr-FR\",\"potentialAction\":[{\"@type\":\"CommentAction\",\"name\":\"Comment\",\"target\":[\"https:\/\/newsestlyonnais.fr\/site\/2017\/05\/19\/villeurbanne-24-heures-de-linsa-3-jours-de-concerts-animations-et-courses-a-la-doua\/#respond\"]}]},{\"@type\":\"WebPage\",\"@id\":\"https:\/\/newsestlyonnais.fr\/site\/2017\/05\/19\/villeurbanne-24-heures-de-linsa-3-jours-de-concerts-animations-et-courses-a-la-doua\/\",\"url\":\"https:\/\/newsestlyonnais.fr\/site\/2017\/05\/19\/villeurbanne-24-heures-de-linsa-3-jours-de-concerts-animations-et-courses-a-la-doua\/\",\"name\":\"VILLEURBANNE : 24 heures de l\u2019INSA: 3 jours de concerts, animations et courses \u00e0 La Doua !\",\"isPartOf\":{\"@id\":\"https:\/\/newsestlyonnais.fr\/site\/#website\"},\"primaryImageOfPage\":{\"@id\":\"https:\/\/newsestlyonnais.fr\/site\/2017\/05\/19\/villeurbanne-24-heures-de-linsa-3-jours-de-concerts-animations-et-courses-a-la-doua\/#primaryimage\"},\"image\":{\"@id\":\"https:\/\/newsestlyonnais.fr\/site\/2017\/05\/19\/villeurbanne-24-heures-de-linsa-3-jours-de-concerts-animations-et-courses-a-la-doua\/#primaryimage\"},\"thumbnailUrl\":\"https:\/\/newsestlyonnais.fr\/site\/wp-content\/uploads\/2017\/05\/NEWSESTLYONNAIS-24-H-INSA-2017.jpg\",\"datePublished\":\"2017-05-19T05:12:42+00:00\",\"dateModified\":\"2020-11-09T15:15:57+00:00\",\"description\":\"VILLEURBANNE : 24 heures de l\u2019INSA: 3 jours de concerts, animations et courses \u00e0 La Doua !\",\"breadcrumb\":{\"@id\":\"https:\/\/newsestlyonnais.fr\/site\/2017\/05\/19\/villeurbanne-24-heures-de-linsa-3-jours-de-concerts-animations-et-courses-a-la-doua\/#breadcrumb\"},\"inLanguage\":\"fr-FR\",\"potentialAction\":[{\"@type\":\"ReadAction\",\"target\":[\"https:\/\/newsestlyonnais.fr\/site\/2017\/05\/19\/villeurbanne-24-heures-de-linsa-3-jours-de-concerts-animations-et-courses-a-la-doua\/\"]}]},{\"@type\":\"ImageObject\",\"inLanguage\":\"fr-FR\",\"@id\":\"https:\/\/newsestlyonnais.fr\/site\/2017\/05\/19\/villeurbanne-24-heures-de-linsa-3-jours-de-concerts-animations-et-courses-a-la-doua\/#primaryimage\",\"url\":\"https:\/\/newsestlyonnais.fr\/site\/wp-content\/uploads\/2017\/05\/NEWSESTLYONNAIS-24-H-INSA-2017.jpg\",\"contentUrl\":\"https:\/\/newsestlyonnais.fr\/site\/wp-content\/uploads\/2017\/05\/NEWSESTLYONNAIS-24-H-INSA-2017.jpg\",\"width\":1000,\"height\":750,\"caption\":\"NEWSESTLYONNAIS - 24 H INSA 2017\"},{\"@type\":\"BreadcrumbList\",\"@id\":\"https:\/\/newsestlyonnais.fr\/site\/2017\/05\/19\/villeurbanne-24-heures-de-linsa-3-jours-de-concerts-animations-et-courses-a-la-doua\/#breadcrumb\",\"itemListElement\":[{\"@type\":\"ListItem\",\"position\":1,\"name\":\"Accueil\",\"item\":\"https:\/\/newsestlyonnais.fr\/site\/\"},{\"@type\":\"ListItem\",\"position\":2,\"name\":\"VILLEURBANNE | 24 heures de l\u2019INSA > 3 jours de concerts, animations, courses \u00e0 La Doua !\"}]},{\"@type\":\"WebSite\",\"@id\":\"https:\/\/newsestlyonnais.fr\/site\/#website\",\"url\":\"https:\/\/newsestlyonnais.fr\/site\/\",\"name\":\"News Est Lyonnais\",\"description\":\"L&#039;actualit\u00e9 au plus pr\u00e8s\",\"publisher\":{\"@id\":\"https:\/\/newsestlyonnais.fr\/site\/#organization\"},\"potentialAction\":[{\"@type\":\"SearchAction\",\"target\":{\"@type\":\"EntryPoint\",\"urlTemplate\":\"https:\/\/newsestlyonnais.fr\/site\/?s={search_term_string}\"},\"query-input\":{\"@type\":\"PropertyValueSpecification\",\"valueRequired\":true,\"valueName\":\"search_term_string\"}}],\"inLanguage\":\"fr-FR\"},{\"@type\":\"Organization\",\"@id\":\"https:\/\/newsestlyonnais.fr\/site\/#organization\",\"name\":\"News EST LYONNAIS\",\"url\":\"https:\/\/newsestlyonnais.fr\/site\/\",\"logo\":{\"@type\":\"ImageObject\",\"inLanguage\":\"fr-FR\",\"@id\":\"https:\/\/newsestlyonnais.fr\/site\/#\/schema\/logo\/image\/\",\"url\":\"\",\"contentUrl\":\"\",\"caption\":\"News EST LYONNAIS\"},\"image\":{\"@id\":\"https:\/\/newsestlyonnais.fr\/site\/#\/schema\/logo\/image\/\"}},{\"@type\":\"Person\",\"@id\":\"https:\/\/newsestlyonnais.fr\/site\/#\/schema\/person\/3230d5615f390bb808365d673001e887\",\"name\":\"R\u00e9dac. NEWS\",\"sameAs\":[\"http:\/\/www.newsestlyonnais.fr\",\"https:\/\/www.facebook.com\/pascal.oberson.1?fref=ts\",\"https:\/\/fr.linkedin.com\/in\/pascal-oberson-b17045113\"],\"url\":\"https:\/\/newsestlyonnais.fr\/site\/author\/nel\/\"}]}<\/script>\n<!-- \/ Yoast SEO plugin. -->","yoast_head_json":{"title":"VILLEURBANNE : 24 heures de l\u2019INSA: 3 jours de concerts, animations et courses \u00e0 La Doua !","description":"VILLEURBANNE : 24 heures de l\u2019INSA: 3 jours de concerts, animations et courses \u00e0 La Doua !","robots":{"index":"index","follow":"follow","max-snippet":"max-snippet:-1","max-image-preview":"max-image-preview:large","max-video-preview":"max-video-preview:-1"},"canonical":"https:\/\/newsestlyonnais.fr\/site\/2017\/05\/19\/villeurbanne-24-heures-de-linsa-3-jours-de-concerts-animations-et-courses-a-la-doua\/","og_locale":"fr_FR","og_type":"article","og_title":"VILLEURBANNE : 24 heures de l\u2019INSA: 3 jours de concerts, animations et courses \u00e0 La Doua !","og_description":"VILLEURBANNE : 24 heures de l\u2019INSA: 3 jours de concerts, animations et courses \u00e0 La Doua !","og_url":"https:\/\/newsestlyonnais.fr\/site\/2017\/05\/19\/villeurbanne-24-heures-de-linsa-3-jours-de-concerts-animations-et-courses-a-la-doua\/","og_site_name":"News Est Lyonnais","article_author":"https:\/\/www.facebook.com\/pascal.oberson.1?fref=ts","article_published_time":"2017-05-19T05:12:42+00:00","article_modified_time":"2020-11-09T15:15:57+00:00","og_image":[{"width":1000,"height":750,"url":"https:\/\/i0.wp.com\/newsestlyonnais.fr\/site\/wp-content\/uploads\/2017\/05\/NEWSESTLYONNAIS-24-H-INSA-2017.jpg?fit=1000%2C750&ssl=1","type":"image\/jpeg"}],"author":"R\u00e9dac. NEWS","twitter_card":"summary_large_image","twitter_misc":{"\u00c9crit par":"R\u00e9dac. NEWS","Dur\u00e9e de lecture estim\u00e9e":"1 minute"},"schema":{"@context":"https:\/\/schema.org","@graph":[{"@type":"Article","@id":"https:\/\/newsestlyonnais.fr\/site\/2017\/05\/19\/villeurbanne-24-heures-de-linsa-3-jours-de-concerts-animations-et-courses-a-la-doua\/#article","isPartOf":{"@id":"https:\/\/newsestlyonnais.fr\/site\/2017\/05\/19\/villeurbanne-24-heures-de-linsa-3-jours-de-concerts-animations-et-courses-a-la-doua\/"},"author":{"name":"R\u00e9dac. NEWS","@id":"https:\/\/newsestlyonnais.fr\/site\/#\/schema\/person\/3230d5615f390bb808365d673001e887"},"headline":"VILLEURBANNE | 24 heures de l\u2019INSA > 3 jours de concerts, animations, courses \u00e0 La Doua !","datePublished":"2017-05-19T05:12:42+00:00","dateModified":"2020-11-09T15:15:57+00:00","mainEntityOfPage":{"@id":"https:\/\/newsestlyonnais.fr\/site\/2017\/05\/19\/villeurbanne-24-heures-de-linsa-3-jours-de-concerts-animations-et-courses-a-la-doua\/"},"wordCount":221,"commentCount":0,"publisher":{"@id":"https:\/\/newsestlyonnais.fr\/site\/#organization"},"image":{"@id":"https:\/\/newsestlyonnais.fr\/site\/2017\/05\/19\/villeurbanne-24-heures-de-linsa-3-jours-de-concerts-animations-et-courses-a-la-doua\/#primaryimage"},"thumbnailUrl":"https:\/\/newsestlyonnais.fr\/site\/wp-content\/uploads\/2017\/05\/NEWSESTLYONNAIS-24-H-INSA-2017.jpg","articleSection":["Divers Sports","Enfance | Jeunesse","Mode | Spectacle","Musique | Danse | Humour","Sports","Villeurbanne"],"inLanguage":"fr-FR","potentialAction":[{"@type":"CommentAction","name":"Comment","target":["https:\/\/newsestlyonnais.fr\/site\/2017\/05\/19\/villeurbanne-24-heures-de-linsa-3-jours-de-concerts-animations-et-courses-a-la-doua\/#respond"]}]},{"@type":"WebPage","@id":"https:\/\/newsestlyonnais.fr\/site\/2017\/05\/19\/villeurbanne-24-heures-de-linsa-3-jours-de-concerts-animations-et-courses-a-la-doua\/","url":"https:\/\/newsestlyonnais.fr\/site\/2017\/05\/19\/villeurbanne-24-heures-de-linsa-3-jours-de-concerts-animations-et-courses-a-la-doua\/","name":"VILLEURBANNE : 24 heures de l\u2019INSA: 3 jours de concerts, animations et courses \u00e0 La Doua !","isPartOf":{"@id":"https:\/\/newsestlyonnais.fr\/site\/#website"},"primaryImageOfPage":{"@id":"https:\/\/newsestlyonnais.fr\/site\/2017\/05\/19\/villeurbanne-24-heures-de-linsa-3-jours-de-concerts-animations-et-courses-a-la-doua\/#primaryimage"},"image":{"@id":"https:\/\/newsestlyonnais.fr\/site\/2017\/05\/19\/villeurbanne-24-heures-de-linsa-3-jours-de-concerts-animations-et-courses-a-la-doua\/#primaryimage"},"thumbnailUrl":"https:\/\/newsestlyonnais.fr\/site\/wp-content\/uploads\/2017\/05\/NEWSESTLYONNAIS-24-H-INSA-2017.jpg","datePublished":"2017-05-19T05:12:42+00:00","dateModified":"2020-11-09T15:15:57+00:00","description":"VILLEURBANNE : 24 heures de l\u2019INSA: 3 jours de concerts, animations et courses \u00e0 La Doua !","breadcrumb":{"@id":"https:\/\/newsestlyonnais.fr\/site\/2017\/05\/19\/villeurbanne-24-heures-de-linsa-3-jours-de-concerts-animations-et-courses-a-la-doua\/#breadcrumb"},"inLanguage":"fr-FR","potentialAction":[{"@type":"ReadAction","target":["https:\/\/newsestlyonnais.fr\/site\/2017\/05\/19\/villeurbanne-24-heures-de-linsa-3-jours-de-concerts-animations-et-courses-a-la-doua\/"]}]},{"@type":"ImageObject","inLanguage":"fr-FR","@id":"https:\/\/newsestlyonnais.fr\/site\/2017\/05\/19\/villeurbanne-24-heures-de-linsa-3-jours-de-concerts-animations-et-courses-a-la-doua\/#primaryimage","url":"https:\/\/newsestlyonnais.fr\/site\/wp-content\/uploads\/2017\/05\/NEWSESTLYONNAIS-24-H-INSA-2017.jpg","contentUrl":"https:\/\/newsestlyonnais.fr\/site\/wp-content\/uploads\/2017\/05\/NEWSESTLYONNAIS-24-H-INSA-2017.jpg","width":1000,"height":750,"caption":"NEWSESTLYONNAIS - 24 H INSA 2017"},{"@type":"BreadcrumbList","@id":"https:\/\/newsestlyonnais.fr\/site\/2017\/05\/19\/villeurbanne-24-heures-de-linsa-3-jours-de-concerts-animations-et-courses-a-la-doua\/#breadcrumb","itemListElement":[{"@type":"ListItem","position":1,"name":"Accueil","item":"https:\/\/newsestlyonnais.fr\/site\/"},{"@type":"ListItem","position":2,"name":"VILLEURBANNE | 24 heures de l\u2019INSA > 3 jours de concerts, animations, courses \u00e0 La Doua !"}]},{"@type":"WebSite","@id":"https:\/\/newsestlyonnais.fr\/site\/#website","url":"https:\/\/newsestlyonnais.fr\/site\/","name":"News Est Lyonnais","description":"L&#039;actualit\u00e9 au plus pr\u00e8s","publisher":{"@id":"https:\/\/newsestlyonnais.fr\/site\/#organization"},"potentialAction":[{"@type":"SearchAction","target":{"@type":"EntryPoint","urlTemplate":"https:\/\/newsestlyonnais.fr\/site\/?s={search_term_string}"},"query-input":{"@type":"PropertyValueSpecification","valueRequired":true,"valueName":"search_term_string"}}],"inLanguage":"fr-FR"},{"@type":"Organization","@id":"https:\/\/newsestlyonnais.fr\/site\/#organization","name":"News EST LYONNAIS","url":"https:\/\/newsestlyonnais.fr\/site\/","logo":{"@type":"ImageObject","inLanguage":"fr-FR","@id":"https:\/\/newsestlyonnais.fr\/site\/#\/schema\/logo\/image\/","url":"","contentUrl":"","caption":"News EST LYONNAIS"},"image":{"@id":"https:\/\/newsestlyonnais.fr\/site\/#\/schema\/logo\/image\/"}},{"@type":"Person","@id":"https:\/\/newsestlyonnais.fr\/site\/#\/schema\/person\/3230d5615f390bb808365d673001e887","name":"R\u00e9dac. NEWS","sameAs":["http:\/\/www.newsestlyonnais.fr","https:\/\/www.facebook.com\/pascal.oberson.1?fref=ts","https:\/\/fr.linkedin.com\/in\/pascal-oberson-b17045113"],"url":"https:\/\/newsestlyonnais.fr\/site\/author\/nel\/"}]}},"_links":{"self":[{"href":"https:\/\/newsestlyonnais.fr\/site\/wp-json\/wp\/v2\/posts\/26937","targetHints":{"allow":["GET"]}}],"collection":[{"href":"https:\/\/newsestlyonnais.fr\/site\/wp-json\/wp\/v2\/posts"}],"about":[{"href":"https:\/\/newsestlyonnais.fr\/site\/wp-json\/wp\/v2\/types\/post"}],"author":[{"embeddable":true,"href":"https:\/\/newsestlyonnais.fr\/site\/wp-json\/wp\/v2\/users\/4"}],"replies":[{"embeddable":true,"href":"https:\/\/newsestlyonnais.fr\/site\/wp-json\/wp\/v2\/comments?post=26937"}],"version-history":[{"count":0,"href":"https:\/\/newsestlyonnais.fr\/site\/wp-json\/wp\/v2\/posts\/26937\/revisions"}],"wp:featuredmedia":[{"embeddable":true,"href":"https:\/\/newsestlyonnais.fr\/site\/wp-json\/wp\/v2\/media\/26114"}],"wp:attachment":[{"href":"https:\/\/newsestlyonnais.fr\/site\/wp-json\/wp\/v2\/media?parent=26937"}],"wp:term":[{"taxonomy":"category","embeddable":true,"href":"https:\/\/newsestlyonnais.fr\/site\/wp-json\/wp\/v2\/categories?post=26937"},{"taxonomy":"post_tag","embeddable":true,"href":"https:\/\/newsestlyonnais.fr\/site\/wp-json\/wp\/v2\/tags?post=26937"}],"curies":[{"name":"wp","href":"https:\/\/api.w.org\/{rel}","templated":true}]}}