{"id":27033,"date":"2017-05-20T06:12:53","date_gmt":"2017-05-20T05:12:53","guid":{"rendered":"http:\/\/newsestlyonnais.fr\/site\/?p=27033"},"modified":"2020-11-08T20:51:11","modified_gmt":"2020-11-08T19:51:11","slug":"genas-288-enfants-et-34-parents-a-letape-du-fitdays-mgen-de-triathlon","status":"publish","type":"post","link":"https:\/\/newsestlyonnais.fr\/site\/2017\/05\/20\/genas-288-enfants-et-34-parents-a-letape-du-fitdays-mgen-de-triathlon\/","title":{"rendered":"GENAS | 288 enfants et 34 parents \u00e0 l&rsquo;\u00e9tape du FitDays Mgen de triathlon"},"content":{"rendered":"<h4>La 5\u00b0 \u00e9tape du FitDays Men 2017 de triathlon, se d\u00e9roulait ce vendredi sur la Place de la R\u00e9publique.<\/h4>\n<p>Une \u00e9preuve qui avait lieu pour la 2\u00b0 ann\u00e9e cons\u00e9cutive sur la commune et dont le d\u00e9part a finalement pu \u00eatre donn\u00e9 malgr\u00e9 une m\u00e9t\u00e9o pluvieuse et capricieuse rencontr\u00e9e.<\/p>\n<p>Cette manifestation sportive a permis \u00e0 288 enfants de s\u2019initier au triathlon mais aussi de participer \u00e0 de nombreux ateliers autour du th\u00e8me de la sant\u00e9, du mieux manger, mieux bouger, mieux collecter.<\/p>\n<p>Gr\u00e2ce au March\u00e9 de Gros de Lyon Corbas, les enfants mais aussi les 34 parents qui ont particip\u00e9 au Relais Aquathlon des Familles ont pu se ravitailler avec des fruits frais que la quarantaine de b\u00e9n\u00e9voles de la MGEN et de l\u2019\u00e9quipe du FitDays ont d\u00e9coup\u00e9 tout au long du week-end.<\/p>\n<p>____________________________________________________________________________<\/p>\n<p><strong>10 enfants de Genas ont \u00e9t\u00e9 s\u00e9lectionn\u00e9s pour participer le 10 juin prochain \u00e0 la finale r\u00e9gionale de Bourgoin-Jallieu : <\/strong>Sandra Evrard, Antonin Lesecq, Jian Lubin, Salma &amp; Saad El Boumyaoui, Louann Darsel, Robin &amp; Chiara Huron, No\u00e9mie Flores et Clara Schwartz.<\/p>\n<p>Ils rencontreront les enfants s\u00e9lectionn\u00e9s au Puy-en-Velay, \u00e0 C\u00e9bazat, Lyon, Andr\u00e9zieux-Bouth\u00e9on, Vif et Bourgoin-Jallieu.<\/p>\n<p>Les distances varieront en fonction des cat\u00e9gories d\u2019\u00e2ge et le meilleur de chaque ann\u00e9e d\u2019\u00e2ge et sexe sera retenu pour la <strong><em>finale nationale du 12 juillet \u00e0 Montpellier.<\/em><\/strong><\/p>\n<p>_____________________________________________________________________________<\/p>\n<ul>\n<li style=\"list-style-type: none\">\n<ul>\n<li>Plus d\u2019infos sur: <a href=\"http:\/\/www.fitdays.fr\/concept.php\" target=\"_blank\" rel=\"noopener noreferrer\">http:\/\/www.fitdays.fr\/concept.php<\/a><\/li>\n<li><span style=\"text-decoration: underline\"><strong>RETOUR EN IMAGES SUR CET EVENEMENT:<\/strong><\/span><\/li>\n<\/ul>\n<\/li>\n<li><div id='gallery-1' class='gallery galleryid-27033 gallery-columns-3 gallery-size-thumbnail'><figure class='gallery-item'>\n\t\t\t<div class='gallery-icon landscape'>\n\t\t\t\t<a href='https:\/\/newsestlyonnais.fr\/site\/2017\/05\/20\/genas-288-enfants-et-34-parents-a-letape-du-fitdays-mgen-de-triathlon\/newsestlyonnais-briefinf-enfants\/'><img loading=\"lazy\" decoding=\"async\" width=\"150\" height=\"150\" src=\"https:\/\/newsestlyonnais.fr\/site\/wp-content\/uploads\/2017\/05\/NEWSESTLYONNAIS-BRIEFINF-ENFANTS-150x150.jpg\" class=\"attachment-thumbnail size-thumbnail\" alt=\"NEWSESTLYONNAIS - BRIEFINF ENFANTS\" aria-describedby=\"gallery-1-27048\" \/><\/a>\n\t\t\t<\/div>\n\t\t\t\t<figcaption class='wp-caption-text gallery-caption' id='gallery-1-27048'>\n\t\t\t\tLe briefing d&rsquo;avant l&rsquo;\u00e9preuve !\n\t\t\t\t<\/figcaption><\/figure><figure class='gallery-item'>\n\t\t\t<div class='gallery-icon landscape'>\n\t\t\t\t<a href='https:\/\/newsestlyonnais.fr\/site\/2017\/05\/20\/genas-288-enfants-et-34-parents-a-letape-du-fitdays-mgen-de-triathlon\/newsestlyonnais-course-3\/'><img loading=\"lazy\" decoding=\"async\" width=\"150\" height=\"150\" src=\"https:\/\/newsestlyonnais.fr\/site\/wp-content\/uploads\/2017\/05\/NEWSESTLYONNAIS-COURSE--150x150.jpg\" class=\"attachment-thumbnail size-thumbnail\" alt=\"NEWSESTLYONNAIS - COURSE\" aria-describedby=\"gallery-1-27050\" \/><\/a>\n\t\t\t<\/div>\n\t\t\t\t<figcaption class='wp-caption-text gallery-caption' id='gallery-1-27050'>\n\t\t\t\tDes enfants en plein effort !\n\t\t\t\t<\/figcaption><\/figure><figure class='gallery-item'>\n\t\t\t<div class='gallery-icon landscape'>\n\t\t\t\t<a href='https:\/\/newsestlyonnais.fr\/site\/2017\/05\/20\/genas-288-enfants-et-34-parents-a-letape-du-fitdays-mgen-de-triathlon\/newsestlyonnais-course-enfants-2\/'><img loading=\"lazy\" decoding=\"async\" width=\"150\" height=\"150\" src=\"https:\/\/newsestlyonnais.fr\/site\/wp-content\/uploads\/2017\/05\/NEWSESTLYONNAIS-COURSE-ENFANTS-150x150.jpg\" class=\"attachment-thumbnail size-thumbnail\" alt=\"NEWSESTLYONNAIS COURSE ENFANTS\" aria-describedby=\"gallery-1-27045\" \/><\/a>\n\t\t\t<\/div>\n\t\t\t\t<figcaption class='wp-caption-text gallery-caption' id='gallery-1-27045'>\n\t\t\t\tIls ont tout donn\u00e9 !\n\t\t\t\t<\/figcaption><\/figure><figure class='gallery-item'>\n\t\t\t<div class='gallery-icon landscape'>\n\t\t\t\t<a href='https:\/\/newsestlyonnais.fr\/site\/2017\/05\/20\/genas-288-enfants-et-34-parents-a-letape-du-fitdays-mgen-de-triathlon\/newsestlyonnais-arrivee\/'><img loading=\"lazy\" decoding=\"async\" width=\"150\" height=\"150\" src=\"https:\/\/newsestlyonnais.fr\/site\/wp-content\/uploads\/2017\/05\/NEWSESTLYONNAIS-ARRIVEE-150x150.jpg\" class=\"attachment-thumbnail size-thumbnail\" alt=\"NEWSESTLYONNAIS - ARRIVEE\" aria-describedby=\"gallery-1-27051\" \/><\/a>\n\t\t\t<\/div>\n\t\t\t\t<figcaption class='wp-caption-text gallery-caption' id='gallery-1-27051'>\n\t\t\t\tDes vainqueurs heureux en pr\u00e9sence du maire Daniel Val\u00e9ro \n\t\t\t\t<\/figcaption><\/figure><figure class='gallery-item'>\n\t\t\t<div class='gallery-icon landscape'>\n\t\t\t\t<a href='https:\/\/newsestlyonnais.fr\/site\/2017\/05\/20\/genas-288-enfants-et-34-parents-a-letape-du-fitdays-mgen-de-triathlon\/newsestlyonnais-fitdays-relais\/'><img loading=\"lazy\" decoding=\"async\" width=\"150\" height=\"150\" src=\"https:\/\/newsestlyonnais.fr\/site\/wp-content\/uploads\/2017\/05\/NEWSESTLYONNAIS-FITDAYS-RELAIS-150x150.png\" class=\"attachment-thumbnail size-thumbnail\" alt=\"NEWSESTLYONNAIS - FITDAYS RELAIS\" aria-describedby=\"gallery-1-27047\" \/><\/a>\n\t\t\t<\/div>\n\t\t\t\t<figcaption class='wp-caption-text gallery-caption' id='gallery-1-27047'>\n\t\t\t\tLe podium du relais famille\n\t\t\t\t<\/figcaption><\/figure>\n\t\t<\/div>\n<\/li>\n<li style=\"list-style-type: none\">\n<ul>\n<li><\/li>\n<li>Le relais famille:<\/li>\n<\/ul>\n<\/li>\n<\/ul>\n<p>A ce petit jeu, c\u2019est la famille Lesecq qui s\u2019est illustr\u00e9e, voici les r\u00e9sultats des \u00e9quipes all\u00e9es en finale :<\/p>\n<table width=\"700\">\n<tbody>\n<tr>\n<td width=\"140\"><strong>Place<\/strong><\/td>\n<td width=\"140\"><strong>Nom enfant<\/strong><\/td>\n<td width=\"140\"><strong>Pr\u00e9nom<\/strong><\/td>\n<td width=\"140\"><strong>Nom Parent<\/strong><\/td>\n<td width=\"140\"><strong>Pr\u00e9nom<\/strong><\/td>\n<\/tr>\n<tr>\n<td width=\"140\"><strong>1<\/strong><\/td>\n<td width=\"140\"><strong>LESECQ<\/strong><\/td>\n<td width=\"140\"><strong>Antonin<\/strong><\/td>\n<td width=\"140\"><strong>LESECQ<\/strong><\/td>\n<td width=\"140\"><strong>Alexandre<\/strong><\/td>\n<\/tr>\n<tr>\n<td width=\"140\"><strong>2<\/strong><\/td>\n<td width=\"140\"><strong>EVRARD<\/strong><\/td>\n<td width=\"140\"><strong>Sandra<\/strong><\/td>\n<td width=\"140\"><strong>EVRARD<\/strong><\/td>\n<td width=\"140\"><strong>Nicolas<\/strong><\/td>\n<\/tr>\n<tr>\n<td width=\"140\"><strong>3<\/strong><\/td>\n<td width=\"140\"><strong>DARSEL<\/strong><\/td>\n<td width=\"140\"><strong>Louane<\/strong><\/td>\n<td width=\"140\"><strong>DESCROIX<\/strong><\/td>\n<td width=\"140\"><strong>Eric<\/strong><\/td>\n<\/tr>\n<tr>\n<td width=\"140\"><strong>4<\/strong><\/td>\n<td width=\"140\"><strong>SCHWARZ<\/strong><\/td>\n<td width=\"140\"><strong>Clara<\/strong><\/td>\n<td width=\"140\"><strong>SCHWARZ<\/strong><\/td>\n<td width=\"140\"><strong>Christian<\/strong><\/td>\n<\/tr>\n<tr>\n<td width=\"140\"><strong>5<\/strong><\/td>\n<td width=\"140\"><strong>LTAIEF<\/strong><\/td>\n<td width=\"140\"><strong>Elyssa<\/strong><\/td>\n<td width=\"140\"><strong>GRIMBERT<\/strong><\/td>\n<td width=\"140\"><strong>Thomas<\/strong><\/td>\n<\/tr>\n<tr>\n<td width=\"140\"><strong>6<\/strong><\/td>\n<td width=\"140\"><strong>SCHWARZ<\/strong><\/td>\n<td width=\"140\"><strong>Clara<\/strong><\/td>\n<td width=\"140\"><strong>SCHWARZ<\/strong><\/td>\n<td width=\"140\"><strong>R\u00e9my<\/strong><\/td>\n<\/tr>\n<tr>\n<td width=\"140\"><strong>7<\/strong><\/td>\n<td width=\"140\"><strong>CASSADO<\/strong><\/td>\n<td width=\"140\"><strong>Quentin<\/strong><\/td>\n<td width=\"140\"><strong>MORANT<\/strong><\/td>\n<td width=\"140\"><strong>Denis<\/strong><\/p>\n<p>&nbsp;<\/p>\n<p>&nbsp;<\/td>\n<\/tr>\n<\/tbody>\n<\/table>\n<p>&nbsp;<\/p>\n","protected":false},"excerpt":{"rendered":"<p>La 5\u00b0 \u00e9tape du FitDays Men 2017 de triathlon, se d\u00e9roulait ce vendredi sur la Place de la R\u00e9publique. Une \u00e9preuve qui avait lieu pour la 2\u00b0 ann\u00e9e cons\u00e9cutive sur la commune et dont le d\u00e9part a finalement pu \u00eatre donn\u00e9 malgr\u00e9 une m\u00e9t\u00e9o pluvieuse et capricieuse rencontr\u00e9e. Cette manifestation sportive a permis \u00e0 288 [&hellip;]<\/p>\n","protected":false},"author":4,"featured_media":27043,"comment_status":"open","ping_status":"open","sticky":false,"template":"","format":"standard","meta":{"footnotes":""},"categories":[270,171,1598,2988,2990],"tags":[],"class_list":["post-27033","post","type-post","status-publish","format-standard","has-post-thumbnail","hentry","category-cte-de-communes-c-c-e-l","category-enfance-jeunesse","category-genas","category-natation-triathlon","category-triathlon"],"yoast_head":"<!-- This site is optimized with the Yoast SEO plugin v27.2 - https:\/\/yoast.com\/product\/yoast-seo-wordpress\/ -->\n<title>GENAS : 288 enfants et 34 parents \u00e0 l&#039;\u00e9tape du FitDays Mgen de triathlon<\/title>\n<meta name=\"description\" content=\"GENAS : 288 enfants et 34 parents \u00e0 l&#039;\u00e9tape du FitDays Mgen de triathlon\" \/>\n<meta name=\"robots\" content=\"index, follow, max-snippet:-1, max-image-preview:large, max-video-preview:-1\" \/>\n<link rel=\"canonical\" href=\"https:\/\/newsestlyonnais.fr\/site\/2017\/05\/20\/genas-288-enfants-et-34-parents-a-letape-du-fitdays-mgen-de-triathlon\/\" \/>\n<meta property=\"og:locale\" content=\"fr_FR\" \/>\n<meta property=\"og:type\" content=\"article\" \/>\n<meta property=\"og:title\" content=\"GENAS : 288 enfants et 34 parents \u00e0 l&#039;\u00e9tape du FitDays Mgen de triathlon\" \/>\n<meta property=\"og:description\" content=\"GENAS : 288 enfants et 34 parents \u00e0 l&#039;\u00e9tape du FitDays Mgen de triathlon\" \/>\n<meta property=\"og:url\" content=\"https:\/\/newsestlyonnais.fr\/site\/2017\/05\/20\/genas-288-enfants-et-34-parents-a-letape-du-fitdays-mgen-de-triathlon\/\" \/>\n<meta property=\"og:site_name\" content=\"News Est Lyonnais\" \/>\n<meta property=\"article:author\" content=\"https:\/\/www.facebook.com\/pascal.oberson.1?fref=ts\" \/>\n<meta property=\"article:published_time\" content=\"2017-05-20T05:12:53+00:00\" \/>\n<meta property=\"article:modified_time\" content=\"2020-11-08T19:51:11+00:00\" \/>\n<meta property=\"og:image\" content=\"https:\/\/i2.wp.com\/newsestlyonnais.fr\/site\/wp-content\/uploads\/2017\/05\/NEWSESTLYONNAIS-PODIUM-GENAS.jpg?fit=1000%2C750&ssl=1\" \/>\n\t<meta property=\"og:image:width\" content=\"1000\" \/>\n\t<meta property=\"og:image:height\" content=\"750\" \/>\n\t<meta property=\"og:image:type\" content=\"image\/jpeg\" \/>\n<meta name=\"author\" content=\"R\u00e9dac. NEWS\" \/>\n<meta name=\"twitter:card\" content=\"summary_large_image\" \/>\n<meta name=\"twitter:label1\" content=\"\u00c9crit par\" \/>\n\t<meta name=\"twitter:data1\" content=\"R\u00e9dac. NEWS\" \/>\n\t<meta name=\"twitter:label2\" content=\"Dur\u00e9e de lecture estim\u00e9e\" \/>\n\t<meta name=\"twitter:data2\" content=\"2 minutes\" \/>\n<script type=\"application\/ld+json\" class=\"yoast-schema-graph\">{\"@context\":\"https:\/\/schema.org\",\"@graph\":[{\"@type\":\"Article\",\"@id\":\"https:\/\/newsestlyonnais.fr\/site\/2017\/05\/20\/genas-288-enfants-et-34-parents-a-letape-du-fitdays-mgen-de-triathlon\/#article\",\"isPartOf\":{\"@id\":\"https:\/\/newsestlyonnais.fr\/site\/2017\/05\/20\/genas-288-enfants-et-34-parents-a-letape-du-fitdays-mgen-de-triathlon\/\"},\"author\":{\"name\":\"R\u00e9dac. NEWS\",\"@id\":\"https:\/\/newsestlyonnais.fr\/site\/#\/schema\/person\/3230d5615f390bb808365d673001e887\"},\"headline\":\"GENAS | 288 enfants et 34 parents \u00e0 l&rsquo;\u00e9tape du FitDays Mgen de triathlon\",\"datePublished\":\"2017-05-20T05:12:53+00:00\",\"dateModified\":\"2020-11-08T19:51:11+00:00\",\"mainEntityOfPage\":{\"@id\":\"https:\/\/newsestlyonnais.fr\/site\/2017\/05\/20\/genas-288-enfants-et-34-parents-a-letape-du-fitdays-mgen-de-triathlon\/\"},\"wordCount\":329,\"commentCount\":0,\"publisher\":{\"@id\":\"https:\/\/newsestlyonnais.fr\/site\/#organization\"},\"image\":{\"@id\":\"https:\/\/newsestlyonnais.fr\/site\/2017\/05\/20\/genas-288-enfants-et-34-parents-a-letape-du-fitdays-mgen-de-triathlon\/#primaryimage\"},\"thumbnailUrl\":\"https:\/\/newsestlyonnais.fr\/site\/wp-content\/uploads\/2017\/05\/NEWSESTLYONNAIS-PODIUM-GENAS.jpg\",\"articleSection\":[\"CCEL | Communes\",\"Enfance | Jeunesse\",\"Genas\",\"Natation | Triathlon\",\"Triathlon\"],\"inLanguage\":\"fr-FR\",\"potentialAction\":[{\"@type\":\"CommentAction\",\"name\":\"Comment\",\"target\":[\"https:\/\/newsestlyonnais.fr\/site\/2017\/05\/20\/genas-288-enfants-et-34-parents-a-letape-du-fitdays-mgen-de-triathlon\/#respond\"]}]},{\"@type\":\"WebPage\",\"@id\":\"https:\/\/newsestlyonnais.fr\/site\/2017\/05\/20\/genas-288-enfants-et-34-parents-a-letape-du-fitdays-mgen-de-triathlon\/\",\"url\":\"https:\/\/newsestlyonnais.fr\/site\/2017\/05\/20\/genas-288-enfants-et-34-parents-a-letape-du-fitdays-mgen-de-triathlon\/\",\"name\":\"GENAS : 288 enfants et 34 parents \u00e0 l'\u00e9tape du FitDays Mgen de triathlon\",\"isPartOf\":{\"@id\":\"https:\/\/newsestlyonnais.fr\/site\/#website\"},\"primaryImageOfPage\":{\"@id\":\"https:\/\/newsestlyonnais.fr\/site\/2017\/05\/20\/genas-288-enfants-et-34-parents-a-letape-du-fitdays-mgen-de-triathlon\/#primaryimage\"},\"image\":{\"@id\":\"https:\/\/newsestlyonnais.fr\/site\/2017\/05\/20\/genas-288-enfants-et-34-parents-a-letape-du-fitdays-mgen-de-triathlon\/#primaryimage\"},\"thumbnailUrl\":\"https:\/\/newsestlyonnais.fr\/site\/wp-content\/uploads\/2017\/05\/NEWSESTLYONNAIS-PODIUM-GENAS.jpg\",\"datePublished\":\"2017-05-20T05:12:53+00:00\",\"dateModified\":\"2020-11-08T19:51:11+00:00\",\"description\":\"GENAS : 288 enfants et 34 parents \u00e0 l'\u00e9tape du FitDays Mgen de triathlon\",\"breadcrumb\":{\"@id\":\"https:\/\/newsestlyonnais.fr\/site\/2017\/05\/20\/genas-288-enfants-et-34-parents-a-letape-du-fitdays-mgen-de-triathlon\/#breadcrumb\"},\"inLanguage\":\"fr-FR\",\"potentialAction\":[{\"@type\":\"ReadAction\",\"target\":[\"https:\/\/newsestlyonnais.fr\/site\/2017\/05\/20\/genas-288-enfants-et-34-parents-a-letape-du-fitdays-mgen-de-triathlon\/\"]}]},{\"@type\":\"ImageObject\",\"inLanguage\":\"fr-FR\",\"@id\":\"https:\/\/newsestlyonnais.fr\/site\/2017\/05\/20\/genas-288-enfants-et-34-parents-a-letape-du-fitdays-mgen-de-triathlon\/#primaryimage\",\"url\":\"https:\/\/newsestlyonnais.fr\/site\/wp-content\/uploads\/2017\/05\/NEWSESTLYONNAIS-PODIUM-GENAS.jpg\",\"contentUrl\":\"https:\/\/newsestlyonnais.fr\/site\/wp-content\/uploads\/2017\/05\/NEWSESTLYONNAIS-PODIUM-GENAS.jpg\",\"width\":1000,\"height\":750,\"caption\":\"NEWSESTLYONNAIS PODIUM GENAS\"},{\"@type\":\"BreadcrumbList\",\"@id\":\"https:\/\/newsestlyonnais.fr\/site\/2017\/05\/20\/genas-288-enfants-et-34-parents-a-letape-du-fitdays-mgen-de-triathlon\/#breadcrumb\",\"itemListElement\":[{\"@type\":\"ListItem\",\"position\":1,\"name\":\"Accueil\",\"item\":\"https:\/\/newsestlyonnais.fr\/site\/\"},{\"@type\":\"ListItem\",\"position\":2,\"name\":\"GENAS | 288 enfants et 34 parents \u00e0 l&rsquo;\u00e9tape du FitDays Mgen de triathlon\"}]},{\"@type\":\"WebSite\",\"@id\":\"https:\/\/newsestlyonnais.fr\/site\/#website\",\"url\":\"https:\/\/newsestlyonnais.fr\/site\/\",\"name\":\"News Est Lyonnais\",\"description\":\"L&#039;actualit\u00e9 au plus pr\u00e8s\",\"publisher\":{\"@id\":\"https:\/\/newsestlyonnais.fr\/site\/#organization\"},\"potentialAction\":[{\"@type\":\"SearchAction\",\"target\":{\"@type\":\"EntryPoint\",\"urlTemplate\":\"https:\/\/newsestlyonnais.fr\/site\/?s={search_term_string}\"},\"query-input\":{\"@type\":\"PropertyValueSpecification\",\"valueRequired\":true,\"valueName\":\"search_term_string\"}}],\"inLanguage\":\"fr-FR\"},{\"@type\":\"Organization\",\"@id\":\"https:\/\/newsestlyonnais.fr\/site\/#organization\",\"name\":\"News EST LYONNAIS\",\"url\":\"https:\/\/newsestlyonnais.fr\/site\/\",\"logo\":{\"@type\":\"ImageObject\",\"inLanguage\":\"fr-FR\",\"@id\":\"https:\/\/newsestlyonnais.fr\/site\/#\/schema\/logo\/image\/\",\"url\":\"\",\"contentUrl\":\"\",\"caption\":\"News EST LYONNAIS\"},\"image\":{\"@id\":\"https:\/\/newsestlyonnais.fr\/site\/#\/schema\/logo\/image\/\"}},{\"@type\":\"Person\",\"@id\":\"https:\/\/newsestlyonnais.fr\/site\/#\/schema\/person\/3230d5615f390bb808365d673001e887\",\"name\":\"R\u00e9dac. NEWS\",\"sameAs\":[\"http:\/\/www.newsestlyonnais.fr\",\"https:\/\/www.facebook.com\/pascal.oberson.1?fref=ts\",\"https:\/\/fr.linkedin.com\/in\/pascal-oberson-b17045113\"],\"url\":\"https:\/\/newsestlyonnais.fr\/site\/author\/nel\/\"}]}<\/script>\n<!-- \/ Yoast SEO plugin. -->","yoast_head_json":{"title":"GENAS : 288 enfants et 34 parents \u00e0 l'\u00e9tape du FitDays Mgen de triathlon","description":"GENAS : 288 enfants et 34 parents \u00e0 l'\u00e9tape du FitDays Mgen de triathlon","robots":{"index":"index","follow":"follow","max-snippet":"max-snippet:-1","max-image-preview":"max-image-preview:large","max-video-preview":"max-video-preview:-1"},"canonical":"https:\/\/newsestlyonnais.fr\/site\/2017\/05\/20\/genas-288-enfants-et-34-parents-a-letape-du-fitdays-mgen-de-triathlon\/","og_locale":"fr_FR","og_type":"article","og_title":"GENAS : 288 enfants et 34 parents \u00e0 l'\u00e9tape du FitDays Mgen de triathlon","og_description":"GENAS : 288 enfants et 34 parents \u00e0 l'\u00e9tape du FitDays Mgen de triathlon","og_url":"https:\/\/newsestlyonnais.fr\/site\/2017\/05\/20\/genas-288-enfants-et-34-parents-a-letape-du-fitdays-mgen-de-triathlon\/","og_site_name":"News Est Lyonnais","article_author":"https:\/\/www.facebook.com\/pascal.oberson.1?fref=ts","article_published_time":"2017-05-20T05:12:53+00:00","article_modified_time":"2020-11-08T19:51:11+00:00","og_image":[{"width":1000,"height":750,"url":"https:\/\/i2.wp.com\/newsestlyonnais.fr\/site\/wp-content\/uploads\/2017\/05\/NEWSESTLYONNAIS-PODIUM-GENAS.jpg?fit=1000%2C750&ssl=1","type":"image\/jpeg"}],"author":"R\u00e9dac. NEWS","twitter_card":"summary_large_image","twitter_misc":{"\u00c9crit par":"R\u00e9dac. NEWS","Dur\u00e9e de lecture estim\u00e9e":"2 minutes"},"schema":{"@context":"https:\/\/schema.org","@graph":[{"@type":"Article","@id":"https:\/\/newsestlyonnais.fr\/site\/2017\/05\/20\/genas-288-enfants-et-34-parents-a-letape-du-fitdays-mgen-de-triathlon\/#article","isPartOf":{"@id":"https:\/\/newsestlyonnais.fr\/site\/2017\/05\/20\/genas-288-enfants-et-34-parents-a-letape-du-fitdays-mgen-de-triathlon\/"},"author":{"name":"R\u00e9dac. NEWS","@id":"https:\/\/newsestlyonnais.fr\/site\/#\/schema\/person\/3230d5615f390bb808365d673001e887"},"headline":"GENAS | 288 enfants et 34 parents \u00e0 l&rsquo;\u00e9tape du FitDays Mgen de triathlon","datePublished":"2017-05-20T05:12:53+00:00","dateModified":"2020-11-08T19:51:11+00:00","mainEntityOfPage":{"@id":"https:\/\/newsestlyonnais.fr\/site\/2017\/05\/20\/genas-288-enfants-et-34-parents-a-letape-du-fitdays-mgen-de-triathlon\/"},"wordCount":329,"commentCount":0,"publisher":{"@id":"https:\/\/newsestlyonnais.fr\/site\/#organization"},"image":{"@id":"https:\/\/newsestlyonnais.fr\/site\/2017\/05\/20\/genas-288-enfants-et-34-parents-a-letape-du-fitdays-mgen-de-triathlon\/#primaryimage"},"thumbnailUrl":"https:\/\/newsestlyonnais.fr\/site\/wp-content\/uploads\/2017\/05\/NEWSESTLYONNAIS-PODIUM-GENAS.jpg","articleSection":["CCEL | Communes","Enfance | Jeunesse","Genas","Natation | Triathlon","Triathlon"],"inLanguage":"fr-FR","potentialAction":[{"@type":"CommentAction","name":"Comment","target":["https:\/\/newsestlyonnais.fr\/site\/2017\/05\/20\/genas-288-enfants-et-34-parents-a-letape-du-fitdays-mgen-de-triathlon\/#respond"]}]},{"@type":"WebPage","@id":"https:\/\/newsestlyonnais.fr\/site\/2017\/05\/20\/genas-288-enfants-et-34-parents-a-letape-du-fitdays-mgen-de-triathlon\/","url":"https:\/\/newsestlyonnais.fr\/site\/2017\/05\/20\/genas-288-enfants-et-34-parents-a-letape-du-fitdays-mgen-de-triathlon\/","name":"GENAS : 288 enfants et 34 parents \u00e0 l'\u00e9tape du FitDays Mgen de triathlon","isPartOf":{"@id":"https:\/\/newsestlyonnais.fr\/site\/#website"},"primaryImageOfPage":{"@id":"https:\/\/newsestlyonnais.fr\/site\/2017\/05\/20\/genas-288-enfants-et-34-parents-a-letape-du-fitdays-mgen-de-triathlon\/#primaryimage"},"image":{"@id":"https:\/\/newsestlyonnais.fr\/site\/2017\/05\/20\/genas-288-enfants-et-34-parents-a-letape-du-fitdays-mgen-de-triathlon\/#primaryimage"},"thumbnailUrl":"https:\/\/newsestlyonnais.fr\/site\/wp-content\/uploads\/2017\/05\/NEWSESTLYONNAIS-PODIUM-GENAS.jpg","datePublished":"2017-05-20T05:12:53+00:00","dateModified":"2020-11-08T19:51:11+00:00","description":"GENAS : 288 enfants et 34 parents \u00e0 l'\u00e9tape du FitDays Mgen de triathlon","breadcrumb":{"@id":"https:\/\/newsestlyonnais.fr\/site\/2017\/05\/20\/genas-288-enfants-et-34-parents-a-letape-du-fitdays-mgen-de-triathlon\/#breadcrumb"},"inLanguage":"fr-FR","potentialAction":[{"@type":"ReadAction","target":["https:\/\/newsestlyonnais.fr\/site\/2017\/05\/20\/genas-288-enfants-et-34-parents-a-letape-du-fitdays-mgen-de-triathlon\/"]}]},{"@type":"ImageObject","inLanguage":"fr-FR","@id":"https:\/\/newsestlyonnais.fr\/site\/2017\/05\/20\/genas-288-enfants-et-34-parents-a-letape-du-fitdays-mgen-de-triathlon\/#primaryimage","url":"https:\/\/newsestlyonnais.fr\/site\/wp-content\/uploads\/2017\/05\/NEWSESTLYONNAIS-PODIUM-GENAS.jpg","contentUrl":"https:\/\/newsestlyonnais.fr\/site\/wp-content\/uploads\/2017\/05\/NEWSESTLYONNAIS-PODIUM-GENAS.jpg","width":1000,"height":750,"caption":"NEWSESTLYONNAIS PODIUM GENAS"},{"@type":"BreadcrumbList","@id":"https:\/\/newsestlyonnais.fr\/site\/2017\/05\/20\/genas-288-enfants-et-34-parents-a-letape-du-fitdays-mgen-de-triathlon\/#breadcrumb","itemListElement":[{"@type":"ListItem","position":1,"name":"Accueil","item":"https:\/\/newsestlyonnais.fr\/site\/"},{"@type":"ListItem","position":2,"name":"GENAS | 288 enfants et 34 parents \u00e0 l&rsquo;\u00e9tape du FitDays Mgen de triathlon"}]},{"@type":"WebSite","@id":"https:\/\/newsestlyonnais.fr\/site\/#website","url":"https:\/\/newsestlyonnais.fr\/site\/","name":"News Est Lyonnais","description":"L&#039;actualit\u00e9 au plus pr\u00e8s","publisher":{"@id":"https:\/\/newsestlyonnais.fr\/site\/#organization"},"potentialAction":[{"@type":"SearchAction","target":{"@type":"EntryPoint","urlTemplate":"https:\/\/newsestlyonnais.fr\/site\/?s={search_term_string}"},"query-input":{"@type":"PropertyValueSpecification","valueRequired":true,"valueName":"search_term_string"}}],"inLanguage":"fr-FR"},{"@type":"Organization","@id":"https:\/\/newsestlyonnais.fr\/site\/#organization","name":"News EST LYONNAIS","url":"https:\/\/newsestlyonnais.fr\/site\/","logo":{"@type":"ImageObject","inLanguage":"fr-FR","@id":"https:\/\/newsestlyonnais.fr\/site\/#\/schema\/logo\/image\/","url":"","contentUrl":"","caption":"News EST LYONNAIS"},"image":{"@id":"https:\/\/newsestlyonnais.fr\/site\/#\/schema\/logo\/image\/"}},{"@type":"Person","@id":"https:\/\/newsestlyonnais.fr\/site\/#\/schema\/person\/3230d5615f390bb808365d673001e887","name":"R\u00e9dac. NEWS","sameAs":["http:\/\/www.newsestlyonnais.fr","https:\/\/www.facebook.com\/pascal.oberson.1?fref=ts","https:\/\/fr.linkedin.com\/in\/pascal-oberson-b17045113"],"url":"https:\/\/newsestlyonnais.fr\/site\/author\/nel\/"}]}},"_links":{"self":[{"href":"https:\/\/newsestlyonnais.fr\/site\/wp-json\/wp\/v2\/posts\/27033","targetHints":{"allow":["GET"]}}],"collection":[{"href":"https:\/\/newsestlyonnais.fr\/site\/wp-json\/wp\/v2\/posts"}],"about":[{"href":"https:\/\/newsestlyonnais.fr\/site\/wp-json\/wp\/v2\/types\/post"}],"author":[{"embeddable":true,"href":"https:\/\/newsestlyonnais.fr\/site\/wp-json\/wp\/v2\/users\/4"}],"replies":[{"embeddable":true,"href":"https:\/\/newsestlyonnais.fr\/site\/wp-json\/wp\/v2\/comments?post=27033"}],"version-history":[{"count":0,"href":"https:\/\/newsestlyonnais.fr\/site\/wp-json\/wp\/v2\/posts\/27033\/revisions"}],"wp:featuredmedia":[{"embeddable":true,"href":"https:\/\/newsestlyonnais.fr\/site\/wp-json\/wp\/v2\/media\/27043"}],"wp:attachment":[{"href":"https:\/\/newsestlyonnais.fr\/site\/wp-json\/wp\/v2\/media?parent=27033"}],"wp:term":[{"taxonomy":"category","embeddable":true,"href":"https:\/\/newsestlyonnais.fr\/site\/wp-json\/wp\/v2\/categories?post=27033"},{"taxonomy":"post_tag","embeddable":true,"href":"https:\/\/newsestlyonnais.fr\/site\/wp-json\/wp\/v2\/tags?post=27033"}],"curies":[{"name":"wp","href":"https:\/\/api.w.org\/{rel}","templated":true}]}}