{"id":27058,"date":"2017-05-21T06:54:08","date_gmt":"2017-05-21T05:54:08","guid":{"rendered":"http:\/\/newsestlyonnais.fr\/site\/?p=27058"},"modified":"2020-11-05T13:11:54","modified_gmt":"2020-11-05T12:11:54","slug":"genas-cest-parti-pour-lopen-de-tennis","status":"publish","type":"post","link":"https:\/\/newsestlyonnais.fr\/site\/2017\/05\/21\/genas-cest-parti-pour-lopen-de-tennis\/","title":{"rendered":"GENAS | C&rsquo;est parti pour l&rsquo;Open de Tennis !"},"content":{"rendered":"<h4>L&rsquo;\u00e9dition 2017 de l&rsquo;open de Tennis de Genas, d\u00e9marre ce dimanche et aura pour cadre le nouveau complexe d&rsquo;Azieu.<\/h4>\n<p>Un tournoi r\u00e9serv\u00e9 aux seniors (hommes et femmes) et + 45 ans (hommes) et qui sera supervis\u00e9 par J\u00e9r\u00f4me Dodane, juge-arbitre et le duo Marie-Th\u00e9r\u00e8se Cloarec et Brigitte Muffat comme responsables de cet Open.<\/p>\n<p><img loading=\"lazy\" decoding=\"async\" class=\"alignleft size-full wp-image-23750\" src=\"https:\/\/newsestlyonnais.fr\/site\/medias\/2017\/03\/NEWSESTLYONNAIS-MICRO.png\" alt=\"NEWSESTLYONNAIS MICRO\" width=\"250\" height=\"150\" \/>\u00ab\u00a0L&rsquo; organisation qui se fera autour des 3 courts couverts permettra que ce tournoi puisse se d\u00e9rouler en totalit\u00e9 sur Genas, contrairement aux ann\u00e9es pr\u00e9c\u00e9dentes o\u00f9 environ 60 % des rencontres devaient avoir lieu \u00e0 l&rsquo;ext\u00e9rieur de la commune. Une trentaine de b\u00e9n\u00e9voles r\u00e9partis pour les permanences, la r\u00e9ception des joueurs et l&rsquo;espace restauration, sont pr\u00eats pour accueillir les 300 participants attendus. Il y a encore possibilit\u00e9 pour les joueurs de 2\u00b0 s\u00e9rie de s&rsquo;inscrire\u00a0\u00bb. d\u00e9clare <em><strong>Richard Bonnanfant, pr\u00e9sident du Tennis Club de Genas.<\/strong><\/em><\/p>\n<ul>\n<li>A noter que les rencontre se disputeront en semaine (tous les soirs \u00e0 partir de 18 heures) et les week-ends et jours f\u00e9ri\u00e9s (de 9 h \u00e0 20 h), les 3 <strong>finales<\/strong> ayant lieu le <strong>samedi 17 Juin prochain<\/strong>.<\/li>\n<\/ul>\n<p><em><strong><span style=\"text-decoration: underline\">PHOTO A LA UNE<\/span><\/strong><\/em>: Richard Bonnanfant (pr\u00e9sident du Tennis Club) &amp; Marie-Th\u00e9r\u00e8se Cloarec (co-responsable du tournoi)<\/p>\n<h4><span style=\"text-decoration: underline\"><strong><em>&#8211; INFO<\/em><\/strong><\/span><strong><em> : <\/em><\/strong>Suite au partenariat mis en place entre le Tennis Club de Genas et\u00a0 <a href=\"https:\/\/newsestlyonnais.fr\" target=\"_blank\" rel=\"noopener noreferrer\">https:\/\/newsestlyonnais.fr<\/a> , vous retrouverez <span style=\"text-decoration: underline\">AU QUOTIDIEN<\/span> les r\u00e9sultats de cet OPEN sur ce site !<img loading=\"lazy\" decoding=\"async\" class=\"alignleft size-full wp-image-25256\" src=\"https:\/\/newsestlyonnais.fr\/site\/medias\/2017\/03\/NEWSESTLYONNAIS-Affiche-tournoi-2017-.jpg\" alt=\"NEWSESTLYONNAIS Affiche tournoi 2017\" width=\"1000\" height=\"750\" srcset=\"https:\/\/newsestlyonnais.fr\/site\/wp-content\/uploads\/2017\/03\/NEWSESTLYONNAIS-Affiche-tournoi-2017-.jpg 1000w, https:\/\/newsestlyonnais.fr\/site\/wp-content\/uploads\/2017\/03\/NEWSESTLYONNAIS-Affiche-tournoi-2017--400x300.jpg 400w, https:\/\/newsestlyonnais.fr\/site\/wp-content\/uploads\/2017\/03\/NEWSESTLYONNAIS-Affiche-tournoi-2017--768x576.jpg 768w, https:\/\/newsestlyonnais.fr\/site\/wp-content\/uploads\/2017\/03\/NEWSESTLYONNAIS-Affiche-tournoi-2017--600x450.jpg 600w, https:\/\/newsestlyonnais.fr\/site\/wp-content\/uploads\/2017\/03\/NEWSESTLYONNAIS-Affiche-tournoi-2017--100x75.jpg 100w\" sizes=\"auto, (max-width: 1000px) 100vw, 1000px\" \/><\/h4>\n","protected":false},"excerpt":{"rendered":"<p>L&rsquo;\u00e9dition 2017 de l&rsquo;open de Tennis de Genas, d\u00e9marre ce dimanche et aura pour cadre le nouveau complexe d&rsquo;Azieu. Un tournoi r\u00e9serv\u00e9 aux seniors (hommes et femmes) et + 45 ans (hommes) et qui sera supervis\u00e9 par J\u00e9r\u00f4me Dodane, juge-arbitre et le duo Marie-Th\u00e9r\u00e8se Cloarec et Brigitte Muffat comme responsables de cet Open. \u00ab\u00a0L&rsquo; organisation [&hellip;]<\/p>\n","protected":false},"author":4,"featured_media":27062,"comment_status":"open","ping_status":"open","sticky":false,"template":"","format":"standard","meta":{"footnotes":""},"categories":[270,1598,2992,2991],"tags":[],"class_list":["post-27058","post","type-post","status-publish","format-standard","has-post-thumbnail","hentry","category-cte-de-communes-c-c-e-l","category-genas","category-tennis-padel","category-tennis-tennis-table-sports"],"yoast_head":"<!-- This site is optimized with the Yoast SEO plugin v27.2 - https:\/\/yoast.com\/product\/yoast-seo-wordpress\/ -->\n<title>GENAS : C&#039;est parti pour l&#039;Open de Tennis !<\/title>\n<meta name=\"description\" content=\"GENAS : C&#039;est parti pour l&#039;Open de Tennis !\" \/>\n<meta name=\"robots\" content=\"index, follow, max-snippet:-1, max-image-preview:large, max-video-preview:-1\" \/>\n<link rel=\"canonical\" href=\"https:\/\/newsestlyonnais.fr\/site\/2017\/05\/21\/genas-cest-parti-pour-lopen-de-tennis\/\" \/>\n<meta property=\"og:locale\" content=\"fr_FR\" \/>\n<meta property=\"og:type\" content=\"article\" \/>\n<meta property=\"og:title\" content=\"GENAS : C&#039;est parti pour l&#039;Open de Tennis !\" \/>\n<meta property=\"og:description\" content=\"GENAS : C&#039;est parti pour l&#039;Open de Tennis !\" \/>\n<meta property=\"og:url\" content=\"https:\/\/newsestlyonnais.fr\/site\/2017\/05\/21\/genas-cest-parti-pour-lopen-de-tennis\/\" \/>\n<meta property=\"og:site_name\" content=\"News Est Lyonnais\" \/>\n<meta property=\"article:author\" content=\"https:\/\/www.facebook.com\/pascal.oberson.1?fref=ts\" \/>\n<meta property=\"article:published_time\" content=\"2017-05-21T05:54:08+00:00\" \/>\n<meta property=\"article:modified_time\" content=\"2020-11-05T12:11:54+00:00\" \/>\n<meta property=\"og:image\" content=\"https:\/\/i1.wp.com\/newsestlyonnais.fr\/site\/wp-content\/uploads\/2017\/05\/NEWSESTLYONNAIS-OPEN-TENNIS-GENAS.jpg?fit=1000%2C750&ssl=1\" \/>\n\t<meta property=\"og:image:width\" content=\"1000\" \/>\n\t<meta property=\"og:image:height\" content=\"750\" \/>\n\t<meta property=\"og:image:type\" content=\"image\/jpeg\" \/>\n<meta name=\"author\" content=\"R\u00e9dac. NEWS\" \/>\n<meta name=\"twitter:card\" content=\"summary_large_image\" \/>\n<meta name=\"twitter:label1\" content=\"\u00c9crit par\" \/>\n\t<meta name=\"twitter:data1\" content=\"R\u00e9dac. NEWS\" \/>\n\t<meta name=\"twitter:label2\" content=\"Dur\u00e9e de lecture estim\u00e9e\" \/>\n\t<meta name=\"twitter:data2\" content=\"1 minute\" \/>\n<script type=\"application\/ld+json\" class=\"yoast-schema-graph\">{\"@context\":\"https:\/\/schema.org\",\"@graph\":[{\"@type\":\"Article\",\"@id\":\"https:\/\/newsestlyonnais.fr\/site\/2017\/05\/21\/genas-cest-parti-pour-lopen-de-tennis\/#article\",\"isPartOf\":{\"@id\":\"https:\/\/newsestlyonnais.fr\/site\/2017\/05\/21\/genas-cest-parti-pour-lopen-de-tennis\/\"},\"author\":{\"name\":\"R\u00e9dac. NEWS\",\"@id\":\"https:\/\/newsestlyonnais.fr\/site\/#\/schema\/person\/3230d5615f390bb808365d673001e887\"},\"headline\":\"GENAS | C&rsquo;est parti pour l&rsquo;Open de Tennis !\",\"datePublished\":\"2017-05-21T05:54:08+00:00\",\"dateModified\":\"2020-11-05T12:11:54+00:00\",\"mainEntityOfPage\":{\"@id\":\"https:\/\/newsestlyonnais.fr\/site\/2017\/05\/21\/genas-cest-parti-pour-lopen-de-tennis\/\"},\"wordCount\":246,\"commentCount\":0,\"publisher\":{\"@id\":\"https:\/\/newsestlyonnais.fr\/site\/#organization\"},\"image\":{\"@id\":\"https:\/\/newsestlyonnais.fr\/site\/2017\/05\/21\/genas-cest-parti-pour-lopen-de-tennis\/#primaryimage\"},\"thumbnailUrl\":\"https:\/\/newsestlyonnais.fr\/site\/wp-content\/uploads\/2017\/05\/NEWSESTLYONNAIS-OPEN-TENNIS-GENAS.jpg\",\"articleSection\":[\"CCEL | Communes\",\"Genas\",\"Tennis | Padel\",\"Tennis | Tennis de table\"],\"inLanguage\":\"fr-FR\",\"potentialAction\":[{\"@type\":\"CommentAction\",\"name\":\"Comment\",\"target\":[\"https:\/\/newsestlyonnais.fr\/site\/2017\/05\/21\/genas-cest-parti-pour-lopen-de-tennis\/#respond\"]}]},{\"@type\":\"WebPage\",\"@id\":\"https:\/\/newsestlyonnais.fr\/site\/2017\/05\/21\/genas-cest-parti-pour-lopen-de-tennis\/\",\"url\":\"https:\/\/newsestlyonnais.fr\/site\/2017\/05\/21\/genas-cest-parti-pour-lopen-de-tennis\/\",\"name\":\"GENAS : C'est parti pour l'Open de Tennis !\",\"isPartOf\":{\"@id\":\"https:\/\/newsestlyonnais.fr\/site\/#website\"},\"primaryImageOfPage\":{\"@id\":\"https:\/\/newsestlyonnais.fr\/site\/2017\/05\/21\/genas-cest-parti-pour-lopen-de-tennis\/#primaryimage\"},\"image\":{\"@id\":\"https:\/\/newsestlyonnais.fr\/site\/2017\/05\/21\/genas-cest-parti-pour-lopen-de-tennis\/#primaryimage\"},\"thumbnailUrl\":\"https:\/\/newsestlyonnais.fr\/site\/wp-content\/uploads\/2017\/05\/NEWSESTLYONNAIS-OPEN-TENNIS-GENAS.jpg\",\"datePublished\":\"2017-05-21T05:54:08+00:00\",\"dateModified\":\"2020-11-05T12:11:54+00:00\",\"description\":\"GENAS : C'est parti pour l'Open de Tennis !\",\"breadcrumb\":{\"@id\":\"https:\/\/newsestlyonnais.fr\/site\/2017\/05\/21\/genas-cest-parti-pour-lopen-de-tennis\/#breadcrumb\"},\"inLanguage\":\"fr-FR\",\"potentialAction\":[{\"@type\":\"ReadAction\",\"target\":[\"https:\/\/newsestlyonnais.fr\/site\/2017\/05\/21\/genas-cest-parti-pour-lopen-de-tennis\/\"]}]},{\"@type\":\"ImageObject\",\"inLanguage\":\"fr-FR\",\"@id\":\"https:\/\/newsestlyonnais.fr\/site\/2017\/05\/21\/genas-cest-parti-pour-lopen-de-tennis\/#primaryimage\",\"url\":\"https:\/\/newsestlyonnais.fr\/site\/wp-content\/uploads\/2017\/05\/NEWSESTLYONNAIS-OPEN-TENNIS-GENAS.jpg\",\"contentUrl\":\"https:\/\/newsestlyonnais.fr\/site\/wp-content\/uploads\/2017\/05\/NEWSESTLYONNAIS-OPEN-TENNIS-GENAS.jpg\",\"width\":1000,\"height\":750,\"caption\":\"NEWSESTLYONNAIS - OPEN TENNIS GENAS\"},{\"@type\":\"BreadcrumbList\",\"@id\":\"https:\/\/newsestlyonnais.fr\/site\/2017\/05\/21\/genas-cest-parti-pour-lopen-de-tennis\/#breadcrumb\",\"itemListElement\":[{\"@type\":\"ListItem\",\"position\":1,\"name\":\"Accueil\",\"item\":\"https:\/\/newsestlyonnais.fr\/site\/\"},{\"@type\":\"ListItem\",\"position\":2,\"name\":\"GENAS | C&rsquo;est parti pour l&rsquo;Open de Tennis !\"}]},{\"@type\":\"WebSite\",\"@id\":\"https:\/\/newsestlyonnais.fr\/site\/#website\",\"url\":\"https:\/\/newsestlyonnais.fr\/site\/\",\"name\":\"News Est Lyonnais\",\"description\":\"L&#039;actualit\u00e9 au plus pr\u00e8s\",\"publisher\":{\"@id\":\"https:\/\/newsestlyonnais.fr\/site\/#organization\"},\"potentialAction\":[{\"@type\":\"SearchAction\",\"target\":{\"@type\":\"EntryPoint\",\"urlTemplate\":\"https:\/\/newsestlyonnais.fr\/site\/?s={search_term_string}\"},\"query-input\":{\"@type\":\"PropertyValueSpecification\",\"valueRequired\":true,\"valueName\":\"search_term_string\"}}],\"inLanguage\":\"fr-FR\"},{\"@type\":\"Organization\",\"@id\":\"https:\/\/newsestlyonnais.fr\/site\/#organization\",\"name\":\"News EST LYONNAIS\",\"url\":\"https:\/\/newsestlyonnais.fr\/site\/\",\"logo\":{\"@type\":\"ImageObject\",\"inLanguage\":\"fr-FR\",\"@id\":\"https:\/\/newsestlyonnais.fr\/site\/#\/schema\/logo\/image\/\",\"url\":\"\",\"contentUrl\":\"\",\"caption\":\"News EST LYONNAIS\"},\"image\":{\"@id\":\"https:\/\/newsestlyonnais.fr\/site\/#\/schema\/logo\/image\/\"}},{\"@type\":\"Person\",\"@id\":\"https:\/\/newsestlyonnais.fr\/site\/#\/schema\/person\/3230d5615f390bb808365d673001e887\",\"name\":\"R\u00e9dac. NEWS\",\"sameAs\":[\"http:\/\/www.newsestlyonnais.fr\",\"https:\/\/www.facebook.com\/pascal.oberson.1?fref=ts\",\"https:\/\/fr.linkedin.com\/in\/pascal-oberson-b17045113\"],\"url\":\"https:\/\/newsestlyonnais.fr\/site\/author\/nel\/\"}]}<\/script>\n<!-- \/ Yoast SEO plugin. -->","yoast_head_json":{"title":"GENAS : C'est parti pour l'Open de Tennis !","description":"GENAS : C'est parti pour l'Open de Tennis !","robots":{"index":"index","follow":"follow","max-snippet":"max-snippet:-1","max-image-preview":"max-image-preview:large","max-video-preview":"max-video-preview:-1"},"canonical":"https:\/\/newsestlyonnais.fr\/site\/2017\/05\/21\/genas-cest-parti-pour-lopen-de-tennis\/","og_locale":"fr_FR","og_type":"article","og_title":"GENAS : C'est parti pour l'Open de Tennis !","og_description":"GENAS : C'est parti pour l'Open de Tennis !","og_url":"https:\/\/newsestlyonnais.fr\/site\/2017\/05\/21\/genas-cest-parti-pour-lopen-de-tennis\/","og_site_name":"News Est Lyonnais","article_author":"https:\/\/www.facebook.com\/pascal.oberson.1?fref=ts","article_published_time":"2017-05-21T05:54:08+00:00","article_modified_time":"2020-11-05T12:11:54+00:00","og_image":[{"width":1000,"height":750,"url":"https:\/\/i1.wp.com\/newsestlyonnais.fr\/site\/wp-content\/uploads\/2017\/05\/NEWSESTLYONNAIS-OPEN-TENNIS-GENAS.jpg?fit=1000%2C750&ssl=1","type":"image\/jpeg"}],"author":"R\u00e9dac. NEWS","twitter_card":"summary_large_image","twitter_misc":{"\u00c9crit par":"R\u00e9dac. NEWS","Dur\u00e9e de lecture estim\u00e9e":"1 minute"},"schema":{"@context":"https:\/\/schema.org","@graph":[{"@type":"Article","@id":"https:\/\/newsestlyonnais.fr\/site\/2017\/05\/21\/genas-cest-parti-pour-lopen-de-tennis\/#article","isPartOf":{"@id":"https:\/\/newsestlyonnais.fr\/site\/2017\/05\/21\/genas-cest-parti-pour-lopen-de-tennis\/"},"author":{"name":"R\u00e9dac. NEWS","@id":"https:\/\/newsestlyonnais.fr\/site\/#\/schema\/person\/3230d5615f390bb808365d673001e887"},"headline":"GENAS | C&rsquo;est parti pour l&rsquo;Open de Tennis !","datePublished":"2017-05-21T05:54:08+00:00","dateModified":"2020-11-05T12:11:54+00:00","mainEntityOfPage":{"@id":"https:\/\/newsestlyonnais.fr\/site\/2017\/05\/21\/genas-cest-parti-pour-lopen-de-tennis\/"},"wordCount":246,"commentCount":0,"publisher":{"@id":"https:\/\/newsestlyonnais.fr\/site\/#organization"},"image":{"@id":"https:\/\/newsestlyonnais.fr\/site\/2017\/05\/21\/genas-cest-parti-pour-lopen-de-tennis\/#primaryimage"},"thumbnailUrl":"https:\/\/newsestlyonnais.fr\/site\/wp-content\/uploads\/2017\/05\/NEWSESTLYONNAIS-OPEN-TENNIS-GENAS.jpg","articleSection":["CCEL | Communes","Genas","Tennis | Padel","Tennis | Tennis de table"],"inLanguage":"fr-FR","potentialAction":[{"@type":"CommentAction","name":"Comment","target":["https:\/\/newsestlyonnais.fr\/site\/2017\/05\/21\/genas-cest-parti-pour-lopen-de-tennis\/#respond"]}]},{"@type":"WebPage","@id":"https:\/\/newsestlyonnais.fr\/site\/2017\/05\/21\/genas-cest-parti-pour-lopen-de-tennis\/","url":"https:\/\/newsestlyonnais.fr\/site\/2017\/05\/21\/genas-cest-parti-pour-lopen-de-tennis\/","name":"GENAS : C'est parti pour l'Open de Tennis !","isPartOf":{"@id":"https:\/\/newsestlyonnais.fr\/site\/#website"},"primaryImageOfPage":{"@id":"https:\/\/newsestlyonnais.fr\/site\/2017\/05\/21\/genas-cest-parti-pour-lopen-de-tennis\/#primaryimage"},"image":{"@id":"https:\/\/newsestlyonnais.fr\/site\/2017\/05\/21\/genas-cest-parti-pour-lopen-de-tennis\/#primaryimage"},"thumbnailUrl":"https:\/\/newsestlyonnais.fr\/site\/wp-content\/uploads\/2017\/05\/NEWSESTLYONNAIS-OPEN-TENNIS-GENAS.jpg","datePublished":"2017-05-21T05:54:08+00:00","dateModified":"2020-11-05T12:11:54+00:00","description":"GENAS : C'est parti pour l'Open de Tennis !","breadcrumb":{"@id":"https:\/\/newsestlyonnais.fr\/site\/2017\/05\/21\/genas-cest-parti-pour-lopen-de-tennis\/#breadcrumb"},"inLanguage":"fr-FR","potentialAction":[{"@type":"ReadAction","target":["https:\/\/newsestlyonnais.fr\/site\/2017\/05\/21\/genas-cest-parti-pour-lopen-de-tennis\/"]}]},{"@type":"ImageObject","inLanguage":"fr-FR","@id":"https:\/\/newsestlyonnais.fr\/site\/2017\/05\/21\/genas-cest-parti-pour-lopen-de-tennis\/#primaryimage","url":"https:\/\/newsestlyonnais.fr\/site\/wp-content\/uploads\/2017\/05\/NEWSESTLYONNAIS-OPEN-TENNIS-GENAS.jpg","contentUrl":"https:\/\/newsestlyonnais.fr\/site\/wp-content\/uploads\/2017\/05\/NEWSESTLYONNAIS-OPEN-TENNIS-GENAS.jpg","width":1000,"height":750,"caption":"NEWSESTLYONNAIS - OPEN TENNIS GENAS"},{"@type":"BreadcrumbList","@id":"https:\/\/newsestlyonnais.fr\/site\/2017\/05\/21\/genas-cest-parti-pour-lopen-de-tennis\/#breadcrumb","itemListElement":[{"@type":"ListItem","position":1,"name":"Accueil","item":"https:\/\/newsestlyonnais.fr\/site\/"},{"@type":"ListItem","position":2,"name":"GENAS | C&rsquo;est parti pour l&rsquo;Open de Tennis !"}]},{"@type":"WebSite","@id":"https:\/\/newsestlyonnais.fr\/site\/#website","url":"https:\/\/newsestlyonnais.fr\/site\/","name":"News Est Lyonnais","description":"L&#039;actualit\u00e9 au plus pr\u00e8s","publisher":{"@id":"https:\/\/newsestlyonnais.fr\/site\/#organization"},"potentialAction":[{"@type":"SearchAction","target":{"@type":"EntryPoint","urlTemplate":"https:\/\/newsestlyonnais.fr\/site\/?s={search_term_string}"},"query-input":{"@type":"PropertyValueSpecification","valueRequired":true,"valueName":"search_term_string"}}],"inLanguage":"fr-FR"},{"@type":"Organization","@id":"https:\/\/newsestlyonnais.fr\/site\/#organization","name":"News EST LYONNAIS","url":"https:\/\/newsestlyonnais.fr\/site\/","logo":{"@type":"ImageObject","inLanguage":"fr-FR","@id":"https:\/\/newsestlyonnais.fr\/site\/#\/schema\/logo\/image\/","url":"","contentUrl":"","caption":"News EST LYONNAIS"},"image":{"@id":"https:\/\/newsestlyonnais.fr\/site\/#\/schema\/logo\/image\/"}},{"@type":"Person","@id":"https:\/\/newsestlyonnais.fr\/site\/#\/schema\/person\/3230d5615f390bb808365d673001e887","name":"R\u00e9dac. NEWS","sameAs":["http:\/\/www.newsestlyonnais.fr","https:\/\/www.facebook.com\/pascal.oberson.1?fref=ts","https:\/\/fr.linkedin.com\/in\/pascal-oberson-b17045113"],"url":"https:\/\/newsestlyonnais.fr\/site\/author\/nel\/"}]}},"_links":{"self":[{"href":"https:\/\/newsestlyonnais.fr\/site\/wp-json\/wp\/v2\/posts\/27058","targetHints":{"allow":["GET"]}}],"collection":[{"href":"https:\/\/newsestlyonnais.fr\/site\/wp-json\/wp\/v2\/posts"}],"about":[{"href":"https:\/\/newsestlyonnais.fr\/site\/wp-json\/wp\/v2\/types\/post"}],"author":[{"embeddable":true,"href":"https:\/\/newsestlyonnais.fr\/site\/wp-json\/wp\/v2\/users\/4"}],"replies":[{"embeddable":true,"href":"https:\/\/newsestlyonnais.fr\/site\/wp-json\/wp\/v2\/comments?post=27058"}],"version-history":[{"count":0,"href":"https:\/\/newsestlyonnais.fr\/site\/wp-json\/wp\/v2\/posts\/27058\/revisions"}],"wp:featuredmedia":[{"embeddable":true,"href":"https:\/\/newsestlyonnais.fr\/site\/wp-json\/wp\/v2\/media\/27062"}],"wp:attachment":[{"href":"https:\/\/newsestlyonnais.fr\/site\/wp-json\/wp\/v2\/media?parent=27058"}],"wp:term":[{"taxonomy":"category","embeddable":true,"href":"https:\/\/newsestlyonnais.fr\/site\/wp-json\/wp\/v2\/categories?post=27058"},{"taxonomy":"post_tag","embeddable":true,"href":"https:\/\/newsestlyonnais.fr\/site\/wp-json\/wp\/v2\/tags?post=27058"}],"curies":[{"name":"wp","href":"https:\/\/api.w.org\/{rel}","templated":true}]}}