{"id":27080,"date":"2017-05-21T08:25:05","date_gmt":"2017-05-21T07:25:05","guid":{"rendered":"http:\/\/newsestlyonnais.fr\/site\/?p=27080"},"modified":"2020-11-16T09:34:06","modified_gmt":"2020-11-16T08:34:06","slug":"genas-premiere-reussie-nuit-arts-martiaux","status":"publish","type":"post","link":"https:\/\/newsestlyonnais.fr\/site\/2017\/05\/21\/genas-premiere-reussie-nuit-arts-martiaux\/","title":{"rendered":"GENAS | Premi\u00e8re r\u00e9ussie pour la Nuit des Arts Martiaux !"},"content":{"rendered":"<h4>Plus de deux heures trente de spectacle in\u00e9dit ce samedi soir dans la Halle des Sports r\u00e9nov\u00e9e \u00e0 l&rsquo;occasion de la 1\u00b0 Nuit des Arts Martiaux.<\/h4>\n<p>Une soir\u00e9e offerte par le club d&rsquo;Arts Martiaux de Genas, le Kwon Te Zen qui a ravi le public venu nombreux. Un de ses \u00e9ducateurs, Abdel-Ali Chellah, \u00e0 l&rsquo;origine du projet avait convi\u00e9 plusieurs clubs et associations locales ou voisines pour pr\u00e9senter leurs activit\u00e9s.<\/p>\n<p>D\u00e9monstrations, exhibitions et combats se sont enchain\u00e9s dans 6 disciplines proposant des arts martiaux totalement diff\u00e9rents: Karat\u00e9 et Taekwondo (Kwon Te Zen), Boxe fran\u00e7aise (Savate Boxe de Genas), Tai Chi (Energie du Mouvement), Aikido (Institut de Genas) et Kung-Fu (Acad\u00e9mie du Tigre Blanc de St Bonnet de Mure).<\/p>\n<div id='gallery-1' class='gallery galleryid-27080 gallery-columns-3 gallery-size-thumbnail'><figure class='gallery-item'>\n\t\t\t<div class='gallery-icon landscape'>\n\t\t\t\t<a href='https:\/\/newsestlyonnais.fr\/site\/2017\/05\/21\/genas-premiere-reussie-nuit-arts-martiaux\/newsestlyonnais-arts-mart-kung-fu\/'><img loading=\"lazy\" decoding=\"async\" width=\"150\" height=\"150\" src=\"https:\/\/newsestlyonnais.fr\/site\/wp-content\/uploads\/2017\/05\/NEWSESTLYONNAIS-ARTS-MART-KUNG-FU-150x150.jpg\" class=\"attachment-thumbnail size-thumbnail\" alt=\"NEWSESTLYONNAIS - ARTS MART KUNG FU\" aria-describedby=\"gallery-1-27091\" \/><\/a>\n\t\t\t<\/div>\n\t\t\t\t<figcaption class='wp-caption-text gallery-caption' id='gallery-1-27091'>\n\t\t\t\tBelle d\u00e9mo de jeunes en kung fu\n\t\t\t\t<\/figcaption><\/figure><figure class='gallery-item'>\n\t\t\t<div class='gallery-icon landscape'>\n\t\t\t\t<a href='https:\/\/newsestlyonnais.fr\/site\/2017\/05\/21\/genas-premiere-reussie-nuit-arts-martiaux\/newsestlyonnais-nuit-arts-mart-karate\/'><img loading=\"lazy\" decoding=\"async\" width=\"150\" height=\"150\" src=\"https:\/\/newsestlyonnais.fr\/site\/wp-content\/uploads\/2017\/05\/NEWSESTLYONNAIS-NUIT-ARTS-MART-KARATE-150x150.jpg\" class=\"attachment-thumbnail size-thumbnail\" alt=\"NEWSESTLYONNAIS - NUIT ARTS MART KARATE\" aria-describedby=\"gallery-1-27090\" \/><\/a>\n\t\t\t<\/div>\n\t\t\t\t<figcaption class='wp-caption-text gallery-caption' id='gallery-1-27090'>\n\t\t\t\tLes jeunes pousses de la section karat\u00e9\n\t\t\t\t<\/figcaption><\/figure><figure class='gallery-item'>\n\t\t\t<div class='gallery-icon landscape'>\n\t\t\t\t<a href='https:\/\/newsestlyonnais.fr\/site\/2017\/05\/21\/genas-premiere-reussie-nuit-arts-martiaux\/newsestlyonnais-arts-mart-karate\/'><img loading=\"lazy\" decoding=\"async\" width=\"150\" height=\"150\" src=\"https:\/\/newsestlyonnais.fr\/site\/wp-content\/uploads\/2017\/05\/NEWSESTLYONNAIS-ARTS-MART-KARATE-150x150.jpg\" class=\"attachment-thumbnail size-thumbnail\" alt=\"NEWSESTLYONNAIS - ARTS MART KARATE\" aria-describedby=\"gallery-1-27092\" \/><\/a>\n\t\t\t<\/div>\n\t\t\t\t<figcaption class='wp-caption-text gallery-caption' id='gallery-1-27092'>\n\t\t\t\tUn combat de karat\u00e9\n\t\t\t\t<\/figcaption><\/figure>\n\t\t<\/div>\n\n<ul>\n<li><strong>Retrouvez l&rsquo;ACTU du club sur: <a href=\"http:\/\/kwontezen.wixsite.com\/artsmartiauxgenas\" target=\"_blank\" rel=\"noopener noreferrer\">http:\/\/kwontezen.wixsite.com\/artsmartiauxgenas<\/a><\/strong><\/li>\n<\/ul>\n","protected":false},"excerpt":{"rendered":"<p>Plus de deux heures trente de spectacle in\u00e9dit ce samedi soir dans la Halle des Sports r\u00e9nov\u00e9e \u00e0 l&rsquo;occasion de la 1\u00b0 Nuit des Arts Martiaux. Une soir\u00e9e offerte par le club d&rsquo;Arts Martiaux de Genas, le Kwon Te Zen qui a ravi le public venu nombreux. Un de ses \u00e9ducateurs, Abdel-Ali Chellah, \u00e0 l&rsquo;origine [&hellip;]<\/p>\n","protected":false},"author":4,"featured_media":27089,"comment_status":"open","ping_status":"open","sticky":false,"template":"","format":"standard","meta":{"footnotes":""},"categories":[270,1598,2994,1353],"tags":[],"class_list":["post-27080","post","type-post","status-publish","format-standard","has-post-thumbnail","hentry","category-cte-de-communes-c-c-e-l","category-genas","category-judo-karate-taekwondo-sports","category-karate"],"yoast_head":"<!-- This site is optimized with the Yoast SEO plugin v27.2 - https:\/\/yoast.com\/product\/yoast-seo-wordpress\/ -->\n<title>GENAS: Premi\u00e8re r\u00e9ussie pour la Nuit des Arts Martiaux !<\/title>\n<meta name=\"description\" content=\"GENAS: Premi\u00e8re r\u00e9ussie pour la Nuit des Arts Martiaux !\" \/>\n<meta name=\"robots\" content=\"index, follow, max-snippet:-1, max-image-preview:large, max-video-preview:-1\" \/>\n<link rel=\"canonical\" href=\"https:\/\/newsestlyonnais.fr\/site\/2017\/05\/21\/genas-premiere-reussie-nuit-arts-martiaux\/\" \/>\n<meta property=\"og:locale\" content=\"fr_FR\" \/>\n<meta property=\"og:type\" content=\"article\" \/>\n<meta property=\"og:title\" content=\"GENAS: Premi\u00e8re r\u00e9ussie pour la Nuit des Arts Martiaux !\" \/>\n<meta property=\"og:description\" content=\"GENAS: Premi\u00e8re r\u00e9ussie pour la Nuit des Arts Martiaux !\" \/>\n<meta property=\"og:url\" content=\"https:\/\/newsestlyonnais.fr\/site\/2017\/05\/21\/genas-premiere-reussie-nuit-arts-martiaux\/\" \/>\n<meta property=\"og:site_name\" content=\"News Est Lyonnais\" \/>\n<meta property=\"article:author\" content=\"https:\/\/www.facebook.com\/pascal.oberson.1?fref=ts\" \/>\n<meta property=\"article:published_time\" content=\"2017-05-21T07:25:05+00:00\" \/>\n<meta property=\"article:modified_time\" content=\"2020-11-16T08:34:06+00:00\" \/>\n<meta property=\"og:image\" content=\"https:\/\/i0.wp.com\/newsestlyonnais.fr\/site\/wp-content\/uploads\/2017\/05\/NEWSESTLYONNAIS-nuit-arts-mart-boxe.jpg?fit=1000%2C750&ssl=1\" \/>\n\t<meta property=\"og:image:width\" content=\"1000\" \/>\n\t<meta property=\"og:image:height\" content=\"750\" \/>\n\t<meta property=\"og:image:type\" content=\"image\/jpeg\" \/>\n<meta name=\"author\" content=\"R\u00e9dac. NEWS\" \/>\n<meta name=\"twitter:card\" content=\"summary_large_image\" \/>\n<meta name=\"twitter:label1\" content=\"\u00c9crit par\" \/>\n\t<meta name=\"twitter:data1\" content=\"R\u00e9dac. NEWS\" \/>\n\t<meta name=\"twitter:label2\" content=\"Dur\u00e9e de lecture estim\u00e9e\" \/>\n\t<meta name=\"twitter:data2\" content=\"1 minute\" \/>\n<script type=\"application\/ld+json\" class=\"yoast-schema-graph\">{\"@context\":\"https:\/\/schema.org\",\"@graph\":[{\"@type\":\"Article\",\"@id\":\"https:\/\/newsestlyonnais.fr\/site\/2017\/05\/21\/genas-premiere-reussie-nuit-arts-martiaux\/#article\",\"isPartOf\":{\"@id\":\"https:\/\/newsestlyonnais.fr\/site\/2017\/05\/21\/genas-premiere-reussie-nuit-arts-martiaux\/\"},\"author\":{\"name\":\"R\u00e9dac. NEWS\",\"@id\":\"https:\/\/newsestlyonnais.fr\/site\/#\/schema\/person\/3230d5615f390bb808365d673001e887\"},\"headline\":\"GENAS | Premi\u00e8re r\u00e9ussie pour la Nuit des Arts Martiaux !\",\"datePublished\":\"2017-05-21T07:25:05+00:00\",\"dateModified\":\"2020-11-16T08:34:06+00:00\",\"mainEntityOfPage\":{\"@id\":\"https:\/\/newsestlyonnais.fr\/site\/2017\/05\/21\/genas-premiere-reussie-nuit-arts-martiaux\/\"},\"wordCount\":154,\"commentCount\":0,\"publisher\":{\"@id\":\"https:\/\/newsestlyonnais.fr\/site\/#organization\"},\"image\":{\"@id\":\"https:\/\/newsestlyonnais.fr\/site\/2017\/05\/21\/genas-premiere-reussie-nuit-arts-martiaux\/#primaryimage\"},\"thumbnailUrl\":\"https:\/\/newsestlyonnais.fr\/site\/wp-content\/uploads\/2017\/05\/NEWSESTLYONNAIS-nuit-arts-mart-boxe.jpg\",\"articleSection\":[\"CCEL | Communes\",\"Genas\",\"Judo| Karat\u00e9| Taekwondo\",\"Karat\u00e9\"],\"inLanguage\":\"fr-FR\",\"potentialAction\":[{\"@type\":\"CommentAction\",\"name\":\"Comment\",\"target\":[\"https:\/\/newsestlyonnais.fr\/site\/2017\/05\/21\/genas-premiere-reussie-nuit-arts-martiaux\/#respond\"]}]},{\"@type\":\"WebPage\",\"@id\":\"https:\/\/newsestlyonnais.fr\/site\/2017\/05\/21\/genas-premiere-reussie-nuit-arts-martiaux\/\",\"url\":\"https:\/\/newsestlyonnais.fr\/site\/2017\/05\/21\/genas-premiere-reussie-nuit-arts-martiaux\/\",\"name\":\"GENAS: Premi\u00e8re r\u00e9ussie pour la Nuit des Arts Martiaux !\",\"isPartOf\":{\"@id\":\"https:\/\/newsestlyonnais.fr\/site\/#website\"},\"primaryImageOfPage\":{\"@id\":\"https:\/\/newsestlyonnais.fr\/site\/2017\/05\/21\/genas-premiere-reussie-nuit-arts-martiaux\/#primaryimage\"},\"image\":{\"@id\":\"https:\/\/newsestlyonnais.fr\/site\/2017\/05\/21\/genas-premiere-reussie-nuit-arts-martiaux\/#primaryimage\"},\"thumbnailUrl\":\"https:\/\/newsestlyonnais.fr\/site\/wp-content\/uploads\/2017\/05\/NEWSESTLYONNAIS-nuit-arts-mart-boxe.jpg\",\"datePublished\":\"2017-05-21T07:25:05+00:00\",\"dateModified\":\"2020-11-16T08:34:06+00:00\",\"description\":\"GENAS: Premi\u00e8re r\u00e9ussie pour la Nuit des Arts Martiaux !\",\"breadcrumb\":{\"@id\":\"https:\/\/newsestlyonnais.fr\/site\/2017\/05\/21\/genas-premiere-reussie-nuit-arts-martiaux\/#breadcrumb\"},\"inLanguage\":\"fr-FR\",\"potentialAction\":[{\"@type\":\"ReadAction\",\"target\":[\"https:\/\/newsestlyonnais.fr\/site\/2017\/05\/21\/genas-premiere-reussie-nuit-arts-martiaux\/\"]}]},{\"@type\":\"ImageObject\",\"inLanguage\":\"fr-FR\",\"@id\":\"https:\/\/newsestlyonnais.fr\/site\/2017\/05\/21\/genas-premiere-reussie-nuit-arts-martiaux\/#primaryimage\",\"url\":\"https:\/\/newsestlyonnais.fr\/site\/wp-content\/uploads\/2017\/05\/NEWSESTLYONNAIS-nuit-arts-mart-boxe.jpg\",\"contentUrl\":\"https:\/\/newsestlyonnais.fr\/site\/wp-content\/uploads\/2017\/05\/NEWSESTLYONNAIS-nuit-arts-mart-boxe.jpg\",\"width\":1000,\"height\":750},{\"@type\":\"BreadcrumbList\",\"@id\":\"https:\/\/newsestlyonnais.fr\/site\/2017\/05\/21\/genas-premiere-reussie-nuit-arts-martiaux\/#breadcrumb\",\"itemListElement\":[{\"@type\":\"ListItem\",\"position\":1,\"name\":\"Accueil\",\"item\":\"https:\/\/newsestlyonnais.fr\/site\/\"},{\"@type\":\"ListItem\",\"position\":2,\"name\":\"GENAS | Premi\u00e8re r\u00e9ussie pour la Nuit des Arts Martiaux !\"}]},{\"@type\":\"WebSite\",\"@id\":\"https:\/\/newsestlyonnais.fr\/site\/#website\",\"url\":\"https:\/\/newsestlyonnais.fr\/site\/\",\"name\":\"News Est Lyonnais\",\"description\":\"L&#039;actualit\u00e9 au plus pr\u00e8s\",\"publisher\":{\"@id\":\"https:\/\/newsestlyonnais.fr\/site\/#organization\"},\"potentialAction\":[{\"@type\":\"SearchAction\",\"target\":{\"@type\":\"EntryPoint\",\"urlTemplate\":\"https:\/\/newsestlyonnais.fr\/site\/?s={search_term_string}\"},\"query-input\":{\"@type\":\"PropertyValueSpecification\",\"valueRequired\":true,\"valueName\":\"search_term_string\"}}],\"inLanguage\":\"fr-FR\"},{\"@type\":\"Organization\",\"@id\":\"https:\/\/newsestlyonnais.fr\/site\/#organization\",\"name\":\"News EST LYONNAIS\",\"url\":\"https:\/\/newsestlyonnais.fr\/site\/\",\"logo\":{\"@type\":\"ImageObject\",\"inLanguage\":\"fr-FR\",\"@id\":\"https:\/\/newsestlyonnais.fr\/site\/#\/schema\/logo\/image\/\",\"url\":\"\",\"contentUrl\":\"\",\"caption\":\"News EST LYONNAIS\"},\"image\":{\"@id\":\"https:\/\/newsestlyonnais.fr\/site\/#\/schema\/logo\/image\/\"}},{\"@type\":\"Person\",\"@id\":\"https:\/\/newsestlyonnais.fr\/site\/#\/schema\/person\/3230d5615f390bb808365d673001e887\",\"name\":\"R\u00e9dac. NEWS\",\"sameAs\":[\"http:\/\/www.newsestlyonnais.fr\",\"https:\/\/www.facebook.com\/pascal.oberson.1?fref=ts\",\"https:\/\/fr.linkedin.com\/in\/pascal-oberson-b17045113\"],\"url\":\"https:\/\/newsestlyonnais.fr\/site\/author\/nel\/\"}]}<\/script>\n<!-- \/ Yoast SEO plugin. -->","yoast_head_json":{"title":"GENAS: Premi\u00e8re r\u00e9ussie pour la Nuit des Arts Martiaux !","description":"GENAS: Premi\u00e8re r\u00e9ussie pour la Nuit des Arts Martiaux !","robots":{"index":"index","follow":"follow","max-snippet":"max-snippet:-1","max-image-preview":"max-image-preview:large","max-video-preview":"max-video-preview:-1"},"canonical":"https:\/\/newsestlyonnais.fr\/site\/2017\/05\/21\/genas-premiere-reussie-nuit-arts-martiaux\/","og_locale":"fr_FR","og_type":"article","og_title":"GENAS: Premi\u00e8re r\u00e9ussie pour la Nuit des Arts Martiaux !","og_description":"GENAS: Premi\u00e8re r\u00e9ussie pour la Nuit des Arts Martiaux !","og_url":"https:\/\/newsestlyonnais.fr\/site\/2017\/05\/21\/genas-premiere-reussie-nuit-arts-martiaux\/","og_site_name":"News Est Lyonnais","article_author":"https:\/\/www.facebook.com\/pascal.oberson.1?fref=ts","article_published_time":"2017-05-21T07:25:05+00:00","article_modified_time":"2020-11-16T08:34:06+00:00","og_image":[{"width":1000,"height":750,"url":"https:\/\/i0.wp.com\/newsestlyonnais.fr\/site\/wp-content\/uploads\/2017\/05\/NEWSESTLYONNAIS-nuit-arts-mart-boxe.jpg?fit=1000%2C750&ssl=1","type":"image\/jpeg"}],"author":"R\u00e9dac. NEWS","twitter_card":"summary_large_image","twitter_misc":{"\u00c9crit par":"R\u00e9dac. NEWS","Dur\u00e9e de lecture estim\u00e9e":"1 minute"},"schema":{"@context":"https:\/\/schema.org","@graph":[{"@type":"Article","@id":"https:\/\/newsestlyonnais.fr\/site\/2017\/05\/21\/genas-premiere-reussie-nuit-arts-martiaux\/#article","isPartOf":{"@id":"https:\/\/newsestlyonnais.fr\/site\/2017\/05\/21\/genas-premiere-reussie-nuit-arts-martiaux\/"},"author":{"name":"R\u00e9dac. NEWS","@id":"https:\/\/newsestlyonnais.fr\/site\/#\/schema\/person\/3230d5615f390bb808365d673001e887"},"headline":"GENAS | Premi\u00e8re r\u00e9ussie pour la Nuit des Arts Martiaux !","datePublished":"2017-05-21T07:25:05+00:00","dateModified":"2020-11-16T08:34:06+00:00","mainEntityOfPage":{"@id":"https:\/\/newsestlyonnais.fr\/site\/2017\/05\/21\/genas-premiere-reussie-nuit-arts-martiaux\/"},"wordCount":154,"commentCount":0,"publisher":{"@id":"https:\/\/newsestlyonnais.fr\/site\/#organization"},"image":{"@id":"https:\/\/newsestlyonnais.fr\/site\/2017\/05\/21\/genas-premiere-reussie-nuit-arts-martiaux\/#primaryimage"},"thumbnailUrl":"https:\/\/newsestlyonnais.fr\/site\/wp-content\/uploads\/2017\/05\/NEWSESTLYONNAIS-nuit-arts-mart-boxe.jpg","articleSection":["CCEL | Communes","Genas","Judo| Karat\u00e9| Taekwondo","Karat\u00e9"],"inLanguage":"fr-FR","potentialAction":[{"@type":"CommentAction","name":"Comment","target":["https:\/\/newsestlyonnais.fr\/site\/2017\/05\/21\/genas-premiere-reussie-nuit-arts-martiaux\/#respond"]}]},{"@type":"WebPage","@id":"https:\/\/newsestlyonnais.fr\/site\/2017\/05\/21\/genas-premiere-reussie-nuit-arts-martiaux\/","url":"https:\/\/newsestlyonnais.fr\/site\/2017\/05\/21\/genas-premiere-reussie-nuit-arts-martiaux\/","name":"GENAS: Premi\u00e8re r\u00e9ussie pour la Nuit des Arts Martiaux !","isPartOf":{"@id":"https:\/\/newsestlyonnais.fr\/site\/#website"},"primaryImageOfPage":{"@id":"https:\/\/newsestlyonnais.fr\/site\/2017\/05\/21\/genas-premiere-reussie-nuit-arts-martiaux\/#primaryimage"},"image":{"@id":"https:\/\/newsestlyonnais.fr\/site\/2017\/05\/21\/genas-premiere-reussie-nuit-arts-martiaux\/#primaryimage"},"thumbnailUrl":"https:\/\/newsestlyonnais.fr\/site\/wp-content\/uploads\/2017\/05\/NEWSESTLYONNAIS-nuit-arts-mart-boxe.jpg","datePublished":"2017-05-21T07:25:05+00:00","dateModified":"2020-11-16T08:34:06+00:00","description":"GENAS: Premi\u00e8re r\u00e9ussie pour la Nuit des Arts Martiaux !","breadcrumb":{"@id":"https:\/\/newsestlyonnais.fr\/site\/2017\/05\/21\/genas-premiere-reussie-nuit-arts-martiaux\/#breadcrumb"},"inLanguage":"fr-FR","potentialAction":[{"@type":"ReadAction","target":["https:\/\/newsestlyonnais.fr\/site\/2017\/05\/21\/genas-premiere-reussie-nuit-arts-martiaux\/"]}]},{"@type":"ImageObject","inLanguage":"fr-FR","@id":"https:\/\/newsestlyonnais.fr\/site\/2017\/05\/21\/genas-premiere-reussie-nuit-arts-martiaux\/#primaryimage","url":"https:\/\/newsestlyonnais.fr\/site\/wp-content\/uploads\/2017\/05\/NEWSESTLYONNAIS-nuit-arts-mart-boxe.jpg","contentUrl":"https:\/\/newsestlyonnais.fr\/site\/wp-content\/uploads\/2017\/05\/NEWSESTLYONNAIS-nuit-arts-mart-boxe.jpg","width":1000,"height":750},{"@type":"BreadcrumbList","@id":"https:\/\/newsestlyonnais.fr\/site\/2017\/05\/21\/genas-premiere-reussie-nuit-arts-martiaux\/#breadcrumb","itemListElement":[{"@type":"ListItem","position":1,"name":"Accueil","item":"https:\/\/newsestlyonnais.fr\/site\/"},{"@type":"ListItem","position":2,"name":"GENAS | Premi\u00e8re r\u00e9ussie pour la Nuit des Arts Martiaux !"}]},{"@type":"WebSite","@id":"https:\/\/newsestlyonnais.fr\/site\/#website","url":"https:\/\/newsestlyonnais.fr\/site\/","name":"News Est Lyonnais","description":"L&#039;actualit\u00e9 au plus pr\u00e8s","publisher":{"@id":"https:\/\/newsestlyonnais.fr\/site\/#organization"},"potentialAction":[{"@type":"SearchAction","target":{"@type":"EntryPoint","urlTemplate":"https:\/\/newsestlyonnais.fr\/site\/?s={search_term_string}"},"query-input":{"@type":"PropertyValueSpecification","valueRequired":true,"valueName":"search_term_string"}}],"inLanguage":"fr-FR"},{"@type":"Organization","@id":"https:\/\/newsestlyonnais.fr\/site\/#organization","name":"News EST LYONNAIS","url":"https:\/\/newsestlyonnais.fr\/site\/","logo":{"@type":"ImageObject","inLanguage":"fr-FR","@id":"https:\/\/newsestlyonnais.fr\/site\/#\/schema\/logo\/image\/","url":"","contentUrl":"","caption":"News EST LYONNAIS"},"image":{"@id":"https:\/\/newsestlyonnais.fr\/site\/#\/schema\/logo\/image\/"}},{"@type":"Person","@id":"https:\/\/newsestlyonnais.fr\/site\/#\/schema\/person\/3230d5615f390bb808365d673001e887","name":"R\u00e9dac. NEWS","sameAs":["http:\/\/www.newsestlyonnais.fr","https:\/\/www.facebook.com\/pascal.oberson.1?fref=ts","https:\/\/fr.linkedin.com\/in\/pascal-oberson-b17045113"],"url":"https:\/\/newsestlyonnais.fr\/site\/author\/nel\/"}]}},"_links":{"self":[{"href":"https:\/\/newsestlyonnais.fr\/site\/wp-json\/wp\/v2\/posts\/27080","targetHints":{"allow":["GET"]}}],"collection":[{"href":"https:\/\/newsestlyonnais.fr\/site\/wp-json\/wp\/v2\/posts"}],"about":[{"href":"https:\/\/newsestlyonnais.fr\/site\/wp-json\/wp\/v2\/types\/post"}],"author":[{"embeddable":true,"href":"https:\/\/newsestlyonnais.fr\/site\/wp-json\/wp\/v2\/users\/4"}],"replies":[{"embeddable":true,"href":"https:\/\/newsestlyonnais.fr\/site\/wp-json\/wp\/v2\/comments?post=27080"}],"version-history":[{"count":0,"href":"https:\/\/newsestlyonnais.fr\/site\/wp-json\/wp\/v2\/posts\/27080\/revisions"}],"wp:featuredmedia":[{"embeddable":true,"href":"https:\/\/newsestlyonnais.fr\/site\/wp-json\/wp\/v2\/media\/27089"}],"wp:attachment":[{"href":"https:\/\/newsestlyonnais.fr\/site\/wp-json\/wp\/v2\/media?parent=27080"}],"wp:term":[{"taxonomy":"category","embeddable":true,"href":"https:\/\/newsestlyonnais.fr\/site\/wp-json\/wp\/v2\/categories?post=27080"},{"taxonomy":"post_tag","embeddable":true,"href":"https:\/\/newsestlyonnais.fr\/site\/wp-json\/wp\/v2\/tags?post=27080"}],"curies":[{"name":"wp","href":"https:\/\/api.w.org\/{rel}","templated":true}]}}