{"id":27164,"date":"2017-05-22T07:21:14","date_gmt":"2017-05-22T06:21:14","guid":{"rendered":"http:\/\/newsestlyonnais.fr\/site\/?p=27164"},"modified":"2020-05-24T14:13:59","modified_gmt":"2020-05-24T13:13:59","slug":"vaulx-en-velin-handi-cap-au-sud-2-journees-de-fort-engagement","status":"publish","type":"post","link":"https:\/\/newsestlyonnais.fr\/site\/2017\/05\/22\/vaulx-en-velin-handi-cap-au-sud-2-journees-de-fort-engagement\/","title":{"rendered":"VAULX-EN-VELIN | HANDI&rsquo; CAP au Sud &gt; 2 journ\u00e9es de fort engagement"},"content":{"rendered":"<h4>L&rsquo;US Vaulx Foot, qui va ouvrir \u00e0 la rentr\u00e9e de septembre une section handi au sein de son effectif a organis\u00e9 ce week-end au complexe Aubert, en appui avec l&rsquo;OMS, 2 journ\u00e9es d\u00e9di\u00e9es au sport adapt\u00e9.<\/h4>\n<p>Chaque ann\u00e9e un club vaudais mettra en place une action sur le th\u00e8me du handicap et le club pr\u00e9sid\u00e9 par Sandrine Borne lan\u00e7ait officiellement ce concept.<\/p>\n<p>______________________________________________________________________________<\/p>\n<p><em><strong>Retour en images<\/strong><\/em> sur les animations propos\u00e9es qui ont permis de connaitre des disciplines pouvant accueillir des personnes porteuses de handicap et parfois de pouvoir les confronter \u00e0 des personnes valides.<\/p>\n<div id='gallery-1' class='gallery galleryid-27164 gallery-columns-3 gallery-size-thumbnail'><figure class='gallery-item'>\n\t\t\t<div class='gallery-icon landscape'>\n\t\t\t\t<a href='https:\/\/newsestlyonnais.fr\/site\/2017\/05\/22\/vaulx-en-velin-handi-cap-au-sud-2-journees-de-fort-engagement\/newsestlyonnais-asul-handicap-sud\/'><img loading=\"lazy\" decoding=\"async\" width=\"150\" height=\"150\" src=\"https:\/\/newsestlyonnais.fr\/site\/wp-content\/uploads\/2017\/05\/NEWSESTLYONNAIS-ASUL-HANDICAP-SUD-150x150.jpg\" class=\"attachment-thumbnail size-thumbnail\" alt=\"NEWSESTLYONNAIS - ASUL HANDICAP SUD\" aria-describedby=\"gallery-1-27170\" \/><\/a>\n\t\t\t<\/div>\n\t\t\t\t<figcaption class='wp-caption-text gallery-caption' id='gallery-1-27170'>\n\t\t\t\tSt\u00e9phanie Merle (au centre, pr\u00e9sidente de l&rsquo;ASUL aviron) prodigue les conseils pour une bonne assise\n\t\t\t\t<\/figcaption><\/figure><figure class='gallery-item'>\n\t\t\t<div class='gallery-icon landscape'>\n\t\t\t\t<a href='https:\/\/newsestlyonnais.fr\/site\/2017\/05\/22\/vaulx-en-velin-handi-cap-au-sud-2-journees-de-fort-engagement\/newsestlyonnais-handicap-sud-escrime\/'><img loading=\"lazy\" decoding=\"async\" width=\"150\" height=\"150\" src=\"https:\/\/newsestlyonnais.fr\/site\/wp-content\/uploads\/2017\/05\/NEWSESTLYONNAIS-HANDICAP-SUD-ESCRIME-150x150.jpg\" class=\"attachment-thumbnail size-thumbnail\" alt=\"NEWSESTLYONNAIS - HANDICAP SUD ESCRIME\" aria-describedby=\"gallery-1-27172\" \/><\/a>\n\t\t\t<\/div>\n\t\t\t\t<figcaption class='wp-caption-text gallery-caption' id='gallery-1-27172'>\n\t\t\t\tD\u00e9couverte de la pratique de la discipline par le cercle d&rsquo;Escrime Vaudais\n\t\t\t\t<\/figcaption><\/figure><figure class='gallery-item'>\n\t\t\t<div class='gallery-icon landscape'>\n\t\t\t\t<a href='https:\/\/newsestlyonnais.fr\/site\/2017\/05\/22\/vaulx-en-velin-handi-cap-au-sud-2-journees-de-fort-engagement\/newsestlyonnais-handicap-sud-foot\/'><img loading=\"lazy\" decoding=\"async\" width=\"150\" height=\"150\" src=\"https:\/\/newsestlyonnais.fr\/site\/wp-content\/uploads\/2017\/05\/NEWSESTLYONNAIS-HANDICAP-SUD-FOOT-150x150.jpg\" class=\"attachment-thumbnail size-thumbnail\" alt=\"NEWSESTLYONNAIS - HANDICAP SUD FOOT\" aria-describedby=\"gallery-1-27173\" \/><\/a>\n\t\t\t<\/div>\n\t\t\t\t<figcaption class='wp-caption-text gallery-caption' id='gallery-1-27173'>\n\t\t\t\tLes \u00e9quipes de foot de l&rsquo;US Vaulx et de l&rsquo;Olympique de Vaulx r\u00e9unies\n\t\t\t\t<\/figcaption><\/figure><figure class='gallery-item'>\n\t\t\t<div class='gallery-icon landscape'>\n\t\t\t\t<a href='https:\/\/newsestlyonnais.fr\/site\/2017\/05\/22\/vaulx-en-velin-handi-cap-au-sud-2-journees-de-fort-engagement\/newsestlyonnais-handicap-sud-petanque\/'><img loading=\"lazy\" decoding=\"async\" width=\"150\" height=\"150\" src=\"https:\/\/newsestlyonnais.fr\/site\/wp-content\/uploads\/2017\/05\/NEWSESTLYONNAIS-HANDICAP-SUD-PETANQUE-150x150.jpg\" class=\"attachment-thumbnail size-thumbnail\" alt=\"NEWSESTLYONNAIS - HANDICAP SUD PETANQUE\" aria-describedby=\"gallery-1-27174\" \/><\/a>\n\t\t\t<\/div>\n\t\t\t\t<figcaption class='wp-caption-text gallery-caption' id='gallery-1-27174'>\n\t\t\t\tPratique de la p\u00e9tanque avec le Comit\u00e9 du Rh\u00f4ne et le club de Vaulx Village\n\t\t\t\t<\/figcaption><\/figure><figure class='gallery-item'>\n\t\t\t<div class='gallery-icon landscape'>\n\t\t\t\t<a href='https:\/\/newsestlyonnais.fr\/site\/2017\/05\/22\/vaulx-en-velin-handi-cap-au-sud-2-journees-de-fort-engagement\/newsestlyonnais-handicap-sud-escalade\/'><img loading=\"lazy\" decoding=\"async\" width=\"150\" height=\"150\" src=\"https:\/\/newsestlyonnais.fr\/site\/wp-content\/uploads\/2017\/05\/NEWSESTLYONNAIS-HANDICAP-SUD-ESCALADE-150x150.jpg\" class=\"attachment-thumbnail size-thumbnail\" alt=\"\" aria-describedby=\"gallery-1-27175\" \/><\/a>\n\t\t\t<\/div>\n\t\t\t\t<figcaption class='wp-caption-text gallery-caption' id='gallery-1-27175'>\n\t\t\t\tDe l&rsquo;escalade avec le club local du C.P.E.A.V.V.\n\t\t\t\t<\/figcaption><\/figure><figure class='gallery-item'>\n\t\t\t<div class='gallery-icon landscape'>\n\t\t\t\t<a href='https:\/\/newsestlyonnais.fr\/site\/2017\/05\/22\/vaulx-en-velin-handi-cap-au-sud-2-journees-de-fort-engagement\/newsestlyonnais-orga-et-elus\/'><img loading=\"lazy\" decoding=\"async\" width=\"150\" height=\"150\" src=\"https:\/\/newsestlyonnais.fr\/site\/wp-content\/uploads\/2017\/05\/NEWSESTLYONNAIS-ORGA-et-ELUS-150x150.jpg\" class=\"attachment-thumbnail size-thumbnail\" alt=\"NEWSESTLYONNAIS - ORGA et ELUS\" aria-describedby=\"gallery-1-27176\" \/><\/a>\n\t\t\t<\/div>\n\t\t\t\t<figcaption class='wp-caption-text gallery-caption' id='gallery-1-27176'>\n\t\t\t\tOrganisateurs de l&rsquo;\u00e9v\u00e8nemenent et \u00e9lus pr\u00e9sents lors du lancement de l&rsquo;op\u00e9ration\n\t\t\t\t<\/figcaption><\/figure>\n\t\t<\/div>\n\n","protected":false},"excerpt":{"rendered":"<p>L&rsquo;US Vaulx Foot, qui va ouvrir \u00e0 la rentr\u00e9e de septembre une section handi au sein de son effectif a organis\u00e9 ce week-end au complexe Aubert, en appui avec l&rsquo;OMS, 2 journ\u00e9es d\u00e9di\u00e9es au sport adapt\u00e9. Chaque ann\u00e9e un club vaudais mettra en place une action sur le th\u00e8me du handicap et le club pr\u00e9sid\u00e9 [&hellip;]<\/p>\n","protected":false},"author":4,"featured_media":27168,"comment_status":"open","ping_status":"open","sticky":false,"template":"","format":"standard","meta":{"footnotes":""},"categories":[30,3015,2,28],"tags":[],"class_list":["post-27164","post","type-post","status-publish","format-standard","has-post-thumbnail","hentry","category-a-la-une","category-handi-adapte","category-sports","category-vaulx-en-velin"],"yoast_head":"<!-- This site is optimized with the Yoast SEO plugin v27.2 - https:\/\/yoast.com\/product\/yoast-seo-wordpress\/ -->\n<title>VAULX-EN-VELIN | HANDI&#039; CAP au Sud &gt; 2 journ\u00e9es de fort engagement - News Est Lyonnais<\/title>\n<meta name=\"description\" content=\"VAULX-EN-VELIN | HANDI&#039; CAP au Sud &gt; 2 journ\u00e9es de fort engagement\" \/>\n<meta name=\"robots\" content=\"index, follow, max-snippet:-1, max-image-preview:large, max-video-preview:-1\" \/>\n<link rel=\"canonical\" href=\"https:\/\/newsestlyonnais.fr\/site\/2017\/05\/22\/vaulx-en-velin-handi-cap-au-sud-2-journees-de-fort-engagement\/\" \/>\n<meta property=\"og:locale\" content=\"fr_FR\" \/>\n<meta property=\"og:type\" content=\"article\" \/>\n<meta property=\"og:title\" content=\"VAULX-EN-VELIN | HANDI&#039; CAP au Sud &gt; 2 journ\u00e9es de fort engagement - News Est Lyonnais\" \/>\n<meta property=\"og:description\" content=\"VAULX-EN-VELIN | HANDI&#039; CAP au Sud &gt; 2 journ\u00e9es de fort engagement\" \/>\n<meta property=\"og:url\" content=\"https:\/\/newsestlyonnais.fr\/site\/2017\/05\/22\/vaulx-en-velin-handi-cap-au-sud-2-journees-de-fort-engagement\/\" \/>\n<meta property=\"og:site_name\" content=\"News Est Lyonnais\" \/>\n<meta property=\"article:author\" content=\"https:\/\/www.facebook.com\/pascal.oberson.1?fref=ts\" \/>\n<meta property=\"article:published_time\" content=\"2017-05-22T06:21:14+00:00\" \/>\n<meta property=\"article:modified_time\" content=\"2020-05-24T13:13:59+00:00\" \/>\n<meta property=\"og:image\" content=\"https:\/\/i2.wp.com\/newsestlyonnais.fr\/site\/wp-content\/uploads\/2017\/05\/NEWSESTLYONNAIS-PRES-HANDI-CAP-AU-SUD.jpg?fit=1000%2C750&ssl=1\" \/>\n\t<meta property=\"og:image:width\" content=\"1000\" \/>\n\t<meta property=\"og:image:height\" content=\"750\" \/>\n\t<meta property=\"og:image:type\" content=\"image\/jpeg\" \/>\n<meta name=\"author\" content=\"R\u00e9dac. NEWS\" \/>\n<meta name=\"twitter:card\" content=\"summary_large_image\" \/>\n<meta name=\"twitter:label1\" content=\"\u00c9crit par\" \/>\n\t<meta name=\"twitter:data1\" content=\"R\u00e9dac. NEWS\" \/>\n\t<meta name=\"twitter:label2\" content=\"Dur\u00e9e de lecture estim\u00e9e\" \/>\n\t<meta name=\"twitter:data2\" content=\"1 minute\" \/>\n<script type=\"application\/ld+json\" class=\"yoast-schema-graph\">{\"@context\":\"https:\/\/schema.org\",\"@graph\":[{\"@type\":\"Article\",\"@id\":\"https:\/\/newsestlyonnais.fr\/site\/2017\/05\/22\/vaulx-en-velin-handi-cap-au-sud-2-journees-de-fort-engagement\/#article\",\"isPartOf\":{\"@id\":\"https:\/\/newsestlyonnais.fr\/site\/2017\/05\/22\/vaulx-en-velin-handi-cap-au-sud-2-journees-de-fort-engagement\/\"},\"author\":{\"name\":\"R\u00e9dac. NEWS\",\"@id\":\"https:\/\/newsestlyonnais.fr\/site\/#\/schema\/person\/3230d5615f390bb808365d673001e887\"},\"headline\":\"VAULX-EN-VELIN | HANDI&rsquo; CAP au Sud &gt; 2 journ\u00e9es de fort engagement\",\"datePublished\":\"2017-05-22T06:21:14+00:00\",\"dateModified\":\"2020-05-24T13:13:59+00:00\",\"mainEntityOfPage\":{\"@id\":\"https:\/\/newsestlyonnais.fr\/site\/2017\/05\/22\/vaulx-en-velin-handi-cap-au-sud-2-journees-de-fort-engagement\/\"},\"wordCount\":116,\"commentCount\":0,\"publisher\":{\"@id\":\"https:\/\/newsestlyonnais.fr\/site\/#organization\"},\"image\":{\"@id\":\"https:\/\/newsestlyonnais.fr\/site\/2017\/05\/22\/vaulx-en-velin-handi-cap-au-sud-2-journees-de-fort-engagement\/#primaryimage\"},\"thumbnailUrl\":\"https:\/\/newsestlyonnais.fr\/site\/wp-content\/uploads\/2017\/05\/NEWSESTLYONNAIS-PRES-HANDI-CAP-AU-SUD.jpg\",\"articleSection\":[\"\u00e0 la une\",\"Handi &amp; adapt\u00e9\",\"Sports\",\"Vaulx-en-Velin\"],\"inLanguage\":\"fr-FR\",\"potentialAction\":[{\"@type\":\"CommentAction\",\"name\":\"Comment\",\"target\":[\"https:\/\/newsestlyonnais.fr\/site\/2017\/05\/22\/vaulx-en-velin-handi-cap-au-sud-2-journees-de-fort-engagement\/#respond\"]}]},{\"@type\":\"WebPage\",\"@id\":\"https:\/\/newsestlyonnais.fr\/site\/2017\/05\/22\/vaulx-en-velin-handi-cap-au-sud-2-journees-de-fort-engagement\/\",\"url\":\"https:\/\/newsestlyonnais.fr\/site\/2017\/05\/22\/vaulx-en-velin-handi-cap-au-sud-2-journees-de-fort-engagement\/\",\"name\":\"VAULX-EN-VELIN | HANDI' CAP au Sud &gt; 2 journ\u00e9es de fort engagement - News Est Lyonnais\",\"isPartOf\":{\"@id\":\"https:\/\/newsestlyonnais.fr\/site\/#website\"},\"primaryImageOfPage\":{\"@id\":\"https:\/\/newsestlyonnais.fr\/site\/2017\/05\/22\/vaulx-en-velin-handi-cap-au-sud-2-journees-de-fort-engagement\/#primaryimage\"},\"image\":{\"@id\":\"https:\/\/newsestlyonnais.fr\/site\/2017\/05\/22\/vaulx-en-velin-handi-cap-au-sud-2-journees-de-fort-engagement\/#primaryimage\"},\"thumbnailUrl\":\"https:\/\/newsestlyonnais.fr\/site\/wp-content\/uploads\/2017\/05\/NEWSESTLYONNAIS-PRES-HANDI-CAP-AU-SUD.jpg\",\"datePublished\":\"2017-05-22T06:21:14+00:00\",\"dateModified\":\"2020-05-24T13:13:59+00:00\",\"description\":\"VAULX-EN-VELIN | HANDI' CAP au Sud > 2 journ\u00e9es de fort engagement\",\"breadcrumb\":{\"@id\":\"https:\/\/newsestlyonnais.fr\/site\/2017\/05\/22\/vaulx-en-velin-handi-cap-au-sud-2-journees-de-fort-engagement\/#breadcrumb\"},\"inLanguage\":\"fr-FR\",\"potentialAction\":[{\"@type\":\"ReadAction\",\"target\":[\"https:\/\/newsestlyonnais.fr\/site\/2017\/05\/22\/vaulx-en-velin-handi-cap-au-sud-2-journees-de-fort-engagement\/\"]}]},{\"@type\":\"ImageObject\",\"inLanguage\":\"fr-FR\",\"@id\":\"https:\/\/newsestlyonnais.fr\/site\/2017\/05\/22\/vaulx-en-velin-handi-cap-au-sud-2-journees-de-fort-engagement\/#primaryimage\",\"url\":\"https:\/\/newsestlyonnais.fr\/site\/wp-content\/uploads\/2017\/05\/NEWSESTLYONNAIS-PRES-HANDI-CAP-AU-SUD.jpg\",\"contentUrl\":\"https:\/\/newsestlyonnais.fr\/site\/wp-content\/uploads\/2017\/05\/NEWSESTLYONNAIS-PRES-HANDI-CAP-AU-SUD.jpg\",\"width\":1000,\"height\":750,\"caption\":\"NEWSESTLYONNAIS - PRES HANDI CAP AU SUD\"},{\"@type\":\"BreadcrumbList\",\"@id\":\"https:\/\/newsestlyonnais.fr\/site\/2017\/05\/22\/vaulx-en-velin-handi-cap-au-sud-2-journees-de-fort-engagement\/#breadcrumb\",\"itemListElement\":[{\"@type\":\"ListItem\",\"position\":1,\"name\":\"Accueil\",\"item\":\"https:\/\/newsestlyonnais.fr\/site\/\"},{\"@type\":\"ListItem\",\"position\":2,\"name\":\"VAULX-EN-VELIN | HANDI&rsquo; CAP au Sud &gt; 2 journ\u00e9es de fort engagement\"}]},{\"@type\":\"WebSite\",\"@id\":\"https:\/\/newsestlyonnais.fr\/site\/#website\",\"url\":\"https:\/\/newsestlyonnais.fr\/site\/\",\"name\":\"News Est Lyonnais\",\"description\":\"L&#039;actualit\u00e9 au plus pr\u00e8s\",\"publisher\":{\"@id\":\"https:\/\/newsestlyonnais.fr\/site\/#organization\"},\"potentialAction\":[{\"@type\":\"SearchAction\",\"target\":{\"@type\":\"EntryPoint\",\"urlTemplate\":\"https:\/\/newsestlyonnais.fr\/site\/?s={search_term_string}\"},\"query-input\":{\"@type\":\"PropertyValueSpecification\",\"valueRequired\":true,\"valueName\":\"search_term_string\"}}],\"inLanguage\":\"fr-FR\"},{\"@type\":\"Organization\",\"@id\":\"https:\/\/newsestlyonnais.fr\/site\/#organization\",\"name\":\"News EST LYONNAIS\",\"url\":\"https:\/\/newsestlyonnais.fr\/site\/\",\"logo\":{\"@type\":\"ImageObject\",\"inLanguage\":\"fr-FR\",\"@id\":\"https:\/\/newsestlyonnais.fr\/site\/#\/schema\/logo\/image\/\",\"url\":\"\",\"contentUrl\":\"\",\"caption\":\"News EST LYONNAIS\"},\"image\":{\"@id\":\"https:\/\/newsestlyonnais.fr\/site\/#\/schema\/logo\/image\/\"}},{\"@type\":\"Person\",\"@id\":\"https:\/\/newsestlyonnais.fr\/site\/#\/schema\/person\/3230d5615f390bb808365d673001e887\",\"name\":\"R\u00e9dac. NEWS\",\"sameAs\":[\"http:\/\/www.newsestlyonnais.fr\",\"https:\/\/www.facebook.com\/pascal.oberson.1?fref=ts\",\"https:\/\/fr.linkedin.com\/in\/pascal-oberson-b17045113\"],\"url\":\"https:\/\/newsestlyonnais.fr\/site\/author\/nel\/\"}]}<\/script>\n<!-- \/ Yoast SEO plugin. -->","yoast_head_json":{"title":"VAULX-EN-VELIN | HANDI' CAP au Sud &gt; 2 journ\u00e9es de fort engagement - News Est Lyonnais","description":"VAULX-EN-VELIN | HANDI' CAP au Sud > 2 journ\u00e9es de fort engagement","robots":{"index":"index","follow":"follow","max-snippet":"max-snippet:-1","max-image-preview":"max-image-preview:large","max-video-preview":"max-video-preview:-1"},"canonical":"https:\/\/newsestlyonnais.fr\/site\/2017\/05\/22\/vaulx-en-velin-handi-cap-au-sud-2-journees-de-fort-engagement\/","og_locale":"fr_FR","og_type":"article","og_title":"VAULX-EN-VELIN | HANDI' CAP au Sud &gt; 2 journ\u00e9es de fort engagement - News Est Lyonnais","og_description":"VAULX-EN-VELIN | HANDI' CAP au Sud > 2 journ\u00e9es de fort engagement","og_url":"https:\/\/newsestlyonnais.fr\/site\/2017\/05\/22\/vaulx-en-velin-handi-cap-au-sud-2-journees-de-fort-engagement\/","og_site_name":"News Est Lyonnais","article_author":"https:\/\/www.facebook.com\/pascal.oberson.1?fref=ts","article_published_time":"2017-05-22T06:21:14+00:00","article_modified_time":"2020-05-24T13:13:59+00:00","og_image":[{"width":1000,"height":750,"url":"https:\/\/i2.wp.com\/newsestlyonnais.fr\/site\/wp-content\/uploads\/2017\/05\/NEWSESTLYONNAIS-PRES-HANDI-CAP-AU-SUD.jpg?fit=1000%2C750&ssl=1","type":"image\/jpeg"}],"author":"R\u00e9dac. NEWS","twitter_card":"summary_large_image","twitter_misc":{"\u00c9crit par":"R\u00e9dac. NEWS","Dur\u00e9e de lecture estim\u00e9e":"1 minute"},"schema":{"@context":"https:\/\/schema.org","@graph":[{"@type":"Article","@id":"https:\/\/newsestlyonnais.fr\/site\/2017\/05\/22\/vaulx-en-velin-handi-cap-au-sud-2-journees-de-fort-engagement\/#article","isPartOf":{"@id":"https:\/\/newsestlyonnais.fr\/site\/2017\/05\/22\/vaulx-en-velin-handi-cap-au-sud-2-journees-de-fort-engagement\/"},"author":{"name":"R\u00e9dac. NEWS","@id":"https:\/\/newsestlyonnais.fr\/site\/#\/schema\/person\/3230d5615f390bb808365d673001e887"},"headline":"VAULX-EN-VELIN | HANDI&rsquo; CAP au Sud &gt; 2 journ\u00e9es de fort engagement","datePublished":"2017-05-22T06:21:14+00:00","dateModified":"2020-05-24T13:13:59+00:00","mainEntityOfPage":{"@id":"https:\/\/newsestlyonnais.fr\/site\/2017\/05\/22\/vaulx-en-velin-handi-cap-au-sud-2-journees-de-fort-engagement\/"},"wordCount":116,"commentCount":0,"publisher":{"@id":"https:\/\/newsestlyonnais.fr\/site\/#organization"},"image":{"@id":"https:\/\/newsestlyonnais.fr\/site\/2017\/05\/22\/vaulx-en-velin-handi-cap-au-sud-2-journees-de-fort-engagement\/#primaryimage"},"thumbnailUrl":"https:\/\/newsestlyonnais.fr\/site\/wp-content\/uploads\/2017\/05\/NEWSESTLYONNAIS-PRES-HANDI-CAP-AU-SUD.jpg","articleSection":["\u00e0 la une","Handi &amp; adapt\u00e9","Sports","Vaulx-en-Velin"],"inLanguage":"fr-FR","potentialAction":[{"@type":"CommentAction","name":"Comment","target":["https:\/\/newsestlyonnais.fr\/site\/2017\/05\/22\/vaulx-en-velin-handi-cap-au-sud-2-journees-de-fort-engagement\/#respond"]}]},{"@type":"WebPage","@id":"https:\/\/newsestlyonnais.fr\/site\/2017\/05\/22\/vaulx-en-velin-handi-cap-au-sud-2-journees-de-fort-engagement\/","url":"https:\/\/newsestlyonnais.fr\/site\/2017\/05\/22\/vaulx-en-velin-handi-cap-au-sud-2-journees-de-fort-engagement\/","name":"VAULX-EN-VELIN | HANDI' CAP au Sud &gt; 2 journ\u00e9es de fort engagement - News Est Lyonnais","isPartOf":{"@id":"https:\/\/newsestlyonnais.fr\/site\/#website"},"primaryImageOfPage":{"@id":"https:\/\/newsestlyonnais.fr\/site\/2017\/05\/22\/vaulx-en-velin-handi-cap-au-sud-2-journees-de-fort-engagement\/#primaryimage"},"image":{"@id":"https:\/\/newsestlyonnais.fr\/site\/2017\/05\/22\/vaulx-en-velin-handi-cap-au-sud-2-journees-de-fort-engagement\/#primaryimage"},"thumbnailUrl":"https:\/\/newsestlyonnais.fr\/site\/wp-content\/uploads\/2017\/05\/NEWSESTLYONNAIS-PRES-HANDI-CAP-AU-SUD.jpg","datePublished":"2017-05-22T06:21:14+00:00","dateModified":"2020-05-24T13:13:59+00:00","description":"VAULX-EN-VELIN | HANDI' CAP au Sud > 2 journ\u00e9es de fort engagement","breadcrumb":{"@id":"https:\/\/newsestlyonnais.fr\/site\/2017\/05\/22\/vaulx-en-velin-handi-cap-au-sud-2-journees-de-fort-engagement\/#breadcrumb"},"inLanguage":"fr-FR","potentialAction":[{"@type":"ReadAction","target":["https:\/\/newsestlyonnais.fr\/site\/2017\/05\/22\/vaulx-en-velin-handi-cap-au-sud-2-journees-de-fort-engagement\/"]}]},{"@type":"ImageObject","inLanguage":"fr-FR","@id":"https:\/\/newsestlyonnais.fr\/site\/2017\/05\/22\/vaulx-en-velin-handi-cap-au-sud-2-journees-de-fort-engagement\/#primaryimage","url":"https:\/\/newsestlyonnais.fr\/site\/wp-content\/uploads\/2017\/05\/NEWSESTLYONNAIS-PRES-HANDI-CAP-AU-SUD.jpg","contentUrl":"https:\/\/newsestlyonnais.fr\/site\/wp-content\/uploads\/2017\/05\/NEWSESTLYONNAIS-PRES-HANDI-CAP-AU-SUD.jpg","width":1000,"height":750,"caption":"NEWSESTLYONNAIS - PRES HANDI CAP AU SUD"},{"@type":"BreadcrumbList","@id":"https:\/\/newsestlyonnais.fr\/site\/2017\/05\/22\/vaulx-en-velin-handi-cap-au-sud-2-journees-de-fort-engagement\/#breadcrumb","itemListElement":[{"@type":"ListItem","position":1,"name":"Accueil","item":"https:\/\/newsestlyonnais.fr\/site\/"},{"@type":"ListItem","position":2,"name":"VAULX-EN-VELIN | HANDI&rsquo; CAP au Sud &gt; 2 journ\u00e9es de fort engagement"}]},{"@type":"WebSite","@id":"https:\/\/newsestlyonnais.fr\/site\/#website","url":"https:\/\/newsestlyonnais.fr\/site\/","name":"News Est Lyonnais","description":"L&#039;actualit\u00e9 au plus pr\u00e8s","publisher":{"@id":"https:\/\/newsestlyonnais.fr\/site\/#organization"},"potentialAction":[{"@type":"SearchAction","target":{"@type":"EntryPoint","urlTemplate":"https:\/\/newsestlyonnais.fr\/site\/?s={search_term_string}"},"query-input":{"@type":"PropertyValueSpecification","valueRequired":true,"valueName":"search_term_string"}}],"inLanguage":"fr-FR"},{"@type":"Organization","@id":"https:\/\/newsestlyonnais.fr\/site\/#organization","name":"News EST LYONNAIS","url":"https:\/\/newsestlyonnais.fr\/site\/","logo":{"@type":"ImageObject","inLanguage":"fr-FR","@id":"https:\/\/newsestlyonnais.fr\/site\/#\/schema\/logo\/image\/","url":"","contentUrl":"","caption":"News EST LYONNAIS"},"image":{"@id":"https:\/\/newsestlyonnais.fr\/site\/#\/schema\/logo\/image\/"}},{"@type":"Person","@id":"https:\/\/newsestlyonnais.fr\/site\/#\/schema\/person\/3230d5615f390bb808365d673001e887","name":"R\u00e9dac. NEWS","sameAs":["http:\/\/www.newsestlyonnais.fr","https:\/\/www.facebook.com\/pascal.oberson.1?fref=ts","https:\/\/fr.linkedin.com\/in\/pascal-oberson-b17045113"],"url":"https:\/\/newsestlyonnais.fr\/site\/author\/nel\/"}]}},"_links":{"self":[{"href":"https:\/\/newsestlyonnais.fr\/site\/wp-json\/wp\/v2\/posts\/27164","targetHints":{"allow":["GET"]}}],"collection":[{"href":"https:\/\/newsestlyonnais.fr\/site\/wp-json\/wp\/v2\/posts"}],"about":[{"href":"https:\/\/newsestlyonnais.fr\/site\/wp-json\/wp\/v2\/types\/post"}],"author":[{"embeddable":true,"href":"https:\/\/newsestlyonnais.fr\/site\/wp-json\/wp\/v2\/users\/4"}],"replies":[{"embeddable":true,"href":"https:\/\/newsestlyonnais.fr\/site\/wp-json\/wp\/v2\/comments?post=27164"}],"version-history":[{"count":0,"href":"https:\/\/newsestlyonnais.fr\/site\/wp-json\/wp\/v2\/posts\/27164\/revisions"}],"wp:featuredmedia":[{"embeddable":true,"href":"https:\/\/newsestlyonnais.fr\/site\/wp-json\/wp\/v2\/media\/27168"}],"wp:attachment":[{"href":"https:\/\/newsestlyonnais.fr\/site\/wp-json\/wp\/v2\/media?parent=27164"}],"wp:term":[{"taxonomy":"category","embeddable":true,"href":"https:\/\/newsestlyonnais.fr\/site\/wp-json\/wp\/v2\/categories?post=27164"},{"taxonomy":"post_tag","embeddable":true,"href":"https:\/\/newsestlyonnais.fr\/site\/wp-json\/wp\/v2\/tags?post=27164"}],"curies":[{"name":"wp","href":"https:\/\/api.w.org\/{rel}","templated":true}]}}