{"id":27217,"date":"2017-05-21T06:08:29","date_gmt":"2017-05-21T05:08:29","guid":{"rendered":"http:\/\/newsestlyonnais.fr\/site\/?p=27217"},"modified":"2022-07-04T12:49:45","modified_gmt":"2022-07-04T11:49:45","slug":"vaulx-en-velin-portrait-de-clarisse-barbier-halterophile-qui-participe-samedi-aux-championnats-de-france-cadets","status":"publish","type":"post","link":"https:\/\/newsestlyonnais.fr\/site\/2017\/05\/21\/vaulx-en-velin-portrait-de-clarisse-barbier-halterophile-qui-participe-samedi-aux-championnats-de-france-cadets\/","title":{"rendered":"VAULX-EN-VELIN | Clarisse Barbier (halt\u00e9rophile) participe samedi aux championnats de France cadets"},"content":{"rendered":"<h4 class=\"ox-9e4a445e6b-MsoNormal\">Les deux derni\u00e8res comp\u00e9titions de l\u2019ann\u00e9e pour le club Halt\u00e9rophile de Vaulx en Velin se profilent dans les trois prochaines semaines.<\/h4>\n<p class=\"ox-9e4a445e6b-MsoNormal\">D&rsquo;abord il s\u2019agit des championnats de France Cadets Juniors qui auront lieu \u00e0 Marseille samedi 27 mai puis ceux des\u00a0 Seniors qui se disputeront \u00e0 Mont de Marsan les 10 et 11 juin prochains.<\/p>\n<p class=\"ox-9e4a445e6b-MsoNormal\">Au total, la club pr\u00e9sentera sur ces deux comp\u00e9titions nationales, pas moins de <strong>6 athl\u00e8tes<\/strong> (5 filles et un gar\u00e7on) ce qui constitue <strong>un record pour le club<\/strong>.<\/p>\n<p class=\"ox-9e4a445e6b-MsoNormal\"><strong>Le club vaudais a choisi de vous pr\u00e9senter plusieurs de ces athl\u00e8tes qualifi\u00e9s pour les championnats de France :\u00a0<\/strong><\/p>\n<p class=\"ox-9e4a445e6b-MsoNormal\">Aujourd&rsquo;hui, petit portrait de <strong>Clarisse Barbier<\/strong>, jeune cadette de 17 ans qui repr\u00e9sentera son club et la ville de Vaulx en Velin en Cadet- Junior \u00e0 Marseille ce samedi.<\/p>\n<ul>\n<li class=\"ox-9e4a445e6b-MsoNormal\">Elle a commenc\u00e9 l\u2019halt\u00e9rophilie \u00e0 l\u2019\u00e2ge de 10 ans et disputera d\u00e9j\u00e0 ses 4\u00b0 championnats de France !<\/li>\n<li class=\"ox-9e4a445e6b-MsoNormal\">Vice-Championne de France en titre (cadette 2 en -58 kg), elle essayera d\u2019am\u00e9liorer cette performance pour sa derni\u00e8re ann\u00e9e cadette.<\/li>\n<li class=\"ox-9e4a445e6b-MsoNormal\">Elle a \u00e9galement \u00e9t\u00e9 vice-championne de France minime (2014) et championne de France cadette (2015) en\u00a0 -53 kg.<\/li>\n<\/ul>\n<p class=\"ox-9e4a445e6b-MsoNormal\">Pr\u00e9sentation des athl\u00e8tes seniors \u00e0 suivre\u2026<\/p>\n<ul>\n<li class=\"ox-9e4a445e6b-MsoNormal\">Pour plus de renseignement sur la comp\u00e9tition\u00a0: <a href=\"http:\/\/mpsport2017-haltero.fr\/index.php\/about\/\" target=\"_blank\" rel=\"noopener noreferrer\">http:\/\/mpsport2017-haltero.fr\/index.php\/about\/<\/a><\/li>\n<\/ul>\n<p>&nbsp;<\/p>\n","protected":false},"excerpt":{"rendered":"<p>Les deux derni\u00e8res comp\u00e9titions de l\u2019ann\u00e9e pour le club Halt\u00e9rophile de Vaulx en Velin se profilent dans les trois prochaines semaines. D&rsquo;abord il s\u2019agit des championnats de France Cadets Juniors qui auront lieu \u00e0 Marseille samedi 27 mai puis ceux des\u00a0 Seniors qui se disputeront \u00e0 Mont de Marsan les 10 et 11 juin prochains. [&hellip;]<\/p>\n","protected":false},"author":4,"featured_media":27230,"comment_status":"open","ping_status":"open","sticky":false,"template":"","format":"standard","meta":{"footnotes":""},"categories":[574,166,3421,28],"tags":[],"class_list":["post-27217","post","type-post","status-publish","format-standard","has-post-thumbnail","hentry","category-autres-sports","category-divers-sports","category-feminin-actu-au","category-vaulx-en-velin"],"yoast_head":"<!-- This site is optimized with the Yoast SEO plugin v27.2 - https:\/\/yoast.com\/product\/yoast-seo-wordpress\/ -->\n<title>VAULX EN VELIN : Portrait de Clarisse Barbier (halt\u00e9rophile) qui participe samedi aux championnats de France cadets<\/title>\n<meta name=\"description\" content=\"VAULX EN VELIN : Portrait de Clarisse Barbier (halt\u00e9rophile) qui participe samedi aux championnats de France cadets\" \/>\n<meta name=\"robots\" content=\"index, follow, max-snippet:-1, max-image-preview:large, max-video-preview:-1\" \/>\n<link rel=\"canonical\" href=\"https:\/\/newsestlyonnais.fr\/site\/2017\/05\/21\/vaulx-en-velin-portrait-de-clarisse-barbier-halterophile-qui-participe-samedi-aux-championnats-de-france-cadets\/\" \/>\n<meta property=\"og:locale\" content=\"fr_FR\" \/>\n<meta property=\"og:type\" content=\"article\" \/>\n<meta property=\"og:title\" content=\"VAULX EN VELIN : Portrait de Clarisse Barbier (halt\u00e9rophile) qui participe samedi aux championnats de France cadets\" \/>\n<meta property=\"og:description\" content=\"VAULX EN VELIN : Portrait de Clarisse Barbier (halt\u00e9rophile) qui participe samedi aux championnats de France cadets\" \/>\n<meta property=\"og:url\" content=\"https:\/\/newsestlyonnais.fr\/site\/2017\/05\/21\/vaulx-en-velin-portrait-de-clarisse-barbier-halterophile-qui-participe-samedi-aux-championnats-de-france-cadets\/\" \/>\n<meta property=\"og:site_name\" content=\"News Est Lyonnais\" \/>\n<meta property=\"article:author\" content=\"https:\/\/www.facebook.com\/pascal.oberson.1?fref=ts\" \/>\n<meta property=\"article:published_time\" content=\"2017-05-21T05:08:29+00:00\" \/>\n<meta property=\"article:modified_time\" content=\"2022-07-04T11:49:45+00:00\" \/>\n<meta property=\"og:image\" content=\"https:\/\/newsestlyonnais.fr\/site\/wp-content\/uploads\/2017\/05\/NEWSESTLYONNAIS-PORTRAIT-CLARISSE.jpg\" \/>\n\t<meta property=\"og:image:width\" content=\"1000\" \/>\n\t<meta property=\"og:image:height\" content=\"750\" \/>\n\t<meta property=\"og:image:type\" content=\"image\/jpeg\" \/>\n<meta name=\"author\" content=\"R\u00e9dac. NEWS\" \/>\n<meta name=\"twitter:card\" content=\"summary_large_image\" \/>\n<meta name=\"twitter:label1\" content=\"\u00c9crit par\" \/>\n\t<meta name=\"twitter:data1\" content=\"R\u00e9dac. NEWS\" \/>\n\t<meta name=\"twitter:label2\" content=\"Dur\u00e9e de lecture estim\u00e9e\" \/>\n\t<meta name=\"twitter:data2\" content=\"1 minute\" \/>\n<script type=\"application\/ld+json\" class=\"yoast-schema-graph\">{\"@context\":\"https:\/\/schema.org\",\"@graph\":[{\"@type\":\"Article\",\"@id\":\"https:\/\/newsestlyonnais.fr\/site\/2017\/05\/21\/vaulx-en-velin-portrait-de-clarisse-barbier-halterophile-qui-participe-samedi-aux-championnats-de-france-cadets\/#article\",\"isPartOf\":{\"@id\":\"https:\/\/newsestlyonnais.fr\/site\/2017\/05\/21\/vaulx-en-velin-portrait-de-clarisse-barbier-halterophile-qui-participe-samedi-aux-championnats-de-france-cadets\/\"},\"author\":{\"name\":\"R\u00e9dac. NEWS\",\"@id\":\"https:\/\/newsestlyonnais.fr\/site\/#\/schema\/person\/3230d5615f390bb808365d673001e887\"},\"headline\":\"VAULX-EN-VELIN | Clarisse Barbier (halt\u00e9rophile) participe samedi aux championnats de France cadets\",\"datePublished\":\"2017-05-21T05:08:29+00:00\",\"dateModified\":\"2022-07-04T11:49:45+00:00\",\"mainEntityOfPage\":{\"@id\":\"https:\/\/newsestlyonnais.fr\/site\/2017\/05\/21\/vaulx-en-velin-portrait-de-clarisse-barbier-halterophile-qui-participe-samedi-aux-championnats-de-france-cadets\/\"},\"wordCount\":229,\"commentCount\":0,\"publisher\":{\"@id\":\"https:\/\/newsestlyonnais.fr\/site\/#organization\"},\"image\":{\"@id\":\"https:\/\/newsestlyonnais.fr\/site\/2017\/05\/21\/vaulx-en-velin-portrait-de-clarisse-barbier-halterophile-qui-participe-samedi-aux-championnats-de-france-cadets\/#primaryimage\"},\"thumbnailUrl\":\"https:\/\/newsestlyonnais.fr\/site\/wp-content\/uploads\/2017\/05\/NEWSESTLYONNAIS-PORTRAIT-CLARISSE.jpg\",\"articleSection\":[\"Autres sports\",\"Divers Sports\",\"F\u00e9minin (Actu au)\",\"Vaulx-en-Velin\"],\"inLanguage\":\"fr-FR\",\"potentialAction\":[{\"@type\":\"CommentAction\",\"name\":\"Comment\",\"target\":[\"https:\/\/newsestlyonnais.fr\/site\/2017\/05\/21\/vaulx-en-velin-portrait-de-clarisse-barbier-halterophile-qui-participe-samedi-aux-championnats-de-france-cadets\/#respond\"]}]},{\"@type\":\"WebPage\",\"@id\":\"https:\/\/newsestlyonnais.fr\/site\/2017\/05\/21\/vaulx-en-velin-portrait-de-clarisse-barbier-halterophile-qui-participe-samedi-aux-championnats-de-france-cadets\/\",\"url\":\"https:\/\/newsestlyonnais.fr\/site\/2017\/05\/21\/vaulx-en-velin-portrait-de-clarisse-barbier-halterophile-qui-participe-samedi-aux-championnats-de-france-cadets\/\",\"name\":\"VAULX EN VELIN : Portrait de Clarisse Barbier (halt\u00e9rophile) qui participe samedi aux championnats de France cadets\",\"isPartOf\":{\"@id\":\"https:\/\/newsestlyonnais.fr\/site\/#website\"},\"primaryImageOfPage\":{\"@id\":\"https:\/\/newsestlyonnais.fr\/site\/2017\/05\/21\/vaulx-en-velin-portrait-de-clarisse-barbier-halterophile-qui-participe-samedi-aux-championnats-de-france-cadets\/#primaryimage\"},\"image\":{\"@id\":\"https:\/\/newsestlyonnais.fr\/site\/2017\/05\/21\/vaulx-en-velin-portrait-de-clarisse-barbier-halterophile-qui-participe-samedi-aux-championnats-de-france-cadets\/#primaryimage\"},\"thumbnailUrl\":\"https:\/\/newsestlyonnais.fr\/site\/wp-content\/uploads\/2017\/05\/NEWSESTLYONNAIS-PORTRAIT-CLARISSE.jpg\",\"datePublished\":\"2017-05-21T05:08:29+00:00\",\"dateModified\":\"2022-07-04T11:49:45+00:00\",\"description\":\"VAULX EN VELIN : Portrait de Clarisse Barbier (halt\u00e9rophile) qui participe samedi aux championnats de France cadets\",\"breadcrumb\":{\"@id\":\"https:\/\/newsestlyonnais.fr\/site\/2017\/05\/21\/vaulx-en-velin-portrait-de-clarisse-barbier-halterophile-qui-participe-samedi-aux-championnats-de-france-cadets\/#breadcrumb\"},\"inLanguage\":\"fr-FR\",\"potentialAction\":[{\"@type\":\"ReadAction\",\"target\":[\"https:\/\/newsestlyonnais.fr\/site\/2017\/05\/21\/vaulx-en-velin-portrait-de-clarisse-barbier-halterophile-qui-participe-samedi-aux-championnats-de-france-cadets\/\"]}]},{\"@type\":\"ImageObject\",\"inLanguage\":\"fr-FR\",\"@id\":\"https:\/\/newsestlyonnais.fr\/site\/2017\/05\/21\/vaulx-en-velin-portrait-de-clarisse-barbier-halterophile-qui-participe-samedi-aux-championnats-de-france-cadets\/#primaryimage\",\"url\":\"https:\/\/newsestlyonnais.fr\/site\/wp-content\/uploads\/2017\/05\/NEWSESTLYONNAIS-PORTRAIT-CLARISSE.jpg\",\"contentUrl\":\"https:\/\/newsestlyonnais.fr\/site\/wp-content\/uploads\/2017\/05\/NEWSESTLYONNAIS-PORTRAIT-CLARISSE.jpg\",\"width\":1000,\"height\":750,\"caption\":\"NEWSESTLYONNAIS - PORTRAIT CLARISSE\"},{\"@type\":\"BreadcrumbList\",\"@id\":\"https:\/\/newsestlyonnais.fr\/site\/2017\/05\/21\/vaulx-en-velin-portrait-de-clarisse-barbier-halterophile-qui-participe-samedi-aux-championnats-de-france-cadets\/#breadcrumb\",\"itemListElement\":[{\"@type\":\"ListItem\",\"position\":1,\"name\":\"Accueil\",\"item\":\"https:\/\/newsestlyonnais.fr\/site\/\"},{\"@type\":\"ListItem\",\"position\":2,\"name\":\"VAULX-EN-VELIN | Clarisse Barbier (halt\u00e9rophile) participe samedi aux championnats de France cadets\"}]},{\"@type\":\"WebSite\",\"@id\":\"https:\/\/newsestlyonnais.fr\/site\/#website\",\"url\":\"https:\/\/newsestlyonnais.fr\/site\/\",\"name\":\"News Est Lyonnais\",\"description\":\"L&#039;actualit\u00e9 au plus pr\u00e8s\",\"publisher\":{\"@id\":\"https:\/\/newsestlyonnais.fr\/site\/#organization\"},\"potentialAction\":[{\"@type\":\"SearchAction\",\"target\":{\"@type\":\"EntryPoint\",\"urlTemplate\":\"https:\/\/newsestlyonnais.fr\/site\/?s={search_term_string}\"},\"query-input\":{\"@type\":\"PropertyValueSpecification\",\"valueRequired\":true,\"valueName\":\"search_term_string\"}}],\"inLanguage\":\"fr-FR\"},{\"@type\":\"Organization\",\"@id\":\"https:\/\/newsestlyonnais.fr\/site\/#organization\",\"name\":\"News EST LYONNAIS\",\"url\":\"https:\/\/newsestlyonnais.fr\/site\/\",\"logo\":{\"@type\":\"ImageObject\",\"inLanguage\":\"fr-FR\",\"@id\":\"https:\/\/newsestlyonnais.fr\/site\/#\/schema\/logo\/image\/\",\"url\":\"\",\"contentUrl\":\"\",\"caption\":\"News EST LYONNAIS\"},\"image\":{\"@id\":\"https:\/\/newsestlyonnais.fr\/site\/#\/schema\/logo\/image\/\"}},{\"@type\":\"Person\",\"@id\":\"https:\/\/newsestlyonnais.fr\/site\/#\/schema\/person\/3230d5615f390bb808365d673001e887\",\"name\":\"R\u00e9dac. NEWS\",\"sameAs\":[\"http:\/\/www.newsestlyonnais.fr\",\"https:\/\/www.facebook.com\/pascal.oberson.1?fref=ts\",\"https:\/\/fr.linkedin.com\/in\/pascal-oberson-b17045113\"],\"url\":\"https:\/\/newsestlyonnais.fr\/site\/author\/nel\/\"}]}<\/script>\n<!-- \/ Yoast SEO plugin. -->","yoast_head_json":{"title":"VAULX EN VELIN : Portrait de Clarisse Barbier (halt\u00e9rophile) qui participe samedi aux championnats de France cadets","description":"VAULX EN VELIN : Portrait de Clarisse Barbier (halt\u00e9rophile) qui participe samedi aux championnats de France cadets","robots":{"index":"index","follow":"follow","max-snippet":"max-snippet:-1","max-image-preview":"max-image-preview:large","max-video-preview":"max-video-preview:-1"},"canonical":"https:\/\/newsestlyonnais.fr\/site\/2017\/05\/21\/vaulx-en-velin-portrait-de-clarisse-barbier-halterophile-qui-participe-samedi-aux-championnats-de-france-cadets\/","og_locale":"fr_FR","og_type":"article","og_title":"VAULX EN VELIN : Portrait de Clarisse Barbier (halt\u00e9rophile) qui participe samedi aux championnats de France cadets","og_description":"VAULX EN VELIN : Portrait de Clarisse Barbier (halt\u00e9rophile) qui participe samedi aux championnats de France cadets","og_url":"https:\/\/newsestlyonnais.fr\/site\/2017\/05\/21\/vaulx-en-velin-portrait-de-clarisse-barbier-halterophile-qui-participe-samedi-aux-championnats-de-france-cadets\/","og_site_name":"News Est Lyonnais","article_author":"https:\/\/www.facebook.com\/pascal.oberson.1?fref=ts","article_published_time":"2017-05-21T05:08:29+00:00","article_modified_time":"2022-07-04T11:49:45+00:00","og_image":[{"width":1000,"height":750,"url":"https:\/\/newsestlyonnais.fr\/site\/wp-content\/uploads\/2017\/05\/NEWSESTLYONNAIS-PORTRAIT-CLARISSE.jpg","type":"image\/jpeg"}],"author":"R\u00e9dac. NEWS","twitter_card":"summary_large_image","twitter_misc":{"\u00c9crit par":"R\u00e9dac. NEWS","Dur\u00e9e de lecture estim\u00e9e":"1 minute"},"schema":{"@context":"https:\/\/schema.org","@graph":[{"@type":"Article","@id":"https:\/\/newsestlyonnais.fr\/site\/2017\/05\/21\/vaulx-en-velin-portrait-de-clarisse-barbier-halterophile-qui-participe-samedi-aux-championnats-de-france-cadets\/#article","isPartOf":{"@id":"https:\/\/newsestlyonnais.fr\/site\/2017\/05\/21\/vaulx-en-velin-portrait-de-clarisse-barbier-halterophile-qui-participe-samedi-aux-championnats-de-france-cadets\/"},"author":{"name":"R\u00e9dac. NEWS","@id":"https:\/\/newsestlyonnais.fr\/site\/#\/schema\/person\/3230d5615f390bb808365d673001e887"},"headline":"VAULX-EN-VELIN | Clarisse Barbier (halt\u00e9rophile) participe samedi aux championnats de France cadets","datePublished":"2017-05-21T05:08:29+00:00","dateModified":"2022-07-04T11:49:45+00:00","mainEntityOfPage":{"@id":"https:\/\/newsestlyonnais.fr\/site\/2017\/05\/21\/vaulx-en-velin-portrait-de-clarisse-barbier-halterophile-qui-participe-samedi-aux-championnats-de-france-cadets\/"},"wordCount":229,"commentCount":0,"publisher":{"@id":"https:\/\/newsestlyonnais.fr\/site\/#organization"},"image":{"@id":"https:\/\/newsestlyonnais.fr\/site\/2017\/05\/21\/vaulx-en-velin-portrait-de-clarisse-barbier-halterophile-qui-participe-samedi-aux-championnats-de-france-cadets\/#primaryimage"},"thumbnailUrl":"https:\/\/newsestlyonnais.fr\/site\/wp-content\/uploads\/2017\/05\/NEWSESTLYONNAIS-PORTRAIT-CLARISSE.jpg","articleSection":["Autres sports","Divers Sports","F\u00e9minin (Actu au)","Vaulx-en-Velin"],"inLanguage":"fr-FR","potentialAction":[{"@type":"CommentAction","name":"Comment","target":["https:\/\/newsestlyonnais.fr\/site\/2017\/05\/21\/vaulx-en-velin-portrait-de-clarisse-barbier-halterophile-qui-participe-samedi-aux-championnats-de-france-cadets\/#respond"]}]},{"@type":"WebPage","@id":"https:\/\/newsestlyonnais.fr\/site\/2017\/05\/21\/vaulx-en-velin-portrait-de-clarisse-barbier-halterophile-qui-participe-samedi-aux-championnats-de-france-cadets\/","url":"https:\/\/newsestlyonnais.fr\/site\/2017\/05\/21\/vaulx-en-velin-portrait-de-clarisse-barbier-halterophile-qui-participe-samedi-aux-championnats-de-france-cadets\/","name":"VAULX EN VELIN : Portrait de Clarisse Barbier (halt\u00e9rophile) qui participe samedi aux championnats de France cadets","isPartOf":{"@id":"https:\/\/newsestlyonnais.fr\/site\/#website"},"primaryImageOfPage":{"@id":"https:\/\/newsestlyonnais.fr\/site\/2017\/05\/21\/vaulx-en-velin-portrait-de-clarisse-barbier-halterophile-qui-participe-samedi-aux-championnats-de-france-cadets\/#primaryimage"},"image":{"@id":"https:\/\/newsestlyonnais.fr\/site\/2017\/05\/21\/vaulx-en-velin-portrait-de-clarisse-barbier-halterophile-qui-participe-samedi-aux-championnats-de-france-cadets\/#primaryimage"},"thumbnailUrl":"https:\/\/newsestlyonnais.fr\/site\/wp-content\/uploads\/2017\/05\/NEWSESTLYONNAIS-PORTRAIT-CLARISSE.jpg","datePublished":"2017-05-21T05:08:29+00:00","dateModified":"2022-07-04T11:49:45+00:00","description":"VAULX EN VELIN : Portrait de Clarisse Barbier (halt\u00e9rophile) qui participe samedi aux championnats de France cadets","breadcrumb":{"@id":"https:\/\/newsestlyonnais.fr\/site\/2017\/05\/21\/vaulx-en-velin-portrait-de-clarisse-barbier-halterophile-qui-participe-samedi-aux-championnats-de-france-cadets\/#breadcrumb"},"inLanguage":"fr-FR","potentialAction":[{"@type":"ReadAction","target":["https:\/\/newsestlyonnais.fr\/site\/2017\/05\/21\/vaulx-en-velin-portrait-de-clarisse-barbier-halterophile-qui-participe-samedi-aux-championnats-de-france-cadets\/"]}]},{"@type":"ImageObject","inLanguage":"fr-FR","@id":"https:\/\/newsestlyonnais.fr\/site\/2017\/05\/21\/vaulx-en-velin-portrait-de-clarisse-barbier-halterophile-qui-participe-samedi-aux-championnats-de-france-cadets\/#primaryimage","url":"https:\/\/newsestlyonnais.fr\/site\/wp-content\/uploads\/2017\/05\/NEWSESTLYONNAIS-PORTRAIT-CLARISSE.jpg","contentUrl":"https:\/\/newsestlyonnais.fr\/site\/wp-content\/uploads\/2017\/05\/NEWSESTLYONNAIS-PORTRAIT-CLARISSE.jpg","width":1000,"height":750,"caption":"NEWSESTLYONNAIS - PORTRAIT CLARISSE"},{"@type":"BreadcrumbList","@id":"https:\/\/newsestlyonnais.fr\/site\/2017\/05\/21\/vaulx-en-velin-portrait-de-clarisse-barbier-halterophile-qui-participe-samedi-aux-championnats-de-france-cadets\/#breadcrumb","itemListElement":[{"@type":"ListItem","position":1,"name":"Accueil","item":"https:\/\/newsestlyonnais.fr\/site\/"},{"@type":"ListItem","position":2,"name":"VAULX-EN-VELIN | Clarisse Barbier (halt\u00e9rophile) participe samedi aux championnats de France cadets"}]},{"@type":"WebSite","@id":"https:\/\/newsestlyonnais.fr\/site\/#website","url":"https:\/\/newsestlyonnais.fr\/site\/","name":"News Est Lyonnais","description":"L&#039;actualit\u00e9 au plus pr\u00e8s","publisher":{"@id":"https:\/\/newsestlyonnais.fr\/site\/#organization"},"potentialAction":[{"@type":"SearchAction","target":{"@type":"EntryPoint","urlTemplate":"https:\/\/newsestlyonnais.fr\/site\/?s={search_term_string}"},"query-input":{"@type":"PropertyValueSpecification","valueRequired":true,"valueName":"search_term_string"}}],"inLanguage":"fr-FR"},{"@type":"Organization","@id":"https:\/\/newsestlyonnais.fr\/site\/#organization","name":"News EST LYONNAIS","url":"https:\/\/newsestlyonnais.fr\/site\/","logo":{"@type":"ImageObject","inLanguage":"fr-FR","@id":"https:\/\/newsestlyonnais.fr\/site\/#\/schema\/logo\/image\/","url":"","contentUrl":"","caption":"News EST LYONNAIS"},"image":{"@id":"https:\/\/newsestlyonnais.fr\/site\/#\/schema\/logo\/image\/"}},{"@type":"Person","@id":"https:\/\/newsestlyonnais.fr\/site\/#\/schema\/person\/3230d5615f390bb808365d673001e887","name":"R\u00e9dac. NEWS","sameAs":["http:\/\/www.newsestlyonnais.fr","https:\/\/www.facebook.com\/pascal.oberson.1?fref=ts","https:\/\/fr.linkedin.com\/in\/pascal-oberson-b17045113"],"url":"https:\/\/newsestlyonnais.fr\/site\/author\/nel\/"}]}},"_links":{"self":[{"href":"https:\/\/newsestlyonnais.fr\/site\/wp-json\/wp\/v2\/posts\/27217","targetHints":{"allow":["GET"]}}],"collection":[{"href":"https:\/\/newsestlyonnais.fr\/site\/wp-json\/wp\/v2\/posts"}],"about":[{"href":"https:\/\/newsestlyonnais.fr\/site\/wp-json\/wp\/v2\/types\/post"}],"author":[{"embeddable":true,"href":"https:\/\/newsestlyonnais.fr\/site\/wp-json\/wp\/v2\/users\/4"}],"replies":[{"embeddable":true,"href":"https:\/\/newsestlyonnais.fr\/site\/wp-json\/wp\/v2\/comments?post=27217"}],"version-history":[{"count":0,"href":"https:\/\/newsestlyonnais.fr\/site\/wp-json\/wp\/v2\/posts\/27217\/revisions"}],"wp:featuredmedia":[{"embeddable":true,"href":"https:\/\/newsestlyonnais.fr\/site\/wp-json\/wp\/v2\/media\/27230"}],"wp:attachment":[{"href":"https:\/\/newsestlyonnais.fr\/site\/wp-json\/wp\/v2\/media?parent=27217"}],"wp:term":[{"taxonomy":"category","embeddable":true,"href":"https:\/\/newsestlyonnais.fr\/site\/wp-json\/wp\/v2\/categories?post=27217"},{"taxonomy":"post_tag","embeddable":true,"href":"https:\/\/newsestlyonnais.fr\/site\/wp-json\/wp\/v2\/tags?post=27217"}],"curies":[{"name":"wp","href":"https:\/\/api.w.org\/{rel}","templated":true}]}}