{"id":27302,"date":"2017-06-07T18:16:24","date_gmt":"2017-06-07T17:16:24","guid":{"rendered":"http:\/\/newsestlyonnais.fr\/site\/?p=27302"},"modified":"2022-07-04T12:48:52","modified_gmt":"2022-07-04T11:48:52","slug":"l-entente-sportive-laique-vaudaise-recense-138-adherents-pour-7-sections","status":"publish","type":"post","link":"https:\/\/newsestlyonnais.fr\/site\/2017\/06\/07\/l-entente-sportive-laique-vaudaise-recense-138-adherents-pour-7-sections\/","title":{"rendered":"L&rsquo;Entente Sportive Laique Vaudaise recense 138 adh\u00e9rents pour 7 sections"},"content":{"rendered":"<h4>Association multi-activit\u00e9s, l&rsquo;Entente Sportive Laique Vaudaise (E.S.L.V.), a \u00e9t\u00e9 fond\u00e9e en mai 1981 sous le nom d&rsquo;Association Sportive Laique des Enseignants de Vaulx en Velin (E.S.L.E.V.).<\/h4>\n<p>Elle est pr\u00e9sid\u00e9e depuis 2013, par Nacer Denfir, qui a succ\u00e9d\u00e9 \u00e0 Maurice Traversaz.<\/p>\n<p>\u00ab\u00a0Plaisir avant tout\u00a0\u00bb tel est le leitmotiv des dirigeants d&rsquo;un club qui propose \u00e0 travers ses diverses sections et de par son affiliation \u00e0 l&rsquo;UFOLEP, une pratique pour tous (en loisir ou comp\u00e9tition) :<\/p>\n<ul>\n<li>des sports individuels comme le <strong>badminton<\/strong>, plus grosse section du club avec 80 adh\u00e9rents, dont une dizaine de jeunes, et deux co-responsables, Aur\u00e9lie et Renan. La saison a \u00e9t\u00e9 bonne pour la section qui participe r\u00e9guli\u00e8rement \u00e0 des interclubs et avait termin\u00e9 18\u00b0 sur 60 en 2016 lors des championnats de France. Une vingtaine de pongistes se retrouvent au gymnase wallon au sein de la section <strong>tennis de table<\/strong> dirig\u00e9e par Vincent Becavin. Le <strong>tennis<\/strong> avec une dizaine de membres et le <strong>golf<\/strong> qui compte 20 pratiquants \u00e0 l&rsquo;Atol du grand Parc de Miribel-Jonage repr\u00e9sentant les deux autres sections.<\/li>\n<li>du sport collectif, avec la section <strong>foot<\/strong> dirig\u00e9e par Franck Exposito et qui regroupe 24 joueurs pratiquants au stade Aubert.<\/li>\n<li>Sans oublier, la <strong>chorale Vaulx K Lyz<\/strong> fond\u00e9e il y a 20 ans et qui se produit dans divers concerts dans toute la m\u00e9tropole et la <strong>section culturelle<\/strong> qui propose des sorties \u00e0 la d\u00e9couverte du patrimoine de la r\u00e9gion.<\/li>\n<\/ul>\n<p><strong>PHOTO A LA UNE<\/strong>:\u00a0 Les membres du Conseil d&rsquo;administration de l&rsquo;ESLV<\/p>\n","protected":false},"excerpt":{"rendered":"<p>Association multi-activit\u00e9s, l&rsquo;Entente Sportive Laique Vaudaise (E.S.L.V.), a \u00e9t\u00e9 fond\u00e9e en mai 1981 sous le nom d&rsquo;Association Sportive Laique des Enseignants de Vaulx en Velin (E.S.L.E.V.). Elle est pr\u00e9sid\u00e9e depuis 2013, par Nacer Denfir, qui a succ\u00e9d\u00e9 \u00e0 Maurice Traversaz. \u00ab\u00a0Plaisir avant tout\u00a0\u00bb tel est le leitmotiv des dirigeants d&rsquo;un club qui propose \u00e0 travers [&hellip;]<\/p>\n","protected":false},"author":4,"featured_media":27303,"comment_status":"open","ping_status":"open","sticky":false,"template":"","format":"standard","meta":{"footnotes":""},"categories":[574,166,28],"tags":[],"class_list":["post-27302","post","type-post","status-publish","format-standard","has-post-thumbnail","hentry","category-autres-sports","category-divers-sports","category-vaulx-en-velin"],"yoast_head":"<!-- This site is optimized with the Yoast SEO plugin v27.2 - https:\/\/yoast.com\/product\/yoast-seo-wordpress\/ -->\n<title>L&#039; Entente Sportive Laique Vaudaise recense 138 adh\u00e9rents pour 7 sections<\/title>\n<meta name=\"description\" content=\"L&#039; Entente Sportive Laique Vaudaise recense 138 adh\u00e9rents pour 7 sections\" \/>\n<meta name=\"robots\" content=\"index, follow, max-snippet:-1, max-image-preview:large, max-video-preview:-1\" \/>\n<link rel=\"canonical\" href=\"https:\/\/newsestlyonnais.fr\/site\/2017\/06\/07\/l-entente-sportive-laique-vaudaise-recense-138-adherents-pour-7-sections\/\" \/>\n<meta property=\"og:locale\" content=\"fr_FR\" \/>\n<meta property=\"og:type\" content=\"article\" \/>\n<meta property=\"og:title\" content=\"L&#039; Entente Sportive Laique Vaudaise recense 138 adh\u00e9rents pour 7 sections\" \/>\n<meta property=\"og:description\" content=\"L&#039; Entente Sportive Laique Vaudaise recense 138 adh\u00e9rents pour 7 sections\" \/>\n<meta property=\"og:url\" content=\"https:\/\/newsestlyonnais.fr\/site\/2017\/06\/07\/l-entente-sportive-laique-vaudaise-recense-138-adherents-pour-7-sections\/\" \/>\n<meta property=\"og:site_name\" content=\"News Est Lyonnais\" \/>\n<meta property=\"article:author\" content=\"https:\/\/www.facebook.com\/pascal.oberson.1?fref=ts\" \/>\n<meta property=\"article:published_time\" content=\"2017-06-07T17:16:24+00:00\" \/>\n<meta property=\"article:modified_time\" content=\"2022-07-04T11:48:52+00:00\" \/>\n<meta property=\"og:image\" content=\"https:\/\/newsestlyonnais.fr\/site\/wp-content\/uploads\/2017\/05\/NEWSESTLYONNAIS-bureau-ESLV-.jpg\" \/>\n\t<meta property=\"og:image:width\" content=\"1000\" \/>\n\t<meta property=\"og:image:height\" content=\"750\" \/>\n\t<meta property=\"og:image:type\" content=\"image\/jpeg\" \/>\n<meta name=\"author\" content=\"R\u00e9dac. NEWS\" \/>\n<meta name=\"twitter:card\" content=\"summary_large_image\" \/>\n<meta name=\"twitter:label1\" content=\"\u00c9crit par\" \/>\n\t<meta name=\"twitter:data1\" content=\"R\u00e9dac. NEWS\" \/>\n\t<meta name=\"twitter:label2\" content=\"Dur\u00e9e de lecture estim\u00e9e\" \/>\n\t<meta name=\"twitter:data2\" content=\"1 minute\" \/>\n<script type=\"application\/ld+json\" class=\"yoast-schema-graph\">{\"@context\":\"https:\/\/schema.org\",\"@graph\":[{\"@type\":\"Article\",\"@id\":\"https:\/\/newsestlyonnais.fr\/site\/2017\/06\/07\/l-entente-sportive-laique-vaudaise-recense-138-adherents-pour-7-sections\/#article\",\"isPartOf\":{\"@id\":\"https:\/\/newsestlyonnais.fr\/site\/2017\/06\/07\/l-entente-sportive-laique-vaudaise-recense-138-adherents-pour-7-sections\/\"},\"author\":{\"name\":\"R\u00e9dac. NEWS\",\"@id\":\"https:\/\/newsestlyonnais.fr\/site\/#\/schema\/person\/3230d5615f390bb808365d673001e887\"},\"headline\":\"L&rsquo;Entente Sportive Laique Vaudaise recense 138 adh\u00e9rents pour 7 sections\",\"datePublished\":\"2017-06-07T17:16:24+00:00\",\"dateModified\":\"2022-07-04T11:48:52+00:00\",\"mainEntityOfPage\":{\"@id\":\"https:\/\/newsestlyonnais.fr\/site\/2017\/06\/07\/l-entente-sportive-laique-vaudaise-recense-138-adherents-pour-7-sections\/\"},\"wordCount\":269,\"commentCount\":0,\"publisher\":{\"@id\":\"https:\/\/newsestlyonnais.fr\/site\/#organization\"},\"image\":{\"@id\":\"https:\/\/newsestlyonnais.fr\/site\/2017\/06\/07\/l-entente-sportive-laique-vaudaise-recense-138-adherents-pour-7-sections\/#primaryimage\"},\"thumbnailUrl\":\"https:\/\/newsestlyonnais.fr\/site\/wp-content\/uploads\/2017\/05\/NEWSESTLYONNAIS-bureau-ESLV-.jpg\",\"articleSection\":[\"Autres sports\",\"Divers Sports\",\"Vaulx-en-Velin\"],\"inLanguage\":\"fr-FR\",\"potentialAction\":[{\"@type\":\"CommentAction\",\"name\":\"Comment\",\"target\":[\"https:\/\/newsestlyonnais.fr\/site\/2017\/06\/07\/l-entente-sportive-laique-vaudaise-recense-138-adherents-pour-7-sections\/#respond\"]}]},{\"@type\":\"WebPage\",\"@id\":\"https:\/\/newsestlyonnais.fr\/site\/2017\/06\/07\/l-entente-sportive-laique-vaudaise-recense-138-adherents-pour-7-sections\/\",\"url\":\"https:\/\/newsestlyonnais.fr\/site\/2017\/06\/07\/l-entente-sportive-laique-vaudaise-recense-138-adherents-pour-7-sections\/\",\"name\":\"L' Entente Sportive Laique Vaudaise recense 138 adh\u00e9rents pour 7 sections\",\"isPartOf\":{\"@id\":\"https:\/\/newsestlyonnais.fr\/site\/#website\"},\"primaryImageOfPage\":{\"@id\":\"https:\/\/newsestlyonnais.fr\/site\/2017\/06\/07\/l-entente-sportive-laique-vaudaise-recense-138-adherents-pour-7-sections\/#primaryimage\"},\"image\":{\"@id\":\"https:\/\/newsestlyonnais.fr\/site\/2017\/06\/07\/l-entente-sportive-laique-vaudaise-recense-138-adherents-pour-7-sections\/#primaryimage\"},\"thumbnailUrl\":\"https:\/\/newsestlyonnais.fr\/site\/wp-content\/uploads\/2017\/05\/NEWSESTLYONNAIS-bureau-ESLV-.jpg\",\"datePublished\":\"2017-06-07T17:16:24+00:00\",\"dateModified\":\"2022-07-04T11:48:52+00:00\",\"description\":\"L' Entente Sportive Laique Vaudaise recense 138 adh\u00e9rents pour 7 sections\",\"breadcrumb\":{\"@id\":\"https:\/\/newsestlyonnais.fr\/site\/2017\/06\/07\/l-entente-sportive-laique-vaudaise-recense-138-adherents-pour-7-sections\/#breadcrumb\"},\"inLanguage\":\"fr-FR\",\"potentialAction\":[{\"@type\":\"ReadAction\",\"target\":[\"https:\/\/newsestlyonnais.fr\/site\/2017\/06\/07\/l-entente-sportive-laique-vaudaise-recense-138-adherents-pour-7-sections\/\"]}]},{\"@type\":\"ImageObject\",\"inLanguage\":\"fr-FR\",\"@id\":\"https:\/\/newsestlyonnais.fr\/site\/2017\/06\/07\/l-entente-sportive-laique-vaudaise-recense-138-adherents-pour-7-sections\/#primaryimage\",\"url\":\"https:\/\/newsestlyonnais.fr\/site\/wp-content\/uploads\/2017\/05\/NEWSESTLYONNAIS-bureau-ESLV-.jpg\",\"contentUrl\":\"https:\/\/newsestlyonnais.fr\/site\/wp-content\/uploads\/2017\/05\/NEWSESTLYONNAIS-bureau-ESLV-.jpg\",\"width\":1000,\"height\":750,\"caption\":\"NEWSESTLYONNAIS - bureau ESLV\"},{\"@type\":\"BreadcrumbList\",\"@id\":\"https:\/\/newsestlyonnais.fr\/site\/2017\/06\/07\/l-entente-sportive-laique-vaudaise-recense-138-adherents-pour-7-sections\/#breadcrumb\",\"itemListElement\":[{\"@type\":\"ListItem\",\"position\":1,\"name\":\"Accueil\",\"item\":\"https:\/\/newsestlyonnais.fr\/site\/\"},{\"@type\":\"ListItem\",\"position\":2,\"name\":\"L&rsquo;Entente Sportive Laique Vaudaise recense 138 adh\u00e9rents pour 7 sections\"}]},{\"@type\":\"WebSite\",\"@id\":\"https:\/\/newsestlyonnais.fr\/site\/#website\",\"url\":\"https:\/\/newsestlyonnais.fr\/site\/\",\"name\":\"News Est Lyonnais\",\"description\":\"L&#039;actualit\u00e9 au plus pr\u00e8s\",\"publisher\":{\"@id\":\"https:\/\/newsestlyonnais.fr\/site\/#organization\"},\"potentialAction\":[{\"@type\":\"SearchAction\",\"target\":{\"@type\":\"EntryPoint\",\"urlTemplate\":\"https:\/\/newsestlyonnais.fr\/site\/?s={search_term_string}\"},\"query-input\":{\"@type\":\"PropertyValueSpecification\",\"valueRequired\":true,\"valueName\":\"search_term_string\"}}],\"inLanguage\":\"fr-FR\"},{\"@type\":\"Organization\",\"@id\":\"https:\/\/newsestlyonnais.fr\/site\/#organization\",\"name\":\"News EST LYONNAIS\",\"url\":\"https:\/\/newsestlyonnais.fr\/site\/\",\"logo\":{\"@type\":\"ImageObject\",\"inLanguage\":\"fr-FR\",\"@id\":\"https:\/\/newsestlyonnais.fr\/site\/#\/schema\/logo\/image\/\",\"url\":\"\",\"contentUrl\":\"\",\"caption\":\"News EST LYONNAIS\"},\"image\":{\"@id\":\"https:\/\/newsestlyonnais.fr\/site\/#\/schema\/logo\/image\/\"}},{\"@type\":\"Person\",\"@id\":\"https:\/\/newsestlyonnais.fr\/site\/#\/schema\/person\/3230d5615f390bb808365d673001e887\",\"name\":\"R\u00e9dac. NEWS\",\"sameAs\":[\"http:\/\/www.newsestlyonnais.fr\",\"https:\/\/www.facebook.com\/pascal.oberson.1?fref=ts\",\"https:\/\/fr.linkedin.com\/in\/pascal-oberson-b17045113\"],\"url\":\"https:\/\/newsestlyonnais.fr\/site\/author\/nel\/\"}]}<\/script>\n<!-- \/ Yoast SEO plugin. -->","yoast_head_json":{"title":"L' Entente Sportive Laique Vaudaise recense 138 adh\u00e9rents pour 7 sections","description":"L' Entente Sportive Laique Vaudaise recense 138 adh\u00e9rents pour 7 sections","robots":{"index":"index","follow":"follow","max-snippet":"max-snippet:-1","max-image-preview":"max-image-preview:large","max-video-preview":"max-video-preview:-1"},"canonical":"https:\/\/newsestlyonnais.fr\/site\/2017\/06\/07\/l-entente-sportive-laique-vaudaise-recense-138-adherents-pour-7-sections\/","og_locale":"fr_FR","og_type":"article","og_title":"L' Entente Sportive Laique Vaudaise recense 138 adh\u00e9rents pour 7 sections","og_description":"L' Entente Sportive Laique Vaudaise recense 138 adh\u00e9rents pour 7 sections","og_url":"https:\/\/newsestlyonnais.fr\/site\/2017\/06\/07\/l-entente-sportive-laique-vaudaise-recense-138-adherents-pour-7-sections\/","og_site_name":"News Est Lyonnais","article_author":"https:\/\/www.facebook.com\/pascal.oberson.1?fref=ts","article_published_time":"2017-06-07T17:16:24+00:00","article_modified_time":"2022-07-04T11:48:52+00:00","og_image":[{"width":1000,"height":750,"url":"https:\/\/newsestlyonnais.fr\/site\/wp-content\/uploads\/2017\/05\/NEWSESTLYONNAIS-bureau-ESLV-.jpg","type":"image\/jpeg"}],"author":"R\u00e9dac. NEWS","twitter_card":"summary_large_image","twitter_misc":{"\u00c9crit par":"R\u00e9dac. NEWS","Dur\u00e9e de lecture estim\u00e9e":"1 minute"},"schema":{"@context":"https:\/\/schema.org","@graph":[{"@type":"Article","@id":"https:\/\/newsestlyonnais.fr\/site\/2017\/06\/07\/l-entente-sportive-laique-vaudaise-recense-138-adherents-pour-7-sections\/#article","isPartOf":{"@id":"https:\/\/newsestlyonnais.fr\/site\/2017\/06\/07\/l-entente-sportive-laique-vaudaise-recense-138-adherents-pour-7-sections\/"},"author":{"name":"R\u00e9dac. NEWS","@id":"https:\/\/newsestlyonnais.fr\/site\/#\/schema\/person\/3230d5615f390bb808365d673001e887"},"headline":"L&rsquo;Entente Sportive Laique Vaudaise recense 138 adh\u00e9rents pour 7 sections","datePublished":"2017-06-07T17:16:24+00:00","dateModified":"2022-07-04T11:48:52+00:00","mainEntityOfPage":{"@id":"https:\/\/newsestlyonnais.fr\/site\/2017\/06\/07\/l-entente-sportive-laique-vaudaise-recense-138-adherents-pour-7-sections\/"},"wordCount":269,"commentCount":0,"publisher":{"@id":"https:\/\/newsestlyonnais.fr\/site\/#organization"},"image":{"@id":"https:\/\/newsestlyonnais.fr\/site\/2017\/06\/07\/l-entente-sportive-laique-vaudaise-recense-138-adherents-pour-7-sections\/#primaryimage"},"thumbnailUrl":"https:\/\/newsestlyonnais.fr\/site\/wp-content\/uploads\/2017\/05\/NEWSESTLYONNAIS-bureau-ESLV-.jpg","articleSection":["Autres sports","Divers Sports","Vaulx-en-Velin"],"inLanguage":"fr-FR","potentialAction":[{"@type":"CommentAction","name":"Comment","target":["https:\/\/newsestlyonnais.fr\/site\/2017\/06\/07\/l-entente-sportive-laique-vaudaise-recense-138-adherents-pour-7-sections\/#respond"]}]},{"@type":"WebPage","@id":"https:\/\/newsestlyonnais.fr\/site\/2017\/06\/07\/l-entente-sportive-laique-vaudaise-recense-138-adherents-pour-7-sections\/","url":"https:\/\/newsestlyonnais.fr\/site\/2017\/06\/07\/l-entente-sportive-laique-vaudaise-recense-138-adherents-pour-7-sections\/","name":"L' Entente Sportive Laique Vaudaise recense 138 adh\u00e9rents pour 7 sections","isPartOf":{"@id":"https:\/\/newsestlyonnais.fr\/site\/#website"},"primaryImageOfPage":{"@id":"https:\/\/newsestlyonnais.fr\/site\/2017\/06\/07\/l-entente-sportive-laique-vaudaise-recense-138-adherents-pour-7-sections\/#primaryimage"},"image":{"@id":"https:\/\/newsestlyonnais.fr\/site\/2017\/06\/07\/l-entente-sportive-laique-vaudaise-recense-138-adherents-pour-7-sections\/#primaryimage"},"thumbnailUrl":"https:\/\/newsestlyonnais.fr\/site\/wp-content\/uploads\/2017\/05\/NEWSESTLYONNAIS-bureau-ESLV-.jpg","datePublished":"2017-06-07T17:16:24+00:00","dateModified":"2022-07-04T11:48:52+00:00","description":"L' Entente Sportive Laique Vaudaise recense 138 adh\u00e9rents pour 7 sections","breadcrumb":{"@id":"https:\/\/newsestlyonnais.fr\/site\/2017\/06\/07\/l-entente-sportive-laique-vaudaise-recense-138-adherents-pour-7-sections\/#breadcrumb"},"inLanguage":"fr-FR","potentialAction":[{"@type":"ReadAction","target":["https:\/\/newsestlyonnais.fr\/site\/2017\/06\/07\/l-entente-sportive-laique-vaudaise-recense-138-adherents-pour-7-sections\/"]}]},{"@type":"ImageObject","inLanguage":"fr-FR","@id":"https:\/\/newsestlyonnais.fr\/site\/2017\/06\/07\/l-entente-sportive-laique-vaudaise-recense-138-adherents-pour-7-sections\/#primaryimage","url":"https:\/\/newsestlyonnais.fr\/site\/wp-content\/uploads\/2017\/05\/NEWSESTLYONNAIS-bureau-ESLV-.jpg","contentUrl":"https:\/\/newsestlyonnais.fr\/site\/wp-content\/uploads\/2017\/05\/NEWSESTLYONNAIS-bureau-ESLV-.jpg","width":1000,"height":750,"caption":"NEWSESTLYONNAIS - bureau ESLV"},{"@type":"BreadcrumbList","@id":"https:\/\/newsestlyonnais.fr\/site\/2017\/06\/07\/l-entente-sportive-laique-vaudaise-recense-138-adherents-pour-7-sections\/#breadcrumb","itemListElement":[{"@type":"ListItem","position":1,"name":"Accueil","item":"https:\/\/newsestlyonnais.fr\/site\/"},{"@type":"ListItem","position":2,"name":"L&rsquo;Entente Sportive Laique Vaudaise recense 138 adh\u00e9rents pour 7 sections"}]},{"@type":"WebSite","@id":"https:\/\/newsestlyonnais.fr\/site\/#website","url":"https:\/\/newsestlyonnais.fr\/site\/","name":"News Est Lyonnais","description":"L&#039;actualit\u00e9 au plus pr\u00e8s","publisher":{"@id":"https:\/\/newsestlyonnais.fr\/site\/#organization"},"potentialAction":[{"@type":"SearchAction","target":{"@type":"EntryPoint","urlTemplate":"https:\/\/newsestlyonnais.fr\/site\/?s={search_term_string}"},"query-input":{"@type":"PropertyValueSpecification","valueRequired":true,"valueName":"search_term_string"}}],"inLanguage":"fr-FR"},{"@type":"Organization","@id":"https:\/\/newsestlyonnais.fr\/site\/#organization","name":"News EST LYONNAIS","url":"https:\/\/newsestlyonnais.fr\/site\/","logo":{"@type":"ImageObject","inLanguage":"fr-FR","@id":"https:\/\/newsestlyonnais.fr\/site\/#\/schema\/logo\/image\/","url":"","contentUrl":"","caption":"News EST LYONNAIS"},"image":{"@id":"https:\/\/newsestlyonnais.fr\/site\/#\/schema\/logo\/image\/"}},{"@type":"Person","@id":"https:\/\/newsestlyonnais.fr\/site\/#\/schema\/person\/3230d5615f390bb808365d673001e887","name":"R\u00e9dac. NEWS","sameAs":["http:\/\/www.newsestlyonnais.fr","https:\/\/www.facebook.com\/pascal.oberson.1?fref=ts","https:\/\/fr.linkedin.com\/in\/pascal-oberson-b17045113"],"url":"https:\/\/newsestlyonnais.fr\/site\/author\/nel\/"}]}},"_links":{"self":[{"href":"https:\/\/newsestlyonnais.fr\/site\/wp-json\/wp\/v2\/posts\/27302","targetHints":{"allow":["GET"]}}],"collection":[{"href":"https:\/\/newsestlyonnais.fr\/site\/wp-json\/wp\/v2\/posts"}],"about":[{"href":"https:\/\/newsestlyonnais.fr\/site\/wp-json\/wp\/v2\/types\/post"}],"author":[{"embeddable":true,"href":"https:\/\/newsestlyonnais.fr\/site\/wp-json\/wp\/v2\/users\/4"}],"replies":[{"embeddable":true,"href":"https:\/\/newsestlyonnais.fr\/site\/wp-json\/wp\/v2\/comments?post=27302"}],"version-history":[{"count":0,"href":"https:\/\/newsestlyonnais.fr\/site\/wp-json\/wp\/v2\/posts\/27302\/revisions"}],"wp:featuredmedia":[{"embeddable":true,"href":"https:\/\/newsestlyonnais.fr\/site\/wp-json\/wp\/v2\/media\/27303"}],"wp:attachment":[{"href":"https:\/\/newsestlyonnais.fr\/site\/wp-json\/wp\/v2\/media?parent=27302"}],"wp:term":[{"taxonomy":"category","embeddable":true,"href":"https:\/\/newsestlyonnais.fr\/site\/wp-json\/wp\/v2\/categories?post=27302"},{"taxonomy":"post_tag","embeddable":true,"href":"https:\/\/newsestlyonnais.fr\/site\/wp-json\/wp\/v2\/tags?post=27302"}],"curies":[{"name":"wp","href":"https:\/\/api.w.org\/{rel}","templated":true}]}}