{"id":27662,"date":"2017-05-29T07:01:02","date_gmt":"2017-05-29T06:01:02","guid":{"rendered":"http:\/\/newsestlyonnais.fr\/site\/?p=27662"},"modified":"2020-11-12T20:36:48","modified_gmt":"2020-11-12T19:36:48","slug":"vaulx-en-velin-clarisse-barbier-championne-de-france-cadette-dhalterophilie","status":"publish","type":"post","link":"https:\/\/newsestlyonnais.fr\/site\/2017\/05\/29\/vaulx-en-velin-clarisse-barbier-championne-de-france-cadette-dhalterophilie\/","title":{"rendered":"VAULX-EN-VELIN | Clarisse Barbier, championne de France cadette d&rsquo;Halt\u00e9rophilie"},"content":{"rendered":"<h4 class=\"ox-fbff01afcf-MsoNormal\">Le club Halt\u00e9rophile de Vaulx en Velin \u00e9tait repr\u00e9sent\u00e9 par Clarisse Barbier en ce dernier samedi de mai lors du championnat de France d\u2019Halt\u00e9rophilie organis\u00e9 par le club de Marseille.<\/h4>\n<p class=\"ox-fbff01afcf-MsoNormal\">Clarisse qui a d\u00e9but\u00e9 l\u2019halt\u00e9rophilie \u00e0 l&rsquo;\u00e2ge de 10 ans participait ainsi \u00e0 ses 4\u00b0 championnats de France. Vice- championne en titre, l\u2019objectif \u00e9tait de se battre pour la premi\u00e8re place !<\/p>\n<p class=\"ox-fbff01afcf-MsoNormal\">A la pes\u00e9e, Clarisse validait sa cat\u00e9gorie en cadette (\u2013 58 kg) avec un poids de corps de 56,85 kg.<\/p>\n<p class=\"ox-fbff01afcf-MsoNormal\">Ayant r\u00e9alis\u00e9 les meilleurs performances aux comp\u00e9titions qualificatives, Clarisse avait la pression de la favorite. Pour son entame de comp\u00e9tition, elle a cependant su se concentrer pour r\u00e9ussir sa 1\u00b0 barre en arrachant facilement 59 kg.<\/p>\n<p class=\"ox-fbff01afcf-MsoNormal\">Elle se pr\u00e9sente alors \u00e0 son 2\u00b0 essai, \u00e0 l\u2019arrach\u00e9, pour tenter son record personnel \u00e0 62 kg. Malheureusement, une erreur technique ne lui permet pas de r\u00e9ussir cette barre. Piqu\u00e9e au vif, elle se ressaisit et r\u00e9ussit son record au 3\u00b0\u00a0 essai en validant 62 kg. Clarisse peut alors envisager plus sereinement la 2\u00b0 partie de la comp\u00e9tition sur son mouvement favori l\u2019\u00e9paul\u00e9-jet\u00e9.<\/p>\n<p class=\"ox-fbff01afcf-MsoNormal\">Tactiquement, elle d\u00e9marre la comp\u00e9tition \u00e0 73 kg qu\u2019elle r\u00e9ussit, validant ainsi son <strong>titre de championne de France<\/strong>.<\/p>\n<p class=\"ox-fbff01afcf-MsoNormal\">Pour le 2\u00b0 essai, elle demande 77 kg afin de valider les minimas demand\u00e9s pour participer au championnat d\u2019Europe. Motiv\u00e9e par l\u2019objectif, elle valide l\u2019essai et sa <strong>qualification pour les championnats d\u2019Europe<\/strong> en r\u00e9ussissant la barre.<\/p>\n<p class=\"ox-fbff01afcf-MsoNormal\">Le 3\u00b0 essai demand\u00e9, \u00e0 79 kg \u00e0 l\u2019\u00e9paul\u00e9-jet\u00e9, est r\u00e9ussi et lui permet avec un total de 141 kg de passer la barre des <em><strong>200 points IWF<\/strong> <\/em>et d\u2019obtenir en plus de son titre en cadette -58 kg, la place de <em><strong>3\u00b0 meilleurs cadette U17 de la comp\u00e9tition toutes cat\u00e9gories confondues.<\/strong><\/em><\/p>\n<ul>\n<li class=\"ox-fbff01afcf-MsoNormal\">Prochaine \u00e9tape pour Clarisse, les championnats d\u2019Europe Cadets d\u2019Halt\u00e9rophilie qui auront lieu \u00e0 Pristina (Kosovo) du 23 au 30 septembre 2017.<\/li>\n<\/ul>\n<p>&nbsp;<\/p>\n<p>&nbsp;<\/p>\n<div id='gallery-1' class='gallery galleryid-27662 gallery-columns-3 gallery-size-large'><figure class='gallery-item'>\n\t\t\t<div class='gallery-icon landscape'>\n\t\t\t\t<a href='https:\/\/newsestlyonnais.fr\/site\/2017\/05\/29\/vaulx-en-velin-clarisse-barbier-championne-de-france-cadette-dhalterophilie\/newsestlyonnais-clarisse-podium-cad\/'><img loading=\"lazy\" decoding=\"async\" width=\"640\" height=\"480\" src=\"https:\/\/newsestlyonnais.fr\/site\/wp-content\/uploads\/2017\/05\/NEWSESTLYONNAIS-CLARISSE-PODIUM-CAD-.jpg\" class=\"attachment-large size-large\" alt=\"NEWSESTLYONNAIS - CLARISSE PODIUM CAD\" aria-describedby=\"gallery-1-27715\" srcset=\"https:\/\/newsestlyonnais.fr\/site\/wp-content\/uploads\/2017\/05\/NEWSESTLYONNAIS-CLARISSE-PODIUM-CAD-.jpg 1000w, https:\/\/newsestlyonnais.fr\/site\/wp-content\/uploads\/2017\/05\/NEWSESTLYONNAIS-CLARISSE-PODIUM-CAD--400x300.jpg 400w, https:\/\/newsestlyonnais.fr\/site\/wp-content\/uploads\/2017\/05\/NEWSESTLYONNAIS-CLARISSE-PODIUM-CAD--768x576.jpg 768w, https:\/\/newsestlyonnais.fr\/site\/wp-content\/uploads\/2017\/05\/NEWSESTLYONNAIS-CLARISSE-PODIUM-CAD--600x450.jpg 600w, https:\/\/newsestlyonnais.fr\/site\/wp-content\/uploads\/2017\/05\/NEWSESTLYONNAIS-CLARISSE-PODIUM-CAD--100x75.jpg 100w\" sizes=\"auto, (max-width: 640px) 100vw, 640px\" \/><\/a>\n\t\t\t<\/div>\n\t\t\t\t<figcaption class='wp-caption-text gallery-caption' id='gallery-1-27715'>\n\t\t\t\tClarisse sur la 1\u00b0 marche du podium en cadette \u2013 58 kg \n\t\t\t\t<\/figcaption><\/figure>\n\t\t<\/div>\n\n<p>&nbsp;<\/p>\n","protected":false},"excerpt":{"rendered":"<p>Le club Halt\u00e9rophile de Vaulx en Velin \u00e9tait repr\u00e9sent\u00e9 par Clarisse Barbier en ce dernier samedi de mai lors du championnat de France d\u2019Halt\u00e9rophilie organis\u00e9 par le club de Marseille. Clarisse qui a d\u00e9but\u00e9 l\u2019halt\u00e9rophilie \u00e0 l&rsquo;\u00e2ge de 10 ans participait ainsi \u00e0 ses 4\u00b0 championnats de France. Vice- championne en titre, l\u2019objectif \u00e9tait de [&hellip;]<\/p>\n","protected":false},"author":4,"featured_media":27705,"comment_status":"open","ping_status":"open","sticky":false,"template":"","format":"standard","meta":{"footnotes":""},"categories":[574,166,3421,28],"tags":[],"class_list":["post-27662","post","type-post","status-publish","format-standard","has-post-thumbnail","hentry","category-autres-sports","category-divers-sports","category-feminin-actu-au","category-vaulx-en-velin"],"yoast_head":"<!-- This site is optimized with the Yoast SEO plugin v27.2 - https:\/\/yoast.com\/product\/yoast-seo-wordpress\/ -->\n<title>VAULX EN VELIN: Clarisse Barbier, championne de France cadette d&#039;Halt\u00e9rophilie<\/title>\n<meta name=\"description\" content=\"VAULX EN VELIN: Clarisse Barbier, championne de France cadette d&#039;Halt\u00e9rophilie\" \/>\n<meta name=\"robots\" content=\"index, follow, max-snippet:-1, max-image-preview:large, max-video-preview:-1\" \/>\n<link rel=\"canonical\" href=\"https:\/\/newsestlyonnais.fr\/site\/2017\/05\/29\/vaulx-en-velin-clarisse-barbier-championne-de-france-cadette-dhalterophilie\/\" \/>\n<meta property=\"og:locale\" content=\"fr_FR\" \/>\n<meta property=\"og:type\" content=\"article\" \/>\n<meta property=\"og:title\" content=\"VAULX EN VELIN: Clarisse Barbier, championne de France cadette d&#039;Halt\u00e9rophilie\" \/>\n<meta property=\"og:description\" content=\"VAULX EN VELIN: Clarisse Barbier, championne de France cadette d&#039;Halt\u00e9rophilie\" \/>\n<meta property=\"og:url\" content=\"https:\/\/newsestlyonnais.fr\/site\/2017\/05\/29\/vaulx-en-velin-clarisse-barbier-championne-de-france-cadette-dhalterophilie\/\" \/>\n<meta property=\"og:site_name\" content=\"News Est Lyonnais\" \/>\n<meta property=\"article:author\" content=\"https:\/\/www.facebook.com\/pascal.oberson.1?fref=ts\" \/>\n<meta property=\"article:published_time\" content=\"2017-05-29T06:01:02+00:00\" \/>\n<meta property=\"article:modified_time\" content=\"2020-11-12T19:36:48+00:00\" \/>\n<meta property=\"og:image\" content=\"https:\/\/i1.wp.com\/newsestlyonnais.fr\/site\/wp-content\/uploads\/2017\/05\/NEWSESTLYONNAIS-C.-BARBIER-01.jpg?fit=1000%2C750&ssl=1\" \/>\n\t<meta property=\"og:image:width\" content=\"1000\" \/>\n\t<meta property=\"og:image:height\" content=\"750\" \/>\n\t<meta property=\"og:image:type\" content=\"image\/jpeg\" \/>\n<meta name=\"author\" content=\"R\u00e9dac. NEWS\" \/>\n<meta name=\"twitter:card\" content=\"summary_large_image\" \/>\n<meta name=\"twitter:label1\" content=\"\u00c9crit par\" \/>\n\t<meta name=\"twitter:data1\" content=\"R\u00e9dac. NEWS\" \/>\n\t<meta name=\"twitter:label2\" content=\"Dur\u00e9e de lecture estim\u00e9e\" \/>\n\t<meta name=\"twitter:data2\" content=\"2 minutes\" \/>\n<script type=\"application\/ld+json\" class=\"yoast-schema-graph\">{\"@context\":\"https:\/\/schema.org\",\"@graph\":[{\"@type\":\"Article\",\"@id\":\"https:\/\/newsestlyonnais.fr\/site\/2017\/05\/29\/vaulx-en-velin-clarisse-barbier-championne-de-france-cadette-dhalterophilie\/#article\",\"isPartOf\":{\"@id\":\"https:\/\/newsestlyonnais.fr\/site\/2017\/05\/29\/vaulx-en-velin-clarisse-barbier-championne-de-france-cadette-dhalterophilie\/\"},\"author\":{\"name\":\"R\u00e9dac. NEWS\",\"@id\":\"https:\/\/newsestlyonnais.fr\/site\/#\/schema\/person\/3230d5615f390bb808365d673001e887\"},\"headline\":\"VAULX-EN-VELIN | Clarisse Barbier, championne de France cadette d&rsquo;Halt\u00e9rophilie\",\"datePublished\":\"2017-05-29T06:01:02+00:00\",\"dateModified\":\"2020-11-12T19:36:48+00:00\",\"mainEntityOfPage\":{\"@id\":\"https:\/\/newsestlyonnais.fr\/site\/2017\/05\/29\/vaulx-en-velin-clarisse-barbier-championne-de-france-cadette-dhalterophilie\/\"},\"wordCount\":337,\"commentCount\":0,\"publisher\":{\"@id\":\"https:\/\/newsestlyonnais.fr\/site\/#organization\"},\"image\":{\"@id\":\"https:\/\/newsestlyonnais.fr\/site\/2017\/05\/29\/vaulx-en-velin-clarisse-barbier-championne-de-france-cadette-dhalterophilie\/#primaryimage\"},\"thumbnailUrl\":\"https:\/\/newsestlyonnais.fr\/site\/wp-content\/uploads\/2017\/05\/NEWSESTLYONNAIS-C.-BARBIER-01.jpg\",\"articleSection\":[\"Autres sports\",\"Divers Sports\",\"F\u00e9minin (Actu au)\",\"Vaulx-en-Velin\"],\"inLanguage\":\"fr-FR\",\"potentialAction\":[{\"@type\":\"CommentAction\",\"name\":\"Comment\",\"target\":[\"https:\/\/newsestlyonnais.fr\/site\/2017\/05\/29\/vaulx-en-velin-clarisse-barbier-championne-de-france-cadette-dhalterophilie\/#respond\"]}]},{\"@type\":\"WebPage\",\"@id\":\"https:\/\/newsestlyonnais.fr\/site\/2017\/05\/29\/vaulx-en-velin-clarisse-barbier-championne-de-france-cadette-dhalterophilie\/\",\"url\":\"https:\/\/newsestlyonnais.fr\/site\/2017\/05\/29\/vaulx-en-velin-clarisse-barbier-championne-de-france-cadette-dhalterophilie\/\",\"name\":\"VAULX EN VELIN: Clarisse Barbier, championne de France cadette d'Halt\u00e9rophilie\",\"isPartOf\":{\"@id\":\"https:\/\/newsestlyonnais.fr\/site\/#website\"},\"primaryImageOfPage\":{\"@id\":\"https:\/\/newsestlyonnais.fr\/site\/2017\/05\/29\/vaulx-en-velin-clarisse-barbier-championne-de-france-cadette-dhalterophilie\/#primaryimage\"},\"image\":{\"@id\":\"https:\/\/newsestlyonnais.fr\/site\/2017\/05\/29\/vaulx-en-velin-clarisse-barbier-championne-de-france-cadette-dhalterophilie\/#primaryimage\"},\"thumbnailUrl\":\"https:\/\/newsestlyonnais.fr\/site\/wp-content\/uploads\/2017\/05\/NEWSESTLYONNAIS-C.-BARBIER-01.jpg\",\"datePublished\":\"2017-05-29T06:01:02+00:00\",\"dateModified\":\"2020-11-12T19:36:48+00:00\",\"description\":\"VAULX EN VELIN: Clarisse Barbier, championne de France cadette d'Halt\u00e9rophilie\",\"breadcrumb\":{\"@id\":\"https:\/\/newsestlyonnais.fr\/site\/2017\/05\/29\/vaulx-en-velin-clarisse-barbier-championne-de-france-cadette-dhalterophilie\/#breadcrumb\"},\"inLanguage\":\"fr-FR\",\"potentialAction\":[{\"@type\":\"ReadAction\",\"target\":[\"https:\/\/newsestlyonnais.fr\/site\/2017\/05\/29\/vaulx-en-velin-clarisse-barbier-championne-de-france-cadette-dhalterophilie\/\"]}]},{\"@type\":\"ImageObject\",\"inLanguage\":\"fr-FR\",\"@id\":\"https:\/\/newsestlyonnais.fr\/site\/2017\/05\/29\/vaulx-en-velin-clarisse-barbier-championne-de-france-cadette-dhalterophilie\/#primaryimage\",\"url\":\"https:\/\/newsestlyonnais.fr\/site\/wp-content\/uploads\/2017\/05\/NEWSESTLYONNAIS-C.-BARBIER-01.jpg\",\"contentUrl\":\"https:\/\/newsestlyonnais.fr\/site\/wp-content\/uploads\/2017\/05\/NEWSESTLYONNAIS-C.-BARBIER-01.jpg\",\"width\":1000,\"height\":750,\"caption\":\"NEWSESTLYONNAIS -C. BARBIER 01\"},{\"@type\":\"BreadcrumbList\",\"@id\":\"https:\/\/newsestlyonnais.fr\/site\/2017\/05\/29\/vaulx-en-velin-clarisse-barbier-championne-de-france-cadette-dhalterophilie\/#breadcrumb\",\"itemListElement\":[{\"@type\":\"ListItem\",\"position\":1,\"name\":\"Accueil\",\"item\":\"https:\/\/newsestlyonnais.fr\/site\/\"},{\"@type\":\"ListItem\",\"position\":2,\"name\":\"VAULX-EN-VELIN | Clarisse Barbier, championne de France cadette d&rsquo;Halt\u00e9rophilie\"}]},{\"@type\":\"WebSite\",\"@id\":\"https:\/\/newsestlyonnais.fr\/site\/#website\",\"url\":\"https:\/\/newsestlyonnais.fr\/site\/\",\"name\":\"News Est Lyonnais\",\"description\":\"L&#039;actualit\u00e9 au plus pr\u00e8s\",\"publisher\":{\"@id\":\"https:\/\/newsestlyonnais.fr\/site\/#organization\"},\"potentialAction\":[{\"@type\":\"SearchAction\",\"target\":{\"@type\":\"EntryPoint\",\"urlTemplate\":\"https:\/\/newsestlyonnais.fr\/site\/?s={search_term_string}\"},\"query-input\":{\"@type\":\"PropertyValueSpecification\",\"valueRequired\":true,\"valueName\":\"search_term_string\"}}],\"inLanguage\":\"fr-FR\"},{\"@type\":\"Organization\",\"@id\":\"https:\/\/newsestlyonnais.fr\/site\/#organization\",\"name\":\"News EST LYONNAIS\",\"url\":\"https:\/\/newsestlyonnais.fr\/site\/\",\"logo\":{\"@type\":\"ImageObject\",\"inLanguage\":\"fr-FR\",\"@id\":\"https:\/\/newsestlyonnais.fr\/site\/#\/schema\/logo\/image\/\",\"url\":\"\",\"contentUrl\":\"\",\"caption\":\"News EST LYONNAIS\"},\"image\":{\"@id\":\"https:\/\/newsestlyonnais.fr\/site\/#\/schema\/logo\/image\/\"}},{\"@type\":\"Person\",\"@id\":\"https:\/\/newsestlyonnais.fr\/site\/#\/schema\/person\/3230d5615f390bb808365d673001e887\",\"name\":\"R\u00e9dac. NEWS\",\"sameAs\":[\"http:\/\/www.newsestlyonnais.fr\",\"https:\/\/www.facebook.com\/pascal.oberson.1?fref=ts\",\"https:\/\/fr.linkedin.com\/in\/pascal-oberson-b17045113\"],\"url\":\"https:\/\/newsestlyonnais.fr\/site\/author\/nel\/\"}]}<\/script>\n<!-- \/ Yoast SEO plugin. -->","yoast_head_json":{"title":"VAULX EN VELIN: Clarisse Barbier, championne de France cadette d'Halt\u00e9rophilie","description":"VAULX EN VELIN: Clarisse Barbier, championne de France cadette d'Halt\u00e9rophilie","robots":{"index":"index","follow":"follow","max-snippet":"max-snippet:-1","max-image-preview":"max-image-preview:large","max-video-preview":"max-video-preview:-1"},"canonical":"https:\/\/newsestlyonnais.fr\/site\/2017\/05\/29\/vaulx-en-velin-clarisse-barbier-championne-de-france-cadette-dhalterophilie\/","og_locale":"fr_FR","og_type":"article","og_title":"VAULX EN VELIN: Clarisse Barbier, championne de France cadette d'Halt\u00e9rophilie","og_description":"VAULX EN VELIN: Clarisse Barbier, championne de France cadette d'Halt\u00e9rophilie","og_url":"https:\/\/newsestlyonnais.fr\/site\/2017\/05\/29\/vaulx-en-velin-clarisse-barbier-championne-de-france-cadette-dhalterophilie\/","og_site_name":"News Est Lyonnais","article_author":"https:\/\/www.facebook.com\/pascal.oberson.1?fref=ts","article_published_time":"2017-05-29T06:01:02+00:00","article_modified_time":"2020-11-12T19:36:48+00:00","og_image":[{"width":1000,"height":750,"url":"https:\/\/i1.wp.com\/newsestlyonnais.fr\/site\/wp-content\/uploads\/2017\/05\/NEWSESTLYONNAIS-C.-BARBIER-01.jpg?fit=1000%2C750&ssl=1","type":"image\/jpeg"}],"author":"R\u00e9dac. NEWS","twitter_card":"summary_large_image","twitter_misc":{"\u00c9crit par":"R\u00e9dac. NEWS","Dur\u00e9e de lecture estim\u00e9e":"2 minutes"},"schema":{"@context":"https:\/\/schema.org","@graph":[{"@type":"Article","@id":"https:\/\/newsestlyonnais.fr\/site\/2017\/05\/29\/vaulx-en-velin-clarisse-barbier-championne-de-france-cadette-dhalterophilie\/#article","isPartOf":{"@id":"https:\/\/newsestlyonnais.fr\/site\/2017\/05\/29\/vaulx-en-velin-clarisse-barbier-championne-de-france-cadette-dhalterophilie\/"},"author":{"name":"R\u00e9dac. NEWS","@id":"https:\/\/newsestlyonnais.fr\/site\/#\/schema\/person\/3230d5615f390bb808365d673001e887"},"headline":"VAULX-EN-VELIN | Clarisse Barbier, championne de France cadette d&rsquo;Halt\u00e9rophilie","datePublished":"2017-05-29T06:01:02+00:00","dateModified":"2020-11-12T19:36:48+00:00","mainEntityOfPage":{"@id":"https:\/\/newsestlyonnais.fr\/site\/2017\/05\/29\/vaulx-en-velin-clarisse-barbier-championne-de-france-cadette-dhalterophilie\/"},"wordCount":337,"commentCount":0,"publisher":{"@id":"https:\/\/newsestlyonnais.fr\/site\/#organization"},"image":{"@id":"https:\/\/newsestlyonnais.fr\/site\/2017\/05\/29\/vaulx-en-velin-clarisse-barbier-championne-de-france-cadette-dhalterophilie\/#primaryimage"},"thumbnailUrl":"https:\/\/newsestlyonnais.fr\/site\/wp-content\/uploads\/2017\/05\/NEWSESTLYONNAIS-C.-BARBIER-01.jpg","articleSection":["Autres sports","Divers Sports","F\u00e9minin (Actu au)","Vaulx-en-Velin"],"inLanguage":"fr-FR","potentialAction":[{"@type":"CommentAction","name":"Comment","target":["https:\/\/newsestlyonnais.fr\/site\/2017\/05\/29\/vaulx-en-velin-clarisse-barbier-championne-de-france-cadette-dhalterophilie\/#respond"]}]},{"@type":"WebPage","@id":"https:\/\/newsestlyonnais.fr\/site\/2017\/05\/29\/vaulx-en-velin-clarisse-barbier-championne-de-france-cadette-dhalterophilie\/","url":"https:\/\/newsestlyonnais.fr\/site\/2017\/05\/29\/vaulx-en-velin-clarisse-barbier-championne-de-france-cadette-dhalterophilie\/","name":"VAULX EN VELIN: Clarisse Barbier, championne de France cadette d'Halt\u00e9rophilie","isPartOf":{"@id":"https:\/\/newsestlyonnais.fr\/site\/#website"},"primaryImageOfPage":{"@id":"https:\/\/newsestlyonnais.fr\/site\/2017\/05\/29\/vaulx-en-velin-clarisse-barbier-championne-de-france-cadette-dhalterophilie\/#primaryimage"},"image":{"@id":"https:\/\/newsestlyonnais.fr\/site\/2017\/05\/29\/vaulx-en-velin-clarisse-barbier-championne-de-france-cadette-dhalterophilie\/#primaryimage"},"thumbnailUrl":"https:\/\/newsestlyonnais.fr\/site\/wp-content\/uploads\/2017\/05\/NEWSESTLYONNAIS-C.-BARBIER-01.jpg","datePublished":"2017-05-29T06:01:02+00:00","dateModified":"2020-11-12T19:36:48+00:00","description":"VAULX EN VELIN: Clarisse Barbier, championne de France cadette d'Halt\u00e9rophilie","breadcrumb":{"@id":"https:\/\/newsestlyonnais.fr\/site\/2017\/05\/29\/vaulx-en-velin-clarisse-barbier-championne-de-france-cadette-dhalterophilie\/#breadcrumb"},"inLanguage":"fr-FR","potentialAction":[{"@type":"ReadAction","target":["https:\/\/newsestlyonnais.fr\/site\/2017\/05\/29\/vaulx-en-velin-clarisse-barbier-championne-de-france-cadette-dhalterophilie\/"]}]},{"@type":"ImageObject","inLanguage":"fr-FR","@id":"https:\/\/newsestlyonnais.fr\/site\/2017\/05\/29\/vaulx-en-velin-clarisse-barbier-championne-de-france-cadette-dhalterophilie\/#primaryimage","url":"https:\/\/newsestlyonnais.fr\/site\/wp-content\/uploads\/2017\/05\/NEWSESTLYONNAIS-C.-BARBIER-01.jpg","contentUrl":"https:\/\/newsestlyonnais.fr\/site\/wp-content\/uploads\/2017\/05\/NEWSESTLYONNAIS-C.-BARBIER-01.jpg","width":1000,"height":750,"caption":"NEWSESTLYONNAIS -C. BARBIER 01"},{"@type":"BreadcrumbList","@id":"https:\/\/newsestlyonnais.fr\/site\/2017\/05\/29\/vaulx-en-velin-clarisse-barbier-championne-de-france-cadette-dhalterophilie\/#breadcrumb","itemListElement":[{"@type":"ListItem","position":1,"name":"Accueil","item":"https:\/\/newsestlyonnais.fr\/site\/"},{"@type":"ListItem","position":2,"name":"VAULX-EN-VELIN | Clarisse Barbier, championne de France cadette d&rsquo;Halt\u00e9rophilie"}]},{"@type":"WebSite","@id":"https:\/\/newsestlyonnais.fr\/site\/#website","url":"https:\/\/newsestlyonnais.fr\/site\/","name":"News Est Lyonnais","description":"L&#039;actualit\u00e9 au plus pr\u00e8s","publisher":{"@id":"https:\/\/newsestlyonnais.fr\/site\/#organization"},"potentialAction":[{"@type":"SearchAction","target":{"@type":"EntryPoint","urlTemplate":"https:\/\/newsestlyonnais.fr\/site\/?s={search_term_string}"},"query-input":{"@type":"PropertyValueSpecification","valueRequired":true,"valueName":"search_term_string"}}],"inLanguage":"fr-FR"},{"@type":"Organization","@id":"https:\/\/newsestlyonnais.fr\/site\/#organization","name":"News EST LYONNAIS","url":"https:\/\/newsestlyonnais.fr\/site\/","logo":{"@type":"ImageObject","inLanguage":"fr-FR","@id":"https:\/\/newsestlyonnais.fr\/site\/#\/schema\/logo\/image\/","url":"","contentUrl":"","caption":"News EST LYONNAIS"},"image":{"@id":"https:\/\/newsestlyonnais.fr\/site\/#\/schema\/logo\/image\/"}},{"@type":"Person","@id":"https:\/\/newsestlyonnais.fr\/site\/#\/schema\/person\/3230d5615f390bb808365d673001e887","name":"R\u00e9dac. NEWS","sameAs":["http:\/\/www.newsestlyonnais.fr","https:\/\/www.facebook.com\/pascal.oberson.1?fref=ts","https:\/\/fr.linkedin.com\/in\/pascal-oberson-b17045113"],"url":"https:\/\/newsestlyonnais.fr\/site\/author\/nel\/"}]}},"_links":{"self":[{"href":"https:\/\/newsestlyonnais.fr\/site\/wp-json\/wp\/v2\/posts\/27662","targetHints":{"allow":["GET"]}}],"collection":[{"href":"https:\/\/newsestlyonnais.fr\/site\/wp-json\/wp\/v2\/posts"}],"about":[{"href":"https:\/\/newsestlyonnais.fr\/site\/wp-json\/wp\/v2\/types\/post"}],"author":[{"embeddable":true,"href":"https:\/\/newsestlyonnais.fr\/site\/wp-json\/wp\/v2\/users\/4"}],"replies":[{"embeddable":true,"href":"https:\/\/newsestlyonnais.fr\/site\/wp-json\/wp\/v2\/comments?post=27662"}],"version-history":[{"count":0,"href":"https:\/\/newsestlyonnais.fr\/site\/wp-json\/wp\/v2\/posts\/27662\/revisions"}],"wp:featuredmedia":[{"embeddable":true,"href":"https:\/\/newsestlyonnais.fr\/site\/wp-json\/wp\/v2\/media\/27705"}],"wp:attachment":[{"href":"https:\/\/newsestlyonnais.fr\/site\/wp-json\/wp\/v2\/media?parent=27662"}],"wp:term":[{"taxonomy":"category","embeddable":true,"href":"https:\/\/newsestlyonnais.fr\/site\/wp-json\/wp\/v2\/categories?post=27662"},{"taxonomy":"post_tag","embeddable":true,"href":"https:\/\/newsestlyonnais.fr\/site\/wp-json\/wp\/v2\/tags?post=27662"}],"curies":[{"name":"wp","href":"https:\/\/api.w.org\/{rel}","templated":true}]}}