{"id":27866,"date":"2017-05-30T13:27:22","date_gmt":"2017-05-30T12:27:22","guid":{"rendered":"http:\/\/newsestlyonnais.fr\/site\/?p=27866"},"modified":"2020-11-13T07:30:16","modified_gmt":"2020-11-13T06:30:16","slug":"lyon-sprint-evolution-les-cyclistes-au-sommet-en-avril-et-mai","status":"publish","type":"post","link":"https:\/\/newsestlyonnais.fr\/site\/2017\/05\/30\/lyon-sprint-evolution-les-cyclistes-au-sommet-en-avril-et-mai\/","title":{"rendered":"LYON Sprint Evolution | Les cyclistes au sommet en Avril et Mai"},"content":{"rendered":"<h4>Avec de magnifiques victoires individuelles et collectives remport\u00e9es, voici le bilan dress\u00e9 par les dirigeants du club lyonnais:<\/h4>\n<ul>\n<li><em><span style=\"text-decoration: underline\"><strong>29\/30 avril au Troph\u00e9e National du Jeune Pistard (M\u00e9ons):<\/strong><\/span><\/em> (<span style=\"text-decoration: underline\">PHOTO A LA UNE<\/span>):\u00a0 19 des coureurs de l\u2019Ecole de Cyclisme ont remport\u00e9 le 10\u00b0 TNJP, \u00e9preuve \u00e9quivalente au Championnat de France des Ecoles de Cyclisme devant de grosses \u00e9curies: Clamart, St Etienne. Un succ\u00e8s collectif pour les poussin(e)s, pupilles, benjamins, minimes H\/D du club coach\u00e9s tout le week-end par Sylvain Mauguen et Micka\u00ebl Buffaz. Eliminations, Keirin, CLM, Vitesse, poursuite, vitesse par \u00e9quipe, scratch classement et engagement par \u00e9quipe ont constitu\u00e9 le menu de ces 2 jours. A retenir, au-del\u00e0 des performances individuelles, l\u2019esprit d\u2019\u00e9quipe qui a anim\u00e9 ces tr\u00e8s jeunes coureurs, le respect de leurs adversaires par une haie d\u2019honneur spontan\u00e9e lors de la remise des r\u00e9compenses, la capacit\u00e9 rare \u00e0 ces \u00e2ges de mettre en application les consignes donn\u00e9es par les entraineurs. Un moment de sport r\u00e9jouissant r\u00e9alis\u00e9 par de jeunes enfants qui conforte les dirigeants et encadrants dans leur travail et qui donne une tr\u00e8s belle image du sport cycliste !!<\/li>\n<li><span style=\"text-decoration: underline\"><strong>19\/20 mai: Championnats Auvergne Rh\u00f4ne-Alpes Piste Cadets Minimes Hommes\/Dames<\/strong> <strong>(Commentry)<\/strong><\/span><strong>.\u00a0<\/strong> 7 titres en jeu dans la cat\u00e9gorie Cadets, 4 remport\u00e9s par Nicolas Verne (course aux points, vitesse, \u00e9limination omnium), 1 par Mathis Ducruet (poursuite), 1 par Virgile Moriset (scratch) et 1 pour la doublette Verne-Ducruet dans l\u2019am\u00e9ricaine: carton plein pour L.S.E. !!. Chez les dames, 4 m\u00e9dailles pour Pauline Cherpin (cadettes) et 2 pour Adriana Torres (minimes). Une grosse chute d\u2019Adriana et d&rsquo; Annia Cloez a stopp\u00e9 les comp\u00e9titrices dans leurs qu\u00eates de m\u00e9dailles. Sans oublier Benjamin Martyniak, le 4\u00b0 larron de l\u2019\u00e9quipe masculine et Annia Cloez cadette de l\u2019\u00e9quipe f\u00e9minine, tous deux d\u00e9butants sur la piste cette ann\u00e9e.Tous ces succ\u00e8s se construisent aussi gr\u00e2ce \u00e0 l\u2019exp\u00e9rience et la grande comp\u00e9tence des entraineurs encadrant sur ces 2 journ\u00e9es ; Marc Pacheco, figure rh\u00f4ne-alpine de la piste et Florian Vernay, multiple Champion de France. Au total, <strong>20 m\u00e9dailles<\/strong> sont tomb\u00e9es dans l\u2019escarcelle du club, \u00e9norme moisson qui donne espoir pour les saisons \u00e0 venir.<\/li>\n<li><span style=\"text-decoration: underline\"><strong>24 mai (Montbrison): Cadets.<\/strong><\/span> Victoire en solitaire de Nicolas Verne sorti d\u2019une \u00e9chapp\u00e9e pr\u00e9coce de 6 coureurs. Place d\u2019honneur pour Nathan Champouillon (6\u00b0) &amp; Virgile Moriset (8\u00b0)<\/li>\n<li><span style=\"text-decoration: underline\"><strong>27 mai (Neuville les Dames): Cadets<\/strong><\/span>. Victoire de Mathis Ducruet en solitaire, 2\u00b0 place pour Nicolas Verne lors du sprint du peloton, 5\u00b0 place pour Benjamin Martyniak et 7\u00b0 pour Virgile Moriset. Suite \u00e0 une crevaison de Nicolas, ces 2 gar\u00e7ons, ins\u00e9parables, apr\u00e8s un retour fulgurant dans le peloton, sont repartis \u00e0 l\u2019attaque pour obtenir ces belles places. L\u2019esprit d\u2019\u00e9quipe et l\u2019audace de cette \u00e9quipe cadets (Benjamin Martyniak, Arthur Pauchard, Nathan Champouillon, Virgile Moriset ont tous tent\u00e9s l\u2019\u00e9chapp\u00e9e belle) est la concr\u00e9tisation du dynamisme impuls\u00e9 par les dirigeants et entraineurs du club.<\/li>\n<li>Autres <strong>r\u00e9sultats marquants<\/strong> au cours de ces 2 mois: 4 victoires pour Maxime Buffaz et Emy Mauguen, 3 pour Nino Seixas, 2 pour Arsalane Zaafouri &amp; Enzo Nonnato, 1 pour Paul Seixas et d\u2019innombrables places sur les podiums.<\/li>\n<\/ul>\n<p>A ce jour, Lyon Sprint Evolution compte <strong>61 victoires depuis le d\u00e9but de la saison<\/strong> et un app\u00e9tit croissant pour ces moments forts. Des objectifs importants se profilent dans les 2 mois qui viennent avec les Championnats Auvergne Rh\u00f4ne-Alpes sur route pour toutes les cat\u00e9gories, le Championnat de France sur piste et le Tour International de Bilbao pour ses cadets. L. S. E. d\u00e9die ses victoires \u00e0 tous ses partenaires pour leur aide indispensable.<\/p>\n<p><span style=\"text-decoration: underline\"><em><strong>Toutes les photos: Droits R\u00e9serv\u00e9s LYON SPRINT EVOLUTION<\/strong> <\/em><\/span><\/p>\n<ul>\n<li>\n<h4>Retrouvez l&rsquo;ACTU du club sur: <a href=\"http:\/\/www.lyon-cyclisme.fr\" target=\"_blank\" rel=\"noopener noreferrer\">http:\/\/www.lyon-cyclisme.fr<\/a><\/h4>\n<\/li>\n<\/ul>\n<div id='gallery-1' class='gallery galleryid-27866 gallery-columns-3 gallery-size-thumbnail'><figure class='gallery-item'>\n\t\t\t<div class='gallery-icon landscape'>\n\t\t\t\t<a href='https:\/\/newsestlyonnais.fr\/site\/2017\/05\/30\/lyon-sprint-evolution-les-cyclistes-au-sommet-en-avril-et-mai\/newsestlyonnais-trophee-national-jeu-pis\/'><img loading=\"lazy\" decoding=\"async\" width=\"150\" height=\"150\" src=\"https:\/\/newsestlyonnais.fr\/site\/wp-content\/uploads\/2017\/05\/NEWSESTLYONNAIS-TROPHEE-NATIONAL-JEU-PIS-150x150.jpg\" class=\"attachment-thumbnail size-thumbnail\" alt=\"NEWSESTLYONNAIS - TROPHEE NATIONAL JEU PIS\" aria-describedby=\"gallery-1-27890\" \/><\/a>\n\t\t\t<\/div>\n\t\t\t\t<figcaption class='wp-caption-text gallery-caption' id='gallery-1-27890'>\n\t\t\t\tLe LSE a remport\u00e9 le 10\u00b0 Troph\u00e9e National du Jeune Pistard \n\t\t\t\t<\/figcaption><\/figure><figure class='gallery-item'>\n\t\t\t<div class='gallery-icon portrait'>\n\t\t\t\t<a href='https:\/\/newsestlyonnais.fr\/site\/2017\/05\/30\/lyon-sprint-evolution-les-cyclistes-au-sommet-en-avril-et-mai\/newsestlyonnais-podium-ch-raa\/'><img loading=\"lazy\" decoding=\"async\" width=\"150\" height=\"150\" src=\"https:\/\/newsestlyonnais.fr\/site\/wp-content\/uploads\/2017\/05\/NEWSESTLYONNAIS-PODIUM-CH-RAA-150x150.jpg\" class=\"attachment-thumbnail size-thumbnail\" alt=\"NEWSESTLYONNAIS - PODIUM CH RAA\" aria-describedby=\"gallery-1-27891\" \/><\/a>\n\t\t\t<\/div>\n\t\t\t\t<figcaption class='wp-caption-text gallery-caption' id='gallery-1-27891'>\n\t\t\t\tUn podium f\u00e9minin aux championnats Auvergne Rh\u00f4ne-Alpes Piste \n\t\t\t\t<\/figcaption><\/figure><figure class='gallery-item'>\n\t\t\t<div class='gallery-icon portrait'>\n\t\t\t\t<a href='https:\/\/newsestlyonnais.fr\/site\/2017\/05\/30\/lyon-sprint-evolution-les-cyclistes-au-sommet-en-avril-et-mai\/newsestlyonnais-podium-gar-ch-raa\/'><img loading=\"lazy\" decoding=\"async\" width=\"150\" height=\"150\" src=\"https:\/\/newsestlyonnais.fr\/site\/wp-content\/uploads\/2017\/05\/NEWSESTLYONNAIS-PODIUM-GAR-CH-RAA-150x150.jpg\" class=\"attachment-thumbnail size-thumbnail\" alt=\"NEWSESTLYONNAIS - PODIUM GAR CH RAA\" aria-describedby=\"gallery-1-27892\" \/><\/a>\n\t\t\t<\/div>\n\t\t\t\t<figcaption class='wp-caption-text gallery-caption' id='gallery-1-27892'>\n\t\t\t\tUn podium masculin !\n\t\t\t\t<\/figcaption><\/figure><figure class='gallery-item'>\n\t\t\t<div class='gallery-icon portrait'>\n\t\t\t\t<a href='https:\/\/newsestlyonnais.fr\/site\/2017\/05\/30\/lyon-sprint-evolution-les-cyclistes-au-sommet-en-avril-et-mai\/newsestlyonnais-podium-masc-ch-raa\/'><img loading=\"lazy\" decoding=\"async\" width=\"150\" height=\"150\" src=\"https:\/\/newsestlyonnais.fr\/site\/wp-content\/uploads\/2017\/05\/NEWSESTLYONNAIS-PODIUM-MASC-CH-RAA-150x150.jpg\" class=\"attachment-thumbnail size-thumbnail\" alt=\"NEWSESTLYONNAIS - PODIUM MASC CH RAA\" aria-describedby=\"gallery-1-27894\" \/><\/a>\n\t\t\t<\/div>\n\t\t\t\t<figcaption class='wp-caption-text gallery-caption' id='gallery-1-27894'>\n\t\t\t\tEt un autre podium r\u00e9gional !\n\t\t\t\t<\/figcaption><\/figure><figure class='gallery-item'>\n\t\t\t<div class='gallery-icon landscape'>\n\t\t\t\t<a href='https:\/\/newsestlyonnais.fr\/site\/2017\/05\/30\/lyon-sprint-evolution-les-cyclistes-au-sommet-en-avril-et-mai\/newsestlyonnais-lse-pod-reg-piste\/'><img loading=\"lazy\" decoding=\"async\" width=\"150\" height=\"150\" src=\"https:\/\/newsestlyonnais.fr\/site\/wp-content\/uploads\/2017\/05\/NEWSESTLYONNAIS-LSE-POD-REG-PISTE-150x150.jpg\" class=\"attachment-thumbnail size-thumbnail\" alt=\"\" aria-describedby=\"gallery-1-27895\" \/><\/a>\n\t\t\t<\/div>\n\t\t\t\t<figcaption class='wp-caption-text gallery-caption' id='gallery-1-27895'>\n\t\t\t\tPlusieurs m\u00e9daill\u00e9s du club sur piste \n\t\t\t\t<\/figcaption><\/figure><figure class='gallery-item'>\n\t\t\t<div class='gallery-icon portrait'>\n\t\t\t\t<a href='https:\/\/newsestlyonnais.fr\/site\/2017\/05\/30\/lyon-sprint-evolution-les-cyclistes-au-sommet-en-avril-et-mai\/newsestlyonnais-lse-n-verne\/'><img loading=\"lazy\" decoding=\"async\" width=\"150\" height=\"150\" src=\"https:\/\/newsestlyonnais.fr\/site\/wp-content\/uploads\/2017\/05\/NEWSESTLYONNAIS-LSE-N.-VERNE-150x150.jpg\" class=\"attachment-thumbnail size-thumbnail\" alt=\"\" aria-describedby=\"gallery-1-27896\" \/><\/a>\n\t\t\t<\/div>\n\t\t\t\t<figcaption class='wp-caption-text gallery-caption' id='gallery-1-27896'>\n\t\t\t\tNicolas Verne vainqueur en solitaire \u00e0 Montbrison \n\t\t\t\t<\/figcaption><\/figure><figure class='gallery-item'>\n\t\t\t<div class='gallery-icon portrait'>\n\t\t\t\t<a href='https:\/\/newsestlyonnais.fr\/site\/2017\/05\/30\/lyon-sprint-evolution-les-cyclistes-au-sommet-en-avril-et-mai\/newsestlyonnais-lse-m-ducruet\/'><img loading=\"lazy\" decoding=\"async\" width=\"150\" height=\"150\" src=\"https:\/\/newsestlyonnais.fr\/site\/wp-content\/uploads\/2017\/05\/NEWSESTLYONNAIS-LSE-M.-Ducruet--150x150.jpg\" class=\"attachment-thumbnail size-thumbnail\" alt=\"NEWSESTLYONNAIS - LSE M. Ducruet\" aria-describedby=\"gallery-1-27897\" \/><\/a>\n\t\t\t<\/div>\n\t\t\t\t<figcaption class='wp-caption-text gallery-caption' id='gallery-1-27897'>\n\t\t\t\tMathis Ducruet s&rsquo;est impos\u00e9 en solitaire \u00e0 Neuville L\u00e8s Dames\n\t\t\t\t<\/figcaption><\/figure><figure class='gallery-item'>\n\t\t\t<div class='gallery-icon portrait'>\n\t\t\t\t<a href='https:\/\/newsestlyonnais.fr\/site\/2017\/05\/30\/lyon-sprint-evolution-les-cyclistes-au-sommet-en-avril-et-mai\/newsestlyonnais-ducruet-verne\/'><img loading=\"lazy\" decoding=\"async\" width=\"150\" height=\"150\" src=\"https:\/\/newsestlyonnais.fr\/site\/wp-content\/uploads\/2017\/05\/NEWSESTLYONNAIS-Ducruet-Verne--150x150.jpg\" class=\"attachment-thumbnail size-thumbnail\" alt=\"NEWSESTLYONNAIS Ducruet Verne\" aria-describedby=\"gallery-1-27899\" \/><\/a>\n\t\t\t<\/div>\n\t\t\t\t<figcaption class='wp-caption-text gallery-caption' id='gallery-1-27899'>\n\t\t\t\tMathis Ducruet (1\u00b0) et Nicolas Verne (2\u00b0) \u00e0 Neuville Les Dames \n\t\t\t\t<\/figcaption><\/figure><figure class='gallery-item'>\n\t\t\t<div class='gallery-icon landscape'>\n\t\t\t\t<a href='https:\/\/newsestlyonnais.fr\/site\/2017\/05\/30\/lyon-sprint-evolution-les-cyclistes-au-sommet-en-avril-et-mai\/newsestlyonnais-sprint-lse\/'><img loading=\"lazy\" decoding=\"async\" width=\"150\" height=\"150\" src=\"https:\/\/newsestlyonnais.fr\/site\/wp-content\/uploads\/2017\/05\/NEWSESTLYONNAIS-SPRINT-LSE--150x150.jpg\" class=\"attachment-thumbnail size-thumbnail\" alt=\"NEWSESTLYONNAIS - SPRINT LSE\" \/><\/a>\n\t\t\t<\/div><\/figure><figure class='gallery-item'>\n\t\t\t<div class='gallery-icon landscape'>\n\t\t\t\t<a href='https:\/\/newsestlyonnais.fr\/site\/2017\/05\/30\/lyon-sprint-evolution-les-cyclistes-au-sommet-en-avril-et-mai\/newsestlyonnais-jeunes-lse\/'><img loading=\"lazy\" decoding=\"async\" width=\"150\" height=\"150\" src=\"https:\/\/newsestlyonnais.fr\/site\/wp-content\/uploads\/2017\/05\/NEWSESTLYONNAIS-JEUNES-LSE-150x150.jpg\" class=\"attachment-thumbnail size-thumbnail\" alt=\"NEWSESTLYONNAIS - JEUNES LSE\" \/><\/a>\n\t\t\t<\/div><\/figure><figure class='gallery-item'>\n\t\t\t<div class='gallery-icon landscape'>\n\t\t\t\t<a href='https:\/\/newsestlyonnais.fr\/site\/2017\/05\/30\/lyon-sprint-evolution-les-cyclistes-au-sommet-en-avril-et-mai\/newsestlyonnais-lse-jeunes\/'><img loading=\"lazy\" decoding=\"async\" width=\"150\" height=\"150\" src=\"https:\/\/newsestlyonnais.fr\/site\/wp-content\/uploads\/2017\/05\/NEWSESTLYONNAIS-LSE-JEUNES-150x150.jpg\" class=\"attachment-thumbnail size-thumbnail\" alt=\"NEWSESTLYONNAIS LSE JEUNES\" \/><\/a>\n\t\t\t<\/div><\/figure>\n\t\t<\/div>\n\n","protected":false},"excerpt":{"rendered":"<p>Avec de magnifiques victoires individuelles et collectives remport\u00e9es, voici le bilan dress\u00e9 par les dirigeants du club lyonnais: 29\/30 avril au Troph\u00e9e National du Jeune Pistard (M\u00e9ons): (PHOTO A LA UNE):\u00a0 19 des coureurs de l\u2019Ecole de Cyclisme ont remport\u00e9 le 10\u00b0 TNJP, \u00e9preuve \u00e9quivalente au Championnat de France des Ecoles de Cyclisme devant de [&hellip;]<\/p>\n","protected":false},"author":4,"featured_media":27875,"comment_status":"open","ping_status":"open","sticky":false,"template":"","format":"standard","meta":{"footnotes":""},"categories":[2969,1625],"tags":[],"class_list":["post-27866","post","type-post","status-publish","format-standard","has-post-thumbnail","hentry","category-cyclisme-cyclo-vtt","category-lyon"],"yoast_head":"<!-- This site is optimized with the Yoast SEO plugin v27.2 - https:\/\/yoast.com\/product\/yoast-seo-wordpress\/ -->\n<title>Les cyclistes de Lyon Sprint Evolution au sommet durant les mois d&#039;Avril et de Mai<\/title>\n<meta name=\"description\" content=\"Les cyclistes de Lyon Sprint Evolution au sommet durant les mois d&#039;Avril et de Mai\" \/>\n<meta name=\"robots\" content=\"index, follow, max-snippet:-1, max-image-preview:large, max-video-preview:-1\" \/>\n<link rel=\"canonical\" href=\"https:\/\/newsestlyonnais.fr\/site\/2017\/05\/30\/lyon-sprint-evolution-les-cyclistes-au-sommet-en-avril-et-mai\/\" \/>\n<meta property=\"og:locale\" content=\"fr_FR\" \/>\n<meta property=\"og:type\" content=\"article\" \/>\n<meta property=\"og:title\" content=\"Les cyclistes de Lyon Sprint Evolution au sommet durant les mois d&#039;Avril et de Mai\" \/>\n<meta property=\"og:description\" content=\"Les cyclistes de Lyon Sprint Evolution au sommet durant les mois d&#039;Avril et de Mai\" \/>\n<meta property=\"og:url\" content=\"https:\/\/newsestlyonnais.fr\/site\/2017\/05\/30\/lyon-sprint-evolution-les-cyclistes-au-sommet-en-avril-et-mai\/\" \/>\n<meta property=\"og:site_name\" content=\"News Est Lyonnais\" \/>\n<meta property=\"article:author\" content=\"https:\/\/www.facebook.com\/pascal.oberson.1?fref=ts\" \/>\n<meta property=\"article:published_time\" content=\"2017-05-30T12:27:22+00:00\" \/>\n<meta property=\"article:modified_time\" content=\"2020-11-13T06:30:16+00:00\" \/>\n<meta property=\"og:image\" content=\"https:\/\/i2.wp.com\/newsestlyonnais.fr\/site\/wp-content\/uploads\/2017\/05\/NEWSESTLYONNAIS-6-LSE-jeunes.jpg?fit=1000%2C750&ssl=1\" \/>\n\t<meta property=\"og:image:width\" content=\"1000\" \/>\n\t<meta property=\"og:image:height\" content=\"750\" \/>\n\t<meta property=\"og:image:type\" content=\"image\/jpeg\" \/>\n<meta name=\"author\" content=\"R\u00e9dac. NEWS\" \/>\n<meta name=\"twitter:card\" content=\"summary_large_image\" \/>\n<meta name=\"twitter:label1\" content=\"\u00c9crit par\" \/>\n\t<meta name=\"twitter:data1\" content=\"R\u00e9dac. NEWS\" \/>\n\t<meta name=\"twitter:label2\" content=\"Dur\u00e9e de lecture estim\u00e9e\" \/>\n\t<meta name=\"twitter:data2\" content=\"3 minutes\" \/>\n<script type=\"application\/ld+json\" class=\"yoast-schema-graph\">{\"@context\":\"https:\/\/schema.org\",\"@graph\":[{\"@type\":\"Article\",\"@id\":\"https:\/\/newsestlyonnais.fr\/site\/2017\/05\/30\/lyon-sprint-evolution-les-cyclistes-au-sommet-en-avril-et-mai\/#article\",\"isPartOf\":{\"@id\":\"https:\/\/newsestlyonnais.fr\/site\/2017\/05\/30\/lyon-sprint-evolution-les-cyclistes-au-sommet-en-avril-et-mai\/\"},\"author\":{\"name\":\"R\u00e9dac. NEWS\",\"@id\":\"https:\/\/newsestlyonnais.fr\/site\/#\/schema\/person\/3230d5615f390bb808365d673001e887\"},\"headline\":\"LYON Sprint Evolution | Les cyclistes au sommet en Avril et Mai\",\"datePublished\":\"2017-05-30T12:27:22+00:00\",\"dateModified\":\"2020-11-13T06:30:16+00:00\",\"mainEntityOfPage\":{\"@id\":\"https:\/\/newsestlyonnais.fr\/site\/2017\/05\/30\/lyon-sprint-evolution-les-cyclistes-au-sommet-en-avril-et-mai\/\"},\"wordCount\":641,\"commentCount\":0,\"publisher\":{\"@id\":\"https:\/\/newsestlyonnais.fr\/site\/#organization\"},\"image\":{\"@id\":\"https:\/\/newsestlyonnais.fr\/site\/2017\/05\/30\/lyon-sprint-evolution-les-cyclistes-au-sommet-en-avril-et-mai\/#primaryimage\"},\"thumbnailUrl\":\"https:\/\/newsestlyonnais.fr\/site\/wp-content\/uploads\/2017\/05\/NEWSESTLYONNAIS-6-LSE-jeunes.jpg\",\"articleSection\":[\"Cyclisme | Cyclo | Vtt\",\"Lyon\"],\"inLanguage\":\"fr-FR\",\"potentialAction\":[{\"@type\":\"CommentAction\",\"name\":\"Comment\",\"target\":[\"https:\/\/newsestlyonnais.fr\/site\/2017\/05\/30\/lyon-sprint-evolution-les-cyclistes-au-sommet-en-avril-et-mai\/#respond\"]}]},{\"@type\":\"WebPage\",\"@id\":\"https:\/\/newsestlyonnais.fr\/site\/2017\/05\/30\/lyon-sprint-evolution-les-cyclistes-au-sommet-en-avril-et-mai\/\",\"url\":\"https:\/\/newsestlyonnais.fr\/site\/2017\/05\/30\/lyon-sprint-evolution-les-cyclistes-au-sommet-en-avril-et-mai\/\",\"name\":\"Les cyclistes de Lyon Sprint Evolution au sommet durant les mois d'Avril et de Mai\",\"isPartOf\":{\"@id\":\"https:\/\/newsestlyonnais.fr\/site\/#website\"},\"primaryImageOfPage\":{\"@id\":\"https:\/\/newsestlyonnais.fr\/site\/2017\/05\/30\/lyon-sprint-evolution-les-cyclistes-au-sommet-en-avril-et-mai\/#primaryimage\"},\"image\":{\"@id\":\"https:\/\/newsestlyonnais.fr\/site\/2017\/05\/30\/lyon-sprint-evolution-les-cyclistes-au-sommet-en-avril-et-mai\/#primaryimage\"},\"thumbnailUrl\":\"https:\/\/newsestlyonnais.fr\/site\/wp-content\/uploads\/2017\/05\/NEWSESTLYONNAIS-6-LSE-jeunes.jpg\",\"datePublished\":\"2017-05-30T12:27:22+00:00\",\"dateModified\":\"2020-11-13T06:30:16+00:00\",\"description\":\"Les cyclistes de Lyon Sprint Evolution au sommet durant les mois d'Avril et de Mai\",\"breadcrumb\":{\"@id\":\"https:\/\/newsestlyonnais.fr\/site\/2017\/05\/30\/lyon-sprint-evolution-les-cyclistes-au-sommet-en-avril-et-mai\/#breadcrumb\"},\"inLanguage\":\"fr-FR\",\"potentialAction\":[{\"@type\":\"ReadAction\",\"target\":[\"https:\/\/newsestlyonnais.fr\/site\/2017\/05\/30\/lyon-sprint-evolution-les-cyclistes-au-sommet-en-avril-et-mai\/\"]}]},{\"@type\":\"ImageObject\",\"inLanguage\":\"fr-FR\",\"@id\":\"https:\/\/newsestlyonnais.fr\/site\/2017\/05\/30\/lyon-sprint-evolution-les-cyclistes-au-sommet-en-avril-et-mai\/#primaryimage\",\"url\":\"https:\/\/newsestlyonnais.fr\/site\/wp-content\/uploads\/2017\/05\/NEWSESTLYONNAIS-6-LSE-jeunes.jpg\",\"contentUrl\":\"https:\/\/newsestlyonnais.fr\/site\/wp-content\/uploads\/2017\/05\/NEWSESTLYONNAIS-6-LSE-jeunes.jpg\",\"width\":1000,\"height\":750,\"caption\":\"NEWSESTLYONNAIS -LSE jeunes\"},{\"@type\":\"BreadcrumbList\",\"@id\":\"https:\/\/newsestlyonnais.fr\/site\/2017\/05\/30\/lyon-sprint-evolution-les-cyclistes-au-sommet-en-avril-et-mai\/#breadcrumb\",\"itemListElement\":[{\"@type\":\"ListItem\",\"position\":1,\"name\":\"Accueil\",\"item\":\"https:\/\/newsestlyonnais.fr\/site\/\"},{\"@type\":\"ListItem\",\"position\":2,\"name\":\"LYON Sprint Evolution | Les cyclistes au sommet en Avril et Mai\"}]},{\"@type\":\"WebSite\",\"@id\":\"https:\/\/newsestlyonnais.fr\/site\/#website\",\"url\":\"https:\/\/newsestlyonnais.fr\/site\/\",\"name\":\"News Est Lyonnais\",\"description\":\"L&#039;actualit\u00e9 au plus pr\u00e8s\",\"publisher\":{\"@id\":\"https:\/\/newsestlyonnais.fr\/site\/#organization\"},\"potentialAction\":[{\"@type\":\"SearchAction\",\"target\":{\"@type\":\"EntryPoint\",\"urlTemplate\":\"https:\/\/newsestlyonnais.fr\/site\/?s={search_term_string}\"},\"query-input\":{\"@type\":\"PropertyValueSpecification\",\"valueRequired\":true,\"valueName\":\"search_term_string\"}}],\"inLanguage\":\"fr-FR\"},{\"@type\":\"Organization\",\"@id\":\"https:\/\/newsestlyonnais.fr\/site\/#organization\",\"name\":\"News EST LYONNAIS\",\"url\":\"https:\/\/newsestlyonnais.fr\/site\/\",\"logo\":{\"@type\":\"ImageObject\",\"inLanguage\":\"fr-FR\",\"@id\":\"https:\/\/newsestlyonnais.fr\/site\/#\/schema\/logo\/image\/\",\"url\":\"\",\"contentUrl\":\"\",\"caption\":\"News EST LYONNAIS\"},\"image\":{\"@id\":\"https:\/\/newsestlyonnais.fr\/site\/#\/schema\/logo\/image\/\"}},{\"@type\":\"Person\",\"@id\":\"https:\/\/newsestlyonnais.fr\/site\/#\/schema\/person\/3230d5615f390bb808365d673001e887\",\"name\":\"R\u00e9dac. NEWS\",\"sameAs\":[\"http:\/\/www.newsestlyonnais.fr\",\"https:\/\/www.facebook.com\/pascal.oberson.1?fref=ts\",\"https:\/\/fr.linkedin.com\/in\/pascal-oberson-b17045113\"],\"url\":\"https:\/\/newsestlyonnais.fr\/site\/author\/nel\/\"}]}<\/script>\n<!-- \/ Yoast SEO plugin. -->","yoast_head_json":{"title":"Les cyclistes de Lyon Sprint Evolution au sommet durant les mois d'Avril et de Mai","description":"Les cyclistes de Lyon Sprint Evolution au sommet durant les mois d'Avril et de Mai","robots":{"index":"index","follow":"follow","max-snippet":"max-snippet:-1","max-image-preview":"max-image-preview:large","max-video-preview":"max-video-preview:-1"},"canonical":"https:\/\/newsestlyonnais.fr\/site\/2017\/05\/30\/lyon-sprint-evolution-les-cyclistes-au-sommet-en-avril-et-mai\/","og_locale":"fr_FR","og_type":"article","og_title":"Les cyclistes de Lyon Sprint Evolution au sommet durant les mois d'Avril et de Mai","og_description":"Les cyclistes de Lyon Sprint Evolution au sommet durant les mois d'Avril et de Mai","og_url":"https:\/\/newsestlyonnais.fr\/site\/2017\/05\/30\/lyon-sprint-evolution-les-cyclistes-au-sommet-en-avril-et-mai\/","og_site_name":"News Est Lyonnais","article_author":"https:\/\/www.facebook.com\/pascal.oberson.1?fref=ts","article_published_time":"2017-05-30T12:27:22+00:00","article_modified_time":"2020-11-13T06:30:16+00:00","og_image":[{"width":1000,"height":750,"url":"https:\/\/i2.wp.com\/newsestlyonnais.fr\/site\/wp-content\/uploads\/2017\/05\/NEWSESTLYONNAIS-6-LSE-jeunes.jpg?fit=1000%2C750&ssl=1","type":"image\/jpeg"}],"author":"R\u00e9dac. NEWS","twitter_card":"summary_large_image","twitter_misc":{"\u00c9crit par":"R\u00e9dac. NEWS","Dur\u00e9e de lecture estim\u00e9e":"3 minutes"},"schema":{"@context":"https:\/\/schema.org","@graph":[{"@type":"Article","@id":"https:\/\/newsestlyonnais.fr\/site\/2017\/05\/30\/lyon-sprint-evolution-les-cyclistes-au-sommet-en-avril-et-mai\/#article","isPartOf":{"@id":"https:\/\/newsestlyonnais.fr\/site\/2017\/05\/30\/lyon-sprint-evolution-les-cyclistes-au-sommet-en-avril-et-mai\/"},"author":{"name":"R\u00e9dac. NEWS","@id":"https:\/\/newsestlyonnais.fr\/site\/#\/schema\/person\/3230d5615f390bb808365d673001e887"},"headline":"LYON Sprint Evolution | Les cyclistes au sommet en Avril et Mai","datePublished":"2017-05-30T12:27:22+00:00","dateModified":"2020-11-13T06:30:16+00:00","mainEntityOfPage":{"@id":"https:\/\/newsestlyonnais.fr\/site\/2017\/05\/30\/lyon-sprint-evolution-les-cyclistes-au-sommet-en-avril-et-mai\/"},"wordCount":641,"commentCount":0,"publisher":{"@id":"https:\/\/newsestlyonnais.fr\/site\/#organization"},"image":{"@id":"https:\/\/newsestlyonnais.fr\/site\/2017\/05\/30\/lyon-sprint-evolution-les-cyclistes-au-sommet-en-avril-et-mai\/#primaryimage"},"thumbnailUrl":"https:\/\/newsestlyonnais.fr\/site\/wp-content\/uploads\/2017\/05\/NEWSESTLYONNAIS-6-LSE-jeunes.jpg","articleSection":["Cyclisme | Cyclo | Vtt","Lyon"],"inLanguage":"fr-FR","potentialAction":[{"@type":"CommentAction","name":"Comment","target":["https:\/\/newsestlyonnais.fr\/site\/2017\/05\/30\/lyon-sprint-evolution-les-cyclistes-au-sommet-en-avril-et-mai\/#respond"]}]},{"@type":"WebPage","@id":"https:\/\/newsestlyonnais.fr\/site\/2017\/05\/30\/lyon-sprint-evolution-les-cyclistes-au-sommet-en-avril-et-mai\/","url":"https:\/\/newsestlyonnais.fr\/site\/2017\/05\/30\/lyon-sprint-evolution-les-cyclistes-au-sommet-en-avril-et-mai\/","name":"Les cyclistes de Lyon Sprint Evolution au sommet durant les mois d'Avril et de Mai","isPartOf":{"@id":"https:\/\/newsestlyonnais.fr\/site\/#website"},"primaryImageOfPage":{"@id":"https:\/\/newsestlyonnais.fr\/site\/2017\/05\/30\/lyon-sprint-evolution-les-cyclistes-au-sommet-en-avril-et-mai\/#primaryimage"},"image":{"@id":"https:\/\/newsestlyonnais.fr\/site\/2017\/05\/30\/lyon-sprint-evolution-les-cyclistes-au-sommet-en-avril-et-mai\/#primaryimage"},"thumbnailUrl":"https:\/\/newsestlyonnais.fr\/site\/wp-content\/uploads\/2017\/05\/NEWSESTLYONNAIS-6-LSE-jeunes.jpg","datePublished":"2017-05-30T12:27:22+00:00","dateModified":"2020-11-13T06:30:16+00:00","description":"Les cyclistes de Lyon Sprint Evolution au sommet durant les mois d'Avril et de Mai","breadcrumb":{"@id":"https:\/\/newsestlyonnais.fr\/site\/2017\/05\/30\/lyon-sprint-evolution-les-cyclistes-au-sommet-en-avril-et-mai\/#breadcrumb"},"inLanguage":"fr-FR","potentialAction":[{"@type":"ReadAction","target":["https:\/\/newsestlyonnais.fr\/site\/2017\/05\/30\/lyon-sprint-evolution-les-cyclistes-au-sommet-en-avril-et-mai\/"]}]},{"@type":"ImageObject","inLanguage":"fr-FR","@id":"https:\/\/newsestlyonnais.fr\/site\/2017\/05\/30\/lyon-sprint-evolution-les-cyclistes-au-sommet-en-avril-et-mai\/#primaryimage","url":"https:\/\/newsestlyonnais.fr\/site\/wp-content\/uploads\/2017\/05\/NEWSESTLYONNAIS-6-LSE-jeunes.jpg","contentUrl":"https:\/\/newsestlyonnais.fr\/site\/wp-content\/uploads\/2017\/05\/NEWSESTLYONNAIS-6-LSE-jeunes.jpg","width":1000,"height":750,"caption":"NEWSESTLYONNAIS -LSE jeunes"},{"@type":"BreadcrumbList","@id":"https:\/\/newsestlyonnais.fr\/site\/2017\/05\/30\/lyon-sprint-evolution-les-cyclistes-au-sommet-en-avril-et-mai\/#breadcrumb","itemListElement":[{"@type":"ListItem","position":1,"name":"Accueil","item":"https:\/\/newsestlyonnais.fr\/site\/"},{"@type":"ListItem","position":2,"name":"LYON Sprint Evolution | Les cyclistes au sommet en Avril et Mai"}]},{"@type":"WebSite","@id":"https:\/\/newsestlyonnais.fr\/site\/#website","url":"https:\/\/newsestlyonnais.fr\/site\/","name":"News Est Lyonnais","description":"L&#039;actualit\u00e9 au plus pr\u00e8s","publisher":{"@id":"https:\/\/newsestlyonnais.fr\/site\/#organization"},"potentialAction":[{"@type":"SearchAction","target":{"@type":"EntryPoint","urlTemplate":"https:\/\/newsestlyonnais.fr\/site\/?s={search_term_string}"},"query-input":{"@type":"PropertyValueSpecification","valueRequired":true,"valueName":"search_term_string"}}],"inLanguage":"fr-FR"},{"@type":"Organization","@id":"https:\/\/newsestlyonnais.fr\/site\/#organization","name":"News EST LYONNAIS","url":"https:\/\/newsestlyonnais.fr\/site\/","logo":{"@type":"ImageObject","inLanguage":"fr-FR","@id":"https:\/\/newsestlyonnais.fr\/site\/#\/schema\/logo\/image\/","url":"","contentUrl":"","caption":"News EST LYONNAIS"},"image":{"@id":"https:\/\/newsestlyonnais.fr\/site\/#\/schema\/logo\/image\/"}},{"@type":"Person","@id":"https:\/\/newsestlyonnais.fr\/site\/#\/schema\/person\/3230d5615f390bb808365d673001e887","name":"R\u00e9dac. NEWS","sameAs":["http:\/\/www.newsestlyonnais.fr","https:\/\/www.facebook.com\/pascal.oberson.1?fref=ts","https:\/\/fr.linkedin.com\/in\/pascal-oberson-b17045113"],"url":"https:\/\/newsestlyonnais.fr\/site\/author\/nel\/"}]}},"_links":{"self":[{"href":"https:\/\/newsestlyonnais.fr\/site\/wp-json\/wp\/v2\/posts\/27866","targetHints":{"allow":["GET"]}}],"collection":[{"href":"https:\/\/newsestlyonnais.fr\/site\/wp-json\/wp\/v2\/posts"}],"about":[{"href":"https:\/\/newsestlyonnais.fr\/site\/wp-json\/wp\/v2\/types\/post"}],"author":[{"embeddable":true,"href":"https:\/\/newsestlyonnais.fr\/site\/wp-json\/wp\/v2\/users\/4"}],"replies":[{"embeddable":true,"href":"https:\/\/newsestlyonnais.fr\/site\/wp-json\/wp\/v2\/comments?post=27866"}],"version-history":[{"count":0,"href":"https:\/\/newsestlyonnais.fr\/site\/wp-json\/wp\/v2\/posts\/27866\/revisions"}],"wp:featuredmedia":[{"embeddable":true,"href":"https:\/\/newsestlyonnais.fr\/site\/wp-json\/wp\/v2\/media\/27875"}],"wp:attachment":[{"href":"https:\/\/newsestlyonnais.fr\/site\/wp-json\/wp\/v2\/media?parent=27866"}],"wp:term":[{"taxonomy":"category","embeddable":true,"href":"https:\/\/newsestlyonnais.fr\/site\/wp-json\/wp\/v2\/categories?post=27866"},{"taxonomy":"post_tag","embeddable":true,"href":"https:\/\/newsestlyonnais.fr\/site\/wp-json\/wp\/v2\/tags?post=27866"}],"curies":[{"name":"wp","href":"https:\/\/api.w.org\/{rel}","templated":true}]}}