{"id":27909,"date":"2017-05-31T14:02:36","date_gmt":"2017-05-31T13:02:36","guid":{"rendered":"http:\/\/newsestlyonnais.fr\/site\/?p=27909"},"modified":"2020-11-01T19:22:15","modified_gmt":"2020-11-01T18:22:15","slug":"bron-retour-en-images-sur-la-8-journee-de-dams","status":"publish","type":"post","link":"https:\/\/newsestlyonnais.fr\/site\/2017\/05\/31\/bron-retour-en-images-sur-la-8-journee-de-dams\/","title":{"rendered":"BRON | Retour en images sur la 8\u00b0 Journ\u00e9e de Dam&rsquo;s"},"content":{"rendered":"<h4>Un \u00e9v\u00e8nement solidaire et sportif qui s&rsquo;est disput\u00e9 dimanche matin dans le cadre du stade Pierre Duboeuf.<\/h4>\n<p>\u00a0\u00bb Un grand Merci \u00e0 tous les participants, coureurs, marcheurs, enfants, parents et b\u00e9n\u00e9voles sans qui cette belle journ\u00e9e ne pourrait pas etre ce qu&rsquo;elle est, c&rsquo;est \u00e0 dire une vraie r\u00e9ussite.<br \/>\nGrace \u00e0 vous, 5. 000\u20ac ont pu de nouveau \u00eatre revers\u00e9s au Centre L\u00e9on B\u00e9rard. Cette ann\u00e9e le Pr Jean-Yves Blay pr\u00e9sent lors de la remise des r\u00e9compenses a pu nous pr\u00e9ciser comment sont utilis\u00e9s les dons de L&rsquo;Association DAM&rsquo;S. Son intervention nous a rappel\u00e9 que ces dons sont indispensables \u00e0 l&rsquo;avanc\u00e9e de la recherche sur les cancers et plus pr\u00e9cis\u00e9ment sur les sarcomes\u00a0\u00bb confiait Djoura Brahmi, directrice du 10 Km de Bron, Vice-Pr\u00e9sidente de l&rsquo;association Dam&rsquo;s.<\/p>\n<ul>\n<li>Retrouvez le classement scratch du 10 kilom\u00e8tres : <a href=\"http:\/\/www.associationdams.org\/telecharger\/classement2017scratch.pdf\" target=\"_blank\" rel=\"noopener noreferrer\">http:\/\/www.associationdams.org\/telecharger\/classement2017scratch.pdf<\/a><\/li>\n<\/ul>\n<h4>Retour en images (Droits r\u00e9serv\u00e9s Association Dam&rsquo;s):<\/h4>\n<div id='gallery-1' class='gallery galleryid-27909 gallery-columns-3 gallery-size-thumbnail'><figure class='gallery-item'>\n\t\t\t<div class='gallery-icon landscape'>\n\t\t\t\t<a href='https:\/\/newsestlyonnais.fr\/site\/2017\/05\/31\/bron-retour-en-images-sur-la-8-journee-de-dams\/newsestlyonnais-dams-2017-benevoles\/'><img loading=\"lazy\" decoding=\"async\" width=\"150\" height=\"150\" src=\"https:\/\/newsestlyonnais.fr\/site\/wp-content\/uploads\/2017\/05\/NEWSESTLYONNAIS-DAMS-2017-BENEVOLES-150x150.jpg\" class=\"attachment-thumbnail size-thumbnail\" alt=\"NEWSESTLYONNAIS - DAMS 2017 BENEVOLES\" aria-describedby=\"gallery-1-27985\" \/><\/a>\n\t\t\t<\/div>\n\t\t\t\t<figcaption class='wp-caption-text gallery-caption' id='gallery-1-27985'>\n\t\t\t\tPlusieurs dizaines de b\u00e9n\u00e9voles mobilis\u00e9s pour un tel \u00e9v\u00e8nement \n\t\t\t\t<\/figcaption><\/figure><figure class='gallery-item'>\n\t\t\t<div class='gallery-icon landscape'>\n\t\t\t\t<a href='https:\/\/newsestlyonnais.fr\/site\/2017\/05\/31\/bron-retour-en-images-sur-la-8-journee-de-dams\/newsestlyonnais-ass-dams\/'><img loading=\"lazy\" decoding=\"async\" width=\"150\" height=\"150\" src=\"https:\/\/newsestlyonnais.fr\/site\/wp-content\/uploads\/2017\/05\/NEWSESTLYONNAIS-ASS-DAMS--150x150.jpg\" class=\"attachment-thumbnail size-thumbnail\" alt=\"NEWSESTLYONNAIS ASS DAMS\" aria-describedby=\"gallery-1-27986\" \/><\/a>\n\t\t\t<\/div>\n\t\t\t\t<figcaption class='wp-caption-text gallery-caption' id='gallery-1-27986'>\n\t\t\t\tGuilhem Barthes, pr\u00e9sident depuis 2011 de cette association\n\t\t\t\t<\/figcaption><\/figure><figure class='gallery-item'>\n\t\t\t<div class='gallery-icon landscape'>\n\t\t\t\t<a href='https:\/\/newsestlyonnais.fr\/site\/2017\/05\/31\/bron-retour-en-images-sur-la-8-journee-de-dams\/newsestlyonnais-ptits-dams-1\/'><img loading=\"lazy\" decoding=\"async\" width=\"150\" height=\"150\" src=\"https:\/\/newsestlyonnais.fr\/site\/wp-content\/uploads\/2017\/05\/NEWSESTLYONNAIS-PTITS-DAMS-1-150x150.jpg\" class=\"attachment-thumbnail size-thumbnail\" alt=\"\" aria-describedby=\"gallery-1-27989\" \/><\/a>\n\t\t\t<\/div>\n\t\t\t\t<figcaption class='wp-caption-text gallery-caption' id='gallery-1-27989'>\n\t\t\t\tUne soixantaine de participants aux JO des P&rsquo;tits Dam&rsquo;s\n\t\t\t\t<\/figcaption><\/figure><figure class='gallery-item'>\n\t\t\t<div class='gallery-icon landscape'>\n\t\t\t\t<a href='https:\/\/newsestlyonnais.fr\/site\/2017\/05\/31\/bron-retour-en-images-sur-la-8-journee-de-dams\/newsestlyonnais-init-athle-dams\/'><img loading=\"lazy\" decoding=\"async\" width=\"150\" height=\"150\" src=\"https:\/\/newsestlyonnais.fr\/site\/wp-content\/uploads\/2017\/05\/NEWSESTLYONNAIS-INIT-ATHLE-DAMS-150x150.jpg\" class=\"attachment-thumbnail size-thumbnail\" alt=\"NEWSESTLYONNAIS INIT ATHLE DAMS\" aria-describedby=\"gallery-1-27990\" \/><\/a>\n\t\t\t<\/div>\n\t\t\t\t<figcaption class='wp-caption-text gallery-caption' id='gallery-1-27990'>\n\t\t\t\tInitiation \u00e0 l&rsquo;athl\u00e9 dans le cadre des JO des P&rsquo;tits Dam&rsquo;s\n\t\t\t\t<\/figcaption><\/figure>\n\t\t<\/div>\n\n<p>&nbsp;<\/p>\n<p>&nbsp;<\/p>\n","protected":false},"excerpt":{"rendered":"<p>Un \u00e9v\u00e8nement solidaire et sportif qui s&rsquo;est disput\u00e9 dimanche matin dans le cadre du stade Pierre Duboeuf. \u00a0\u00bb Un grand Merci \u00e0 tous les participants, coureurs, marcheurs, enfants, parents et b\u00e9n\u00e9voles sans qui cette belle journ\u00e9e ne pourrait pas etre ce qu&rsquo;elle est, c&rsquo;est \u00e0 dire une vraie r\u00e9ussite. Grace \u00e0 vous, 5. 000\u20ac ont [&hellip;]<\/p>\n","protected":false},"author":4,"featured_media":27988,"comment_status":"open","ping_status":"open","sticky":false,"template":"","format":"standard","meta":{"footnotes":""},"categories":[2968,19,18],"tags":[],"class_list":["post-27909","post","type-post","status-publish","format-standard","has-post-thumbnail","hentry","category-athle-course-pied-marche","category-bron","category-sante-bien-etre-solidarite"],"yoast_head":"<!-- This site is optimized with the Yoast SEO plugin v27.2 - https:\/\/yoast.com\/product\/yoast-seo-wordpress\/ -->\n<title>BRON : Retour en images sur la 8\u00b0 Journ\u00e9e de Dam&#039;s<\/title>\n<meta name=\"description\" content=\"BRON : Retour en images sur la 8\u00b0 Journ\u00e9e de Dam&#039;s\" \/>\n<meta name=\"robots\" content=\"index, follow, max-snippet:-1, max-image-preview:large, max-video-preview:-1\" \/>\n<link rel=\"canonical\" href=\"https:\/\/newsestlyonnais.fr\/site\/2017\/05\/31\/bron-retour-en-images-sur-la-8-journee-de-dams\/\" \/>\n<meta property=\"og:locale\" content=\"fr_FR\" \/>\n<meta property=\"og:type\" content=\"article\" \/>\n<meta property=\"og:title\" content=\"BRON : Retour en images sur la 8\u00b0 Journ\u00e9e de Dam&#039;s\" \/>\n<meta property=\"og:description\" content=\"BRON : Retour en images sur la 8\u00b0 Journ\u00e9e de Dam&#039;s\" \/>\n<meta property=\"og:url\" content=\"https:\/\/newsestlyonnais.fr\/site\/2017\/05\/31\/bron-retour-en-images-sur-la-8-journee-de-dams\/\" \/>\n<meta property=\"og:site_name\" content=\"News Est Lyonnais\" \/>\n<meta property=\"article:author\" content=\"https:\/\/www.facebook.com\/pascal.oberson.1?fref=ts\" \/>\n<meta property=\"article:published_time\" content=\"2017-05-31T13:02:36+00:00\" \/>\n<meta property=\"article:modified_time\" content=\"2020-11-01T18:22:15+00:00\" \/>\n<meta property=\"og:image\" content=\"https:\/\/i0.wp.com\/newsestlyonnais.fr\/site\/wp-content\/uploads\/2017\/05\/NEWSESTLYONNAIS-BENEVOLES-DAMS.jpg?fit=1024%2C207&ssl=1\" \/>\n\t<meta property=\"og:image:width\" content=\"1024\" \/>\n\t<meta property=\"og:image:height\" content=\"207\" \/>\n\t<meta property=\"og:image:type\" content=\"image\/jpeg\" \/>\n<meta name=\"author\" content=\"R\u00e9dac. NEWS\" \/>\n<meta name=\"twitter:card\" content=\"summary_large_image\" \/>\n<meta name=\"twitter:label1\" content=\"\u00c9crit par\" \/>\n\t<meta name=\"twitter:data1\" content=\"R\u00e9dac. NEWS\" \/>\n\t<meta name=\"twitter:label2\" content=\"Dur\u00e9e de lecture estim\u00e9e\" \/>\n\t<meta name=\"twitter:data2\" content=\"1 minute\" \/>\n<script type=\"application\/ld+json\" class=\"yoast-schema-graph\">{\"@context\":\"https:\/\/schema.org\",\"@graph\":[{\"@type\":\"Article\",\"@id\":\"https:\/\/newsestlyonnais.fr\/site\/2017\/05\/31\/bron-retour-en-images-sur-la-8-journee-de-dams\/#article\",\"isPartOf\":{\"@id\":\"https:\/\/newsestlyonnais.fr\/site\/2017\/05\/31\/bron-retour-en-images-sur-la-8-journee-de-dams\/\"},\"author\":{\"name\":\"R\u00e9dac. NEWS\",\"@id\":\"https:\/\/newsestlyonnais.fr\/site\/#\/schema\/person\/3230d5615f390bb808365d673001e887\"},\"headline\":\"BRON | Retour en images sur la 8\u00b0 Journ\u00e9e de Dam&rsquo;s\",\"datePublished\":\"2017-05-31T13:02:36+00:00\",\"dateModified\":\"2020-11-01T18:22:15+00:00\",\"mainEntityOfPage\":{\"@id\":\"https:\/\/newsestlyonnais.fr\/site\/2017\/05\/31\/bron-retour-en-images-sur-la-8-journee-de-dams\/\"},\"wordCount\":185,\"commentCount\":0,\"publisher\":{\"@id\":\"https:\/\/newsestlyonnais.fr\/site\/#organization\"},\"image\":{\"@id\":\"https:\/\/newsestlyonnais.fr\/site\/2017\/05\/31\/bron-retour-en-images-sur-la-8-journee-de-dams\/#primaryimage\"},\"thumbnailUrl\":\"https:\/\/newsestlyonnais.fr\/site\/wp-content\/uploads\/2017\/05\/NEWSESTLYONNAIS-BENEVOLES-DAMS.jpg\",\"articleSection\":[\"Athl\u00e9 | Course pied | Marche\",\"Bron\",\"Sant\u00e9 | Bien Etre | Solidarit\u00e9\"],\"inLanguage\":\"fr-FR\",\"potentialAction\":[{\"@type\":\"CommentAction\",\"name\":\"Comment\",\"target\":[\"https:\/\/newsestlyonnais.fr\/site\/2017\/05\/31\/bron-retour-en-images-sur-la-8-journee-de-dams\/#respond\"]}]},{\"@type\":\"WebPage\",\"@id\":\"https:\/\/newsestlyonnais.fr\/site\/2017\/05\/31\/bron-retour-en-images-sur-la-8-journee-de-dams\/\",\"url\":\"https:\/\/newsestlyonnais.fr\/site\/2017\/05\/31\/bron-retour-en-images-sur-la-8-journee-de-dams\/\",\"name\":\"BRON : Retour en images sur la 8\u00b0 Journ\u00e9e de Dam's\",\"isPartOf\":{\"@id\":\"https:\/\/newsestlyonnais.fr\/site\/#website\"},\"primaryImageOfPage\":{\"@id\":\"https:\/\/newsestlyonnais.fr\/site\/2017\/05\/31\/bron-retour-en-images-sur-la-8-journee-de-dams\/#primaryimage\"},\"image\":{\"@id\":\"https:\/\/newsestlyonnais.fr\/site\/2017\/05\/31\/bron-retour-en-images-sur-la-8-journee-de-dams\/#primaryimage\"},\"thumbnailUrl\":\"https:\/\/newsestlyonnais.fr\/site\/wp-content\/uploads\/2017\/05\/NEWSESTLYONNAIS-BENEVOLES-DAMS.jpg\",\"datePublished\":\"2017-05-31T13:02:36+00:00\",\"dateModified\":\"2020-11-01T18:22:15+00:00\",\"description\":\"BRON : Retour en images sur la 8\u00b0 Journ\u00e9e de Dam's\",\"breadcrumb\":{\"@id\":\"https:\/\/newsestlyonnais.fr\/site\/2017\/05\/31\/bron-retour-en-images-sur-la-8-journee-de-dams\/#breadcrumb\"},\"inLanguage\":\"fr-FR\",\"potentialAction\":[{\"@type\":\"ReadAction\",\"target\":[\"https:\/\/newsestlyonnais.fr\/site\/2017\/05\/31\/bron-retour-en-images-sur-la-8-journee-de-dams\/\"]}]},{\"@type\":\"ImageObject\",\"inLanguage\":\"fr-FR\",\"@id\":\"https:\/\/newsestlyonnais.fr\/site\/2017\/05\/31\/bron-retour-en-images-sur-la-8-journee-de-dams\/#primaryimage\",\"url\":\"https:\/\/newsestlyonnais.fr\/site\/wp-content\/uploads\/2017\/05\/NEWSESTLYONNAIS-BENEVOLES-DAMS.jpg\",\"contentUrl\":\"https:\/\/newsestlyonnais.fr\/site\/wp-content\/uploads\/2017\/05\/NEWSESTLYONNAIS-BENEVOLES-DAMS.jpg\",\"width\":1024,\"height\":207,\"caption\":\"NEWSESTLYONNAIS BENEVOLES DAMS\"},{\"@type\":\"BreadcrumbList\",\"@id\":\"https:\/\/newsestlyonnais.fr\/site\/2017\/05\/31\/bron-retour-en-images-sur-la-8-journee-de-dams\/#breadcrumb\",\"itemListElement\":[{\"@type\":\"ListItem\",\"position\":1,\"name\":\"Accueil\",\"item\":\"https:\/\/newsestlyonnais.fr\/site\/\"},{\"@type\":\"ListItem\",\"position\":2,\"name\":\"BRON | Retour en images sur la 8\u00b0 Journ\u00e9e de Dam&rsquo;s\"}]},{\"@type\":\"WebSite\",\"@id\":\"https:\/\/newsestlyonnais.fr\/site\/#website\",\"url\":\"https:\/\/newsestlyonnais.fr\/site\/\",\"name\":\"News Est Lyonnais\",\"description\":\"L&#039;actualit\u00e9 au plus pr\u00e8s\",\"publisher\":{\"@id\":\"https:\/\/newsestlyonnais.fr\/site\/#organization\"},\"potentialAction\":[{\"@type\":\"SearchAction\",\"target\":{\"@type\":\"EntryPoint\",\"urlTemplate\":\"https:\/\/newsestlyonnais.fr\/site\/?s={search_term_string}\"},\"query-input\":{\"@type\":\"PropertyValueSpecification\",\"valueRequired\":true,\"valueName\":\"search_term_string\"}}],\"inLanguage\":\"fr-FR\"},{\"@type\":\"Organization\",\"@id\":\"https:\/\/newsestlyonnais.fr\/site\/#organization\",\"name\":\"News EST LYONNAIS\",\"url\":\"https:\/\/newsestlyonnais.fr\/site\/\",\"logo\":{\"@type\":\"ImageObject\",\"inLanguage\":\"fr-FR\",\"@id\":\"https:\/\/newsestlyonnais.fr\/site\/#\/schema\/logo\/image\/\",\"url\":\"\",\"contentUrl\":\"\",\"caption\":\"News EST LYONNAIS\"},\"image\":{\"@id\":\"https:\/\/newsestlyonnais.fr\/site\/#\/schema\/logo\/image\/\"}},{\"@type\":\"Person\",\"@id\":\"https:\/\/newsestlyonnais.fr\/site\/#\/schema\/person\/3230d5615f390bb808365d673001e887\",\"name\":\"R\u00e9dac. NEWS\",\"sameAs\":[\"http:\/\/www.newsestlyonnais.fr\",\"https:\/\/www.facebook.com\/pascal.oberson.1?fref=ts\",\"https:\/\/fr.linkedin.com\/in\/pascal-oberson-b17045113\"],\"url\":\"https:\/\/newsestlyonnais.fr\/site\/author\/nel\/\"}]}<\/script>\n<!-- \/ Yoast SEO plugin. -->","yoast_head_json":{"title":"BRON : Retour en images sur la 8\u00b0 Journ\u00e9e de Dam's","description":"BRON : Retour en images sur la 8\u00b0 Journ\u00e9e de Dam's","robots":{"index":"index","follow":"follow","max-snippet":"max-snippet:-1","max-image-preview":"max-image-preview:large","max-video-preview":"max-video-preview:-1"},"canonical":"https:\/\/newsestlyonnais.fr\/site\/2017\/05\/31\/bron-retour-en-images-sur-la-8-journee-de-dams\/","og_locale":"fr_FR","og_type":"article","og_title":"BRON : Retour en images sur la 8\u00b0 Journ\u00e9e de Dam's","og_description":"BRON : Retour en images sur la 8\u00b0 Journ\u00e9e de Dam's","og_url":"https:\/\/newsestlyonnais.fr\/site\/2017\/05\/31\/bron-retour-en-images-sur-la-8-journee-de-dams\/","og_site_name":"News Est Lyonnais","article_author":"https:\/\/www.facebook.com\/pascal.oberson.1?fref=ts","article_published_time":"2017-05-31T13:02:36+00:00","article_modified_time":"2020-11-01T18:22:15+00:00","og_image":[{"width":1024,"height":207,"url":"https:\/\/i0.wp.com\/newsestlyonnais.fr\/site\/wp-content\/uploads\/2017\/05\/NEWSESTLYONNAIS-BENEVOLES-DAMS.jpg?fit=1024%2C207&ssl=1","type":"image\/jpeg"}],"author":"R\u00e9dac. NEWS","twitter_card":"summary_large_image","twitter_misc":{"\u00c9crit par":"R\u00e9dac. NEWS","Dur\u00e9e de lecture estim\u00e9e":"1 minute"},"schema":{"@context":"https:\/\/schema.org","@graph":[{"@type":"Article","@id":"https:\/\/newsestlyonnais.fr\/site\/2017\/05\/31\/bron-retour-en-images-sur-la-8-journee-de-dams\/#article","isPartOf":{"@id":"https:\/\/newsestlyonnais.fr\/site\/2017\/05\/31\/bron-retour-en-images-sur-la-8-journee-de-dams\/"},"author":{"name":"R\u00e9dac. NEWS","@id":"https:\/\/newsestlyonnais.fr\/site\/#\/schema\/person\/3230d5615f390bb808365d673001e887"},"headline":"BRON | Retour en images sur la 8\u00b0 Journ\u00e9e de Dam&rsquo;s","datePublished":"2017-05-31T13:02:36+00:00","dateModified":"2020-11-01T18:22:15+00:00","mainEntityOfPage":{"@id":"https:\/\/newsestlyonnais.fr\/site\/2017\/05\/31\/bron-retour-en-images-sur-la-8-journee-de-dams\/"},"wordCount":185,"commentCount":0,"publisher":{"@id":"https:\/\/newsestlyonnais.fr\/site\/#organization"},"image":{"@id":"https:\/\/newsestlyonnais.fr\/site\/2017\/05\/31\/bron-retour-en-images-sur-la-8-journee-de-dams\/#primaryimage"},"thumbnailUrl":"https:\/\/newsestlyonnais.fr\/site\/wp-content\/uploads\/2017\/05\/NEWSESTLYONNAIS-BENEVOLES-DAMS.jpg","articleSection":["Athl\u00e9 | Course pied | Marche","Bron","Sant\u00e9 | Bien Etre | Solidarit\u00e9"],"inLanguage":"fr-FR","potentialAction":[{"@type":"CommentAction","name":"Comment","target":["https:\/\/newsestlyonnais.fr\/site\/2017\/05\/31\/bron-retour-en-images-sur-la-8-journee-de-dams\/#respond"]}]},{"@type":"WebPage","@id":"https:\/\/newsestlyonnais.fr\/site\/2017\/05\/31\/bron-retour-en-images-sur-la-8-journee-de-dams\/","url":"https:\/\/newsestlyonnais.fr\/site\/2017\/05\/31\/bron-retour-en-images-sur-la-8-journee-de-dams\/","name":"BRON : Retour en images sur la 8\u00b0 Journ\u00e9e de Dam's","isPartOf":{"@id":"https:\/\/newsestlyonnais.fr\/site\/#website"},"primaryImageOfPage":{"@id":"https:\/\/newsestlyonnais.fr\/site\/2017\/05\/31\/bron-retour-en-images-sur-la-8-journee-de-dams\/#primaryimage"},"image":{"@id":"https:\/\/newsestlyonnais.fr\/site\/2017\/05\/31\/bron-retour-en-images-sur-la-8-journee-de-dams\/#primaryimage"},"thumbnailUrl":"https:\/\/newsestlyonnais.fr\/site\/wp-content\/uploads\/2017\/05\/NEWSESTLYONNAIS-BENEVOLES-DAMS.jpg","datePublished":"2017-05-31T13:02:36+00:00","dateModified":"2020-11-01T18:22:15+00:00","description":"BRON : Retour en images sur la 8\u00b0 Journ\u00e9e de Dam's","breadcrumb":{"@id":"https:\/\/newsestlyonnais.fr\/site\/2017\/05\/31\/bron-retour-en-images-sur-la-8-journee-de-dams\/#breadcrumb"},"inLanguage":"fr-FR","potentialAction":[{"@type":"ReadAction","target":["https:\/\/newsestlyonnais.fr\/site\/2017\/05\/31\/bron-retour-en-images-sur-la-8-journee-de-dams\/"]}]},{"@type":"ImageObject","inLanguage":"fr-FR","@id":"https:\/\/newsestlyonnais.fr\/site\/2017\/05\/31\/bron-retour-en-images-sur-la-8-journee-de-dams\/#primaryimage","url":"https:\/\/newsestlyonnais.fr\/site\/wp-content\/uploads\/2017\/05\/NEWSESTLYONNAIS-BENEVOLES-DAMS.jpg","contentUrl":"https:\/\/newsestlyonnais.fr\/site\/wp-content\/uploads\/2017\/05\/NEWSESTLYONNAIS-BENEVOLES-DAMS.jpg","width":1024,"height":207,"caption":"NEWSESTLYONNAIS BENEVOLES DAMS"},{"@type":"BreadcrumbList","@id":"https:\/\/newsestlyonnais.fr\/site\/2017\/05\/31\/bron-retour-en-images-sur-la-8-journee-de-dams\/#breadcrumb","itemListElement":[{"@type":"ListItem","position":1,"name":"Accueil","item":"https:\/\/newsestlyonnais.fr\/site\/"},{"@type":"ListItem","position":2,"name":"BRON | Retour en images sur la 8\u00b0 Journ\u00e9e de Dam&rsquo;s"}]},{"@type":"WebSite","@id":"https:\/\/newsestlyonnais.fr\/site\/#website","url":"https:\/\/newsestlyonnais.fr\/site\/","name":"News Est Lyonnais","description":"L&#039;actualit\u00e9 au plus pr\u00e8s","publisher":{"@id":"https:\/\/newsestlyonnais.fr\/site\/#organization"},"potentialAction":[{"@type":"SearchAction","target":{"@type":"EntryPoint","urlTemplate":"https:\/\/newsestlyonnais.fr\/site\/?s={search_term_string}"},"query-input":{"@type":"PropertyValueSpecification","valueRequired":true,"valueName":"search_term_string"}}],"inLanguage":"fr-FR"},{"@type":"Organization","@id":"https:\/\/newsestlyonnais.fr\/site\/#organization","name":"News EST LYONNAIS","url":"https:\/\/newsestlyonnais.fr\/site\/","logo":{"@type":"ImageObject","inLanguage":"fr-FR","@id":"https:\/\/newsestlyonnais.fr\/site\/#\/schema\/logo\/image\/","url":"","contentUrl":"","caption":"News EST LYONNAIS"},"image":{"@id":"https:\/\/newsestlyonnais.fr\/site\/#\/schema\/logo\/image\/"}},{"@type":"Person","@id":"https:\/\/newsestlyonnais.fr\/site\/#\/schema\/person\/3230d5615f390bb808365d673001e887","name":"R\u00e9dac. NEWS","sameAs":["http:\/\/www.newsestlyonnais.fr","https:\/\/www.facebook.com\/pascal.oberson.1?fref=ts","https:\/\/fr.linkedin.com\/in\/pascal-oberson-b17045113"],"url":"https:\/\/newsestlyonnais.fr\/site\/author\/nel\/"}]}},"_links":{"self":[{"href":"https:\/\/newsestlyonnais.fr\/site\/wp-json\/wp\/v2\/posts\/27909","targetHints":{"allow":["GET"]}}],"collection":[{"href":"https:\/\/newsestlyonnais.fr\/site\/wp-json\/wp\/v2\/posts"}],"about":[{"href":"https:\/\/newsestlyonnais.fr\/site\/wp-json\/wp\/v2\/types\/post"}],"author":[{"embeddable":true,"href":"https:\/\/newsestlyonnais.fr\/site\/wp-json\/wp\/v2\/users\/4"}],"replies":[{"embeddable":true,"href":"https:\/\/newsestlyonnais.fr\/site\/wp-json\/wp\/v2\/comments?post=27909"}],"version-history":[{"count":0,"href":"https:\/\/newsestlyonnais.fr\/site\/wp-json\/wp\/v2\/posts\/27909\/revisions"}],"wp:featuredmedia":[{"embeddable":true,"href":"https:\/\/newsestlyonnais.fr\/site\/wp-json\/wp\/v2\/media\/27988"}],"wp:attachment":[{"href":"https:\/\/newsestlyonnais.fr\/site\/wp-json\/wp\/v2\/media?parent=27909"}],"wp:term":[{"taxonomy":"category","embeddable":true,"href":"https:\/\/newsestlyonnais.fr\/site\/wp-json\/wp\/v2\/categories?post=27909"},{"taxonomy":"post_tag","embeddable":true,"href":"https:\/\/newsestlyonnais.fr\/site\/wp-json\/wp\/v2\/tags?post=27909"}],"curies":[{"name":"wp","href":"https:\/\/api.w.org\/{rel}","templated":true}]}}