{"id":27967,"date":"2017-05-31T10:44:41","date_gmt":"2017-05-31T09:44:41","guid":{"rendered":"http:\/\/newsestlyonnais.fr\/site\/?p=27967"},"modified":"2020-11-11T17:25:27","modified_gmt":"2020-11-11T16:25:27","slug":"decines-national-ufolep-de-natation-ce-week-end-au-centre-nautique-camille-muffat","status":"publish","type":"post","link":"https:\/\/newsestlyonnais.fr\/site\/2017\/05\/31\/decines-national-ufolep-de-natation-ce-week-end-au-centre-nautique-camille-muffat\/","title":{"rendered":"DECINES | National Ufolep de Natation au centre nautique Camille Muffat"},"content":{"rendered":"<h4>En ce premier week-end de juin, le centre nautique Camille Muffat, sera le th\u00e9\u00e2tre du National Ufolep de natation individuel et en relais.<\/h4>\n<div>D\u00e9couvrez en exclusivit\u00e9 le programme des deux journ\u00e9es:<\/div>\n<div>&#8211;<strong>Samedi<\/strong> : 8 h : Ouverture des portes &#8211; \u00c9chauffement &amp; 9 h 15: D\u00e9but des \u00e9preuves (50m &amp; 100m Dos) 10 h 50:<\/div>\n<div>Reprise des \u00e9preuves (100 m &amp; 50 m Papillon). 14 h 45: D\u00e9but des \u00e9preuves (50 m &amp; 100 m Brasse), 16 h 15: Reprise: 100m &amp; 50m Nage Libre, 100 m 4 Nages. 18 h 30: C\u00e9r\u00e9monie Officielle &#8211; Remise des r\u00e9compenses<\/div>\n<div>\n<p>&#8211; <strong>Dimanche<\/strong> : 8 h 15 : Ouverture des portes &#8211; \u00c9chauffement &amp; 9 h 15: D\u00e9but des \u00e9preuves (Relais 6 x 100 m Libre Association, Relais 8 x 50 m Aquaraid, Relais 8 x 50 m Sp\u00e9cialit\u00e9s R\u00e9gions, Relais 8 x 100 m 4 nages R\u00e9gions, 10 h 30: Reprise des \u00e9preuves (Relais 8 x 100m Nage Libre R\u00e9gions, Relais 8 x 50m Nage Libre Majors, Relais 6 x 100 m 4 nages Associations). 11 h 30: D\u00e9monstration de Natation Synchronis\u00e9e. 14 h\/14 h 30: Ouverture des portes &#8211; \u00c9chauffement &#8211; Pr\u00e9paration du d\u00e9fil\u00e9. 14 h 30\/15 h: D\u00e9fil\u00e9 des d\u00e9l\u00e9gations. 15 h: D\u00e9but des \u00e9preuves: Relais surprise th\u00e9matique R\u00e9gion, Relais \u00abUFONAT\u00bb, Relais des Vieux Maillots (4 x 25m sp\u00e9cialit\u00e9s). 15 h 45: Fin des \u00e9preuves. 16 h\/ 17 h 30: C\u00e9r\u00e9monie Officielle &#8211; Remise des r\u00e9compenses. 17 h 30: Fin du Championnat National 2017.<\/p>\n<p>____________________________________________________________________________<\/p>\n<ul>\n<li><em><strong>Centre Nautique Camille Muffat, <span class=\"_Xbe\">110 Rue Emile Zola, <\/span><span style=\"text-decoration: underline\">ENTREE GRATUITE<\/span> (de 9 h \u00e0 12 h &amp; de 14 h \u00e0 18 h)<\/strong><\/em><\/li>\n<\/ul>\n<\/div>\n<div><\/div>\n","protected":false},"excerpt":{"rendered":"<p>En ce premier week-end de juin, le centre nautique sera le th\u00e9\u00e2tre du National Ufolep de natation individuel et en relais.<\/p>\n","protected":false},"author":4,"featured_media":27666,"comment_status":"open","ping_status":"open","sticky":false,"template":"","format":"standard","meta":{"footnotes":""},"categories":[30,21,3016,1350,2988,2],"tags":[],"class_list":["post-27967","post","type-post","status-publish","format-standard","has-post-thumbnail","hentry","category-a-la-une","category-decines-charpieu","category-institutions-trophees-jo","category-natation-plongeon","category-natation-triathlon","category-sports"],"yoast_head":"<!-- This site is optimized with the Yoast SEO plugin v27.2 - https:\/\/yoast.com\/product\/yoast-seo-wordpress\/ -->\n<title>DECINES : National Ufolep de Natation ce week-end au centre nautique Camille Muffat<\/title>\n<meta name=\"description\" content=\"DECINES : National Ufolep de Natation ce week-end au centre nautique Camille Muffat\" \/>\n<meta name=\"robots\" content=\"index, follow, max-snippet:-1, max-image-preview:large, max-video-preview:-1\" \/>\n<link rel=\"canonical\" href=\"https:\/\/newsestlyonnais.fr\/site\/2017\/05\/31\/decines-national-ufolep-de-natation-ce-week-end-au-centre-nautique-camille-muffat\/\" \/>\n<meta property=\"og:locale\" content=\"fr_FR\" \/>\n<meta property=\"og:type\" content=\"article\" \/>\n<meta property=\"og:title\" content=\"DECINES : National Ufolep de Natation ce week-end au centre nautique Camille Muffat\" \/>\n<meta property=\"og:description\" content=\"DECINES : National Ufolep de Natation ce week-end au centre nautique Camille Muffat\" \/>\n<meta property=\"og:url\" content=\"https:\/\/newsestlyonnais.fr\/site\/2017\/05\/31\/decines-national-ufolep-de-natation-ce-week-end-au-centre-nautique-camille-muffat\/\" \/>\n<meta property=\"og:site_name\" content=\"News Est Lyonnais\" \/>\n<meta property=\"article:author\" content=\"https:\/\/www.facebook.com\/pascal.oberson.1?fref=ts\" \/>\n<meta property=\"article:published_time\" content=\"2017-05-31T09:44:41+00:00\" \/>\n<meta property=\"article:modified_time\" content=\"2020-11-11T16:25:27+00:00\" \/>\n<meta property=\"og:image\" content=\"https:\/\/i0.wp.com\/newsestlyonnais.fr\/site\/wp-content\/uploads\/2017\/05\/NEWSESTLYONNAIS-UFORLP-NAT-DECINES.png?fit=1000%2C750&ssl=1\" \/>\n\t<meta property=\"og:image:width\" content=\"1000\" \/>\n\t<meta property=\"og:image:height\" content=\"750\" \/>\n\t<meta property=\"og:image:type\" content=\"image\/png\" \/>\n<meta name=\"author\" content=\"R\u00e9dac. NEWS\" \/>\n<meta name=\"twitter:card\" content=\"summary_large_image\" \/>\n<meta name=\"twitter:label1\" content=\"\u00c9crit par\" \/>\n\t<meta name=\"twitter:data1\" content=\"R\u00e9dac. NEWS\" \/>\n\t<meta name=\"twitter:label2\" content=\"Dur\u00e9e de lecture estim\u00e9e\" \/>\n\t<meta name=\"twitter:data2\" content=\"1 minute\" \/>\n<script type=\"application\/ld+json\" class=\"yoast-schema-graph\">{\"@context\":\"https:\/\/schema.org\",\"@graph\":[{\"@type\":\"Article\",\"@id\":\"https:\/\/newsestlyonnais.fr\/site\/2017\/05\/31\/decines-national-ufolep-de-natation-ce-week-end-au-centre-nautique-camille-muffat\/#article\",\"isPartOf\":{\"@id\":\"https:\/\/newsestlyonnais.fr\/site\/2017\/05\/31\/decines-national-ufolep-de-natation-ce-week-end-au-centre-nautique-camille-muffat\/\"},\"author\":{\"name\":\"R\u00e9dac. NEWS\",\"@id\":\"https:\/\/newsestlyonnais.fr\/site\/#\/schema\/person\/3230d5615f390bb808365d673001e887\"},\"headline\":\"DECINES | National Ufolep de Natation au centre nautique Camille Muffat\",\"datePublished\":\"2017-05-31T09:44:41+00:00\",\"dateModified\":\"2020-11-11T16:25:27+00:00\",\"mainEntityOfPage\":{\"@id\":\"https:\/\/newsestlyonnais.fr\/site\/2017\/05\/31\/decines-national-ufolep-de-natation-ce-week-end-au-centre-nautique-camille-muffat\/\"},\"wordCount\":242,\"commentCount\":0,\"publisher\":{\"@id\":\"https:\/\/newsestlyonnais.fr\/site\/#organization\"},\"image\":{\"@id\":\"https:\/\/newsestlyonnais.fr\/site\/2017\/05\/31\/decines-national-ufolep-de-natation-ce-week-end-au-centre-nautique-camille-muffat\/#primaryimage\"},\"thumbnailUrl\":\"https:\/\/newsestlyonnais.fr\/site\/wp-content\/uploads\/2017\/05\/NEWSESTLYONNAIS-UFORLP-NAT-DECINES.png\",\"articleSection\":[\"\u00e0 la une\",\"D\u00e9cines-Charpieu\",\"Institutions | Troph\u00e9es | J.O.\",\"Natation | Plongeon\",\"Natation | Triathlon\",\"Sports\"],\"inLanguage\":\"fr-FR\",\"potentialAction\":[{\"@type\":\"CommentAction\",\"name\":\"Comment\",\"target\":[\"https:\/\/newsestlyonnais.fr\/site\/2017\/05\/31\/decines-national-ufolep-de-natation-ce-week-end-au-centre-nautique-camille-muffat\/#respond\"]}]},{\"@type\":\"WebPage\",\"@id\":\"https:\/\/newsestlyonnais.fr\/site\/2017\/05\/31\/decines-national-ufolep-de-natation-ce-week-end-au-centre-nautique-camille-muffat\/\",\"url\":\"https:\/\/newsestlyonnais.fr\/site\/2017\/05\/31\/decines-national-ufolep-de-natation-ce-week-end-au-centre-nautique-camille-muffat\/\",\"name\":\"DECINES : National Ufolep de Natation ce week-end au centre nautique Camille Muffat\",\"isPartOf\":{\"@id\":\"https:\/\/newsestlyonnais.fr\/site\/#website\"},\"primaryImageOfPage\":{\"@id\":\"https:\/\/newsestlyonnais.fr\/site\/2017\/05\/31\/decines-national-ufolep-de-natation-ce-week-end-au-centre-nautique-camille-muffat\/#primaryimage\"},\"image\":{\"@id\":\"https:\/\/newsestlyonnais.fr\/site\/2017\/05\/31\/decines-national-ufolep-de-natation-ce-week-end-au-centre-nautique-camille-muffat\/#primaryimage\"},\"thumbnailUrl\":\"https:\/\/newsestlyonnais.fr\/site\/wp-content\/uploads\/2017\/05\/NEWSESTLYONNAIS-UFORLP-NAT-DECINES.png\",\"datePublished\":\"2017-05-31T09:44:41+00:00\",\"dateModified\":\"2020-11-11T16:25:27+00:00\",\"description\":\"DECINES : National Ufolep de Natation ce week-end au centre nautique Camille Muffat\",\"breadcrumb\":{\"@id\":\"https:\/\/newsestlyonnais.fr\/site\/2017\/05\/31\/decines-national-ufolep-de-natation-ce-week-end-au-centre-nautique-camille-muffat\/#breadcrumb\"},\"inLanguage\":\"fr-FR\",\"potentialAction\":[{\"@type\":\"ReadAction\",\"target\":[\"https:\/\/newsestlyonnais.fr\/site\/2017\/05\/31\/decines-national-ufolep-de-natation-ce-week-end-au-centre-nautique-camille-muffat\/\"]}]},{\"@type\":\"ImageObject\",\"inLanguage\":\"fr-FR\",\"@id\":\"https:\/\/newsestlyonnais.fr\/site\/2017\/05\/31\/decines-national-ufolep-de-natation-ce-week-end-au-centre-nautique-camille-muffat\/#primaryimage\",\"url\":\"https:\/\/newsestlyonnais.fr\/site\/wp-content\/uploads\/2017\/05\/NEWSESTLYONNAIS-UFORLP-NAT-DECINES.png\",\"contentUrl\":\"https:\/\/newsestlyonnais.fr\/site\/wp-content\/uploads\/2017\/05\/NEWSESTLYONNAIS-UFORLP-NAT-DECINES.png\",\"width\":1000,\"height\":750,\"caption\":\"NEWSESTLYONNAIS - UFOLEP NAT DECINES\"},{\"@type\":\"BreadcrumbList\",\"@id\":\"https:\/\/newsestlyonnais.fr\/site\/2017\/05\/31\/decines-national-ufolep-de-natation-ce-week-end-au-centre-nautique-camille-muffat\/#breadcrumb\",\"itemListElement\":[{\"@type\":\"ListItem\",\"position\":1,\"name\":\"Accueil\",\"item\":\"https:\/\/newsestlyonnais.fr\/site\/\"},{\"@type\":\"ListItem\",\"position\":2,\"name\":\"DECINES | National Ufolep de Natation au centre nautique Camille Muffat\"}]},{\"@type\":\"WebSite\",\"@id\":\"https:\/\/newsestlyonnais.fr\/site\/#website\",\"url\":\"https:\/\/newsestlyonnais.fr\/site\/\",\"name\":\"News Est Lyonnais\",\"description\":\"L&#039;actualit\u00e9 au plus pr\u00e8s\",\"publisher\":{\"@id\":\"https:\/\/newsestlyonnais.fr\/site\/#organization\"},\"potentialAction\":[{\"@type\":\"SearchAction\",\"target\":{\"@type\":\"EntryPoint\",\"urlTemplate\":\"https:\/\/newsestlyonnais.fr\/site\/?s={search_term_string}\"},\"query-input\":{\"@type\":\"PropertyValueSpecification\",\"valueRequired\":true,\"valueName\":\"search_term_string\"}}],\"inLanguage\":\"fr-FR\"},{\"@type\":\"Organization\",\"@id\":\"https:\/\/newsestlyonnais.fr\/site\/#organization\",\"name\":\"News EST LYONNAIS\",\"url\":\"https:\/\/newsestlyonnais.fr\/site\/\",\"logo\":{\"@type\":\"ImageObject\",\"inLanguage\":\"fr-FR\",\"@id\":\"https:\/\/newsestlyonnais.fr\/site\/#\/schema\/logo\/image\/\",\"url\":\"\",\"contentUrl\":\"\",\"caption\":\"News EST LYONNAIS\"},\"image\":{\"@id\":\"https:\/\/newsestlyonnais.fr\/site\/#\/schema\/logo\/image\/\"}},{\"@type\":\"Person\",\"@id\":\"https:\/\/newsestlyonnais.fr\/site\/#\/schema\/person\/3230d5615f390bb808365d673001e887\",\"name\":\"R\u00e9dac. NEWS\",\"sameAs\":[\"http:\/\/www.newsestlyonnais.fr\",\"https:\/\/www.facebook.com\/pascal.oberson.1?fref=ts\",\"https:\/\/fr.linkedin.com\/in\/pascal-oberson-b17045113\"],\"url\":\"https:\/\/newsestlyonnais.fr\/site\/author\/nel\/\"}]}<\/script>\n<!-- \/ Yoast SEO plugin. -->","yoast_head_json":{"title":"DECINES : National Ufolep de Natation ce week-end au centre nautique Camille Muffat","description":"DECINES : National Ufolep de Natation ce week-end au centre nautique Camille Muffat","robots":{"index":"index","follow":"follow","max-snippet":"max-snippet:-1","max-image-preview":"max-image-preview:large","max-video-preview":"max-video-preview:-1"},"canonical":"https:\/\/newsestlyonnais.fr\/site\/2017\/05\/31\/decines-national-ufolep-de-natation-ce-week-end-au-centre-nautique-camille-muffat\/","og_locale":"fr_FR","og_type":"article","og_title":"DECINES : National Ufolep de Natation ce week-end au centre nautique Camille Muffat","og_description":"DECINES : National Ufolep de Natation ce week-end au centre nautique Camille Muffat","og_url":"https:\/\/newsestlyonnais.fr\/site\/2017\/05\/31\/decines-national-ufolep-de-natation-ce-week-end-au-centre-nautique-camille-muffat\/","og_site_name":"News Est Lyonnais","article_author":"https:\/\/www.facebook.com\/pascal.oberson.1?fref=ts","article_published_time":"2017-05-31T09:44:41+00:00","article_modified_time":"2020-11-11T16:25:27+00:00","og_image":[{"width":1000,"height":750,"url":"https:\/\/i0.wp.com\/newsestlyonnais.fr\/site\/wp-content\/uploads\/2017\/05\/NEWSESTLYONNAIS-UFORLP-NAT-DECINES.png?fit=1000%2C750&ssl=1","type":"image\/png"}],"author":"R\u00e9dac. NEWS","twitter_card":"summary_large_image","twitter_misc":{"\u00c9crit par":"R\u00e9dac. NEWS","Dur\u00e9e de lecture estim\u00e9e":"1 minute"},"schema":{"@context":"https:\/\/schema.org","@graph":[{"@type":"Article","@id":"https:\/\/newsestlyonnais.fr\/site\/2017\/05\/31\/decines-national-ufolep-de-natation-ce-week-end-au-centre-nautique-camille-muffat\/#article","isPartOf":{"@id":"https:\/\/newsestlyonnais.fr\/site\/2017\/05\/31\/decines-national-ufolep-de-natation-ce-week-end-au-centre-nautique-camille-muffat\/"},"author":{"name":"R\u00e9dac. NEWS","@id":"https:\/\/newsestlyonnais.fr\/site\/#\/schema\/person\/3230d5615f390bb808365d673001e887"},"headline":"DECINES | National Ufolep de Natation au centre nautique Camille Muffat","datePublished":"2017-05-31T09:44:41+00:00","dateModified":"2020-11-11T16:25:27+00:00","mainEntityOfPage":{"@id":"https:\/\/newsestlyonnais.fr\/site\/2017\/05\/31\/decines-national-ufolep-de-natation-ce-week-end-au-centre-nautique-camille-muffat\/"},"wordCount":242,"commentCount":0,"publisher":{"@id":"https:\/\/newsestlyonnais.fr\/site\/#organization"},"image":{"@id":"https:\/\/newsestlyonnais.fr\/site\/2017\/05\/31\/decines-national-ufolep-de-natation-ce-week-end-au-centre-nautique-camille-muffat\/#primaryimage"},"thumbnailUrl":"https:\/\/newsestlyonnais.fr\/site\/wp-content\/uploads\/2017\/05\/NEWSESTLYONNAIS-UFORLP-NAT-DECINES.png","articleSection":["\u00e0 la une","D\u00e9cines-Charpieu","Institutions | Troph\u00e9es | J.O.","Natation | Plongeon","Natation | Triathlon","Sports"],"inLanguage":"fr-FR","potentialAction":[{"@type":"CommentAction","name":"Comment","target":["https:\/\/newsestlyonnais.fr\/site\/2017\/05\/31\/decines-national-ufolep-de-natation-ce-week-end-au-centre-nautique-camille-muffat\/#respond"]}]},{"@type":"WebPage","@id":"https:\/\/newsestlyonnais.fr\/site\/2017\/05\/31\/decines-national-ufolep-de-natation-ce-week-end-au-centre-nautique-camille-muffat\/","url":"https:\/\/newsestlyonnais.fr\/site\/2017\/05\/31\/decines-national-ufolep-de-natation-ce-week-end-au-centre-nautique-camille-muffat\/","name":"DECINES : National Ufolep de Natation ce week-end au centre nautique Camille Muffat","isPartOf":{"@id":"https:\/\/newsestlyonnais.fr\/site\/#website"},"primaryImageOfPage":{"@id":"https:\/\/newsestlyonnais.fr\/site\/2017\/05\/31\/decines-national-ufolep-de-natation-ce-week-end-au-centre-nautique-camille-muffat\/#primaryimage"},"image":{"@id":"https:\/\/newsestlyonnais.fr\/site\/2017\/05\/31\/decines-national-ufolep-de-natation-ce-week-end-au-centre-nautique-camille-muffat\/#primaryimage"},"thumbnailUrl":"https:\/\/newsestlyonnais.fr\/site\/wp-content\/uploads\/2017\/05\/NEWSESTLYONNAIS-UFORLP-NAT-DECINES.png","datePublished":"2017-05-31T09:44:41+00:00","dateModified":"2020-11-11T16:25:27+00:00","description":"DECINES : National Ufolep de Natation ce week-end au centre nautique Camille Muffat","breadcrumb":{"@id":"https:\/\/newsestlyonnais.fr\/site\/2017\/05\/31\/decines-national-ufolep-de-natation-ce-week-end-au-centre-nautique-camille-muffat\/#breadcrumb"},"inLanguage":"fr-FR","potentialAction":[{"@type":"ReadAction","target":["https:\/\/newsestlyonnais.fr\/site\/2017\/05\/31\/decines-national-ufolep-de-natation-ce-week-end-au-centre-nautique-camille-muffat\/"]}]},{"@type":"ImageObject","inLanguage":"fr-FR","@id":"https:\/\/newsestlyonnais.fr\/site\/2017\/05\/31\/decines-national-ufolep-de-natation-ce-week-end-au-centre-nautique-camille-muffat\/#primaryimage","url":"https:\/\/newsestlyonnais.fr\/site\/wp-content\/uploads\/2017\/05\/NEWSESTLYONNAIS-UFORLP-NAT-DECINES.png","contentUrl":"https:\/\/newsestlyonnais.fr\/site\/wp-content\/uploads\/2017\/05\/NEWSESTLYONNAIS-UFORLP-NAT-DECINES.png","width":1000,"height":750,"caption":"NEWSESTLYONNAIS - UFOLEP NAT DECINES"},{"@type":"BreadcrumbList","@id":"https:\/\/newsestlyonnais.fr\/site\/2017\/05\/31\/decines-national-ufolep-de-natation-ce-week-end-au-centre-nautique-camille-muffat\/#breadcrumb","itemListElement":[{"@type":"ListItem","position":1,"name":"Accueil","item":"https:\/\/newsestlyonnais.fr\/site\/"},{"@type":"ListItem","position":2,"name":"DECINES | National Ufolep de Natation au centre nautique Camille Muffat"}]},{"@type":"WebSite","@id":"https:\/\/newsestlyonnais.fr\/site\/#website","url":"https:\/\/newsestlyonnais.fr\/site\/","name":"News Est Lyonnais","description":"L&#039;actualit\u00e9 au plus pr\u00e8s","publisher":{"@id":"https:\/\/newsestlyonnais.fr\/site\/#organization"},"potentialAction":[{"@type":"SearchAction","target":{"@type":"EntryPoint","urlTemplate":"https:\/\/newsestlyonnais.fr\/site\/?s={search_term_string}"},"query-input":{"@type":"PropertyValueSpecification","valueRequired":true,"valueName":"search_term_string"}}],"inLanguage":"fr-FR"},{"@type":"Organization","@id":"https:\/\/newsestlyonnais.fr\/site\/#organization","name":"News EST LYONNAIS","url":"https:\/\/newsestlyonnais.fr\/site\/","logo":{"@type":"ImageObject","inLanguage":"fr-FR","@id":"https:\/\/newsestlyonnais.fr\/site\/#\/schema\/logo\/image\/","url":"","contentUrl":"","caption":"News EST LYONNAIS"},"image":{"@id":"https:\/\/newsestlyonnais.fr\/site\/#\/schema\/logo\/image\/"}},{"@type":"Person","@id":"https:\/\/newsestlyonnais.fr\/site\/#\/schema\/person\/3230d5615f390bb808365d673001e887","name":"R\u00e9dac. NEWS","sameAs":["http:\/\/www.newsestlyonnais.fr","https:\/\/www.facebook.com\/pascal.oberson.1?fref=ts","https:\/\/fr.linkedin.com\/in\/pascal-oberson-b17045113"],"url":"https:\/\/newsestlyonnais.fr\/site\/author\/nel\/"}]}},"_links":{"self":[{"href":"https:\/\/newsestlyonnais.fr\/site\/wp-json\/wp\/v2\/posts\/27967","targetHints":{"allow":["GET"]}}],"collection":[{"href":"https:\/\/newsestlyonnais.fr\/site\/wp-json\/wp\/v2\/posts"}],"about":[{"href":"https:\/\/newsestlyonnais.fr\/site\/wp-json\/wp\/v2\/types\/post"}],"author":[{"embeddable":true,"href":"https:\/\/newsestlyonnais.fr\/site\/wp-json\/wp\/v2\/users\/4"}],"replies":[{"embeddable":true,"href":"https:\/\/newsestlyonnais.fr\/site\/wp-json\/wp\/v2\/comments?post=27967"}],"version-history":[{"count":0,"href":"https:\/\/newsestlyonnais.fr\/site\/wp-json\/wp\/v2\/posts\/27967\/revisions"}],"wp:featuredmedia":[{"embeddable":true,"href":"https:\/\/newsestlyonnais.fr\/site\/wp-json\/wp\/v2\/media\/27666"}],"wp:attachment":[{"href":"https:\/\/newsestlyonnais.fr\/site\/wp-json\/wp\/v2\/media?parent=27967"}],"wp:term":[{"taxonomy":"category","embeddable":true,"href":"https:\/\/newsestlyonnais.fr\/site\/wp-json\/wp\/v2\/categories?post=27967"},{"taxonomy":"post_tag","embeddable":true,"href":"https:\/\/newsestlyonnais.fr\/site\/wp-json\/wp\/v2\/tags?post=27967"}],"curies":[{"name":"wp","href":"https:\/\/api.w.org\/{rel}","templated":true}]}}