{"id":28005,"date":"2017-06-01T11:52:06","date_gmt":"2017-06-01T10:52:06","guid":{"rendered":"http:\/\/newsestlyonnais.fr\/site\/?p=28005"},"modified":"2020-11-06T20:53:59","modified_gmt":"2020-11-06T19:53:59","slug":"genas-les-resultats-de-la-journee-de-mercredi-de-lopen-de-tennis","status":"publish","type":"post","link":"https:\/\/newsestlyonnais.fr\/site\/2017\/06\/01\/genas-les-resultats-de-la-journee-de-mercredi-de-lopen-de-tennis\/","title":{"rendered":"GENAS | Les r\u00e9sultats de la journ\u00e9e de mercredi de l\u2019Open de Tennis"},"content":{"rendered":"<h4>Dans le cadre d\u2019un partenariat mis en place avec le Tennis Club de Genas, retrouvez AU QUOTIDIEN les r\u00e9sultats de cet OPEN.<\/h4>\n<p>Cinq matchs se sont disput\u00e9s ce mercredi et ceci dans deux tableaux, voici les r\u00e9sultats:<\/p>\n<p>Tableau f\u00e9minin:<\/p>\n<ul>\n<li><strong>Brigitte Muffat Meridol <\/strong>(TC Charvieu, 15\/5) bat Denise Boulisset (Chassieu Tennis, 30\/1)\u00a0 6\/4 3\/6 2\/1 abandon<\/li>\n<li><strong>Lydie Dodane <\/strong>(AT Pusignan, 30\/1) bat Camille Christien (Chassieu Tennis, 30)\u00a0\u00a0\u00a0\u00a0\u00a0 7\/5,6\/3<\/li>\n<li><strong>G\u00e9raldine Hullo<\/strong> (TC Genas, 30\/3) bat Nathalie Marcel (Chassieu Tennis, 30\/2)\u00a0\u00a0\u00a0 6\/0,6\/2<\/li>\n<\/ul>\n<p>Tableau masculin:<\/p>\n<ul>\n<li><strong>Bruno Christien <\/strong>(TC Genas, 15\/5) bat Neslon Toso (TC Vaulx en Velin, 15\/5)<strong>\u00a0\u00a0 <\/strong>6\/2, 6\/4<strong><br \/>\n<\/strong><\/li>\n<li><strong>R\u00e9gis Greuling<\/strong> (TC Genas, 15\/5) bat Julien Lambert (Chassieu Tennis, 15\/4)\u00a0\u00a0\u00a0 6\/4 4\/6 6\/2<\/li>\n<\/ul>\n<p>NOTA: Pas moins de 8 rencontres sont programm\u00e9es en ce jeudi soir<\/p>\n<p>&nbsp;<\/p>\n<p>&nbsp;<\/p>\n<p>&nbsp;<\/p>\n","protected":false},"excerpt":{"rendered":"<p>Dans le cadre d\u2019un partenariat mis en place avec le Tennis Club de Genas, retrouvez AU QUOTIDIEN les r\u00e9sultats de cet OPEN. Cinq matchs se sont disput\u00e9s ce mercredi et ceci dans deux tableaux, voici les r\u00e9sultats: Tableau f\u00e9minin: Brigitte Muffat Meridol (TC Charvieu, 15\/5) bat Denise Boulisset (Chassieu Tennis, 30\/1)\u00a0 6\/4 3\/6 2\/1 abandon [&hellip;]<\/p>\n","protected":false},"author":4,"featured_media":25256,"comment_status":"open","ping_status":"open","sticky":false,"template":"","format":"standard","meta":{"footnotes":""},"categories":[270,1598,2992,2991],"tags":[],"class_list":["post-28005","post","type-post","status-publish","format-standard","has-post-thumbnail","hentry","category-cte-de-communes-c-c-e-l","category-genas","category-tennis-padel","category-tennis-tennis-table-sports"],"yoast_head":"<!-- This site is optimized with the Yoast SEO plugin v27.2 - https:\/\/yoast.com\/product\/yoast-seo-wordpress\/ -->\n<title>GENAS : Les r\u00e9sultats de la journ\u00e9e de mercredi de l\u2019Open de Tennis<\/title>\n<meta name=\"description\" content=\"GENAS : Les r\u00e9sultats de la journ\u00e9e de mercredi de l\u2019Open de Tennis\" \/>\n<meta name=\"robots\" content=\"index, follow, max-snippet:-1, max-image-preview:large, max-video-preview:-1\" \/>\n<link rel=\"canonical\" href=\"https:\/\/newsestlyonnais.fr\/site\/2017\/06\/01\/genas-les-resultats-de-la-journee-de-mercredi-de-lopen-de-tennis\/\" \/>\n<meta property=\"og:locale\" content=\"fr_FR\" \/>\n<meta property=\"og:type\" content=\"article\" \/>\n<meta property=\"og:title\" content=\"GENAS : Les r\u00e9sultats de la journ\u00e9e de mercredi de l\u2019Open de Tennis\" \/>\n<meta property=\"og:description\" content=\"GENAS : Les r\u00e9sultats de la journ\u00e9e de mercredi de l\u2019Open de Tennis\" \/>\n<meta property=\"og:url\" content=\"https:\/\/newsestlyonnais.fr\/site\/2017\/06\/01\/genas-les-resultats-de-la-journee-de-mercredi-de-lopen-de-tennis\/\" \/>\n<meta property=\"og:site_name\" content=\"News Est Lyonnais\" \/>\n<meta property=\"article:author\" content=\"https:\/\/www.facebook.com\/pascal.oberson.1?fref=ts\" \/>\n<meta property=\"article:published_time\" content=\"2017-06-01T10:52:06+00:00\" \/>\n<meta property=\"article:modified_time\" content=\"2020-11-06T19:53:59+00:00\" \/>\n<meta property=\"og:image\" content=\"https:\/\/i2.wp.com\/newsestlyonnais.fr\/site\/wp-content\/uploads\/2017\/03\/NEWSESTLYONNAIS-Affiche-tournoi-2017-.jpg?fit=1000%2C750&ssl=1\" \/>\n\t<meta property=\"og:image:width\" content=\"1000\" \/>\n\t<meta property=\"og:image:height\" content=\"750\" \/>\n\t<meta property=\"og:image:type\" content=\"image\/jpeg\" \/>\n<meta name=\"author\" content=\"R\u00e9dac. NEWS\" \/>\n<meta name=\"twitter:card\" content=\"summary_large_image\" \/>\n<meta name=\"twitter:label1\" content=\"\u00c9crit par\" \/>\n\t<meta name=\"twitter:data1\" content=\"R\u00e9dac. NEWS\" \/>\n\t<meta name=\"twitter:label2\" content=\"Dur\u00e9e de lecture estim\u00e9e\" \/>\n\t<meta name=\"twitter:data2\" content=\"1 minute\" \/>\n<script type=\"application\/ld+json\" class=\"yoast-schema-graph\">{\"@context\":\"https:\/\/schema.org\",\"@graph\":[{\"@type\":\"Article\",\"@id\":\"https:\/\/newsestlyonnais.fr\/site\/2017\/06\/01\/genas-les-resultats-de-la-journee-de-mercredi-de-lopen-de-tennis\/#article\",\"isPartOf\":{\"@id\":\"https:\/\/newsestlyonnais.fr\/site\/2017\/06\/01\/genas-les-resultats-de-la-journee-de-mercredi-de-lopen-de-tennis\/\"},\"author\":{\"name\":\"R\u00e9dac. NEWS\",\"@id\":\"https:\/\/newsestlyonnais.fr\/site\/#\/schema\/person\/3230d5615f390bb808365d673001e887\"},\"headline\":\"GENAS | Les r\u00e9sultats de la journ\u00e9e de mercredi de l\u2019Open de Tennis\",\"datePublished\":\"2017-06-01T10:52:06+00:00\",\"dateModified\":\"2020-11-06T19:53:59+00:00\",\"mainEntityOfPage\":{\"@id\":\"https:\/\/newsestlyonnais.fr\/site\/2017\/06\/01\/genas-les-resultats-de-la-journee-de-mercredi-de-lopen-de-tennis\/\"},\"wordCount\":127,\"commentCount\":0,\"publisher\":{\"@id\":\"https:\/\/newsestlyonnais.fr\/site\/#organization\"},\"image\":{\"@id\":\"https:\/\/newsestlyonnais.fr\/site\/2017\/06\/01\/genas-les-resultats-de-la-journee-de-mercredi-de-lopen-de-tennis\/#primaryimage\"},\"thumbnailUrl\":\"https:\/\/newsestlyonnais.fr\/site\/wp-content\/uploads\/2017\/03\/NEWSESTLYONNAIS-Affiche-tournoi-2017-.jpg\",\"articleSection\":[\"CCEL | Communes\",\"Genas\",\"Tennis | Padel\",\"Tennis | Tennis de table\"],\"inLanguage\":\"fr-FR\",\"potentialAction\":[{\"@type\":\"CommentAction\",\"name\":\"Comment\",\"target\":[\"https:\/\/newsestlyonnais.fr\/site\/2017\/06\/01\/genas-les-resultats-de-la-journee-de-mercredi-de-lopen-de-tennis\/#respond\"]}]},{\"@type\":\"WebPage\",\"@id\":\"https:\/\/newsestlyonnais.fr\/site\/2017\/06\/01\/genas-les-resultats-de-la-journee-de-mercredi-de-lopen-de-tennis\/\",\"url\":\"https:\/\/newsestlyonnais.fr\/site\/2017\/06\/01\/genas-les-resultats-de-la-journee-de-mercredi-de-lopen-de-tennis\/\",\"name\":\"GENAS : Les r\u00e9sultats de la journ\u00e9e de mercredi de l\u2019Open de Tennis\",\"isPartOf\":{\"@id\":\"https:\/\/newsestlyonnais.fr\/site\/#website\"},\"primaryImageOfPage\":{\"@id\":\"https:\/\/newsestlyonnais.fr\/site\/2017\/06\/01\/genas-les-resultats-de-la-journee-de-mercredi-de-lopen-de-tennis\/#primaryimage\"},\"image\":{\"@id\":\"https:\/\/newsestlyonnais.fr\/site\/2017\/06\/01\/genas-les-resultats-de-la-journee-de-mercredi-de-lopen-de-tennis\/#primaryimage\"},\"thumbnailUrl\":\"https:\/\/newsestlyonnais.fr\/site\/wp-content\/uploads\/2017\/03\/NEWSESTLYONNAIS-Affiche-tournoi-2017-.jpg\",\"datePublished\":\"2017-06-01T10:52:06+00:00\",\"dateModified\":\"2020-11-06T19:53:59+00:00\",\"description\":\"GENAS : Les r\u00e9sultats de la journ\u00e9e de mercredi de l\u2019Open de Tennis\",\"breadcrumb\":{\"@id\":\"https:\/\/newsestlyonnais.fr\/site\/2017\/06\/01\/genas-les-resultats-de-la-journee-de-mercredi-de-lopen-de-tennis\/#breadcrumb\"},\"inLanguage\":\"fr-FR\",\"potentialAction\":[{\"@type\":\"ReadAction\",\"target\":[\"https:\/\/newsestlyonnais.fr\/site\/2017\/06\/01\/genas-les-resultats-de-la-journee-de-mercredi-de-lopen-de-tennis\/\"]}]},{\"@type\":\"ImageObject\",\"inLanguage\":\"fr-FR\",\"@id\":\"https:\/\/newsestlyonnais.fr\/site\/2017\/06\/01\/genas-les-resultats-de-la-journee-de-mercredi-de-lopen-de-tennis\/#primaryimage\",\"url\":\"https:\/\/newsestlyonnais.fr\/site\/wp-content\/uploads\/2017\/03\/NEWSESTLYONNAIS-Affiche-tournoi-2017-.jpg\",\"contentUrl\":\"https:\/\/newsestlyonnais.fr\/site\/wp-content\/uploads\/2017\/03\/NEWSESTLYONNAIS-Affiche-tournoi-2017-.jpg\",\"width\":1000,\"height\":750,\"caption\":\"NEWSESTLYONNAIS Affiche tournoi 2017\"},{\"@type\":\"BreadcrumbList\",\"@id\":\"https:\/\/newsestlyonnais.fr\/site\/2017\/06\/01\/genas-les-resultats-de-la-journee-de-mercredi-de-lopen-de-tennis\/#breadcrumb\",\"itemListElement\":[{\"@type\":\"ListItem\",\"position\":1,\"name\":\"Accueil\",\"item\":\"https:\/\/newsestlyonnais.fr\/site\/\"},{\"@type\":\"ListItem\",\"position\":2,\"name\":\"GENAS | Les r\u00e9sultats de la journ\u00e9e de mercredi de l\u2019Open de Tennis\"}]},{\"@type\":\"WebSite\",\"@id\":\"https:\/\/newsestlyonnais.fr\/site\/#website\",\"url\":\"https:\/\/newsestlyonnais.fr\/site\/\",\"name\":\"News Est Lyonnais\",\"description\":\"L&#039;actualit\u00e9 au plus pr\u00e8s\",\"publisher\":{\"@id\":\"https:\/\/newsestlyonnais.fr\/site\/#organization\"},\"potentialAction\":[{\"@type\":\"SearchAction\",\"target\":{\"@type\":\"EntryPoint\",\"urlTemplate\":\"https:\/\/newsestlyonnais.fr\/site\/?s={search_term_string}\"},\"query-input\":{\"@type\":\"PropertyValueSpecification\",\"valueRequired\":true,\"valueName\":\"search_term_string\"}}],\"inLanguage\":\"fr-FR\"},{\"@type\":\"Organization\",\"@id\":\"https:\/\/newsestlyonnais.fr\/site\/#organization\",\"name\":\"News EST LYONNAIS\",\"url\":\"https:\/\/newsestlyonnais.fr\/site\/\",\"logo\":{\"@type\":\"ImageObject\",\"inLanguage\":\"fr-FR\",\"@id\":\"https:\/\/newsestlyonnais.fr\/site\/#\/schema\/logo\/image\/\",\"url\":\"\",\"contentUrl\":\"\",\"caption\":\"News EST LYONNAIS\"},\"image\":{\"@id\":\"https:\/\/newsestlyonnais.fr\/site\/#\/schema\/logo\/image\/\"}},{\"@type\":\"Person\",\"@id\":\"https:\/\/newsestlyonnais.fr\/site\/#\/schema\/person\/3230d5615f390bb808365d673001e887\",\"name\":\"R\u00e9dac. NEWS\",\"sameAs\":[\"http:\/\/www.newsestlyonnais.fr\",\"https:\/\/www.facebook.com\/pascal.oberson.1?fref=ts\",\"https:\/\/fr.linkedin.com\/in\/pascal-oberson-b17045113\"],\"url\":\"https:\/\/newsestlyonnais.fr\/site\/author\/nel\/\"}]}<\/script>\n<!-- \/ Yoast SEO plugin. -->","yoast_head_json":{"title":"GENAS : Les r\u00e9sultats de la journ\u00e9e de mercredi de l\u2019Open de Tennis","description":"GENAS : Les r\u00e9sultats de la journ\u00e9e de mercredi de l\u2019Open de Tennis","robots":{"index":"index","follow":"follow","max-snippet":"max-snippet:-1","max-image-preview":"max-image-preview:large","max-video-preview":"max-video-preview:-1"},"canonical":"https:\/\/newsestlyonnais.fr\/site\/2017\/06\/01\/genas-les-resultats-de-la-journee-de-mercredi-de-lopen-de-tennis\/","og_locale":"fr_FR","og_type":"article","og_title":"GENAS : Les r\u00e9sultats de la journ\u00e9e de mercredi de l\u2019Open de Tennis","og_description":"GENAS : Les r\u00e9sultats de la journ\u00e9e de mercredi de l\u2019Open de Tennis","og_url":"https:\/\/newsestlyonnais.fr\/site\/2017\/06\/01\/genas-les-resultats-de-la-journee-de-mercredi-de-lopen-de-tennis\/","og_site_name":"News Est Lyonnais","article_author":"https:\/\/www.facebook.com\/pascal.oberson.1?fref=ts","article_published_time":"2017-06-01T10:52:06+00:00","article_modified_time":"2020-11-06T19:53:59+00:00","og_image":[{"width":1000,"height":750,"url":"https:\/\/i2.wp.com\/newsestlyonnais.fr\/site\/wp-content\/uploads\/2017\/03\/NEWSESTLYONNAIS-Affiche-tournoi-2017-.jpg?fit=1000%2C750&ssl=1","type":"image\/jpeg"}],"author":"R\u00e9dac. NEWS","twitter_card":"summary_large_image","twitter_misc":{"\u00c9crit par":"R\u00e9dac. NEWS","Dur\u00e9e de lecture estim\u00e9e":"1 minute"},"schema":{"@context":"https:\/\/schema.org","@graph":[{"@type":"Article","@id":"https:\/\/newsestlyonnais.fr\/site\/2017\/06\/01\/genas-les-resultats-de-la-journee-de-mercredi-de-lopen-de-tennis\/#article","isPartOf":{"@id":"https:\/\/newsestlyonnais.fr\/site\/2017\/06\/01\/genas-les-resultats-de-la-journee-de-mercredi-de-lopen-de-tennis\/"},"author":{"name":"R\u00e9dac. NEWS","@id":"https:\/\/newsestlyonnais.fr\/site\/#\/schema\/person\/3230d5615f390bb808365d673001e887"},"headline":"GENAS | Les r\u00e9sultats de la journ\u00e9e de mercredi de l\u2019Open de Tennis","datePublished":"2017-06-01T10:52:06+00:00","dateModified":"2020-11-06T19:53:59+00:00","mainEntityOfPage":{"@id":"https:\/\/newsestlyonnais.fr\/site\/2017\/06\/01\/genas-les-resultats-de-la-journee-de-mercredi-de-lopen-de-tennis\/"},"wordCount":127,"commentCount":0,"publisher":{"@id":"https:\/\/newsestlyonnais.fr\/site\/#organization"},"image":{"@id":"https:\/\/newsestlyonnais.fr\/site\/2017\/06\/01\/genas-les-resultats-de-la-journee-de-mercredi-de-lopen-de-tennis\/#primaryimage"},"thumbnailUrl":"https:\/\/newsestlyonnais.fr\/site\/wp-content\/uploads\/2017\/03\/NEWSESTLYONNAIS-Affiche-tournoi-2017-.jpg","articleSection":["CCEL | Communes","Genas","Tennis | Padel","Tennis | Tennis de table"],"inLanguage":"fr-FR","potentialAction":[{"@type":"CommentAction","name":"Comment","target":["https:\/\/newsestlyonnais.fr\/site\/2017\/06\/01\/genas-les-resultats-de-la-journee-de-mercredi-de-lopen-de-tennis\/#respond"]}]},{"@type":"WebPage","@id":"https:\/\/newsestlyonnais.fr\/site\/2017\/06\/01\/genas-les-resultats-de-la-journee-de-mercredi-de-lopen-de-tennis\/","url":"https:\/\/newsestlyonnais.fr\/site\/2017\/06\/01\/genas-les-resultats-de-la-journee-de-mercredi-de-lopen-de-tennis\/","name":"GENAS : Les r\u00e9sultats de la journ\u00e9e de mercredi de l\u2019Open de Tennis","isPartOf":{"@id":"https:\/\/newsestlyonnais.fr\/site\/#website"},"primaryImageOfPage":{"@id":"https:\/\/newsestlyonnais.fr\/site\/2017\/06\/01\/genas-les-resultats-de-la-journee-de-mercredi-de-lopen-de-tennis\/#primaryimage"},"image":{"@id":"https:\/\/newsestlyonnais.fr\/site\/2017\/06\/01\/genas-les-resultats-de-la-journee-de-mercredi-de-lopen-de-tennis\/#primaryimage"},"thumbnailUrl":"https:\/\/newsestlyonnais.fr\/site\/wp-content\/uploads\/2017\/03\/NEWSESTLYONNAIS-Affiche-tournoi-2017-.jpg","datePublished":"2017-06-01T10:52:06+00:00","dateModified":"2020-11-06T19:53:59+00:00","description":"GENAS : Les r\u00e9sultats de la journ\u00e9e de mercredi de l\u2019Open de Tennis","breadcrumb":{"@id":"https:\/\/newsestlyonnais.fr\/site\/2017\/06\/01\/genas-les-resultats-de-la-journee-de-mercredi-de-lopen-de-tennis\/#breadcrumb"},"inLanguage":"fr-FR","potentialAction":[{"@type":"ReadAction","target":["https:\/\/newsestlyonnais.fr\/site\/2017\/06\/01\/genas-les-resultats-de-la-journee-de-mercredi-de-lopen-de-tennis\/"]}]},{"@type":"ImageObject","inLanguage":"fr-FR","@id":"https:\/\/newsestlyonnais.fr\/site\/2017\/06\/01\/genas-les-resultats-de-la-journee-de-mercredi-de-lopen-de-tennis\/#primaryimage","url":"https:\/\/newsestlyonnais.fr\/site\/wp-content\/uploads\/2017\/03\/NEWSESTLYONNAIS-Affiche-tournoi-2017-.jpg","contentUrl":"https:\/\/newsestlyonnais.fr\/site\/wp-content\/uploads\/2017\/03\/NEWSESTLYONNAIS-Affiche-tournoi-2017-.jpg","width":1000,"height":750,"caption":"NEWSESTLYONNAIS Affiche tournoi 2017"},{"@type":"BreadcrumbList","@id":"https:\/\/newsestlyonnais.fr\/site\/2017\/06\/01\/genas-les-resultats-de-la-journee-de-mercredi-de-lopen-de-tennis\/#breadcrumb","itemListElement":[{"@type":"ListItem","position":1,"name":"Accueil","item":"https:\/\/newsestlyonnais.fr\/site\/"},{"@type":"ListItem","position":2,"name":"GENAS | Les r\u00e9sultats de la journ\u00e9e de mercredi de l\u2019Open de Tennis"}]},{"@type":"WebSite","@id":"https:\/\/newsestlyonnais.fr\/site\/#website","url":"https:\/\/newsestlyonnais.fr\/site\/","name":"News Est Lyonnais","description":"L&#039;actualit\u00e9 au plus pr\u00e8s","publisher":{"@id":"https:\/\/newsestlyonnais.fr\/site\/#organization"},"potentialAction":[{"@type":"SearchAction","target":{"@type":"EntryPoint","urlTemplate":"https:\/\/newsestlyonnais.fr\/site\/?s={search_term_string}"},"query-input":{"@type":"PropertyValueSpecification","valueRequired":true,"valueName":"search_term_string"}}],"inLanguage":"fr-FR"},{"@type":"Organization","@id":"https:\/\/newsestlyonnais.fr\/site\/#organization","name":"News EST LYONNAIS","url":"https:\/\/newsestlyonnais.fr\/site\/","logo":{"@type":"ImageObject","inLanguage":"fr-FR","@id":"https:\/\/newsestlyonnais.fr\/site\/#\/schema\/logo\/image\/","url":"","contentUrl":"","caption":"News EST LYONNAIS"},"image":{"@id":"https:\/\/newsestlyonnais.fr\/site\/#\/schema\/logo\/image\/"}},{"@type":"Person","@id":"https:\/\/newsestlyonnais.fr\/site\/#\/schema\/person\/3230d5615f390bb808365d673001e887","name":"R\u00e9dac. NEWS","sameAs":["http:\/\/www.newsestlyonnais.fr","https:\/\/www.facebook.com\/pascal.oberson.1?fref=ts","https:\/\/fr.linkedin.com\/in\/pascal-oberson-b17045113"],"url":"https:\/\/newsestlyonnais.fr\/site\/author\/nel\/"}]}},"_links":{"self":[{"href":"https:\/\/newsestlyonnais.fr\/site\/wp-json\/wp\/v2\/posts\/28005","targetHints":{"allow":["GET"]}}],"collection":[{"href":"https:\/\/newsestlyonnais.fr\/site\/wp-json\/wp\/v2\/posts"}],"about":[{"href":"https:\/\/newsestlyonnais.fr\/site\/wp-json\/wp\/v2\/types\/post"}],"author":[{"embeddable":true,"href":"https:\/\/newsestlyonnais.fr\/site\/wp-json\/wp\/v2\/users\/4"}],"replies":[{"embeddable":true,"href":"https:\/\/newsestlyonnais.fr\/site\/wp-json\/wp\/v2\/comments?post=28005"}],"version-history":[{"count":0,"href":"https:\/\/newsestlyonnais.fr\/site\/wp-json\/wp\/v2\/posts\/28005\/revisions"}],"wp:featuredmedia":[{"embeddable":true,"href":"https:\/\/newsestlyonnais.fr\/site\/wp-json\/wp\/v2\/media\/25256"}],"wp:attachment":[{"href":"https:\/\/newsestlyonnais.fr\/site\/wp-json\/wp\/v2\/media?parent=28005"}],"wp:term":[{"taxonomy":"category","embeddable":true,"href":"https:\/\/newsestlyonnais.fr\/site\/wp-json\/wp\/v2\/categories?post=28005"},{"taxonomy":"post_tag","embeddable":true,"href":"https:\/\/newsestlyonnais.fr\/site\/wp-json\/wp\/v2\/tags?post=28005"}],"curies":[{"name":"wp","href":"https:\/\/api.w.org\/{rel}","templated":true}]}}