{"id":28055,"date":"2017-05-30T14:09:20","date_gmt":"2017-05-30T13:09:20","guid":{"rendered":"http:\/\/newsestlyonnais.fr\/site\/?p=28055"},"modified":"2020-11-03T14:09:55","modified_gmt":"2020-11-03T13:09:55","slug":"hilary-ilondo-handballeuse-a-lasul-vaulx-en-velin","status":"publish","type":"post","link":"https:\/\/newsestlyonnais.fr\/site\/2017\/05\/30\/hilary-ilondo-handballeuse-a-lasul-vaulx-en-velin\/","title":{"rendered":"Hilary Ikondo (handballeuse \u00e0 l&rsquo;ASUL Vaulx en Velin)"},"content":{"rendered":"<div class=\"article-content\">\n<div class=\"article-content-inner\">\n<h4><em><strong><span style=\"text-decoration: underline\">Hilary Ikondo : handballeuse \u00e0 l&rsquo;ASUL Vaulx en Velin s&rsquo;est pr\u00eat\u00e9e au jeu des questions\/r\u00e9ponses<\/span><\/strong><\/em><span style=\"text-decoration: underline\"><em>.<\/em><\/span><\/h4>\n<ul>\n<li><strong>AGE :<\/strong> 20 ans<\/li>\n<li><strong>AU CLUB DEPUIS QUAND ? <\/strong>Pour la 3\u00b0 saison <strong><br \/>\n<\/strong><\/li>\n<li><strong>POURQUOI AVOIR REJOINT L&rsquo; ASUL ET VOTRE AVIS SUR LE CLUB ? <\/strong>Je suis venu ici pour jouer en D1. Je pense en tous cas avoir bien progress\u00e9 depuis mon arriv\u00e9e dans ce club tr\u00e8s familial.<strong><br \/>\n<\/strong><\/li>\n<li><strong>DEBUTS DANS LE HAND ET CLUB PRECEDENT ? <\/strong>J&rsquo;ai d\u00e9but\u00e9 le hand \u00e0 l&rsquo;\u00e2ge de 6 ans au club de V\u00e9nissieux. <strong><br \/>\n<\/strong><\/li>\n<li><strong>POURQUOI LE HAND ? <\/strong>Mon p\u00e8re qui en pratiquait en loisirs me disait toujours que c&rsquo;\u00e9tait bien. Je voulais faire un sport collectif plut\u00f4t du foot, car j&rsquo;aime bien courir. Je n&rsquo;ai en tous cas aucun regret d&rsquo;avoir choisi le hand et ne pratique d&rsquo;ailleurs pas d&rsquo;autres sports en parall\u00e8le.<strong><br \/>\n<\/strong><\/li>\n<li><strong>QUEL POSTE OCCUPEZ VOUS ? <\/strong>Je joue au poste d&rsquo;arri\u00e8re droit et quelquefois \u00e0 gauche au sein de l&rsquo;\u00e9quipe une de l&rsquo;Asul.<\/li>\n<li><strong>PALMARES &amp; SELECTIONS : <\/strong>J&rsquo;ai connu diff\u00e9rentes s\u00e9lections dans les cat\u00e9gories jeunes, en cadets et en juniors <strong><br \/>\n<\/strong><\/li>\n<li><strong>QUALITES &amp; DEFAUTS\u00a0 en 2 MOTS : <\/strong>Je suis plut\u00f4t rapide et vive et on me surnomme \u00ab\u00a0passe-partout\u00a0\u00bb. Par contre, je suis encore un peu trop nonchalante.<strong><br \/>\n<\/strong><\/li>\n<li><strong> AMBITION SPORTIVES ? <\/strong>Jouer le plus haut possible.<strong><br \/>\n<\/strong><\/li>\n<li><strong>ETUDES OU PROFESSION ? <\/strong>Je suis actuellement en 1\u00b0 ann\u00e9e en vue de d\u00e9crocher une licence en g\u00e9ographie. Je voudrais ensuite travailler dans l&rsquo;urbanisme.<strong><br \/>\n<\/strong><\/li>\n<li><strong>PASSIONS EN DEHORS DU HAND ? <\/strong>J&rsquo;aime bien toutes sortes de musique et collectionne les vinyls et les baskets !<\/li>\n<\/ul>\n<h4>Retrouvez l&rsquo;ACTU du club sur: <a href=\"https:\/\/www.asulvvhandball.com\" target=\"_blank\" rel=\"noopener noreferrer\">https:\/\/www.asulvvhandball.com<\/a><\/h4>\n<\/div>\n<\/div>\n<p><strong><em><br \/>\n<\/em><\/strong><\/p>\n","protected":false},"excerpt":{"rendered":"<p>Hilary Ikondo : handballeuse \u00e0 l&rsquo;ASUL Vaulx en Velin s&rsquo;est pr\u00eat\u00e9e au jeu des questions\/r\u00e9ponses. AGE : 20 ans AU CLUB DEPUIS QUAND ? Pour la 3\u00b0 saison POURQUOI AVOIR REJOINT L&rsquo; ASUL ET VOTRE AVIS SUR LE CLUB ? Je suis venu ici pour jouer en D1. Je pense en tous cas avoir bien [&hellip;]<\/p>\n","protected":false},"author":4,"featured_media":28056,"comment_status":"open","ping_status":"open","sticky":false,"template":"","format":"standard","meta":{"footnotes":""},"categories":[2975,3421,1358,28],"tags":[],"class_list":["post-28055","post","type-post","status-publish","format-standard","has-post-thumbnail","hentry","category-basket-hand-volley-sports","category-feminin-actu-au","category-hand","category-vaulx-en-velin"],"yoast_head":"<!-- This site is optimized with the Yoast SEO plugin v27.2 - https:\/\/yoast.com\/product\/yoast-seo-wordpress\/ -->\n<title>Hilary Ikondo : handballeuse \u00e0 l&#039;ASUL Vaulx en Velin<\/title>\n<meta name=\"description\" content=\"Hilary Ikondo : handballeuse \u00e0 l&#039;ASUL Vaulx en Velin\" \/>\n<meta name=\"robots\" content=\"index, follow, max-snippet:-1, max-image-preview:large, max-video-preview:-1\" \/>\n<link rel=\"canonical\" href=\"https:\/\/newsestlyonnais.fr\/site\/2017\/05\/30\/hilary-ilondo-handballeuse-a-lasul-vaulx-en-velin\/\" \/>\n<meta property=\"og:locale\" content=\"fr_FR\" \/>\n<meta property=\"og:type\" content=\"article\" \/>\n<meta property=\"og:title\" content=\"Hilary Ikondo : handballeuse \u00e0 l&#039;ASUL Vaulx en Velin\" \/>\n<meta property=\"og:description\" content=\"Hilary Ikondo : handballeuse \u00e0 l&#039;ASUL Vaulx en Velin\" \/>\n<meta property=\"og:url\" content=\"https:\/\/newsestlyonnais.fr\/site\/2017\/05\/30\/hilary-ilondo-handballeuse-a-lasul-vaulx-en-velin\/\" \/>\n<meta property=\"og:site_name\" content=\"News Est Lyonnais\" \/>\n<meta property=\"article:author\" content=\"https:\/\/www.facebook.com\/pascal.oberson.1?fref=ts\" \/>\n<meta property=\"article:published_time\" content=\"2017-05-30T13:09:20+00:00\" \/>\n<meta property=\"article:modified_time\" content=\"2020-11-03T13:09:55+00:00\" \/>\n<meta property=\"og:image\" content=\"https:\/\/i0.wp.com\/newsestlyonnais.fr\/site\/wp-content\/uploads\/2017\/06\/NEWSESTLYONNAIS-INTER-HILARY-IKONDO.jpg?fit=1000%2C750&ssl=1\" \/>\n\t<meta property=\"og:image:width\" content=\"1000\" \/>\n\t<meta property=\"og:image:height\" content=\"750\" \/>\n\t<meta property=\"og:image:type\" content=\"image\/jpeg\" \/>\n<meta name=\"author\" content=\"R\u00e9dac. NEWS\" \/>\n<meta name=\"twitter:card\" content=\"summary_large_image\" \/>\n<meta name=\"twitter:label1\" content=\"\u00c9crit par\" \/>\n\t<meta name=\"twitter:data1\" content=\"R\u00e9dac. NEWS\" \/>\n\t<meta name=\"twitter:label2\" content=\"Dur\u00e9e de lecture estim\u00e9e\" \/>\n\t<meta name=\"twitter:data2\" content=\"1 minute\" \/>\n<script type=\"application\/ld+json\" class=\"yoast-schema-graph\">{\"@context\":\"https:\/\/schema.org\",\"@graph\":[{\"@type\":\"Article\",\"@id\":\"https:\/\/newsestlyonnais.fr\/site\/2017\/05\/30\/hilary-ilondo-handballeuse-a-lasul-vaulx-en-velin\/#article\",\"isPartOf\":{\"@id\":\"https:\/\/newsestlyonnais.fr\/site\/2017\/05\/30\/hilary-ilondo-handballeuse-a-lasul-vaulx-en-velin\/\"},\"author\":{\"name\":\"R\u00e9dac. NEWS\",\"@id\":\"https:\/\/newsestlyonnais.fr\/site\/#\/schema\/person\/3230d5615f390bb808365d673001e887\"},\"headline\":\"Hilary Ikondo (handballeuse \u00e0 l&rsquo;ASUL Vaulx en Velin)\",\"datePublished\":\"2017-05-30T13:09:20+00:00\",\"dateModified\":\"2020-11-03T13:09:55+00:00\",\"mainEntityOfPage\":{\"@id\":\"https:\/\/newsestlyonnais.fr\/site\/2017\/05\/30\/hilary-ilondo-handballeuse-a-lasul-vaulx-en-velin\/\"},\"wordCount\":285,\"commentCount\":0,\"publisher\":{\"@id\":\"https:\/\/newsestlyonnais.fr\/site\/#organization\"},\"image\":{\"@id\":\"https:\/\/newsestlyonnais.fr\/site\/2017\/05\/30\/hilary-ilondo-handballeuse-a-lasul-vaulx-en-velin\/#primaryimage\"},\"thumbnailUrl\":\"https:\/\/newsestlyonnais.fr\/site\/wp-content\/uploads\/2017\/06\/NEWSESTLYONNAIS-INTER-HILARY-IKONDO.jpg\",\"articleSection\":[\"Basket | Hand | Volley\",\"F\u00e9minin (Actu au)\",\"Hand\",\"Vaulx-en-Velin\"],\"inLanguage\":\"fr-FR\",\"potentialAction\":[{\"@type\":\"CommentAction\",\"name\":\"Comment\",\"target\":[\"https:\/\/newsestlyonnais.fr\/site\/2017\/05\/30\/hilary-ilondo-handballeuse-a-lasul-vaulx-en-velin\/#respond\"]}]},{\"@type\":\"WebPage\",\"@id\":\"https:\/\/newsestlyonnais.fr\/site\/2017\/05\/30\/hilary-ilondo-handballeuse-a-lasul-vaulx-en-velin\/\",\"url\":\"https:\/\/newsestlyonnais.fr\/site\/2017\/05\/30\/hilary-ilondo-handballeuse-a-lasul-vaulx-en-velin\/\",\"name\":\"Hilary Ikondo : handballeuse \u00e0 l'ASUL Vaulx en Velin\",\"isPartOf\":{\"@id\":\"https:\/\/newsestlyonnais.fr\/site\/#website\"},\"primaryImageOfPage\":{\"@id\":\"https:\/\/newsestlyonnais.fr\/site\/2017\/05\/30\/hilary-ilondo-handballeuse-a-lasul-vaulx-en-velin\/#primaryimage\"},\"image\":{\"@id\":\"https:\/\/newsestlyonnais.fr\/site\/2017\/05\/30\/hilary-ilondo-handballeuse-a-lasul-vaulx-en-velin\/#primaryimage\"},\"thumbnailUrl\":\"https:\/\/newsestlyonnais.fr\/site\/wp-content\/uploads\/2017\/06\/NEWSESTLYONNAIS-INTER-HILARY-IKONDO.jpg\",\"datePublished\":\"2017-05-30T13:09:20+00:00\",\"dateModified\":\"2020-11-03T13:09:55+00:00\",\"description\":\"Hilary Ikondo : handballeuse \u00e0 l'ASUL Vaulx en Velin\",\"breadcrumb\":{\"@id\":\"https:\/\/newsestlyonnais.fr\/site\/2017\/05\/30\/hilary-ilondo-handballeuse-a-lasul-vaulx-en-velin\/#breadcrumb\"},\"inLanguage\":\"fr-FR\",\"potentialAction\":[{\"@type\":\"ReadAction\",\"target\":[\"https:\/\/newsestlyonnais.fr\/site\/2017\/05\/30\/hilary-ilondo-handballeuse-a-lasul-vaulx-en-velin\/\"]}]},{\"@type\":\"ImageObject\",\"inLanguage\":\"fr-FR\",\"@id\":\"https:\/\/newsestlyonnais.fr\/site\/2017\/05\/30\/hilary-ilondo-handballeuse-a-lasul-vaulx-en-velin\/#primaryimage\",\"url\":\"https:\/\/newsestlyonnais.fr\/site\/wp-content\/uploads\/2017\/06\/NEWSESTLYONNAIS-INTER-HILARY-IKONDO.jpg\",\"contentUrl\":\"https:\/\/newsestlyonnais.fr\/site\/wp-content\/uploads\/2017\/06\/NEWSESTLYONNAIS-INTER-HILARY-IKONDO.jpg\",\"width\":1000,\"height\":750,\"caption\":\"NEWSESTLYONNAIS - INTER HILARY IKONDO\"},{\"@type\":\"BreadcrumbList\",\"@id\":\"https:\/\/newsestlyonnais.fr\/site\/2017\/05\/30\/hilary-ilondo-handballeuse-a-lasul-vaulx-en-velin\/#breadcrumb\",\"itemListElement\":[{\"@type\":\"ListItem\",\"position\":1,\"name\":\"Accueil\",\"item\":\"https:\/\/newsestlyonnais.fr\/site\/\"},{\"@type\":\"ListItem\",\"position\":2,\"name\":\"Hilary Ikondo (handballeuse \u00e0 l&rsquo;ASUL Vaulx en Velin)\"}]},{\"@type\":\"WebSite\",\"@id\":\"https:\/\/newsestlyonnais.fr\/site\/#website\",\"url\":\"https:\/\/newsestlyonnais.fr\/site\/\",\"name\":\"News Est Lyonnais\",\"description\":\"L&#039;actualit\u00e9 au plus pr\u00e8s\",\"publisher\":{\"@id\":\"https:\/\/newsestlyonnais.fr\/site\/#organization\"},\"potentialAction\":[{\"@type\":\"SearchAction\",\"target\":{\"@type\":\"EntryPoint\",\"urlTemplate\":\"https:\/\/newsestlyonnais.fr\/site\/?s={search_term_string}\"},\"query-input\":{\"@type\":\"PropertyValueSpecification\",\"valueRequired\":true,\"valueName\":\"search_term_string\"}}],\"inLanguage\":\"fr-FR\"},{\"@type\":\"Organization\",\"@id\":\"https:\/\/newsestlyonnais.fr\/site\/#organization\",\"name\":\"News EST LYONNAIS\",\"url\":\"https:\/\/newsestlyonnais.fr\/site\/\",\"logo\":{\"@type\":\"ImageObject\",\"inLanguage\":\"fr-FR\",\"@id\":\"https:\/\/newsestlyonnais.fr\/site\/#\/schema\/logo\/image\/\",\"url\":\"\",\"contentUrl\":\"\",\"caption\":\"News EST LYONNAIS\"},\"image\":{\"@id\":\"https:\/\/newsestlyonnais.fr\/site\/#\/schema\/logo\/image\/\"}},{\"@type\":\"Person\",\"@id\":\"https:\/\/newsestlyonnais.fr\/site\/#\/schema\/person\/3230d5615f390bb808365d673001e887\",\"name\":\"R\u00e9dac. NEWS\",\"sameAs\":[\"http:\/\/www.newsestlyonnais.fr\",\"https:\/\/www.facebook.com\/pascal.oberson.1?fref=ts\",\"https:\/\/fr.linkedin.com\/in\/pascal-oberson-b17045113\"],\"url\":\"https:\/\/newsestlyonnais.fr\/site\/author\/nel\/\"}]}<\/script>\n<!-- \/ Yoast SEO plugin. -->","yoast_head_json":{"title":"Hilary Ikondo : handballeuse \u00e0 l'ASUL Vaulx en Velin","description":"Hilary Ikondo : handballeuse \u00e0 l'ASUL Vaulx en Velin","robots":{"index":"index","follow":"follow","max-snippet":"max-snippet:-1","max-image-preview":"max-image-preview:large","max-video-preview":"max-video-preview:-1"},"canonical":"https:\/\/newsestlyonnais.fr\/site\/2017\/05\/30\/hilary-ilondo-handballeuse-a-lasul-vaulx-en-velin\/","og_locale":"fr_FR","og_type":"article","og_title":"Hilary Ikondo : handballeuse \u00e0 l'ASUL Vaulx en Velin","og_description":"Hilary Ikondo : handballeuse \u00e0 l'ASUL Vaulx en Velin","og_url":"https:\/\/newsestlyonnais.fr\/site\/2017\/05\/30\/hilary-ilondo-handballeuse-a-lasul-vaulx-en-velin\/","og_site_name":"News Est Lyonnais","article_author":"https:\/\/www.facebook.com\/pascal.oberson.1?fref=ts","article_published_time":"2017-05-30T13:09:20+00:00","article_modified_time":"2020-11-03T13:09:55+00:00","og_image":[{"width":1000,"height":750,"url":"https:\/\/i0.wp.com\/newsestlyonnais.fr\/site\/wp-content\/uploads\/2017\/06\/NEWSESTLYONNAIS-INTER-HILARY-IKONDO.jpg?fit=1000%2C750&ssl=1","type":"image\/jpeg"}],"author":"R\u00e9dac. NEWS","twitter_card":"summary_large_image","twitter_misc":{"\u00c9crit par":"R\u00e9dac. NEWS","Dur\u00e9e de lecture estim\u00e9e":"1 minute"},"schema":{"@context":"https:\/\/schema.org","@graph":[{"@type":"Article","@id":"https:\/\/newsestlyonnais.fr\/site\/2017\/05\/30\/hilary-ilondo-handballeuse-a-lasul-vaulx-en-velin\/#article","isPartOf":{"@id":"https:\/\/newsestlyonnais.fr\/site\/2017\/05\/30\/hilary-ilondo-handballeuse-a-lasul-vaulx-en-velin\/"},"author":{"name":"R\u00e9dac. NEWS","@id":"https:\/\/newsestlyonnais.fr\/site\/#\/schema\/person\/3230d5615f390bb808365d673001e887"},"headline":"Hilary Ikondo (handballeuse \u00e0 l&rsquo;ASUL Vaulx en Velin)","datePublished":"2017-05-30T13:09:20+00:00","dateModified":"2020-11-03T13:09:55+00:00","mainEntityOfPage":{"@id":"https:\/\/newsestlyonnais.fr\/site\/2017\/05\/30\/hilary-ilondo-handballeuse-a-lasul-vaulx-en-velin\/"},"wordCount":285,"commentCount":0,"publisher":{"@id":"https:\/\/newsestlyonnais.fr\/site\/#organization"},"image":{"@id":"https:\/\/newsestlyonnais.fr\/site\/2017\/05\/30\/hilary-ilondo-handballeuse-a-lasul-vaulx-en-velin\/#primaryimage"},"thumbnailUrl":"https:\/\/newsestlyonnais.fr\/site\/wp-content\/uploads\/2017\/06\/NEWSESTLYONNAIS-INTER-HILARY-IKONDO.jpg","articleSection":["Basket | Hand | Volley","F\u00e9minin (Actu au)","Hand","Vaulx-en-Velin"],"inLanguage":"fr-FR","potentialAction":[{"@type":"CommentAction","name":"Comment","target":["https:\/\/newsestlyonnais.fr\/site\/2017\/05\/30\/hilary-ilondo-handballeuse-a-lasul-vaulx-en-velin\/#respond"]}]},{"@type":"WebPage","@id":"https:\/\/newsestlyonnais.fr\/site\/2017\/05\/30\/hilary-ilondo-handballeuse-a-lasul-vaulx-en-velin\/","url":"https:\/\/newsestlyonnais.fr\/site\/2017\/05\/30\/hilary-ilondo-handballeuse-a-lasul-vaulx-en-velin\/","name":"Hilary Ikondo : handballeuse \u00e0 l'ASUL Vaulx en Velin","isPartOf":{"@id":"https:\/\/newsestlyonnais.fr\/site\/#website"},"primaryImageOfPage":{"@id":"https:\/\/newsestlyonnais.fr\/site\/2017\/05\/30\/hilary-ilondo-handballeuse-a-lasul-vaulx-en-velin\/#primaryimage"},"image":{"@id":"https:\/\/newsestlyonnais.fr\/site\/2017\/05\/30\/hilary-ilondo-handballeuse-a-lasul-vaulx-en-velin\/#primaryimage"},"thumbnailUrl":"https:\/\/newsestlyonnais.fr\/site\/wp-content\/uploads\/2017\/06\/NEWSESTLYONNAIS-INTER-HILARY-IKONDO.jpg","datePublished":"2017-05-30T13:09:20+00:00","dateModified":"2020-11-03T13:09:55+00:00","description":"Hilary Ikondo : handballeuse \u00e0 l'ASUL Vaulx en Velin","breadcrumb":{"@id":"https:\/\/newsestlyonnais.fr\/site\/2017\/05\/30\/hilary-ilondo-handballeuse-a-lasul-vaulx-en-velin\/#breadcrumb"},"inLanguage":"fr-FR","potentialAction":[{"@type":"ReadAction","target":["https:\/\/newsestlyonnais.fr\/site\/2017\/05\/30\/hilary-ilondo-handballeuse-a-lasul-vaulx-en-velin\/"]}]},{"@type":"ImageObject","inLanguage":"fr-FR","@id":"https:\/\/newsestlyonnais.fr\/site\/2017\/05\/30\/hilary-ilondo-handballeuse-a-lasul-vaulx-en-velin\/#primaryimage","url":"https:\/\/newsestlyonnais.fr\/site\/wp-content\/uploads\/2017\/06\/NEWSESTLYONNAIS-INTER-HILARY-IKONDO.jpg","contentUrl":"https:\/\/newsestlyonnais.fr\/site\/wp-content\/uploads\/2017\/06\/NEWSESTLYONNAIS-INTER-HILARY-IKONDO.jpg","width":1000,"height":750,"caption":"NEWSESTLYONNAIS - INTER HILARY IKONDO"},{"@type":"BreadcrumbList","@id":"https:\/\/newsestlyonnais.fr\/site\/2017\/05\/30\/hilary-ilondo-handballeuse-a-lasul-vaulx-en-velin\/#breadcrumb","itemListElement":[{"@type":"ListItem","position":1,"name":"Accueil","item":"https:\/\/newsestlyonnais.fr\/site\/"},{"@type":"ListItem","position":2,"name":"Hilary Ikondo (handballeuse \u00e0 l&rsquo;ASUL Vaulx en Velin)"}]},{"@type":"WebSite","@id":"https:\/\/newsestlyonnais.fr\/site\/#website","url":"https:\/\/newsestlyonnais.fr\/site\/","name":"News Est Lyonnais","description":"L&#039;actualit\u00e9 au plus pr\u00e8s","publisher":{"@id":"https:\/\/newsestlyonnais.fr\/site\/#organization"},"potentialAction":[{"@type":"SearchAction","target":{"@type":"EntryPoint","urlTemplate":"https:\/\/newsestlyonnais.fr\/site\/?s={search_term_string}"},"query-input":{"@type":"PropertyValueSpecification","valueRequired":true,"valueName":"search_term_string"}}],"inLanguage":"fr-FR"},{"@type":"Organization","@id":"https:\/\/newsestlyonnais.fr\/site\/#organization","name":"News EST LYONNAIS","url":"https:\/\/newsestlyonnais.fr\/site\/","logo":{"@type":"ImageObject","inLanguage":"fr-FR","@id":"https:\/\/newsestlyonnais.fr\/site\/#\/schema\/logo\/image\/","url":"","contentUrl":"","caption":"News EST LYONNAIS"},"image":{"@id":"https:\/\/newsestlyonnais.fr\/site\/#\/schema\/logo\/image\/"}},{"@type":"Person","@id":"https:\/\/newsestlyonnais.fr\/site\/#\/schema\/person\/3230d5615f390bb808365d673001e887","name":"R\u00e9dac. NEWS","sameAs":["http:\/\/www.newsestlyonnais.fr","https:\/\/www.facebook.com\/pascal.oberson.1?fref=ts","https:\/\/fr.linkedin.com\/in\/pascal-oberson-b17045113"],"url":"https:\/\/newsestlyonnais.fr\/site\/author\/nel\/"}]}},"_links":{"self":[{"href":"https:\/\/newsestlyonnais.fr\/site\/wp-json\/wp\/v2\/posts\/28055","targetHints":{"allow":["GET"]}}],"collection":[{"href":"https:\/\/newsestlyonnais.fr\/site\/wp-json\/wp\/v2\/posts"}],"about":[{"href":"https:\/\/newsestlyonnais.fr\/site\/wp-json\/wp\/v2\/types\/post"}],"author":[{"embeddable":true,"href":"https:\/\/newsestlyonnais.fr\/site\/wp-json\/wp\/v2\/users\/4"}],"replies":[{"embeddable":true,"href":"https:\/\/newsestlyonnais.fr\/site\/wp-json\/wp\/v2\/comments?post=28055"}],"version-history":[{"count":0,"href":"https:\/\/newsestlyonnais.fr\/site\/wp-json\/wp\/v2\/posts\/28055\/revisions"}],"wp:featuredmedia":[{"embeddable":true,"href":"https:\/\/newsestlyonnais.fr\/site\/wp-json\/wp\/v2\/media\/28056"}],"wp:attachment":[{"href":"https:\/\/newsestlyonnais.fr\/site\/wp-json\/wp\/v2\/media?parent=28055"}],"wp:term":[{"taxonomy":"category","embeddable":true,"href":"https:\/\/newsestlyonnais.fr\/site\/wp-json\/wp\/v2\/categories?post=28055"},{"taxonomy":"post_tag","embeddable":true,"href":"https:\/\/newsestlyonnais.fr\/site\/wp-json\/wp\/v2\/tags?post=28055"}],"curies":[{"name":"wp","href":"https:\/\/api.w.org\/{rel}","templated":true}]}}