{"id":28116,"date":"2017-06-02T06:57:34","date_gmt":"2017-06-02T05:57:34","guid":{"rendered":"http:\/\/newsestlyonnais.fr\/site\/?p=28116"},"modified":"2020-11-09T05:58:45","modified_gmt":"2020-11-09T04:58:45","slug":"genas-activoice-cest-finale-soir","status":"publish","type":"post","link":"https:\/\/newsestlyonnais.fr\/site\/2017\/06\/02\/genas-activoice-cest-finale-soir\/","title":{"rendered":"GENAS | ACTI&rsquo;VOICE > c&rsquo;est la finale ce soir !"},"content":{"rendered":"<h4>Acti&rsquo;VOICE, le concours organis\u00e9 par l&rsquo;association genassienne de commer\u00e7ants, artisans et entreprises de services ACtiv&rsquo;Genas-Azieu d\u00e9voilera ce soir son grand vainqueur.<\/h4>\n<p>Un concours de chant pr\u00e9sid\u00e9 par Mickael Jones et pour lequel 2 auditions avaient \u00e9t\u00e9 programm\u00e9es d\u00e9but mai et qui auront permis de s\u00e9lectionner 12 candidats qui ce soir devront faire \u00e9dcouvrir au grand public leur garnd talent musical !<\/p>\n<h4>FINALE ce vendredi 2 Juin \u00e0 20 H au Bowling de Genas (<span class=\"_31re\"><span class=\"_31rd\"><span class=\"_31rf\">1 chemin des M\u00fbriers<\/span><\/span><\/span>). E<span class=\"_4n-j _fbReactionComponent__eventDetailsContentTags fsl\">ntr\u00e9e gratuite*<\/span><\/h4>\n<p><span class=\"_4n-j _fbReactionComponent__eventDetailsContentTags fsl\">* Tenue de ville exig\u00e9e pour tous sans exception (enfants et adultes). Surv\u00eatement et jogging interdits.<\/span><span class=\"_4n-j _fbReactionComponent__eventDetailsContentTags fsl\">&#8211; Un mineur ne pourra entrer qu&rsquo; accompagn\u00e9 d&rsquo;un adulte<\/span><\/p>\n<h4><strong>Retrouvez l&rsquo;ACTU de l&rsquo;association sur: <a href=\"http:\/\/www.activgenas.com\" target=\"_blank\" rel=\"noopener noreferrer\">http:\/\/www.activgenas.com<\/a><\/strong><\/h4>\n","protected":false},"excerpt":{"rendered":"<p>Acti&rsquo;VOICE, le concours organis\u00e9 par l&rsquo;association genassienne de commer\u00e7ants, artisans et entreprises de services ACtiv&rsquo;Genas-Azieu d\u00e9voilera ce soir son grand vainqueur. Un concours de chant pr\u00e9sid\u00e9 par Mickael Jones et pour lequel 2 auditions avaient \u00e9t\u00e9 programm\u00e9es d\u00e9but mai et qui auront permis de s\u00e9lectionner 12 candidats qui ce soir devront faire \u00e9dcouvrir au grand [&hellip;]<\/p>\n","protected":false},"author":4,"featured_media":28115,"comment_status":"open","ping_status":"open","sticky":false,"template":"","format":"standard","meta":{"footnotes":""},"categories":[270,1598,3330,3006],"tags":[],"class_list":["post-28116","post","type-post","status-publish","format-standard","has-post-thumbnail","hentry","category-cte-de-communes-c-c-e-l","category-genas","category-mode-spectacle","category-musique-danse-humour"],"yoast_head":"<!-- This site is optimized with the Yoast SEO plugin v27.2 - https:\/\/yoast.com\/product\/yoast-seo-wordpress\/ -->\n<title>GENAS : ACTI&#039;VOICE: c&#039;est la finale ce soir !<\/title>\n<meta name=\"description\" content=\"GENAS : ACTI&#039;VOICE: c&#039;est la finale ce soir !\" \/>\n<meta name=\"robots\" content=\"index, follow, max-snippet:-1, max-image-preview:large, max-video-preview:-1\" \/>\n<link rel=\"canonical\" href=\"https:\/\/newsestlyonnais.fr\/site\/2017\/06\/02\/genas-activoice-cest-finale-soir\/\" \/>\n<meta property=\"og:locale\" content=\"fr_FR\" \/>\n<meta property=\"og:type\" content=\"article\" \/>\n<meta property=\"og:title\" content=\"GENAS : ACTI&#039;VOICE: c&#039;est la finale ce soir !\" \/>\n<meta property=\"og:description\" content=\"GENAS : ACTI&#039;VOICE: c&#039;est la finale ce soir !\" \/>\n<meta property=\"og:url\" content=\"https:\/\/newsestlyonnais.fr\/site\/2017\/06\/02\/genas-activoice-cest-finale-soir\/\" \/>\n<meta property=\"og:site_name\" content=\"News Est Lyonnais\" \/>\n<meta property=\"article:author\" content=\"https:\/\/www.facebook.com\/pascal.oberson.1?fref=ts\" \/>\n<meta property=\"article:published_time\" content=\"2017-06-02T05:57:34+00:00\" \/>\n<meta property=\"article:modified_time\" content=\"2020-11-09T04:58:45+00:00\" \/>\n<meta property=\"og:image\" content=\"https:\/\/i1.wp.com\/newsestlyonnais.fr\/site\/wp-content\/uploads\/2017\/06\/NEWSESTLYONNAIS-ACTIVOICE.jpg?fit=1000%2C750&ssl=1\" \/>\n\t<meta property=\"og:image:width\" content=\"1000\" \/>\n\t<meta property=\"og:image:height\" content=\"750\" \/>\n\t<meta property=\"og:image:type\" content=\"image\/jpeg\" \/>\n<meta name=\"author\" content=\"R\u00e9dac. NEWS\" \/>\n<meta name=\"twitter:card\" content=\"summary_large_image\" \/>\n<meta name=\"twitter:label1\" content=\"\u00c9crit par\" \/>\n\t<meta name=\"twitter:data1\" content=\"R\u00e9dac. NEWS\" \/>\n\t<meta name=\"twitter:label2\" content=\"Dur\u00e9e de lecture estim\u00e9e\" \/>\n\t<meta name=\"twitter:data2\" content=\"1 minute\" \/>\n<script type=\"application\/ld+json\" class=\"yoast-schema-graph\">{\"@context\":\"https:\/\/schema.org\",\"@graph\":[{\"@type\":\"Article\",\"@id\":\"https:\/\/newsestlyonnais.fr\/site\/2017\/06\/02\/genas-activoice-cest-finale-soir\/#article\",\"isPartOf\":{\"@id\":\"https:\/\/newsestlyonnais.fr\/site\/2017\/06\/02\/genas-activoice-cest-finale-soir\/\"},\"author\":{\"name\":\"R\u00e9dac. NEWS\",\"@id\":\"https:\/\/newsestlyonnais.fr\/site\/#\/schema\/person\/3230d5615f390bb808365d673001e887\"},\"headline\":\"GENAS | ACTI&rsquo;VOICE > c&rsquo;est la finale ce soir !\",\"datePublished\":\"2017-06-02T05:57:34+00:00\",\"dateModified\":\"2020-11-09T04:58:45+00:00\",\"mainEntityOfPage\":{\"@id\":\"https:\/\/newsestlyonnais.fr\/site\/2017\/06\/02\/genas-activoice-cest-finale-soir\/\"},\"wordCount\":131,\"commentCount\":0,\"publisher\":{\"@id\":\"https:\/\/newsestlyonnais.fr\/site\/#organization\"},\"image\":{\"@id\":\"https:\/\/newsestlyonnais.fr\/site\/2017\/06\/02\/genas-activoice-cest-finale-soir\/#primaryimage\"},\"thumbnailUrl\":\"https:\/\/newsestlyonnais.fr\/site\/wp-content\/uploads\/2017\/06\/NEWSESTLYONNAIS-ACTIVOICE.jpg\",\"articleSection\":[\"CCEL | Communes\",\"Genas\",\"Mode | Spectacle\",\"Musique | Danse | Humour\"],\"inLanguage\":\"fr-FR\",\"potentialAction\":[{\"@type\":\"CommentAction\",\"name\":\"Comment\",\"target\":[\"https:\/\/newsestlyonnais.fr\/site\/2017\/06\/02\/genas-activoice-cest-finale-soir\/#respond\"]}]},{\"@type\":\"WebPage\",\"@id\":\"https:\/\/newsestlyonnais.fr\/site\/2017\/06\/02\/genas-activoice-cest-finale-soir\/\",\"url\":\"https:\/\/newsestlyonnais.fr\/site\/2017\/06\/02\/genas-activoice-cest-finale-soir\/\",\"name\":\"GENAS : ACTI'VOICE: c'est la finale ce soir !\",\"isPartOf\":{\"@id\":\"https:\/\/newsestlyonnais.fr\/site\/#website\"},\"primaryImageOfPage\":{\"@id\":\"https:\/\/newsestlyonnais.fr\/site\/2017\/06\/02\/genas-activoice-cest-finale-soir\/#primaryimage\"},\"image\":{\"@id\":\"https:\/\/newsestlyonnais.fr\/site\/2017\/06\/02\/genas-activoice-cest-finale-soir\/#primaryimage\"},\"thumbnailUrl\":\"https:\/\/newsestlyonnais.fr\/site\/wp-content\/uploads\/2017\/06\/NEWSESTLYONNAIS-ACTIVOICE.jpg\",\"datePublished\":\"2017-06-02T05:57:34+00:00\",\"dateModified\":\"2020-11-09T04:58:45+00:00\",\"description\":\"GENAS : ACTI'VOICE: c'est la finale ce soir !\",\"breadcrumb\":{\"@id\":\"https:\/\/newsestlyonnais.fr\/site\/2017\/06\/02\/genas-activoice-cest-finale-soir\/#breadcrumb\"},\"inLanguage\":\"fr-FR\",\"potentialAction\":[{\"@type\":\"ReadAction\",\"target\":[\"https:\/\/newsestlyonnais.fr\/site\/2017\/06\/02\/genas-activoice-cest-finale-soir\/\"]}]},{\"@type\":\"ImageObject\",\"inLanguage\":\"fr-FR\",\"@id\":\"https:\/\/newsestlyonnais.fr\/site\/2017\/06\/02\/genas-activoice-cest-finale-soir\/#primaryimage\",\"url\":\"https:\/\/newsestlyonnais.fr\/site\/wp-content\/uploads\/2017\/06\/NEWSESTLYONNAIS-ACTIVOICE.jpg\",\"contentUrl\":\"https:\/\/newsestlyonnais.fr\/site\/wp-content\/uploads\/2017\/06\/NEWSESTLYONNAIS-ACTIVOICE.jpg\",\"width\":1000,\"height\":750,\"caption\":\"NEWSESTLYONNAIS - ACTI'VOICE\"},{\"@type\":\"BreadcrumbList\",\"@id\":\"https:\/\/newsestlyonnais.fr\/site\/2017\/06\/02\/genas-activoice-cest-finale-soir\/#breadcrumb\",\"itemListElement\":[{\"@type\":\"ListItem\",\"position\":1,\"name\":\"Accueil\",\"item\":\"https:\/\/newsestlyonnais.fr\/site\/\"},{\"@type\":\"ListItem\",\"position\":2,\"name\":\"GENAS | ACTI&rsquo;VOICE > c&rsquo;est la finale ce soir !\"}]},{\"@type\":\"WebSite\",\"@id\":\"https:\/\/newsestlyonnais.fr\/site\/#website\",\"url\":\"https:\/\/newsestlyonnais.fr\/site\/\",\"name\":\"News Est Lyonnais\",\"description\":\"L&#039;actualit\u00e9 au plus pr\u00e8s\",\"publisher\":{\"@id\":\"https:\/\/newsestlyonnais.fr\/site\/#organization\"},\"potentialAction\":[{\"@type\":\"SearchAction\",\"target\":{\"@type\":\"EntryPoint\",\"urlTemplate\":\"https:\/\/newsestlyonnais.fr\/site\/?s={search_term_string}\"},\"query-input\":{\"@type\":\"PropertyValueSpecification\",\"valueRequired\":true,\"valueName\":\"search_term_string\"}}],\"inLanguage\":\"fr-FR\"},{\"@type\":\"Organization\",\"@id\":\"https:\/\/newsestlyonnais.fr\/site\/#organization\",\"name\":\"News EST LYONNAIS\",\"url\":\"https:\/\/newsestlyonnais.fr\/site\/\",\"logo\":{\"@type\":\"ImageObject\",\"inLanguage\":\"fr-FR\",\"@id\":\"https:\/\/newsestlyonnais.fr\/site\/#\/schema\/logo\/image\/\",\"url\":\"\",\"contentUrl\":\"\",\"caption\":\"News EST LYONNAIS\"},\"image\":{\"@id\":\"https:\/\/newsestlyonnais.fr\/site\/#\/schema\/logo\/image\/\"}},{\"@type\":\"Person\",\"@id\":\"https:\/\/newsestlyonnais.fr\/site\/#\/schema\/person\/3230d5615f390bb808365d673001e887\",\"name\":\"R\u00e9dac. NEWS\",\"sameAs\":[\"http:\/\/www.newsestlyonnais.fr\",\"https:\/\/www.facebook.com\/pascal.oberson.1?fref=ts\",\"https:\/\/fr.linkedin.com\/in\/pascal-oberson-b17045113\"],\"url\":\"https:\/\/newsestlyonnais.fr\/site\/author\/nel\/\"}]}<\/script>\n<!-- \/ Yoast SEO plugin. -->","yoast_head_json":{"title":"GENAS : ACTI'VOICE: c'est la finale ce soir !","description":"GENAS : ACTI'VOICE: c'est la finale ce soir !","robots":{"index":"index","follow":"follow","max-snippet":"max-snippet:-1","max-image-preview":"max-image-preview:large","max-video-preview":"max-video-preview:-1"},"canonical":"https:\/\/newsestlyonnais.fr\/site\/2017\/06\/02\/genas-activoice-cest-finale-soir\/","og_locale":"fr_FR","og_type":"article","og_title":"GENAS : ACTI'VOICE: c'est la finale ce soir !","og_description":"GENAS : ACTI'VOICE: c'est la finale ce soir !","og_url":"https:\/\/newsestlyonnais.fr\/site\/2017\/06\/02\/genas-activoice-cest-finale-soir\/","og_site_name":"News Est Lyonnais","article_author":"https:\/\/www.facebook.com\/pascal.oberson.1?fref=ts","article_published_time":"2017-06-02T05:57:34+00:00","article_modified_time":"2020-11-09T04:58:45+00:00","og_image":[{"width":1000,"height":750,"url":"https:\/\/i1.wp.com\/newsestlyonnais.fr\/site\/wp-content\/uploads\/2017\/06\/NEWSESTLYONNAIS-ACTIVOICE.jpg?fit=1000%2C750&ssl=1","type":"image\/jpeg"}],"author":"R\u00e9dac. NEWS","twitter_card":"summary_large_image","twitter_misc":{"\u00c9crit par":"R\u00e9dac. NEWS","Dur\u00e9e de lecture estim\u00e9e":"1 minute"},"schema":{"@context":"https:\/\/schema.org","@graph":[{"@type":"Article","@id":"https:\/\/newsestlyonnais.fr\/site\/2017\/06\/02\/genas-activoice-cest-finale-soir\/#article","isPartOf":{"@id":"https:\/\/newsestlyonnais.fr\/site\/2017\/06\/02\/genas-activoice-cest-finale-soir\/"},"author":{"name":"R\u00e9dac. NEWS","@id":"https:\/\/newsestlyonnais.fr\/site\/#\/schema\/person\/3230d5615f390bb808365d673001e887"},"headline":"GENAS | ACTI&rsquo;VOICE > c&rsquo;est la finale ce soir !","datePublished":"2017-06-02T05:57:34+00:00","dateModified":"2020-11-09T04:58:45+00:00","mainEntityOfPage":{"@id":"https:\/\/newsestlyonnais.fr\/site\/2017\/06\/02\/genas-activoice-cest-finale-soir\/"},"wordCount":131,"commentCount":0,"publisher":{"@id":"https:\/\/newsestlyonnais.fr\/site\/#organization"},"image":{"@id":"https:\/\/newsestlyonnais.fr\/site\/2017\/06\/02\/genas-activoice-cest-finale-soir\/#primaryimage"},"thumbnailUrl":"https:\/\/newsestlyonnais.fr\/site\/wp-content\/uploads\/2017\/06\/NEWSESTLYONNAIS-ACTIVOICE.jpg","articleSection":["CCEL | Communes","Genas","Mode | Spectacle","Musique | Danse | Humour"],"inLanguage":"fr-FR","potentialAction":[{"@type":"CommentAction","name":"Comment","target":["https:\/\/newsestlyonnais.fr\/site\/2017\/06\/02\/genas-activoice-cest-finale-soir\/#respond"]}]},{"@type":"WebPage","@id":"https:\/\/newsestlyonnais.fr\/site\/2017\/06\/02\/genas-activoice-cest-finale-soir\/","url":"https:\/\/newsestlyonnais.fr\/site\/2017\/06\/02\/genas-activoice-cest-finale-soir\/","name":"GENAS : ACTI'VOICE: c'est la finale ce soir !","isPartOf":{"@id":"https:\/\/newsestlyonnais.fr\/site\/#website"},"primaryImageOfPage":{"@id":"https:\/\/newsestlyonnais.fr\/site\/2017\/06\/02\/genas-activoice-cest-finale-soir\/#primaryimage"},"image":{"@id":"https:\/\/newsestlyonnais.fr\/site\/2017\/06\/02\/genas-activoice-cest-finale-soir\/#primaryimage"},"thumbnailUrl":"https:\/\/newsestlyonnais.fr\/site\/wp-content\/uploads\/2017\/06\/NEWSESTLYONNAIS-ACTIVOICE.jpg","datePublished":"2017-06-02T05:57:34+00:00","dateModified":"2020-11-09T04:58:45+00:00","description":"GENAS : ACTI'VOICE: c'est la finale ce soir !","breadcrumb":{"@id":"https:\/\/newsestlyonnais.fr\/site\/2017\/06\/02\/genas-activoice-cest-finale-soir\/#breadcrumb"},"inLanguage":"fr-FR","potentialAction":[{"@type":"ReadAction","target":["https:\/\/newsestlyonnais.fr\/site\/2017\/06\/02\/genas-activoice-cest-finale-soir\/"]}]},{"@type":"ImageObject","inLanguage":"fr-FR","@id":"https:\/\/newsestlyonnais.fr\/site\/2017\/06\/02\/genas-activoice-cest-finale-soir\/#primaryimage","url":"https:\/\/newsestlyonnais.fr\/site\/wp-content\/uploads\/2017\/06\/NEWSESTLYONNAIS-ACTIVOICE.jpg","contentUrl":"https:\/\/newsestlyonnais.fr\/site\/wp-content\/uploads\/2017\/06\/NEWSESTLYONNAIS-ACTIVOICE.jpg","width":1000,"height":750,"caption":"NEWSESTLYONNAIS - ACTI'VOICE"},{"@type":"BreadcrumbList","@id":"https:\/\/newsestlyonnais.fr\/site\/2017\/06\/02\/genas-activoice-cest-finale-soir\/#breadcrumb","itemListElement":[{"@type":"ListItem","position":1,"name":"Accueil","item":"https:\/\/newsestlyonnais.fr\/site\/"},{"@type":"ListItem","position":2,"name":"GENAS | ACTI&rsquo;VOICE > c&rsquo;est la finale ce soir !"}]},{"@type":"WebSite","@id":"https:\/\/newsestlyonnais.fr\/site\/#website","url":"https:\/\/newsestlyonnais.fr\/site\/","name":"News Est Lyonnais","description":"L&#039;actualit\u00e9 au plus pr\u00e8s","publisher":{"@id":"https:\/\/newsestlyonnais.fr\/site\/#organization"},"potentialAction":[{"@type":"SearchAction","target":{"@type":"EntryPoint","urlTemplate":"https:\/\/newsestlyonnais.fr\/site\/?s={search_term_string}"},"query-input":{"@type":"PropertyValueSpecification","valueRequired":true,"valueName":"search_term_string"}}],"inLanguage":"fr-FR"},{"@type":"Organization","@id":"https:\/\/newsestlyonnais.fr\/site\/#organization","name":"News EST LYONNAIS","url":"https:\/\/newsestlyonnais.fr\/site\/","logo":{"@type":"ImageObject","inLanguage":"fr-FR","@id":"https:\/\/newsestlyonnais.fr\/site\/#\/schema\/logo\/image\/","url":"","contentUrl":"","caption":"News EST LYONNAIS"},"image":{"@id":"https:\/\/newsestlyonnais.fr\/site\/#\/schema\/logo\/image\/"}},{"@type":"Person","@id":"https:\/\/newsestlyonnais.fr\/site\/#\/schema\/person\/3230d5615f390bb808365d673001e887","name":"R\u00e9dac. NEWS","sameAs":["http:\/\/www.newsestlyonnais.fr","https:\/\/www.facebook.com\/pascal.oberson.1?fref=ts","https:\/\/fr.linkedin.com\/in\/pascal-oberson-b17045113"],"url":"https:\/\/newsestlyonnais.fr\/site\/author\/nel\/"}]}},"_links":{"self":[{"href":"https:\/\/newsestlyonnais.fr\/site\/wp-json\/wp\/v2\/posts\/28116","targetHints":{"allow":["GET"]}}],"collection":[{"href":"https:\/\/newsestlyonnais.fr\/site\/wp-json\/wp\/v2\/posts"}],"about":[{"href":"https:\/\/newsestlyonnais.fr\/site\/wp-json\/wp\/v2\/types\/post"}],"author":[{"embeddable":true,"href":"https:\/\/newsestlyonnais.fr\/site\/wp-json\/wp\/v2\/users\/4"}],"replies":[{"embeddable":true,"href":"https:\/\/newsestlyonnais.fr\/site\/wp-json\/wp\/v2\/comments?post=28116"}],"version-history":[{"count":0,"href":"https:\/\/newsestlyonnais.fr\/site\/wp-json\/wp\/v2\/posts\/28116\/revisions"}],"wp:featuredmedia":[{"embeddable":true,"href":"https:\/\/newsestlyonnais.fr\/site\/wp-json\/wp\/v2\/media\/28115"}],"wp:attachment":[{"href":"https:\/\/newsestlyonnais.fr\/site\/wp-json\/wp\/v2\/media?parent=28116"}],"wp:term":[{"taxonomy":"category","embeddable":true,"href":"https:\/\/newsestlyonnais.fr\/site\/wp-json\/wp\/v2\/categories?post=28116"},{"taxonomy":"post_tag","embeddable":true,"href":"https:\/\/newsestlyonnais.fr\/site\/wp-json\/wp\/v2\/tags?post=28116"}],"curies":[{"name":"wp","href":"https:\/\/api.w.org\/{rel}","templated":true}]}}