{"id":28133,"date":"2017-06-02T13:57:00","date_gmt":"2017-06-02T12:57:00","guid":{"rendered":"http:\/\/newsestlyonnais.fr\/site\/?p=28133"},"modified":"2020-11-30T09:17:46","modified_gmt":"2020-11-30T08:17:46","slug":"lus-meyzieu-foot-deuil-deces-de-presidente-monique-deschamps","status":"publish","type":"post","link":"https:\/\/newsestlyonnais.fr\/site\/2017\/06\/02\/lus-meyzieu-foot-deuil-deces-de-presidente-monique-deschamps\/","title":{"rendered":"L&rsquo;US Meyzieu Foot est en deuil suite au d\u00e9c\u00e8s de sa pr\u00e9sidente Monique Deschamps"},"content":{"rendered":"<h4>Bien triste nouvelle en cette fin de saison pour le club de l&rsquo;US Meyzieu Football avec le d\u00e9c\u00e8s subit mercredi de sa pr\u00e9sidente Monique Deschamps.<\/h4>\n<p>Tr\u00e8s appr\u00e9ci\u00e9e sur la commune et dans le milieu du foot r\u00e9gional pour ses qualit\u00e9s humaines, elle s&rsquo;\u00e9tait beaucoup investie dans ses fonctions, avec une pr\u00e9sence quasi quotidienne au stade des Servizi\u00e8res.<\/p>\n<p>Pr\u00e9sidente du club majolan depuis 2004, elle \u00e9tait \u00e9galement membre du comit\u00e9 directeur du district du Rh\u00f4ne depuis 2012.<\/p>\n<div class=\"copy-paste-block\">\n<p><em><strong>NOTA<\/strong><\/em> : Ses obs\u00e8ques auront lieu le mercredi 7 juin 2017 \u00e0 10 heures \u00e0 l&rsquo;\u00e9glise de Meyzieu.<\/p>\n<\/div>\n<p><img loading=\"lazy\" decoding=\"async\" class=\"wp-image-28135 size-full\" src=\"https:\/\/newsestlyonnais.fr\/site\/medias\/2017\/06\/NEWSESTLYONNAIS-70-ANS-MONIQUE-LE-16-MAI-2015-22.jpg\" alt=\"NEWSESTLYONNAIS 70 ANS MONIQUE LE 16 MAI 2015 (22)\" width=\"1000\" height=\"750\" srcset=\"https:\/\/newsestlyonnais.fr\/site\/wp-content\/uploads\/2017\/06\/NEWSESTLYONNAIS-70-ANS-MONIQUE-LE-16-MAI-2015-22.jpg 1000w, https:\/\/newsestlyonnais.fr\/site\/wp-content\/uploads\/2017\/06\/NEWSESTLYONNAIS-70-ANS-MONIQUE-LE-16-MAI-2015-22-400x300.jpg 400w, https:\/\/newsestlyonnais.fr\/site\/wp-content\/uploads\/2017\/06\/NEWSESTLYONNAIS-70-ANS-MONIQUE-LE-16-MAI-2015-22-768x576.jpg 768w, https:\/\/newsestlyonnais.fr\/site\/wp-content\/uploads\/2017\/06\/NEWSESTLYONNAIS-70-ANS-MONIQUE-LE-16-MAI-2015-22-600x450.jpg 600w, https:\/\/newsestlyonnais.fr\/site\/wp-content\/uploads\/2017\/06\/NEWSESTLYONNAIS-70-ANS-MONIQUE-LE-16-MAI-2015-22-100x75.jpg 100w\" sizes=\"auto, (max-width: 1000px) 100vw, 1000px\" \/><\/p>\n<p>Monique Deschamps avait f\u00eat\u00e9 ses 70 ans au club en mai 2015<\/p>\n","protected":false},"excerpt":{"rendered":"<p>Bien triste nouvelle en cette fin de saison pour le club de l&rsquo;US Meyzieu Football avec le d\u00e9c\u00e8s subit mercredi de sa pr\u00e9sidente Monique Deschamps. Tr\u00e8s appr\u00e9ci\u00e9e sur la commune et dans le milieu du foot r\u00e9gional pour ses qualit\u00e9s humaines, elle s&rsquo;\u00e9tait beaucoup investie dans ses fonctions, avec une pr\u00e9sence quasi quotidienne au stade [&hellip;]<\/p>\n","protected":false},"author":4,"featured_media":0,"comment_status":"open","ping_status":"open","sticky":false,"template":"","format":"standard","meta":{"footnotes":""},"categories":[3421,1329,2996,3454,24],"tags":[],"class_list":["post-28133","post","type-post","status-publish","format-standard","hentry","category-feminin-actu-au","category-foot","category-football-rugby","category-ils-nous-ont-quittes","category-meyzieu"],"yoast_head":"<!-- This site is optimized with the Yoast SEO plugin v27.2 - https:\/\/yoast.com\/product\/yoast-seo-wordpress\/ -->\n<title>L&#039;US Meyzieu Foot est en deuil avec le d\u00e9c\u00e8s de sa pr\u00e9sidente Monique Deschamps<\/title>\n<meta name=\"description\" content=\"L&#039;US Meyzieu Foot est en deuil avec le d\u00e9c\u00e8s de sa pr\u00e9sidente Monique Deschamps\" \/>\n<meta name=\"robots\" content=\"index, follow, max-snippet:-1, max-image-preview:large, max-video-preview:-1\" \/>\n<link rel=\"canonical\" href=\"https:\/\/newsestlyonnais.fr\/site\/2017\/06\/02\/lus-meyzieu-foot-deuil-deces-de-presidente-monique-deschamps\/\" \/>\n<meta property=\"og:locale\" content=\"fr_FR\" \/>\n<meta property=\"og:type\" content=\"article\" \/>\n<meta property=\"og:title\" content=\"L&#039;US Meyzieu Foot est en deuil avec le d\u00e9c\u00e8s de sa pr\u00e9sidente Monique Deschamps\" \/>\n<meta property=\"og:description\" content=\"L&#039;US Meyzieu Foot est en deuil avec le d\u00e9c\u00e8s de sa pr\u00e9sidente Monique Deschamps\" \/>\n<meta property=\"og:url\" content=\"https:\/\/newsestlyonnais.fr\/site\/2017\/06\/02\/lus-meyzieu-foot-deuil-deces-de-presidente-monique-deschamps\/\" \/>\n<meta property=\"og:site_name\" content=\"News Est Lyonnais\" \/>\n<meta property=\"article:author\" content=\"https:\/\/www.facebook.com\/pascal.oberson.1?fref=ts\" \/>\n<meta property=\"article:published_time\" content=\"2017-06-02T12:57:00+00:00\" \/>\n<meta property=\"article:modified_time\" content=\"2020-11-30T08:17:46+00:00\" \/>\n<meta property=\"og:image\" content=\"https:\/\/newsestlyonnais.fr\/site\/medias\/2017\/06\/NEWSESTLYONNAIS-70-ANS-MONIQUE-LE-16-MAI-2015-22.jpg\" \/>\n<meta name=\"author\" content=\"R\u00e9dac. NEWS\" \/>\n<meta name=\"twitter:card\" content=\"summary_large_image\" \/>\n<meta name=\"twitter:label1\" content=\"\u00c9crit par\" \/>\n\t<meta name=\"twitter:data1\" content=\"R\u00e9dac. NEWS\" \/>\n\t<meta name=\"twitter:label2\" content=\"Dur\u00e9e de lecture estim\u00e9e\" \/>\n\t<meta name=\"twitter:data2\" content=\"1 minute\" \/>\n<script type=\"application\/ld+json\" class=\"yoast-schema-graph\">{\"@context\":\"https:\/\/schema.org\",\"@graph\":[{\"@type\":\"Article\",\"@id\":\"https:\/\/newsestlyonnais.fr\/site\/2017\/06\/02\/lus-meyzieu-foot-deuil-deces-de-presidente-monique-deschamps\/#article\",\"isPartOf\":{\"@id\":\"https:\/\/newsestlyonnais.fr\/site\/2017\/06\/02\/lus-meyzieu-foot-deuil-deces-de-presidente-monique-deschamps\/\"},\"author\":{\"name\":\"R\u00e9dac. NEWS\",\"@id\":\"https:\/\/newsestlyonnais.fr\/site\/#\/schema\/person\/3230d5615f390bb808365d673001e887\"},\"headline\":\"L&rsquo;US Meyzieu Foot est en deuil suite au d\u00e9c\u00e8s de sa pr\u00e9sidente Monique Deschamps\",\"datePublished\":\"2017-06-02T12:57:00+00:00\",\"dateModified\":\"2020-11-30T08:17:46+00:00\",\"mainEntityOfPage\":{\"@id\":\"https:\/\/newsestlyonnais.fr\/site\/2017\/06\/02\/lus-meyzieu-foot-deuil-deces-de-presidente-monique-deschamps\/\"},\"wordCount\":131,\"commentCount\":0,\"publisher\":{\"@id\":\"https:\/\/newsestlyonnais.fr\/site\/#organization\"},\"image\":{\"@id\":\"https:\/\/newsestlyonnais.fr\/site\/2017\/06\/02\/lus-meyzieu-foot-deuil-deces-de-presidente-monique-deschamps\/#primaryimage\"},\"thumbnailUrl\":\"https:\/\/newsestlyonnais.fr\/site\/medias\/2017\/06\/NEWSESTLYONNAIS-70-ANS-MONIQUE-LE-16-MAI-2015-22.jpg\",\"articleSection\":[\"F\u00e9minin (Actu au)\",\"Foot | Futsal\",\"Foot | Rugby\",\"Ils nous ont quitt\u00e9s !\",\"Meyzieu\"],\"inLanguage\":\"fr-FR\",\"potentialAction\":[{\"@type\":\"CommentAction\",\"name\":\"Comment\",\"target\":[\"https:\/\/newsestlyonnais.fr\/site\/2017\/06\/02\/lus-meyzieu-foot-deuil-deces-de-presidente-monique-deschamps\/#respond\"]}]},{\"@type\":\"WebPage\",\"@id\":\"https:\/\/newsestlyonnais.fr\/site\/2017\/06\/02\/lus-meyzieu-foot-deuil-deces-de-presidente-monique-deschamps\/\",\"url\":\"https:\/\/newsestlyonnais.fr\/site\/2017\/06\/02\/lus-meyzieu-foot-deuil-deces-de-presidente-monique-deschamps\/\",\"name\":\"L'US Meyzieu Foot est en deuil avec le d\u00e9c\u00e8s de sa pr\u00e9sidente Monique Deschamps\",\"isPartOf\":{\"@id\":\"https:\/\/newsestlyonnais.fr\/site\/#website\"},\"primaryImageOfPage\":{\"@id\":\"https:\/\/newsestlyonnais.fr\/site\/2017\/06\/02\/lus-meyzieu-foot-deuil-deces-de-presidente-monique-deschamps\/#primaryimage\"},\"image\":{\"@id\":\"https:\/\/newsestlyonnais.fr\/site\/2017\/06\/02\/lus-meyzieu-foot-deuil-deces-de-presidente-monique-deschamps\/#primaryimage\"},\"thumbnailUrl\":\"https:\/\/newsestlyonnais.fr\/site\/medias\/2017\/06\/NEWSESTLYONNAIS-70-ANS-MONIQUE-LE-16-MAI-2015-22.jpg\",\"datePublished\":\"2017-06-02T12:57:00+00:00\",\"dateModified\":\"2020-11-30T08:17:46+00:00\",\"description\":\"L'US Meyzieu Foot est en deuil avec le d\u00e9c\u00e8s de sa pr\u00e9sidente Monique Deschamps\",\"breadcrumb\":{\"@id\":\"https:\/\/newsestlyonnais.fr\/site\/2017\/06\/02\/lus-meyzieu-foot-deuil-deces-de-presidente-monique-deschamps\/#breadcrumb\"},\"inLanguage\":\"fr-FR\",\"potentialAction\":[{\"@type\":\"ReadAction\",\"target\":[\"https:\/\/newsestlyonnais.fr\/site\/2017\/06\/02\/lus-meyzieu-foot-deuil-deces-de-presidente-monique-deschamps\/\"]}]},{\"@type\":\"ImageObject\",\"inLanguage\":\"fr-FR\",\"@id\":\"https:\/\/newsestlyonnais.fr\/site\/2017\/06\/02\/lus-meyzieu-foot-deuil-deces-de-presidente-monique-deschamps\/#primaryimage\",\"url\":\"https:\/\/newsestlyonnais.fr\/site\/medias\/2017\/06\/NEWSESTLYONNAIS-70-ANS-MONIQUE-LE-16-MAI-2015-22.jpg\",\"contentUrl\":\"https:\/\/newsestlyonnais.fr\/site\/medias\/2017\/06\/NEWSESTLYONNAIS-70-ANS-MONIQUE-LE-16-MAI-2015-22.jpg\"},{\"@type\":\"BreadcrumbList\",\"@id\":\"https:\/\/newsestlyonnais.fr\/site\/2017\/06\/02\/lus-meyzieu-foot-deuil-deces-de-presidente-monique-deschamps\/#breadcrumb\",\"itemListElement\":[{\"@type\":\"ListItem\",\"position\":1,\"name\":\"Accueil\",\"item\":\"https:\/\/newsestlyonnais.fr\/site\/\"},{\"@type\":\"ListItem\",\"position\":2,\"name\":\"L&rsquo;US Meyzieu Foot est en deuil suite au d\u00e9c\u00e8s de sa pr\u00e9sidente Monique Deschamps\"}]},{\"@type\":\"WebSite\",\"@id\":\"https:\/\/newsestlyonnais.fr\/site\/#website\",\"url\":\"https:\/\/newsestlyonnais.fr\/site\/\",\"name\":\"News Est Lyonnais\",\"description\":\"L&#039;actualit\u00e9 au plus pr\u00e8s\",\"publisher\":{\"@id\":\"https:\/\/newsestlyonnais.fr\/site\/#organization\"},\"potentialAction\":[{\"@type\":\"SearchAction\",\"target\":{\"@type\":\"EntryPoint\",\"urlTemplate\":\"https:\/\/newsestlyonnais.fr\/site\/?s={search_term_string}\"},\"query-input\":{\"@type\":\"PropertyValueSpecification\",\"valueRequired\":true,\"valueName\":\"search_term_string\"}}],\"inLanguage\":\"fr-FR\"},{\"@type\":\"Organization\",\"@id\":\"https:\/\/newsestlyonnais.fr\/site\/#organization\",\"name\":\"News EST LYONNAIS\",\"url\":\"https:\/\/newsestlyonnais.fr\/site\/\",\"logo\":{\"@type\":\"ImageObject\",\"inLanguage\":\"fr-FR\",\"@id\":\"https:\/\/newsestlyonnais.fr\/site\/#\/schema\/logo\/image\/\",\"url\":\"\",\"contentUrl\":\"\",\"caption\":\"News EST LYONNAIS\"},\"image\":{\"@id\":\"https:\/\/newsestlyonnais.fr\/site\/#\/schema\/logo\/image\/\"}},{\"@type\":\"Person\",\"@id\":\"https:\/\/newsestlyonnais.fr\/site\/#\/schema\/person\/3230d5615f390bb808365d673001e887\",\"name\":\"R\u00e9dac. NEWS\",\"sameAs\":[\"http:\/\/www.newsestlyonnais.fr\",\"https:\/\/www.facebook.com\/pascal.oberson.1?fref=ts\",\"https:\/\/fr.linkedin.com\/in\/pascal-oberson-b17045113\"],\"url\":\"https:\/\/newsestlyonnais.fr\/site\/author\/nel\/\"}]}<\/script>\n<!-- \/ Yoast SEO plugin. -->","yoast_head_json":{"title":"L'US Meyzieu Foot est en deuil avec le d\u00e9c\u00e8s de sa pr\u00e9sidente Monique Deschamps","description":"L'US Meyzieu Foot est en deuil avec le d\u00e9c\u00e8s de sa pr\u00e9sidente Monique Deschamps","robots":{"index":"index","follow":"follow","max-snippet":"max-snippet:-1","max-image-preview":"max-image-preview:large","max-video-preview":"max-video-preview:-1"},"canonical":"https:\/\/newsestlyonnais.fr\/site\/2017\/06\/02\/lus-meyzieu-foot-deuil-deces-de-presidente-monique-deschamps\/","og_locale":"fr_FR","og_type":"article","og_title":"L'US Meyzieu Foot est en deuil avec le d\u00e9c\u00e8s de sa pr\u00e9sidente Monique Deschamps","og_description":"L'US Meyzieu Foot est en deuil avec le d\u00e9c\u00e8s de sa pr\u00e9sidente Monique Deschamps","og_url":"https:\/\/newsestlyonnais.fr\/site\/2017\/06\/02\/lus-meyzieu-foot-deuil-deces-de-presidente-monique-deschamps\/","og_site_name":"News Est Lyonnais","article_author":"https:\/\/www.facebook.com\/pascal.oberson.1?fref=ts","article_published_time":"2017-06-02T12:57:00+00:00","article_modified_time":"2020-11-30T08:17:46+00:00","og_image":[{"url":"https:\/\/newsestlyonnais.fr\/site\/medias\/2017\/06\/NEWSESTLYONNAIS-70-ANS-MONIQUE-LE-16-MAI-2015-22.jpg","type":"","width":"","height":""}],"author":"R\u00e9dac. NEWS","twitter_card":"summary_large_image","twitter_misc":{"\u00c9crit par":"R\u00e9dac. NEWS","Dur\u00e9e de lecture estim\u00e9e":"1 minute"},"schema":{"@context":"https:\/\/schema.org","@graph":[{"@type":"Article","@id":"https:\/\/newsestlyonnais.fr\/site\/2017\/06\/02\/lus-meyzieu-foot-deuil-deces-de-presidente-monique-deschamps\/#article","isPartOf":{"@id":"https:\/\/newsestlyonnais.fr\/site\/2017\/06\/02\/lus-meyzieu-foot-deuil-deces-de-presidente-monique-deschamps\/"},"author":{"name":"R\u00e9dac. NEWS","@id":"https:\/\/newsestlyonnais.fr\/site\/#\/schema\/person\/3230d5615f390bb808365d673001e887"},"headline":"L&rsquo;US Meyzieu Foot est en deuil suite au d\u00e9c\u00e8s de sa pr\u00e9sidente Monique Deschamps","datePublished":"2017-06-02T12:57:00+00:00","dateModified":"2020-11-30T08:17:46+00:00","mainEntityOfPage":{"@id":"https:\/\/newsestlyonnais.fr\/site\/2017\/06\/02\/lus-meyzieu-foot-deuil-deces-de-presidente-monique-deschamps\/"},"wordCount":131,"commentCount":0,"publisher":{"@id":"https:\/\/newsestlyonnais.fr\/site\/#organization"},"image":{"@id":"https:\/\/newsestlyonnais.fr\/site\/2017\/06\/02\/lus-meyzieu-foot-deuil-deces-de-presidente-monique-deschamps\/#primaryimage"},"thumbnailUrl":"https:\/\/newsestlyonnais.fr\/site\/medias\/2017\/06\/NEWSESTLYONNAIS-70-ANS-MONIQUE-LE-16-MAI-2015-22.jpg","articleSection":["F\u00e9minin (Actu au)","Foot | Futsal","Foot | Rugby","Ils nous ont quitt\u00e9s !","Meyzieu"],"inLanguage":"fr-FR","potentialAction":[{"@type":"CommentAction","name":"Comment","target":["https:\/\/newsestlyonnais.fr\/site\/2017\/06\/02\/lus-meyzieu-foot-deuil-deces-de-presidente-monique-deschamps\/#respond"]}]},{"@type":"WebPage","@id":"https:\/\/newsestlyonnais.fr\/site\/2017\/06\/02\/lus-meyzieu-foot-deuil-deces-de-presidente-monique-deschamps\/","url":"https:\/\/newsestlyonnais.fr\/site\/2017\/06\/02\/lus-meyzieu-foot-deuil-deces-de-presidente-monique-deschamps\/","name":"L'US Meyzieu Foot est en deuil avec le d\u00e9c\u00e8s de sa pr\u00e9sidente Monique Deschamps","isPartOf":{"@id":"https:\/\/newsestlyonnais.fr\/site\/#website"},"primaryImageOfPage":{"@id":"https:\/\/newsestlyonnais.fr\/site\/2017\/06\/02\/lus-meyzieu-foot-deuil-deces-de-presidente-monique-deschamps\/#primaryimage"},"image":{"@id":"https:\/\/newsestlyonnais.fr\/site\/2017\/06\/02\/lus-meyzieu-foot-deuil-deces-de-presidente-monique-deschamps\/#primaryimage"},"thumbnailUrl":"https:\/\/newsestlyonnais.fr\/site\/medias\/2017\/06\/NEWSESTLYONNAIS-70-ANS-MONIQUE-LE-16-MAI-2015-22.jpg","datePublished":"2017-06-02T12:57:00+00:00","dateModified":"2020-11-30T08:17:46+00:00","description":"L'US Meyzieu Foot est en deuil avec le d\u00e9c\u00e8s de sa pr\u00e9sidente Monique Deschamps","breadcrumb":{"@id":"https:\/\/newsestlyonnais.fr\/site\/2017\/06\/02\/lus-meyzieu-foot-deuil-deces-de-presidente-monique-deschamps\/#breadcrumb"},"inLanguage":"fr-FR","potentialAction":[{"@type":"ReadAction","target":["https:\/\/newsestlyonnais.fr\/site\/2017\/06\/02\/lus-meyzieu-foot-deuil-deces-de-presidente-monique-deschamps\/"]}]},{"@type":"ImageObject","inLanguage":"fr-FR","@id":"https:\/\/newsestlyonnais.fr\/site\/2017\/06\/02\/lus-meyzieu-foot-deuil-deces-de-presidente-monique-deschamps\/#primaryimage","url":"https:\/\/newsestlyonnais.fr\/site\/medias\/2017\/06\/NEWSESTLYONNAIS-70-ANS-MONIQUE-LE-16-MAI-2015-22.jpg","contentUrl":"https:\/\/newsestlyonnais.fr\/site\/medias\/2017\/06\/NEWSESTLYONNAIS-70-ANS-MONIQUE-LE-16-MAI-2015-22.jpg"},{"@type":"BreadcrumbList","@id":"https:\/\/newsestlyonnais.fr\/site\/2017\/06\/02\/lus-meyzieu-foot-deuil-deces-de-presidente-monique-deschamps\/#breadcrumb","itemListElement":[{"@type":"ListItem","position":1,"name":"Accueil","item":"https:\/\/newsestlyonnais.fr\/site\/"},{"@type":"ListItem","position":2,"name":"L&rsquo;US Meyzieu Foot est en deuil suite au d\u00e9c\u00e8s de sa pr\u00e9sidente Monique Deschamps"}]},{"@type":"WebSite","@id":"https:\/\/newsestlyonnais.fr\/site\/#website","url":"https:\/\/newsestlyonnais.fr\/site\/","name":"News Est Lyonnais","description":"L&#039;actualit\u00e9 au plus pr\u00e8s","publisher":{"@id":"https:\/\/newsestlyonnais.fr\/site\/#organization"},"potentialAction":[{"@type":"SearchAction","target":{"@type":"EntryPoint","urlTemplate":"https:\/\/newsestlyonnais.fr\/site\/?s={search_term_string}"},"query-input":{"@type":"PropertyValueSpecification","valueRequired":true,"valueName":"search_term_string"}}],"inLanguage":"fr-FR"},{"@type":"Organization","@id":"https:\/\/newsestlyonnais.fr\/site\/#organization","name":"News EST LYONNAIS","url":"https:\/\/newsestlyonnais.fr\/site\/","logo":{"@type":"ImageObject","inLanguage":"fr-FR","@id":"https:\/\/newsestlyonnais.fr\/site\/#\/schema\/logo\/image\/","url":"","contentUrl":"","caption":"News EST LYONNAIS"},"image":{"@id":"https:\/\/newsestlyonnais.fr\/site\/#\/schema\/logo\/image\/"}},{"@type":"Person","@id":"https:\/\/newsestlyonnais.fr\/site\/#\/schema\/person\/3230d5615f390bb808365d673001e887","name":"R\u00e9dac. NEWS","sameAs":["http:\/\/www.newsestlyonnais.fr","https:\/\/www.facebook.com\/pascal.oberson.1?fref=ts","https:\/\/fr.linkedin.com\/in\/pascal-oberson-b17045113"],"url":"https:\/\/newsestlyonnais.fr\/site\/author\/nel\/"}]}},"_links":{"self":[{"href":"https:\/\/newsestlyonnais.fr\/site\/wp-json\/wp\/v2\/posts\/28133","targetHints":{"allow":["GET"]}}],"collection":[{"href":"https:\/\/newsestlyonnais.fr\/site\/wp-json\/wp\/v2\/posts"}],"about":[{"href":"https:\/\/newsestlyonnais.fr\/site\/wp-json\/wp\/v2\/types\/post"}],"author":[{"embeddable":true,"href":"https:\/\/newsestlyonnais.fr\/site\/wp-json\/wp\/v2\/users\/4"}],"replies":[{"embeddable":true,"href":"https:\/\/newsestlyonnais.fr\/site\/wp-json\/wp\/v2\/comments?post=28133"}],"version-history":[{"count":0,"href":"https:\/\/newsestlyonnais.fr\/site\/wp-json\/wp\/v2\/posts\/28133\/revisions"}],"wp:attachment":[{"href":"https:\/\/newsestlyonnais.fr\/site\/wp-json\/wp\/v2\/media?parent=28133"}],"wp:term":[{"taxonomy":"category","embeddable":true,"href":"https:\/\/newsestlyonnais.fr\/site\/wp-json\/wp\/v2\/categories?post=28133"},{"taxonomy":"post_tag","embeddable":true,"href":"https:\/\/newsestlyonnais.fr\/site\/wp-json\/wp\/v2\/tags?post=28133"}],"curies":[{"name":"wp","href":"https:\/\/api.w.org\/{rel}","templated":true}]}}