{"id":28152,"date":"2017-06-03T06:56:47","date_gmt":"2017-06-03T05:56:47","guid":{"rendered":"http:\/\/newsestlyonnais.fr\/site\/?p=28152"},"modified":"2020-11-09T05:58:07","modified_gmt":"2020-11-09T04:58:07","slug":"genas-la-jeune-eva-labessede-remporte-le-concours-activoice","status":"publish","type":"post","link":"https:\/\/newsestlyonnais.fr\/site\/2017\/06\/03\/genas-la-jeune-eva-labessede-remporte-le-concours-activoice\/","title":{"rendered":"GENAS | La jeune Eva Labessede remporte le concours Acti&rsquo;Voice !"},"content":{"rendered":"<h4>C&rsquo;est finalement \u00e0 l&rsquo;issue d&rsquo;un long d\u00e9lib\u00e9r\u00e9 des 8 membres du jury pr\u00e9sid\u00e9 par le chanteur Mickael Jones que l&rsquo;une des 2 plus jeunes finalistes a remport\u00e9 ce 1\u00b0 concours de chant organis\u00e9 vendredi soir au Bowling de Genas par l&rsquo;association des commer\u00e7ants ACtiv&rsquo;Genas.<\/h4>\n<p>La genassienne Eva Labessede (13 ans) a en effet enthousiasm\u00e9 les nombreux spectateurs et obtenu les faveurs d&rsquo;un jury de sp\u00e9cialistes. Elle se verra offrir son lot (un ch\u00e8que de 1.000 \u20ac) le samedi 17 juin sur la place d&rsquo;Azieu, \u00e0 l&rsquo;issue d&rsquo;un concert.<\/p>\n<ul>\n<li><em><strong>Les r\u00e9sultats<\/strong><\/em>: <span style=\"text-decoration: underline\">Concours g\u00e9n\u00e9ral<\/span>: 1\u00b0 Eva Labessede, 2\u00b0 Fallon Descaillot, 3\u00b0 Laurent Valens, 4\u00b0 Maeva Strameo. <span style=\"text-decoration: underline\">Prix junior (-16 ans)<\/span>: Flora Renaud. <span style=\"text-decoration: underline\">Vote du public<\/span>: Linda Combault. <span style=\"text-decoration: underline\">Prix des commer\u00e7ants<\/span>: Marylou Dumont, Shirley Vey, Mireille Balian, Jovan Kerdulj, Romy Kieffer.<\/li>\n<\/ul>\n<h4>Vous retrouverez dans les prochaines heures, un r\u00e9sum\u00e9 plus complet et en photos de cette 1\u00b0 \u00e9dition qui a connu un beau succ\u00e8s populaire.<\/h4>\n<div id='gallery-1' class='gallery galleryid-28152 gallery-columns-3 gallery-size-thumbnail'><figure class='gallery-item'>\n\t\t\t<div class='gallery-icon landscape'>\n\t\t\t\t<a href='https:\/\/newsestlyonnais.fr\/site\/2017\/06\/03\/genas-la-jeune-eva-labessede-remporte-le-concours-activoice\/newsestlyonnais-eva-recompensee\/'><img loading=\"lazy\" decoding=\"async\" width=\"150\" height=\"150\" src=\"https:\/\/newsestlyonnais.fr\/site\/wp-content\/uploads\/2017\/06\/NEWSESTLYONNAIS-EVA-RECOMPENSEE-150x150.jpg\" class=\"attachment-thumbnail size-thumbnail\" alt=\"\" aria-describedby=\"gallery-1-28161\" \/><\/a>\n\t\t\t<\/div>\n\t\t\t\t<figcaption class='wp-caption-text gallery-caption' id='gallery-1-28161'>\n\t\t\t\tEva s&rsquo;est vu remettre par Patrice Ardouin, pr\u00e9sident d&rsquo;ACtiv&rsquo;Genas Azieu, son dipl\u00f4me de vainqueur du concours \n\t\t\t\t<\/figcaption><\/figure><figure class='gallery-item'>\n\t\t\t<div class='gallery-icon landscape'>\n\t\t\t\t<a href='https:\/\/newsestlyonnais.fr\/site\/2017\/06\/03\/genas-la-jeune-eva-labessede-remporte-le-concours-activoice\/newsestlyonnais-eva-et-maire-genas\/'><img loading=\"lazy\" decoding=\"async\" width=\"150\" height=\"150\" src=\"https:\/\/newsestlyonnais.fr\/site\/wp-content\/uploads\/2017\/06\/NEWSESTLYONNAIS-EVA-ET-MAIRE-GENAS-150x150.jpg\" class=\"attachment-thumbnail size-thumbnail\" alt=\"\" aria-describedby=\"gallery-1-28159\" \/><\/a>\n\t\t\t<\/div>\n\t\t\t\t<figcaption class='wp-caption-text gallery-caption' id='gallery-1-28159'>\n\t\t\t\tEva Labessede f\u00e9licit\u00e9e par le maire Daniel Val\u00e9ro \u00e0 l&rsquo;issue de la proclamation des r\u00e9sultats  \n\t\t\t\t<\/figcaption><\/figure><figure class='gallery-item'>\n\t\t\t<div class='gallery-icon landscape'>\n\t\t\t\t<a href='https:\/\/newsestlyonnais.fr\/site\/2017\/06\/03\/genas-la-jeune-eva-labessede-remporte-le-concours-activoice\/newsestlyonnais-bowling-acti-voice\/'><img loading=\"lazy\" decoding=\"async\" width=\"150\" height=\"150\" src=\"https:\/\/newsestlyonnais.fr\/site\/wp-content\/uploads\/2017\/06\/NEWSESTLYONNAIS-BOWLING-ACTI-VOICE-150x150.jpg\" class=\"attachment-thumbnail size-thumbnail\" alt=\"\" aria-describedby=\"gallery-1-28160\" \/><\/a>\n\t\t\t<\/div>\n\t\t\t\t<figcaption class='wp-caption-text gallery-caption' id='gallery-1-28160'>\n\t\t\t\tLe Bowling de Genas a fait salle comble pour la 1\u00b0 \u00e9dition de ce concours de chant\n\t\t\t\t<\/figcaption><\/figure>\n\t\t<\/div>\n\n","protected":false},"excerpt":{"rendered":"<p>C&rsquo;est finalement \u00e0 l&rsquo;issue d&rsquo;un long d\u00e9lib\u00e9r\u00e9 des 8 membres du jury pr\u00e9sid\u00e9 par le chanteur Mickael Jones que l&rsquo;une des 2 plus jeunes finalistes a remport\u00e9 ce 1\u00b0 concours de chant organis\u00e9 vendredi soir au Bowling de Genas par l&rsquo;association des commer\u00e7ants ACtiv&rsquo;Genas. La genassienne Eva Labessede (13 ans) a en effet enthousiasm\u00e9 les [&hellip;]<\/p>\n","protected":false},"author":4,"featured_media":28163,"comment_status":"open","ping_status":"open","sticky":false,"template":"","format":"standard","meta":{"footnotes":""},"categories":[270,171,1598,3330],"tags":[],"class_list":["post-28152","post","type-post","status-publish","format-standard","has-post-thumbnail","hentry","category-cte-de-communes-c-c-e-l","category-enfance-jeunesse","category-genas","category-mode-spectacle"],"yoast_head":"<!-- This site is optimized with the Yoast SEO plugin v27.2 - https:\/\/yoast.com\/product\/yoast-seo-wordpress\/ -->\n<title>GENAS : La jeune Eva Labessede remporte le concours Acti&#039;Voice !<\/title>\n<meta name=\"description\" content=\"GENAS : La jeune Eva Labessede remporte le concours Acti&#039;Voice !\" \/>\n<meta name=\"robots\" content=\"index, follow, max-snippet:-1, max-image-preview:large, max-video-preview:-1\" \/>\n<link rel=\"canonical\" href=\"https:\/\/newsestlyonnais.fr\/site\/2017\/06\/03\/genas-la-jeune-eva-labessede-remporte-le-concours-activoice\/\" \/>\n<meta property=\"og:locale\" content=\"fr_FR\" \/>\n<meta property=\"og:type\" content=\"article\" \/>\n<meta property=\"og:title\" content=\"GENAS : La jeune Eva Labessede remporte le concours Acti&#039;Voice !\" \/>\n<meta property=\"og:description\" content=\"GENAS : La jeune Eva Labessede remporte le concours Acti&#039;Voice !\" \/>\n<meta property=\"og:url\" content=\"https:\/\/newsestlyonnais.fr\/site\/2017\/06\/03\/genas-la-jeune-eva-labessede-remporte-le-concours-activoice\/\" \/>\n<meta property=\"og:site_name\" content=\"News Est Lyonnais\" \/>\n<meta property=\"article:author\" content=\"https:\/\/www.facebook.com\/pascal.oberson.1?fref=ts\" \/>\n<meta property=\"article:published_time\" content=\"2017-06-03T05:56:47+00:00\" \/>\n<meta property=\"article:modified_time\" content=\"2020-11-09T04:58:07+00:00\" \/>\n<meta property=\"og:image\" content=\"https:\/\/i2.wp.com\/newsestlyonnais.fr\/site\/wp-content\/uploads\/2017\/06\/NEWSESTLYONNAIS-EVA-CONC-ACTI-VOICE.jpg?fit=1000%2C750&ssl=1\" \/>\n\t<meta property=\"og:image:width\" content=\"1000\" \/>\n\t<meta property=\"og:image:height\" content=\"750\" \/>\n\t<meta property=\"og:image:type\" content=\"image\/jpeg\" \/>\n<meta name=\"author\" content=\"R\u00e9dac. NEWS\" \/>\n<meta name=\"twitter:card\" content=\"summary_large_image\" \/>\n<meta name=\"twitter:label1\" content=\"\u00c9crit par\" \/>\n\t<meta name=\"twitter:data1\" content=\"R\u00e9dac. NEWS\" \/>\n\t<meta name=\"twitter:label2\" content=\"Dur\u00e9e de lecture estim\u00e9e\" \/>\n\t<meta name=\"twitter:data2\" content=\"1 minute\" \/>\n<script type=\"application\/ld+json\" class=\"yoast-schema-graph\">{\"@context\":\"https:\/\/schema.org\",\"@graph\":[{\"@type\":\"Article\",\"@id\":\"https:\/\/newsestlyonnais.fr\/site\/2017\/06\/03\/genas-la-jeune-eva-labessede-remporte-le-concours-activoice\/#article\",\"isPartOf\":{\"@id\":\"https:\/\/newsestlyonnais.fr\/site\/2017\/06\/03\/genas-la-jeune-eva-labessede-remporte-le-concours-activoice\/\"},\"author\":{\"name\":\"R\u00e9dac. NEWS\",\"@id\":\"https:\/\/newsestlyonnais.fr\/site\/#\/schema\/person\/3230d5615f390bb808365d673001e887\"},\"headline\":\"GENAS | La jeune Eva Labessede remporte le concours Acti&rsquo;Voice !\",\"datePublished\":\"2017-06-03T05:56:47+00:00\",\"dateModified\":\"2020-11-09T04:58:07+00:00\",\"mainEntityOfPage\":{\"@id\":\"https:\/\/newsestlyonnais.fr\/site\/2017\/06\/03\/genas-la-jeune-eva-labessede-remporte-le-concours-activoice\/\"},\"wordCount\":174,\"commentCount\":0,\"publisher\":{\"@id\":\"https:\/\/newsestlyonnais.fr\/site\/#organization\"},\"image\":{\"@id\":\"https:\/\/newsestlyonnais.fr\/site\/2017\/06\/03\/genas-la-jeune-eva-labessede-remporte-le-concours-activoice\/#primaryimage\"},\"thumbnailUrl\":\"https:\/\/newsestlyonnais.fr\/site\/wp-content\/uploads\/2017\/06\/NEWSESTLYONNAIS-EVA-CONC-ACTI-VOICE.jpg\",\"articleSection\":[\"CCEL | Communes\",\"Enfance | Jeunesse\",\"Genas\",\"Mode | Spectacle\"],\"inLanguage\":\"fr-FR\",\"potentialAction\":[{\"@type\":\"CommentAction\",\"name\":\"Comment\",\"target\":[\"https:\/\/newsestlyonnais.fr\/site\/2017\/06\/03\/genas-la-jeune-eva-labessede-remporte-le-concours-activoice\/#respond\"]}]},{\"@type\":\"WebPage\",\"@id\":\"https:\/\/newsestlyonnais.fr\/site\/2017\/06\/03\/genas-la-jeune-eva-labessede-remporte-le-concours-activoice\/\",\"url\":\"https:\/\/newsestlyonnais.fr\/site\/2017\/06\/03\/genas-la-jeune-eva-labessede-remporte-le-concours-activoice\/\",\"name\":\"GENAS : La jeune Eva Labessede remporte le concours Acti'Voice !\",\"isPartOf\":{\"@id\":\"https:\/\/newsestlyonnais.fr\/site\/#website\"},\"primaryImageOfPage\":{\"@id\":\"https:\/\/newsestlyonnais.fr\/site\/2017\/06\/03\/genas-la-jeune-eva-labessede-remporte-le-concours-activoice\/#primaryimage\"},\"image\":{\"@id\":\"https:\/\/newsestlyonnais.fr\/site\/2017\/06\/03\/genas-la-jeune-eva-labessede-remporte-le-concours-activoice\/#primaryimage\"},\"thumbnailUrl\":\"https:\/\/newsestlyonnais.fr\/site\/wp-content\/uploads\/2017\/06\/NEWSESTLYONNAIS-EVA-CONC-ACTI-VOICE.jpg\",\"datePublished\":\"2017-06-03T05:56:47+00:00\",\"dateModified\":\"2020-11-09T04:58:07+00:00\",\"description\":\"GENAS : La jeune Eva Labessede remporte le concours Acti'Voice !\",\"breadcrumb\":{\"@id\":\"https:\/\/newsestlyonnais.fr\/site\/2017\/06\/03\/genas-la-jeune-eva-labessede-remporte-le-concours-activoice\/#breadcrumb\"},\"inLanguage\":\"fr-FR\",\"potentialAction\":[{\"@type\":\"ReadAction\",\"target\":[\"https:\/\/newsestlyonnais.fr\/site\/2017\/06\/03\/genas-la-jeune-eva-labessede-remporte-le-concours-activoice\/\"]}]},{\"@type\":\"ImageObject\",\"inLanguage\":\"fr-FR\",\"@id\":\"https:\/\/newsestlyonnais.fr\/site\/2017\/06\/03\/genas-la-jeune-eva-labessede-remporte-le-concours-activoice\/#primaryimage\",\"url\":\"https:\/\/newsestlyonnais.fr\/site\/wp-content\/uploads\/2017\/06\/NEWSESTLYONNAIS-EVA-CONC-ACTI-VOICE.jpg\",\"contentUrl\":\"https:\/\/newsestlyonnais.fr\/site\/wp-content\/uploads\/2017\/06\/NEWSESTLYONNAIS-EVA-CONC-ACTI-VOICE.jpg\",\"width\":1000,\"height\":750,\"caption\":\"NEWSESTLYONNAIS - EVA CONC ACTI VOICE\"},{\"@type\":\"BreadcrumbList\",\"@id\":\"https:\/\/newsestlyonnais.fr\/site\/2017\/06\/03\/genas-la-jeune-eva-labessede-remporte-le-concours-activoice\/#breadcrumb\",\"itemListElement\":[{\"@type\":\"ListItem\",\"position\":1,\"name\":\"Accueil\",\"item\":\"https:\/\/newsestlyonnais.fr\/site\/\"},{\"@type\":\"ListItem\",\"position\":2,\"name\":\"GENAS | La jeune Eva Labessede remporte le concours Acti&rsquo;Voice !\"}]},{\"@type\":\"WebSite\",\"@id\":\"https:\/\/newsestlyonnais.fr\/site\/#website\",\"url\":\"https:\/\/newsestlyonnais.fr\/site\/\",\"name\":\"News Est Lyonnais\",\"description\":\"L&#039;actualit\u00e9 au plus pr\u00e8s\",\"publisher\":{\"@id\":\"https:\/\/newsestlyonnais.fr\/site\/#organization\"},\"potentialAction\":[{\"@type\":\"SearchAction\",\"target\":{\"@type\":\"EntryPoint\",\"urlTemplate\":\"https:\/\/newsestlyonnais.fr\/site\/?s={search_term_string}\"},\"query-input\":{\"@type\":\"PropertyValueSpecification\",\"valueRequired\":true,\"valueName\":\"search_term_string\"}}],\"inLanguage\":\"fr-FR\"},{\"@type\":\"Organization\",\"@id\":\"https:\/\/newsestlyonnais.fr\/site\/#organization\",\"name\":\"News EST LYONNAIS\",\"url\":\"https:\/\/newsestlyonnais.fr\/site\/\",\"logo\":{\"@type\":\"ImageObject\",\"inLanguage\":\"fr-FR\",\"@id\":\"https:\/\/newsestlyonnais.fr\/site\/#\/schema\/logo\/image\/\",\"url\":\"\",\"contentUrl\":\"\",\"caption\":\"News EST LYONNAIS\"},\"image\":{\"@id\":\"https:\/\/newsestlyonnais.fr\/site\/#\/schema\/logo\/image\/\"}},{\"@type\":\"Person\",\"@id\":\"https:\/\/newsestlyonnais.fr\/site\/#\/schema\/person\/3230d5615f390bb808365d673001e887\",\"name\":\"R\u00e9dac. NEWS\",\"sameAs\":[\"http:\/\/www.newsestlyonnais.fr\",\"https:\/\/www.facebook.com\/pascal.oberson.1?fref=ts\",\"https:\/\/fr.linkedin.com\/in\/pascal-oberson-b17045113\"],\"url\":\"https:\/\/newsestlyonnais.fr\/site\/author\/nel\/\"}]}<\/script>\n<!-- \/ Yoast SEO plugin. -->","yoast_head_json":{"title":"GENAS : La jeune Eva Labessede remporte le concours Acti'Voice !","description":"GENAS : La jeune Eva Labessede remporte le concours Acti'Voice !","robots":{"index":"index","follow":"follow","max-snippet":"max-snippet:-1","max-image-preview":"max-image-preview:large","max-video-preview":"max-video-preview:-1"},"canonical":"https:\/\/newsestlyonnais.fr\/site\/2017\/06\/03\/genas-la-jeune-eva-labessede-remporte-le-concours-activoice\/","og_locale":"fr_FR","og_type":"article","og_title":"GENAS : La jeune Eva Labessede remporte le concours Acti'Voice !","og_description":"GENAS : La jeune Eva Labessede remporte le concours Acti'Voice !","og_url":"https:\/\/newsestlyonnais.fr\/site\/2017\/06\/03\/genas-la-jeune-eva-labessede-remporte-le-concours-activoice\/","og_site_name":"News Est Lyonnais","article_author":"https:\/\/www.facebook.com\/pascal.oberson.1?fref=ts","article_published_time":"2017-06-03T05:56:47+00:00","article_modified_time":"2020-11-09T04:58:07+00:00","og_image":[{"width":1000,"height":750,"url":"https:\/\/i2.wp.com\/newsestlyonnais.fr\/site\/wp-content\/uploads\/2017\/06\/NEWSESTLYONNAIS-EVA-CONC-ACTI-VOICE.jpg?fit=1000%2C750&ssl=1","type":"image\/jpeg"}],"author":"R\u00e9dac. NEWS","twitter_card":"summary_large_image","twitter_misc":{"\u00c9crit par":"R\u00e9dac. NEWS","Dur\u00e9e de lecture estim\u00e9e":"1 minute"},"schema":{"@context":"https:\/\/schema.org","@graph":[{"@type":"Article","@id":"https:\/\/newsestlyonnais.fr\/site\/2017\/06\/03\/genas-la-jeune-eva-labessede-remporte-le-concours-activoice\/#article","isPartOf":{"@id":"https:\/\/newsestlyonnais.fr\/site\/2017\/06\/03\/genas-la-jeune-eva-labessede-remporte-le-concours-activoice\/"},"author":{"name":"R\u00e9dac. NEWS","@id":"https:\/\/newsestlyonnais.fr\/site\/#\/schema\/person\/3230d5615f390bb808365d673001e887"},"headline":"GENAS | La jeune Eva Labessede remporte le concours Acti&rsquo;Voice !","datePublished":"2017-06-03T05:56:47+00:00","dateModified":"2020-11-09T04:58:07+00:00","mainEntityOfPage":{"@id":"https:\/\/newsestlyonnais.fr\/site\/2017\/06\/03\/genas-la-jeune-eva-labessede-remporte-le-concours-activoice\/"},"wordCount":174,"commentCount":0,"publisher":{"@id":"https:\/\/newsestlyonnais.fr\/site\/#organization"},"image":{"@id":"https:\/\/newsestlyonnais.fr\/site\/2017\/06\/03\/genas-la-jeune-eva-labessede-remporte-le-concours-activoice\/#primaryimage"},"thumbnailUrl":"https:\/\/newsestlyonnais.fr\/site\/wp-content\/uploads\/2017\/06\/NEWSESTLYONNAIS-EVA-CONC-ACTI-VOICE.jpg","articleSection":["CCEL | Communes","Enfance | Jeunesse","Genas","Mode | Spectacle"],"inLanguage":"fr-FR","potentialAction":[{"@type":"CommentAction","name":"Comment","target":["https:\/\/newsestlyonnais.fr\/site\/2017\/06\/03\/genas-la-jeune-eva-labessede-remporte-le-concours-activoice\/#respond"]}]},{"@type":"WebPage","@id":"https:\/\/newsestlyonnais.fr\/site\/2017\/06\/03\/genas-la-jeune-eva-labessede-remporte-le-concours-activoice\/","url":"https:\/\/newsestlyonnais.fr\/site\/2017\/06\/03\/genas-la-jeune-eva-labessede-remporte-le-concours-activoice\/","name":"GENAS : La jeune Eva Labessede remporte le concours Acti'Voice !","isPartOf":{"@id":"https:\/\/newsestlyonnais.fr\/site\/#website"},"primaryImageOfPage":{"@id":"https:\/\/newsestlyonnais.fr\/site\/2017\/06\/03\/genas-la-jeune-eva-labessede-remporte-le-concours-activoice\/#primaryimage"},"image":{"@id":"https:\/\/newsestlyonnais.fr\/site\/2017\/06\/03\/genas-la-jeune-eva-labessede-remporte-le-concours-activoice\/#primaryimage"},"thumbnailUrl":"https:\/\/newsestlyonnais.fr\/site\/wp-content\/uploads\/2017\/06\/NEWSESTLYONNAIS-EVA-CONC-ACTI-VOICE.jpg","datePublished":"2017-06-03T05:56:47+00:00","dateModified":"2020-11-09T04:58:07+00:00","description":"GENAS : La jeune Eva Labessede remporte le concours Acti'Voice !","breadcrumb":{"@id":"https:\/\/newsestlyonnais.fr\/site\/2017\/06\/03\/genas-la-jeune-eva-labessede-remporte-le-concours-activoice\/#breadcrumb"},"inLanguage":"fr-FR","potentialAction":[{"@type":"ReadAction","target":["https:\/\/newsestlyonnais.fr\/site\/2017\/06\/03\/genas-la-jeune-eva-labessede-remporte-le-concours-activoice\/"]}]},{"@type":"ImageObject","inLanguage":"fr-FR","@id":"https:\/\/newsestlyonnais.fr\/site\/2017\/06\/03\/genas-la-jeune-eva-labessede-remporte-le-concours-activoice\/#primaryimage","url":"https:\/\/newsestlyonnais.fr\/site\/wp-content\/uploads\/2017\/06\/NEWSESTLYONNAIS-EVA-CONC-ACTI-VOICE.jpg","contentUrl":"https:\/\/newsestlyonnais.fr\/site\/wp-content\/uploads\/2017\/06\/NEWSESTLYONNAIS-EVA-CONC-ACTI-VOICE.jpg","width":1000,"height":750,"caption":"NEWSESTLYONNAIS - EVA CONC ACTI VOICE"},{"@type":"BreadcrumbList","@id":"https:\/\/newsestlyonnais.fr\/site\/2017\/06\/03\/genas-la-jeune-eva-labessede-remporte-le-concours-activoice\/#breadcrumb","itemListElement":[{"@type":"ListItem","position":1,"name":"Accueil","item":"https:\/\/newsestlyonnais.fr\/site\/"},{"@type":"ListItem","position":2,"name":"GENAS | La jeune Eva Labessede remporte le concours Acti&rsquo;Voice !"}]},{"@type":"WebSite","@id":"https:\/\/newsestlyonnais.fr\/site\/#website","url":"https:\/\/newsestlyonnais.fr\/site\/","name":"News Est Lyonnais","description":"L&#039;actualit\u00e9 au plus pr\u00e8s","publisher":{"@id":"https:\/\/newsestlyonnais.fr\/site\/#organization"},"potentialAction":[{"@type":"SearchAction","target":{"@type":"EntryPoint","urlTemplate":"https:\/\/newsestlyonnais.fr\/site\/?s={search_term_string}"},"query-input":{"@type":"PropertyValueSpecification","valueRequired":true,"valueName":"search_term_string"}}],"inLanguage":"fr-FR"},{"@type":"Organization","@id":"https:\/\/newsestlyonnais.fr\/site\/#organization","name":"News EST LYONNAIS","url":"https:\/\/newsestlyonnais.fr\/site\/","logo":{"@type":"ImageObject","inLanguage":"fr-FR","@id":"https:\/\/newsestlyonnais.fr\/site\/#\/schema\/logo\/image\/","url":"","contentUrl":"","caption":"News EST LYONNAIS"},"image":{"@id":"https:\/\/newsestlyonnais.fr\/site\/#\/schema\/logo\/image\/"}},{"@type":"Person","@id":"https:\/\/newsestlyonnais.fr\/site\/#\/schema\/person\/3230d5615f390bb808365d673001e887","name":"R\u00e9dac. NEWS","sameAs":["http:\/\/www.newsestlyonnais.fr","https:\/\/www.facebook.com\/pascal.oberson.1?fref=ts","https:\/\/fr.linkedin.com\/in\/pascal-oberson-b17045113"],"url":"https:\/\/newsestlyonnais.fr\/site\/author\/nel\/"}]}},"_links":{"self":[{"href":"https:\/\/newsestlyonnais.fr\/site\/wp-json\/wp\/v2\/posts\/28152","targetHints":{"allow":["GET"]}}],"collection":[{"href":"https:\/\/newsestlyonnais.fr\/site\/wp-json\/wp\/v2\/posts"}],"about":[{"href":"https:\/\/newsestlyonnais.fr\/site\/wp-json\/wp\/v2\/types\/post"}],"author":[{"embeddable":true,"href":"https:\/\/newsestlyonnais.fr\/site\/wp-json\/wp\/v2\/users\/4"}],"replies":[{"embeddable":true,"href":"https:\/\/newsestlyonnais.fr\/site\/wp-json\/wp\/v2\/comments?post=28152"}],"version-history":[{"count":0,"href":"https:\/\/newsestlyonnais.fr\/site\/wp-json\/wp\/v2\/posts\/28152\/revisions"}],"wp:featuredmedia":[{"embeddable":true,"href":"https:\/\/newsestlyonnais.fr\/site\/wp-json\/wp\/v2\/media\/28163"}],"wp:attachment":[{"href":"https:\/\/newsestlyonnais.fr\/site\/wp-json\/wp\/v2\/media?parent=28152"}],"wp:term":[{"taxonomy":"category","embeddable":true,"href":"https:\/\/newsestlyonnais.fr\/site\/wp-json\/wp\/v2\/categories?post=28152"},{"taxonomy":"post_tag","embeddable":true,"href":"https:\/\/newsestlyonnais.fr\/site\/wp-json\/wp\/v2\/tags?post=28152"}],"curies":[{"name":"wp","href":"https:\/\/api.w.org\/{rel}","templated":true}]}}