{"id":28164,"date":"2017-06-03T07:49:46","date_gmt":"2017-06-03T06:49:46","guid":{"rendered":"http:\/\/newsestlyonnais.fr\/site\/?p=28164"},"modified":"2020-11-06T20:52:20","modified_gmt":"2020-11-06T19:52:20","slug":"genas-resultats-de-vendredi-de-lopen-de-tennis-2","status":"publish","type":"post","link":"https:\/\/newsestlyonnais.fr\/site\/2017\/06\/03\/genas-resultats-de-vendredi-de-lopen-de-tennis-2\/","title":{"rendered":"GENAS | Les r\u00e9sultats de vendredi de l\u2019Open de Tennis"},"content":{"rendered":"<h4>Dans le cadre d\u2019un partenariat mis en place avec le Tennis Club de Genas, retrouvez AU QUOTIDIEN les r\u00e9sultats de cet OPEN.<\/h4>\n<p>Six matchs ont eu lieu ce vendredi et ce dans les 3 tableaux, voici les r\u00e9sultats:<\/p>\n<p><span style=\"text-decoration: underline\">Tableau f\u00e9minin:<\/span><\/p>\n<ul>\n<li><strong>Lydie Dodane<\/strong> (AT Pusignan, 30\/1) bat Karine Kohler (TC Charvieu, 30)\u00a0\u00a0\u00a0\u00a0\u00a0 6\/1, 6\/3<\/li>\n<li><strong>P\u00e2querette Saint Pierre<\/strong> (TC Genas, 30\/2) bat Justine Conte (TC Vaulx en Velin, 15\/5)\u00a0\u00a0\u00a0\u00a0\u00a0\u00a0 6\/2, 6\/2<\/li>\n<\/ul>\n<p><span style=\"text-decoration: underline\">Tableau masculin:<\/span><\/p>\n<ul>\n<li><strong>Olivier Guerra<\/strong> (TC Genas, 15\/5) bat R\u00e9ginald Bouriachon (Stade Auto Lyonnais, 15\/4)\u00a0\u00a0\u00a0\u00a0\u00a0\u00a0 6\/4, 6\/4<\/li>\n<li><strong>Benjamin Guillaud<\/strong> (TC Genas, 30\/2) bat Djamal Nenach (TC Dardilly Champagne, 15\/4)\u00a0\u00a0 \u00a0 6\/1, 3\/6, 6\/4<\/li>\n<\/ul>\n<p><span style=\"text-decoration: underline\">Tableau masculin + 45 ans:<\/span><\/p>\n<ul>\n<li><strong>Andr\u00e9 Di Maiolo<\/strong> (TC D\u00e9cines, 30\/4) bat Patrick Bilger (TC Genas, 30\/2)\u00a0\u00a0\u00a0 6\/1, 6\/4<\/li>\n<li><strong>Guy Meynier<\/strong> (Tennis St Maurice, 15\/4) bat Didier Panico (TC St Priest, 15\/4)\u00a0\u00a0\u00a0\u00a0\u00a0 3\/6, 6\/2, 7\/5<\/li>\n<\/ul>\n<h4>Pas moins de 15 rencontres sont programm\u00e9es ce samedi d\u00e8s 8 heures 30 pour les premiers \u00e9changes !<\/h4>\n<p>&nbsp;<\/p>\n","protected":false},"excerpt":{"rendered":"<p>Dans le cadre d\u2019un partenariat mis en place avec le Tennis Club de Genas, retrouvez AU QUOTIDIEN les r\u00e9sultats de cet OPEN. Six matchs ont eu lieu ce vendredi et ce dans les 3 tableaux, voici les r\u00e9sultats: Tableau f\u00e9minin: Lydie Dodane (AT Pusignan, 30\/1) bat Karine Kohler (TC Charvieu, 30)\u00a0\u00a0\u00a0\u00a0\u00a0 6\/1, 6\/3 P\u00e2querette Saint [&hellip;]<\/p>\n","protected":false},"author":4,"featured_media":25256,"comment_status":"open","ping_status":"open","sticky":false,"template":"","format":"standard","meta":{"footnotes":""},"categories":[270,1598,2992,2991],"tags":[],"class_list":["post-28164","post","type-post","status-publish","format-standard","has-post-thumbnail","hentry","category-cte-de-communes-c-c-e-l","category-genas","category-tennis-padel","category-tennis-tennis-table-sports"],"yoast_head":"<!-- This site is optimized with the Yoast SEO plugin v27.2 - https:\/\/yoast.com\/product\/yoast-seo-wordpress\/ -->\n<title>GENAS : Les r\u00e9sultats de vendredi de l\u2019Open de Tennis<\/title>\n<meta name=\"description\" content=\"GENAS : Les r\u00e9sultats de vendredi de l\u2019Open de Tennis\" \/>\n<meta name=\"robots\" content=\"index, follow, max-snippet:-1, max-image-preview:large, max-video-preview:-1\" \/>\n<link rel=\"canonical\" href=\"https:\/\/newsestlyonnais.fr\/site\/2017\/06\/03\/genas-resultats-de-vendredi-de-lopen-de-tennis-2\/\" \/>\n<meta property=\"og:locale\" content=\"fr_FR\" \/>\n<meta property=\"og:type\" content=\"article\" \/>\n<meta property=\"og:title\" content=\"GENAS : Les r\u00e9sultats de vendredi de l\u2019Open de Tennis\" \/>\n<meta property=\"og:description\" content=\"GENAS : Les r\u00e9sultats de vendredi de l\u2019Open de Tennis\" \/>\n<meta property=\"og:url\" content=\"https:\/\/newsestlyonnais.fr\/site\/2017\/06\/03\/genas-resultats-de-vendredi-de-lopen-de-tennis-2\/\" \/>\n<meta property=\"og:site_name\" content=\"News Est Lyonnais\" \/>\n<meta property=\"article:author\" content=\"https:\/\/www.facebook.com\/pascal.oberson.1?fref=ts\" \/>\n<meta property=\"article:published_time\" content=\"2017-06-03T06:49:46+00:00\" \/>\n<meta property=\"article:modified_time\" content=\"2020-11-06T19:52:20+00:00\" \/>\n<meta property=\"og:image\" content=\"https:\/\/i2.wp.com\/newsestlyonnais.fr\/site\/wp-content\/uploads\/2017\/03\/NEWSESTLYONNAIS-Affiche-tournoi-2017-.jpg?fit=1000%2C750&ssl=1\" \/>\n\t<meta property=\"og:image:width\" content=\"1000\" \/>\n\t<meta property=\"og:image:height\" content=\"750\" \/>\n\t<meta property=\"og:image:type\" content=\"image\/jpeg\" \/>\n<meta name=\"author\" content=\"R\u00e9dac. NEWS\" \/>\n<meta name=\"twitter:card\" content=\"summary_large_image\" \/>\n<meta name=\"twitter:label1\" content=\"\u00c9crit par\" \/>\n\t<meta name=\"twitter:data1\" content=\"R\u00e9dac. NEWS\" \/>\n\t<meta name=\"twitter:label2\" content=\"Dur\u00e9e de lecture estim\u00e9e\" \/>\n\t<meta name=\"twitter:data2\" content=\"1 minute\" \/>\n<script type=\"application\/ld+json\" class=\"yoast-schema-graph\">{\"@context\":\"https:\/\/schema.org\",\"@graph\":[{\"@type\":\"Article\",\"@id\":\"https:\/\/newsestlyonnais.fr\/site\/2017\/06\/03\/genas-resultats-de-vendredi-de-lopen-de-tennis-2\/#article\",\"isPartOf\":{\"@id\":\"https:\/\/newsestlyonnais.fr\/site\/2017\/06\/03\/genas-resultats-de-vendredi-de-lopen-de-tennis-2\/\"},\"author\":{\"name\":\"R\u00e9dac. NEWS\",\"@id\":\"https:\/\/newsestlyonnais.fr\/site\/#\/schema\/person\/3230d5615f390bb808365d673001e887\"},\"headline\":\"GENAS | Les r\u00e9sultats de vendredi de l\u2019Open de Tennis\",\"datePublished\":\"2017-06-03T06:49:46+00:00\",\"dateModified\":\"2020-11-06T19:52:20+00:00\",\"mainEntityOfPage\":{\"@id\":\"https:\/\/newsestlyonnais.fr\/site\/2017\/06\/03\/genas-resultats-de-vendredi-de-lopen-de-tennis-2\/\"},\"wordCount\":141,\"commentCount\":0,\"publisher\":{\"@id\":\"https:\/\/newsestlyonnais.fr\/site\/#organization\"},\"image\":{\"@id\":\"https:\/\/newsestlyonnais.fr\/site\/2017\/06\/03\/genas-resultats-de-vendredi-de-lopen-de-tennis-2\/#primaryimage\"},\"thumbnailUrl\":\"https:\/\/newsestlyonnais.fr\/site\/wp-content\/uploads\/2017\/03\/NEWSESTLYONNAIS-Affiche-tournoi-2017-.jpg\",\"articleSection\":[\"CCEL | Communes\",\"Genas\",\"Tennis | Padel\",\"Tennis | Tennis de table\"],\"inLanguage\":\"fr-FR\",\"potentialAction\":[{\"@type\":\"CommentAction\",\"name\":\"Comment\",\"target\":[\"https:\/\/newsestlyonnais.fr\/site\/2017\/06\/03\/genas-resultats-de-vendredi-de-lopen-de-tennis-2\/#respond\"]}]},{\"@type\":\"WebPage\",\"@id\":\"https:\/\/newsestlyonnais.fr\/site\/2017\/06\/03\/genas-resultats-de-vendredi-de-lopen-de-tennis-2\/\",\"url\":\"https:\/\/newsestlyonnais.fr\/site\/2017\/06\/03\/genas-resultats-de-vendredi-de-lopen-de-tennis-2\/\",\"name\":\"GENAS : Les r\u00e9sultats de vendredi de l\u2019Open de Tennis\",\"isPartOf\":{\"@id\":\"https:\/\/newsestlyonnais.fr\/site\/#website\"},\"primaryImageOfPage\":{\"@id\":\"https:\/\/newsestlyonnais.fr\/site\/2017\/06\/03\/genas-resultats-de-vendredi-de-lopen-de-tennis-2\/#primaryimage\"},\"image\":{\"@id\":\"https:\/\/newsestlyonnais.fr\/site\/2017\/06\/03\/genas-resultats-de-vendredi-de-lopen-de-tennis-2\/#primaryimage\"},\"thumbnailUrl\":\"https:\/\/newsestlyonnais.fr\/site\/wp-content\/uploads\/2017\/03\/NEWSESTLYONNAIS-Affiche-tournoi-2017-.jpg\",\"datePublished\":\"2017-06-03T06:49:46+00:00\",\"dateModified\":\"2020-11-06T19:52:20+00:00\",\"description\":\"GENAS : Les r\u00e9sultats de vendredi de l\u2019Open de Tennis\",\"breadcrumb\":{\"@id\":\"https:\/\/newsestlyonnais.fr\/site\/2017\/06\/03\/genas-resultats-de-vendredi-de-lopen-de-tennis-2\/#breadcrumb\"},\"inLanguage\":\"fr-FR\",\"potentialAction\":[{\"@type\":\"ReadAction\",\"target\":[\"https:\/\/newsestlyonnais.fr\/site\/2017\/06\/03\/genas-resultats-de-vendredi-de-lopen-de-tennis-2\/\"]}]},{\"@type\":\"ImageObject\",\"inLanguage\":\"fr-FR\",\"@id\":\"https:\/\/newsestlyonnais.fr\/site\/2017\/06\/03\/genas-resultats-de-vendredi-de-lopen-de-tennis-2\/#primaryimage\",\"url\":\"https:\/\/newsestlyonnais.fr\/site\/wp-content\/uploads\/2017\/03\/NEWSESTLYONNAIS-Affiche-tournoi-2017-.jpg\",\"contentUrl\":\"https:\/\/newsestlyonnais.fr\/site\/wp-content\/uploads\/2017\/03\/NEWSESTLYONNAIS-Affiche-tournoi-2017-.jpg\",\"width\":1000,\"height\":750,\"caption\":\"NEWSESTLYONNAIS Affiche tournoi 2017\"},{\"@type\":\"BreadcrumbList\",\"@id\":\"https:\/\/newsestlyonnais.fr\/site\/2017\/06\/03\/genas-resultats-de-vendredi-de-lopen-de-tennis-2\/#breadcrumb\",\"itemListElement\":[{\"@type\":\"ListItem\",\"position\":1,\"name\":\"Accueil\",\"item\":\"https:\/\/newsestlyonnais.fr\/site\/\"},{\"@type\":\"ListItem\",\"position\":2,\"name\":\"GENAS | Les r\u00e9sultats de vendredi de l\u2019Open de Tennis\"}]},{\"@type\":\"WebSite\",\"@id\":\"https:\/\/newsestlyonnais.fr\/site\/#website\",\"url\":\"https:\/\/newsestlyonnais.fr\/site\/\",\"name\":\"News Est Lyonnais\",\"description\":\"L&#039;actualit\u00e9 au plus pr\u00e8s\",\"publisher\":{\"@id\":\"https:\/\/newsestlyonnais.fr\/site\/#organization\"},\"potentialAction\":[{\"@type\":\"SearchAction\",\"target\":{\"@type\":\"EntryPoint\",\"urlTemplate\":\"https:\/\/newsestlyonnais.fr\/site\/?s={search_term_string}\"},\"query-input\":{\"@type\":\"PropertyValueSpecification\",\"valueRequired\":true,\"valueName\":\"search_term_string\"}}],\"inLanguage\":\"fr-FR\"},{\"@type\":\"Organization\",\"@id\":\"https:\/\/newsestlyonnais.fr\/site\/#organization\",\"name\":\"News EST LYONNAIS\",\"url\":\"https:\/\/newsestlyonnais.fr\/site\/\",\"logo\":{\"@type\":\"ImageObject\",\"inLanguage\":\"fr-FR\",\"@id\":\"https:\/\/newsestlyonnais.fr\/site\/#\/schema\/logo\/image\/\",\"url\":\"\",\"contentUrl\":\"\",\"caption\":\"News EST LYONNAIS\"},\"image\":{\"@id\":\"https:\/\/newsestlyonnais.fr\/site\/#\/schema\/logo\/image\/\"}},{\"@type\":\"Person\",\"@id\":\"https:\/\/newsestlyonnais.fr\/site\/#\/schema\/person\/3230d5615f390bb808365d673001e887\",\"name\":\"R\u00e9dac. NEWS\",\"sameAs\":[\"http:\/\/www.newsestlyonnais.fr\",\"https:\/\/www.facebook.com\/pascal.oberson.1?fref=ts\",\"https:\/\/fr.linkedin.com\/in\/pascal-oberson-b17045113\"],\"url\":\"https:\/\/newsestlyonnais.fr\/site\/author\/nel\/\"}]}<\/script>\n<!-- \/ Yoast SEO plugin. -->","yoast_head_json":{"title":"GENAS : Les r\u00e9sultats de vendredi de l\u2019Open de Tennis","description":"GENAS : Les r\u00e9sultats de vendredi de l\u2019Open de Tennis","robots":{"index":"index","follow":"follow","max-snippet":"max-snippet:-1","max-image-preview":"max-image-preview:large","max-video-preview":"max-video-preview:-1"},"canonical":"https:\/\/newsestlyonnais.fr\/site\/2017\/06\/03\/genas-resultats-de-vendredi-de-lopen-de-tennis-2\/","og_locale":"fr_FR","og_type":"article","og_title":"GENAS : Les r\u00e9sultats de vendredi de l\u2019Open de Tennis","og_description":"GENAS : Les r\u00e9sultats de vendredi de l\u2019Open de Tennis","og_url":"https:\/\/newsestlyonnais.fr\/site\/2017\/06\/03\/genas-resultats-de-vendredi-de-lopen-de-tennis-2\/","og_site_name":"News Est Lyonnais","article_author":"https:\/\/www.facebook.com\/pascal.oberson.1?fref=ts","article_published_time":"2017-06-03T06:49:46+00:00","article_modified_time":"2020-11-06T19:52:20+00:00","og_image":[{"width":1000,"height":750,"url":"https:\/\/i2.wp.com\/newsestlyonnais.fr\/site\/wp-content\/uploads\/2017\/03\/NEWSESTLYONNAIS-Affiche-tournoi-2017-.jpg?fit=1000%2C750&ssl=1","type":"image\/jpeg"}],"author":"R\u00e9dac. NEWS","twitter_card":"summary_large_image","twitter_misc":{"\u00c9crit par":"R\u00e9dac. NEWS","Dur\u00e9e de lecture estim\u00e9e":"1 minute"},"schema":{"@context":"https:\/\/schema.org","@graph":[{"@type":"Article","@id":"https:\/\/newsestlyonnais.fr\/site\/2017\/06\/03\/genas-resultats-de-vendredi-de-lopen-de-tennis-2\/#article","isPartOf":{"@id":"https:\/\/newsestlyonnais.fr\/site\/2017\/06\/03\/genas-resultats-de-vendredi-de-lopen-de-tennis-2\/"},"author":{"name":"R\u00e9dac. NEWS","@id":"https:\/\/newsestlyonnais.fr\/site\/#\/schema\/person\/3230d5615f390bb808365d673001e887"},"headline":"GENAS | Les r\u00e9sultats de vendredi de l\u2019Open de Tennis","datePublished":"2017-06-03T06:49:46+00:00","dateModified":"2020-11-06T19:52:20+00:00","mainEntityOfPage":{"@id":"https:\/\/newsestlyonnais.fr\/site\/2017\/06\/03\/genas-resultats-de-vendredi-de-lopen-de-tennis-2\/"},"wordCount":141,"commentCount":0,"publisher":{"@id":"https:\/\/newsestlyonnais.fr\/site\/#organization"},"image":{"@id":"https:\/\/newsestlyonnais.fr\/site\/2017\/06\/03\/genas-resultats-de-vendredi-de-lopen-de-tennis-2\/#primaryimage"},"thumbnailUrl":"https:\/\/newsestlyonnais.fr\/site\/wp-content\/uploads\/2017\/03\/NEWSESTLYONNAIS-Affiche-tournoi-2017-.jpg","articleSection":["CCEL | Communes","Genas","Tennis | Padel","Tennis | Tennis de table"],"inLanguage":"fr-FR","potentialAction":[{"@type":"CommentAction","name":"Comment","target":["https:\/\/newsestlyonnais.fr\/site\/2017\/06\/03\/genas-resultats-de-vendredi-de-lopen-de-tennis-2\/#respond"]}]},{"@type":"WebPage","@id":"https:\/\/newsestlyonnais.fr\/site\/2017\/06\/03\/genas-resultats-de-vendredi-de-lopen-de-tennis-2\/","url":"https:\/\/newsestlyonnais.fr\/site\/2017\/06\/03\/genas-resultats-de-vendredi-de-lopen-de-tennis-2\/","name":"GENAS : Les r\u00e9sultats de vendredi de l\u2019Open de Tennis","isPartOf":{"@id":"https:\/\/newsestlyonnais.fr\/site\/#website"},"primaryImageOfPage":{"@id":"https:\/\/newsestlyonnais.fr\/site\/2017\/06\/03\/genas-resultats-de-vendredi-de-lopen-de-tennis-2\/#primaryimage"},"image":{"@id":"https:\/\/newsestlyonnais.fr\/site\/2017\/06\/03\/genas-resultats-de-vendredi-de-lopen-de-tennis-2\/#primaryimage"},"thumbnailUrl":"https:\/\/newsestlyonnais.fr\/site\/wp-content\/uploads\/2017\/03\/NEWSESTLYONNAIS-Affiche-tournoi-2017-.jpg","datePublished":"2017-06-03T06:49:46+00:00","dateModified":"2020-11-06T19:52:20+00:00","description":"GENAS : Les r\u00e9sultats de vendredi de l\u2019Open de Tennis","breadcrumb":{"@id":"https:\/\/newsestlyonnais.fr\/site\/2017\/06\/03\/genas-resultats-de-vendredi-de-lopen-de-tennis-2\/#breadcrumb"},"inLanguage":"fr-FR","potentialAction":[{"@type":"ReadAction","target":["https:\/\/newsestlyonnais.fr\/site\/2017\/06\/03\/genas-resultats-de-vendredi-de-lopen-de-tennis-2\/"]}]},{"@type":"ImageObject","inLanguage":"fr-FR","@id":"https:\/\/newsestlyonnais.fr\/site\/2017\/06\/03\/genas-resultats-de-vendredi-de-lopen-de-tennis-2\/#primaryimage","url":"https:\/\/newsestlyonnais.fr\/site\/wp-content\/uploads\/2017\/03\/NEWSESTLYONNAIS-Affiche-tournoi-2017-.jpg","contentUrl":"https:\/\/newsestlyonnais.fr\/site\/wp-content\/uploads\/2017\/03\/NEWSESTLYONNAIS-Affiche-tournoi-2017-.jpg","width":1000,"height":750,"caption":"NEWSESTLYONNAIS Affiche tournoi 2017"},{"@type":"BreadcrumbList","@id":"https:\/\/newsestlyonnais.fr\/site\/2017\/06\/03\/genas-resultats-de-vendredi-de-lopen-de-tennis-2\/#breadcrumb","itemListElement":[{"@type":"ListItem","position":1,"name":"Accueil","item":"https:\/\/newsestlyonnais.fr\/site\/"},{"@type":"ListItem","position":2,"name":"GENAS | Les r\u00e9sultats de vendredi de l\u2019Open de Tennis"}]},{"@type":"WebSite","@id":"https:\/\/newsestlyonnais.fr\/site\/#website","url":"https:\/\/newsestlyonnais.fr\/site\/","name":"News Est Lyonnais","description":"L&#039;actualit\u00e9 au plus pr\u00e8s","publisher":{"@id":"https:\/\/newsestlyonnais.fr\/site\/#organization"},"potentialAction":[{"@type":"SearchAction","target":{"@type":"EntryPoint","urlTemplate":"https:\/\/newsestlyonnais.fr\/site\/?s={search_term_string}"},"query-input":{"@type":"PropertyValueSpecification","valueRequired":true,"valueName":"search_term_string"}}],"inLanguage":"fr-FR"},{"@type":"Organization","@id":"https:\/\/newsestlyonnais.fr\/site\/#organization","name":"News EST LYONNAIS","url":"https:\/\/newsestlyonnais.fr\/site\/","logo":{"@type":"ImageObject","inLanguage":"fr-FR","@id":"https:\/\/newsestlyonnais.fr\/site\/#\/schema\/logo\/image\/","url":"","contentUrl":"","caption":"News EST LYONNAIS"},"image":{"@id":"https:\/\/newsestlyonnais.fr\/site\/#\/schema\/logo\/image\/"}},{"@type":"Person","@id":"https:\/\/newsestlyonnais.fr\/site\/#\/schema\/person\/3230d5615f390bb808365d673001e887","name":"R\u00e9dac. NEWS","sameAs":["http:\/\/www.newsestlyonnais.fr","https:\/\/www.facebook.com\/pascal.oberson.1?fref=ts","https:\/\/fr.linkedin.com\/in\/pascal-oberson-b17045113"],"url":"https:\/\/newsestlyonnais.fr\/site\/author\/nel\/"}]}},"_links":{"self":[{"href":"https:\/\/newsestlyonnais.fr\/site\/wp-json\/wp\/v2\/posts\/28164","targetHints":{"allow":["GET"]}}],"collection":[{"href":"https:\/\/newsestlyonnais.fr\/site\/wp-json\/wp\/v2\/posts"}],"about":[{"href":"https:\/\/newsestlyonnais.fr\/site\/wp-json\/wp\/v2\/types\/post"}],"author":[{"embeddable":true,"href":"https:\/\/newsestlyonnais.fr\/site\/wp-json\/wp\/v2\/users\/4"}],"replies":[{"embeddable":true,"href":"https:\/\/newsestlyonnais.fr\/site\/wp-json\/wp\/v2\/comments?post=28164"}],"version-history":[{"count":0,"href":"https:\/\/newsestlyonnais.fr\/site\/wp-json\/wp\/v2\/posts\/28164\/revisions"}],"wp:featuredmedia":[{"embeddable":true,"href":"https:\/\/newsestlyonnais.fr\/site\/wp-json\/wp\/v2\/media\/25256"}],"wp:attachment":[{"href":"https:\/\/newsestlyonnais.fr\/site\/wp-json\/wp\/v2\/media?parent=28164"}],"wp:term":[{"taxonomy":"category","embeddable":true,"href":"https:\/\/newsestlyonnais.fr\/site\/wp-json\/wp\/v2\/categories?post=28164"},{"taxonomy":"post_tag","embeddable":true,"href":"https:\/\/newsestlyonnais.fr\/site\/wp-json\/wp\/v2\/tags?post=28164"}],"curies":[{"name":"wp","href":"https:\/\/api.w.org\/{rel}","templated":true}]}}