{"id":28376,"date":"2017-06-03T11:45:50","date_gmt":"2017-06-03T10:45:50","guid":{"rendered":"http:\/\/newsestlyonnais.fr\/site\/?p=28376"},"modified":"2020-11-02T15:29:38","modified_gmt":"2020-11-02T14:29:38","slug":"jonage-lusel-foot-est-en-deuil","status":"publish","type":"post","link":"https:\/\/newsestlyonnais.fr\/site\/2017\/06\/03\/jonage-lusel-foot-est-en-deuil\/","title":{"rendered":"JONAGE | L&rsquo;USEL Foot est en deuil"},"content":{"rendered":"<p><strong><em>C\u2019est avec une immense tristesse que tous les dirigeants, \u00e9ducateurs,\u00a0 joueurs et parents du club de l\u2019USEL, ont appris la disparition tragique de Jean-Michel\u00a0 Berger. <\/em><\/strong><\/p>\n<p><em>Cet \u00e9ducateur du club s\u2019est en effet \u00e9teint \u00e0 l\u2019\u00e2ge de 58 ans d\u2019une crise cardiaque.<br \/>\n<\/em><\/p>\n<p><em>Le club de l\u2019USEL adresse \u00e0 son \u00e9pouse, ses trois enfants et sa famille, ses sinc\u00e8res condol\u00e9ances.<br \/>\n<\/em><\/p>\n<ul>\n<li>\n<h4><em>Ses obs\u00e8ques auront lieu le jeudi 8 juin 2017 \u00e0 11 heures au cimeti\u00e8re de Jonage.<\/em><\/h4>\n<\/li>\n<\/ul>\n<p><img loading=\"lazy\" decoding=\"async\" class=\"size-full wp-image-28381 aligncenter\" src=\"https:\/\/newsestlyonnais.fr\/site\/medias\/2017\/06\/NEWSESTLYONNAIS-USEL-FOOT-DECES-EDUC-1.jpg\" alt=\"NEWSESTLYONNAIS - USEL FOOT DECES EDUC\" width=\"312\" height=\"662\" srcset=\"https:\/\/newsestlyonnais.fr\/site\/wp-content\/uploads\/2017\/06\/NEWSESTLYONNAIS-USEL-FOOT-DECES-EDUC-1.jpg 312w, https:\/\/newsestlyonnais.fr\/site\/wp-content\/uploads\/2017\/06\/NEWSESTLYONNAIS-USEL-FOOT-DECES-EDUC-1-141x300.jpg 141w\" sizes=\"auto, (max-width: 312px) 100vw, 312px\" \/><\/p>\n","protected":false},"excerpt":{"rendered":"<p>C\u2019est avec une immense tristesse que tous les dirigeants, \u00e9ducateurs,\u00a0 joueurs et parents du club de l\u2019USEL, ont appris la disparition tragique de Jean-Michel\u00a0 Berger. Cet \u00e9ducateur du club s\u2019est en effet \u00e9teint \u00e0 l\u2019\u00e2ge de 58 ans d\u2019une crise cardiaque. Le club de l\u2019USEL adresse \u00e0 son \u00e9pouse, ses trois enfants et sa famille, [&hellip;]<\/p>\n","protected":false},"author":4,"featured_media":0,"comment_status":"open","ping_status":"open","sticky":false,"template":"","format":"standard","meta":{"footnotes":""},"categories":[1329,2996,1303],"tags":[],"class_list":["post-28376","post","type-post","status-publish","format-standard","hentry","category-foot","category-football-rugby","category-jonage"],"yoast_head":"<!-- This site is optimized with the Yoast SEO plugin v27.2 - https:\/\/yoast.com\/product\/yoast-seo-wordpress\/ -->\n<title>JONAGE | L&#039;USEL Foot est en deuil - News Est Lyonnais<\/title>\n<meta name=\"description\" content=\"C\u2019est avec une immense tristesse que dirigeants, \u00e9ducateurs,\u00a0joueurs et parents du club de l\u2019USEL, ont appris la disparition tragique de Jean-Michel\u00a0 Berger\" \/>\n<meta name=\"robots\" content=\"index, follow, max-snippet:-1, max-image-preview:large, max-video-preview:-1\" \/>\n<link rel=\"canonical\" href=\"https:\/\/newsestlyonnais.fr\/site\/2017\/06\/03\/jonage-lusel-foot-est-en-deuil\/\" \/>\n<meta property=\"og:locale\" content=\"fr_FR\" \/>\n<meta property=\"og:type\" content=\"article\" \/>\n<meta property=\"og:title\" content=\"JONAGE | L&#039;USEL Foot est en deuil - News Est Lyonnais\" \/>\n<meta property=\"og:description\" content=\"C\u2019est avec une immense tristesse que dirigeants, \u00e9ducateurs,\u00a0joueurs et parents du club de l\u2019USEL, ont appris la disparition tragique de Jean-Michel\u00a0 Berger\" \/>\n<meta property=\"og:url\" content=\"https:\/\/newsestlyonnais.fr\/site\/2017\/06\/03\/jonage-lusel-foot-est-en-deuil\/\" \/>\n<meta property=\"og:site_name\" content=\"News Est Lyonnais\" \/>\n<meta property=\"article:author\" content=\"https:\/\/www.facebook.com\/pascal.oberson.1?fref=ts\" \/>\n<meta property=\"article:published_time\" content=\"2017-06-03T10:45:50+00:00\" \/>\n<meta property=\"article:modified_time\" content=\"2020-11-02T14:29:38+00:00\" \/>\n<meta property=\"og:image\" content=\"https:\/\/newsestlyonnais.fr\/site\/medias\/2017\/06\/NEWSESTLYONNAIS-USEL-FOOT-DECES-EDUC-1.jpg\" \/>\n<meta name=\"author\" content=\"R\u00e9dac. NEWS\" \/>\n<meta name=\"twitter:card\" content=\"summary_large_image\" \/>\n<meta name=\"twitter:label1\" content=\"\u00c9crit par\" \/>\n\t<meta name=\"twitter:data1\" content=\"R\u00e9dac. NEWS\" \/>\n<script type=\"application\/ld+json\" class=\"yoast-schema-graph\">{\"@context\":\"https:\/\/schema.org\",\"@graph\":[{\"@type\":\"Article\",\"@id\":\"https:\/\/newsestlyonnais.fr\/site\/2017\/06\/03\/jonage-lusel-foot-est-en-deuil\/#article\",\"isPartOf\":{\"@id\":\"https:\/\/newsestlyonnais.fr\/site\/2017\/06\/03\/jonage-lusel-foot-est-en-deuil\/\"},\"author\":{\"name\":\"R\u00e9dac. NEWS\",\"@id\":\"https:\/\/newsestlyonnais.fr\/site\/#\/schema\/person\/3230d5615f390bb808365d673001e887\"},\"headline\":\"JONAGE | L&rsquo;USEL Foot est en deuil\",\"datePublished\":\"2017-06-03T10:45:50+00:00\",\"dateModified\":\"2020-11-02T14:29:38+00:00\",\"mainEntityOfPage\":{\"@id\":\"https:\/\/newsestlyonnais.fr\/site\/2017\/06\/03\/jonage-lusel-foot-est-en-deuil\/\"},\"wordCount\":84,\"commentCount\":0,\"publisher\":{\"@id\":\"https:\/\/newsestlyonnais.fr\/site\/#organization\"},\"image\":{\"@id\":\"https:\/\/newsestlyonnais.fr\/site\/2017\/06\/03\/jonage-lusel-foot-est-en-deuil\/#primaryimage\"},\"thumbnailUrl\":\"https:\/\/newsestlyonnais.fr\/site\/medias\/2017\/06\/NEWSESTLYONNAIS-USEL-FOOT-DECES-EDUC-1.jpg\",\"articleSection\":[\"Foot | Futsal\",\"Foot | Rugby\",\"Jonage\"],\"inLanguage\":\"fr-FR\",\"potentialAction\":[{\"@type\":\"CommentAction\",\"name\":\"Comment\",\"target\":[\"https:\/\/newsestlyonnais.fr\/site\/2017\/06\/03\/jonage-lusel-foot-est-en-deuil\/#respond\"]}]},{\"@type\":\"WebPage\",\"@id\":\"https:\/\/newsestlyonnais.fr\/site\/2017\/06\/03\/jonage-lusel-foot-est-en-deuil\/\",\"url\":\"https:\/\/newsestlyonnais.fr\/site\/2017\/06\/03\/jonage-lusel-foot-est-en-deuil\/\",\"name\":\"JONAGE | L'USEL Foot est en deuil - News Est Lyonnais\",\"isPartOf\":{\"@id\":\"https:\/\/newsestlyonnais.fr\/site\/#website\"},\"primaryImageOfPage\":{\"@id\":\"https:\/\/newsestlyonnais.fr\/site\/2017\/06\/03\/jonage-lusel-foot-est-en-deuil\/#primaryimage\"},\"image\":{\"@id\":\"https:\/\/newsestlyonnais.fr\/site\/2017\/06\/03\/jonage-lusel-foot-est-en-deuil\/#primaryimage\"},\"thumbnailUrl\":\"https:\/\/newsestlyonnais.fr\/site\/medias\/2017\/06\/NEWSESTLYONNAIS-USEL-FOOT-DECES-EDUC-1.jpg\",\"datePublished\":\"2017-06-03T10:45:50+00:00\",\"dateModified\":\"2020-11-02T14:29:38+00:00\",\"description\":\"C\u2019est avec une immense tristesse que dirigeants, \u00e9ducateurs,\u00a0joueurs et parents du club de l\u2019USEL, ont appris la disparition tragique de Jean-Michel\u00a0 Berger\",\"breadcrumb\":{\"@id\":\"https:\/\/newsestlyonnais.fr\/site\/2017\/06\/03\/jonage-lusel-foot-est-en-deuil\/#breadcrumb\"},\"inLanguage\":\"fr-FR\",\"potentialAction\":[{\"@type\":\"ReadAction\",\"target\":[\"https:\/\/newsestlyonnais.fr\/site\/2017\/06\/03\/jonage-lusel-foot-est-en-deuil\/\"]}]},{\"@type\":\"ImageObject\",\"inLanguage\":\"fr-FR\",\"@id\":\"https:\/\/newsestlyonnais.fr\/site\/2017\/06\/03\/jonage-lusel-foot-est-en-deuil\/#primaryimage\",\"url\":\"https:\/\/newsestlyonnais.fr\/site\/medias\/2017\/06\/NEWSESTLYONNAIS-USEL-FOOT-DECES-EDUC-1.jpg\",\"contentUrl\":\"https:\/\/newsestlyonnais.fr\/site\/medias\/2017\/06\/NEWSESTLYONNAIS-USEL-FOOT-DECES-EDUC-1.jpg\"},{\"@type\":\"BreadcrumbList\",\"@id\":\"https:\/\/newsestlyonnais.fr\/site\/2017\/06\/03\/jonage-lusel-foot-est-en-deuil\/#breadcrumb\",\"itemListElement\":[{\"@type\":\"ListItem\",\"position\":1,\"name\":\"Accueil\",\"item\":\"https:\/\/newsestlyonnais.fr\/site\/\"},{\"@type\":\"ListItem\",\"position\":2,\"name\":\"JONAGE | L&rsquo;USEL Foot est en deuil\"}]},{\"@type\":\"WebSite\",\"@id\":\"https:\/\/newsestlyonnais.fr\/site\/#website\",\"url\":\"https:\/\/newsestlyonnais.fr\/site\/\",\"name\":\"News Est Lyonnais\",\"description\":\"L&#039;actualit\u00e9 au plus pr\u00e8s\",\"publisher\":{\"@id\":\"https:\/\/newsestlyonnais.fr\/site\/#organization\"},\"potentialAction\":[{\"@type\":\"SearchAction\",\"target\":{\"@type\":\"EntryPoint\",\"urlTemplate\":\"https:\/\/newsestlyonnais.fr\/site\/?s={search_term_string}\"},\"query-input\":{\"@type\":\"PropertyValueSpecification\",\"valueRequired\":true,\"valueName\":\"search_term_string\"}}],\"inLanguage\":\"fr-FR\"},{\"@type\":\"Organization\",\"@id\":\"https:\/\/newsestlyonnais.fr\/site\/#organization\",\"name\":\"News EST LYONNAIS\",\"url\":\"https:\/\/newsestlyonnais.fr\/site\/\",\"logo\":{\"@type\":\"ImageObject\",\"inLanguage\":\"fr-FR\",\"@id\":\"https:\/\/newsestlyonnais.fr\/site\/#\/schema\/logo\/image\/\",\"url\":\"\",\"contentUrl\":\"\",\"caption\":\"News EST LYONNAIS\"},\"image\":{\"@id\":\"https:\/\/newsestlyonnais.fr\/site\/#\/schema\/logo\/image\/\"}},{\"@type\":\"Person\",\"@id\":\"https:\/\/newsestlyonnais.fr\/site\/#\/schema\/person\/3230d5615f390bb808365d673001e887\",\"name\":\"R\u00e9dac. NEWS\",\"sameAs\":[\"http:\/\/www.newsestlyonnais.fr\",\"https:\/\/www.facebook.com\/pascal.oberson.1?fref=ts\",\"https:\/\/fr.linkedin.com\/in\/pascal-oberson-b17045113\"],\"url\":\"https:\/\/newsestlyonnais.fr\/site\/author\/nel\/\"}]}<\/script>\n<!-- \/ Yoast SEO plugin. -->","yoast_head_json":{"title":"JONAGE | L'USEL Foot est en deuil - News Est Lyonnais","description":"C\u2019est avec une immense tristesse que dirigeants, \u00e9ducateurs,\u00a0joueurs et parents du club de l\u2019USEL, ont appris la disparition tragique de Jean-Michel\u00a0 Berger","robots":{"index":"index","follow":"follow","max-snippet":"max-snippet:-1","max-image-preview":"max-image-preview:large","max-video-preview":"max-video-preview:-1"},"canonical":"https:\/\/newsestlyonnais.fr\/site\/2017\/06\/03\/jonage-lusel-foot-est-en-deuil\/","og_locale":"fr_FR","og_type":"article","og_title":"JONAGE | L'USEL Foot est en deuil - News Est Lyonnais","og_description":"C\u2019est avec une immense tristesse que dirigeants, \u00e9ducateurs,\u00a0joueurs et parents du club de l\u2019USEL, ont appris la disparition tragique de Jean-Michel\u00a0 Berger","og_url":"https:\/\/newsestlyonnais.fr\/site\/2017\/06\/03\/jonage-lusel-foot-est-en-deuil\/","og_site_name":"News Est Lyonnais","article_author":"https:\/\/www.facebook.com\/pascal.oberson.1?fref=ts","article_published_time":"2017-06-03T10:45:50+00:00","article_modified_time":"2020-11-02T14:29:38+00:00","og_image":[{"url":"https:\/\/newsestlyonnais.fr\/site\/medias\/2017\/06\/NEWSESTLYONNAIS-USEL-FOOT-DECES-EDUC-1.jpg","type":"","width":"","height":""}],"author":"R\u00e9dac. NEWS","twitter_card":"summary_large_image","twitter_misc":{"\u00c9crit par":"R\u00e9dac. NEWS"},"schema":{"@context":"https:\/\/schema.org","@graph":[{"@type":"Article","@id":"https:\/\/newsestlyonnais.fr\/site\/2017\/06\/03\/jonage-lusel-foot-est-en-deuil\/#article","isPartOf":{"@id":"https:\/\/newsestlyonnais.fr\/site\/2017\/06\/03\/jonage-lusel-foot-est-en-deuil\/"},"author":{"name":"R\u00e9dac. NEWS","@id":"https:\/\/newsestlyonnais.fr\/site\/#\/schema\/person\/3230d5615f390bb808365d673001e887"},"headline":"JONAGE | L&rsquo;USEL Foot est en deuil","datePublished":"2017-06-03T10:45:50+00:00","dateModified":"2020-11-02T14:29:38+00:00","mainEntityOfPage":{"@id":"https:\/\/newsestlyonnais.fr\/site\/2017\/06\/03\/jonage-lusel-foot-est-en-deuil\/"},"wordCount":84,"commentCount":0,"publisher":{"@id":"https:\/\/newsestlyonnais.fr\/site\/#organization"},"image":{"@id":"https:\/\/newsestlyonnais.fr\/site\/2017\/06\/03\/jonage-lusel-foot-est-en-deuil\/#primaryimage"},"thumbnailUrl":"https:\/\/newsestlyonnais.fr\/site\/medias\/2017\/06\/NEWSESTLYONNAIS-USEL-FOOT-DECES-EDUC-1.jpg","articleSection":["Foot | Futsal","Foot | Rugby","Jonage"],"inLanguage":"fr-FR","potentialAction":[{"@type":"CommentAction","name":"Comment","target":["https:\/\/newsestlyonnais.fr\/site\/2017\/06\/03\/jonage-lusel-foot-est-en-deuil\/#respond"]}]},{"@type":"WebPage","@id":"https:\/\/newsestlyonnais.fr\/site\/2017\/06\/03\/jonage-lusel-foot-est-en-deuil\/","url":"https:\/\/newsestlyonnais.fr\/site\/2017\/06\/03\/jonage-lusel-foot-est-en-deuil\/","name":"JONAGE | L'USEL Foot est en deuil - News Est Lyonnais","isPartOf":{"@id":"https:\/\/newsestlyonnais.fr\/site\/#website"},"primaryImageOfPage":{"@id":"https:\/\/newsestlyonnais.fr\/site\/2017\/06\/03\/jonage-lusel-foot-est-en-deuil\/#primaryimage"},"image":{"@id":"https:\/\/newsestlyonnais.fr\/site\/2017\/06\/03\/jonage-lusel-foot-est-en-deuil\/#primaryimage"},"thumbnailUrl":"https:\/\/newsestlyonnais.fr\/site\/medias\/2017\/06\/NEWSESTLYONNAIS-USEL-FOOT-DECES-EDUC-1.jpg","datePublished":"2017-06-03T10:45:50+00:00","dateModified":"2020-11-02T14:29:38+00:00","description":"C\u2019est avec une immense tristesse que dirigeants, \u00e9ducateurs,\u00a0joueurs et parents du club de l\u2019USEL, ont appris la disparition tragique de Jean-Michel\u00a0 Berger","breadcrumb":{"@id":"https:\/\/newsestlyonnais.fr\/site\/2017\/06\/03\/jonage-lusel-foot-est-en-deuil\/#breadcrumb"},"inLanguage":"fr-FR","potentialAction":[{"@type":"ReadAction","target":["https:\/\/newsestlyonnais.fr\/site\/2017\/06\/03\/jonage-lusel-foot-est-en-deuil\/"]}]},{"@type":"ImageObject","inLanguage":"fr-FR","@id":"https:\/\/newsestlyonnais.fr\/site\/2017\/06\/03\/jonage-lusel-foot-est-en-deuil\/#primaryimage","url":"https:\/\/newsestlyonnais.fr\/site\/medias\/2017\/06\/NEWSESTLYONNAIS-USEL-FOOT-DECES-EDUC-1.jpg","contentUrl":"https:\/\/newsestlyonnais.fr\/site\/medias\/2017\/06\/NEWSESTLYONNAIS-USEL-FOOT-DECES-EDUC-1.jpg"},{"@type":"BreadcrumbList","@id":"https:\/\/newsestlyonnais.fr\/site\/2017\/06\/03\/jonage-lusel-foot-est-en-deuil\/#breadcrumb","itemListElement":[{"@type":"ListItem","position":1,"name":"Accueil","item":"https:\/\/newsestlyonnais.fr\/site\/"},{"@type":"ListItem","position":2,"name":"JONAGE | L&rsquo;USEL Foot est en deuil"}]},{"@type":"WebSite","@id":"https:\/\/newsestlyonnais.fr\/site\/#website","url":"https:\/\/newsestlyonnais.fr\/site\/","name":"News Est Lyonnais","description":"L&#039;actualit\u00e9 au plus pr\u00e8s","publisher":{"@id":"https:\/\/newsestlyonnais.fr\/site\/#organization"},"potentialAction":[{"@type":"SearchAction","target":{"@type":"EntryPoint","urlTemplate":"https:\/\/newsestlyonnais.fr\/site\/?s={search_term_string}"},"query-input":{"@type":"PropertyValueSpecification","valueRequired":true,"valueName":"search_term_string"}}],"inLanguage":"fr-FR"},{"@type":"Organization","@id":"https:\/\/newsestlyonnais.fr\/site\/#organization","name":"News EST LYONNAIS","url":"https:\/\/newsestlyonnais.fr\/site\/","logo":{"@type":"ImageObject","inLanguage":"fr-FR","@id":"https:\/\/newsestlyonnais.fr\/site\/#\/schema\/logo\/image\/","url":"","contentUrl":"","caption":"News EST LYONNAIS"},"image":{"@id":"https:\/\/newsestlyonnais.fr\/site\/#\/schema\/logo\/image\/"}},{"@type":"Person","@id":"https:\/\/newsestlyonnais.fr\/site\/#\/schema\/person\/3230d5615f390bb808365d673001e887","name":"R\u00e9dac. NEWS","sameAs":["http:\/\/www.newsestlyonnais.fr","https:\/\/www.facebook.com\/pascal.oberson.1?fref=ts","https:\/\/fr.linkedin.com\/in\/pascal-oberson-b17045113"],"url":"https:\/\/newsestlyonnais.fr\/site\/author\/nel\/"}]}},"_links":{"self":[{"href":"https:\/\/newsestlyonnais.fr\/site\/wp-json\/wp\/v2\/posts\/28376","targetHints":{"allow":["GET"]}}],"collection":[{"href":"https:\/\/newsestlyonnais.fr\/site\/wp-json\/wp\/v2\/posts"}],"about":[{"href":"https:\/\/newsestlyonnais.fr\/site\/wp-json\/wp\/v2\/types\/post"}],"author":[{"embeddable":true,"href":"https:\/\/newsestlyonnais.fr\/site\/wp-json\/wp\/v2\/users\/4"}],"replies":[{"embeddable":true,"href":"https:\/\/newsestlyonnais.fr\/site\/wp-json\/wp\/v2\/comments?post=28376"}],"version-history":[{"count":0,"href":"https:\/\/newsestlyonnais.fr\/site\/wp-json\/wp\/v2\/posts\/28376\/revisions"}],"wp:attachment":[{"href":"https:\/\/newsestlyonnais.fr\/site\/wp-json\/wp\/v2\/media?parent=28376"}],"wp:term":[{"taxonomy":"category","embeddable":true,"href":"https:\/\/newsestlyonnais.fr\/site\/wp-json\/wp\/v2\/categories?post=28376"},{"taxonomy":"post_tag","embeddable":true,"href":"https:\/\/newsestlyonnais.fr\/site\/wp-json\/wp\/v2\/tags?post=28376"}],"curies":[{"name":"wp","href":"https:\/\/api.w.org\/{rel}","templated":true}]}}