{"id":28383,"date":"2017-06-04T15:42:33","date_gmt":"2017-06-04T14:42:33","guid":{"rendered":"http:\/\/newsestlyonnais.fr\/site\/?p=28383"},"modified":"2020-11-17T13:39:18","modified_gmt":"2020-11-17T12:39:18","slug":"lyon-3-expo-photo-sur-la-miniera-pasquasia-jusquau-8-juin","status":"publish","type":"post","link":"https:\/\/newsestlyonnais.fr\/site\/2017\/06\/04\/lyon-3-expo-photo-sur-la-miniera-pasquasia-jusquau-8-juin\/","title":{"rendered":"LYON 3 | Expo photo sur \u00ab\u00a0La Miniera Pasquasia\u00a0\u00bb jusqu&rsquo;au 8 juin"},"content":{"rendered":"<h4>Quoi de plus symbolique lieu que La Maison des Italiens bas\u00e9e dans le quartier lyonnais de Lacassagne-Dauphin\u00e9 pour pr\u00e9senter une exposition photos sur une ancienne mine de Sicile ?<\/h4>\n<p>Une expo propos\u00e9e par 3 personnes qui ne sont pourtant pas des photographes professionnels: deux amis Guillaume Schroll, Tony Balsamo et son cousin Fabiano Pappalardo.<\/p>\n<p><strong>L&rsquo;id\u00e9e<\/strong>: de Tony Balsamo, qui a souhait\u00e9 montrer la mine Pasquaisa d&rsquo;une mani\u00e8re diff\u00e9rente et surtout plus positive. \u00a0\u00bb Elle est situ\u00e9e en plein centre de la Sicile, \u00e0 18 km d&rsquo;Enna et mon oncle y a travaill\u00e9 plus de 40 ans. Ouverte en 1919, elle a employ\u00e9 plus de 600 personnes et a \u00e9t\u00e9 ferm\u00e9e en 1992 pour diverses raisons. Tout le monde dans la r\u00e9gion avait un parent ou un proche qui \u00e9tait descendu jusqu&rsquo;\u00e0 1200 m\u00e8tres sous terre pour de l&rsquo;extraction de sel dans cette r\u00e9serve\u00a0\u00bb.<\/p>\n<p><em><strong>Le concept<\/strong><\/em>: 3 personnes portant blouses et masques ont pos\u00e9 au m\u00eame endroit, tr\u00e9pieds et appareils photos. Ceci pour une prise de photos avec retardateur et au m\u00eame moment, sous des angles diff\u00e9rents apr\u00e8s un jour de rep\u00e9rage et le second pour la prise de vues. Une op\u00e9ration collective men\u00e9e en octobre 2015 qui a permis de ramener plus de 2000 photos. Chacun des 3 protagonistes les travaillant ensuite individuellement mais sans apporter aucune retouche afin de bien redonner l&rsquo;ambiance que l&rsquo;on souhaite. Frissons, joie et peur ont tour \u00e0 tour envahi les corps des 3 photographes d&rsquo;un jour dans une enceinte de 70 hectares encore rest\u00e9e \u00e0 l&rsquo;identique, comme s&rsquo;il y avait encore une vie !<\/p>\n<p>Un projet unique UTP3 compos\u00e9 de 26 triptyques ainsi pr\u00e9sent\u00e9s lors de cette exposition dont le vernissage a eu lieu en pr\u00e9sence de 200 personnes. D&rsquo;autres expos seront ensuite programm\u00e9es sur le territoire national.<\/p>\n<ul>\n<li>\n<h3>Exposition du 1\u00b0 au 8 juin \u00e0 la Maison des Italiens (82 rue du Dauphin\u00e9 \u00e0 Lyon 3\u00b0) sur rendez-vous, contact: 04.78.54.35.06<\/h3>\n<\/li>\n<\/ul>\n<div id='gallery-1' class='gallery galleryid-28383 gallery-columns-3 gallery-size-thumbnail'><figure class='gallery-item'>\n\t\t\t<div class='gallery-icon landscape'>\n\t\t\t\t<a href='https:\/\/newsestlyonnais.fr\/site\/2017\/06\/04\/lyon-3-expo-photo-sur-la-miniera-pasquasia-jusquau-8-juin\/newsestlyonnais-expo-02-utp3\/'><img loading=\"lazy\" decoding=\"async\" width=\"150\" height=\"150\" src=\"https:\/\/newsestlyonnais.fr\/site\/wp-content\/uploads\/2017\/06\/NEWSESTLYONNAIS-EXPO-02-UTP3--150x150.jpg\" class=\"attachment-thumbnail size-thumbnail\" alt=\"NEWSESTLYONNAIS EXPO 02 UTP3\" \/><\/a>\n\t\t\t<\/div><\/figure><figure class='gallery-item'>\n\t\t\t<div class='gallery-icon landscape'>\n\t\t\t\t<a href='https:\/\/newsestlyonnais.fr\/site\/2017\/06\/04\/lyon-3-expo-photo-sur-la-miniera-pasquasia-jusquau-8-juin\/newsestlyonnais-expo-utp3-03\/'><img loading=\"lazy\" decoding=\"async\" width=\"150\" height=\"150\" src=\"https:\/\/newsestlyonnais.fr\/site\/wp-content\/uploads\/2017\/06\/NEWSESTLYONNAIS-EXPO-UTP3-03-150x150.jpg\" class=\"attachment-thumbnail size-thumbnail\" alt=\"\" \/><\/a>\n\t\t\t<\/div><\/figure><figure class='gallery-item'>\n\t\t\t<div class='gallery-icon landscape'>\n\t\t\t\t<a href='https:\/\/newsestlyonnais.fr\/site\/2017\/06\/04\/lyon-3-expo-photo-sur-la-miniera-pasquasia-jusquau-8-juin\/newsestlyonnais-expo-mine-01\/'><img loading=\"lazy\" decoding=\"async\" width=\"150\" height=\"150\" src=\"https:\/\/newsestlyonnais.fr\/site\/wp-content\/uploads\/2017\/06\/NEWSESTLYONNAIS-EXPO-MINE-01-150x150.jpg\" class=\"attachment-thumbnail size-thumbnail\" alt=\"NEWSESTLYONNAIS - EXPO MINE 01\" \/><\/a>\n\t\t\t<\/div><\/figure><figure class='gallery-item'>\n\t\t\t<div class='gallery-icon landscape'>\n\t\t\t\t<a href='https:\/\/newsestlyonnais.fr\/site\/2017\/06\/04\/lyon-3-expo-photo-sur-la-miniera-pasquasia-jusquau-8-juin\/newsestlyonnais-expo-utp3-04\/'><img loading=\"lazy\" decoding=\"async\" width=\"150\" height=\"150\" src=\"https:\/\/newsestlyonnais.fr\/site\/wp-content\/uploads\/2017\/06\/NEWSESTLYONNAIS-expo-utp3-04-150x150.jpg\" class=\"attachment-thumbnail size-thumbnail\" alt=\"\" \/><\/a>\n\t\t\t<\/div><\/figure>\n\t\t<\/div>\n\n","protected":false},"excerpt":{"rendered":"<p>Quoi de plus symbolique lieu que La Maison des Italiens bas\u00e9e dans le quartier lyonnais de Lacassagne-Dauphin\u00e9 pour pr\u00e9senter une exposition photos sur une ancienne mine de Sicile ? Une expo propos\u00e9e par 3 personnes qui ne sont pourtant pas des photographes professionnels: deux amis Guillaume Schroll, Tony Balsamo et son cousin Fabiano Pappalardo. L&rsquo;id\u00e9e: [&hellip;]<\/p>\n","protected":false},"author":4,"featured_media":28129,"comment_status":"open","ping_status":"open","sticky":false,"template":"","format":"standard","meta":{"footnotes":""},"categories":[3329,1625,3007,172],"tags":[],"class_list":["post-28383","post","type-post","status-publish","format-standard","has-post-thumbnail","hentry","category-expos-foires-musees-salons","category-lyon","category-peinture-photo-sculpture","category-travaux-amenagements"],"yoast_head":"<!-- This site is optimized with the Yoast SEO plugin v27.2 - https:\/\/yoast.com\/product\/yoast-seo-wordpress\/ -->\n<title>LYON 3\u00b0 : L&#039;Expo photo sur &quot;La Miniera Pasquasia&quot; en Sicile se poursuit jusqu&#039;au 8 juin<\/title>\n<meta name=\"description\" content=\"LYON 3\u00b0 : L&#039;Expo photo sur &quot;La Miniera Pasquasia&quot; en Sicile se poursuit jusqu&#039;au 8 juin\" \/>\n<meta name=\"robots\" content=\"index, follow, max-snippet:-1, max-image-preview:large, max-video-preview:-1\" \/>\n<link rel=\"canonical\" href=\"https:\/\/newsestlyonnais.fr\/site\/2017\/06\/04\/lyon-3-expo-photo-sur-la-miniera-pasquasia-jusquau-8-juin\/\" \/>\n<meta property=\"og:locale\" content=\"fr_FR\" \/>\n<meta property=\"og:type\" content=\"article\" \/>\n<meta property=\"og:title\" content=\"LYON 3\u00b0 : L&#039;Expo photo sur &quot;La Miniera Pasquasia&quot; en Sicile se poursuit jusqu&#039;au 8 juin\" \/>\n<meta property=\"og:description\" content=\"LYON 3\u00b0 : L&#039;Expo photo sur &quot;La Miniera Pasquasia&quot; en Sicile se poursuit jusqu&#039;au 8 juin\" \/>\n<meta property=\"og:url\" content=\"https:\/\/newsestlyonnais.fr\/site\/2017\/06\/04\/lyon-3-expo-photo-sur-la-miniera-pasquasia-jusquau-8-juin\/\" \/>\n<meta property=\"og:site_name\" content=\"News Est Lyonnais\" \/>\n<meta property=\"article:author\" content=\"https:\/\/www.facebook.com\/pascal.oberson.1?fref=ts\" \/>\n<meta property=\"article:published_time\" content=\"2017-06-04T14:42:33+00:00\" \/>\n<meta property=\"article:modified_time\" content=\"2020-11-17T12:39:18+00:00\" \/>\n<meta property=\"og:image\" content=\"https:\/\/i2.wp.com\/newsestlyonnais.fr\/site\/wp-content\/uploads\/2017\/06\/NEWSESTLYONNAIS-EXPO-PHOTO-.jpg?fit=1000%2C750&ssl=1\" \/>\n\t<meta property=\"og:image:width\" content=\"1000\" \/>\n\t<meta property=\"og:image:height\" content=\"750\" \/>\n\t<meta property=\"og:image:type\" content=\"image\/jpeg\" \/>\n<meta name=\"author\" content=\"R\u00e9dac. NEWS\" \/>\n<meta name=\"twitter:card\" content=\"summary_large_image\" \/>\n<meta name=\"twitter:label1\" content=\"\u00c9crit par\" \/>\n\t<meta name=\"twitter:data1\" content=\"R\u00e9dac. NEWS\" \/>\n\t<meta name=\"twitter:label2\" content=\"Dur\u00e9e de lecture estim\u00e9e\" \/>\n\t<meta name=\"twitter:data2\" content=\"2 minutes\" \/>\n<script type=\"application\/ld+json\" class=\"yoast-schema-graph\">{\"@context\":\"https:\/\/schema.org\",\"@graph\":[{\"@type\":\"Article\",\"@id\":\"https:\/\/newsestlyonnais.fr\/site\/2017\/06\/04\/lyon-3-expo-photo-sur-la-miniera-pasquasia-jusquau-8-juin\/#article\",\"isPartOf\":{\"@id\":\"https:\/\/newsestlyonnais.fr\/site\/2017\/06\/04\/lyon-3-expo-photo-sur-la-miniera-pasquasia-jusquau-8-juin\/\"},\"author\":{\"name\":\"R\u00e9dac. NEWS\",\"@id\":\"https:\/\/newsestlyonnais.fr\/site\/#\/schema\/person\/3230d5615f390bb808365d673001e887\"},\"headline\":\"LYON 3 | Expo photo sur \u00ab\u00a0La Miniera Pasquasia\u00a0\u00bb jusqu&rsquo;au 8 juin\",\"datePublished\":\"2017-06-04T14:42:33+00:00\",\"dateModified\":\"2020-11-17T12:39:18+00:00\",\"mainEntityOfPage\":{\"@id\":\"https:\/\/newsestlyonnais.fr\/site\/2017\/06\/04\/lyon-3-expo-photo-sur-la-miniera-pasquasia-jusquau-8-juin\/\"},\"wordCount\":336,\"commentCount\":0,\"publisher\":{\"@id\":\"https:\/\/newsestlyonnais.fr\/site\/#organization\"},\"image\":{\"@id\":\"https:\/\/newsestlyonnais.fr\/site\/2017\/06\/04\/lyon-3-expo-photo-sur-la-miniera-pasquasia-jusquau-8-juin\/#primaryimage\"},\"thumbnailUrl\":\"https:\/\/newsestlyonnais.fr\/site\/wp-content\/uploads\/2017\/06\/NEWSESTLYONNAIS-EXPO-PHOTO-.jpg\",\"articleSection\":[\"Expos | Foires | Mus\u00e9es | Salons\",\"Lyon\",\"Peinture | Photo | Sculpture\",\"Travaux | Am\u00e9nagements\"],\"inLanguage\":\"fr-FR\",\"potentialAction\":[{\"@type\":\"CommentAction\",\"name\":\"Comment\",\"target\":[\"https:\/\/newsestlyonnais.fr\/site\/2017\/06\/04\/lyon-3-expo-photo-sur-la-miniera-pasquasia-jusquau-8-juin\/#respond\"]}]},{\"@type\":\"WebPage\",\"@id\":\"https:\/\/newsestlyonnais.fr\/site\/2017\/06\/04\/lyon-3-expo-photo-sur-la-miniera-pasquasia-jusquau-8-juin\/\",\"url\":\"https:\/\/newsestlyonnais.fr\/site\/2017\/06\/04\/lyon-3-expo-photo-sur-la-miniera-pasquasia-jusquau-8-juin\/\",\"name\":\"LYON 3\u00b0 : L'Expo photo sur \\\"La Miniera Pasquasia\\\" en Sicile se poursuit jusqu'au 8 juin\",\"isPartOf\":{\"@id\":\"https:\/\/newsestlyonnais.fr\/site\/#website\"},\"primaryImageOfPage\":{\"@id\":\"https:\/\/newsestlyonnais.fr\/site\/2017\/06\/04\/lyon-3-expo-photo-sur-la-miniera-pasquasia-jusquau-8-juin\/#primaryimage\"},\"image\":{\"@id\":\"https:\/\/newsestlyonnais.fr\/site\/2017\/06\/04\/lyon-3-expo-photo-sur-la-miniera-pasquasia-jusquau-8-juin\/#primaryimage\"},\"thumbnailUrl\":\"https:\/\/newsestlyonnais.fr\/site\/wp-content\/uploads\/2017\/06\/NEWSESTLYONNAIS-EXPO-PHOTO-.jpg\",\"datePublished\":\"2017-06-04T14:42:33+00:00\",\"dateModified\":\"2020-11-17T12:39:18+00:00\",\"description\":\"LYON 3\u00b0 : L'Expo photo sur \\\"La Miniera Pasquasia\\\" en Sicile se poursuit jusqu'au 8 juin\",\"breadcrumb\":{\"@id\":\"https:\/\/newsestlyonnais.fr\/site\/2017\/06\/04\/lyon-3-expo-photo-sur-la-miniera-pasquasia-jusquau-8-juin\/#breadcrumb\"},\"inLanguage\":\"fr-FR\",\"potentialAction\":[{\"@type\":\"ReadAction\",\"target\":[\"https:\/\/newsestlyonnais.fr\/site\/2017\/06\/04\/lyon-3-expo-photo-sur-la-miniera-pasquasia-jusquau-8-juin\/\"]}]},{\"@type\":\"ImageObject\",\"inLanguage\":\"fr-FR\",\"@id\":\"https:\/\/newsestlyonnais.fr\/site\/2017\/06\/04\/lyon-3-expo-photo-sur-la-miniera-pasquasia-jusquau-8-juin\/#primaryimage\",\"url\":\"https:\/\/newsestlyonnais.fr\/site\/wp-content\/uploads\/2017\/06\/NEWSESTLYONNAIS-EXPO-PHOTO-.jpg\",\"contentUrl\":\"https:\/\/newsestlyonnais.fr\/site\/wp-content\/uploads\/2017\/06\/NEWSESTLYONNAIS-EXPO-PHOTO-.jpg\",\"width\":1000,\"height\":750,\"caption\":\"NEWSESTLYONNAIS- EXPO PHOTO\"},{\"@type\":\"BreadcrumbList\",\"@id\":\"https:\/\/newsestlyonnais.fr\/site\/2017\/06\/04\/lyon-3-expo-photo-sur-la-miniera-pasquasia-jusquau-8-juin\/#breadcrumb\",\"itemListElement\":[{\"@type\":\"ListItem\",\"position\":1,\"name\":\"Accueil\",\"item\":\"https:\/\/newsestlyonnais.fr\/site\/\"},{\"@type\":\"ListItem\",\"position\":2,\"name\":\"LYON 3 | Expo photo sur \u00ab\u00a0La Miniera Pasquasia\u00a0\u00bb jusqu&rsquo;au 8 juin\"}]},{\"@type\":\"WebSite\",\"@id\":\"https:\/\/newsestlyonnais.fr\/site\/#website\",\"url\":\"https:\/\/newsestlyonnais.fr\/site\/\",\"name\":\"News Est Lyonnais\",\"description\":\"L&#039;actualit\u00e9 au plus pr\u00e8s\",\"publisher\":{\"@id\":\"https:\/\/newsestlyonnais.fr\/site\/#organization\"},\"potentialAction\":[{\"@type\":\"SearchAction\",\"target\":{\"@type\":\"EntryPoint\",\"urlTemplate\":\"https:\/\/newsestlyonnais.fr\/site\/?s={search_term_string}\"},\"query-input\":{\"@type\":\"PropertyValueSpecification\",\"valueRequired\":true,\"valueName\":\"search_term_string\"}}],\"inLanguage\":\"fr-FR\"},{\"@type\":\"Organization\",\"@id\":\"https:\/\/newsestlyonnais.fr\/site\/#organization\",\"name\":\"News EST LYONNAIS\",\"url\":\"https:\/\/newsestlyonnais.fr\/site\/\",\"logo\":{\"@type\":\"ImageObject\",\"inLanguage\":\"fr-FR\",\"@id\":\"https:\/\/newsestlyonnais.fr\/site\/#\/schema\/logo\/image\/\",\"url\":\"\",\"contentUrl\":\"\",\"caption\":\"News EST LYONNAIS\"},\"image\":{\"@id\":\"https:\/\/newsestlyonnais.fr\/site\/#\/schema\/logo\/image\/\"}},{\"@type\":\"Person\",\"@id\":\"https:\/\/newsestlyonnais.fr\/site\/#\/schema\/person\/3230d5615f390bb808365d673001e887\",\"name\":\"R\u00e9dac. NEWS\",\"sameAs\":[\"http:\/\/www.newsestlyonnais.fr\",\"https:\/\/www.facebook.com\/pascal.oberson.1?fref=ts\",\"https:\/\/fr.linkedin.com\/in\/pascal-oberson-b17045113\"],\"url\":\"https:\/\/newsestlyonnais.fr\/site\/author\/nel\/\"}]}<\/script>\n<!-- \/ Yoast SEO plugin. -->","yoast_head_json":{"title":"LYON 3\u00b0 : L'Expo photo sur \"La Miniera Pasquasia\" en Sicile se poursuit jusqu'au 8 juin","description":"LYON 3\u00b0 : L'Expo photo sur \"La Miniera Pasquasia\" en Sicile se poursuit jusqu'au 8 juin","robots":{"index":"index","follow":"follow","max-snippet":"max-snippet:-1","max-image-preview":"max-image-preview:large","max-video-preview":"max-video-preview:-1"},"canonical":"https:\/\/newsestlyonnais.fr\/site\/2017\/06\/04\/lyon-3-expo-photo-sur-la-miniera-pasquasia-jusquau-8-juin\/","og_locale":"fr_FR","og_type":"article","og_title":"LYON 3\u00b0 : L'Expo photo sur \"La Miniera Pasquasia\" en Sicile se poursuit jusqu'au 8 juin","og_description":"LYON 3\u00b0 : L'Expo photo sur \"La Miniera Pasquasia\" en Sicile se poursuit jusqu'au 8 juin","og_url":"https:\/\/newsestlyonnais.fr\/site\/2017\/06\/04\/lyon-3-expo-photo-sur-la-miniera-pasquasia-jusquau-8-juin\/","og_site_name":"News Est Lyonnais","article_author":"https:\/\/www.facebook.com\/pascal.oberson.1?fref=ts","article_published_time":"2017-06-04T14:42:33+00:00","article_modified_time":"2020-11-17T12:39:18+00:00","og_image":[{"width":1000,"height":750,"url":"https:\/\/i2.wp.com\/newsestlyonnais.fr\/site\/wp-content\/uploads\/2017\/06\/NEWSESTLYONNAIS-EXPO-PHOTO-.jpg?fit=1000%2C750&ssl=1","type":"image\/jpeg"}],"author":"R\u00e9dac. NEWS","twitter_card":"summary_large_image","twitter_misc":{"\u00c9crit par":"R\u00e9dac. NEWS","Dur\u00e9e de lecture estim\u00e9e":"2 minutes"},"schema":{"@context":"https:\/\/schema.org","@graph":[{"@type":"Article","@id":"https:\/\/newsestlyonnais.fr\/site\/2017\/06\/04\/lyon-3-expo-photo-sur-la-miniera-pasquasia-jusquau-8-juin\/#article","isPartOf":{"@id":"https:\/\/newsestlyonnais.fr\/site\/2017\/06\/04\/lyon-3-expo-photo-sur-la-miniera-pasquasia-jusquau-8-juin\/"},"author":{"name":"R\u00e9dac. NEWS","@id":"https:\/\/newsestlyonnais.fr\/site\/#\/schema\/person\/3230d5615f390bb808365d673001e887"},"headline":"LYON 3 | Expo photo sur \u00ab\u00a0La Miniera Pasquasia\u00a0\u00bb jusqu&rsquo;au 8 juin","datePublished":"2017-06-04T14:42:33+00:00","dateModified":"2020-11-17T12:39:18+00:00","mainEntityOfPage":{"@id":"https:\/\/newsestlyonnais.fr\/site\/2017\/06\/04\/lyon-3-expo-photo-sur-la-miniera-pasquasia-jusquau-8-juin\/"},"wordCount":336,"commentCount":0,"publisher":{"@id":"https:\/\/newsestlyonnais.fr\/site\/#organization"},"image":{"@id":"https:\/\/newsestlyonnais.fr\/site\/2017\/06\/04\/lyon-3-expo-photo-sur-la-miniera-pasquasia-jusquau-8-juin\/#primaryimage"},"thumbnailUrl":"https:\/\/newsestlyonnais.fr\/site\/wp-content\/uploads\/2017\/06\/NEWSESTLYONNAIS-EXPO-PHOTO-.jpg","articleSection":["Expos | Foires | Mus\u00e9es | Salons","Lyon","Peinture | Photo | Sculpture","Travaux | Am\u00e9nagements"],"inLanguage":"fr-FR","potentialAction":[{"@type":"CommentAction","name":"Comment","target":["https:\/\/newsestlyonnais.fr\/site\/2017\/06\/04\/lyon-3-expo-photo-sur-la-miniera-pasquasia-jusquau-8-juin\/#respond"]}]},{"@type":"WebPage","@id":"https:\/\/newsestlyonnais.fr\/site\/2017\/06\/04\/lyon-3-expo-photo-sur-la-miniera-pasquasia-jusquau-8-juin\/","url":"https:\/\/newsestlyonnais.fr\/site\/2017\/06\/04\/lyon-3-expo-photo-sur-la-miniera-pasquasia-jusquau-8-juin\/","name":"LYON 3\u00b0 : L'Expo photo sur \"La Miniera Pasquasia\" en Sicile se poursuit jusqu'au 8 juin","isPartOf":{"@id":"https:\/\/newsestlyonnais.fr\/site\/#website"},"primaryImageOfPage":{"@id":"https:\/\/newsestlyonnais.fr\/site\/2017\/06\/04\/lyon-3-expo-photo-sur-la-miniera-pasquasia-jusquau-8-juin\/#primaryimage"},"image":{"@id":"https:\/\/newsestlyonnais.fr\/site\/2017\/06\/04\/lyon-3-expo-photo-sur-la-miniera-pasquasia-jusquau-8-juin\/#primaryimage"},"thumbnailUrl":"https:\/\/newsestlyonnais.fr\/site\/wp-content\/uploads\/2017\/06\/NEWSESTLYONNAIS-EXPO-PHOTO-.jpg","datePublished":"2017-06-04T14:42:33+00:00","dateModified":"2020-11-17T12:39:18+00:00","description":"LYON 3\u00b0 : L'Expo photo sur \"La Miniera Pasquasia\" en Sicile se poursuit jusqu'au 8 juin","breadcrumb":{"@id":"https:\/\/newsestlyonnais.fr\/site\/2017\/06\/04\/lyon-3-expo-photo-sur-la-miniera-pasquasia-jusquau-8-juin\/#breadcrumb"},"inLanguage":"fr-FR","potentialAction":[{"@type":"ReadAction","target":["https:\/\/newsestlyonnais.fr\/site\/2017\/06\/04\/lyon-3-expo-photo-sur-la-miniera-pasquasia-jusquau-8-juin\/"]}]},{"@type":"ImageObject","inLanguage":"fr-FR","@id":"https:\/\/newsestlyonnais.fr\/site\/2017\/06\/04\/lyon-3-expo-photo-sur-la-miniera-pasquasia-jusquau-8-juin\/#primaryimage","url":"https:\/\/newsestlyonnais.fr\/site\/wp-content\/uploads\/2017\/06\/NEWSESTLYONNAIS-EXPO-PHOTO-.jpg","contentUrl":"https:\/\/newsestlyonnais.fr\/site\/wp-content\/uploads\/2017\/06\/NEWSESTLYONNAIS-EXPO-PHOTO-.jpg","width":1000,"height":750,"caption":"NEWSESTLYONNAIS- EXPO PHOTO"},{"@type":"BreadcrumbList","@id":"https:\/\/newsestlyonnais.fr\/site\/2017\/06\/04\/lyon-3-expo-photo-sur-la-miniera-pasquasia-jusquau-8-juin\/#breadcrumb","itemListElement":[{"@type":"ListItem","position":1,"name":"Accueil","item":"https:\/\/newsestlyonnais.fr\/site\/"},{"@type":"ListItem","position":2,"name":"LYON 3 | Expo photo sur \u00ab\u00a0La Miniera Pasquasia\u00a0\u00bb jusqu&rsquo;au 8 juin"}]},{"@type":"WebSite","@id":"https:\/\/newsestlyonnais.fr\/site\/#website","url":"https:\/\/newsestlyonnais.fr\/site\/","name":"News Est Lyonnais","description":"L&#039;actualit\u00e9 au plus pr\u00e8s","publisher":{"@id":"https:\/\/newsestlyonnais.fr\/site\/#organization"},"potentialAction":[{"@type":"SearchAction","target":{"@type":"EntryPoint","urlTemplate":"https:\/\/newsestlyonnais.fr\/site\/?s={search_term_string}"},"query-input":{"@type":"PropertyValueSpecification","valueRequired":true,"valueName":"search_term_string"}}],"inLanguage":"fr-FR"},{"@type":"Organization","@id":"https:\/\/newsestlyonnais.fr\/site\/#organization","name":"News EST LYONNAIS","url":"https:\/\/newsestlyonnais.fr\/site\/","logo":{"@type":"ImageObject","inLanguage":"fr-FR","@id":"https:\/\/newsestlyonnais.fr\/site\/#\/schema\/logo\/image\/","url":"","contentUrl":"","caption":"News EST LYONNAIS"},"image":{"@id":"https:\/\/newsestlyonnais.fr\/site\/#\/schema\/logo\/image\/"}},{"@type":"Person","@id":"https:\/\/newsestlyonnais.fr\/site\/#\/schema\/person\/3230d5615f390bb808365d673001e887","name":"R\u00e9dac. NEWS","sameAs":["http:\/\/www.newsestlyonnais.fr","https:\/\/www.facebook.com\/pascal.oberson.1?fref=ts","https:\/\/fr.linkedin.com\/in\/pascal-oberson-b17045113"],"url":"https:\/\/newsestlyonnais.fr\/site\/author\/nel\/"}]}},"_links":{"self":[{"href":"https:\/\/newsestlyonnais.fr\/site\/wp-json\/wp\/v2\/posts\/28383","targetHints":{"allow":["GET"]}}],"collection":[{"href":"https:\/\/newsestlyonnais.fr\/site\/wp-json\/wp\/v2\/posts"}],"about":[{"href":"https:\/\/newsestlyonnais.fr\/site\/wp-json\/wp\/v2\/types\/post"}],"author":[{"embeddable":true,"href":"https:\/\/newsestlyonnais.fr\/site\/wp-json\/wp\/v2\/users\/4"}],"replies":[{"embeddable":true,"href":"https:\/\/newsestlyonnais.fr\/site\/wp-json\/wp\/v2\/comments?post=28383"}],"version-history":[{"count":0,"href":"https:\/\/newsestlyonnais.fr\/site\/wp-json\/wp\/v2\/posts\/28383\/revisions"}],"wp:featuredmedia":[{"embeddable":true,"href":"https:\/\/newsestlyonnais.fr\/site\/wp-json\/wp\/v2\/media\/28129"}],"wp:attachment":[{"href":"https:\/\/newsestlyonnais.fr\/site\/wp-json\/wp\/v2\/media?parent=28383"}],"wp:term":[{"taxonomy":"category","embeddable":true,"href":"https:\/\/newsestlyonnais.fr\/site\/wp-json\/wp\/v2\/categories?post=28383"},{"taxonomy":"post_tag","embeddable":true,"href":"https:\/\/newsestlyonnais.fr\/site\/wp-json\/wp\/v2\/tags?post=28383"}],"curies":[{"name":"wp","href":"https:\/\/api.w.org\/{rel}","templated":true}]}}