{"id":28563,"date":"2017-06-07T07:15:18","date_gmt":"2017-06-07T06:15:18","guid":{"rendered":"http:\/\/newsestlyonnais.fr\/site\/?p=28563"},"modified":"2020-11-09T06:02:10","modified_gmt":"2020-11-09T05:02:10","slug":"genas-nouveau-limmobilier-larrivee-di-b-f","status":"publish","type":"post","link":"https:\/\/newsestlyonnais.fr\/site\/2017\/06\/07\/genas-nouveau-limmobilier-larrivee-di-b-f\/","title":{"rendered":"GENAS | Du nouveau dans l&rsquo;immobilier avec l&rsquo;arriv\u00e9e d&rsquo;I.B.F. !"},"content":{"rendered":"<p>Il s&rsquo;agit d&rsquo;<em><strong>I.B.F. (Immobili\u00e8re Bernet Ferrara)<\/strong><\/em>, dirig\u00e9e par ses 2 associ\u00e9s, Muriel Ferrara &amp; Eric Bernet, agents immobiliers qui cumulent pas moins de 15 ann\u00e9es d&rsquo;exp\u00e9rience.<\/p>\n<p><strong>Une agence au slogan \u00e9vocateur \u00a0\u00bb Votre projet &#8230;. l&rsquo;essence de notre engagement !\u00a0\u00bb<\/strong> au sein de laquelle vos deux\u00a0 interlocuteurs vous proposent un accompagnement global: de la d\u00e9couverte du bien \u00e0 l&rsquo;achat ou \u00e0 la vente du bien. Une structure au fonctionnement et \u00e0 l&rsquo;approche diff\u00e9rents proposant une prestation avant tout locale et personnalis\u00e9e.<\/p>\n<p>Des biens (appartements, maisons, terrains) propos\u00e9s \u00e0 la vente ou \u00e0 l&rsquo;achat et ceci dans tout l&rsquo;EST LYONNAIS.<\/p>\n<p>&#8212;&#8212;&#8212;&#8212;&#8212;&#8212;&#8212;&#8212;&#8212;&#8212;&#8212;&#8212;&#8212;&#8212;&#8212;&#8212;&#8212;&#8212;&#8212;&#8212;&#8212;&#8212;&#8212;&#8212;&#8212;&#8212;&#8212;&#8212;&#8212;&#8212;&#8212;&#8212;&#8212;&#8212;&#8212;&#8212;&#8212;&#8212;&#8212;&#8212;&#8212;&#8212;&#8212;&#8212;&#8212;&#8211;<\/p>\n<p><span style=\"text-decoration: underline\"><em>I.B.F. 39 rue de la R\u00e9publique \u00e0 Genas. T\u00e9l. 04.28.29.06.30<\/em><\/span><\/p>\n<ul>\n<li>\n<h4>Retrouvez l&rsquo;agence I.B.F. sur : <a href=\"http:\/\/www.ibfimmo.fr\" target=\"_blank\" rel=\"noopener noreferrer\">http:\/\/www.ibfimmo.fr<\/a><\/h4>\n<\/li>\n<\/ul>\n<p>&#8212;&#8212;&#8212;&#8212;&#8212;&#8212;&#8212;&#8212;&#8212;&#8212;&#8212;&#8212;&#8212;&#8212;&#8212;&#8212;&#8212;&#8212;&#8212;&#8212;&#8212;&#8212;&#8212;&#8212;&#8212;&#8212;&#8212;&#8212;&#8212;&#8212;&#8212;&#8212;&#8212;&#8212;&#8212;&#8212;&#8212;&#8212;&#8212;&#8212;&#8212;&#8212;&#8212;&#8212;&#8212;&#8211;<\/p>\n<p><strong>NOTA<\/strong>: I.B.F. est membre des associations suivantes: ACtiv&rsquo;Genas-Azieu &amp; Mi-Plaine Entreprises.<\/p>\n","protected":false},"excerpt":{"rendered":"<p>Depuis le 1\u00b0 juin 2017, une nouvelle offre immobili\u00e8re et commerciale s&rsquo;est en effet implant\u00e9e sur la commune genassienne.<\/p>\n","protected":false},"author":4,"featured_media":28566,"comment_status":"open","ping_status":"open","sticky":false,"template":"","format":"standard","meta":{"footnotes":""},"categories":[2970,270,1598,11],"tags":[],"class_list":["post-28563","post","type-post","status-publish","format-standard","has-post-thumbnail","hentry","category-artisans-commerces-economie","category-cte-de-communes-c-c-e-l","category-genas","category-immobilier-logement"],"yoast_head":"<!-- This site is optimized with the Yoast SEO plugin v27.2 - https:\/\/yoast.com\/product\/yoast-seo-wordpress\/ -->\n<title>GENAS : Du nouveau dans l&#039;immobilier avec l&#039;arriv\u00e9e d&#039;I.B.F. !<\/title>\n<meta name=\"description\" content=\"GENAS : Du nouveau dans l&#039;immobilier avec l&#039;arriv\u00e9e d&#039;I.B.F. !\" \/>\n<meta name=\"robots\" content=\"index, follow, max-snippet:-1, max-image-preview:large, max-video-preview:-1\" \/>\n<link rel=\"canonical\" href=\"https:\/\/newsestlyonnais.fr\/site\/2017\/06\/07\/genas-nouveau-limmobilier-larrivee-di-b-f\/\" \/>\n<meta property=\"og:locale\" content=\"fr_FR\" \/>\n<meta property=\"og:type\" content=\"article\" \/>\n<meta property=\"og:title\" content=\"GENAS : Du nouveau dans l&#039;immobilier avec l&#039;arriv\u00e9e d&#039;I.B.F. !\" \/>\n<meta property=\"og:description\" content=\"GENAS : Du nouveau dans l&#039;immobilier avec l&#039;arriv\u00e9e d&#039;I.B.F. !\" \/>\n<meta property=\"og:url\" content=\"https:\/\/newsestlyonnais.fr\/site\/2017\/06\/07\/genas-nouveau-limmobilier-larrivee-di-b-f\/\" \/>\n<meta property=\"og:site_name\" content=\"News Est Lyonnais\" \/>\n<meta property=\"article:author\" content=\"https:\/\/www.facebook.com\/pascal.oberson.1?fref=ts\" \/>\n<meta property=\"article:published_time\" content=\"2017-06-07T06:15:18+00:00\" \/>\n<meta property=\"article:modified_time\" content=\"2020-11-09T05:02:10+00:00\" \/>\n<meta property=\"og:image\" content=\"https:\/\/i1.wp.com\/newsestlyonnais.fr\/site\/wp-content\/uploads\/2017\/06\/NEWSESTLYONNAIS-ibf-immo.jpg?fit=1000%2C750&ssl=1\" \/>\n\t<meta property=\"og:image:width\" content=\"1000\" \/>\n\t<meta property=\"og:image:height\" content=\"750\" \/>\n\t<meta property=\"og:image:type\" content=\"image\/jpeg\" \/>\n<meta name=\"author\" content=\"R\u00e9dac. NEWS\" \/>\n<meta name=\"twitter:card\" content=\"summary_large_image\" \/>\n<meta name=\"twitter:label1\" content=\"\u00c9crit par\" \/>\n\t<meta name=\"twitter:data1\" content=\"R\u00e9dac. NEWS\" \/>\n\t<meta name=\"twitter:label2\" content=\"Dur\u00e9e de lecture estim\u00e9e\" \/>\n\t<meta name=\"twitter:data2\" content=\"1 minute\" \/>\n<script type=\"application\/ld+json\" class=\"yoast-schema-graph\">{\"@context\":\"https:\/\/schema.org\",\"@graph\":[{\"@type\":\"Article\",\"@id\":\"https:\/\/newsestlyonnais.fr\/site\/2017\/06\/07\/genas-nouveau-limmobilier-larrivee-di-b-f\/#article\",\"isPartOf\":{\"@id\":\"https:\/\/newsestlyonnais.fr\/site\/2017\/06\/07\/genas-nouveau-limmobilier-larrivee-di-b-f\/\"},\"author\":{\"name\":\"R\u00e9dac. NEWS\",\"@id\":\"https:\/\/newsestlyonnais.fr\/site\/#\/schema\/person\/3230d5615f390bb808365d673001e887\"},\"headline\":\"GENAS | Du nouveau dans l&rsquo;immobilier avec l&rsquo;arriv\u00e9e d&rsquo;I.B.F. !\",\"datePublished\":\"2017-06-07T06:15:18+00:00\",\"dateModified\":\"2020-11-09T05:02:10+00:00\",\"mainEntityOfPage\":{\"@id\":\"https:\/\/newsestlyonnais.fr\/site\/2017\/06\/07\/genas-nouveau-limmobilier-larrivee-di-b-f\/\"},\"wordCount\":160,\"commentCount\":0,\"publisher\":{\"@id\":\"https:\/\/newsestlyonnais.fr\/site\/#organization\"},\"image\":{\"@id\":\"https:\/\/newsestlyonnais.fr\/site\/2017\/06\/07\/genas-nouveau-limmobilier-larrivee-di-b-f\/#primaryimage\"},\"thumbnailUrl\":\"https:\/\/newsestlyonnais.fr\/site\/wp-content\/uploads\/2017\/06\/NEWSESTLYONNAIS-ibf-immo.jpg\",\"articleSection\":[\"Artisans | Commerces\",\"CCEL | Communes\",\"Genas\",\"Immobilier | Logement\"],\"inLanguage\":\"fr-FR\",\"potentialAction\":[{\"@type\":\"CommentAction\",\"name\":\"Comment\",\"target\":[\"https:\/\/newsestlyonnais.fr\/site\/2017\/06\/07\/genas-nouveau-limmobilier-larrivee-di-b-f\/#respond\"]}]},{\"@type\":\"WebPage\",\"@id\":\"https:\/\/newsestlyonnais.fr\/site\/2017\/06\/07\/genas-nouveau-limmobilier-larrivee-di-b-f\/\",\"url\":\"https:\/\/newsestlyonnais.fr\/site\/2017\/06\/07\/genas-nouveau-limmobilier-larrivee-di-b-f\/\",\"name\":\"GENAS : Du nouveau dans l'immobilier avec l'arriv\u00e9e d'I.B.F. !\",\"isPartOf\":{\"@id\":\"https:\/\/newsestlyonnais.fr\/site\/#website\"},\"primaryImageOfPage\":{\"@id\":\"https:\/\/newsestlyonnais.fr\/site\/2017\/06\/07\/genas-nouveau-limmobilier-larrivee-di-b-f\/#primaryimage\"},\"image\":{\"@id\":\"https:\/\/newsestlyonnais.fr\/site\/2017\/06\/07\/genas-nouveau-limmobilier-larrivee-di-b-f\/#primaryimage\"},\"thumbnailUrl\":\"https:\/\/newsestlyonnais.fr\/site\/wp-content\/uploads\/2017\/06\/NEWSESTLYONNAIS-ibf-immo.jpg\",\"datePublished\":\"2017-06-07T06:15:18+00:00\",\"dateModified\":\"2020-11-09T05:02:10+00:00\",\"description\":\"GENAS : Du nouveau dans l'immobilier avec l'arriv\u00e9e d'I.B.F. !\",\"breadcrumb\":{\"@id\":\"https:\/\/newsestlyonnais.fr\/site\/2017\/06\/07\/genas-nouveau-limmobilier-larrivee-di-b-f\/#breadcrumb\"},\"inLanguage\":\"fr-FR\",\"potentialAction\":[{\"@type\":\"ReadAction\",\"target\":[\"https:\/\/newsestlyonnais.fr\/site\/2017\/06\/07\/genas-nouveau-limmobilier-larrivee-di-b-f\/\"]}]},{\"@type\":\"ImageObject\",\"inLanguage\":\"fr-FR\",\"@id\":\"https:\/\/newsestlyonnais.fr\/site\/2017\/06\/07\/genas-nouveau-limmobilier-larrivee-di-b-f\/#primaryimage\",\"url\":\"https:\/\/newsestlyonnais.fr\/site\/wp-content\/uploads\/2017\/06\/NEWSESTLYONNAIS-ibf-immo.jpg\",\"contentUrl\":\"https:\/\/newsestlyonnais.fr\/site\/wp-content\/uploads\/2017\/06\/NEWSESTLYONNAIS-ibf-immo.jpg\",\"width\":1000,\"height\":750,\"caption\":\"NEWSESTLYONNAIS - ibf immo\"},{\"@type\":\"BreadcrumbList\",\"@id\":\"https:\/\/newsestlyonnais.fr\/site\/2017\/06\/07\/genas-nouveau-limmobilier-larrivee-di-b-f\/#breadcrumb\",\"itemListElement\":[{\"@type\":\"ListItem\",\"position\":1,\"name\":\"Accueil\",\"item\":\"https:\/\/newsestlyonnais.fr\/site\/\"},{\"@type\":\"ListItem\",\"position\":2,\"name\":\"GENAS | Du nouveau dans l&rsquo;immobilier avec l&rsquo;arriv\u00e9e d&rsquo;I.B.F. !\"}]},{\"@type\":\"WebSite\",\"@id\":\"https:\/\/newsestlyonnais.fr\/site\/#website\",\"url\":\"https:\/\/newsestlyonnais.fr\/site\/\",\"name\":\"News Est Lyonnais\",\"description\":\"L&#039;actualit\u00e9 au plus pr\u00e8s\",\"publisher\":{\"@id\":\"https:\/\/newsestlyonnais.fr\/site\/#organization\"},\"potentialAction\":[{\"@type\":\"SearchAction\",\"target\":{\"@type\":\"EntryPoint\",\"urlTemplate\":\"https:\/\/newsestlyonnais.fr\/site\/?s={search_term_string}\"},\"query-input\":{\"@type\":\"PropertyValueSpecification\",\"valueRequired\":true,\"valueName\":\"search_term_string\"}}],\"inLanguage\":\"fr-FR\"},{\"@type\":\"Organization\",\"@id\":\"https:\/\/newsestlyonnais.fr\/site\/#organization\",\"name\":\"News EST LYONNAIS\",\"url\":\"https:\/\/newsestlyonnais.fr\/site\/\",\"logo\":{\"@type\":\"ImageObject\",\"inLanguage\":\"fr-FR\",\"@id\":\"https:\/\/newsestlyonnais.fr\/site\/#\/schema\/logo\/image\/\",\"url\":\"\",\"contentUrl\":\"\",\"caption\":\"News EST LYONNAIS\"},\"image\":{\"@id\":\"https:\/\/newsestlyonnais.fr\/site\/#\/schema\/logo\/image\/\"}},{\"@type\":\"Person\",\"@id\":\"https:\/\/newsestlyonnais.fr\/site\/#\/schema\/person\/3230d5615f390bb808365d673001e887\",\"name\":\"R\u00e9dac. NEWS\",\"sameAs\":[\"http:\/\/www.newsestlyonnais.fr\",\"https:\/\/www.facebook.com\/pascal.oberson.1?fref=ts\",\"https:\/\/fr.linkedin.com\/in\/pascal-oberson-b17045113\"],\"url\":\"https:\/\/newsestlyonnais.fr\/site\/author\/nel\/\"}]}<\/script>\n<!-- \/ Yoast SEO plugin. -->","yoast_head_json":{"title":"GENAS : Du nouveau dans l'immobilier avec l'arriv\u00e9e d'I.B.F. !","description":"GENAS : Du nouveau dans l'immobilier avec l'arriv\u00e9e d'I.B.F. !","robots":{"index":"index","follow":"follow","max-snippet":"max-snippet:-1","max-image-preview":"max-image-preview:large","max-video-preview":"max-video-preview:-1"},"canonical":"https:\/\/newsestlyonnais.fr\/site\/2017\/06\/07\/genas-nouveau-limmobilier-larrivee-di-b-f\/","og_locale":"fr_FR","og_type":"article","og_title":"GENAS : Du nouveau dans l'immobilier avec l'arriv\u00e9e d'I.B.F. !","og_description":"GENAS : Du nouveau dans l'immobilier avec l'arriv\u00e9e d'I.B.F. !","og_url":"https:\/\/newsestlyonnais.fr\/site\/2017\/06\/07\/genas-nouveau-limmobilier-larrivee-di-b-f\/","og_site_name":"News Est Lyonnais","article_author":"https:\/\/www.facebook.com\/pascal.oberson.1?fref=ts","article_published_time":"2017-06-07T06:15:18+00:00","article_modified_time":"2020-11-09T05:02:10+00:00","og_image":[{"width":1000,"height":750,"url":"https:\/\/i1.wp.com\/newsestlyonnais.fr\/site\/wp-content\/uploads\/2017\/06\/NEWSESTLYONNAIS-ibf-immo.jpg?fit=1000%2C750&ssl=1","type":"image\/jpeg"}],"author":"R\u00e9dac. NEWS","twitter_card":"summary_large_image","twitter_misc":{"\u00c9crit par":"R\u00e9dac. NEWS","Dur\u00e9e de lecture estim\u00e9e":"1 minute"},"schema":{"@context":"https:\/\/schema.org","@graph":[{"@type":"Article","@id":"https:\/\/newsestlyonnais.fr\/site\/2017\/06\/07\/genas-nouveau-limmobilier-larrivee-di-b-f\/#article","isPartOf":{"@id":"https:\/\/newsestlyonnais.fr\/site\/2017\/06\/07\/genas-nouveau-limmobilier-larrivee-di-b-f\/"},"author":{"name":"R\u00e9dac. NEWS","@id":"https:\/\/newsestlyonnais.fr\/site\/#\/schema\/person\/3230d5615f390bb808365d673001e887"},"headline":"GENAS | Du nouveau dans l&rsquo;immobilier avec l&rsquo;arriv\u00e9e d&rsquo;I.B.F. !","datePublished":"2017-06-07T06:15:18+00:00","dateModified":"2020-11-09T05:02:10+00:00","mainEntityOfPage":{"@id":"https:\/\/newsestlyonnais.fr\/site\/2017\/06\/07\/genas-nouveau-limmobilier-larrivee-di-b-f\/"},"wordCount":160,"commentCount":0,"publisher":{"@id":"https:\/\/newsestlyonnais.fr\/site\/#organization"},"image":{"@id":"https:\/\/newsestlyonnais.fr\/site\/2017\/06\/07\/genas-nouveau-limmobilier-larrivee-di-b-f\/#primaryimage"},"thumbnailUrl":"https:\/\/newsestlyonnais.fr\/site\/wp-content\/uploads\/2017\/06\/NEWSESTLYONNAIS-ibf-immo.jpg","articleSection":["Artisans | Commerces","CCEL | Communes","Genas","Immobilier | Logement"],"inLanguage":"fr-FR","potentialAction":[{"@type":"CommentAction","name":"Comment","target":["https:\/\/newsestlyonnais.fr\/site\/2017\/06\/07\/genas-nouveau-limmobilier-larrivee-di-b-f\/#respond"]}]},{"@type":"WebPage","@id":"https:\/\/newsestlyonnais.fr\/site\/2017\/06\/07\/genas-nouveau-limmobilier-larrivee-di-b-f\/","url":"https:\/\/newsestlyonnais.fr\/site\/2017\/06\/07\/genas-nouveau-limmobilier-larrivee-di-b-f\/","name":"GENAS : Du nouveau dans l'immobilier avec l'arriv\u00e9e d'I.B.F. !","isPartOf":{"@id":"https:\/\/newsestlyonnais.fr\/site\/#website"},"primaryImageOfPage":{"@id":"https:\/\/newsestlyonnais.fr\/site\/2017\/06\/07\/genas-nouveau-limmobilier-larrivee-di-b-f\/#primaryimage"},"image":{"@id":"https:\/\/newsestlyonnais.fr\/site\/2017\/06\/07\/genas-nouveau-limmobilier-larrivee-di-b-f\/#primaryimage"},"thumbnailUrl":"https:\/\/newsestlyonnais.fr\/site\/wp-content\/uploads\/2017\/06\/NEWSESTLYONNAIS-ibf-immo.jpg","datePublished":"2017-06-07T06:15:18+00:00","dateModified":"2020-11-09T05:02:10+00:00","description":"GENAS : Du nouveau dans l'immobilier avec l'arriv\u00e9e d'I.B.F. !","breadcrumb":{"@id":"https:\/\/newsestlyonnais.fr\/site\/2017\/06\/07\/genas-nouveau-limmobilier-larrivee-di-b-f\/#breadcrumb"},"inLanguage":"fr-FR","potentialAction":[{"@type":"ReadAction","target":["https:\/\/newsestlyonnais.fr\/site\/2017\/06\/07\/genas-nouveau-limmobilier-larrivee-di-b-f\/"]}]},{"@type":"ImageObject","inLanguage":"fr-FR","@id":"https:\/\/newsestlyonnais.fr\/site\/2017\/06\/07\/genas-nouveau-limmobilier-larrivee-di-b-f\/#primaryimage","url":"https:\/\/newsestlyonnais.fr\/site\/wp-content\/uploads\/2017\/06\/NEWSESTLYONNAIS-ibf-immo.jpg","contentUrl":"https:\/\/newsestlyonnais.fr\/site\/wp-content\/uploads\/2017\/06\/NEWSESTLYONNAIS-ibf-immo.jpg","width":1000,"height":750,"caption":"NEWSESTLYONNAIS - ibf immo"},{"@type":"BreadcrumbList","@id":"https:\/\/newsestlyonnais.fr\/site\/2017\/06\/07\/genas-nouveau-limmobilier-larrivee-di-b-f\/#breadcrumb","itemListElement":[{"@type":"ListItem","position":1,"name":"Accueil","item":"https:\/\/newsestlyonnais.fr\/site\/"},{"@type":"ListItem","position":2,"name":"GENAS | Du nouveau dans l&rsquo;immobilier avec l&rsquo;arriv\u00e9e d&rsquo;I.B.F. !"}]},{"@type":"WebSite","@id":"https:\/\/newsestlyonnais.fr\/site\/#website","url":"https:\/\/newsestlyonnais.fr\/site\/","name":"News Est Lyonnais","description":"L&#039;actualit\u00e9 au plus pr\u00e8s","publisher":{"@id":"https:\/\/newsestlyonnais.fr\/site\/#organization"},"potentialAction":[{"@type":"SearchAction","target":{"@type":"EntryPoint","urlTemplate":"https:\/\/newsestlyonnais.fr\/site\/?s={search_term_string}"},"query-input":{"@type":"PropertyValueSpecification","valueRequired":true,"valueName":"search_term_string"}}],"inLanguage":"fr-FR"},{"@type":"Organization","@id":"https:\/\/newsestlyonnais.fr\/site\/#organization","name":"News EST LYONNAIS","url":"https:\/\/newsestlyonnais.fr\/site\/","logo":{"@type":"ImageObject","inLanguage":"fr-FR","@id":"https:\/\/newsestlyonnais.fr\/site\/#\/schema\/logo\/image\/","url":"","contentUrl":"","caption":"News EST LYONNAIS"},"image":{"@id":"https:\/\/newsestlyonnais.fr\/site\/#\/schema\/logo\/image\/"}},{"@type":"Person","@id":"https:\/\/newsestlyonnais.fr\/site\/#\/schema\/person\/3230d5615f390bb808365d673001e887","name":"R\u00e9dac. NEWS","sameAs":["http:\/\/www.newsestlyonnais.fr","https:\/\/www.facebook.com\/pascal.oberson.1?fref=ts","https:\/\/fr.linkedin.com\/in\/pascal-oberson-b17045113"],"url":"https:\/\/newsestlyonnais.fr\/site\/author\/nel\/"}]}},"_links":{"self":[{"href":"https:\/\/newsestlyonnais.fr\/site\/wp-json\/wp\/v2\/posts\/28563","targetHints":{"allow":["GET"]}}],"collection":[{"href":"https:\/\/newsestlyonnais.fr\/site\/wp-json\/wp\/v2\/posts"}],"about":[{"href":"https:\/\/newsestlyonnais.fr\/site\/wp-json\/wp\/v2\/types\/post"}],"author":[{"embeddable":true,"href":"https:\/\/newsestlyonnais.fr\/site\/wp-json\/wp\/v2\/users\/4"}],"replies":[{"embeddable":true,"href":"https:\/\/newsestlyonnais.fr\/site\/wp-json\/wp\/v2\/comments?post=28563"}],"version-history":[{"count":0,"href":"https:\/\/newsestlyonnais.fr\/site\/wp-json\/wp\/v2\/posts\/28563\/revisions"}],"wp:featuredmedia":[{"embeddable":true,"href":"https:\/\/newsestlyonnais.fr\/site\/wp-json\/wp\/v2\/media\/28566"}],"wp:attachment":[{"href":"https:\/\/newsestlyonnais.fr\/site\/wp-json\/wp\/v2\/media?parent=28563"}],"wp:term":[{"taxonomy":"category","embeddable":true,"href":"https:\/\/newsestlyonnais.fr\/site\/wp-json\/wp\/v2\/categories?post=28563"},{"taxonomy":"post_tag","embeddable":true,"href":"https:\/\/newsestlyonnais.fr\/site\/wp-json\/wp\/v2\/tags?post=28563"}],"curies":[{"name":"wp","href":"https:\/\/api.w.org\/{rel}","templated":true}]}}