{"id":28624,"date":"2017-06-07T14:09:44","date_gmt":"2017-06-07T13:09:44","guid":{"rendered":"http:\/\/newsestlyonnais.fr\/site\/?p=28624"},"modified":"2020-11-05T08:26:22","modified_gmt":"2020-11-05T07:26:22","slug":"vaulx-en-velin-bon-bilan-des-rencontres-par-equipes-au-tennis-club","status":"publish","type":"post","link":"https:\/\/newsestlyonnais.fr\/site\/2017\/06\/07\/vaulx-en-velin-bon-bilan-des-rencontres-par-equipes-au-tennis-club\/","title":{"rendered":"VAULX-EN-VELIN | Bon bilan des rencontres par \u00e9quipes au Tennis Club"},"content":{"rendered":"<h4>Bilan des rencontres disput\u00e9es par \u00e9quipes et inscriptions \u00e0 l&rsquo;\u00e9cole de tennis, telle est l&rsquo;actualit\u00e9 en ce d\u00e9but juin au sein du Tennis Club de Vaulx en Velin (TCVV).<\/h4>\n<ul>\n<li>La premi\u00e8re phase des <strong>interclubs seniors masculins<\/strong> vient de s&rsquo;achever et le T.C.V.V. a fait le point sur le parcours effectu\u00e9 par les 3 \u00e9quipes du club entrain\u00e9es par Rachid Lablack et engag\u00e9es dans cette comp\u00e9tition. Le bilan ressort positivement avec une mont\u00e9e et deux maintiens enregistr\u00e9s. L&rsquo;<strong>\u00e9quipe deux<\/strong> d\u00e9croche en effet son <strong>billet d&rsquo;accession \u00e0 la 2\u00b0 division<\/strong> et lors du tableau final s&rsquo;est impos\u00e9e en 1\/4 de finale face au TC Jonage 2. Elle disputera prochainement sa rencontre de 1\/8\u00b0 de finale face \u00e0 Ampuis. Maintien assur\u00e9 par contre pour l&rsquo;\u00e9quipe une (<strong>PHOTO A LA UNE<\/strong>) en 1\u00b0 division et pour la trois en 3\u00b0 division.<\/li>\n<li><strong>L&rsquo;\u00e9cole de tennis du T.C.V.V.<\/strong> accueille les enfants et jeunes de 5 \u00e0 18 ans le mercredi apr\u00e8s-midi et le samedi matin. Les inscriptions et r\u00e9inscriptions pour la saison 2017\/2018, seront possibles <strong>du 19 juin au 19 juillet puis \u00e0 partir du 25 ao\u00fbt. <\/strong>Ceci aux heures d&rsquo;ouverture du club, soit le soir \u00e0 partir de 17 heures. Pour toute inscription, fournir: certificat m\u00e9dical pour la pratique du tennis, 1 photo d&rsquo;identit\u00e9 et r\u00e8glement cotisation.<strong><br \/>\n<\/strong><\/li>\n<\/ul>\n<p>A noter que 4 enfants du club ont pu assister aux barrages de la Fed Cup (France Espagne) \u00e0 Roanne et 8 \u00e0 l&rsquo;Open Parc r\u00e9cemment disput\u00e9 \u00e0 Lyon.<\/p>\n<p>D&rsquo;autre part, le T.C.V.V. organisera sa traditionnelle f\u00eate du club le samedi 10 juin \u00e0 partir de 14 heures.<\/p>\n<p><strong>Retrouvez toute l&rsquo;ACTU du club sur: <a href=\"http:\/\/www.tcvv.fr\" target=\"_blank\" rel=\"noopener noreferrer\">http:\/\/www.tcvv.fr<\/a><\/strong><\/p>\n","protected":false},"excerpt":{"rendered":"<p>Bilan des rencontres disput\u00e9es par \u00e9quipes et inscriptions \u00e0 l&rsquo;\u00e9cole de tennis, telle est l&rsquo;actualit\u00e9 en ce d\u00e9but juin au sein du Tennis Club de Vaulx en Velin (TCVV). La premi\u00e8re phase des interclubs seniors masculins vient de s&rsquo;achever et le T.C.V.V. a fait le point sur le parcours effectu\u00e9 par les 3 \u00e9quipes du [&hellip;]<\/p>\n","protected":false},"author":4,"featured_media":28626,"comment_status":"open","ping_status":"open","sticky":false,"template":"","format":"standard","meta":{"footnotes":""},"categories":[2992,2991,28],"tags":[],"class_list":["post-28624","post","type-post","status-publish","format-standard","has-post-thumbnail","hentry","category-tennis-padel","category-tennis-tennis-table-sports","category-vaulx-en-velin"],"yoast_head":"<!-- This site is optimized with the Yoast SEO plugin v27.2 - https:\/\/yoast.com\/product\/yoast-seo-wordpress\/ -->\n<title>VAULX EN VELIN : Bon bilan des rencontres par \u00e9quipes au Tennis Club<\/title>\n<meta name=\"description\" content=\"VAULX EN VELIN : Bon bilan des rencontres par \u00e9quipes au Tennis Club\" \/>\n<meta name=\"robots\" content=\"index, follow, max-snippet:-1, max-image-preview:large, max-video-preview:-1\" \/>\n<link rel=\"canonical\" href=\"https:\/\/newsestlyonnais.fr\/site\/2017\/06\/07\/vaulx-en-velin-bon-bilan-des-rencontres-par-equipes-au-tennis-club\/\" \/>\n<meta property=\"og:locale\" content=\"fr_FR\" \/>\n<meta property=\"og:type\" content=\"article\" \/>\n<meta property=\"og:title\" content=\"VAULX EN VELIN : Bon bilan des rencontres par \u00e9quipes au Tennis Club\" \/>\n<meta property=\"og:description\" content=\"VAULX EN VELIN : Bon bilan des rencontres par \u00e9quipes au Tennis Club\" \/>\n<meta property=\"og:url\" content=\"https:\/\/newsestlyonnais.fr\/site\/2017\/06\/07\/vaulx-en-velin-bon-bilan-des-rencontres-par-equipes-au-tennis-club\/\" \/>\n<meta property=\"og:site_name\" content=\"News Est Lyonnais\" \/>\n<meta property=\"article:author\" content=\"https:\/\/www.facebook.com\/pascal.oberson.1?fref=ts\" \/>\n<meta property=\"article:published_time\" content=\"2017-06-07T13:09:44+00:00\" \/>\n<meta property=\"article:modified_time\" content=\"2020-11-05T07:26:22+00:00\" \/>\n<meta property=\"og:image\" content=\"https:\/\/i1.wp.com\/newsestlyonnais.fr\/site\/wp-content\/uploads\/2017\/06\/NEWSESTLYONNAIS-EQUIPE-UNE-TCVV.jpg?fit=1000%2C750&ssl=1\" \/>\n\t<meta property=\"og:image:width\" content=\"1000\" \/>\n\t<meta property=\"og:image:height\" content=\"750\" \/>\n\t<meta property=\"og:image:type\" content=\"image\/jpeg\" \/>\n<meta name=\"author\" content=\"R\u00e9dac. NEWS\" \/>\n<meta name=\"twitter:card\" content=\"summary_large_image\" \/>\n<meta name=\"twitter:label1\" content=\"\u00c9crit par\" \/>\n\t<meta name=\"twitter:data1\" content=\"R\u00e9dac. NEWS\" \/>\n\t<meta name=\"twitter:label2\" content=\"Dur\u00e9e de lecture estim\u00e9e\" \/>\n\t<meta name=\"twitter:data2\" content=\"1 minute\" \/>\n<script type=\"application\/ld+json\" class=\"yoast-schema-graph\">{\"@context\":\"https:\/\/schema.org\",\"@graph\":[{\"@type\":\"Article\",\"@id\":\"https:\/\/newsestlyonnais.fr\/site\/2017\/06\/07\/vaulx-en-velin-bon-bilan-des-rencontres-par-equipes-au-tennis-club\/#article\",\"isPartOf\":{\"@id\":\"https:\/\/newsestlyonnais.fr\/site\/2017\/06\/07\/vaulx-en-velin-bon-bilan-des-rencontres-par-equipes-au-tennis-club\/\"},\"author\":{\"name\":\"R\u00e9dac. NEWS\",\"@id\":\"https:\/\/newsestlyonnais.fr\/site\/#\/schema\/person\/3230d5615f390bb808365d673001e887\"},\"headline\":\"VAULX-EN-VELIN | Bon bilan des rencontres par \u00e9quipes au Tennis Club\",\"datePublished\":\"2017-06-07T13:09:44+00:00\",\"dateModified\":\"2020-11-05T07:26:22+00:00\",\"mainEntityOfPage\":{\"@id\":\"https:\/\/newsestlyonnais.fr\/site\/2017\/06\/07\/vaulx-en-velin-bon-bilan-des-rencontres-par-equipes-au-tennis-club\/\"},\"wordCount\":290,\"commentCount\":0,\"publisher\":{\"@id\":\"https:\/\/newsestlyonnais.fr\/site\/#organization\"},\"image\":{\"@id\":\"https:\/\/newsestlyonnais.fr\/site\/2017\/06\/07\/vaulx-en-velin-bon-bilan-des-rencontres-par-equipes-au-tennis-club\/#primaryimage\"},\"thumbnailUrl\":\"https:\/\/newsestlyonnais.fr\/site\/wp-content\/uploads\/2017\/06\/NEWSESTLYONNAIS-EQUIPE-UNE-TCVV.jpg\",\"articleSection\":[\"Tennis | Padel\",\"Tennis | Tennis de table\",\"Vaulx-en-Velin\"],\"inLanguage\":\"fr-FR\",\"potentialAction\":[{\"@type\":\"CommentAction\",\"name\":\"Comment\",\"target\":[\"https:\/\/newsestlyonnais.fr\/site\/2017\/06\/07\/vaulx-en-velin-bon-bilan-des-rencontres-par-equipes-au-tennis-club\/#respond\"]}]},{\"@type\":\"WebPage\",\"@id\":\"https:\/\/newsestlyonnais.fr\/site\/2017\/06\/07\/vaulx-en-velin-bon-bilan-des-rencontres-par-equipes-au-tennis-club\/\",\"url\":\"https:\/\/newsestlyonnais.fr\/site\/2017\/06\/07\/vaulx-en-velin-bon-bilan-des-rencontres-par-equipes-au-tennis-club\/\",\"name\":\"VAULX EN VELIN : Bon bilan des rencontres par \u00e9quipes au Tennis Club\",\"isPartOf\":{\"@id\":\"https:\/\/newsestlyonnais.fr\/site\/#website\"},\"primaryImageOfPage\":{\"@id\":\"https:\/\/newsestlyonnais.fr\/site\/2017\/06\/07\/vaulx-en-velin-bon-bilan-des-rencontres-par-equipes-au-tennis-club\/#primaryimage\"},\"image\":{\"@id\":\"https:\/\/newsestlyonnais.fr\/site\/2017\/06\/07\/vaulx-en-velin-bon-bilan-des-rencontres-par-equipes-au-tennis-club\/#primaryimage\"},\"thumbnailUrl\":\"https:\/\/newsestlyonnais.fr\/site\/wp-content\/uploads\/2017\/06\/NEWSESTLYONNAIS-EQUIPE-UNE-TCVV.jpg\",\"datePublished\":\"2017-06-07T13:09:44+00:00\",\"dateModified\":\"2020-11-05T07:26:22+00:00\",\"description\":\"VAULX EN VELIN : Bon bilan des rencontres par \u00e9quipes au Tennis Club\",\"breadcrumb\":{\"@id\":\"https:\/\/newsestlyonnais.fr\/site\/2017\/06\/07\/vaulx-en-velin-bon-bilan-des-rencontres-par-equipes-au-tennis-club\/#breadcrumb\"},\"inLanguage\":\"fr-FR\",\"potentialAction\":[{\"@type\":\"ReadAction\",\"target\":[\"https:\/\/newsestlyonnais.fr\/site\/2017\/06\/07\/vaulx-en-velin-bon-bilan-des-rencontres-par-equipes-au-tennis-club\/\"]}]},{\"@type\":\"ImageObject\",\"inLanguage\":\"fr-FR\",\"@id\":\"https:\/\/newsestlyonnais.fr\/site\/2017\/06\/07\/vaulx-en-velin-bon-bilan-des-rencontres-par-equipes-au-tennis-club\/#primaryimage\",\"url\":\"https:\/\/newsestlyonnais.fr\/site\/wp-content\/uploads\/2017\/06\/NEWSESTLYONNAIS-EQUIPE-UNE-TCVV.jpg\",\"contentUrl\":\"https:\/\/newsestlyonnais.fr\/site\/wp-content\/uploads\/2017\/06\/NEWSESTLYONNAIS-EQUIPE-UNE-TCVV.jpg\",\"width\":1000,\"height\":750,\"caption\":\"NEWSESTLYONNAIS EQUIPE UNE TCVV\"},{\"@type\":\"BreadcrumbList\",\"@id\":\"https:\/\/newsestlyonnais.fr\/site\/2017\/06\/07\/vaulx-en-velin-bon-bilan-des-rencontres-par-equipes-au-tennis-club\/#breadcrumb\",\"itemListElement\":[{\"@type\":\"ListItem\",\"position\":1,\"name\":\"Accueil\",\"item\":\"https:\/\/newsestlyonnais.fr\/site\/\"},{\"@type\":\"ListItem\",\"position\":2,\"name\":\"VAULX-EN-VELIN | Bon bilan des rencontres par \u00e9quipes au Tennis Club\"}]},{\"@type\":\"WebSite\",\"@id\":\"https:\/\/newsestlyonnais.fr\/site\/#website\",\"url\":\"https:\/\/newsestlyonnais.fr\/site\/\",\"name\":\"News Est Lyonnais\",\"description\":\"L&#039;actualit\u00e9 au plus pr\u00e8s\",\"publisher\":{\"@id\":\"https:\/\/newsestlyonnais.fr\/site\/#organization\"},\"potentialAction\":[{\"@type\":\"SearchAction\",\"target\":{\"@type\":\"EntryPoint\",\"urlTemplate\":\"https:\/\/newsestlyonnais.fr\/site\/?s={search_term_string}\"},\"query-input\":{\"@type\":\"PropertyValueSpecification\",\"valueRequired\":true,\"valueName\":\"search_term_string\"}}],\"inLanguage\":\"fr-FR\"},{\"@type\":\"Organization\",\"@id\":\"https:\/\/newsestlyonnais.fr\/site\/#organization\",\"name\":\"News EST LYONNAIS\",\"url\":\"https:\/\/newsestlyonnais.fr\/site\/\",\"logo\":{\"@type\":\"ImageObject\",\"inLanguage\":\"fr-FR\",\"@id\":\"https:\/\/newsestlyonnais.fr\/site\/#\/schema\/logo\/image\/\",\"url\":\"\",\"contentUrl\":\"\",\"caption\":\"News EST LYONNAIS\"},\"image\":{\"@id\":\"https:\/\/newsestlyonnais.fr\/site\/#\/schema\/logo\/image\/\"}},{\"@type\":\"Person\",\"@id\":\"https:\/\/newsestlyonnais.fr\/site\/#\/schema\/person\/3230d5615f390bb808365d673001e887\",\"name\":\"R\u00e9dac. NEWS\",\"sameAs\":[\"http:\/\/www.newsestlyonnais.fr\",\"https:\/\/www.facebook.com\/pascal.oberson.1?fref=ts\",\"https:\/\/fr.linkedin.com\/in\/pascal-oberson-b17045113\"],\"url\":\"https:\/\/newsestlyonnais.fr\/site\/author\/nel\/\"}]}<\/script>\n<!-- \/ Yoast SEO plugin. -->","yoast_head_json":{"title":"VAULX EN VELIN : Bon bilan des rencontres par \u00e9quipes au Tennis Club","description":"VAULX EN VELIN : Bon bilan des rencontres par \u00e9quipes au Tennis Club","robots":{"index":"index","follow":"follow","max-snippet":"max-snippet:-1","max-image-preview":"max-image-preview:large","max-video-preview":"max-video-preview:-1"},"canonical":"https:\/\/newsestlyonnais.fr\/site\/2017\/06\/07\/vaulx-en-velin-bon-bilan-des-rencontres-par-equipes-au-tennis-club\/","og_locale":"fr_FR","og_type":"article","og_title":"VAULX EN VELIN : Bon bilan des rencontres par \u00e9quipes au Tennis Club","og_description":"VAULX EN VELIN : Bon bilan des rencontres par \u00e9quipes au Tennis Club","og_url":"https:\/\/newsestlyonnais.fr\/site\/2017\/06\/07\/vaulx-en-velin-bon-bilan-des-rencontres-par-equipes-au-tennis-club\/","og_site_name":"News Est Lyonnais","article_author":"https:\/\/www.facebook.com\/pascal.oberson.1?fref=ts","article_published_time":"2017-06-07T13:09:44+00:00","article_modified_time":"2020-11-05T07:26:22+00:00","og_image":[{"width":1000,"height":750,"url":"https:\/\/i1.wp.com\/newsestlyonnais.fr\/site\/wp-content\/uploads\/2017\/06\/NEWSESTLYONNAIS-EQUIPE-UNE-TCVV.jpg?fit=1000%2C750&ssl=1","type":"image\/jpeg"}],"author":"R\u00e9dac. NEWS","twitter_card":"summary_large_image","twitter_misc":{"\u00c9crit par":"R\u00e9dac. NEWS","Dur\u00e9e de lecture estim\u00e9e":"1 minute"},"schema":{"@context":"https:\/\/schema.org","@graph":[{"@type":"Article","@id":"https:\/\/newsestlyonnais.fr\/site\/2017\/06\/07\/vaulx-en-velin-bon-bilan-des-rencontres-par-equipes-au-tennis-club\/#article","isPartOf":{"@id":"https:\/\/newsestlyonnais.fr\/site\/2017\/06\/07\/vaulx-en-velin-bon-bilan-des-rencontres-par-equipes-au-tennis-club\/"},"author":{"name":"R\u00e9dac. NEWS","@id":"https:\/\/newsestlyonnais.fr\/site\/#\/schema\/person\/3230d5615f390bb808365d673001e887"},"headline":"VAULX-EN-VELIN | Bon bilan des rencontres par \u00e9quipes au Tennis Club","datePublished":"2017-06-07T13:09:44+00:00","dateModified":"2020-11-05T07:26:22+00:00","mainEntityOfPage":{"@id":"https:\/\/newsestlyonnais.fr\/site\/2017\/06\/07\/vaulx-en-velin-bon-bilan-des-rencontres-par-equipes-au-tennis-club\/"},"wordCount":290,"commentCount":0,"publisher":{"@id":"https:\/\/newsestlyonnais.fr\/site\/#organization"},"image":{"@id":"https:\/\/newsestlyonnais.fr\/site\/2017\/06\/07\/vaulx-en-velin-bon-bilan-des-rencontres-par-equipes-au-tennis-club\/#primaryimage"},"thumbnailUrl":"https:\/\/newsestlyonnais.fr\/site\/wp-content\/uploads\/2017\/06\/NEWSESTLYONNAIS-EQUIPE-UNE-TCVV.jpg","articleSection":["Tennis | Padel","Tennis | Tennis de table","Vaulx-en-Velin"],"inLanguage":"fr-FR","potentialAction":[{"@type":"CommentAction","name":"Comment","target":["https:\/\/newsestlyonnais.fr\/site\/2017\/06\/07\/vaulx-en-velin-bon-bilan-des-rencontres-par-equipes-au-tennis-club\/#respond"]}]},{"@type":"WebPage","@id":"https:\/\/newsestlyonnais.fr\/site\/2017\/06\/07\/vaulx-en-velin-bon-bilan-des-rencontres-par-equipes-au-tennis-club\/","url":"https:\/\/newsestlyonnais.fr\/site\/2017\/06\/07\/vaulx-en-velin-bon-bilan-des-rencontres-par-equipes-au-tennis-club\/","name":"VAULX EN VELIN : Bon bilan des rencontres par \u00e9quipes au Tennis Club","isPartOf":{"@id":"https:\/\/newsestlyonnais.fr\/site\/#website"},"primaryImageOfPage":{"@id":"https:\/\/newsestlyonnais.fr\/site\/2017\/06\/07\/vaulx-en-velin-bon-bilan-des-rencontres-par-equipes-au-tennis-club\/#primaryimage"},"image":{"@id":"https:\/\/newsestlyonnais.fr\/site\/2017\/06\/07\/vaulx-en-velin-bon-bilan-des-rencontres-par-equipes-au-tennis-club\/#primaryimage"},"thumbnailUrl":"https:\/\/newsestlyonnais.fr\/site\/wp-content\/uploads\/2017\/06\/NEWSESTLYONNAIS-EQUIPE-UNE-TCVV.jpg","datePublished":"2017-06-07T13:09:44+00:00","dateModified":"2020-11-05T07:26:22+00:00","description":"VAULX EN VELIN : Bon bilan des rencontres par \u00e9quipes au Tennis Club","breadcrumb":{"@id":"https:\/\/newsestlyonnais.fr\/site\/2017\/06\/07\/vaulx-en-velin-bon-bilan-des-rencontres-par-equipes-au-tennis-club\/#breadcrumb"},"inLanguage":"fr-FR","potentialAction":[{"@type":"ReadAction","target":["https:\/\/newsestlyonnais.fr\/site\/2017\/06\/07\/vaulx-en-velin-bon-bilan-des-rencontres-par-equipes-au-tennis-club\/"]}]},{"@type":"ImageObject","inLanguage":"fr-FR","@id":"https:\/\/newsestlyonnais.fr\/site\/2017\/06\/07\/vaulx-en-velin-bon-bilan-des-rencontres-par-equipes-au-tennis-club\/#primaryimage","url":"https:\/\/newsestlyonnais.fr\/site\/wp-content\/uploads\/2017\/06\/NEWSESTLYONNAIS-EQUIPE-UNE-TCVV.jpg","contentUrl":"https:\/\/newsestlyonnais.fr\/site\/wp-content\/uploads\/2017\/06\/NEWSESTLYONNAIS-EQUIPE-UNE-TCVV.jpg","width":1000,"height":750,"caption":"NEWSESTLYONNAIS EQUIPE UNE TCVV"},{"@type":"BreadcrumbList","@id":"https:\/\/newsestlyonnais.fr\/site\/2017\/06\/07\/vaulx-en-velin-bon-bilan-des-rencontres-par-equipes-au-tennis-club\/#breadcrumb","itemListElement":[{"@type":"ListItem","position":1,"name":"Accueil","item":"https:\/\/newsestlyonnais.fr\/site\/"},{"@type":"ListItem","position":2,"name":"VAULX-EN-VELIN | Bon bilan des rencontres par \u00e9quipes au Tennis Club"}]},{"@type":"WebSite","@id":"https:\/\/newsestlyonnais.fr\/site\/#website","url":"https:\/\/newsestlyonnais.fr\/site\/","name":"News Est Lyonnais","description":"L&#039;actualit\u00e9 au plus pr\u00e8s","publisher":{"@id":"https:\/\/newsestlyonnais.fr\/site\/#organization"},"potentialAction":[{"@type":"SearchAction","target":{"@type":"EntryPoint","urlTemplate":"https:\/\/newsestlyonnais.fr\/site\/?s={search_term_string}"},"query-input":{"@type":"PropertyValueSpecification","valueRequired":true,"valueName":"search_term_string"}}],"inLanguage":"fr-FR"},{"@type":"Organization","@id":"https:\/\/newsestlyonnais.fr\/site\/#organization","name":"News EST LYONNAIS","url":"https:\/\/newsestlyonnais.fr\/site\/","logo":{"@type":"ImageObject","inLanguage":"fr-FR","@id":"https:\/\/newsestlyonnais.fr\/site\/#\/schema\/logo\/image\/","url":"","contentUrl":"","caption":"News EST LYONNAIS"},"image":{"@id":"https:\/\/newsestlyonnais.fr\/site\/#\/schema\/logo\/image\/"}},{"@type":"Person","@id":"https:\/\/newsestlyonnais.fr\/site\/#\/schema\/person\/3230d5615f390bb808365d673001e887","name":"R\u00e9dac. NEWS","sameAs":["http:\/\/www.newsestlyonnais.fr","https:\/\/www.facebook.com\/pascal.oberson.1?fref=ts","https:\/\/fr.linkedin.com\/in\/pascal-oberson-b17045113"],"url":"https:\/\/newsestlyonnais.fr\/site\/author\/nel\/"}]}},"_links":{"self":[{"href":"https:\/\/newsestlyonnais.fr\/site\/wp-json\/wp\/v2\/posts\/28624","targetHints":{"allow":["GET"]}}],"collection":[{"href":"https:\/\/newsestlyonnais.fr\/site\/wp-json\/wp\/v2\/posts"}],"about":[{"href":"https:\/\/newsestlyonnais.fr\/site\/wp-json\/wp\/v2\/types\/post"}],"author":[{"embeddable":true,"href":"https:\/\/newsestlyonnais.fr\/site\/wp-json\/wp\/v2\/users\/4"}],"replies":[{"embeddable":true,"href":"https:\/\/newsestlyonnais.fr\/site\/wp-json\/wp\/v2\/comments?post=28624"}],"version-history":[{"count":0,"href":"https:\/\/newsestlyonnais.fr\/site\/wp-json\/wp\/v2\/posts\/28624\/revisions"}],"wp:featuredmedia":[{"embeddable":true,"href":"https:\/\/newsestlyonnais.fr\/site\/wp-json\/wp\/v2\/media\/28626"}],"wp:attachment":[{"href":"https:\/\/newsestlyonnais.fr\/site\/wp-json\/wp\/v2\/media?parent=28624"}],"wp:term":[{"taxonomy":"category","embeddable":true,"href":"https:\/\/newsestlyonnais.fr\/site\/wp-json\/wp\/v2\/categories?post=28624"},{"taxonomy":"post_tag","embeddable":true,"href":"https:\/\/newsestlyonnais.fr\/site\/wp-json\/wp\/v2\/tags?post=28624"}],"curies":[{"name":"wp","href":"https:\/\/api.w.org\/{rel}","templated":true}]}}