{"id":28694,"date":"2017-06-08T09:24:25","date_gmt":"2017-06-08T08:24:25","guid":{"rendered":"http:\/\/newsestlyonnais.fr\/site\/?p=28694"},"modified":"2020-11-06T15:17:00","modified_gmt":"2020-11-06T14:17:00","slug":"parilly-meeting-dathletisme-special-lancers-au-stade-du-rhone","status":"publish","type":"post","link":"https:\/\/newsestlyonnais.fr\/site\/2017\/06\/08\/parilly-meeting-dathletisme-special-lancers-au-stade-du-rhone\/","title":{"rendered":"BRON-PARILLY | Meeting d\u2019athl\u00e9tisme \u00ab\u00a0sp\u00e9cial lancers\u00a0\u00bb au stade du Rh\u00f4ne"},"content":{"rendered":"<div>\n<h4>Lyon Athl\u00e9tisme et Grand Lyon M\u00e9tropole organisent un meeting d\u2019athl\u00e9tisme d\u00e9di\u00e9 aux lancers le dimanche 11 juin au stade du Rh\u00f4ne \u00e0 Parilly.<\/h4>\n<div>Quelques uns des meilleurs athl\u00e8tes fran\u00e7ais de ces 3 disciplines (disque, javelot et poids) y participeront avec l\u2019 objectif de r\u00e9aliser de bonnes performances en vue des prochaines rencontres internationales.<\/div>\n<\/div>\n<div><\/div>\n<div>Seront pr\u00e9sents :<\/div>\n<div>&#8211; <strong>M\u00e9lina Robert-Michon<\/strong> (m\u00e9daill\u00e9e d&rsquo;argent du lancer du disque aux J.O. de Rio) qui essaiera d\u2019am\u00e9liorer sa meilleure performance 2017. Avec comme objectif : d\u00e9passer la marque des 70 m\u00e8tres et d\u00e9crocher la m\u00e9daille d&rsquo;or aux Mondiaux d&rsquo;athl\u00e9tisme \u00e0 Londres cet \u00e9t\u00e9.<\/div>\n<div>&#8211; les meilleurs performers fran\u00e7ais 2017 au disque (<strong>Djouhan Lolassunet<\/strong>) &amp; au poids (<strong>Fr\u00e9d\u00e9ric Dag\u00e9e<\/strong>) qui tenteront de r\u00e9aliser les minimas pour les championnats du monde de Londres.<\/div>\n<div>\n<div>&#8211; 5 des meilleurs athl\u00e8tes fran\u00e7ais juniors seront en lice au concours du lancer du disque dans le but de se qualifier pour les championnats d\u2019Europe Juniors. Parmi eux Maxime Nallet &amp; et Earwyn Abdou (licenci\u00e9s \u00e0 Lyon Athl\u00e9tisme) qui auront \u00e0 c\u0153ur de r\u00e9aliser de belles performances devant leur public.<\/div>\n<div>\n<p>Quelques athl\u00e8tes essaieront \u00e9galement de r\u00e9aliser les minimas pour les Jeux de la Francophonie et parmi eux:<\/p>\n<div><strong>Caroline M\u00e9tayer<\/strong>, licenci\u00e9e \u00e0 Lyon Athl\u00e9tisme qui lancera le disque et le poids.<\/div>\n<div>La jeune <strong>Amanda Ngandu-Ntumba<\/strong>, qui\u00a0 visera la qualification pour les championnats du Monde cadets.<\/div>\n<\/div>\n<\/div>\n<div><\/div>\n<div><span style=\"text-decoration: underline\"><strong><em>Pour Serge D\u00e9bi\u00e9, entra\u00eeneur des lancers \u00e0 Lyon Athl\u00e9tisme<\/em><\/strong><\/span> : \u00ab\u00a0toutes les conditions sont r\u00e9unies pour assister \u00e0 des performances et \u00e0 un spectacle de qualit\u00e9\u00a0\u00bb.<\/div>\n<div><\/div>\n<div>\u00a0<span style=\"text-decoration: underline\">Le programme de la journ\u00e9e:<\/span><\/div>\n<div>&#8211; <b>11 heures:\u00a0 Javelot Mixte et Disque Mixte<\/b><\/div>\n<div>&#8211; <strong>1<\/strong><b>2 heures: Poids Mixte<\/b><\/div>\n<div><b>&#8211; 13 h 30:\u00a0 D\u00e9but des concours de niveau national<\/b><\/div>\n<div><\/div>\n<div>&#8211; <strong>Retrouvez toute l&rsquo;ACTU du club sur: <a href=\"http:\/\/lyonathletisme.athle.com\" target=\"_blank\" rel=\"noopener noreferrer\">http:\/\/lyonathletisme.athle.com<\/a><\/strong><\/div>\n","protected":false},"excerpt":{"rendered":"<p>Lyon Athl\u00e9tisme et Grand Lyon M\u00e9tropole organisent un meeting d\u2019athl\u00e9tisme d\u00e9di\u00e9 aux lancers le dimanche 11 juin au stade du Rh\u00f4ne \u00e0 Parilly. Quelques uns des meilleurs athl\u00e8tes fran\u00e7ais de ces 3 disciplines (disque, javelot et poids) y participeront avec l\u2019 objectif de r\u00e9aliser de bonnes performances en vue des prochaines rencontres internationales. Seront pr\u00e9sents [&hellip;]<\/p>\n","protected":false},"author":4,"featured_media":28693,"comment_status":"open","ping_status":"open","sticky":false,"template":"","format":"standard","meta":{"footnotes":""},"categories":[2968,19,1298],"tags":[],"class_list":["post-28694","post","type-post","status-publish","format-standard","has-post-thumbnail","hentry","category-athle-course-pied-marche","category-bron","category-venissieux"],"yoast_head":"<!-- This site is optimized with the Yoast SEO plugin v27.2 - https:\/\/yoast.com\/product\/yoast-seo-wordpress\/ -->\n<title>PARILLY : Meeting d\u2019athl\u00e9tisme &quot;sp\u00e9cial lancers&quot; dimanche au stade du Rh\u00f4ne<\/title>\n<meta name=\"description\" content=\"PARILLY : Meeting d\u2019athl\u00e9tisme &quot;sp\u00e9cial lancers&quot; dimanche au stade du Rh\u00f4ne\" \/>\n<meta name=\"robots\" content=\"index, follow, max-snippet:-1, max-image-preview:large, max-video-preview:-1\" \/>\n<link rel=\"canonical\" href=\"https:\/\/newsestlyonnais.fr\/site\/2017\/06\/08\/parilly-meeting-dathletisme-special-lancers-au-stade-du-rhone\/\" \/>\n<meta property=\"og:locale\" content=\"fr_FR\" \/>\n<meta property=\"og:type\" content=\"article\" \/>\n<meta property=\"og:title\" content=\"PARILLY : Meeting d\u2019athl\u00e9tisme &quot;sp\u00e9cial lancers&quot; dimanche au stade du Rh\u00f4ne\" \/>\n<meta property=\"og:description\" content=\"PARILLY : Meeting d\u2019athl\u00e9tisme &quot;sp\u00e9cial lancers&quot; dimanche au stade du Rh\u00f4ne\" \/>\n<meta property=\"og:url\" content=\"https:\/\/newsestlyonnais.fr\/site\/2017\/06\/08\/parilly-meeting-dathletisme-special-lancers-au-stade-du-rhone\/\" \/>\n<meta property=\"og:site_name\" content=\"News Est Lyonnais\" \/>\n<meta property=\"article:author\" content=\"https:\/\/www.facebook.com\/pascal.oberson.1?fref=ts\" \/>\n<meta property=\"article:published_time\" content=\"2017-06-08T08:24:25+00:00\" \/>\n<meta property=\"article:modified_time\" content=\"2020-11-06T14:17:00+00:00\" \/>\n<meta property=\"og:image\" content=\"https:\/\/i1.wp.com\/newsestlyonnais.fr\/site\/wp-content\/uploads\/2017\/06\/NEWSESTLYONNAIS-Meeting-lancers-.png?fit=1000%2C750&ssl=1\" \/>\n\t<meta property=\"og:image:width\" content=\"1000\" \/>\n\t<meta property=\"og:image:height\" content=\"750\" \/>\n\t<meta property=\"og:image:type\" content=\"image\/png\" \/>\n<meta name=\"author\" content=\"R\u00e9dac. NEWS\" \/>\n<meta name=\"twitter:card\" content=\"summary_large_image\" \/>\n<meta name=\"twitter:label1\" content=\"\u00c9crit par\" \/>\n\t<meta name=\"twitter:data1\" content=\"R\u00e9dac. NEWS\" \/>\n\t<meta name=\"twitter:label2\" content=\"Dur\u00e9e de lecture estim\u00e9e\" \/>\n\t<meta name=\"twitter:data2\" content=\"2 minutes\" \/>\n<script type=\"application\/ld+json\" class=\"yoast-schema-graph\">{\"@context\":\"https:\/\/schema.org\",\"@graph\":[{\"@type\":\"Article\",\"@id\":\"https:\/\/newsestlyonnais.fr\/site\/2017\/06\/08\/parilly-meeting-dathletisme-special-lancers-au-stade-du-rhone\/#article\",\"isPartOf\":{\"@id\":\"https:\/\/newsestlyonnais.fr\/site\/2017\/06\/08\/parilly-meeting-dathletisme-special-lancers-au-stade-du-rhone\/\"},\"author\":{\"name\":\"R\u00e9dac. NEWS\",\"@id\":\"https:\/\/newsestlyonnais.fr\/site\/#\/schema\/person\/3230d5615f390bb808365d673001e887\"},\"headline\":\"BRON-PARILLY | Meeting d\u2019athl\u00e9tisme \u00ab\u00a0sp\u00e9cial lancers\u00a0\u00bb au stade du Rh\u00f4ne\",\"datePublished\":\"2017-06-08T08:24:25+00:00\",\"dateModified\":\"2020-11-06T14:17:00+00:00\",\"mainEntityOfPage\":{\"@id\":\"https:\/\/newsestlyonnais.fr\/site\/2017\/06\/08\/parilly-meeting-dathletisme-special-lancers-au-stade-du-rhone\/\"},\"wordCount\":326,\"commentCount\":0,\"publisher\":{\"@id\":\"https:\/\/newsestlyonnais.fr\/site\/#organization\"},\"image\":{\"@id\":\"https:\/\/newsestlyonnais.fr\/site\/2017\/06\/08\/parilly-meeting-dathletisme-special-lancers-au-stade-du-rhone\/#primaryimage\"},\"thumbnailUrl\":\"https:\/\/newsestlyonnais.fr\/site\/wp-content\/uploads\/2017\/06\/NEWSESTLYONNAIS-Meeting-lancers-.png\",\"articleSection\":[\"Athl\u00e9 | Course pied | Marche\",\"Bron\",\"V\u00e9nissieux\"],\"inLanguage\":\"fr-FR\",\"potentialAction\":[{\"@type\":\"CommentAction\",\"name\":\"Comment\",\"target\":[\"https:\/\/newsestlyonnais.fr\/site\/2017\/06\/08\/parilly-meeting-dathletisme-special-lancers-au-stade-du-rhone\/#respond\"]}]},{\"@type\":\"WebPage\",\"@id\":\"https:\/\/newsestlyonnais.fr\/site\/2017\/06\/08\/parilly-meeting-dathletisme-special-lancers-au-stade-du-rhone\/\",\"url\":\"https:\/\/newsestlyonnais.fr\/site\/2017\/06\/08\/parilly-meeting-dathletisme-special-lancers-au-stade-du-rhone\/\",\"name\":\"PARILLY : Meeting d\u2019athl\u00e9tisme \\\"sp\u00e9cial lancers\\\" dimanche au stade du Rh\u00f4ne\",\"isPartOf\":{\"@id\":\"https:\/\/newsestlyonnais.fr\/site\/#website\"},\"primaryImageOfPage\":{\"@id\":\"https:\/\/newsestlyonnais.fr\/site\/2017\/06\/08\/parilly-meeting-dathletisme-special-lancers-au-stade-du-rhone\/#primaryimage\"},\"image\":{\"@id\":\"https:\/\/newsestlyonnais.fr\/site\/2017\/06\/08\/parilly-meeting-dathletisme-special-lancers-au-stade-du-rhone\/#primaryimage\"},\"thumbnailUrl\":\"https:\/\/newsestlyonnais.fr\/site\/wp-content\/uploads\/2017\/06\/NEWSESTLYONNAIS-Meeting-lancers-.png\",\"datePublished\":\"2017-06-08T08:24:25+00:00\",\"dateModified\":\"2020-11-06T14:17:00+00:00\",\"description\":\"PARILLY : Meeting d\u2019athl\u00e9tisme \\\"sp\u00e9cial lancers\\\" dimanche au stade du Rh\u00f4ne\",\"breadcrumb\":{\"@id\":\"https:\/\/newsestlyonnais.fr\/site\/2017\/06\/08\/parilly-meeting-dathletisme-special-lancers-au-stade-du-rhone\/#breadcrumb\"},\"inLanguage\":\"fr-FR\",\"potentialAction\":[{\"@type\":\"ReadAction\",\"target\":[\"https:\/\/newsestlyonnais.fr\/site\/2017\/06\/08\/parilly-meeting-dathletisme-special-lancers-au-stade-du-rhone\/\"]}]},{\"@type\":\"ImageObject\",\"inLanguage\":\"fr-FR\",\"@id\":\"https:\/\/newsestlyonnais.fr\/site\/2017\/06\/08\/parilly-meeting-dathletisme-special-lancers-au-stade-du-rhone\/#primaryimage\",\"url\":\"https:\/\/newsestlyonnais.fr\/site\/wp-content\/uploads\/2017\/06\/NEWSESTLYONNAIS-Meeting-lancers-.png\",\"contentUrl\":\"https:\/\/newsestlyonnais.fr\/site\/wp-content\/uploads\/2017\/06\/NEWSESTLYONNAIS-Meeting-lancers-.png\",\"width\":1000,\"height\":750,\"caption\":\"NEWSESTLYONNAIS Meeting lancers\"},{\"@type\":\"BreadcrumbList\",\"@id\":\"https:\/\/newsestlyonnais.fr\/site\/2017\/06\/08\/parilly-meeting-dathletisme-special-lancers-au-stade-du-rhone\/#breadcrumb\",\"itemListElement\":[{\"@type\":\"ListItem\",\"position\":1,\"name\":\"Accueil\",\"item\":\"https:\/\/newsestlyonnais.fr\/site\/\"},{\"@type\":\"ListItem\",\"position\":2,\"name\":\"BRON-PARILLY | Meeting d\u2019athl\u00e9tisme \u00ab\u00a0sp\u00e9cial lancers\u00a0\u00bb au stade du Rh\u00f4ne\"}]},{\"@type\":\"WebSite\",\"@id\":\"https:\/\/newsestlyonnais.fr\/site\/#website\",\"url\":\"https:\/\/newsestlyonnais.fr\/site\/\",\"name\":\"News Est Lyonnais\",\"description\":\"L&#039;actualit\u00e9 au plus pr\u00e8s\",\"publisher\":{\"@id\":\"https:\/\/newsestlyonnais.fr\/site\/#organization\"},\"potentialAction\":[{\"@type\":\"SearchAction\",\"target\":{\"@type\":\"EntryPoint\",\"urlTemplate\":\"https:\/\/newsestlyonnais.fr\/site\/?s={search_term_string}\"},\"query-input\":{\"@type\":\"PropertyValueSpecification\",\"valueRequired\":true,\"valueName\":\"search_term_string\"}}],\"inLanguage\":\"fr-FR\"},{\"@type\":\"Organization\",\"@id\":\"https:\/\/newsestlyonnais.fr\/site\/#organization\",\"name\":\"News EST LYONNAIS\",\"url\":\"https:\/\/newsestlyonnais.fr\/site\/\",\"logo\":{\"@type\":\"ImageObject\",\"inLanguage\":\"fr-FR\",\"@id\":\"https:\/\/newsestlyonnais.fr\/site\/#\/schema\/logo\/image\/\",\"url\":\"\",\"contentUrl\":\"\",\"caption\":\"News EST LYONNAIS\"},\"image\":{\"@id\":\"https:\/\/newsestlyonnais.fr\/site\/#\/schema\/logo\/image\/\"}},{\"@type\":\"Person\",\"@id\":\"https:\/\/newsestlyonnais.fr\/site\/#\/schema\/person\/3230d5615f390bb808365d673001e887\",\"name\":\"R\u00e9dac. NEWS\",\"sameAs\":[\"http:\/\/www.newsestlyonnais.fr\",\"https:\/\/www.facebook.com\/pascal.oberson.1?fref=ts\",\"https:\/\/fr.linkedin.com\/in\/pascal-oberson-b17045113\"],\"url\":\"https:\/\/newsestlyonnais.fr\/site\/author\/nel\/\"}]}<\/script>\n<!-- \/ Yoast SEO plugin. -->","yoast_head_json":{"title":"PARILLY : Meeting d\u2019athl\u00e9tisme \"sp\u00e9cial lancers\" dimanche au stade du Rh\u00f4ne","description":"PARILLY : Meeting d\u2019athl\u00e9tisme \"sp\u00e9cial lancers\" dimanche au stade du Rh\u00f4ne","robots":{"index":"index","follow":"follow","max-snippet":"max-snippet:-1","max-image-preview":"max-image-preview:large","max-video-preview":"max-video-preview:-1"},"canonical":"https:\/\/newsestlyonnais.fr\/site\/2017\/06\/08\/parilly-meeting-dathletisme-special-lancers-au-stade-du-rhone\/","og_locale":"fr_FR","og_type":"article","og_title":"PARILLY : Meeting d\u2019athl\u00e9tisme \"sp\u00e9cial lancers\" dimanche au stade du Rh\u00f4ne","og_description":"PARILLY : Meeting d\u2019athl\u00e9tisme \"sp\u00e9cial lancers\" dimanche au stade du Rh\u00f4ne","og_url":"https:\/\/newsestlyonnais.fr\/site\/2017\/06\/08\/parilly-meeting-dathletisme-special-lancers-au-stade-du-rhone\/","og_site_name":"News Est Lyonnais","article_author":"https:\/\/www.facebook.com\/pascal.oberson.1?fref=ts","article_published_time":"2017-06-08T08:24:25+00:00","article_modified_time":"2020-11-06T14:17:00+00:00","og_image":[{"width":1000,"height":750,"url":"https:\/\/i1.wp.com\/newsestlyonnais.fr\/site\/wp-content\/uploads\/2017\/06\/NEWSESTLYONNAIS-Meeting-lancers-.png?fit=1000%2C750&ssl=1","type":"image\/png"}],"author":"R\u00e9dac. NEWS","twitter_card":"summary_large_image","twitter_misc":{"\u00c9crit par":"R\u00e9dac. NEWS","Dur\u00e9e de lecture estim\u00e9e":"2 minutes"},"schema":{"@context":"https:\/\/schema.org","@graph":[{"@type":"Article","@id":"https:\/\/newsestlyonnais.fr\/site\/2017\/06\/08\/parilly-meeting-dathletisme-special-lancers-au-stade-du-rhone\/#article","isPartOf":{"@id":"https:\/\/newsestlyonnais.fr\/site\/2017\/06\/08\/parilly-meeting-dathletisme-special-lancers-au-stade-du-rhone\/"},"author":{"name":"R\u00e9dac. NEWS","@id":"https:\/\/newsestlyonnais.fr\/site\/#\/schema\/person\/3230d5615f390bb808365d673001e887"},"headline":"BRON-PARILLY | Meeting d\u2019athl\u00e9tisme \u00ab\u00a0sp\u00e9cial lancers\u00a0\u00bb au stade du Rh\u00f4ne","datePublished":"2017-06-08T08:24:25+00:00","dateModified":"2020-11-06T14:17:00+00:00","mainEntityOfPage":{"@id":"https:\/\/newsestlyonnais.fr\/site\/2017\/06\/08\/parilly-meeting-dathletisme-special-lancers-au-stade-du-rhone\/"},"wordCount":326,"commentCount":0,"publisher":{"@id":"https:\/\/newsestlyonnais.fr\/site\/#organization"},"image":{"@id":"https:\/\/newsestlyonnais.fr\/site\/2017\/06\/08\/parilly-meeting-dathletisme-special-lancers-au-stade-du-rhone\/#primaryimage"},"thumbnailUrl":"https:\/\/newsestlyonnais.fr\/site\/wp-content\/uploads\/2017\/06\/NEWSESTLYONNAIS-Meeting-lancers-.png","articleSection":["Athl\u00e9 | Course pied | Marche","Bron","V\u00e9nissieux"],"inLanguage":"fr-FR","potentialAction":[{"@type":"CommentAction","name":"Comment","target":["https:\/\/newsestlyonnais.fr\/site\/2017\/06\/08\/parilly-meeting-dathletisme-special-lancers-au-stade-du-rhone\/#respond"]}]},{"@type":"WebPage","@id":"https:\/\/newsestlyonnais.fr\/site\/2017\/06\/08\/parilly-meeting-dathletisme-special-lancers-au-stade-du-rhone\/","url":"https:\/\/newsestlyonnais.fr\/site\/2017\/06\/08\/parilly-meeting-dathletisme-special-lancers-au-stade-du-rhone\/","name":"PARILLY : Meeting d\u2019athl\u00e9tisme \"sp\u00e9cial lancers\" dimanche au stade du Rh\u00f4ne","isPartOf":{"@id":"https:\/\/newsestlyonnais.fr\/site\/#website"},"primaryImageOfPage":{"@id":"https:\/\/newsestlyonnais.fr\/site\/2017\/06\/08\/parilly-meeting-dathletisme-special-lancers-au-stade-du-rhone\/#primaryimage"},"image":{"@id":"https:\/\/newsestlyonnais.fr\/site\/2017\/06\/08\/parilly-meeting-dathletisme-special-lancers-au-stade-du-rhone\/#primaryimage"},"thumbnailUrl":"https:\/\/newsestlyonnais.fr\/site\/wp-content\/uploads\/2017\/06\/NEWSESTLYONNAIS-Meeting-lancers-.png","datePublished":"2017-06-08T08:24:25+00:00","dateModified":"2020-11-06T14:17:00+00:00","description":"PARILLY : Meeting d\u2019athl\u00e9tisme \"sp\u00e9cial lancers\" dimanche au stade du Rh\u00f4ne","breadcrumb":{"@id":"https:\/\/newsestlyonnais.fr\/site\/2017\/06\/08\/parilly-meeting-dathletisme-special-lancers-au-stade-du-rhone\/#breadcrumb"},"inLanguage":"fr-FR","potentialAction":[{"@type":"ReadAction","target":["https:\/\/newsestlyonnais.fr\/site\/2017\/06\/08\/parilly-meeting-dathletisme-special-lancers-au-stade-du-rhone\/"]}]},{"@type":"ImageObject","inLanguage":"fr-FR","@id":"https:\/\/newsestlyonnais.fr\/site\/2017\/06\/08\/parilly-meeting-dathletisme-special-lancers-au-stade-du-rhone\/#primaryimage","url":"https:\/\/newsestlyonnais.fr\/site\/wp-content\/uploads\/2017\/06\/NEWSESTLYONNAIS-Meeting-lancers-.png","contentUrl":"https:\/\/newsestlyonnais.fr\/site\/wp-content\/uploads\/2017\/06\/NEWSESTLYONNAIS-Meeting-lancers-.png","width":1000,"height":750,"caption":"NEWSESTLYONNAIS Meeting lancers"},{"@type":"BreadcrumbList","@id":"https:\/\/newsestlyonnais.fr\/site\/2017\/06\/08\/parilly-meeting-dathletisme-special-lancers-au-stade-du-rhone\/#breadcrumb","itemListElement":[{"@type":"ListItem","position":1,"name":"Accueil","item":"https:\/\/newsestlyonnais.fr\/site\/"},{"@type":"ListItem","position":2,"name":"BRON-PARILLY | Meeting d\u2019athl\u00e9tisme \u00ab\u00a0sp\u00e9cial lancers\u00a0\u00bb au stade du Rh\u00f4ne"}]},{"@type":"WebSite","@id":"https:\/\/newsestlyonnais.fr\/site\/#website","url":"https:\/\/newsestlyonnais.fr\/site\/","name":"News Est Lyonnais","description":"L&#039;actualit\u00e9 au plus pr\u00e8s","publisher":{"@id":"https:\/\/newsestlyonnais.fr\/site\/#organization"},"potentialAction":[{"@type":"SearchAction","target":{"@type":"EntryPoint","urlTemplate":"https:\/\/newsestlyonnais.fr\/site\/?s={search_term_string}"},"query-input":{"@type":"PropertyValueSpecification","valueRequired":true,"valueName":"search_term_string"}}],"inLanguage":"fr-FR"},{"@type":"Organization","@id":"https:\/\/newsestlyonnais.fr\/site\/#organization","name":"News EST LYONNAIS","url":"https:\/\/newsestlyonnais.fr\/site\/","logo":{"@type":"ImageObject","inLanguage":"fr-FR","@id":"https:\/\/newsestlyonnais.fr\/site\/#\/schema\/logo\/image\/","url":"","contentUrl":"","caption":"News EST LYONNAIS"},"image":{"@id":"https:\/\/newsestlyonnais.fr\/site\/#\/schema\/logo\/image\/"}},{"@type":"Person","@id":"https:\/\/newsestlyonnais.fr\/site\/#\/schema\/person\/3230d5615f390bb808365d673001e887","name":"R\u00e9dac. NEWS","sameAs":["http:\/\/www.newsestlyonnais.fr","https:\/\/www.facebook.com\/pascal.oberson.1?fref=ts","https:\/\/fr.linkedin.com\/in\/pascal-oberson-b17045113"],"url":"https:\/\/newsestlyonnais.fr\/site\/author\/nel\/"}]}},"_links":{"self":[{"href":"https:\/\/newsestlyonnais.fr\/site\/wp-json\/wp\/v2\/posts\/28694","targetHints":{"allow":["GET"]}}],"collection":[{"href":"https:\/\/newsestlyonnais.fr\/site\/wp-json\/wp\/v2\/posts"}],"about":[{"href":"https:\/\/newsestlyonnais.fr\/site\/wp-json\/wp\/v2\/types\/post"}],"author":[{"embeddable":true,"href":"https:\/\/newsestlyonnais.fr\/site\/wp-json\/wp\/v2\/users\/4"}],"replies":[{"embeddable":true,"href":"https:\/\/newsestlyonnais.fr\/site\/wp-json\/wp\/v2\/comments?post=28694"}],"version-history":[{"count":0,"href":"https:\/\/newsestlyonnais.fr\/site\/wp-json\/wp\/v2\/posts\/28694\/revisions"}],"wp:featuredmedia":[{"embeddable":true,"href":"https:\/\/newsestlyonnais.fr\/site\/wp-json\/wp\/v2\/media\/28693"}],"wp:attachment":[{"href":"https:\/\/newsestlyonnais.fr\/site\/wp-json\/wp\/v2\/media?parent=28694"}],"wp:term":[{"taxonomy":"category","embeddable":true,"href":"https:\/\/newsestlyonnais.fr\/site\/wp-json\/wp\/v2\/categories?post=28694"},{"taxonomy":"post_tag","embeddable":true,"href":"https:\/\/newsestlyonnais.fr\/site\/wp-json\/wp\/v2\/tags?post=28694"}],"curies":[{"name":"wp","href":"https:\/\/api.w.org\/{rel}","templated":true}]}}