{"id":28791,"date":"2017-06-09T06:20:22","date_gmt":"2017-06-09T05:20:22","guid":{"rendered":"http:\/\/newsestlyonnais.fr\/site\/?p=28791"},"modified":"2020-11-12T20:35:29","modified_gmt":"2020-11-12T19:35:29","slug":"vaulx-en-velin-5-halterophiles-vaudais-aux-championnats-de-france","status":"publish","type":"post","link":"https:\/\/newsestlyonnais.fr\/site\/2017\/06\/09\/vaulx-en-velin-5-halterophiles-vaudais-aux-championnats-de-france\/","title":{"rendered":"VAULX-EN-VELIN | 5 halt\u00e9rophiles vaudais aux championnats de France"},"content":{"rendered":"<h4>Ce week-end, une importante d\u00e9l\u00e9gation du Club Halt\u00e9rophile de Vaulx en Velin se d\u00e9placera \u00e0 Mont de Marsan pour disputer les championnats de France seniors qui se d\u00e9roulent les 10 et 11 juin.<\/h4>\n<p>En effet, pas moins de 5 athl\u00e8tes du club (4 filles et un gar\u00e7on) ont r\u00e9ussi les minimas qualificatifs \u00e0 ces championnats et seront donc pr\u00e9sents sur cinq plateaux diff\u00e9rents, voici leur pr\u00e9sentation:<\/p>\n<p>Pour d\u00e9buter la comp\u00e9tition, le samedi matin, <strong>Jeanne Rossarie<\/strong> (<span style=\"text-decoration: underline\"><strong>PHOTO A LA UNE<\/strong><\/span>) d\u00e9fendra les couleurs du club en s\u2019alignant dans la cat\u00e9gorie des <strong>-69 kg<\/strong>. Jeanne est arriv\u00e9e au club cette ann\u00e9e en provenance du Crossfit afin d\u2019augmenter ses performances en halt\u00e9rophilie qui est l\u2019une des disciplines phares de ce sport cr\u00e9\u00e9 aux Etats Unis. Avec un total de qualification de 182 kg (Arrach\u00e9 : 80 kg et Epaul\u00e9-Jet\u00e9 : 102 kg), elle est l\u2019une des favorites pour remporter le titre. Class\u00e9e actuellement comme la meilleure rhonalpine toutes cat\u00e9gories confondues, elle vient \u00e9galement sur ces championnats avec l\u2019objectif de r\u00e9ussir les minimas qualificatifs aux championnats d\u2019Europe seniors.<\/p>\n<p>Ensuite, <strong>Gor Sardaryan <\/strong>poursuivra sur le plateau du d\u00e9but d\u2019apr\u00e8s midi dans la cat\u00e9gorie relev\u00e9e des <strong>seniors -77 kg<\/strong>. Il est un des piliers des gar\u00e7ons du Club Halt\u00e9rophile vaudais o\u00f9 il a d\u00e9but\u00e9 l\u2019halt\u00e9rophilie \u00e0 l\u2019\u00e2ge de 15 ans en 2007. Il est actuellement le 4\u00b0 meilleur rh\u00f4nalpin toutes cat\u00e9gories confondues. Il a \u00e9t\u00e9 qualifi\u00e9 pour les championnats de France en remportant cette ann\u00e9e le championnat f\u00e9d\u00e9ral avec un total de 265 kg (Arrach\u00e9 :117 kg \u2013 Epaul\u00e9 jet\u00e9 148 kg)<\/p>\n<p>Pour finir la journ\u00e9e de samedi pour le club, <strong>Sophie Charpin<\/strong> enchainera en concourant dans la principale cat\u00e9gorie f\u00e9minine des <strong>&#8211; 53 kg<\/strong>. Pr\u00e9sente au club depuis 2 ans, Sophie participe \u00e0 ses premiers championnats de France. Qualifi\u00e9e avec un total de 126 kg (Arrach\u00e9 : 53 kg \u2013 Epaule Jet\u00e9 : 73 kg), Sophie viendra acqu\u00e9rir de l\u2019exp\u00e9rience pour les ann\u00e9es \u00e0 venir. Elle est actuellement class\u00e9e \u00e0 la 9\u00b0 place du classement des meilleurs halt\u00e9rophiles f\u00e9minines rhonalpines.<\/p>\n<p>Pour d\u00e9buter la 2\u00b0 journ\u00e9e, <strong>Clarisse Barbier<\/strong>, toute nouvelle championne de France cadette, s\u2019alignera sur le plateau des<strong> seniors \u2013 58 kg.<\/strong> Dans cette cat\u00e9gorie tr\u00e8s relev\u00e9e, un des objectifs de Clarisse sera d\u2019acqu\u00e9rir de l\u2019exp\u00e9rience sur des comp\u00e9titions de haut niveau.<\/p>\n<p>Pour terminer ces championnats de France en beaut\u00e9, <strong>Sarah Saint Aim\u00e9<\/strong> s\u2019alignera sur le dernier plateau de ces championnats en <strong>seniors -63 kg<\/strong>. Sarah, au club vaudais depuis 2013, participera \u00e0 ses 3\u00b0 championnats de France cons\u00e9cutifs, avec notamment une m\u00e9daille de bronze remport\u00e9e lors des championnats de France 2016. Avec un total de qualification de 165 kg (Arrach\u00e9 72 kg \u2013 Epaul\u00e9 \u2013 Jet\u00e9 :93 kg), Sarah a le potentiel pour participer \u00e0 la bagarre pour d\u00e9crocher le podium de cette cat\u00e9gorie. Elle est actuellement la 2\u00b0 meilleurs rhonalpine toutes cat\u00e9gories confondues.<\/p>\n<p>Bonne chance \u00e0 tous ces athl\u00e8tes et une pens\u00e9e pour Fares Zitouni, pr\u00e9sident et coach accompagnateur du club, qui devra g\u00e9rer la pression de ces cinq plateaux !<\/p>\n<div id='gallery-1' class='gallery galleryid-28791 gallery-columns-3 gallery-size-thumbnail'><figure class='gallery-item'>\n\t\t\t<div class='gallery-icon landscape'>\n\t\t\t\t<a href='https:\/\/newsestlyonnais.fr\/site\/2017\/06\/09\/vaulx-en-velin-5-halterophiles-vaudais-aux-championnats-de-france\/newsestlyonnais-sophie-haltero\/'><img loading=\"lazy\" decoding=\"async\" width=\"150\" height=\"150\" src=\"https:\/\/newsestlyonnais.fr\/site\/wp-content\/uploads\/2017\/06\/NEWSESTLYONNAIS-Sophie-HALTERO-150x150.jpg\" class=\"attachment-thumbnail size-thumbnail\" alt=\"NEWSESTLYONNAIS - Sophie HALTERO\" aria-describedby=\"gallery-1-28810\" \/><\/a>\n\t\t\t<\/div>\n\t\t\t\t<figcaption class='wp-caption-text gallery-caption' id='gallery-1-28810'>\n\t\t\t\t  Sophie Charpin\n\t\t\t\t<\/figcaption><\/figure><figure class='gallery-item'>\n\t\t\t<div class='gallery-icon landscape'>\n\t\t\t\t<a href='https:\/\/newsestlyonnais.fr\/site\/2017\/06\/09\/vaulx-en-velin-5-halterophiles-vaudais-aux-championnats-de-france\/newsestlyonnais-gor-haltero\/'><img loading=\"lazy\" decoding=\"async\" width=\"150\" height=\"150\" src=\"https:\/\/newsestlyonnais.fr\/site\/wp-content\/uploads\/2017\/06\/NEWSESTLYONNAIS-Gor-HALTERO-150x150.jpg\" class=\"attachment-thumbnail size-thumbnail\" alt=\"NEWSESTLYONNAIS - Gor HALTERO\" aria-describedby=\"gallery-1-28812\" \/><\/a>\n\t\t\t<\/div>\n\t\t\t\t<figcaption class='wp-caption-text gallery-caption' id='gallery-1-28812'>\n\t\t\t\t      Gor Sardaryan\n\t\t\t\t<\/figcaption><\/figure><figure class='gallery-item'>\n\t\t\t<div class='gallery-icon landscape'>\n\t\t\t\t<a href='https:\/\/newsestlyonnais.fr\/site\/2017\/06\/09\/vaulx-en-velin-5-halterophiles-vaudais-aux-championnats-de-france\/newsestlyonnais-clarisse-haltero\/'><img loading=\"lazy\" decoding=\"async\" width=\"150\" height=\"150\" src=\"https:\/\/newsestlyonnais.fr\/site\/wp-content\/uploads\/2017\/06\/NEWSESTLYONNAIS-Clarisse-HALTERO-150x150.jpg\" class=\"attachment-thumbnail size-thumbnail\" alt=\"NEWSESTLYONNAIS - Clarisse HALTERO\" aria-describedby=\"gallery-1-28814\" \/><\/a>\n\t\t\t<\/div>\n\t\t\t\t<figcaption class='wp-caption-text gallery-caption' id='gallery-1-28814'>\n\t\t\t\t      Clarisse Barbier \n\t\t\t\t<\/figcaption><\/figure><figure class='gallery-item'>\n\t\t\t<div class='gallery-icon landscape'>\n\t\t\t\t<a href='https:\/\/newsestlyonnais.fr\/site\/2017\/06\/09\/vaulx-en-velin-5-halterophiles-vaudais-aux-championnats-de-france\/newsestlyonnais-sarah-haltero\/'><img loading=\"lazy\" decoding=\"async\" width=\"150\" height=\"150\" src=\"https:\/\/newsestlyonnais.fr\/site\/wp-content\/uploads\/2017\/06\/NEWSESTLYONNAIS-SARAH-HALTERO-150x150.jpg\" class=\"attachment-thumbnail size-thumbnail\" alt=\"NEWSESTLYONNAIS - SARAH HALTERO\" aria-describedby=\"gallery-1-28815\" \/><\/a>\n\t\t\t<\/div>\n\t\t\t\t<figcaption class='wp-caption-text gallery-caption' id='gallery-1-28815'>\n\t\t\t\t     Sarah Saint Aim\u00e9\n\t\t\t\t<\/figcaption><\/figure>\n\t\t<\/div>\n\n<p>&nbsp;<\/p>\n","protected":false},"excerpt":{"rendered":"<p>Ce week-end, une importante d\u00e9l\u00e9gation du Club Halt\u00e9rophile de Vaulx en Velin se d\u00e9placera \u00e0 Mont de Marsan pour disputer les championnats de France seniors qui se d\u00e9roulent les 10 et 11 juin. En effet, pas moins de 5 athl\u00e8tes du club (4 filles et un gar\u00e7on) ont r\u00e9ussi les minimas qualificatifs \u00e0 ces championnats [&hellip;]<\/p>\n","protected":false},"author":4,"featured_media":28807,"comment_status":"open","ping_status":"open","sticky":false,"template":"","format":"standard","meta":{"footnotes":""},"categories":[574,166,28],"tags":[],"class_list":["post-28791","post","type-post","status-publish","format-standard","has-post-thumbnail","hentry","category-autres-sports","category-divers-sports","category-vaulx-en-velin"],"yoast_head":"<!-- This site is optimized with the Yoast SEO plugin v27.2 - https:\/\/yoast.com\/product\/yoast-seo-wordpress\/ -->\n<title>VAULX EN VELIN : 5 halt\u00e9rophiles vaudais aux championnats de France \u00e0 Mont de Marsan<\/title>\n<meta name=\"description\" content=\"VAULX EN VELIN : 5 halt\u00e9rophiles vaudais aux championnats de France \u00e0 Mont de Marsan\" \/>\n<meta name=\"robots\" content=\"index, follow, max-snippet:-1, max-image-preview:large, max-video-preview:-1\" \/>\n<link rel=\"canonical\" href=\"https:\/\/newsestlyonnais.fr\/site\/2017\/06\/09\/vaulx-en-velin-5-halterophiles-vaudais-aux-championnats-de-france\/\" \/>\n<meta property=\"og:locale\" content=\"fr_FR\" \/>\n<meta property=\"og:type\" content=\"article\" \/>\n<meta property=\"og:title\" content=\"VAULX EN VELIN : 5 halt\u00e9rophiles vaudais aux championnats de France \u00e0 Mont de Marsan\" \/>\n<meta property=\"og:description\" content=\"VAULX EN VELIN : 5 halt\u00e9rophiles vaudais aux championnats de France \u00e0 Mont de Marsan\" \/>\n<meta property=\"og:url\" content=\"https:\/\/newsestlyonnais.fr\/site\/2017\/06\/09\/vaulx-en-velin-5-halterophiles-vaudais-aux-championnats-de-france\/\" \/>\n<meta property=\"og:site_name\" content=\"News Est Lyonnais\" \/>\n<meta property=\"article:author\" content=\"https:\/\/www.facebook.com\/pascal.oberson.1?fref=ts\" \/>\n<meta property=\"article:published_time\" content=\"2017-06-09T05:20:22+00:00\" \/>\n<meta property=\"article:modified_time\" content=\"2020-11-12T19:35:29+00:00\" \/>\n<meta property=\"og:image\" content=\"https:\/\/i0.wp.com\/newsestlyonnais.fr\/site\/wp-content\/uploads\/2017\/06\/NEWSESTLYONNAIS-\u00e8-JEANNE-HALTERO.jpg?fit=1000%2C750&ssl=1\" \/>\n\t<meta property=\"og:image:width\" content=\"1000\" \/>\n\t<meta property=\"og:image:height\" content=\"750\" \/>\n\t<meta property=\"og:image:type\" content=\"image\/jpeg\" \/>\n<meta name=\"author\" content=\"R\u00e9dac. NEWS\" \/>\n<meta name=\"twitter:card\" content=\"summary_large_image\" \/>\n<meta name=\"twitter:label1\" content=\"\u00c9crit par\" \/>\n\t<meta name=\"twitter:data1\" content=\"R\u00e9dac. NEWS\" \/>\n\t<meta name=\"twitter:label2\" content=\"Dur\u00e9e de lecture estim\u00e9e\" \/>\n\t<meta name=\"twitter:data2\" content=\"3 minutes\" \/>\n<script type=\"application\/ld+json\" class=\"yoast-schema-graph\">{\"@context\":\"https:\/\/schema.org\",\"@graph\":[{\"@type\":\"Article\",\"@id\":\"https:\/\/newsestlyonnais.fr\/site\/2017\/06\/09\/vaulx-en-velin-5-halterophiles-vaudais-aux-championnats-de-france\/#article\",\"isPartOf\":{\"@id\":\"https:\/\/newsestlyonnais.fr\/site\/2017\/06\/09\/vaulx-en-velin-5-halterophiles-vaudais-aux-championnats-de-france\/\"},\"author\":{\"name\":\"R\u00e9dac. NEWS\",\"@id\":\"https:\/\/newsestlyonnais.fr\/site\/#\/schema\/person\/3230d5615f390bb808365d673001e887\"},\"headline\":\"VAULX-EN-VELIN | 5 halt\u00e9rophiles vaudais aux championnats de France\",\"datePublished\":\"2017-06-09T05:20:22+00:00\",\"dateModified\":\"2020-11-12T19:35:29+00:00\",\"mainEntityOfPage\":{\"@id\":\"https:\/\/newsestlyonnais.fr\/site\/2017\/06\/09\/vaulx-en-velin-5-halterophiles-vaudais-aux-championnats-de-france\/\"},\"wordCount\":542,\"commentCount\":0,\"publisher\":{\"@id\":\"https:\/\/newsestlyonnais.fr\/site\/#organization\"},\"image\":{\"@id\":\"https:\/\/newsestlyonnais.fr\/site\/2017\/06\/09\/vaulx-en-velin-5-halterophiles-vaudais-aux-championnats-de-france\/#primaryimage\"},\"thumbnailUrl\":\"https:\/\/newsestlyonnais.fr\/site\/wp-content\/uploads\/2017\/06\/NEWSESTLYONNAIS-\u00e8-JEANNE-HALTERO.jpg\",\"articleSection\":[\"Autres sports\",\"Divers Sports\",\"Vaulx-en-Velin\"],\"inLanguage\":\"fr-FR\",\"potentialAction\":[{\"@type\":\"CommentAction\",\"name\":\"Comment\",\"target\":[\"https:\/\/newsestlyonnais.fr\/site\/2017\/06\/09\/vaulx-en-velin-5-halterophiles-vaudais-aux-championnats-de-france\/#respond\"]}]},{\"@type\":\"WebPage\",\"@id\":\"https:\/\/newsestlyonnais.fr\/site\/2017\/06\/09\/vaulx-en-velin-5-halterophiles-vaudais-aux-championnats-de-france\/\",\"url\":\"https:\/\/newsestlyonnais.fr\/site\/2017\/06\/09\/vaulx-en-velin-5-halterophiles-vaudais-aux-championnats-de-france\/\",\"name\":\"VAULX EN VELIN : 5 halt\u00e9rophiles vaudais aux championnats de France \u00e0 Mont de Marsan\",\"isPartOf\":{\"@id\":\"https:\/\/newsestlyonnais.fr\/site\/#website\"},\"primaryImageOfPage\":{\"@id\":\"https:\/\/newsestlyonnais.fr\/site\/2017\/06\/09\/vaulx-en-velin-5-halterophiles-vaudais-aux-championnats-de-france\/#primaryimage\"},\"image\":{\"@id\":\"https:\/\/newsestlyonnais.fr\/site\/2017\/06\/09\/vaulx-en-velin-5-halterophiles-vaudais-aux-championnats-de-france\/#primaryimage\"},\"thumbnailUrl\":\"https:\/\/newsestlyonnais.fr\/site\/wp-content\/uploads\/2017\/06\/NEWSESTLYONNAIS-\u00e8-JEANNE-HALTERO.jpg\",\"datePublished\":\"2017-06-09T05:20:22+00:00\",\"dateModified\":\"2020-11-12T19:35:29+00:00\",\"description\":\"VAULX EN VELIN : 5 halt\u00e9rophiles vaudais aux championnats de France \u00e0 Mont de Marsan\",\"breadcrumb\":{\"@id\":\"https:\/\/newsestlyonnais.fr\/site\/2017\/06\/09\/vaulx-en-velin-5-halterophiles-vaudais-aux-championnats-de-france\/#breadcrumb\"},\"inLanguage\":\"fr-FR\",\"potentialAction\":[{\"@type\":\"ReadAction\",\"target\":[\"https:\/\/newsestlyonnais.fr\/site\/2017\/06\/09\/vaulx-en-velin-5-halterophiles-vaudais-aux-championnats-de-france\/\"]}]},{\"@type\":\"ImageObject\",\"inLanguage\":\"fr-FR\",\"@id\":\"https:\/\/newsestlyonnais.fr\/site\/2017\/06\/09\/vaulx-en-velin-5-halterophiles-vaudais-aux-championnats-de-france\/#primaryimage\",\"url\":\"https:\/\/newsestlyonnais.fr\/site\/wp-content\/uploads\/2017\/06\/NEWSESTLYONNAIS-\u00e8-JEANNE-HALTERO.jpg\",\"contentUrl\":\"https:\/\/newsestlyonnais.fr\/site\/wp-content\/uploads\/2017\/06\/NEWSESTLYONNAIS-\u00e8-JEANNE-HALTERO.jpg\",\"width\":1000,\"height\":750},{\"@type\":\"BreadcrumbList\",\"@id\":\"https:\/\/newsestlyonnais.fr\/site\/2017\/06\/09\/vaulx-en-velin-5-halterophiles-vaudais-aux-championnats-de-france\/#breadcrumb\",\"itemListElement\":[{\"@type\":\"ListItem\",\"position\":1,\"name\":\"Accueil\",\"item\":\"https:\/\/newsestlyonnais.fr\/site\/\"},{\"@type\":\"ListItem\",\"position\":2,\"name\":\"VAULX-EN-VELIN | 5 halt\u00e9rophiles vaudais aux championnats de France\"}]},{\"@type\":\"WebSite\",\"@id\":\"https:\/\/newsestlyonnais.fr\/site\/#website\",\"url\":\"https:\/\/newsestlyonnais.fr\/site\/\",\"name\":\"News Est Lyonnais\",\"description\":\"L&#039;actualit\u00e9 au plus pr\u00e8s\",\"publisher\":{\"@id\":\"https:\/\/newsestlyonnais.fr\/site\/#organization\"},\"potentialAction\":[{\"@type\":\"SearchAction\",\"target\":{\"@type\":\"EntryPoint\",\"urlTemplate\":\"https:\/\/newsestlyonnais.fr\/site\/?s={search_term_string}\"},\"query-input\":{\"@type\":\"PropertyValueSpecification\",\"valueRequired\":true,\"valueName\":\"search_term_string\"}}],\"inLanguage\":\"fr-FR\"},{\"@type\":\"Organization\",\"@id\":\"https:\/\/newsestlyonnais.fr\/site\/#organization\",\"name\":\"News EST LYONNAIS\",\"url\":\"https:\/\/newsestlyonnais.fr\/site\/\",\"logo\":{\"@type\":\"ImageObject\",\"inLanguage\":\"fr-FR\",\"@id\":\"https:\/\/newsestlyonnais.fr\/site\/#\/schema\/logo\/image\/\",\"url\":\"\",\"contentUrl\":\"\",\"caption\":\"News EST LYONNAIS\"},\"image\":{\"@id\":\"https:\/\/newsestlyonnais.fr\/site\/#\/schema\/logo\/image\/\"}},{\"@type\":\"Person\",\"@id\":\"https:\/\/newsestlyonnais.fr\/site\/#\/schema\/person\/3230d5615f390bb808365d673001e887\",\"name\":\"R\u00e9dac. NEWS\",\"sameAs\":[\"http:\/\/www.newsestlyonnais.fr\",\"https:\/\/www.facebook.com\/pascal.oberson.1?fref=ts\",\"https:\/\/fr.linkedin.com\/in\/pascal-oberson-b17045113\"],\"url\":\"https:\/\/newsestlyonnais.fr\/site\/author\/nel\/\"}]}<\/script>\n<!-- \/ Yoast SEO plugin. -->","yoast_head_json":{"title":"VAULX EN VELIN : 5 halt\u00e9rophiles vaudais aux championnats de France \u00e0 Mont de Marsan","description":"VAULX EN VELIN : 5 halt\u00e9rophiles vaudais aux championnats de France \u00e0 Mont de Marsan","robots":{"index":"index","follow":"follow","max-snippet":"max-snippet:-1","max-image-preview":"max-image-preview:large","max-video-preview":"max-video-preview:-1"},"canonical":"https:\/\/newsestlyonnais.fr\/site\/2017\/06\/09\/vaulx-en-velin-5-halterophiles-vaudais-aux-championnats-de-france\/","og_locale":"fr_FR","og_type":"article","og_title":"VAULX EN VELIN : 5 halt\u00e9rophiles vaudais aux championnats de France \u00e0 Mont de Marsan","og_description":"VAULX EN VELIN : 5 halt\u00e9rophiles vaudais aux championnats de France \u00e0 Mont de Marsan","og_url":"https:\/\/newsestlyonnais.fr\/site\/2017\/06\/09\/vaulx-en-velin-5-halterophiles-vaudais-aux-championnats-de-france\/","og_site_name":"News Est Lyonnais","article_author":"https:\/\/www.facebook.com\/pascal.oberson.1?fref=ts","article_published_time":"2017-06-09T05:20:22+00:00","article_modified_time":"2020-11-12T19:35:29+00:00","og_image":[{"width":1000,"height":750,"url":"https:\/\/i0.wp.com\/newsestlyonnais.fr\/site\/wp-content\/uploads\/2017\/06\/NEWSESTLYONNAIS-\u00e8-JEANNE-HALTERO.jpg?fit=1000%2C750&ssl=1","type":"image\/jpeg"}],"author":"R\u00e9dac. NEWS","twitter_card":"summary_large_image","twitter_misc":{"\u00c9crit par":"R\u00e9dac. NEWS","Dur\u00e9e de lecture estim\u00e9e":"3 minutes"},"schema":{"@context":"https:\/\/schema.org","@graph":[{"@type":"Article","@id":"https:\/\/newsestlyonnais.fr\/site\/2017\/06\/09\/vaulx-en-velin-5-halterophiles-vaudais-aux-championnats-de-france\/#article","isPartOf":{"@id":"https:\/\/newsestlyonnais.fr\/site\/2017\/06\/09\/vaulx-en-velin-5-halterophiles-vaudais-aux-championnats-de-france\/"},"author":{"name":"R\u00e9dac. NEWS","@id":"https:\/\/newsestlyonnais.fr\/site\/#\/schema\/person\/3230d5615f390bb808365d673001e887"},"headline":"VAULX-EN-VELIN | 5 halt\u00e9rophiles vaudais aux championnats de France","datePublished":"2017-06-09T05:20:22+00:00","dateModified":"2020-11-12T19:35:29+00:00","mainEntityOfPage":{"@id":"https:\/\/newsestlyonnais.fr\/site\/2017\/06\/09\/vaulx-en-velin-5-halterophiles-vaudais-aux-championnats-de-france\/"},"wordCount":542,"commentCount":0,"publisher":{"@id":"https:\/\/newsestlyonnais.fr\/site\/#organization"},"image":{"@id":"https:\/\/newsestlyonnais.fr\/site\/2017\/06\/09\/vaulx-en-velin-5-halterophiles-vaudais-aux-championnats-de-france\/#primaryimage"},"thumbnailUrl":"https:\/\/newsestlyonnais.fr\/site\/wp-content\/uploads\/2017\/06\/NEWSESTLYONNAIS-\u00e8-JEANNE-HALTERO.jpg","articleSection":["Autres sports","Divers Sports","Vaulx-en-Velin"],"inLanguage":"fr-FR","potentialAction":[{"@type":"CommentAction","name":"Comment","target":["https:\/\/newsestlyonnais.fr\/site\/2017\/06\/09\/vaulx-en-velin-5-halterophiles-vaudais-aux-championnats-de-france\/#respond"]}]},{"@type":"WebPage","@id":"https:\/\/newsestlyonnais.fr\/site\/2017\/06\/09\/vaulx-en-velin-5-halterophiles-vaudais-aux-championnats-de-france\/","url":"https:\/\/newsestlyonnais.fr\/site\/2017\/06\/09\/vaulx-en-velin-5-halterophiles-vaudais-aux-championnats-de-france\/","name":"VAULX EN VELIN : 5 halt\u00e9rophiles vaudais aux championnats de France \u00e0 Mont de Marsan","isPartOf":{"@id":"https:\/\/newsestlyonnais.fr\/site\/#website"},"primaryImageOfPage":{"@id":"https:\/\/newsestlyonnais.fr\/site\/2017\/06\/09\/vaulx-en-velin-5-halterophiles-vaudais-aux-championnats-de-france\/#primaryimage"},"image":{"@id":"https:\/\/newsestlyonnais.fr\/site\/2017\/06\/09\/vaulx-en-velin-5-halterophiles-vaudais-aux-championnats-de-france\/#primaryimage"},"thumbnailUrl":"https:\/\/newsestlyonnais.fr\/site\/wp-content\/uploads\/2017\/06\/NEWSESTLYONNAIS-\u00e8-JEANNE-HALTERO.jpg","datePublished":"2017-06-09T05:20:22+00:00","dateModified":"2020-11-12T19:35:29+00:00","description":"VAULX EN VELIN : 5 halt\u00e9rophiles vaudais aux championnats de France \u00e0 Mont de Marsan","breadcrumb":{"@id":"https:\/\/newsestlyonnais.fr\/site\/2017\/06\/09\/vaulx-en-velin-5-halterophiles-vaudais-aux-championnats-de-france\/#breadcrumb"},"inLanguage":"fr-FR","potentialAction":[{"@type":"ReadAction","target":["https:\/\/newsestlyonnais.fr\/site\/2017\/06\/09\/vaulx-en-velin-5-halterophiles-vaudais-aux-championnats-de-france\/"]}]},{"@type":"ImageObject","inLanguage":"fr-FR","@id":"https:\/\/newsestlyonnais.fr\/site\/2017\/06\/09\/vaulx-en-velin-5-halterophiles-vaudais-aux-championnats-de-france\/#primaryimage","url":"https:\/\/newsestlyonnais.fr\/site\/wp-content\/uploads\/2017\/06\/NEWSESTLYONNAIS-\u00e8-JEANNE-HALTERO.jpg","contentUrl":"https:\/\/newsestlyonnais.fr\/site\/wp-content\/uploads\/2017\/06\/NEWSESTLYONNAIS-\u00e8-JEANNE-HALTERO.jpg","width":1000,"height":750},{"@type":"BreadcrumbList","@id":"https:\/\/newsestlyonnais.fr\/site\/2017\/06\/09\/vaulx-en-velin-5-halterophiles-vaudais-aux-championnats-de-france\/#breadcrumb","itemListElement":[{"@type":"ListItem","position":1,"name":"Accueil","item":"https:\/\/newsestlyonnais.fr\/site\/"},{"@type":"ListItem","position":2,"name":"VAULX-EN-VELIN | 5 halt\u00e9rophiles vaudais aux championnats de France"}]},{"@type":"WebSite","@id":"https:\/\/newsestlyonnais.fr\/site\/#website","url":"https:\/\/newsestlyonnais.fr\/site\/","name":"News Est Lyonnais","description":"L&#039;actualit\u00e9 au plus pr\u00e8s","publisher":{"@id":"https:\/\/newsestlyonnais.fr\/site\/#organization"},"potentialAction":[{"@type":"SearchAction","target":{"@type":"EntryPoint","urlTemplate":"https:\/\/newsestlyonnais.fr\/site\/?s={search_term_string}"},"query-input":{"@type":"PropertyValueSpecification","valueRequired":true,"valueName":"search_term_string"}}],"inLanguage":"fr-FR"},{"@type":"Organization","@id":"https:\/\/newsestlyonnais.fr\/site\/#organization","name":"News EST LYONNAIS","url":"https:\/\/newsestlyonnais.fr\/site\/","logo":{"@type":"ImageObject","inLanguage":"fr-FR","@id":"https:\/\/newsestlyonnais.fr\/site\/#\/schema\/logo\/image\/","url":"","contentUrl":"","caption":"News EST LYONNAIS"},"image":{"@id":"https:\/\/newsestlyonnais.fr\/site\/#\/schema\/logo\/image\/"}},{"@type":"Person","@id":"https:\/\/newsestlyonnais.fr\/site\/#\/schema\/person\/3230d5615f390bb808365d673001e887","name":"R\u00e9dac. NEWS","sameAs":["http:\/\/www.newsestlyonnais.fr","https:\/\/www.facebook.com\/pascal.oberson.1?fref=ts","https:\/\/fr.linkedin.com\/in\/pascal-oberson-b17045113"],"url":"https:\/\/newsestlyonnais.fr\/site\/author\/nel\/"}]}},"_links":{"self":[{"href":"https:\/\/newsestlyonnais.fr\/site\/wp-json\/wp\/v2\/posts\/28791","targetHints":{"allow":["GET"]}}],"collection":[{"href":"https:\/\/newsestlyonnais.fr\/site\/wp-json\/wp\/v2\/posts"}],"about":[{"href":"https:\/\/newsestlyonnais.fr\/site\/wp-json\/wp\/v2\/types\/post"}],"author":[{"embeddable":true,"href":"https:\/\/newsestlyonnais.fr\/site\/wp-json\/wp\/v2\/users\/4"}],"replies":[{"embeddable":true,"href":"https:\/\/newsestlyonnais.fr\/site\/wp-json\/wp\/v2\/comments?post=28791"}],"version-history":[{"count":0,"href":"https:\/\/newsestlyonnais.fr\/site\/wp-json\/wp\/v2\/posts\/28791\/revisions"}],"wp:featuredmedia":[{"embeddable":true,"href":"https:\/\/newsestlyonnais.fr\/site\/wp-json\/wp\/v2\/media\/28807"}],"wp:attachment":[{"href":"https:\/\/newsestlyonnais.fr\/site\/wp-json\/wp\/v2\/media?parent=28791"}],"wp:term":[{"taxonomy":"category","embeddable":true,"href":"https:\/\/newsestlyonnais.fr\/site\/wp-json\/wp\/v2\/categories?post=28791"},{"taxonomy":"post_tag","embeddable":true,"href":"https:\/\/newsestlyonnais.fr\/site\/wp-json\/wp\/v2\/tags?post=28791"}],"curies":[{"name":"wp","href":"https:\/\/api.w.org\/{rel}","templated":true}]}}