{"id":28818,"date":"2017-06-13T06:04:24","date_gmt":"2017-06-13T05:04:24","guid":{"rendered":"http:\/\/newsestlyonnais.fr\/site\/?p=28818"},"modified":"2020-11-03T14:32:35","modified_gmt":"2020-11-03T13:32:35","slug":"genas-40-ans-et-un-nouveau-president-pour-l-es-genas-azieu-basket","status":"publish","type":"post","link":"https:\/\/newsestlyonnais.fr\/site\/2017\/06\/13\/genas-40-ans-et-un-nouveau-president-pour-l-es-genas-azieu-basket\/","title":{"rendered":"GENAS | 40 ans et un nouveau pr\u00e9sident pour l&rsquo;ESGA Basket"},"content":{"rendered":"<h4>La date du samedi 10 juin 2017 restera comme importante dans l&rsquo;historique du club puisque l&rsquo;ES Genas Azieu Basket a c\u00e9l\u00e9br\u00e9 ses 40 ans d&rsquo;existence et a \u00e9lu son 9\u00b0 pr\u00e9sident.<\/h4>\n<p>Une journ\u00e9e d\u00e9but\u00e9e par la tenue en fin de matin\u00e9e de l&rsquo;annuelle assembl\u00e9e g\u00e9n\u00e9rale qui s&rsquo;est d\u00e9roul\u00e9e dans le gymnase et a \u00e9t\u00e9 conclu par la formation d&rsquo;un nouveau bureau et la nomination au poste de pr\u00e9sident de Vincent Calleau qui succ\u00e8de \u00e0\u00a0Fran\u00e7ois Behague.<\/p>\n<p>Place ensuite aux festivit\u00e9s, en conclusion d&rsquo;une saison sportive bien remplie et \u00e9prouvante pour dirigeants, joueurs et familles. D&rsquo;abord autour d&rsquo;une bonne table avec 150 personnes qui se sont retrouv\u00e9es autour de la conviviale paella puis tout au long de l&rsquo;apr\u00e8s-midi \u00e0 travers les diverses animations propos\u00e9es pour petits et grands (concours de dunks, bubble foot, baby foot humain, structures gonflables).<\/p>\n<p>Un fort moment de retrouvailles pour tous ceux qui ont durant ces 4 d\u00e9cennies, port\u00e9 haut les couleurs de leur club. L&rsquo;occasion de refaire les matchs et de se rem\u00e9morer les victoires et titres d\u00e9croch\u00e9s par les diff\u00e9rentes formations des cat\u00e9gories jeunes aux seniors.<\/p>\n<p>Parmi les moments forts \u00e0 retenir, l&rsquo;organisation durant 10 ans d&rsquo;un tournoi international cadets qui accueillait des clubs ou des \u00e9quipes nationales.<\/p>\n<p><span style=\"text-decoration: underline\"><em><strong>Le nouveau bureau du club<\/strong><\/em><\/span> (<strong>PHOTO A LA UNE<\/strong>) : <span style=\"text-decoration: underline\">Pr\u00e9sident<\/span> : Vincent Calleau, V<span style=\"text-decoration: underline\">ice-pr\u00e9sident<\/span> : Fran\u00e7ois Behague, <span style=\"text-decoration: underline\">Tr\u00e9sori\u00e8re<\/span>: Cendrine Marciano, <span style=\"text-decoration: underline\">Secr\u00e9taire<\/span> : Isabelle Beltra, <span style=\"text-decoration: underline\">Membres<\/span>: Pierre-Olivier Bertholley, Christian Clemares, Catherine Bacconnier et Jean-Paul Mallet.<\/p>\n<p><span style=\"text-decoration: underline\"><em><strong>UN PEU D&rsquo;HISTORIQUE:<\/strong> <\/em><\/span><\/p>\n<ul>\n<li><strong><em>Ses pr\u00e9sidents successifs<\/em> <\/strong>: 1976\/1981 : Maurice Dumoulin. 1981\/1986 : G. Debize. 1986\/1989 : Y. Gloanec. 1989\/2001 : H\u00e9l\u00e8ne Gatard. 2001\/2005 : Jean Charles Rigard. 2005\/2014 : Jean Philippe Bouisset. 2014\/2015 : Nadya Jimenez. 2015\/2017 : Fran\u00e7ois Behague.<\/li>\n<li>Les <strong>principaux titres<\/strong> du club : Champion du Rh\u00f4ne Seniors (1977), Championnes R\u00e9gion U 20 filles (2008), Championnes Rh\u00f4ne DF4 SF (2012), Championnes Rh\u00f4ne DF2 SF (2004), Championnes r\u00e9gion U17 filles (2005), Vice champions du Rh\u00f4ne U 13 D1 (1999), U 13: champions du Rh\u00f4ne D1 (2015), Minimes filles : Championnes du Rh\u00f4ne (1999-2000), Seniors Gar\u00e7ons : champions du Rh\u00f4ne D1 (2005-2006), vice-champions: r\u00e9gion 3 (2007-2008) &amp; r\u00e9gion 2 (2008-2009).<\/li>\n<\/ul>\n<h4>Retrouvez toute l&rsquo;ACTU du club sur: <a href=\"http:\/\/www.esga-basket.com\" target=\"_blank\" rel=\"noopener noreferrer\">http:\/\/www.esga-basket.com<\/a><\/h4>\n<div id='gallery-1' class='gallery galleryid-28818 gallery-columns-3 gallery-size-thumbnail'><figure class='gallery-item'>\n\t\t\t<div class='gallery-icon landscape'>\n\t\t\t\t<a href='https:\/\/newsestlyonnais.fr\/site\/2017\/06\/13\/genas-40-ans-et-un-nouveau-president-pour-l-es-genas-azieu-basket\/newsestlyonnais-ag-basket\/'><img loading=\"lazy\" decoding=\"async\" width=\"150\" height=\"150\" src=\"https:\/\/newsestlyonnais.fr\/site\/wp-content\/uploads\/2017\/06\/NEWSESTLYONNAIS-AG-BASKET--150x150.jpg\" class=\"attachment-thumbnail size-thumbnail\" alt=\"NEWSESTLYONNAIS - AG BASKET\" aria-describedby=\"gallery-1-29188\" \/><\/a>\n\t\t\t<\/div>\n\t\t\t\t<figcaption class='wp-caption-text gallery-caption' id='gallery-1-29188'>\n\t\t\t\tL&rsquo;AG s&rsquo;est tenue au gymnase devant une bonne assistance  \n\t\t\t\t<\/figcaption><\/figure><figure class='gallery-item'>\n\t\t\t<div class='gallery-icon landscape'>\n\t\t\t\t<a href='https:\/\/newsestlyonnais.fr\/site\/2017\/06\/13\/genas-40-ans-et-un-nouveau-president-pour-l-es-genas-azieu-basket\/newsestlyonnais-pts-esga-basket\/'><img loading=\"lazy\" decoding=\"async\" width=\"150\" height=\"150\" src=\"https:\/\/newsestlyonnais.fr\/site\/wp-content\/uploads\/2017\/06\/NEWSESTLYONNAIS-PTS-ESGA-BASKET--150x150.jpg\" class=\"attachment-thumbnail size-thumbnail\" alt=\"NEWSESTLYONNAIS - PTS ESGA BASKET\" aria-describedby=\"gallery-1-29191\" \/><\/a>\n\t\t\t<\/div>\n\t\t\t\t<figcaption class='wp-caption-text gallery-caption' id='gallery-1-29191'>\n\t\t\t\tFran\u00e7ois Behague (\u00e0 gauche) c\u00e8de son poste de pr\u00e9sident \u00e0 Vincent Calleau \n\t\t\t\t<\/figcaption><\/figure><figure class='gallery-item'>\n\t\t\t<div class='gallery-icon landscape'>\n\t\t\t\t<a href='https:\/\/newsestlyonnais.fr\/site\/2017\/06\/13\/genas-40-ans-et-un-nouveau-president-pour-l-es-genas-azieu-basket\/newsestlyonnais-40-ans-du-club\/'><img loading=\"lazy\" decoding=\"async\" width=\"150\" height=\"150\" src=\"https:\/\/newsestlyonnais.fr\/site\/wp-content\/uploads\/2017\/06\/NEWSESTLYONNAIS-40-ANS-DU-CLUB--150x150.jpg\" class=\"attachment-thumbnail size-thumbnail\" alt=\"\" aria-describedby=\"gallery-1-29189\" \/><\/a>\n\t\t\t<\/div>\n\t\t\t\t<figcaption class='wp-caption-text gallery-caption' id='gallery-1-29189'>\n\t\t\t\tUn anniversaire f\u00eat\u00e9 comme il se doit !\n\t\t\t\t<\/figcaption><\/figure><figure class='gallery-item'>\n\t\t\t<div class='gallery-icon landscape'>\n\t\t\t\t<a href='https:\/\/newsestlyonnais.fr\/site\/2017\/06\/13\/genas-40-ans-et-un-nouveau-president-pour-l-es-genas-azieu-basket\/newsestlyonnais-palmares-esga-basket\/'><img loading=\"lazy\" decoding=\"async\" width=\"150\" height=\"150\" src=\"https:\/\/newsestlyonnais.fr\/site\/wp-content\/uploads\/2017\/06\/NEWSESTLYONNAIS-PALMARES-ESGA-BASKET-150x150.jpg\" class=\"attachment-thumbnail size-thumbnail\" alt=\"\" aria-describedby=\"gallery-1-29193\" \/><\/a>\n\t\t\t<\/div>\n\t\t\t\t<figcaption class='wp-caption-text gallery-caption' id='gallery-1-29193'>\n\t\t\t\tCoupes et troph\u00e9es ne manquent pas \u00e0 l&rsquo;\u00e9vocation du palmar\u00e8s ! \n\t\t\t\t<\/figcaption><\/figure><figure class='gallery-item'>\n\t\t\t<div class='gallery-icon landscape'>\n\t\t\t\t<a href='https:\/\/newsestlyonnais.fr\/site\/2017\/06\/13\/genas-40-ans-et-un-nouveau-president-pour-l-es-genas-azieu-basket\/newsestlyonnais-esga-basket-tournoi-juniors\/'><img loading=\"lazy\" decoding=\"async\" width=\"150\" height=\"150\" src=\"https:\/\/newsestlyonnais.fr\/site\/wp-content\/uploads\/2017\/06\/NEWSESTLYONNAIS-ESGA-BASKET-TOURNOI-JUNIORS-150x150.jpg\" class=\"attachment-thumbnail size-thumbnail\" alt=\"\" aria-describedby=\"gallery-1-29195\" \/><\/a>\n\t\t\t<\/div>\n\t\t\t\t<figcaption class='wp-caption-text gallery-caption' id='gallery-1-29195'>\n\t\t\t\tL&rsquo;organisation durant 10 ans d&rsquo;un tournoi international cadets aura \u00e9t\u00e9 un des moments forts \n\t\t\t\t<\/figcaption><\/figure><figure class='gallery-item'>\n\t\t\t<div class='gallery-icon landscape'>\n\t\t\t\t<a href='https:\/\/newsestlyonnais.fr\/site\/2017\/06\/13\/genas-40-ans-et-un-nouveau-president-pour-l-es-genas-azieu-basket\/newsestlyonnais-40-ans-esga-basket\/'><img loading=\"lazy\" decoding=\"async\" width=\"150\" height=\"150\" src=\"https:\/\/newsestlyonnais.fr\/site\/wp-content\/uploads\/2017\/06\/NEWSESTLYONNAIS-40-ANS-ESGA-BASKET-150x150.jpg\" class=\"attachment-thumbnail size-thumbnail\" alt=\"\" aria-describedby=\"gallery-1-34749\" \/><\/a>\n\t\t\t<\/div>\n\t\t\t\t<figcaption class='wp-caption-text gallery-caption' id='gallery-1-34749'>\n\t\t\t\tUne belle journ\u00e9e festive !\n\t\t\t\t<\/figcaption><\/figure>\n\t\t<\/div>\n\n","protected":false},"excerpt":{"rendered":"<p>La date du samedi 10 juin 2017 restera comme importante dans l&rsquo;historique du club puisque l&rsquo;ES Genas Azieu Basket a c\u00e9l\u00e9br\u00e9 ses 40 ans d&rsquo;existence et a \u00e9lu son 9\u00b0 pr\u00e9sident. Une journ\u00e9e d\u00e9but\u00e9e par la tenue en fin de matin\u00e9e de l&rsquo;annuelle assembl\u00e9e g\u00e9n\u00e9rale qui s&rsquo;est d\u00e9roul\u00e9e dans le gymnase et a \u00e9t\u00e9 conclu [&hellip;]<\/p>\n","protected":false},"author":4,"featured_media":29155,"comment_status":"open","ping_status":"open","sticky":false,"template":"","format":"standard","meta":{"footnotes":""},"categories":[1357,2975,270,1598],"tags":[],"class_list":["post-28818","post","type-post","status-publish","format-standard","has-post-thumbnail","hentry","category-basket","category-basket-hand-volley-sports","category-cte-de-communes-c-c-e-l","category-genas"],"yoast_head":"<!-- This site is optimized with the Yoast SEO plugin v27.2 - https:\/\/yoast.com\/product\/yoast-seo-wordpress\/ -->\n<title>GENAS: 40 ans et un nouveau pr\u00e9sident pour l&#039; ES Genas Azieu Basket<\/title>\n<meta name=\"description\" content=\"GENAS: 40 ans et un nouveau pr\u00e9sident pour l&#039; ES Genas Azieu Basket\" \/>\n<meta name=\"robots\" content=\"index, follow, max-snippet:-1, max-image-preview:large, max-video-preview:-1\" \/>\n<link rel=\"canonical\" href=\"https:\/\/newsestlyonnais.fr\/site\/2017\/06\/13\/genas-40-ans-et-un-nouveau-president-pour-l-es-genas-azieu-basket\/\" \/>\n<meta property=\"og:locale\" content=\"fr_FR\" \/>\n<meta property=\"og:type\" content=\"article\" \/>\n<meta property=\"og:title\" content=\"GENAS: 40 ans et un nouveau pr\u00e9sident pour l&#039; ES Genas Azieu Basket\" \/>\n<meta property=\"og:description\" content=\"GENAS: 40 ans et un nouveau pr\u00e9sident pour l&#039; ES Genas Azieu Basket\" \/>\n<meta property=\"og:url\" content=\"https:\/\/newsestlyonnais.fr\/site\/2017\/06\/13\/genas-40-ans-et-un-nouveau-president-pour-l-es-genas-azieu-basket\/\" \/>\n<meta property=\"og:site_name\" content=\"News Est Lyonnais\" \/>\n<meta property=\"article:author\" content=\"https:\/\/www.facebook.com\/pascal.oberson.1?fref=ts\" \/>\n<meta property=\"article:published_time\" content=\"2017-06-13T05:04:24+00:00\" \/>\n<meta property=\"article:modified_time\" content=\"2020-11-03T13:32:35+00:00\" \/>\n<meta property=\"og:image\" content=\"https:\/\/i0.wp.com\/newsestlyonnais.fr\/site\/wp-content\/uploads\/2017\/06\/NEWSESTLYONNAIS-BURO-ESGA-BASKET.jpg?fit=1000%2C750&ssl=1\" \/>\n\t<meta property=\"og:image:width\" content=\"1000\" \/>\n\t<meta property=\"og:image:height\" content=\"750\" \/>\n\t<meta property=\"og:image:type\" content=\"image\/jpeg\" \/>\n<meta name=\"author\" content=\"R\u00e9dac. NEWS\" \/>\n<meta name=\"twitter:card\" content=\"summary_large_image\" \/>\n<meta name=\"twitter:label1\" content=\"\u00c9crit par\" \/>\n\t<meta name=\"twitter:data1\" content=\"R\u00e9dac. NEWS\" \/>\n\t<meta name=\"twitter:label2\" content=\"Dur\u00e9e de lecture estim\u00e9e\" \/>\n\t<meta name=\"twitter:data2\" content=\"2 minutes\" \/>\n<script type=\"application\/ld+json\" class=\"yoast-schema-graph\">{\"@context\":\"https:\/\/schema.org\",\"@graph\":[{\"@type\":\"Article\",\"@id\":\"https:\/\/newsestlyonnais.fr\/site\/2017\/06\/13\/genas-40-ans-et-un-nouveau-president-pour-l-es-genas-azieu-basket\/#article\",\"isPartOf\":{\"@id\":\"https:\/\/newsestlyonnais.fr\/site\/2017\/06\/13\/genas-40-ans-et-un-nouveau-president-pour-l-es-genas-azieu-basket\/\"},\"author\":{\"name\":\"R\u00e9dac. NEWS\",\"@id\":\"https:\/\/newsestlyonnais.fr\/site\/#\/schema\/person\/3230d5615f390bb808365d673001e887\"},\"headline\":\"GENAS | 40 ans et un nouveau pr\u00e9sident pour l&rsquo;ESGA Basket\",\"datePublished\":\"2017-06-13T05:04:24+00:00\",\"dateModified\":\"2020-11-03T13:32:35+00:00\",\"mainEntityOfPage\":{\"@id\":\"https:\/\/newsestlyonnais.fr\/site\/2017\/06\/13\/genas-40-ans-et-un-nouveau-president-pour-l-es-genas-azieu-basket\/\"},\"wordCount\":390,\"commentCount\":0,\"publisher\":{\"@id\":\"https:\/\/newsestlyonnais.fr\/site\/#organization\"},\"image\":{\"@id\":\"https:\/\/newsestlyonnais.fr\/site\/2017\/06\/13\/genas-40-ans-et-un-nouveau-president-pour-l-es-genas-azieu-basket\/#primaryimage\"},\"thumbnailUrl\":\"https:\/\/newsestlyonnais.fr\/site\/wp-content\/uploads\/2017\/06\/NEWSESTLYONNAIS-BURO-ESGA-BASKET.jpg\",\"articleSection\":[\"Basket\",\"Basket | Hand | Volley\",\"CCEL | Communes\",\"Genas\"],\"inLanguage\":\"fr-FR\",\"potentialAction\":[{\"@type\":\"CommentAction\",\"name\":\"Comment\",\"target\":[\"https:\/\/newsestlyonnais.fr\/site\/2017\/06\/13\/genas-40-ans-et-un-nouveau-president-pour-l-es-genas-azieu-basket\/#respond\"]}]},{\"@type\":\"WebPage\",\"@id\":\"https:\/\/newsestlyonnais.fr\/site\/2017\/06\/13\/genas-40-ans-et-un-nouveau-president-pour-l-es-genas-azieu-basket\/\",\"url\":\"https:\/\/newsestlyonnais.fr\/site\/2017\/06\/13\/genas-40-ans-et-un-nouveau-president-pour-l-es-genas-azieu-basket\/\",\"name\":\"GENAS: 40 ans et un nouveau pr\u00e9sident pour l' ES Genas Azieu Basket\",\"isPartOf\":{\"@id\":\"https:\/\/newsestlyonnais.fr\/site\/#website\"},\"primaryImageOfPage\":{\"@id\":\"https:\/\/newsestlyonnais.fr\/site\/2017\/06\/13\/genas-40-ans-et-un-nouveau-president-pour-l-es-genas-azieu-basket\/#primaryimage\"},\"image\":{\"@id\":\"https:\/\/newsestlyonnais.fr\/site\/2017\/06\/13\/genas-40-ans-et-un-nouveau-president-pour-l-es-genas-azieu-basket\/#primaryimage\"},\"thumbnailUrl\":\"https:\/\/newsestlyonnais.fr\/site\/wp-content\/uploads\/2017\/06\/NEWSESTLYONNAIS-BURO-ESGA-BASKET.jpg\",\"datePublished\":\"2017-06-13T05:04:24+00:00\",\"dateModified\":\"2020-11-03T13:32:35+00:00\",\"description\":\"GENAS: 40 ans et un nouveau pr\u00e9sident pour l' ES Genas Azieu Basket\",\"breadcrumb\":{\"@id\":\"https:\/\/newsestlyonnais.fr\/site\/2017\/06\/13\/genas-40-ans-et-un-nouveau-president-pour-l-es-genas-azieu-basket\/#breadcrumb\"},\"inLanguage\":\"fr-FR\",\"potentialAction\":[{\"@type\":\"ReadAction\",\"target\":[\"https:\/\/newsestlyonnais.fr\/site\/2017\/06\/13\/genas-40-ans-et-un-nouveau-president-pour-l-es-genas-azieu-basket\/\"]}]},{\"@type\":\"ImageObject\",\"inLanguage\":\"fr-FR\",\"@id\":\"https:\/\/newsestlyonnais.fr\/site\/2017\/06\/13\/genas-40-ans-et-un-nouveau-president-pour-l-es-genas-azieu-basket\/#primaryimage\",\"url\":\"https:\/\/newsestlyonnais.fr\/site\/wp-content\/uploads\/2017\/06\/NEWSESTLYONNAIS-BURO-ESGA-BASKET.jpg\",\"contentUrl\":\"https:\/\/newsestlyonnais.fr\/site\/wp-content\/uploads\/2017\/06\/NEWSESTLYONNAIS-BURO-ESGA-BASKET.jpg\",\"width\":1000,\"height\":750},{\"@type\":\"BreadcrumbList\",\"@id\":\"https:\/\/newsestlyonnais.fr\/site\/2017\/06\/13\/genas-40-ans-et-un-nouveau-president-pour-l-es-genas-azieu-basket\/#breadcrumb\",\"itemListElement\":[{\"@type\":\"ListItem\",\"position\":1,\"name\":\"Accueil\",\"item\":\"https:\/\/newsestlyonnais.fr\/site\/\"},{\"@type\":\"ListItem\",\"position\":2,\"name\":\"GENAS | 40 ans et un nouveau pr\u00e9sident pour l&rsquo;ESGA Basket\"}]},{\"@type\":\"WebSite\",\"@id\":\"https:\/\/newsestlyonnais.fr\/site\/#website\",\"url\":\"https:\/\/newsestlyonnais.fr\/site\/\",\"name\":\"News Est Lyonnais\",\"description\":\"L&#039;actualit\u00e9 au plus pr\u00e8s\",\"publisher\":{\"@id\":\"https:\/\/newsestlyonnais.fr\/site\/#organization\"},\"potentialAction\":[{\"@type\":\"SearchAction\",\"target\":{\"@type\":\"EntryPoint\",\"urlTemplate\":\"https:\/\/newsestlyonnais.fr\/site\/?s={search_term_string}\"},\"query-input\":{\"@type\":\"PropertyValueSpecification\",\"valueRequired\":true,\"valueName\":\"search_term_string\"}}],\"inLanguage\":\"fr-FR\"},{\"@type\":\"Organization\",\"@id\":\"https:\/\/newsestlyonnais.fr\/site\/#organization\",\"name\":\"News EST LYONNAIS\",\"url\":\"https:\/\/newsestlyonnais.fr\/site\/\",\"logo\":{\"@type\":\"ImageObject\",\"inLanguage\":\"fr-FR\",\"@id\":\"https:\/\/newsestlyonnais.fr\/site\/#\/schema\/logo\/image\/\",\"url\":\"\",\"contentUrl\":\"\",\"caption\":\"News EST LYONNAIS\"},\"image\":{\"@id\":\"https:\/\/newsestlyonnais.fr\/site\/#\/schema\/logo\/image\/\"}},{\"@type\":\"Person\",\"@id\":\"https:\/\/newsestlyonnais.fr\/site\/#\/schema\/person\/3230d5615f390bb808365d673001e887\",\"name\":\"R\u00e9dac. NEWS\",\"sameAs\":[\"http:\/\/www.newsestlyonnais.fr\",\"https:\/\/www.facebook.com\/pascal.oberson.1?fref=ts\",\"https:\/\/fr.linkedin.com\/in\/pascal-oberson-b17045113\"],\"url\":\"https:\/\/newsestlyonnais.fr\/site\/author\/nel\/\"}]}<\/script>\n<!-- \/ Yoast SEO plugin. -->","yoast_head_json":{"title":"GENAS: 40 ans et un nouveau pr\u00e9sident pour l' ES Genas Azieu Basket","description":"GENAS: 40 ans et un nouveau pr\u00e9sident pour l' ES Genas Azieu Basket","robots":{"index":"index","follow":"follow","max-snippet":"max-snippet:-1","max-image-preview":"max-image-preview:large","max-video-preview":"max-video-preview:-1"},"canonical":"https:\/\/newsestlyonnais.fr\/site\/2017\/06\/13\/genas-40-ans-et-un-nouveau-president-pour-l-es-genas-azieu-basket\/","og_locale":"fr_FR","og_type":"article","og_title":"GENAS: 40 ans et un nouveau pr\u00e9sident pour l' ES Genas Azieu Basket","og_description":"GENAS: 40 ans et un nouveau pr\u00e9sident pour l' ES Genas Azieu Basket","og_url":"https:\/\/newsestlyonnais.fr\/site\/2017\/06\/13\/genas-40-ans-et-un-nouveau-president-pour-l-es-genas-azieu-basket\/","og_site_name":"News Est Lyonnais","article_author":"https:\/\/www.facebook.com\/pascal.oberson.1?fref=ts","article_published_time":"2017-06-13T05:04:24+00:00","article_modified_time":"2020-11-03T13:32:35+00:00","og_image":[{"width":1000,"height":750,"url":"https:\/\/i0.wp.com\/newsestlyonnais.fr\/site\/wp-content\/uploads\/2017\/06\/NEWSESTLYONNAIS-BURO-ESGA-BASKET.jpg?fit=1000%2C750&ssl=1","type":"image\/jpeg"}],"author":"R\u00e9dac. NEWS","twitter_card":"summary_large_image","twitter_misc":{"\u00c9crit par":"R\u00e9dac. NEWS","Dur\u00e9e de lecture estim\u00e9e":"2 minutes"},"schema":{"@context":"https:\/\/schema.org","@graph":[{"@type":"Article","@id":"https:\/\/newsestlyonnais.fr\/site\/2017\/06\/13\/genas-40-ans-et-un-nouveau-president-pour-l-es-genas-azieu-basket\/#article","isPartOf":{"@id":"https:\/\/newsestlyonnais.fr\/site\/2017\/06\/13\/genas-40-ans-et-un-nouveau-president-pour-l-es-genas-azieu-basket\/"},"author":{"name":"R\u00e9dac. NEWS","@id":"https:\/\/newsestlyonnais.fr\/site\/#\/schema\/person\/3230d5615f390bb808365d673001e887"},"headline":"GENAS | 40 ans et un nouveau pr\u00e9sident pour l&rsquo;ESGA Basket","datePublished":"2017-06-13T05:04:24+00:00","dateModified":"2020-11-03T13:32:35+00:00","mainEntityOfPage":{"@id":"https:\/\/newsestlyonnais.fr\/site\/2017\/06\/13\/genas-40-ans-et-un-nouveau-president-pour-l-es-genas-azieu-basket\/"},"wordCount":390,"commentCount":0,"publisher":{"@id":"https:\/\/newsestlyonnais.fr\/site\/#organization"},"image":{"@id":"https:\/\/newsestlyonnais.fr\/site\/2017\/06\/13\/genas-40-ans-et-un-nouveau-president-pour-l-es-genas-azieu-basket\/#primaryimage"},"thumbnailUrl":"https:\/\/newsestlyonnais.fr\/site\/wp-content\/uploads\/2017\/06\/NEWSESTLYONNAIS-BURO-ESGA-BASKET.jpg","articleSection":["Basket","Basket | Hand | Volley","CCEL | Communes","Genas"],"inLanguage":"fr-FR","potentialAction":[{"@type":"CommentAction","name":"Comment","target":["https:\/\/newsestlyonnais.fr\/site\/2017\/06\/13\/genas-40-ans-et-un-nouveau-president-pour-l-es-genas-azieu-basket\/#respond"]}]},{"@type":"WebPage","@id":"https:\/\/newsestlyonnais.fr\/site\/2017\/06\/13\/genas-40-ans-et-un-nouveau-president-pour-l-es-genas-azieu-basket\/","url":"https:\/\/newsestlyonnais.fr\/site\/2017\/06\/13\/genas-40-ans-et-un-nouveau-president-pour-l-es-genas-azieu-basket\/","name":"GENAS: 40 ans et un nouveau pr\u00e9sident pour l' ES Genas Azieu Basket","isPartOf":{"@id":"https:\/\/newsestlyonnais.fr\/site\/#website"},"primaryImageOfPage":{"@id":"https:\/\/newsestlyonnais.fr\/site\/2017\/06\/13\/genas-40-ans-et-un-nouveau-president-pour-l-es-genas-azieu-basket\/#primaryimage"},"image":{"@id":"https:\/\/newsestlyonnais.fr\/site\/2017\/06\/13\/genas-40-ans-et-un-nouveau-president-pour-l-es-genas-azieu-basket\/#primaryimage"},"thumbnailUrl":"https:\/\/newsestlyonnais.fr\/site\/wp-content\/uploads\/2017\/06\/NEWSESTLYONNAIS-BURO-ESGA-BASKET.jpg","datePublished":"2017-06-13T05:04:24+00:00","dateModified":"2020-11-03T13:32:35+00:00","description":"GENAS: 40 ans et un nouveau pr\u00e9sident pour l' ES Genas Azieu Basket","breadcrumb":{"@id":"https:\/\/newsestlyonnais.fr\/site\/2017\/06\/13\/genas-40-ans-et-un-nouveau-president-pour-l-es-genas-azieu-basket\/#breadcrumb"},"inLanguage":"fr-FR","potentialAction":[{"@type":"ReadAction","target":["https:\/\/newsestlyonnais.fr\/site\/2017\/06\/13\/genas-40-ans-et-un-nouveau-president-pour-l-es-genas-azieu-basket\/"]}]},{"@type":"ImageObject","inLanguage":"fr-FR","@id":"https:\/\/newsestlyonnais.fr\/site\/2017\/06\/13\/genas-40-ans-et-un-nouveau-president-pour-l-es-genas-azieu-basket\/#primaryimage","url":"https:\/\/newsestlyonnais.fr\/site\/wp-content\/uploads\/2017\/06\/NEWSESTLYONNAIS-BURO-ESGA-BASKET.jpg","contentUrl":"https:\/\/newsestlyonnais.fr\/site\/wp-content\/uploads\/2017\/06\/NEWSESTLYONNAIS-BURO-ESGA-BASKET.jpg","width":1000,"height":750},{"@type":"BreadcrumbList","@id":"https:\/\/newsestlyonnais.fr\/site\/2017\/06\/13\/genas-40-ans-et-un-nouveau-president-pour-l-es-genas-azieu-basket\/#breadcrumb","itemListElement":[{"@type":"ListItem","position":1,"name":"Accueil","item":"https:\/\/newsestlyonnais.fr\/site\/"},{"@type":"ListItem","position":2,"name":"GENAS | 40 ans et un nouveau pr\u00e9sident pour l&rsquo;ESGA Basket"}]},{"@type":"WebSite","@id":"https:\/\/newsestlyonnais.fr\/site\/#website","url":"https:\/\/newsestlyonnais.fr\/site\/","name":"News Est Lyonnais","description":"L&#039;actualit\u00e9 au plus pr\u00e8s","publisher":{"@id":"https:\/\/newsestlyonnais.fr\/site\/#organization"},"potentialAction":[{"@type":"SearchAction","target":{"@type":"EntryPoint","urlTemplate":"https:\/\/newsestlyonnais.fr\/site\/?s={search_term_string}"},"query-input":{"@type":"PropertyValueSpecification","valueRequired":true,"valueName":"search_term_string"}}],"inLanguage":"fr-FR"},{"@type":"Organization","@id":"https:\/\/newsestlyonnais.fr\/site\/#organization","name":"News EST LYONNAIS","url":"https:\/\/newsestlyonnais.fr\/site\/","logo":{"@type":"ImageObject","inLanguage":"fr-FR","@id":"https:\/\/newsestlyonnais.fr\/site\/#\/schema\/logo\/image\/","url":"","contentUrl":"","caption":"News EST LYONNAIS"},"image":{"@id":"https:\/\/newsestlyonnais.fr\/site\/#\/schema\/logo\/image\/"}},{"@type":"Person","@id":"https:\/\/newsestlyonnais.fr\/site\/#\/schema\/person\/3230d5615f390bb808365d673001e887","name":"R\u00e9dac. NEWS","sameAs":["http:\/\/www.newsestlyonnais.fr","https:\/\/www.facebook.com\/pascal.oberson.1?fref=ts","https:\/\/fr.linkedin.com\/in\/pascal-oberson-b17045113"],"url":"https:\/\/newsestlyonnais.fr\/site\/author\/nel\/"}]}},"_links":{"self":[{"href":"https:\/\/newsestlyonnais.fr\/site\/wp-json\/wp\/v2\/posts\/28818","targetHints":{"allow":["GET"]}}],"collection":[{"href":"https:\/\/newsestlyonnais.fr\/site\/wp-json\/wp\/v2\/posts"}],"about":[{"href":"https:\/\/newsestlyonnais.fr\/site\/wp-json\/wp\/v2\/types\/post"}],"author":[{"embeddable":true,"href":"https:\/\/newsestlyonnais.fr\/site\/wp-json\/wp\/v2\/users\/4"}],"replies":[{"embeddable":true,"href":"https:\/\/newsestlyonnais.fr\/site\/wp-json\/wp\/v2\/comments?post=28818"}],"version-history":[{"count":0,"href":"https:\/\/newsestlyonnais.fr\/site\/wp-json\/wp\/v2\/posts\/28818\/revisions"}],"wp:featuredmedia":[{"embeddable":true,"href":"https:\/\/newsestlyonnais.fr\/site\/wp-json\/wp\/v2\/media\/29155"}],"wp:attachment":[{"href":"https:\/\/newsestlyonnais.fr\/site\/wp-json\/wp\/v2\/media?parent=28818"}],"wp:term":[{"taxonomy":"category","embeddable":true,"href":"https:\/\/newsestlyonnais.fr\/site\/wp-json\/wp\/v2\/categories?post=28818"},{"taxonomy":"post_tag","embeddable":true,"href":"https:\/\/newsestlyonnais.fr\/site\/wp-json\/wp\/v2\/tags?post=28818"}],"curies":[{"name":"wp","href":"https:\/\/api.w.org\/{rel}","templated":true}]}}