{"id":29215,"date":"2017-06-13T10:41:49","date_gmt":"2017-06-13T09:41:49","guid":{"rendered":"http:\/\/newsestlyonnais.fr\/site\/?p=29215"},"modified":"2020-05-25T16:25:50","modified_gmt":"2020-05-25T15:25:50","slug":"bron-retour-sur-le-tournoi-en-herbe-de-volley","status":"publish","type":"post","link":"https:\/\/newsestlyonnais.fr\/site\/2017\/06\/13\/bron-retour-sur-le-tournoi-en-herbe-de-volley\/","title":{"rendered":"BRON | Retour sur le tournoi en herbe de volley"},"content":{"rendered":"<p><strong>Anne-Marie Aubert, co-pr\u00e9sidente du club organisateur du Volley Bron @ Lyon Lumi\u00e8re<\/strong> revient sur cette manifestation :\u00a0 \u00ab\u00a0Cette nouvelle \u00e9dition qui proposait uniquement du 4 x 4 mixte a remport\u00e9 un joli succ\u00e8s. 34 \u00e9quipes se sont inscrites pour participer \u00e0 cet \u00e9v\u00e8nement, venant de plusieurs clubs de la r\u00e9gion mais aussi de Vball. Les collectifs \u00e9taient constitu\u00e9s cette ann\u00e9e par des joueurs et joueuses \u00e9voluant en comp\u00e9tition de week-end majoritairement, mais \u00e9galement par des joueurs de comp\u00e9tition de semaine. Les g\u00e9n\u00e9rations se sont \u00e9galement m\u00e9lang\u00e9es, des p\u00e8res avec leurs fils M20, des entraineurs avec leur joueurs\/joueuses, des fr\u00e8res et s\u0153urs, pour partager ensemble une agr\u00e9able journ\u00e9e.<\/p>\n<p>La comp\u00e9tition s\u2019annon\u00e7ait relev\u00e9e puisqu\u2019on notait la pr\u00e9sence d\u2019une \u00e9quipe avec des joueurs de Pro B et plusieurs joueurs et joueuses de niveau national, et pr\u00e9-national.<\/p>\n<p>Apr\u00e8s les poules matinales de brassage (2 poules de 5 et 6 poules de 4), la sportive lan\u00e7ait un principal et une consolante avec une formule comprenant des 8\u00b0 , quarts, demi et finale pour chaque tournoi, soit au total 7 ou 8 matchs pour chaque \u00e9quipe.<\/p>\n<p>En principal, la logique a \u00e9t\u00e9 respect\u00e9e puisque l\u2019\u00e9quipe compos\u00e9e de Rian Utia (Pro B Asul, en partance pour Orange pour la prochaine saison), Thibault Carn (Champion de France pro B 2012, avec Avignon- puis Pro B Al\u00e8s), Cansou et leur passeur Toll venait \u00e0 bout de la formation emmen\u00e9e par Kyril Dimitrov (Pro B Asul).<\/p>\n<p>Les deux \u00e9quipes suivantes de niveau Pr\u00e9-national\/R\u00e9gional avec des joueurs\/joueuses de Villette -Francheville et une 100 % Vball compl\u00e9tant le tableau.<\/p>\n<p>En Consolante, ce sont nos jeunes M17 M \u00a0Mathias et Robin qui avec Philippe notre entraineur de N3 et Elodie de Meyzieu qui remportent la finale\u00a0\u00bb.<\/p>\n","protected":false},"excerpt":{"rendered":"<p>Plac\u00e9 sous soleil et forte chaleur, l&rsquo;\u00e9dition 2017 du Vball a attir\u00e9 les pros\u00a0!<\/p>\n","protected":false},"author":4,"featured_media":29219,"comment_status":"open","ping_status":"open","sticky":false,"template":"","format":"standard","meta":{"footnotes":""},"categories":[30,2975,19,2,2976],"tags":[],"class_list":["post-29215","post","type-post","status-publish","format-standard","has-post-thumbnail","hentry","category-a-la-une","category-basket-hand-volley-sports","category-bron","category-sports","category-volley-sports"],"yoast_head":"<!-- This site is optimized with the Yoast SEO plugin v27.2 - https:\/\/yoast.com\/product\/yoast-seo-wordpress\/ -->\n<title>BRON : Retour sur le tournoi en herbe de Volley<\/title>\n<meta name=\"description\" content=\"BRON : Retour sur le tournoi en herbe de Volley\" \/>\n<meta name=\"robots\" content=\"index, follow, max-snippet:-1, max-image-preview:large, max-video-preview:-1\" \/>\n<link rel=\"canonical\" href=\"https:\/\/newsestlyonnais.fr\/site\/2017\/06\/13\/bron-retour-sur-le-tournoi-en-herbe-de-volley\/\" \/>\n<meta property=\"og:locale\" content=\"fr_FR\" \/>\n<meta property=\"og:type\" content=\"article\" \/>\n<meta property=\"og:title\" content=\"BRON : Retour sur le tournoi en herbe de Volley\" \/>\n<meta property=\"og:description\" content=\"BRON : Retour sur le tournoi en herbe de Volley\" \/>\n<meta property=\"og:url\" content=\"https:\/\/newsestlyonnais.fr\/site\/2017\/06\/13\/bron-retour-sur-le-tournoi-en-herbe-de-volley\/\" \/>\n<meta property=\"og:site_name\" content=\"News Est Lyonnais\" \/>\n<meta property=\"article:author\" content=\"https:\/\/www.facebook.com\/pascal.oberson.1?fref=ts\" \/>\n<meta property=\"article:published_time\" content=\"2017-06-13T09:41:49+00:00\" \/>\n<meta property=\"article:modified_time\" content=\"2020-05-25T15:25:50+00:00\" \/>\n<meta property=\"og:image\" content=\"https:\/\/i2.wp.com\/newsestlyonnais.fr\/site\/wp-content\/uploads\/2017\/06\/NEWSESTLYONNAIS-VABLL-TOURNOI-HERBE.jpg?fit=1000%2C750&ssl=1\" \/>\n\t<meta property=\"og:image:width\" content=\"1000\" \/>\n\t<meta property=\"og:image:height\" content=\"750\" \/>\n\t<meta property=\"og:image:type\" content=\"image\/jpeg\" \/>\n<meta name=\"author\" content=\"R\u00e9dac. NEWS\" \/>\n<meta name=\"twitter:card\" content=\"summary_large_image\" \/>\n<meta name=\"twitter:label1\" content=\"\u00c9crit par\" \/>\n\t<meta name=\"twitter:data1\" content=\"R\u00e9dac. NEWS\" \/>\n\t<meta name=\"twitter:label2\" content=\"Dur\u00e9e de lecture estim\u00e9e\" \/>\n\t<meta name=\"twitter:data2\" content=\"2 minutes\" \/>\n<script type=\"application\/ld+json\" class=\"yoast-schema-graph\">{\"@context\":\"https:\/\/schema.org\",\"@graph\":[{\"@type\":\"Article\",\"@id\":\"https:\/\/newsestlyonnais.fr\/site\/2017\/06\/13\/bron-retour-sur-le-tournoi-en-herbe-de-volley\/#article\",\"isPartOf\":{\"@id\":\"https:\/\/newsestlyonnais.fr\/site\/2017\/06\/13\/bron-retour-sur-le-tournoi-en-herbe-de-volley\/\"},\"author\":{\"name\":\"R\u00e9dac. NEWS\",\"@id\":\"https:\/\/newsestlyonnais.fr\/site\/#\/schema\/person\/3230d5615f390bb808365d673001e887\"},\"headline\":\"BRON | Retour sur le tournoi en herbe de volley\",\"datePublished\":\"2017-06-13T09:41:49+00:00\",\"dateModified\":\"2020-05-25T15:25:50+00:00\",\"mainEntityOfPage\":{\"@id\":\"https:\/\/newsestlyonnais.fr\/site\/2017\/06\/13\/bron-retour-sur-le-tournoi-en-herbe-de-volley\/\"},\"wordCount\":313,\"commentCount\":0,\"publisher\":{\"@id\":\"https:\/\/newsestlyonnais.fr\/site\/#organization\"},\"image\":{\"@id\":\"https:\/\/newsestlyonnais.fr\/site\/2017\/06\/13\/bron-retour-sur-le-tournoi-en-herbe-de-volley\/#primaryimage\"},\"thumbnailUrl\":\"https:\/\/newsestlyonnais.fr\/site\/wp-content\/uploads\/2017\/06\/NEWSESTLYONNAIS-VABLL-TOURNOI-HERBE.jpg\",\"articleSection\":[\"\u00e0 la une\",\"Basket | Hand | Volley\",\"Bron\",\"Sports\",\"Volley\"],\"inLanguage\":\"fr-FR\",\"potentialAction\":[{\"@type\":\"CommentAction\",\"name\":\"Comment\",\"target\":[\"https:\/\/newsestlyonnais.fr\/site\/2017\/06\/13\/bron-retour-sur-le-tournoi-en-herbe-de-volley\/#respond\"]}]},{\"@type\":\"WebPage\",\"@id\":\"https:\/\/newsestlyonnais.fr\/site\/2017\/06\/13\/bron-retour-sur-le-tournoi-en-herbe-de-volley\/\",\"url\":\"https:\/\/newsestlyonnais.fr\/site\/2017\/06\/13\/bron-retour-sur-le-tournoi-en-herbe-de-volley\/\",\"name\":\"BRON : Retour sur le tournoi en herbe de Volley\",\"isPartOf\":{\"@id\":\"https:\/\/newsestlyonnais.fr\/site\/#website\"},\"primaryImageOfPage\":{\"@id\":\"https:\/\/newsestlyonnais.fr\/site\/2017\/06\/13\/bron-retour-sur-le-tournoi-en-herbe-de-volley\/#primaryimage\"},\"image\":{\"@id\":\"https:\/\/newsestlyonnais.fr\/site\/2017\/06\/13\/bron-retour-sur-le-tournoi-en-herbe-de-volley\/#primaryimage\"},\"thumbnailUrl\":\"https:\/\/newsestlyonnais.fr\/site\/wp-content\/uploads\/2017\/06\/NEWSESTLYONNAIS-VABLL-TOURNOI-HERBE.jpg\",\"datePublished\":\"2017-06-13T09:41:49+00:00\",\"dateModified\":\"2020-05-25T15:25:50+00:00\",\"description\":\"BRON : Retour sur le tournoi en herbe de Volley\",\"breadcrumb\":{\"@id\":\"https:\/\/newsestlyonnais.fr\/site\/2017\/06\/13\/bron-retour-sur-le-tournoi-en-herbe-de-volley\/#breadcrumb\"},\"inLanguage\":\"fr-FR\",\"potentialAction\":[{\"@type\":\"ReadAction\",\"target\":[\"https:\/\/newsestlyonnais.fr\/site\/2017\/06\/13\/bron-retour-sur-le-tournoi-en-herbe-de-volley\/\"]}]},{\"@type\":\"ImageObject\",\"inLanguage\":\"fr-FR\",\"@id\":\"https:\/\/newsestlyonnais.fr\/site\/2017\/06\/13\/bron-retour-sur-le-tournoi-en-herbe-de-volley\/#primaryimage\",\"url\":\"https:\/\/newsestlyonnais.fr\/site\/wp-content\/uploads\/2017\/06\/NEWSESTLYONNAIS-VABLL-TOURNOI-HERBE.jpg\",\"contentUrl\":\"https:\/\/newsestlyonnais.fr\/site\/wp-content\/uploads\/2017\/06\/NEWSESTLYONNAIS-VABLL-TOURNOI-HERBE.jpg\",\"width\":1000,\"height\":750,\"caption\":\"NEWSESTLYONNAIS - VABLL TOURNOI HERBE\"},{\"@type\":\"BreadcrumbList\",\"@id\":\"https:\/\/newsestlyonnais.fr\/site\/2017\/06\/13\/bron-retour-sur-le-tournoi-en-herbe-de-volley\/#breadcrumb\",\"itemListElement\":[{\"@type\":\"ListItem\",\"position\":1,\"name\":\"Accueil\",\"item\":\"https:\/\/newsestlyonnais.fr\/site\/\"},{\"@type\":\"ListItem\",\"position\":2,\"name\":\"BRON | Retour sur le tournoi en herbe de volley\"}]},{\"@type\":\"WebSite\",\"@id\":\"https:\/\/newsestlyonnais.fr\/site\/#website\",\"url\":\"https:\/\/newsestlyonnais.fr\/site\/\",\"name\":\"News Est Lyonnais\",\"description\":\"L&#039;actualit\u00e9 au plus pr\u00e8s\",\"publisher\":{\"@id\":\"https:\/\/newsestlyonnais.fr\/site\/#organization\"},\"potentialAction\":[{\"@type\":\"SearchAction\",\"target\":{\"@type\":\"EntryPoint\",\"urlTemplate\":\"https:\/\/newsestlyonnais.fr\/site\/?s={search_term_string}\"},\"query-input\":{\"@type\":\"PropertyValueSpecification\",\"valueRequired\":true,\"valueName\":\"search_term_string\"}}],\"inLanguage\":\"fr-FR\"},{\"@type\":\"Organization\",\"@id\":\"https:\/\/newsestlyonnais.fr\/site\/#organization\",\"name\":\"News EST LYONNAIS\",\"url\":\"https:\/\/newsestlyonnais.fr\/site\/\",\"logo\":{\"@type\":\"ImageObject\",\"inLanguage\":\"fr-FR\",\"@id\":\"https:\/\/newsestlyonnais.fr\/site\/#\/schema\/logo\/image\/\",\"url\":\"\",\"contentUrl\":\"\",\"caption\":\"News EST LYONNAIS\"},\"image\":{\"@id\":\"https:\/\/newsestlyonnais.fr\/site\/#\/schema\/logo\/image\/\"}},{\"@type\":\"Person\",\"@id\":\"https:\/\/newsestlyonnais.fr\/site\/#\/schema\/person\/3230d5615f390bb808365d673001e887\",\"name\":\"R\u00e9dac. NEWS\",\"sameAs\":[\"http:\/\/www.newsestlyonnais.fr\",\"https:\/\/www.facebook.com\/pascal.oberson.1?fref=ts\",\"https:\/\/fr.linkedin.com\/in\/pascal-oberson-b17045113\"],\"url\":\"https:\/\/newsestlyonnais.fr\/site\/author\/nel\/\"}]}<\/script>\n<!-- \/ Yoast SEO plugin. -->","yoast_head_json":{"title":"BRON : Retour sur le tournoi en herbe de Volley","description":"BRON : Retour sur le tournoi en herbe de Volley","robots":{"index":"index","follow":"follow","max-snippet":"max-snippet:-1","max-image-preview":"max-image-preview:large","max-video-preview":"max-video-preview:-1"},"canonical":"https:\/\/newsestlyonnais.fr\/site\/2017\/06\/13\/bron-retour-sur-le-tournoi-en-herbe-de-volley\/","og_locale":"fr_FR","og_type":"article","og_title":"BRON : Retour sur le tournoi en herbe de Volley","og_description":"BRON : Retour sur le tournoi en herbe de Volley","og_url":"https:\/\/newsestlyonnais.fr\/site\/2017\/06\/13\/bron-retour-sur-le-tournoi-en-herbe-de-volley\/","og_site_name":"News Est Lyonnais","article_author":"https:\/\/www.facebook.com\/pascal.oberson.1?fref=ts","article_published_time":"2017-06-13T09:41:49+00:00","article_modified_time":"2020-05-25T15:25:50+00:00","og_image":[{"width":1000,"height":750,"url":"https:\/\/i2.wp.com\/newsestlyonnais.fr\/site\/wp-content\/uploads\/2017\/06\/NEWSESTLYONNAIS-VABLL-TOURNOI-HERBE.jpg?fit=1000%2C750&ssl=1","type":"image\/jpeg"}],"author":"R\u00e9dac. NEWS","twitter_card":"summary_large_image","twitter_misc":{"\u00c9crit par":"R\u00e9dac. NEWS","Dur\u00e9e de lecture estim\u00e9e":"2 minutes"},"schema":{"@context":"https:\/\/schema.org","@graph":[{"@type":"Article","@id":"https:\/\/newsestlyonnais.fr\/site\/2017\/06\/13\/bron-retour-sur-le-tournoi-en-herbe-de-volley\/#article","isPartOf":{"@id":"https:\/\/newsestlyonnais.fr\/site\/2017\/06\/13\/bron-retour-sur-le-tournoi-en-herbe-de-volley\/"},"author":{"name":"R\u00e9dac. NEWS","@id":"https:\/\/newsestlyonnais.fr\/site\/#\/schema\/person\/3230d5615f390bb808365d673001e887"},"headline":"BRON | Retour sur le tournoi en herbe de volley","datePublished":"2017-06-13T09:41:49+00:00","dateModified":"2020-05-25T15:25:50+00:00","mainEntityOfPage":{"@id":"https:\/\/newsestlyonnais.fr\/site\/2017\/06\/13\/bron-retour-sur-le-tournoi-en-herbe-de-volley\/"},"wordCount":313,"commentCount":0,"publisher":{"@id":"https:\/\/newsestlyonnais.fr\/site\/#organization"},"image":{"@id":"https:\/\/newsestlyonnais.fr\/site\/2017\/06\/13\/bron-retour-sur-le-tournoi-en-herbe-de-volley\/#primaryimage"},"thumbnailUrl":"https:\/\/newsestlyonnais.fr\/site\/wp-content\/uploads\/2017\/06\/NEWSESTLYONNAIS-VABLL-TOURNOI-HERBE.jpg","articleSection":["\u00e0 la une","Basket | Hand | Volley","Bron","Sports","Volley"],"inLanguage":"fr-FR","potentialAction":[{"@type":"CommentAction","name":"Comment","target":["https:\/\/newsestlyonnais.fr\/site\/2017\/06\/13\/bron-retour-sur-le-tournoi-en-herbe-de-volley\/#respond"]}]},{"@type":"WebPage","@id":"https:\/\/newsestlyonnais.fr\/site\/2017\/06\/13\/bron-retour-sur-le-tournoi-en-herbe-de-volley\/","url":"https:\/\/newsestlyonnais.fr\/site\/2017\/06\/13\/bron-retour-sur-le-tournoi-en-herbe-de-volley\/","name":"BRON : Retour sur le tournoi en herbe de Volley","isPartOf":{"@id":"https:\/\/newsestlyonnais.fr\/site\/#website"},"primaryImageOfPage":{"@id":"https:\/\/newsestlyonnais.fr\/site\/2017\/06\/13\/bron-retour-sur-le-tournoi-en-herbe-de-volley\/#primaryimage"},"image":{"@id":"https:\/\/newsestlyonnais.fr\/site\/2017\/06\/13\/bron-retour-sur-le-tournoi-en-herbe-de-volley\/#primaryimage"},"thumbnailUrl":"https:\/\/newsestlyonnais.fr\/site\/wp-content\/uploads\/2017\/06\/NEWSESTLYONNAIS-VABLL-TOURNOI-HERBE.jpg","datePublished":"2017-06-13T09:41:49+00:00","dateModified":"2020-05-25T15:25:50+00:00","description":"BRON : Retour sur le tournoi en herbe de Volley","breadcrumb":{"@id":"https:\/\/newsestlyonnais.fr\/site\/2017\/06\/13\/bron-retour-sur-le-tournoi-en-herbe-de-volley\/#breadcrumb"},"inLanguage":"fr-FR","potentialAction":[{"@type":"ReadAction","target":["https:\/\/newsestlyonnais.fr\/site\/2017\/06\/13\/bron-retour-sur-le-tournoi-en-herbe-de-volley\/"]}]},{"@type":"ImageObject","inLanguage":"fr-FR","@id":"https:\/\/newsestlyonnais.fr\/site\/2017\/06\/13\/bron-retour-sur-le-tournoi-en-herbe-de-volley\/#primaryimage","url":"https:\/\/newsestlyonnais.fr\/site\/wp-content\/uploads\/2017\/06\/NEWSESTLYONNAIS-VABLL-TOURNOI-HERBE.jpg","contentUrl":"https:\/\/newsestlyonnais.fr\/site\/wp-content\/uploads\/2017\/06\/NEWSESTLYONNAIS-VABLL-TOURNOI-HERBE.jpg","width":1000,"height":750,"caption":"NEWSESTLYONNAIS - VABLL TOURNOI HERBE"},{"@type":"BreadcrumbList","@id":"https:\/\/newsestlyonnais.fr\/site\/2017\/06\/13\/bron-retour-sur-le-tournoi-en-herbe-de-volley\/#breadcrumb","itemListElement":[{"@type":"ListItem","position":1,"name":"Accueil","item":"https:\/\/newsestlyonnais.fr\/site\/"},{"@type":"ListItem","position":2,"name":"BRON | Retour sur le tournoi en herbe de volley"}]},{"@type":"WebSite","@id":"https:\/\/newsestlyonnais.fr\/site\/#website","url":"https:\/\/newsestlyonnais.fr\/site\/","name":"News Est Lyonnais","description":"L&#039;actualit\u00e9 au plus pr\u00e8s","publisher":{"@id":"https:\/\/newsestlyonnais.fr\/site\/#organization"},"potentialAction":[{"@type":"SearchAction","target":{"@type":"EntryPoint","urlTemplate":"https:\/\/newsestlyonnais.fr\/site\/?s={search_term_string}"},"query-input":{"@type":"PropertyValueSpecification","valueRequired":true,"valueName":"search_term_string"}}],"inLanguage":"fr-FR"},{"@type":"Organization","@id":"https:\/\/newsestlyonnais.fr\/site\/#organization","name":"News EST LYONNAIS","url":"https:\/\/newsestlyonnais.fr\/site\/","logo":{"@type":"ImageObject","inLanguage":"fr-FR","@id":"https:\/\/newsestlyonnais.fr\/site\/#\/schema\/logo\/image\/","url":"","contentUrl":"","caption":"News EST LYONNAIS"},"image":{"@id":"https:\/\/newsestlyonnais.fr\/site\/#\/schema\/logo\/image\/"}},{"@type":"Person","@id":"https:\/\/newsestlyonnais.fr\/site\/#\/schema\/person\/3230d5615f390bb808365d673001e887","name":"R\u00e9dac. NEWS","sameAs":["http:\/\/www.newsestlyonnais.fr","https:\/\/www.facebook.com\/pascal.oberson.1?fref=ts","https:\/\/fr.linkedin.com\/in\/pascal-oberson-b17045113"],"url":"https:\/\/newsestlyonnais.fr\/site\/author\/nel\/"}]}},"_links":{"self":[{"href":"https:\/\/newsestlyonnais.fr\/site\/wp-json\/wp\/v2\/posts\/29215","targetHints":{"allow":["GET"]}}],"collection":[{"href":"https:\/\/newsestlyonnais.fr\/site\/wp-json\/wp\/v2\/posts"}],"about":[{"href":"https:\/\/newsestlyonnais.fr\/site\/wp-json\/wp\/v2\/types\/post"}],"author":[{"embeddable":true,"href":"https:\/\/newsestlyonnais.fr\/site\/wp-json\/wp\/v2\/users\/4"}],"replies":[{"embeddable":true,"href":"https:\/\/newsestlyonnais.fr\/site\/wp-json\/wp\/v2\/comments?post=29215"}],"version-history":[{"count":0,"href":"https:\/\/newsestlyonnais.fr\/site\/wp-json\/wp\/v2\/posts\/29215\/revisions"}],"wp:featuredmedia":[{"embeddable":true,"href":"https:\/\/newsestlyonnais.fr\/site\/wp-json\/wp\/v2\/media\/29219"}],"wp:attachment":[{"href":"https:\/\/newsestlyonnais.fr\/site\/wp-json\/wp\/v2\/media?parent=29215"}],"wp:term":[{"taxonomy":"category","embeddable":true,"href":"https:\/\/newsestlyonnais.fr\/site\/wp-json\/wp\/v2\/categories?post=29215"},{"taxonomy":"post_tag","embeddable":true,"href":"https:\/\/newsestlyonnais.fr\/site\/wp-json\/wp\/v2\/tags?post=29215"}],"curies":[{"name":"wp","href":"https:\/\/api.w.org\/{rel}","templated":true}]}}