{"id":29229,"date":"2017-06-21T12:51:33","date_gmt":"2017-06-21T11:51:33","guid":{"rendered":"http:\/\/newsestlyonnais.fr\/site\/?p=29229"},"modified":"2020-11-17T11:14:50","modified_gmt":"2020-11-17T10:14:50","slug":"genas-les-evenements-a-fin-juin","status":"publish","type":"post","link":"https:\/\/newsestlyonnais.fr\/site\/2017\/06\/21\/genas-les-evenements-a-fin-juin\/","title":{"rendered":"GENAS | Les \u00e9v\u00e8nements \u00e0 fin juin"},"content":{"rendered":"<h4>De nombreuses manifestations se d\u00e9rouleront sur la commune genassienne jusqu&rsquo;\u00e0 fin juin :<\/h4>\n<ul>\n<li><strong>Mardi 13 et mercredi 14 juin \u00e0 20 h<\/strong> : <span style=\"text-decoration: underline\">Concert des cordes<\/span> \u2013 \u00c9cole de musique de Genas (Neutrino)<\/li>\n<li><strong>Du vendredi 16 au dimanche 25 juin de 15 h \u00e0 19 h<\/strong> : <span style=\"text-decoration: underline\">Exposition par Les arts cr\u00e9atifs<\/span> (Salle de la chemin\u00e9e, Espace Gandil) vernissage le 16 juin \u00e0 19 h 30.<\/li>\n<li><strong>Samedi 17 juin de 10 h \u00e0 12 h<\/strong> : <span style=\"text-decoration: underline\">Matin\u00e9e jeu \u00ab Le Tr\u00f4ne de Fer \u00bb<\/span> par la Ludoth\u00e8que et la M\u00e9diath\u00e8que\u00a0 (M\u00e9diath\u00e8que)<\/li>\n<li><strong>Samedi 17 juin de 8 h 30 \u00e0 18 h<\/strong> : <span style=\"text-decoration: underline\">Tournoi \u2013 ESGA Badminton<\/span> (Complexe sportif Marcel Gonzales) \u2022 <strong>Journ\u00e9e<\/strong> : <span style=\"text-decoration: underline\">Finale de l\u2019Open \u2013 Tennis<\/span> Club de Genas (Halle des tennis). <strong>\u00e0 19 h<\/strong> :<span style=\"text-decoration: underline\"> Troph\u00e9e GRS d\u2019\u00e9t\u00e9<\/span> .ESGA GRS (Halle des sports)<\/li>\n<li><strong>Samedi 17 juin \u00e0 19 h 30<\/strong> : <span style=\"text-decoration: underline\">Les Musicales d&rsquo;Azieu<\/span> par l&rsquo;Association ACtiv&rsquo;Genas Azieu. Concert gagnants d&rsquo;Acti Voice + grand barbecue (Halle d&rsquo;Azieu)<\/li>\n<li><strong>Dimanche 18 juin de 13 h 30 \u00e0 18 h 30<\/strong> : <span style=\"text-decoration: underline\">Gala de fin d\u2019ann\u00e9<\/span>e \u2013 ESGA Judo \/ GE (Halle des sports)<\/li>\n<li><strong>Mercredi 21 juin \u00e0 18 h 3<\/strong>0 : <span style=\"text-decoration: underline\">F\u00eate de la Musique<\/span> (Place de la R\u00e9publique &amp; Halle de Ronshausen)<\/li>\n<li><strong>Jeudi 22 juin \u00e0 19 h<\/strong> : <span style=\"text-decoration: underline\">Concert musique de film<\/span> \u2013 \u00c9cole de musique de Genas et M\u00e9diath\u00e8que (Atrium)<\/li>\n<li><strong>Samedi 24 juin<\/strong> : <span style=\"text-decoration: underline\">Tournoi interne \u2013 ESGA Tennis de table<\/span> (Halle des sports). <strong>de 10 h \u00e0 17 h<\/strong> : <span style=\"text-decoration: underline\">Tournoi double mixte de tennis<\/span> \u2013 AMCEL et Tennis Club de Genas (Halle des tennis) \u2022 <strong>\u00e0 19 h<\/strong> : <span style=\"text-decoration: underline\">Gala de fin d\u2019ann\u00e9e \u2013 ESGA GRS<\/span> (Halle des sports) \u2022 <strong>\u00e0 20 h<\/strong>: Gala de danse \u2013 Groupe Evasion (Salle Jacques Anquetil)<\/li>\n<li><strong>Dimanche 25 juin :<\/strong> <span style=\"text-decoration: underline\">Journ\u00e9e d\u00e9partementale de la R\u00e9sistance<\/span> \u2022 Comm\u00e9moration \u00e0 9 h 15 (Monument des Fusill\u00e9s, Plaine d\u2019Azieu) \u2022 <span style=\"text-decoration: underline\">Comm\u00e9moration \u00e0 10 h<\/span> (St\u00e8le Eug\u00e8ne Bergeret, rue de la Fraternit\u00e9)<\/li>\n<li><strong>Dimanche 25 juin<\/strong> :<strong> journ\u00e9e<\/strong> : <span style=\"text-decoration: underline\">Tournoi r\u00e9gional \u2013 ESGA Tennis de table<\/span> (Halle des sports)<\/li>\n<li><strong>Lundi 26 juin de 17 h \u00e0 20 h<\/strong> : <span style=\"text-decoration: underline\">Go\u00fbter de fin d\u2019ann\u00e9e<\/span> \u2013 Groupe \u00e9vasion (Salle le Gen\u00eat)<\/li>\n<li><strong>Lundi 26 juin \u00e0 18 h 30<\/strong> : <span style=\"text-decoration: underline\">Conseil municipal des enfants<\/span> \u00e0 18 h 30 suivi du <span style=\"text-decoration: underline\">Conseil municipal<\/span> \u00e0 19 h<\/li>\n<li><strong>Mercredi 28 juin de 16 h 30 \u00e0 18 h 30<\/strong> : <span style=\"text-decoration: underline\">Kermesse de la ronde des cr\u00e8ches<\/span> (Salle Marius Berliet)<\/li>\n<li><strong>Vendredi 30 juin \u00e0 20 h<\/strong> : <span style=\"text-decoration: underline\">Troph\u00e9e des Sportifs<\/span>\u00a0 (Halle de Ronshausen) (sur invitation uniquement)<\/li>\n<\/ul>\n<div id='gallery-1' class='gallery galleryid-29229 gallery-columns-3 gallery-size-thumbnail'><figure class='gallery-item'>\n\t\t\t<div class='gallery-icon landscape'>\n\t\t\t\t<a href='https:\/\/newsestlyonnais.fr\/site\/newsestlyonnais-expo-arts-creatifs\/'><img loading=\"lazy\" decoding=\"async\" width=\"150\" height=\"150\" src=\"https:\/\/newsestlyonnais.fr\/site\/wp-content\/uploads\/2017\/06\/NEWSESTLYONNAIS-EXPO-ARTS-CREATIFS-150x150.jpg\" class=\"attachment-thumbnail size-thumbnail\" alt=\"NEWSESTLYONNAIS - EXPO ARTS CREATIFS\" aria-describedby=\"gallery-1-28824\" \/><\/a>\n\t\t\t<\/div>\n\t\t\t\t<figcaption class='wp-caption-text gallery-caption' id='gallery-1-28824'>\n\t\t\t\tEXPO des Arts Cr\u00e9atifs\n\t\t\t\t<\/figcaption><\/figure><figure class='gallery-item'>\n\t\t\t<div class='gallery-icon landscape'>\n\t\t\t\t<a href='https:\/\/newsestlyonnais.fr\/site\/newsestlyonnais-musicales-azieu\/'><img loading=\"lazy\" decoding=\"async\" width=\"150\" height=\"150\" src=\"https:\/\/newsestlyonnais.fr\/site\/wp-content\/uploads\/2017\/06\/NEWSESTLYONNAIS-MUSICALES-AZIEU-150x150.jpg\" class=\"attachment-thumbnail size-thumbnail\" alt=\"NEWSESTLYONNAIS MUSICALES AZIEU\" \/><\/a>\n\t\t\t<\/div><\/figure><figure class='gallery-item'>\n\t\t\t<div class='gallery-icon landscape'>\n\t\t\t\t<a href='https:\/\/newsestlyonnais.fr\/site\/newsestlyonnais-amcel-tennis\/'><img loading=\"lazy\" decoding=\"async\" width=\"150\" height=\"150\" src=\"https:\/\/newsestlyonnais.fr\/site\/wp-content\/uploads\/2017\/05\/NEWSESTLYONNAIS-AMCEL-TENNIS-150x150.jpg\" class=\"attachment-thumbnail size-thumbnail\" alt=\"NEWSESTLYONNAIS AMCEL TENNIS\" aria-describedby=\"gallery-1-27797\" \/><\/a>\n\t\t\t<\/div>\n\t\t\t\t<figcaption class='wp-caption-text gallery-caption' id='gallery-1-27797'>\n\t\t\t\tL&rsquo;affiche du tournoi \n\t\t\t\t<\/figcaption><\/figure><figure class='gallery-item'>\n\t\t\t<div class='gallery-icon landscape'>\n\t\t\t\t<a href='https:\/\/newsestlyonnais.fr\/site\/2017\/05\/30\/genas-resultats-de-lopen-de-tennis-journee-de-lundi\/newsestlyonnais-affiche-tournoi-2017-3\/'><img loading=\"lazy\" decoding=\"async\" width=\"150\" height=\"150\" src=\"https:\/\/newsestlyonnais.fr\/site\/wp-content\/uploads\/2017\/05\/NEWSESTLYONNAIS-Affiche-tournoi-2017--150x150.jpg\" class=\"attachment-thumbnail size-thumbnail\" alt=\"NEWSESTLYONNAIS Affiche tournoi 2017\" aria-describedby=\"gallery-1-27817\" \/><\/a>\n\t\t\t<\/div>\n\t\t\t\t<figcaption class='wp-caption-text gallery-caption' id='gallery-1-27817'>\n\t\t\t\t    OPEN de TENNIS DE GENAS \n\t\t\t\t<\/figcaption><\/figure><figure class='gallery-item'>\n\t\t\t<div class='gallery-icon landscape'>\n\t\t\t\t<a href='https:\/\/newsestlyonnais.fr\/site\/2017\/06\/21\/genas-les-evenements-a-fin-juin\/newsestlyonnais-tournoi-2017-t\/'><img loading=\"lazy\" decoding=\"async\" width=\"150\" height=\"150\" src=\"https:\/\/newsestlyonnais.fr\/site\/wp-content\/uploads\/2017\/06\/NEWSESTLYONNAIS-Tournoi-2017-T-150x150.jpg\" class=\"attachment-thumbnail size-thumbnail\" alt=\"NEWSESTLYONNAIS Tournoi-2017-T\" aria-describedby=\"gallery-1-29240\" \/><\/a>\n\t\t\t<\/div>\n\t\t\t\t<figcaption class='wp-caption-text gallery-caption' id='gallery-1-29240'>\n\t\t\t\t L&rsquo;affiche du tournoi \n\t\t\t\t<\/figcaption><\/figure>\n\t\t<\/div>\n\n","protected":false},"excerpt":{"rendered":"<p>De nombreuses manifestations se d\u00e9rouleront sur la commune genassienne jusqu&rsquo;\u00e0 fin juin:<\/p>\n","protected":false},"author":4,"featured_media":8137,"comment_status":"open","ping_status":"open","sticky":false,"template":"","format":"standard","meta":{"footnotes":""},"categories":[270,1598,787,2],"tags":[],"class_list":["post-29229","post","type-post","status-publish","format-standard","has-post-thumbnail","hentry","category-cte-de-communes-c-c-e-l","category-genas","category-ptites-news","category-sports"],"yoast_head":"<!-- This site is optimized with the Yoast SEO plugin v27.2 - https:\/\/yoast.com\/product\/yoast-seo-wordpress\/ -->\n<title>GENAS | Les \u00e9v\u00e8nements \u00e0 fin juin<\/title>\n<meta name=\"description\" content=\"GENAS | Les \u00e9v\u00e8nements \u00e0 fin juin\" \/>\n<meta name=\"robots\" content=\"index, follow, max-snippet:-1, max-image-preview:large, max-video-preview:-1\" \/>\n<link rel=\"canonical\" href=\"https:\/\/newsestlyonnais.fr\/site\/2017\/06\/21\/genas-les-evenements-a-fin-juin\/\" \/>\n<meta property=\"og:locale\" content=\"fr_FR\" \/>\n<meta property=\"og:type\" content=\"article\" \/>\n<meta property=\"og:title\" content=\"GENAS | Les \u00e9v\u00e8nements \u00e0 fin juin\" \/>\n<meta property=\"og:description\" content=\"GENAS | Les \u00e9v\u00e8nements \u00e0 fin juin\" \/>\n<meta property=\"og:url\" content=\"https:\/\/newsestlyonnais.fr\/site\/2017\/06\/21\/genas-les-evenements-a-fin-juin\/\" \/>\n<meta property=\"og:site_name\" content=\"News Est Lyonnais\" \/>\n<meta property=\"article:author\" content=\"https:\/\/www.facebook.com\/pascal.oberson.1?fref=ts\" \/>\n<meta property=\"article:published_time\" content=\"2017-06-21T11:51:33+00:00\" \/>\n<meta property=\"article:modified_time\" content=\"2020-11-17T10:14:50+00:00\" \/>\n<meta property=\"og:image\" content=\"https:\/\/i0.wp.com\/newsestlyonnais.fr\/site\/wp-content\/uploads\/2016\/05\/NEWSESTLYONNAISPANNEAUGENAS-1.jpg?fit=1000%2C750&ssl=1\" \/>\n\t<meta property=\"og:image:width\" content=\"1000\" \/>\n\t<meta property=\"og:image:height\" content=\"750\" \/>\n\t<meta property=\"og:image:type\" content=\"image\/jpeg\" \/>\n<meta name=\"author\" content=\"R\u00e9dac. NEWS\" \/>\n<meta name=\"twitter:card\" content=\"summary_large_image\" \/>\n<meta name=\"twitter:label1\" content=\"\u00c9crit par\" \/>\n\t<meta name=\"twitter:data1\" content=\"R\u00e9dac. NEWS\" \/>\n\t<meta name=\"twitter:label2\" content=\"Dur\u00e9e de lecture estim\u00e9e\" \/>\n\t<meta name=\"twitter:data2\" content=\"2 minutes\" \/>\n<script type=\"application\/ld+json\" class=\"yoast-schema-graph\">{\"@context\":\"https:\/\/schema.org\",\"@graph\":[{\"@type\":\"Article\",\"@id\":\"https:\/\/newsestlyonnais.fr\/site\/2017\/06\/21\/genas-les-evenements-a-fin-juin\/#article\",\"isPartOf\":{\"@id\":\"https:\/\/newsestlyonnais.fr\/site\/2017\/06\/21\/genas-les-evenements-a-fin-juin\/\"},\"author\":{\"name\":\"R\u00e9dac. NEWS\",\"@id\":\"https:\/\/newsestlyonnais.fr\/site\/#\/schema\/person\/3230d5615f390bb808365d673001e887\"},\"headline\":\"GENAS | Les \u00e9v\u00e8nements \u00e0 fin juin\",\"datePublished\":\"2017-06-21T11:51:33+00:00\",\"dateModified\":\"2020-11-17T10:14:50+00:00\",\"mainEntityOfPage\":{\"@id\":\"https:\/\/newsestlyonnais.fr\/site\/2017\/06\/21\/genas-les-evenements-a-fin-juin\/\"},\"wordCount\":351,\"commentCount\":0,\"publisher\":{\"@id\":\"https:\/\/newsestlyonnais.fr\/site\/#organization\"},\"image\":{\"@id\":\"https:\/\/newsestlyonnais.fr\/site\/2017\/06\/21\/genas-les-evenements-a-fin-juin\/#primaryimage\"},\"thumbnailUrl\":\"https:\/\/newsestlyonnais.fr\/site\/wp-content\/uploads\/2016\/05\/NEWSESTLYONNAISPANNEAUGENAS-1.jpg\",\"articleSection\":[\"CCEL | Communes\",\"Genas\",\"P'tites News\",\"Sports\"],\"inLanguage\":\"fr-FR\",\"potentialAction\":[{\"@type\":\"CommentAction\",\"name\":\"Comment\",\"target\":[\"https:\/\/newsestlyonnais.fr\/site\/2017\/06\/21\/genas-les-evenements-a-fin-juin\/#respond\"]}]},{\"@type\":\"WebPage\",\"@id\":\"https:\/\/newsestlyonnais.fr\/site\/2017\/06\/21\/genas-les-evenements-a-fin-juin\/\",\"url\":\"https:\/\/newsestlyonnais.fr\/site\/2017\/06\/21\/genas-les-evenements-a-fin-juin\/\",\"name\":\"GENAS | Les \u00e9v\u00e8nements \u00e0 fin juin\",\"isPartOf\":{\"@id\":\"https:\/\/newsestlyonnais.fr\/site\/#website\"},\"primaryImageOfPage\":{\"@id\":\"https:\/\/newsestlyonnais.fr\/site\/2017\/06\/21\/genas-les-evenements-a-fin-juin\/#primaryimage\"},\"image\":{\"@id\":\"https:\/\/newsestlyonnais.fr\/site\/2017\/06\/21\/genas-les-evenements-a-fin-juin\/#primaryimage\"},\"thumbnailUrl\":\"https:\/\/newsestlyonnais.fr\/site\/wp-content\/uploads\/2016\/05\/NEWSESTLYONNAISPANNEAUGENAS-1.jpg\",\"datePublished\":\"2017-06-21T11:51:33+00:00\",\"dateModified\":\"2020-11-17T10:14:50+00:00\",\"description\":\"GENAS | Les \u00e9v\u00e8nements \u00e0 fin juin\",\"breadcrumb\":{\"@id\":\"https:\/\/newsestlyonnais.fr\/site\/2017\/06\/21\/genas-les-evenements-a-fin-juin\/#breadcrumb\"},\"inLanguage\":\"fr-FR\",\"potentialAction\":[{\"@type\":\"ReadAction\",\"target\":[\"https:\/\/newsestlyonnais.fr\/site\/2017\/06\/21\/genas-les-evenements-a-fin-juin\/\"]}]},{\"@type\":\"ImageObject\",\"inLanguage\":\"fr-FR\",\"@id\":\"https:\/\/newsestlyonnais.fr\/site\/2017\/06\/21\/genas-les-evenements-a-fin-juin\/#primaryimage\",\"url\":\"https:\/\/newsestlyonnais.fr\/site\/wp-content\/uploads\/2016\/05\/NEWSESTLYONNAISPANNEAUGENAS-1.jpg\",\"contentUrl\":\"https:\/\/newsestlyonnais.fr\/site\/wp-content\/uploads\/2016\/05\/NEWSESTLYONNAISPANNEAUGENAS-1.jpg\",\"width\":1000,\"height\":750,\"caption\":\"NEWSESTLYONNAISPANNEAUGENAS\"},{\"@type\":\"BreadcrumbList\",\"@id\":\"https:\/\/newsestlyonnais.fr\/site\/2017\/06\/21\/genas-les-evenements-a-fin-juin\/#breadcrumb\",\"itemListElement\":[{\"@type\":\"ListItem\",\"position\":1,\"name\":\"Accueil\",\"item\":\"https:\/\/newsestlyonnais.fr\/site\/\"},{\"@type\":\"ListItem\",\"position\":2,\"name\":\"GENAS | Les \u00e9v\u00e8nements \u00e0 fin juin\"}]},{\"@type\":\"WebSite\",\"@id\":\"https:\/\/newsestlyonnais.fr\/site\/#website\",\"url\":\"https:\/\/newsestlyonnais.fr\/site\/\",\"name\":\"News Est Lyonnais\",\"description\":\"L&#039;actualit\u00e9 au plus pr\u00e8s\",\"publisher\":{\"@id\":\"https:\/\/newsestlyonnais.fr\/site\/#organization\"},\"potentialAction\":[{\"@type\":\"SearchAction\",\"target\":{\"@type\":\"EntryPoint\",\"urlTemplate\":\"https:\/\/newsestlyonnais.fr\/site\/?s={search_term_string}\"},\"query-input\":{\"@type\":\"PropertyValueSpecification\",\"valueRequired\":true,\"valueName\":\"search_term_string\"}}],\"inLanguage\":\"fr-FR\"},{\"@type\":\"Organization\",\"@id\":\"https:\/\/newsestlyonnais.fr\/site\/#organization\",\"name\":\"News EST LYONNAIS\",\"url\":\"https:\/\/newsestlyonnais.fr\/site\/\",\"logo\":{\"@type\":\"ImageObject\",\"inLanguage\":\"fr-FR\",\"@id\":\"https:\/\/newsestlyonnais.fr\/site\/#\/schema\/logo\/image\/\",\"url\":\"\",\"contentUrl\":\"\",\"caption\":\"News EST LYONNAIS\"},\"image\":{\"@id\":\"https:\/\/newsestlyonnais.fr\/site\/#\/schema\/logo\/image\/\"}},{\"@type\":\"Person\",\"@id\":\"https:\/\/newsestlyonnais.fr\/site\/#\/schema\/person\/3230d5615f390bb808365d673001e887\",\"name\":\"R\u00e9dac. NEWS\",\"sameAs\":[\"http:\/\/www.newsestlyonnais.fr\",\"https:\/\/www.facebook.com\/pascal.oberson.1?fref=ts\",\"https:\/\/fr.linkedin.com\/in\/pascal-oberson-b17045113\"],\"url\":\"https:\/\/newsestlyonnais.fr\/site\/author\/nel\/\"}]}<\/script>\n<!-- \/ Yoast SEO plugin. -->","yoast_head_json":{"title":"GENAS | Les \u00e9v\u00e8nements \u00e0 fin juin","description":"GENAS | Les \u00e9v\u00e8nements \u00e0 fin juin","robots":{"index":"index","follow":"follow","max-snippet":"max-snippet:-1","max-image-preview":"max-image-preview:large","max-video-preview":"max-video-preview:-1"},"canonical":"https:\/\/newsestlyonnais.fr\/site\/2017\/06\/21\/genas-les-evenements-a-fin-juin\/","og_locale":"fr_FR","og_type":"article","og_title":"GENAS | Les \u00e9v\u00e8nements \u00e0 fin juin","og_description":"GENAS | Les \u00e9v\u00e8nements \u00e0 fin juin","og_url":"https:\/\/newsestlyonnais.fr\/site\/2017\/06\/21\/genas-les-evenements-a-fin-juin\/","og_site_name":"News Est Lyonnais","article_author":"https:\/\/www.facebook.com\/pascal.oberson.1?fref=ts","article_published_time":"2017-06-21T11:51:33+00:00","article_modified_time":"2020-11-17T10:14:50+00:00","og_image":[{"width":1000,"height":750,"url":"https:\/\/i0.wp.com\/newsestlyonnais.fr\/site\/wp-content\/uploads\/2016\/05\/NEWSESTLYONNAISPANNEAUGENAS-1.jpg?fit=1000%2C750&ssl=1","type":"image\/jpeg"}],"author":"R\u00e9dac. NEWS","twitter_card":"summary_large_image","twitter_misc":{"\u00c9crit par":"R\u00e9dac. NEWS","Dur\u00e9e de lecture estim\u00e9e":"2 minutes"},"schema":{"@context":"https:\/\/schema.org","@graph":[{"@type":"Article","@id":"https:\/\/newsestlyonnais.fr\/site\/2017\/06\/21\/genas-les-evenements-a-fin-juin\/#article","isPartOf":{"@id":"https:\/\/newsestlyonnais.fr\/site\/2017\/06\/21\/genas-les-evenements-a-fin-juin\/"},"author":{"name":"R\u00e9dac. NEWS","@id":"https:\/\/newsestlyonnais.fr\/site\/#\/schema\/person\/3230d5615f390bb808365d673001e887"},"headline":"GENAS | Les \u00e9v\u00e8nements \u00e0 fin juin","datePublished":"2017-06-21T11:51:33+00:00","dateModified":"2020-11-17T10:14:50+00:00","mainEntityOfPage":{"@id":"https:\/\/newsestlyonnais.fr\/site\/2017\/06\/21\/genas-les-evenements-a-fin-juin\/"},"wordCount":351,"commentCount":0,"publisher":{"@id":"https:\/\/newsestlyonnais.fr\/site\/#organization"},"image":{"@id":"https:\/\/newsestlyonnais.fr\/site\/2017\/06\/21\/genas-les-evenements-a-fin-juin\/#primaryimage"},"thumbnailUrl":"https:\/\/newsestlyonnais.fr\/site\/wp-content\/uploads\/2016\/05\/NEWSESTLYONNAISPANNEAUGENAS-1.jpg","articleSection":["CCEL | Communes","Genas","P'tites News","Sports"],"inLanguage":"fr-FR","potentialAction":[{"@type":"CommentAction","name":"Comment","target":["https:\/\/newsestlyonnais.fr\/site\/2017\/06\/21\/genas-les-evenements-a-fin-juin\/#respond"]}]},{"@type":"WebPage","@id":"https:\/\/newsestlyonnais.fr\/site\/2017\/06\/21\/genas-les-evenements-a-fin-juin\/","url":"https:\/\/newsestlyonnais.fr\/site\/2017\/06\/21\/genas-les-evenements-a-fin-juin\/","name":"GENAS | Les \u00e9v\u00e8nements \u00e0 fin juin","isPartOf":{"@id":"https:\/\/newsestlyonnais.fr\/site\/#website"},"primaryImageOfPage":{"@id":"https:\/\/newsestlyonnais.fr\/site\/2017\/06\/21\/genas-les-evenements-a-fin-juin\/#primaryimage"},"image":{"@id":"https:\/\/newsestlyonnais.fr\/site\/2017\/06\/21\/genas-les-evenements-a-fin-juin\/#primaryimage"},"thumbnailUrl":"https:\/\/newsestlyonnais.fr\/site\/wp-content\/uploads\/2016\/05\/NEWSESTLYONNAISPANNEAUGENAS-1.jpg","datePublished":"2017-06-21T11:51:33+00:00","dateModified":"2020-11-17T10:14:50+00:00","description":"GENAS | Les \u00e9v\u00e8nements \u00e0 fin juin","breadcrumb":{"@id":"https:\/\/newsestlyonnais.fr\/site\/2017\/06\/21\/genas-les-evenements-a-fin-juin\/#breadcrumb"},"inLanguage":"fr-FR","potentialAction":[{"@type":"ReadAction","target":["https:\/\/newsestlyonnais.fr\/site\/2017\/06\/21\/genas-les-evenements-a-fin-juin\/"]}]},{"@type":"ImageObject","inLanguage":"fr-FR","@id":"https:\/\/newsestlyonnais.fr\/site\/2017\/06\/21\/genas-les-evenements-a-fin-juin\/#primaryimage","url":"https:\/\/newsestlyonnais.fr\/site\/wp-content\/uploads\/2016\/05\/NEWSESTLYONNAISPANNEAUGENAS-1.jpg","contentUrl":"https:\/\/newsestlyonnais.fr\/site\/wp-content\/uploads\/2016\/05\/NEWSESTLYONNAISPANNEAUGENAS-1.jpg","width":1000,"height":750,"caption":"NEWSESTLYONNAISPANNEAUGENAS"},{"@type":"BreadcrumbList","@id":"https:\/\/newsestlyonnais.fr\/site\/2017\/06\/21\/genas-les-evenements-a-fin-juin\/#breadcrumb","itemListElement":[{"@type":"ListItem","position":1,"name":"Accueil","item":"https:\/\/newsestlyonnais.fr\/site\/"},{"@type":"ListItem","position":2,"name":"GENAS | Les \u00e9v\u00e8nements \u00e0 fin juin"}]},{"@type":"WebSite","@id":"https:\/\/newsestlyonnais.fr\/site\/#website","url":"https:\/\/newsestlyonnais.fr\/site\/","name":"News Est Lyonnais","description":"L&#039;actualit\u00e9 au plus pr\u00e8s","publisher":{"@id":"https:\/\/newsestlyonnais.fr\/site\/#organization"},"potentialAction":[{"@type":"SearchAction","target":{"@type":"EntryPoint","urlTemplate":"https:\/\/newsestlyonnais.fr\/site\/?s={search_term_string}"},"query-input":{"@type":"PropertyValueSpecification","valueRequired":true,"valueName":"search_term_string"}}],"inLanguage":"fr-FR"},{"@type":"Organization","@id":"https:\/\/newsestlyonnais.fr\/site\/#organization","name":"News EST LYONNAIS","url":"https:\/\/newsestlyonnais.fr\/site\/","logo":{"@type":"ImageObject","inLanguage":"fr-FR","@id":"https:\/\/newsestlyonnais.fr\/site\/#\/schema\/logo\/image\/","url":"","contentUrl":"","caption":"News EST LYONNAIS"},"image":{"@id":"https:\/\/newsestlyonnais.fr\/site\/#\/schema\/logo\/image\/"}},{"@type":"Person","@id":"https:\/\/newsestlyonnais.fr\/site\/#\/schema\/person\/3230d5615f390bb808365d673001e887","name":"R\u00e9dac. NEWS","sameAs":["http:\/\/www.newsestlyonnais.fr","https:\/\/www.facebook.com\/pascal.oberson.1?fref=ts","https:\/\/fr.linkedin.com\/in\/pascal-oberson-b17045113"],"url":"https:\/\/newsestlyonnais.fr\/site\/author\/nel\/"}]}},"_links":{"self":[{"href":"https:\/\/newsestlyonnais.fr\/site\/wp-json\/wp\/v2\/posts\/29229","targetHints":{"allow":["GET"]}}],"collection":[{"href":"https:\/\/newsestlyonnais.fr\/site\/wp-json\/wp\/v2\/posts"}],"about":[{"href":"https:\/\/newsestlyonnais.fr\/site\/wp-json\/wp\/v2\/types\/post"}],"author":[{"embeddable":true,"href":"https:\/\/newsestlyonnais.fr\/site\/wp-json\/wp\/v2\/users\/4"}],"replies":[{"embeddable":true,"href":"https:\/\/newsestlyonnais.fr\/site\/wp-json\/wp\/v2\/comments?post=29229"}],"version-history":[{"count":0,"href":"https:\/\/newsestlyonnais.fr\/site\/wp-json\/wp\/v2\/posts\/29229\/revisions"}],"wp:featuredmedia":[{"embeddable":true,"href":"https:\/\/newsestlyonnais.fr\/site\/wp-json\/wp\/v2\/media\/8137"}],"wp:attachment":[{"href":"https:\/\/newsestlyonnais.fr\/site\/wp-json\/wp\/v2\/media?parent=29229"}],"wp:term":[{"taxonomy":"category","embeddable":true,"href":"https:\/\/newsestlyonnais.fr\/site\/wp-json\/wp\/v2\/categories?post=29229"},{"taxonomy":"post_tag","embeddable":true,"href":"https:\/\/newsestlyonnais.fr\/site\/wp-json\/wp\/v2\/tags?post=29229"}],"curies":[{"name":"wp","href":"https:\/\/api.w.org\/{rel}","templated":true}]}}