{"id":29242,"date":"2017-06-11T19:24:16","date_gmt":"2017-06-11T18:24:16","guid":{"rendered":"http:\/\/newsestlyonnais.fr\/site\/?p=29242"},"modified":"2017-06-16T13:50:35","modified_gmt":"2017-06-16T12:50:35","slug":"transports-tcl-travaux-de-nuit-impact-sur-les-lignes-t3-et-t4","status":"publish","type":"post","link":"https:\/\/newsestlyonnais.fr\/site\/2017\/06\/11\/transports-tcl-travaux-de-nuit-impact-sur-les-lignes-t3-et-t4\/","title":{"rendered":"TRANSPORTS : TCL : TRAVAUX DE NUIT : Impact sur les lignes T3 ET T4"},"content":{"rendered":"<h4>En raison de travaux sur les voies, en soir\u00e9e du lundi 19 au jeudi 22 juin inclus, la ligne de tramway T3 effectuera son terminus \u00e0 Vaulx-en-Velin La Soie.<\/h4>\n<p><strong>T3<\/strong> circulera normalement entre les stations Gare Part-Dieu Villette et Vaulx-en-Velin La Soie:<\/p>\n<p><span style=\"text-decoration: underline\"> Derniers d\u00e9parts du tramway T3<\/span> : <span style=\"text-decoration: underline\">De Gare Part-Dieu Villett<\/span>e direction Meyzieu Les Panettes \u00e0 21 h 22. <span style=\"text-decoration: underline\">De Meyzieu Les Panettes<\/span> direction Gare Part-Dieu Villette \u00e0 20 h 32.<\/p>\n<p>Ensuite, des bus relais s\u2019arr\u00eateront \u00e0 proximit\u00e9 des stations de la ligne T3, entre Vaulx-en-Velin La Soie et Meyzieu Z.I.<\/p>\n<p><span style=\"text-decoration: underline\">D\u00e9parts des bus relais<\/span>: <span style=\"text-decoration: underline\">De Vaulx-en-Velin La Soie<\/span> \u00e0 21 h 20, 21 h 55, 22 h 25, 23 h, 23 h 35, 0 h 10, 0h 40. <span style=\"text-decoration: underline\">De Meyzieu Z.I<\/span>. \u00e0 20 h 45, 21 h 20, 21 h 55, 22 h 30, 23 h, 23 h 35, 0 h 10. Des changements d\u2019horaires \u00e0 pr\u00e9voir sur T4.<\/p>\n<p>Pendant cette p\u00e9riode, les horaires de la ligne <strong>T4<\/strong> sont modifi\u00e9s en soir\u00e9e, en raison des travaux sur les voies d\u2019acc\u00e8s au centre de maintenance, communes \u00e0 T3 et T4.<\/p>\n<p><span style=\"text-decoration: underline\">D\u00e9parts de La Doua, G. Berger<\/span> en direction d&rsquo;H\u00f4pital Feyzin V\u00e9nissieux 19 h 58, 20 h 19, 20 h 41, 21 h 04, 2 1h 26, 21 h 48, 22 h 11, 22 h 34, 22 h 56, 23 h 19, 23 h 41, 0 h 04, 0 h 26.<\/p>\n<p><span style=\"text-decoration: underline\">Passages \u00e0 Part-Dieu Villette<\/span> 20 h 11, 20 h 32, 20 h 53, 21 h 16, 21 h 38, 22 h 01, 22 h 23, 22 h 46, 23 h 08, 23 h 31, 23h53, 00h16, 00h38.<\/p>\n<p><span style=\"text-decoration: underline\">D\u00e9parts d\u2019H\u00f4pital Feyzin V\u00e9nissieux<\/span> en direction de La Doua G. Berger 20 h 52, 21 h 15, 21 h 37, 22 h, 22 h 22, 22 h 44, 23 h 06, 23 h 28, 23 h 49*, 0 h 12* &#8211; * Terminus Part-Dieu Villette &gt;<\/p>\n<p><span style=\"text-decoration: underline\">Passages \u00e0 Part-Dieu Villette<\/span> 21 h 27, 21 h 50, 22 h 12, 22 h 35, 22 h 57, 23 h 19, 23 h 41, 0 h 03.<\/p>\n","protected":false},"excerpt":{"rendered":"<p>En raison de travaux sur les voies, en soir\u00e9e du lundi 19 au jeudi 22 juin inclus, la ligne de tramway T3 effectuera son terminus \u00e0 Vaulx-en-Velin La Soie. T3 circulera normalement entre les stations Gare Part-Dieu Villette et Vaulx-en-Velin La Soie: Derniers d\u00e9parts du tramway T3 : De Gare Part-Dieu Villette direction Meyzieu Les [&hellip;]<\/p>\n","protected":false},"author":4,"featured_media":25760,"comment_status":"open","ping_status":"open","sticky":false,"template":"","format":"standard","meta":{"footnotes":""},"categories":[30,787,309,13],"tags":[],"class_list":["post-29242","post","type-post","status-publish","format-standard","has-post-thumbnail","hentry","category-a-la-une","category-ptites-news","category-pratique","category-transports-circulation"],"yoast_head":"<!-- This site is optimized with the Yoast SEO plugin v27.2 - https:\/\/yoast.com\/product\/yoast-seo-wordpress\/ -->\n<title>TRANSPORTS : TCL : TRAVAUX DE NUIT : Impact sur les lignes T3 ET T4<\/title>\n<meta name=\"description\" content=\"TRANSPORTS : TCL : TRAVAUX DE NUIT : Impact sur les lignes T3 ET T4\" \/>\n<meta name=\"robots\" content=\"index, follow, max-snippet:-1, max-image-preview:large, max-video-preview:-1\" \/>\n<link rel=\"canonical\" href=\"https:\/\/newsestlyonnais.fr\/site\/2017\/06\/11\/transports-tcl-travaux-de-nuit-impact-sur-les-lignes-t3-et-t4\/\" \/>\n<meta property=\"og:locale\" content=\"fr_FR\" \/>\n<meta property=\"og:type\" content=\"article\" \/>\n<meta property=\"og:title\" content=\"TRANSPORTS : TCL : TRAVAUX DE NUIT : Impact sur les lignes T3 ET T4\" \/>\n<meta property=\"og:description\" content=\"TRANSPORTS : TCL : TRAVAUX DE NUIT : Impact sur les lignes T3 ET T4\" \/>\n<meta property=\"og:url\" content=\"https:\/\/newsestlyonnais.fr\/site\/2017\/06\/11\/transports-tcl-travaux-de-nuit-impact-sur-les-lignes-t3-et-t4\/\" \/>\n<meta property=\"og:site_name\" content=\"News Est Lyonnais\" \/>\n<meta property=\"article:author\" content=\"https:\/\/www.facebook.com\/pascal.oberson.1?fref=ts\" \/>\n<meta property=\"article:published_time\" content=\"2017-06-11T18:24:16+00:00\" \/>\n<meta property=\"article:modified_time\" content=\"2017-06-16T12:50:35+00:00\" \/>\n<meta property=\"og:image\" content=\"https:\/\/i2.wp.com\/newsestlyonnais.fr\/site\/wp-content\/uploads\/2017\/04\/NewsEstLyonnais-Flash-Info.png?fit=1000%2C750&ssl=1\" \/>\n\t<meta property=\"og:image:width\" content=\"1000\" \/>\n\t<meta property=\"og:image:height\" content=\"750\" \/>\n\t<meta property=\"og:image:type\" content=\"image\/png\" \/>\n<meta name=\"author\" content=\"R\u00e9dac. NEWS\" \/>\n<meta name=\"twitter:card\" content=\"summary_large_image\" \/>\n<meta name=\"twitter:label1\" content=\"\u00c9crit par\" \/>\n\t<meta name=\"twitter:data1\" content=\"R\u00e9dac. NEWS\" \/>\n\t<meta name=\"twitter:label2\" content=\"Dur\u00e9e de lecture estim\u00e9e\" \/>\n\t<meta name=\"twitter:data2\" content=\"1 minute\" \/>\n<script type=\"application\/ld+json\" class=\"yoast-schema-graph\">{\"@context\":\"https:\/\/schema.org\",\"@graph\":[{\"@type\":\"Article\",\"@id\":\"https:\/\/newsestlyonnais.fr\/site\/2017\/06\/11\/transports-tcl-travaux-de-nuit-impact-sur-les-lignes-t3-et-t4\/#article\",\"isPartOf\":{\"@id\":\"https:\/\/newsestlyonnais.fr\/site\/2017\/06\/11\/transports-tcl-travaux-de-nuit-impact-sur-les-lignes-t3-et-t4\/\"},\"author\":{\"name\":\"R\u00e9dac. NEWS\",\"@id\":\"https:\/\/newsestlyonnais.fr\/site\/#\/schema\/person\/3230d5615f390bb808365d673001e887\"},\"headline\":\"TRANSPORTS : TCL : TRAVAUX DE NUIT : Impact sur les lignes T3 ET T4\",\"datePublished\":\"2017-06-11T18:24:16+00:00\",\"dateModified\":\"2017-06-16T12:50:35+00:00\",\"mainEntityOfPage\":{\"@id\":\"https:\/\/newsestlyonnais.fr\/site\/2017\/06\/11\/transports-tcl-travaux-de-nuit-impact-sur-les-lignes-t3-et-t4\/\"},\"wordCount\":252,\"commentCount\":0,\"publisher\":{\"@id\":\"https:\/\/newsestlyonnais.fr\/site\/#organization\"},\"image\":{\"@id\":\"https:\/\/newsestlyonnais.fr\/site\/2017\/06\/11\/transports-tcl-travaux-de-nuit-impact-sur-les-lignes-t3-et-t4\/#primaryimage\"},\"thumbnailUrl\":\"https:\/\/newsestlyonnais.fr\/site\/wp-content\/uploads\/2017\/04\/NewsEstLyonnais-Flash-Info.png\",\"articleSection\":[\"\u00e0 la une\",\"P'tites News\",\"Pratique\",\"Transports | Circulation\"],\"inLanguage\":\"fr-FR\",\"potentialAction\":[{\"@type\":\"CommentAction\",\"name\":\"Comment\",\"target\":[\"https:\/\/newsestlyonnais.fr\/site\/2017\/06\/11\/transports-tcl-travaux-de-nuit-impact-sur-les-lignes-t3-et-t4\/#respond\"]}]},{\"@type\":\"WebPage\",\"@id\":\"https:\/\/newsestlyonnais.fr\/site\/2017\/06\/11\/transports-tcl-travaux-de-nuit-impact-sur-les-lignes-t3-et-t4\/\",\"url\":\"https:\/\/newsestlyonnais.fr\/site\/2017\/06\/11\/transports-tcl-travaux-de-nuit-impact-sur-les-lignes-t3-et-t4\/\",\"name\":\"TRANSPORTS : TCL : TRAVAUX DE NUIT : Impact sur les lignes T3 ET T4\",\"isPartOf\":{\"@id\":\"https:\/\/newsestlyonnais.fr\/site\/#website\"},\"primaryImageOfPage\":{\"@id\":\"https:\/\/newsestlyonnais.fr\/site\/2017\/06\/11\/transports-tcl-travaux-de-nuit-impact-sur-les-lignes-t3-et-t4\/#primaryimage\"},\"image\":{\"@id\":\"https:\/\/newsestlyonnais.fr\/site\/2017\/06\/11\/transports-tcl-travaux-de-nuit-impact-sur-les-lignes-t3-et-t4\/#primaryimage\"},\"thumbnailUrl\":\"https:\/\/newsestlyonnais.fr\/site\/wp-content\/uploads\/2017\/04\/NewsEstLyonnais-Flash-Info.png\",\"datePublished\":\"2017-06-11T18:24:16+00:00\",\"dateModified\":\"2017-06-16T12:50:35+00:00\",\"description\":\"TRANSPORTS : TCL : TRAVAUX DE NUIT : Impact sur les lignes T3 ET T4\",\"breadcrumb\":{\"@id\":\"https:\/\/newsestlyonnais.fr\/site\/2017\/06\/11\/transports-tcl-travaux-de-nuit-impact-sur-les-lignes-t3-et-t4\/#breadcrumb\"},\"inLanguage\":\"fr-FR\",\"potentialAction\":[{\"@type\":\"ReadAction\",\"target\":[\"https:\/\/newsestlyonnais.fr\/site\/2017\/06\/11\/transports-tcl-travaux-de-nuit-impact-sur-les-lignes-t3-et-t4\/\"]}]},{\"@type\":\"ImageObject\",\"inLanguage\":\"fr-FR\",\"@id\":\"https:\/\/newsestlyonnais.fr\/site\/2017\/06\/11\/transports-tcl-travaux-de-nuit-impact-sur-les-lignes-t3-et-t4\/#primaryimage\",\"url\":\"https:\/\/newsestlyonnais.fr\/site\/wp-content\/uploads\/2017\/04\/NewsEstLyonnais-Flash-Info.png\",\"contentUrl\":\"https:\/\/newsestlyonnais.fr\/site\/wp-content\/uploads\/2017\/04\/NewsEstLyonnais-Flash-Info.png\",\"width\":1000,\"height\":750,\"caption\":\"NewsEstLyonnais-Flash-Info\"},{\"@type\":\"BreadcrumbList\",\"@id\":\"https:\/\/newsestlyonnais.fr\/site\/2017\/06\/11\/transports-tcl-travaux-de-nuit-impact-sur-les-lignes-t3-et-t4\/#breadcrumb\",\"itemListElement\":[{\"@type\":\"ListItem\",\"position\":1,\"name\":\"Accueil\",\"item\":\"https:\/\/newsestlyonnais.fr\/site\/\"},{\"@type\":\"ListItem\",\"position\":2,\"name\":\"TRANSPORTS : TCL : TRAVAUX DE NUIT : Impact sur les lignes T3 ET T4\"}]},{\"@type\":\"WebSite\",\"@id\":\"https:\/\/newsestlyonnais.fr\/site\/#website\",\"url\":\"https:\/\/newsestlyonnais.fr\/site\/\",\"name\":\"News Est Lyonnais\",\"description\":\"L&#039;actualit\u00e9 au plus pr\u00e8s\",\"publisher\":{\"@id\":\"https:\/\/newsestlyonnais.fr\/site\/#organization\"},\"potentialAction\":[{\"@type\":\"SearchAction\",\"target\":{\"@type\":\"EntryPoint\",\"urlTemplate\":\"https:\/\/newsestlyonnais.fr\/site\/?s={search_term_string}\"},\"query-input\":{\"@type\":\"PropertyValueSpecification\",\"valueRequired\":true,\"valueName\":\"search_term_string\"}}],\"inLanguage\":\"fr-FR\"},{\"@type\":\"Organization\",\"@id\":\"https:\/\/newsestlyonnais.fr\/site\/#organization\",\"name\":\"News EST LYONNAIS\",\"url\":\"https:\/\/newsestlyonnais.fr\/site\/\",\"logo\":{\"@type\":\"ImageObject\",\"inLanguage\":\"fr-FR\",\"@id\":\"https:\/\/newsestlyonnais.fr\/site\/#\/schema\/logo\/image\/\",\"url\":\"\",\"contentUrl\":\"\",\"caption\":\"News EST LYONNAIS\"},\"image\":{\"@id\":\"https:\/\/newsestlyonnais.fr\/site\/#\/schema\/logo\/image\/\"}},{\"@type\":\"Person\",\"@id\":\"https:\/\/newsestlyonnais.fr\/site\/#\/schema\/person\/3230d5615f390bb808365d673001e887\",\"name\":\"R\u00e9dac. NEWS\",\"sameAs\":[\"http:\/\/www.newsestlyonnais.fr\",\"https:\/\/www.facebook.com\/pascal.oberson.1?fref=ts\",\"https:\/\/fr.linkedin.com\/in\/pascal-oberson-b17045113\"],\"url\":\"https:\/\/newsestlyonnais.fr\/site\/author\/nel\/\"}]}<\/script>\n<!-- \/ Yoast SEO plugin. -->","yoast_head_json":{"title":"TRANSPORTS : TCL : TRAVAUX DE NUIT : Impact sur les lignes T3 ET T4","description":"TRANSPORTS : TCL : TRAVAUX DE NUIT : Impact sur les lignes T3 ET T4","robots":{"index":"index","follow":"follow","max-snippet":"max-snippet:-1","max-image-preview":"max-image-preview:large","max-video-preview":"max-video-preview:-1"},"canonical":"https:\/\/newsestlyonnais.fr\/site\/2017\/06\/11\/transports-tcl-travaux-de-nuit-impact-sur-les-lignes-t3-et-t4\/","og_locale":"fr_FR","og_type":"article","og_title":"TRANSPORTS : TCL : TRAVAUX DE NUIT : Impact sur les lignes T3 ET T4","og_description":"TRANSPORTS : TCL : TRAVAUX DE NUIT : Impact sur les lignes T3 ET T4","og_url":"https:\/\/newsestlyonnais.fr\/site\/2017\/06\/11\/transports-tcl-travaux-de-nuit-impact-sur-les-lignes-t3-et-t4\/","og_site_name":"News Est Lyonnais","article_author":"https:\/\/www.facebook.com\/pascal.oberson.1?fref=ts","article_published_time":"2017-06-11T18:24:16+00:00","article_modified_time":"2017-06-16T12:50:35+00:00","og_image":[{"width":1000,"height":750,"url":"https:\/\/i2.wp.com\/newsestlyonnais.fr\/site\/wp-content\/uploads\/2017\/04\/NewsEstLyonnais-Flash-Info.png?fit=1000%2C750&ssl=1","type":"image\/png"}],"author":"R\u00e9dac. NEWS","twitter_card":"summary_large_image","twitter_misc":{"\u00c9crit par":"R\u00e9dac. NEWS","Dur\u00e9e de lecture estim\u00e9e":"1 minute"},"schema":{"@context":"https:\/\/schema.org","@graph":[{"@type":"Article","@id":"https:\/\/newsestlyonnais.fr\/site\/2017\/06\/11\/transports-tcl-travaux-de-nuit-impact-sur-les-lignes-t3-et-t4\/#article","isPartOf":{"@id":"https:\/\/newsestlyonnais.fr\/site\/2017\/06\/11\/transports-tcl-travaux-de-nuit-impact-sur-les-lignes-t3-et-t4\/"},"author":{"name":"R\u00e9dac. NEWS","@id":"https:\/\/newsestlyonnais.fr\/site\/#\/schema\/person\/3230d5615f390bb808365d673001e887"},"headline":"TRANSPORTS : TCL : TRAVAUX DE NUIT : Impact sur les lignes T3 ET T4","datePublished":"2017-06-11T18:24:16+00:00","dateModified":"2017-06-16T12:50:35+00:00","mainEntityOfPage":{"@id":"https:\/\/newsestlyonnais.fr\/site\/2017\/06\/11\/transports-tcl-travaux-de-nuit-impact-sur-les-lignes-t3-et-t4\/"},"wordCount":252,"commentCount":0,"publisher":{"@id":"https:\/\/newsestlyonnais.fr\/site\/#organization"},"image":{"@id":"https:\/\/newsestlyonnais.fr\/site\/2017\/06\/11\/transports-tcl-travaux-de-nuit-impact-sur-les-lignes-t3-et-t4\/#primaryimage"},"thumbnailUrl":"https:\/\/newsestlyonnais.fr\/site\/wp-content\/uploads\/2017\/04\/NewsEstLyonnais-Flash-Info.png","articleSection":["\u00e0 la une","P'tites News","Pratique","Transports | Circulation"],"inLanguage":"fr-FR","potentialAction":[{"@type":"CommentAction","name":"Comment","target":["https:\/\/newsestlyonnais.fr\/site\/2017\/06\/11\/transports-tcl-travaux-de-nuit-impact-sur-les-lignes-t3-et-t4\/#respond"]}]},{"@type":"WebPage","@id":"https:\/\/newsestlyonnais.fr\/site\/2017\/06\/11\/transports-tcl-travaux-de-nuit-impact-sur-les-lignes-t3-et-t4\/","url":"https:\/\/newsestlyonnais.fr\/site\/2017\/06\/11\/transports-tcl-travaux-de-nuit-impact-sur-les-lignes-t3-et-t4\/","name":"TRANSPORTS : TCL : TRAVAUX DE NUIT : Impact sur les lignes T3 ET T4","isPartOf":{"@id":"https:\/\/newsestlyonnais.fr\/site\/#website"},"primaryImageOfPage":{"@id":"https:\/\/newsestlyonnais.fr\/site\/2017\/06\/11\/transports-tcl-travaux-de-nuit-impact-sur-les-lignes-t3-et-t4\/#primaryimage"},"image":{"@id":"https:\/\/newsestlyonnais.fr\/site\/2017\/06\/11\/transports-tcl-travaux-de-nuit-impact-sur-les-lignes-t3-et-t4\/#primaryimage"},"thumbnailUrl":"https:\/\/newsestlyonnais.fr\/site\/wp-content\/uploads\/2017\/04\/NewsEstLyonnais-Flash-Info.png","datePublished":"2017-06-11T18:24:16+00:00","dateModified":"2017-06-16T12:50:35+00:00","description":"TRANSPORTS : TCL : TRAVAUX DE NUIT : Impact sur les lignes T3 ET T4","breadcrumb":{"@id":"https:\/\/newsestlyonnais.fr\/site\/2017\/06\/11\/transports-tcl-travaux-de-nuit-impact-sur-les-lignes-t3-et-t4\/#breadcrumb"},"inLanguage":"fr-FR","potentialAction":[{"@type":"ReadAction","target":["https:\/\/newsestlyonnais.fr\/site\/2017\/06\/11\/transports-tcl-travaux-de-nuit-impact-sur-les-lignes-t3-et-t4\/"]}]},{"@type":"ImageObject","inLanguage":"fr-FR","@id":"https:\/\/newsestlyonnais.fr\/site\/2017\/06\/11\/transports-tcl-travaux-de-nuit-impact-sur-les-lignes-t3-et-t4\/#primaryimage","url":"https:\/\/newsestlyonnais.fr\/site\/wp-content\/uploads\/2017\/04\/NewsEstLyonnais-Flash-Info.png","contentUrl":"https:\/\/newsestlyonnais.fr\/site\/wp-content\/uploads\/2017\/04\/NewsEstLyonnais-Flash-Info.png","width":1000,"height":750,"caption":"NewsEstLyonnais-Flash-Info"},{"@type":"BreadcrumbList","@id":"https:\/\/newsestlyonnais.fr\/site\/2017\/06\/11\/transports-tcl-travaux-de-nuit-impact-sur-les-lignes-t3-et-t4\/#breadcrumb","itemListElement":[{"@type":"ListItem","position":1,"name":"Accueil","item":"https:\/\/newsestlyonnais.fr\/site\/"},{"@type":"ListItem","position":2,"name":"TRANSPORTS : TCL : TRAVAUX DE NUIT : Impact sur les lignes T3 ET T4"}]},{"@type":"WebSite","@id":"https:\/\/newsestlyonnais.fr\/site\/#website","url":"https:\/\/newsestlyonnais.fr\/site\/","name":"News Est Lyonnais","description":"L&#039;actualit\u00e9 au plus pr\u00e8s","publisher":{"@id":"https:\/\/newsestlyonnais.fr\/site\/#organization"},"potentialAction":[{"@type":"SearchAction","target":{"@type":"EntryPoint","urlTemplate":"https:\/\/newsestlyonnais.fr\/site\/?s={search_term_string}"},"query-input":{"@type":"PropertyValueSpecification","valueRequired":true,"valueName":"search_term_string"}}],"inLanguage":"fr-FR"},{"@type":"Organization","@id":"https:\/\/newsestlyonnais.fr\/site\/#organization","name":"News EST LYONNAIS","url":"https:\/\/newsestlyonnais.fr\/site\/","logo":{"@type":"ImageObject","inLanguage":"fr-FR","@id":"https:\/\/newsestlyonnais.fr\/site\/#\/schema\/logo\/image\/","url":"","contentUrl":"","caption":"News EST LYONNAIS"},"image":{"@id":"https:\/\/newsestlyonnais.fr\/site\/#\/schema\/logo\/image\/"}},{"@type":"Person","@id":"https:\/\/newsestlyonnais.fr\/site\/#\/schema\/person\/3230d5615f390bb808365d673001e887","name":"R\u00e9dac. NEWS","sameAs":["http:\/\/www.newsestlyonnais.fr","https:\/\/www.facebook.com\/pascal.oberson.1?fref=ts","https:\/\/fr.linkedin.com\/in\/pascal-oberson-b17045113"],"url":"https:\/\/newsestlyonnais.fr\/site\/author\/nel\/"}]}},"_links":{"self":[{"href":"https:\/\/newsestlyonnais.fr\/site\/wp-json\/wp\/v2\/posts\/29242","targetHints":{"allow":["GET"]}}],"collection":[{"href":"https:\/\/newsestlyonnais.fr\/site\/wp-json\/wp\/v2\/posts"}],"about":[{"href":"https:\/\/newsestlyonnais.fr\/site\/wp-json\/wp\/v2\/types\/post"}],"author":[{"embeddable":true,"href":"https:\/\/newsestlyonnais.fr\/site\/wp-json\/wp\/v2\/users\/4"}],"replies":[{"embeddable":true,"href":"https:\/\/newsestlyonnais.fr\/site\/wp-json\/wp\/v2\/comments?post=29242"}],"version-history":[{"count":0,"href":"https:\/\/newsestlyonnais.fr\/site\/wp-json\/wp\/v2\/posts\/29242\/revisions"}],"wp:featuredmedia":[{"embeddable":true,"href":"https:\/\/newsestlyonnais.fr\/site\/wp-json\/wp\/v2\/media\/25760"}],"wp:attachment":[{"href":"https:\/\/newsestlyonnais.fr\/site\/wp-json\/wp\/v2\/media?parent=29242"}],"wp:term":[{"taxonomy":"category","embeddable":true,"href":"https:\/\/newsestlyonnais.fr\/site\/wp-json\/wp\/v2\/categories?post=29242"},{"taxonomy":"post_tag","embeddable":true,"href":"https:\/\/newsestlyonnais.fr\/site\/wp-json\/wp\/v2\/tags?post=29242"}],"curies":[{"name":"wp","href":"https:\/\/api.w.org\/{rel}","templated":true}]}}