{"id":29315,"date":"2017-07-02T14:22:22","date_gmt":"2017-07-02T13:22:22","guid":{"rendered":"http:\/\/newsestlyonnais.fr\/site\/?p=29315"},"modified":"2021-04-09T14:55:43","modified_gmt":"2021-04-09T13:55:43","slug":"colombier-saugnieu-nouvelle-organisation-du-temps-scolaire-et-periscolaire-rentree-2017","status":"publish","type":"post","link":"https:\/\/newsestlyonnais.fr\/site\/2017\/07\/02\/colombier-saugnieu-nouvelle-organisation-du-temps-scolaire-et-periscolaire-rentree-2017\/","title":{"rendered":"COLOMBIER-SAUGNIEU | Nouvelle organisation du temps scolaire et p\u00e9riscolaire rentr\u00e9e 2017"},"content":{"rendered":"<h4>La ville s\u2019engage, \u00e0 compter de la rentr\u00e9e 2017, \u00e0 appliquer une nouvelle organisation du temps scolaire et p\u00e9riscolaire.<\/h4>\n<p>Par courrier en date du 4 novembre 2016, Philippe Couturaud, inspecteur d\u2019acad\u00e9mie, sollicitait la commune pour savoir si en application de l\u2019article 521-12 du code de l\u2019\u00e9ducation, la commune, \u00e0 l\u2019issue des trois ans, reconduisait l\u2019organisation actuelle du temps scolaire.<\/p>\n<p>A ce courrier, la municipalit\u00e9 a r\u00e9pondu en indiquant son positionnement, qui consistait \u00e0 int\u00e9grer pleinement la fatigabilit\u00e9 de ce rythme pour les enfants. Sur cette r\u00e9ponse en date du 2 mars, la mairie souhaitait proposer une nouvelle organisation \u00e0 savoir les 3 heures de Temps d\u2019Activit\u00e9s P\u00e9riscolaires regroup\u00e9es sur une demi-journ\u00e9e.<\/p>\n<p>L\u2019ensemble du Comit\u00e9 de Pilotage constitu\u00e9 et compos\u00e9 des \u00e9lu.e.s , de repr\u00e9sentants des parents d\u2019\u00e9l\u00e8ves, des enseignants, des agents municipaux participant \u00e0 l\u2019encadrement des enfants, s\u2019\u00e9tait bien entendu prononc\u00e9 en faveur de cette proposition d\u00e8s le 9 f\u00e9vrier. Une r\u00e9ponse de l\u2019inspecteur d\u2019acad\u00e9mie en date du 14 mars 2017 \u00e9voque l\u2019impossibilit\u00e9, en l\u2019\u00e9tat actuel de la r\u00e9glementation de proposer une organisation du temps scolaire sans enseignement le mercredi matin (article D521-10 du code de l\u2019\u00e9ducation).<\/p>\n<p><span style=\"text-decoration: underline\">Evolution<\/span> :<strong> Compte tenu de la proposition du Pr\u00e9sident de la R\u00e9publique, la d\u00e9cision revient d\u00e9sormais aux mairies de choisir le fonctionnement le plus adapt\u00e9. Le d\u00e9cret sera prochainement publi\u00e9 au Journal Officiel.<\/strong><\/p>\n<ul>\n<li>La ville s\u2019engage, \u00e0 compter de la rentr\u00e9e 2017, \u00e0 appliquer une nouvelle organisation du temps scolaire et p\u00e9riscolaire \u00e0 savoir: le <strong>LUNDI- MARDI \u2013 JEUDI \u2013 VENDREDI (8 h 30\/11 h 30 et 13 h 30\/16 h 30)<\/strong> et le <strong>Mercredi matin 3 heures de Temps d\u2019Activit\u00e9s P\u00e9riscolaires (TAP) gratuites<\/strong> (\u00e0 Plan\u00e8tes magiques). <strong>Plus d\u2019infos sur l\u2019organisation \u00e0 venir prochainement.<\/strong><\/li>\n<\/ul>\n<p>\u00a0\u00bb Nous avons la volont\u00e9 de respecter le rythme de l\u2019enfant. Les 4 jours et demi tels que demand\u00e9s en application de la loi, g\u00e9n\u00e8re beaucoup de fatigabilit\u00e9 . Des enfants moins receptif.ve.s , moins attentif.ve.s et peu ouvert .e.s \u00e0 s\u2019engager sur des activit\u00e9s. Nous r\u00e9orientons donc notre organisation du temps scolaire et p\u00e9riscolaire en tenant compte de cette probl\u00e9matique et en pla\u00e7ant, l\u2019enfant, au c\u0153ur de nos pr\u00e9occupations \u00a0\u00bb indique <strong>Nicole Abadie, adjointe au maire d\u00e9l\u00e9gu\u00e9e \u00e0 l\u2019enfance , \u00e0 la jeunesse et \u00e0 l\u2019\u00e9ducation.<\/strong><\/p>\n<ul>\n<li>\n<h4>Source: Communiqu\u00e9 de presse de la ville de Colombier-Saugnieu.<\/h4>\n<\/li>\n<\/ul>\n","protected":false},"excerpt":{"rendered":"<p>La ville s\u2019engage, \u00e0 compter de la rentr\u00e9e 2017, \u00e0 appliquer une nouvelle organisation du temps scolaire et p\u00e9riscolaire. Par courrier en date du 4 novembre 2016, Philippe Couturaud, inspecteur d\u2019acad\u00e9mie, sollicitait la commune pour savoir si en application de l\u2019article 521-12 du code de l\u2019\u00e9ducation, la commune, \u00e0 l\u2019issue des trois ans, reconduisait l\u2019organisation [&hellip;]<\/p>\n","protected":false},"author":4,"featured_media":13813,"comment_status":"open","ping_status":"open","sticky":false,"template":"","format":"standard","meta":{"footnotes":""},"categories":[270,1280,787,309,173],"tags":[],"class_list":["post-29315","post","type-post","status-publish","format-standard","has-post-thumbnail","hentry","category-cte-de-communes-c-c-e-l","category-colombier-saugnieu","category-ptites-news","category-pratique","category-scolaire"],"yoast_head":"<!-- This site is optimized with the Yoast SEO plugin v27.2 - https:\/\/yoast.com\/product\/yoast-seo-wordpress\/ -->\n<title>COLOMBIER-SAUGNIEU : Nouvelle organisation du temps scolaire et p\u00e9riscolaire pour la rentr\u00e9e 2017<\/title>\n<meta name=\"description\" content=\"COLOMBIER-SAUGNIEU : Nouvelle organisation du temps scolaire et p\u00e9riscolaire pour la rentr\u00e9e 2017\" \/>\n<meta name=\"robots\" content=\"index, follow, max-snippet:-1, max-image-preview:large, max-video-preview:-1\" \/>\n<link rel=\"canonical\" href=\"https:\/\/newsestlyonnais.fr\/site\/2017\/07\/02\/colombier-saugnieu-nouvelle-organisation-du-temps-scolaire-et-periscolaire-rentree-2017\/\" \/>\n<meta property=\"og:locale\" content=\"fr_FR\" \/>\n<meta property=\"og:type\" content=\"article\" \/>\n<meta property=\"og:title\" content=\"COLOMBIER-SAUGNIEU : Nouvelle organisation du temps scolaire et p\u00e9riscolaire pour la rentr\u00e9e 2017\" \/>\n<meta property=\"og:description\" content=\"COLOMBIER-SAUGNIEU : Nouvelle organisation du temps scolaire et p\u00e9riscolaire pour la rentr\u00e9e 2017\" \/>\n<meta property=\"og:url\" content=\"https:\/\/newsestlyonnais.fr\/site\/2017\/07\/02\/colombier-saugnieu-nouvelle-organisation-du-temps-scolaire-et-periscolaire-rentree-2017\/\" \/>\n<meta property=\"og:site_name\" content=\"News Est Lyonnais\" \/>\n<meta property=\"article:author\" content=\"https:\/\/www.facebook.com\/pascal.oberson.1?fref=ts\" \/>\n<meta property=\"article:published_time\" content=\"2017-07-02T13:22:22+00:00\" \/>\n<meta property=\"article:modified_time\" content=\"2021-04-09T13:55:43+00:00\" \/>\n<meta property=\"og:image\" content=\"https:\/\/i2.wp.com\/newsestlyonnais.fr\/site\/wp-content\/uploads\/2016\/10\/NEWSESTLYONNAIS-6-panneau-colom.jpg?fit=1000%2C750&ssl=1\" \/>\n\t<meta property=\"og:image:width\" content=\"1000\" \/>\n\t<meta property=\"og:image:height\" content=\"750\" \/>\n\t<meta property=\"og:image:type\" content=\"image\/jpeg\" \/>\n<meta name=\"author\" content=\"R\u00e9dac. NEWS\" \/>\n<meta name=\"twitter:card\" content=\"summary_large_image\" \/>\n<meta name=\"twitter:label1\" content=\"\u00c9crit par\" \/>\n\t<meta name=\"twitter:data1\" content=\"R\u00e9dac. NEWS\" \/>\n\t<meta name=\"twitter:label2\" content=\"Dur\u00e9e de lecture estim\u00e9e\" \/>\n\t<meta name=\"twitter:data2\" content=\"2 minutes\" \/>\n<script type=\"application\/ld+json\" class=\"yoast-schema-graph\">{\"@context\":\"https:\/\/schema.org\",\"@graph\":[{\"@type\":\"Article\",\"@id\":\"https:\/\/newsestlyonnais.fr\/site\/2017\/07\/02\/colombier-saugnieu-nouvelle-organisation-du-temps-scolaire-et-periscolaire-rentree-2017\/#article\",\"isPartOf\":{\"@id\":\"https:\/\/newsestlyonnais.fr\/site\/2017\/07\/02\/colombier-saugnieu-nouvelle-organisation-du-temps-scolaire-et-periscolaire-rentree-2017\/\"},\"author\":{\"name\":\"R\u00e9dac. NEWS\",\"@id\":\"https:\/\/newsestlyonnais.fr\/site\/#\/schema\/person\/3230d5615f390bb808365d673001e887\"},\"headline\":\"COLOMBIER-SAUGNIEU | Nouvelle organisation du temps scolaire et p\u00e9riscolaire rentr\u00e9e 2017\",\"datePublished\":\"2017-07-02T13:22:22+00:00\",\"dateModified\":\"2021-04-09T13:55:43+00:00\",\"mainEntityOfPage\":{\"@id\":\"https:\/\/newsestlyonnais.fr\/site\/2017\/07\/02\/colombier-saugnieu-nouvelle-organisation-du-temps-scolaire-et-periscolaire-rentree-2017\/\"},\"wordCount\":420,\"commentCount\":0,\"publisher\":{\"@id\":\"https:\/\/newsestlyonnais.fr\/site\/#organization\"},\"image\":{\"@id\":\"https:\/\/newsestlyonnais.fr\/site\/2017\/07\/02\/colombier-saugnieu-nouvelle-organisation-du-temps-scolaire-et-periscolaire-rentree-2017\/#primaryimage\"},\"thumbnailUrl\":\"https:\/\/newsestlyonnais.fr\/site\/wp-content\/uploads\/2016\/10\/NEWSESTLYONNAIS-6-panneau-colom.jpg\",\"articleSection\":[\"CCEL | Communes\",\"Colombier-Saugnieu\",\"P'tites News\",\"Pratique\",\"Scolaire\"],\"inLanguage\":\"fr-FR\",\"potentialAction\":[{\"@type\":\"CommentAction\",\"name\":\"Comment\",\"target\":[\"https:\/\/newsestlyonnais.fr\/site\/2017\/07\/02\/colombier-saugnieu-nouvelle-organisation-du-temps-scolaire-et-periscolaire-rentree-2017\/#respond\"]}]},{\"@type\":\"WebPage\",\"@id\":\"https:\/\/newsestlyonnais.fr\/site\/2017\/07\/02\/colombier-saugnieu-nouvelle-organisation-du-temps-scolaire-et-periscolaire-rentree-2017\/\",\"url\":\"https:\/\/newsestlyonnais.fr\/site\/2017\/07\/02\/colombier-saugnieu-nouvelle-organisation-du-temps-scolaire-et-periscolaire-rentree-2017\/\",\"name\":\"COLOMBIER-SAUGNIEU : Nouvelle organisation du temps scolaire et p\u00e9riscolaire pour la rentr\u00e9e 2017\",\"isPartOf\":{\"@id\":\"https:\/\/newsestlyonnais.fr\/site\/#website\"},\"primaryImageOfPage\":{\"@id\":\"https:\/\/newsestlyonnais.fr\/site\/2017\/07\/02\/colombier-saugnieu-nouvelle-organisation-du-temps-scolaire-et-periscolaire-rentree-2017\/#primaryimage\"},\"image\":{\"@id\":\"https:\/\/newsestlyonnais.fr\/site\/2017\/07\/02\/colombier-saugnieu-nouvelle-organisation-du-temps-scolaire-et-periscolaire-rentree-2017\/#primaryimage\"},\"thumbnailUrl\":\"https:\/\/newsestlyonnais.fr\/site\/wp-content\/uploads\/2016\/10\/NEWSESTLYONNAIS-6-panneau-colom.jpg\",\"datePublished\":\"2017-07-02T13:22:22+00:00\",\"dateModified\":\"2021-04-09T13:55:43+00:00\",\"description\":\"COLOMBIER-SAUGNIEU : Nouvelle organisation du temps scolaire et p\u00e9riscolaire pour la rentr\u00e9e 2017\",\"breadcrumb\":{\"@id\":\"https:\/\/newsestlyonnais.fr\/site\/2017\/07\/02\/colombier-saugnieu-nouvelle-organisation-du-temps-scolaire-et-periscolaire-rentree-2017\/#breadcrumb\"},\"inLanguage\":\"fr-FR\",\"potentialAction\":[{\"@type\":\"ReadAction\",\"target\":[\"https:\/\/newsestlyonnais.fr\/site\/2017\/07\/02\/colombier-saugnieu-nouvelle-organisation-du-temps-scolaire-et-periscolaire-rentree-2017\/\"]}]},{\"@type\":\"ImageObject\",\"inLanguage\":\"fr-FR\",\"@id\":\"https:\/\/newsestlyonnais.fr\/site\/2017\/07\/02\/colombier-saugnieu-nouvelle-organisation-du-temps-scolaire-et-periscolaire-rentree-2017\/#primaryimage\",\"url\":\"https:\/\/newsestlyonnais.fr\/site\/wp-content\/uploads\/2016\/10\/NEWSESTLYONNAIS-6-panneau-colom.jpg\",\"contentUrl\":\"https:\/\/newsestlyonnais.fr\/site\/wp-content\/uploads\/2016\/10\/NEWSESTLYONNAIS-6-panneau-colom.jpg\",\"width\":1000,\"height\":750,\"caption\":\"newsestlyonnais-6-panneau-colom\"},{\"@type\":\"BreadcrumbList\",\"@id\":\"https:\/\/newsestlyonnais.fr\/site\/2017\/07\/02\/colombier-saugnieu-nouvelle-organisation-du-temps-scolaire-et-periscolaire-rentree-2017\/#breadcrumb\",\"itemListElement\":[{\"@type\":\"ListItem\",\"position\":1,\"name\":\"Accueil\",\"item\":\"https:\/\/newsestlyonnais.fr\/site\/\"},{\"@type\":\"ListItem\",\"position\":2,\"name\":\"COLOMBIER-SAUGNIEU | Nouvelle organisation du temps scolaire et p\u00e9riscolaire rentr\u00e9e 2017\"}]},{\"@type\":\"WebSite\",\"@id\":\"https:\/\/newsestlyonnais.fr\/site\/#website\",\"url\":\"https:\/\/newsestlyonnais.fr\/site\/\",\"name\":\"News Est Lyonnais\",\"description\":\"L&#039;actualit\u00e9 au plus pr\u00e8s\",\"publisher\":{\"@id\":\"https:\/\/newsestlyonnais.fr\/site\/#organization\"},\"potentialAction\":[{\"@type\":\"SearchAction\",\"target\":{\"@type\":\"EntryPoint\",\"urlTemplate\":\"https:\/\/newsestlyonnais.fr\/site\/?s={search_term_string}\"},\"query-input\":{\"@type\":\"PropertyValueSpecification\",\"valueRequired\":true,\"valueName\":\"search_term_string\"}}],\"inLanguage\":\"fr-FR\"},{\"@type\":\"Organization\",\"@id\":\"https:\/\/newsestlyonnais.fr\/site\/#organization\",\"name\":\"News EST LYONNAIS\",\"url\":\"https:\/\/newsestlyonnais.fr\/site\/\",\"logo\":{\"@type\":\"ImageObject\",\"inLanguage\":\"fr-FR\",\"@id\":\"https:\/\/newsestlyonnais.fr\/site\/#\/schema\/logo\/image\/\",\"url\":\"\",\"contentUrl\":\"\",\"caption\":\"News EST LYONNAIS\"},\"image\":{\"@id\":\"https:\/\/newsestlyonnais.fr\/site\/#\/schema\/logo\/image\/\"}},{\"@type\":\"Person\",\"@id\":\"https:\/\/newsestlyonnais.fr\/site\/#\/schema\/person\/3230d5615f390bb808365d673001e887\",\"name\":\"R\u00e9dac. NEWS\",\"sameAs\":[\"http:\/\/www.newsestlyonnais.fr\",\"https:\/\/www.facebook.com\/pascal.oberson.1?fref=ts\",\"https:\/\/fr.linkedin.com\/in\/pascal-oberson-b17045113\"],\"url\":\"https:\/\/newsestlyonnais.fr\/site\/author\/nel\/\"}]}<\/script>\n<!-- \/ Yoast SEO plugin. -->","yoast_head_json":{"title":"COLOMBIER-SAUGNIEU : Nouvelle organisation du temps scolaire et p\u00e9riscolaire pour la rentr\u00e9e 2017","description":"COLOMBIER-SAUGNIEU : Nouvelle organisation du temps scolaire et p\u00e9riscolaire pour la rentr\u00e9e 2017","robots":{"index":"index","follow":"follow","max-snippet":"max-snippet:-1","max-image-preview":"max-image-preview:large","max-video-preview":"max-video-preview:-1"},"canonical":"https:\/\/newsestlyonnais.fr\/site\/2017\/07\/02\/colombier-saugnieu-nouvelle-organisation-du-temps-scolaire-et-periscolaire-rentree-2017\/","og_locale":"fr_FR","og_type":"article","og_title":"COLOMBIER-SAUGNIEU : Nouvelle organisation du temps scolaire et p\u00e9riscolaire pour la rentr\u00e9e 2017","og_description":"COLOMBIER-SAUGNIEU : Nouvelle organisation du temps scolaire et p\u00e9riscolaire pour la rentr\u00e9e 2017","og_url":"https:\/\/newsestlyonnais.fr\/site\/2017\/07\/02\/colombier-saugnieu-nouvelle-organisation-du-temps-scolaire-et-periscolaire-rentree-2017\/","og_site_name":"News Est Lyonnais","article_author":"https:\/\/www.facebook.com\/pascal.oberson.1?fref=ts","article_published_time":"2017-07-02T13:22:22+00:00","article_modified_time":"2021-04-09T13:55:43+00:00","og_image":[{"width":1000,"height":750,"url":"https:\/\/i2.wp.com\/newsestlyonnais.fr\/site\/wp-content\/uploads\/2016\/10\/NEWSESTLYONNAIS-6-panneau-colom.jpg?fit=1000%2C750&ssl=1","type":"image\/jpeg"}],"author":"R\u00e9dac. NEWS","twitter_card":"summary_large_image","twitter_misc":{"\u00c9crit par":"R\u00e9dac. NEWS","Dur\u00e9e de lecture estim\u00e9e":"2 minutes"},"schema":{"@context":"https:\/\/schema.org","@graph":[{"@type":"Article","@id":"https:\/\/newsestlyonnais.fr\/site\/2017\/07\/02\/colombier-saugnieu-nouvelle-organisation-du-temps-scolaire-et-periscolaire-rentree-2017\/#article","isPartOf":{"@id":"https:\/\/newsestlyonnais.fr\/site\/2017\/07\/02\/colombier-saugnieu-nouvelle-organisation-du-temps-scolaire-et-periscolaire-rentree-2017\/"},"author":{"name":"R\u00e9dac. NEWS","@id":"https:\/\/newsestlyonnais.fr\/site\/#\/schema\/person\/3230d5615f390bb808365d673001e887"},"headline":"COLOMBIER-SAUGNIEU | Nouvelle organisation du temps scolaire et p\u00e9riscolaire rentr\u00e9e 2017","datePublished":"2017-07-02T13:22:22+00:00","dateModified":"2021-04-09T13:55:43+00:00","mainEntityOfPage":{"@id":"https:\/\/newsestlyonnais.fr\/site\/2017\/07\/02\/colombier-saugnieu-nouvelle-organisation-du-temps-scolaire-et-periscolaire-rentree-2017\/"},"wordCount":420,"commentCount":0,"publisher":{"@id":"https:\/\/newsestlyonnais.fr\/site\/#organization"},"image":{"@id":"https:\/\/newsestlyonnais.fr\/site\/2017\/07\/02\/colombier-saugnieu-nouvelle-organisation-du-temps-scolaire-et-periscolaire-rentree-2017\/#primaryimage"},"thumbnailUrl":"https:\/\/newsestlyonnais.fr\/site\/wp-content\/uploads\/2016\/10\/NEWSESTLYONNAIS-6-panneau-colom.jpg","articleSection":["CCEL | Communes","Colombier-Saugnieu","P'tites News","Pratique","Scolaire"],"inLanguage":"fr-FR","potentialAction":[{"@type":"CommentAction","name":"Comment","target":["https:\/\/newsestlyonnais.fr\/site\/2017\/07\/02\/colombier-saugnieu-nouvelle-organisation-du-temps-scolaire-et-periscolaire-rentree-2017\/#respond"]}]},{"@type":"WebPage","@id":"https:\/\/newsestlyonnais.fr\/site\/2017\/07\/02\/colombier-saugnieu-nouvelle-organisation-du-temps-scolaire-et-periscolaire-rentree-2017\/","url":"https:\/\/newsestlyonnais.fr\/site\/2017\/07\/02\/colombier-saugnieu-nouvelle-organisation-du-temps-scolaire-et-periscolaire-rentree-2017\/","name":"COLOMBIER-SAUGNIEU : Nouvelle organisation du temps scolaire et p\u00e9riscolaire pour la rentr\u00e9e 2017","isPartOf":{"@id":"https:\/\/newsestlyonnais.fr\/site\/#website"},"primaryImageOfPage":{"@id":"https:\/\/newsestlyonnais.fr\/site\/2017\/07\/02\/colombier-saugnieu-nouvelle-organisation-du-temps-scolaire-et-periscolaire-rentree-2017\/#primaryimage"},"image":{"@id":"https:\/\/newsestlyonnais.fr\/site\/2017\/07\/02\/colombier-saugnieu-nouvelle-organisation-du-temps-scolaire-et-periscolaire-rentree-2017\/#primaryimage"},"thumbnailUrl":"https:\/\/newsestlyonnais.fr\/site\/wp-content\/uploads\/2016\/10\/NEWSESTLYONNAIS-6-panneau-colom.jpg","datePublished":"2017-07-02T13:22:22+00:00","dateModified":"2021-04-09T13:55:43+00:00","description":"COLOMBIER-SAUGNIEU : Nouvelle organisation du temps scolaire et p\u00e9riscolaire pour la rentr\u00e9e 2017","breadcrumb":{"@id":"https:\/\/newsestlyonnais.fr\/site\/2017\/07\/02\/colombier-saugnieu-nouvelle-organisation-du-temps-scolaire-et-periscolaire-rentree-2017\/#breadcrumb"},"inLanguage":"fr-FR","potentialAction":[{"@type":"ReadAction","target":["https:\/\/newsestlyonnais.fr\/site\/2017\/07\/02\/colombier-saugnieu-nouvelle-organisation-du-temps-scolaire-et-periscolaire-rentree-2017\/"]}]},{"@type":"ImageObject","inLanguage":"fr-FR","@id":"https:\/\/newsestlyonnais.fr\/site\/2017\/07\/02\/colombier-saugnieu-nouvelle-organisation-du-temps-scolaire-et-periscolaire-rentree-2017\/#primaryimage","url":"https:\/\/newsestlyonnais.fr\/site\/wp-content\/uploads\/2016\/10\/NEWSESTLYONNAIS-6-panneau-colom.jpg","contentUrl":"https:\/\/newsestlyonnais.fr\/site\/wp-content\/uploads\/2016\/10\/NEWSESTLYONNAIS-6-panneau-colom.jpg","width":1000,"height":750,"caption":"newsestlyonnais-6-panneau-colom"},{"@type":"BreadcrumbList","@id":"https:\/\/newsestlyonnais.fr\/site\/2017\/07\/02\/colombier-saugnieu-nouvelle-organisation-du-temps-scolaire-et-periscolaire-rentree-2017\/#breadcrumb","itemListElement":[{"@type":"ListItem","position":1,"name":"Accueil","item":"https:\/\/newsestlyonnais.fr\/site\/"},{"@type":"ListItem","position":2,"name":"COLOMBIER-SAUGNIEU | Nouvelle organisation du temps scolaire et p\u00e9riscolaire rentr\u00e9e 2017"}]},{"@type":"WebSite","@id":"https:\/\/newsestlyonnais.fr\/site\/#website","url":"https:\/\/newsestlyonnais.fr\/site\/","name":"News Est Lyonnais","description":"L&#039;actualit\u00e9 au plus pr\u00e8s","publisher":{"@id":"https:\/\/newsestlyonnais.fr\/site\/#organization"},"potentialAction":[{"@type":"SearchAction","target":{"@type":"EntryPoint","urlTemplate":"https:\/\/newsestlyonnais.fr\/site\/?s={search_term_string}"},"query-input":{"@type":"PropertyValueSpecification","valueRequired":true,"valueName":"search_term_string"}}],"inLanguage":"fr-FR"},{"@type":"Organization","@id":"https:\/\/newsestlyonnais.fr\/site\/#organization","name":"News EST LYONNAIS","url":"https:\/\/newsestlyonnais.fr\/site\/","logo":{"@type":"ImageObject","inLanguage":"fr-FR","@id":"https:\/\/newsestlyonnais.fr\/site\/#\/schema\/logo\/image\/","url":"","contentUrl":"","caption":"News EST LYONNAIS"},"image":{"@id":"https:\/\/newsestlyonnais.fr\/site\/#\/schema\/logo\/image\/"}},{"@type":"Person","@id":"https:\/\/newsestlyonnais.fr\/site\/#\/schema\/person\/3230d5615f390bb808365d673001e887","name":"R\u00e9dac. NEWS","sameAs":["http:\/\/www.newsestlyonnais.fr","https:\/\/www.facebook.com\/pascal.oberson.1?fref=ts","https:\/\/fr.linkedin.com\/in\/pascal-oberson-b17045113"],"url":"https:\/\/newsestlyonnais.fr\/site\/author\/nel\/"}]}},"_links":{"self":[{"href":"https:\/\/newsestlyonnais.fr\/site\/wp-json\/wp\/v2\/posts\/29315","targetHints":{"allow":["GET"]}}],"collection":[{"href":"https:\/\/newsestlyonnais.fr\/site\/wp-json\/wp\/v2\/posts"}],"about":[{"href":"https:\/\/newsestlyonnais.fr\/site\/wp-json\/wp\/v2\/types\/post"}],"author":[{"embeddable":true,"href":"https:\/\/newsestlyonnais.fr\/site\/wp-json\/wp\/v2\/users\/4"}],"replies":[{"embeddable":true,"href":"https:\/\/newsestlyonnais.fr\/site\/wp-json\/wp\/v2\/comments?post=29315"}],"version-history":[{"count":0,"href":"https:\/\/newsestlyonnais.fr\/site\/wp-json\/wp\/v2\/posts\/29315\/revisions"}],"wp:featuredmedia":[{"embeddable":true,"href":"https:\/\/newsestlyonnais.fr\/site\/wp-json\/wp\/v2\/media\/13813"}],"wp:attachment":[{"href":"https:\/\/newsestlyonnais.fr\/site\/wp-json\/wp\/v2\/media?parent=29315"}],"wp:term":[{"taxonomy":"category","embeddable":true,"href":"https:\/\/newsestlyonnais.fr\/site\/wp-json\/wp\/v2\/categories?post=29315"},{"taxonomy":"post_tag","embeddable":true,"href":"https:\/\/newsestlyonnais.fr\/site\/wp-json\/wp\/v2\/tags?post=29315"}],"curies":[{"name":"wp","href":"https:\/\/api.w.org\/{rel}","templated":true}]}}