{"id":29441,"date":"2017-06-15T13:12:47","date_gmt":"2017-06-15T12:12:47","guid":{"rendered":"http:\/\/newsestlyonnais.fr\/site\/?p=29441"},"modified":"2020-11-03T09:13:51","modified_gmt":"2020-11-03T08:13:51","slug":"jonage-lusel-foot-3-de-la-finale-u13-du-groupement-vallee-du-rhone","status":"publish","type":"post","link":"https:\/\/newsestlyonnais.fr\/site\/2017\/06\/15\/jonage-lusel-foot-3-de-la-finale-u13-du-groupement-vallee-du-rhone\/","title":{"rendered":"JONAGE | L&rsquo;USEL Foot 3\u00b0 de la finale U13 du groupement Vall\u00e9e du Rh\u00f4ne"},"content":{"rendered":"<h4>La finale U13 du groupement Vall\u00e9e du Rh\u00f4ne de football se d\u00e9roulait samedi 10 juin au stade de Colombier-Saugnieu.<\/h4>\n<p>L\u2019\u00e9quipe 1 de l\u2019USEL entrain\u00e9e\u00a0 par David Pilat a fini 3\u00b0 sur 72 \u00e9quipes engag\u00e9es en disputant 4 matchs.<\/p>\n<p><span style=\"text-decoration: underline\">Bilan de cette finale<\/span>: 2 d\u00e9faites (2\/0 face \u00e0 Chandieu &amp; 2\/0 face \u00e0 Corbas) et 2 victoires (2\/0 face \u00e0 St Priest et 1\/0 contre Ozon.<\/p>\n<p>En cette fin de saison, les dirigeants de l\u2019USEL tiennent \u00e0 remercier David Pilat pour le travail accompli durant toutes les saisons pass\u00e9es au club et lui souhaite une bonne continuation dans sa future mission puisque David quitter le club pour de nouveaux horizons.<\/p>\n<p><strong>NOTA<\/strong>: <strong>F\u00eate du club le samedi 24 juin<\/strong> \u00e0 14 heures au stade des Marais \u00e0 Jonage<\/p>\n<ul>\n<li>\n<h4>Retrouvez l&rsquo;ACTU du club sur: <a href=\"http:\/\/uselfoot.footeo.com\" target=\"_blank\" rel=\"noopener noreferrer\">http:\/\/uselfoot.footeo.com<\/a><\/h4>\n<\/li>\n<\/ul>\n<div id='gallery-1' class='gallery galleryid-29441 gallery-columns-3 gallery-size-thumbnail'><figure class='gallery-item'>\n\t\t\t<div class='gallery-icon portrait'>\n\t\t\t\t<a href='https:\/\/newsestlyonnais.fr\/site\/2017\/06\/15\/jonage-lusel-foot-3-de-la-finale-u13-du-groupement-vallee-du-rhone\/newsestlyonnais-usel-foot-2\/'><img loading=\"lazy\" decoding=\"async\" width=\"150\" height=\"150\" src=\"https:\/\/newsestlyonnais.fr\/site\/wp-content\/uploads\/2017\/06\/NEWSESTLYONNAIS-USEL-FOOT-2-150x150.jpg\" class=\"attachment-thumbnail size-thumbnail\" alt=\"NEWSESTLYONNAIS - USEL FOOT 2\" \/><\/a>\n\t\t\t<\/div><\/figure><figure class='gallery-item'>\n\t\t\t<div class='gallery-icon portrait'>\n\t\t\t\t<a href='https:\/\/newsestlyonnais.fr\/site\/2017\/06\/15\/jonage-lusel-foot-3-de-la-finale-u13-du-groupement-vallee-du-rhone\/newsestlyonnais-usel-foot-1\/'><img loading=\"lazy\" decoding=\"async\" width=\"150\" height=\"150\" src=\"https:\/\/newsestlyonnais.fr\/site\/wp-content\/uploads\/2017\/06\/NEWSESTLYONNAIS-USEL-FOOT-1-150x150.jpg\" class=\"attachment-thumbnail size-thumbnail\" alt=\"\" \/><\/a>\n\t\t\t<\/div><\/figure><figure class='gallery-item'>\n\t\t\t<div class='gallery-icon portrait'>\n\t\t\t\t<a href='https:\/\/newsestlyonnais.fr\/site\/2017\/06\/15\/jonage-lusel-foot-3-de-la-finale-u13-du-groupement-vallee-du-rhone\/newsestlyonnais-usel-3\/'><img loading=\"lazy\" decoding=\"async\" width=\"150\" height=\"150\" src=\"https:\/\/newsestlyonnais.fr\/site\/wp-content\/uploads\/2017\/06\/NEWSESTLYONNAIS-USEL-3--150x150.jpg\" class=\"attachment-thumbnail size-thumbnail\" alt=\"NEWSESTLYONNAIS - USEL 3\" \/><\/a>\n\t\t\t<\/div><\/figure>\n\t\t<\/div>\n\n","protected":false},"excerpt":{"rendered":"<p>La finale U13 du groupement Vall\u00e9e du Rh\u00f4ne de football se d\u00e9roulait samedi 10 juin au stade de Colombier-Saugnieu. L\u2019\u00e9quipe 1 de l\u2019USEL entrain\u00e9e\u00a0 par David Pilat a fini 3\u00b0 sur 72 \u00e9quipes engag\u00e9es en disputant 4 matchs. Bilan de cette finale: 2 d\u00e9faites (2\/0 face \u00e0 Chandieu &amp; 2\/0 face \u00e0 Corbas) et 2 [&hellip;]<\/p>\n","protected":false},"author":4,"featured_media":0,"comment_status":"open","ping_status":"open","sticky":false,"template":"","format":"standard","meta":{"footnotes":""},"categories":[1329,2996,1303],"tags":[],"class_list":["post-29441","post","type-post","status-publish","format-standard","hentry","category-foot","category-football-rugby","category-jonage"],"yoast_head":"<!-- This site is optimized with the Yoast SEO plugin v27.2 - https:\/\/yoast.com\/product\/yoast-seo-wordpress\/ -->\n<title>JONAGE : Le club de l&#039;USEL Foot 3\u00b0 de la finale U13 du groupement Vall\u00e9e du Rh\u00f4ne<\/title>\n<meta name=\"description\" content=\"JONAGE : Le club de l&#039;USEL Foot 3\u00b0 de la finale U13 du groupement Vall\u00e9e du Rh\u00f4ne\" \/>\n<meta name=\"robots\" content=\"index, follow, max-snippet:-1, max-image-preview:large, max-video-preview:-1\" \/>\n<link rel=\"canonical\" href=\"https:\/\/newsestlyonnais.fr\/site\/2017\/06\/15\/jonage-lusel-foot-3-de-la-finale-u13-du-groupement-vallee-du-rhone\/\" \/>\n<meta property=\"og:locale\" content=\"fr_FR\" \/>\n<meta property=\"og:type\" content=\"article\" \/>\n<meta property=\"og:title\" content=\"JONAGE : Le club de l&#039;USEL Foot 3\u00b0 de la finale U13 du groupement Vall\u00e9e du Rh\u00f4ne\" \/>\n<meta property=\"og:description\" content=\"JONAGE : Le club de l&#039;USEL Foot 3\u00b0 de la finale U13 du groupement Vall\u00e9e du Rh\u00f4ne\" \/>\n<meta property=\"og:url\" content=\"https:\/\/newsestlyonnais.fr\/site\/2017\/06\/15\/jonage-lusel-foot-3-de-la-finale-u13-du-groupement-vallee-du-rhone\/\" \/>\n<meta property=\"og:site_name\" content=\"News Est Lyonnais\" \/>\n<meta property=\"article:author\" content=\"https:\/\/www.facebook.com\/pascal.oberson.1?fref=ts\" \/>\n<meta property=\"article:published_time\" content=\"2017-06-15T12:12:47+00:00\" \/>\n<meta property=\"article:modified_time\" content=\"2020-11-03T08:13:51+00:00\" \/>\n<meta name=\"author\" content=\"R\u00e9dac. NEWS\" \/>\n<meta name=\"twitter:card\" content=\"summary_large_image\" \/>\n<meta name=\"twitter:label1\" content=\"\u00c9crit par\" \/>\n\t<meta name=\"twitter:data1\" content=\"R\u00e9dac. NEWS\" \/>\n\t<meta name=\"twitter:label2\" content=\"Dur\u00e9e de lecture estim\u00e9e\" \/>\n\t<meta name=\"twitter:data2\" content=\"1 minute\" \/>\n<script type=\"application\/ld+json\" class=\"yoast-schema-graph\">{\"@context\":\"https:\/\/schema.org\",\"@graph\":[{\"@type\":\"Article\",\"@id\":\"https:\/\/newsestlyonnais.fr\/site\/2017\/06\/15\/jonage-lusel-foot-3-de-la-finale-u13-du-groupement-vallee-du-rhone\/#article\",\"isPartOf\":{\"@id\":\"https:\/\/newsestlyonnais.fr\/site\/2017\/06\/15\/jonage-lusel-foot-3-de-la-finale-u13-du-groupement-vallee-du-rhone\/\"},\"author\":{\"name\":\"R\u00e9dac. NEWS\",\"@id\":\"https:\/\/newsestlyonnais.fr\/site\/#\/schema\/person\/3230d5615f390bb808365d673001e887\"},\"headline\":\"JONAGE | L&rsquo;USEL Foot 3\u00b0 de la finale U13 du groupement Vall\u00e9e du Rh\u00f4ne\",\"datePublished\":\"2017-06-15T12:12:47+00:00\",\"dateModified\":\"2020-11-03T08:13:51+00:00\",\"mainEntityOfPage\":{\"@id\":\"https:\/\/newsestlyonnais.fr\/site\/2017\/06\/15\/jonage-lusel-foot-3-de-la-finale-u13-du-groupement-vallee-du-rhone\/\"},\"wordCount\":147,\"commentCount\":0,\"publisher\":{\"@id\":\"https:\/\/newsestlyonnais.fr\/site\/#organization\"},\"articleSection\":[\"Foot | Futsal\",\"Foot | Rugby\",\"Jonage\"],\"inLanguage\":\"fr-FR\",\"potentialAction\":[{\"@type\":\"CommentAction\",\"name\":\"Comment\",\"target\":[\"https:\/\/newsestlyonnais.fr\/site\/2017\/06\/15\/jonage-lusel-foot-3-de-la-finale-u13-du-groupement-vallee-du-rhone\/#respond\"]}]},{\"@type\":\"WebPage\",\"@id\":\"https:\/\/newsestlyonnais.fr\/site\/2017\/06\/15\/jonage-lusel-foot-3-de-la-finale-u13-du-groupement-vallee-du-rhone\/\",\"url\":\"https:\/\/newsestlyonnais.fr\/site\/2017\/06\/15\/jonage-lusel-foot-3-de-la-finale-u13-du-groupement-vallee-du-rhone\/\",\"name\":\"JONAGE : Le club de l'USEL Foot 3\u00b0 de la finale U13 du groupement Vall\u00e9e du Rh\u00f4ne\",\"isPartOf\":{\"@id\":\"https:\/\/newsestlyonnais.fr\/site\/#website\"},\"datePublished\":\"2017-06-15T12:12:47+00:00\",\"dateModified\":\"2020-11-03T08:13:51+00:00\",\"description\":\"JONAGE : Le club de l'USEL Foot 3\u00b0 de la finale U13 du groupement Vall\u00e9e du Rh\u00f4ne\",\"breadcrumb\":{\"@id\":\"https:\/\/newsestlyonnais.fr\/site\/2017\/06\/15\/jonage-lusel-foot-3-de-la-finale-u13-du-groupement-vallee-du-rhone\/#breadcrumb\"},\"inLanguage\":\"fr-FR\",\"potentialAction\":[{\"@type\":\"ReadAction\",\"target\":[\"https:\/\/newsestlyonnais.fr\/site\/2017\/06\/15\/jonage-lusel-foot-3-de-la-finale-u13-du-groupement-vallee-du-rhone\/\"]}]},{\"@type\":\"BreadcrumbList\",\"@id\":\"https:\/\/newsestlyonnais.fr\/site\/2017\/06\/15\/jonage-lusel-foot-3-de-la-finale-u13-du-groupement-vallee-du-rhone\/#breadcrumb\",\"itemListElement\":[{\"@type\":\"ListItem\",\"position\":1,\"name\":\"Accueil\",\"item\":\"https:\/\/newsestlyonnais.fr\/site\/\"},{\"@type\":\"ListItem\",\"position\":2,\"name\":\"JONAGE | L&rsquo;USEL Foot 3\u00b0 de la finale U13 du groupement Vall\u00e9e du Rh\u00f4ne\"}]},{\"@type\":\"WebSite\",\"@id\":\"https:\/\/newsestlyonnais.fr\/site\/#website\",\"url\":\"https:\/\/newsestlyonnais.fr\/site\/\",\"name\":\"News Est Lyonnais\",\"description\":\"L&#039;actualit\u00e9 au plus pr\u00e8s\",\"publisher\":{\"@id\":\"https:\/\/newsestlyonnais.fr\/site\/#organization\"},\"potentialAction\":[{\"@type\":\"SearchAction\",\"target\":{\"@type\":\"EntryPoint\",\"urlTemplate\":\"https:\/\/newsestlyonnais.fr\/site\/?s={search_term_string}\"},\"query-input\":{\"@type\":\"PropertyValueSpecification\",\"valueRequired\":true,\"valueName\":\"search_term_string\"}}],\"inLanguage\":\"fr-FR\"},{\"@type\":\"Organization\",\"@id\":\"https:\/\/newsestlyonnais.fr\/site\/#organization\",\"name\":\"News EST LYONNAIS\",\"url\":\"https:\/\/newsestlyonnais.fr\/site\/\",\"logo\":{\"@type\":\"ImageObject\",\"inLanguage\":\"fr-FR\",\"@id\":\"https:\/\/newsestlyonnais.fr\/site\/#\/schema\/logo\/image\/\",\"url\":\"\",\"contentUrl\":\"\",\"caption\":\"News EST LYONNAIS\"},\"image\":{\"@id\":\"https:\/\/newsestlyonnais.fr\/site\/#\/schema\/logo\/image\/\"}},{\"@type\":\"Person\",\"@id\":\"https:\/\/newsestlyonnais.fr\/site\/#\/schema\/person\/3230d5615f390bb808365d673001e887\",\"name\":\"R\u00e9dac. NEWS\",\"sameAs\":[\"http:\/\/www.newsestlyonnais.fr\",\"https:\/\/www.facebook.com\/pascal.oberson.1?fref=ts\",\"https:\/\/fr.linkedin.com\/in\/pascal-oberson-b17045113\"],\"url\":\"https:\/\/newsestlyonnais.fr\/site\/author\/nel\/\"}]}<\/script>\n<!-- \/ Yoast SEO plugin. -->","yoast_head_json":{"title":"JONAGE : Le club de l'USEL Foot 3\u00b0 de la finale U13 du groupement Vall\u00e9e du Rh\u00f4ne","description":"JONAGE : Le club de l'USEL Foot 3\u00b0 de la finale U13 du groupement Vall\u00e9e du Rh\u00f4ne","robots":{"index":"index","follow":"follow","max-snippet":"max-snippet:-1","max-image-preview":"max-image-preview:large","max-video-preview":"max-video-preview:-1"},"canonical":"https:\/\/newsestlyonnais.fr\/site\/2017\/06\/15\/jonage-lusel-foot-3-de-la-finale-u13-du-groupement-vallee-du-rhone\/","og_locale":"fr_FR","og_type":"article","og_title":"JONAGE : Le club de l'USEL Foot 3\u00b0 de la finale U13 du groupement Vall\u00e9e du Rh\u00f4ne","og_description":"JONAGE : Le club de l'USEL Foot 3\u00b0 de la finale U13 du groupement Vall\u00e9e du Rh\u00f4ne","og_url":"https:\/\/newsestlyonnais.fr\/site\/2017\/06\/15\/jonage-lusel-foot-3-de-la-finale-u13-du-groupement-vallee-du-rhone\/","og_site_name":"News Est Lyonnais","article_author":"https:\/\/www.facebook.com\/pascal.oberson.1?fref=ts","article_published_time":"2017-06-15T12:12:47+00:00","article_modified_time":"2020-11-03T08:13:51+00:00","author":"R\u00e9dac. NEWS","twitter_card":"summary_large_image","twitter_misc":{"\u00c9crit par":"R\u00e9dac. NEWS","Dur\u00e9e de lecture estim\u00e9e":"1 minute"},"schema":{"@context":"https:\/\/schema.org","@graph":[{"@type":"Article","@id":"https:\/\/newsestlyonnais.fr\/site\/2017\/06\/15\/jonage-lusel-foot-3-de-la-finale-u13-du-groupement-vallee-du-rhone\/#article","isPartOf":{"@id":"https:\/\/newsestlyonnais.fr\/site\/2017\/06\/15\/jonage-lusel-foot-3-de-la-finale-u13-du-groupement-vallee-du-rhone\/"},"author":{"name":"R\u00e9dac. NEWS","@id":"https:\/\/newsestlyonnais.fr\/site\/#\/schema\/person\/3230d5615f390bb808365d673001e887"},"headline":"JONAGE | L&rsquo;USEL Foot 3\u00b0 de la finale U13 du groupement Vall\u00e9e du Rh\u00f4ne","datePublished":"2017-06-15T12:12:47+00:00","dateModified":"2020-11-03T08:13:51+00:00","mainEntityOfPage":{"@id":"https:\/\/newsestlyonnais.fr\/site\/2017\/06\/15\/jonage-lusel-foot-3-de-la-finale-u13-du-groupement-vallee-du-rhone\/"},"wordCount":147,"commentCount":0,"publisher":{"@id":"https:\/\/newsestlyonnais.fr\/site\/#organization"},"articleSection":["Foot | Futsal","Foot | Rugby","Jonage"],"inLanguage":"fr-FR","potentialAction":[{"@type":"CommentAction","name":"Comment","target":["https:\/\/newsestlyonnais.fr\/site\/2017\/06\/15\/jonage-lusel-foot-3-de-la-finale-u13-du-groupement-vallee-du-rhone\/#respond"]}]},{"@type":"WebPage","@id":"https:\/\/newsestlyonnais.fr\/site\/2017\/06\/15\/jonage-lusel-foot-3-de-la-finale-u13-du-groupement-vallee-du-rhone\/","url":"https:\/\/newsestlyonnais.fr\/site\/2017\/06\/15\/jonage-lusel-foot-3-de-la-finale-u13-du-groupement-vallee-du-rhone\/","name":"JONAGE : Le club de l'USEL Foot 3\u00b0 de la finale U13 du groupement Vall\u00e9e du Rh\u00f4ne","isPartOf":{"@id":"https:\/\/newsestlyonnais.fr\/site\/#website"},"datePublished":"2017-06-15T12:12:47+00:00","dateModified":"2020-11-03T08:13:51+00:00","description":"JONAGE : Le club de l'USEL Foot 3\u00b0 de la finale U13 du groupement Vall\u00e9e du Rh\u00f4ne","breadcrumb":{"@id":"https:\/\/newsestlyonnais.fr\/site\/2017\/06\/15\/jonage-lusel-foot-3-de-la-finale-u13-du-groupement-vallee-du-rhone\/#breadcrumb"},"inLanguage":"fr-FR","potentialAction":[{"@type":"ReadAction","target":["https:\/\/newsestlyonnais.fr\/site\/2017\/06\/15\/jonage-lusel-foot-3-de-la-finale-u13-du-groupement-vallee-du-rhone\/"]}]},{"@type":"BreadcrumbList","@id":"https:\/\/newsestlyonnais.fr\/site\/2017\/06\/15\/jonage-lusel-foot-3-de-la-finale-u13-du-groupement-vallee-du-rhone\/#breadcrumb","itemListElement":[{"@type":"ListItem","position":1,"name":"Accueil","item":"https:\/\/newsestlyonnais.fr\/site\/"},{"@type":"ListItem","position":2,"name":"JONAGE | L&rsquo;USEL Foot 3\u00b0 de la finale U13 du groupement Vall\u00e9e du Rh\u00f4ne"}]},{"@type":"WebSite","@id":"https:\/\/newsestlyonnais.fr\/site\/#website","url":"https:\/\/newsestlyonnais.fr\/site\/","name":"News Est Lyonnais","description":"L&#039;actualit\u00e9 au plus pr\u00e8s","publisher":{"@id":"https:\/\/newsestlyonnais.fr\/site\/#organization"},"potentialAction":[{"@type":"SearchAction","target":{"@type":"EntryPoint","urlTemplate":"https:\/\/newsestlyonnais.fr\/site\/?s={search_term_string}"},"query-input":{"@type":"PropertyValueSpecification","valueRequired":true,"valueName":"search_term_string"}}],"inLanguage":"fr-FR"},{"@type":"Organization","@id":"https:\/\/newsestlyonnais.fr\/site\/#organization","name":"News EST LYONNAIS","url":"https:\/\/newsestlyonnais.fr\/site\/","logo":{"@type":"ImageObject","inLanguage":"fr-FR","@id":"https:\/\/newsestlyonnais.fr\/site\/#\/schema\/logo\/image\/","url":"","contentUrl":"","caption":"News EST LYONNAIS"},"image":{"@id":"https:\/\/newsestlyonnais.fr\/site\/#\/schema\/logo\/image\/"}},{"@type":"Person","@id":"https:\/\/newsestlyonnais.fr\/site\/#\/schema\/person\/3230d5615f390bb808365d673001e887","name":"R\u00e9dac. NEWS","sameAs":["http:\/\/www.newsestlyonnais.fr","https:\/\/www.facebook.com\/pascal.oberson.1?fref=ts","https:\/\/fr.linkedin.com\/in\/pascal-oberson-b17045113"],"url":"https:\/\/newsestlyonnais.fr\/site\/author\/nel\/"}]}},"_links":{"self":[{"href":"https:\/\/newsestlyonnais.fr\/site\/wp-json\/wp\/v2\/posts\/29441","targetHints":{"allow":["GET"]}}],"collection":[{"href":"https:\/\/newsestlyonnais.fr\/site\/wp-json\/wp\/v2\/posts"}],"about":[{"href":"https:\/\/newsestlyonnais.fr\/site\/wp-json\/wp\/v2\/types\/post"}],"author":[{"embeddable":true,"href":"https:\/\/newsestlyonnais.fr\/site\/wp-json\/wp\/v2\/users\/4"}],"replies":[{"embeddable":true,"href":"https:\/\/newsestlyonnais.fr\/site\/wp-json\/wp\/v2\/comments?post=29441"}],"version-history":[{"count":0,"href":"https:\/\/newsestlyonnais.fr\/site\/wp-json\/wp\/v2\/posts\/29441\/revisions"}],"wp:attachment":[{"href":"https:\/\/newsestlyonnais.fr\/site\/wp-json\/wp\/v2\/media?parent=29441"}],"wp:term":[{"taxonomy":"category","embeddable":true,"href":"https:\/\/newsestlyonnais.fr\/site\/wp-json\/wp\/v2\/categories?post=29441"},{"taxonomy":"post_tag","embeddable":true,"href":"https:\/\/newsestlyonnais.fr\/site\/wp-json\/wp\/v2\/tags?post=29441"}],"curies":[{"name":"wp","href":"https:\/\/api.w.org\/{rel}","templated":true}]}}