{"id":29807,"date":"2017-06-19T07:51:45","date_gmt":"2017-06-19T06:51:45","guid":{"rendered":"http:\/\/newsestlyonnais.fr\/site\/?p=29807"},"modified":"2020-11-06T10:56:32","modified_gmt":"2020-11-06T09:56:32","slug":"venissieux-de-nouveaux-3-4-dan-de-karate-sen-no-sen","status":"publish","type":"post","link":"https:\/\/newsestlyonnais.fr\/site\/2017\/06\/19\/venissieux-de-nouveaux-3-4-dan-de-karate-sen-no-sen\/","title":{"rendered":"VENISSIEUX | De nouveaux 3\u00b0 et 4\u00b0 dan de karat\u00e9 au Sen No Sen"},"content":{"rendered":"<h4 class=\"ox-54cf8661eb-MsoNormal\">Ce week-end, \u00e0 Saint Etienne de Crossey en Is\u00e8re, se d\u00e9roulaient les passages de grades des 3\u00b0 et 4\u00b0 dan, examen o\u00f9 le Sen No Sen Karat\u00e9 V\u00e9nissieux pr\u00e9sentait 5 candidats qui ont tous r\u00e9ussi.<\/h4>\n<p class=\"ox-54cf8661eb-MsoNormal\"><strong>Gr\u00e9gory Lerebourg<\/strong> et <strong>Ghislaine Barbin<\/strong> ont obtenu le 3\u00b0 dan, <strong>Madjid Nekoul<\/strong>, <strong>St\u00e9phane Gothuey<\/strong> et <strong>Giovanni Arianiello<\/strong> (entraineur au KBC Albigny, venu au Sen No Sen pour pr\u00e9parer ce grade) ont obtenu le 4\u00b0 dan.<\/p>\n<p class=\"ox-54cf8661eb-MsoNormal\">\u00a0\u00bb Cela vient cl\u00f4turer une saison faste pour le club v\u00e9nissian puisque Djamel Bezriche avait obtenu son 7\u00b0 dan en janvier et Herv\u00e9 Duranton son 5\u00b0 dan en mai dernier. La saison est presque termin\u00e9e au Sen No Sen Karat\u00e9 V\u00e9nissieux, qui sera pr\u00e9sent samedi prochain \u00e0 F\u00eate du Sport et de la Jeunesse et \u00e0 cette occasion, fera une d\u00e9monstration de Karat\u00e9 traditionnel et de Karat\u00e9 D\u00e9fense Training. Cette derni\u00e8re discipline sera enseign\u00e9e au sein du club \u00e0 partir de la saison prochaine. Il s\u2019agit d\u2019une m\u00e9thode de d\u00e9fense issue de l\u2019exp\u00e9rience de la pratique du karat\u00e9 et de son efficacit\u00e9 d\u00e9velopp\u00e9e notamment par Bernard Bilicki (9\u00b0 dan de karat\u00e9). Elle est\u00a0constitu\u00e9e de\u00a0plusieurs modules\u00a0: percussions, action\/r\u00e9action et mise en situation et amen\u00e9 au sol\u00a0\u00bb confie sa pr\u00e9sidente Ghislaine Barbin.<\/p>\n<ul>\n<li class=\"ox-54cf8661eb-MsoNormal\">La saison se cl\u00f4turera dimanche 25 juin par les passages de grades au sein du club pour tous les adh\u00e9rents.<\/li>\n<\/ul>\n<p class=\"ox-54cf8661eb-MsoNormal\"><em>PHOTOS<\/em>: Les nouveaux grad\u00e9s avec Djamel Bezriche<\/p>\n<p class=\"ox-54cf8661eb-MsoNormal\"><img loading=\"lazy\" decoding=\"async\" class=\"alignleft size-full wp-image-29811\" src=\"https:\/\/newsestlyonnais.fr\/site\/medias\/2017\/06\/NEWSESTLYONNAIS-SEN-NO-SEN-GRADE01.jpg\" alt=\"NEWSESTLYONNAIS - SEN NO SEN GRADE01\" width=\"1000\" height=\"750\" srcset=\"https:\/\/newsestlyonnais.fr\/site\/wp-content\/uploads\/2017\/06\/NEWSESTLYONNAIS-SEN-NO-SEN-GRADE01.jpg 1000w, https:\/\/newsestlyonnais.fr\/site\/wp-content\/uploads\/2017\/06\/NEWSESTLYONNAIS-SEN-NO-SEN-GRADE01-400x300.jpg 400w, https:\/\/newsestlyonnais.fr\/site\/wp-content\/uploads\/2017\/06\/NEWSESTLYONNAIS-SEN-NO-SEN-GRADE01-768x576.jpg 768w, https:\/\/newsestlyonnais.fr\/site\/wp-content\/uploads\/2017\/06\/NEWSESTLYONNAIS-SEN-NO-SEN-GRADE01-600x450.jpg 600w, https:\/\/newsestlyonnais.fr\/site\/wp-content\/uploads\/2017\/06\/NEWSESTLYONNAIS-SEN-NO-SEN-GRADE01-100x75.jpg 100w\" sizes=\"auto, (max-width: 1000px) 100vw, 1000px\" \/><\/p>\n","protected":false},"excerpt":{"rendered":"<p>Ce week-end, \u00e0 Saint Etienne de Crossey en Is\u00e8re, se d\u00e9roulaient les passages de grades des 3\u00b0 et 4\u00b0 dan, examen o\u00f9 le Sen No Sen Karat\u00e9 V\u00e9nissieux pr\u00e9sentait 5 candidats qui ont tous r\u00e9ussi. Gr\u00e9gory Lerebourg et Ghislaine Barbin ont obtenu le 3\u00b0 dan, Madjid Nekoul, St\u00e9phane Gothuey et Giovanni Arianiello (entraineur au KBC [&hellip;]<\/p>\n","protected":false},"author":4,"featured_media":29810,"comment_status":"open","ping_status":"open","sticky":false,"template":"","format":"standard","meta":{"footnotes":""},"categories":[1353,2,1298],"tags":[],"class_list":["post-29807","post","type-post","status-publish","format-standard","has-post-thumbnail","hentry","category-karate","category-sports","category-venissieux"],"yoast_head":"<!-- This site is optimized with the Yoast SEO plugin v27.2 - https:\/\/yoast.com\/product\/yoast-seo-wordpress\/ -->\n<title>VENISSIEUX : De nouveaux 3\u00b0 et 4\u00b0 dan de karat\u00e9 au Sen No Sen<\/title>\n<meta name=\"description\" content=\"VENISSIEUX : De nouveaux 3\u00b0 et 4\u00b0 dan de karat\u00e9 au Sen No Sen\" \/>\n<meta name=\"robots\" content=\"index, follow, max-snippet:-1, max-image-preview:large, max-video-preview:-1\" \/>\n<link rel=\"canonical\" href=\"https:\/\/newsestlyonnais.fr\/site\/2017\/06\/19\/venissieux-de-nouveaux-3-4-dan-de-karate-sen-no-sen\/\" \/>\n<meta property=\"og:locale\" content=\"fr_FR\" \/>\n<meta property=\"og:type\" content=\"article\" \/>\n<meta property=\"og:title\" content=\"VENISSIEUX : De nouveaux 3\u00b0 et 4\u00b0 dan de karat\u00e9 au Sen No Sen\" \/>\n<meta property=\"og:description\" content=\"VENISSIEUX : De nouveaux 3\u00b0 et 4\u00b0 dan de karat\u00e9 au Sen No Sen\" \/>\n<meta property=\"og:url\" content=\"https:\/\/newsestlyonnais.fr\/site\/2017\/06\/19\/venissieux-de-nouveaux-3-4-dan-de-karate-sen-no-sen\/\" \/>\n<meta property=\"og:site_name\" content=\"News Est Lyonnais\" \/>\n<meta property=\"article:author\" content=\"https:\/\/www.facebook.com\/pascal.oberson.1?fref=ts\" \/>\n<meta property=\"article:published_time\" content=\"2017-06-19T06:51:45+00:00\" \/>\n<meta property=\"article:modified_time\" content=\"2020-11-06T09:56:32+00:00\" \/>\n<meta property=\"og:image\" content=\"https:\/\/i2.wp.com\/newsestlyonnais.fr\/site\/wp-content\/uploads\/2017\/06\/NEWSESTLYONNAIS-SEN-NO-SEN-GRADE-02.jpg?fit=1000%2C750&ssl=1\" \/>\n\t<meta property=\"og:image:width\" content=\"1000\" \/>\n\t<meta property=\"og:image:height\" content=\"750\" \/>\n\t<meta property=\"og:image:type\" content=\"image\/jpeg\" \/>\n<meta name=\"author\" content=\"R\u00e9dac. NEWS\" \/>\n<meta name=\"twitter:card\" content=\"summary_large_image\" \/>\n<meta name=\"twitter:label1\" content=\"\u00c9crit par\" \/>\n\t<meta name=\"twitter:data1\" content=\"R\u00e9dac. NEWS\" \/>\n\t<meta name=\"twitter:label2\" content=\"Dur\u00e9e de lecture estim\u00e9e\" \/>\n\t<meta name=\"twitter:data2\" content=\"1 minute\" \/>\n<script type=\"application\/ld+json\" class=\"yoast-schema-graph\">{\"@context\":\"https:\/\/schema.org\",\"@graph\":[{\"@type\":\"Article\",\"@id\":\"https:\/\/newsestlyonnais.fr\/site\/2017\/06\/19\/venissieux-de-nouveaux-3-4-dan-de-karate-sen-no-sen\/#article\",\"isPartOf\":{\"@id\":\"https:\/\/newsestlyonnais.fr\/site\/2017\/06\/19\/venissieux-de-nouveaux-3-4-dan-de-karate-sen-no-sen\/\"},\"author\":{\"name\":\"R\u00e9dac. NEWS\",\"@id\":\"https:\/\/newsestlyonnais.fr\/site\/#\/schema\/person\/3230d5615f390bb808365d673001e887\"},\"headline\":\"VENISSIEUX | De nouveaux 3\u00b0 et 4\u00b0 dan de karat\u00e9 au Sen No Sen\",\"datePublished\":\"2017-06-19T06:51:45+00:00\",\"dateModified\":\"2020-11-06T09:56:32+00:00\",\"mainEntityOfPage\":{\"@id\":\"https:\/\/newsestlyonnais.fr\/site\/2017\/06\/19\/venissieux-de-nouveaux-3-4-dan-de-karate-sen-no-sen\/\"},\"wordCount\":259,\"commentCount\":0,\"publisher\":{\"@id\":\"https:\/\/newsestlyonnais.fr\/site\/#organization\"},\"image\":{\"@id\":\"https:\/\/newsestlyonnais.fr\/site\/2017\/06\/19\/venissieux-de-nouveaux-3-4-dan-de-karate-sen-no-sen\/#primaryimage\"},\"thumbnailUrl\":\"https:\/\/newsestlyonnais.fr\/site\/wp-content\/uploads\/2017\/06\/NEWSESTLYONNAIS-SEN-NO-SEN-GRADE-02.jpg\",\"articleSection\":[\"Karat\u00e9\",\"Sports\",\"V\u00e9nissieux\"],\"inLanguage\":\"fr-FR\",\"potentialAction\":[{\"@type\":\"CommentAction\",\"name\":\"Comment\",\"target\":[\"https:\/\/newsestlyonnais.fr\/site\/2017\/06\/19\/venissieux-de-nouveaux-3-4-dan-de-karate-sen-no-sen\/#respond\"]}]},{\"@type\":\"WebPage\",\"@id\":\"https:\/\/newsestlyonnais.fr\/site\/2017\/06\/19\/venissieux-de-nouveaux-3-4-dan-de-karate-sen-no-sen\/\",\"url\":\"https:\/\/newsestlyonnais.fr\/site\/2017\/06\/19\/venissieux-de-nouveaux-3-4-dan-de-karate-sen-no-sen\/\",\"name\":\"VENISSIEUX : De nouveaux 3\u00b0 et 4\u00b0 dan de karat\u00e9 au Sen No Sen\",\"isPartOf\":{\"@id\":\"https:\/\/newsestlyonnais.fr\/site\/#website\"},\"primaryImageOfPage\":{\"@id\":\"https:\/\/newsestlyonnais.fr\/site\/2017\/06\/19\/venissieux-de-nouveaux-3-4-dan-de-karate-sen-no-sen\/#primaryimage\"},\"image\":{\"@id\":\"https:\/\/newsestlyonnais.fr\/site\/2017\/06\/19\/venissieux-de-nouveaux-3-4-dan-de-karate-sen-no-sen\/#primaryimage\"},\"thumbnailUrl\":\"https:\/\/newsestlyonnais.fr\/site\/wp-content\/uploads\/2017\/06\/NEWSESTLYONNAIS-SEN-NO-SEN-GRADE-02.jpg\",\"datePublished\":\"2017-06-19T06:51:45+00:00\",\"dateModified\":\"2020-11-06T09:56:32+00:00\",\"description\":\"VENISSIEUX : De nouveaux 3\u00b0 et 4\u00b0 dan de karat\u00e9 au Sen No Sen\",\"breadcrumb\":{\"@id\":\"https:\/\/newsestlyonnais.fr\/site\/2017\/06\/19\/venissieux-de-nouveaux-3-4-dan-de-karate-sen-no-sen\/#breadcrumb\"},\"inLanguage\":\"fr-FR\",\"potentialAction\":[{\"@type\":\"ReadAction\",\"target\":[\"https:\/\/newsestlyonnais.fr\/site\/2017\/06\/19\/venissieux-de-nouveaux-3-4-dan-de-karate-sen-no-sen\/\"]}]},{\"@type\":\"ImageObject\",\"inLanguage\":\"fr-FR\",\"@id\":\"https:\/\/newsestlyonnais.fr\/site\/2017\/06\/19\/venissieux-de-nouveaux-3-4-dan-de-karate-sen-no-sen\/#primaryimage\",\"url\":\"https:\/\/newsestlyonnais.fr\/site\/wp-content\/uploads\/2017\/06\/NEWSESTLYONNAIS-SEN-NO-SEN-GRADE-02.jpg\",\"contentUrl\":\"https:\/\/newsestlyonnais.fr\/site\/wp-content\/uploads\/2017\/06\/NEWSESTLYONNAIS-SEN-NO-SEN-GRADE-02.jpg\",\"width\":1000,\"height\":750,\"caption\":\"NEWSESTLYONNAIS - SEN NO SEN - GRADE 02\"},{\"@type\":\"BreadcrumbList\",\"@id\":\"https:\/\/newsestlyonnais.fr\/site\/2017\/06\/19\/venissieux-de-nouveaux-3-4-dan-de-karate-sen-no-sen\/#breadcrumb\",\"itemListElement\":[{\"@type\":\"ListItem\",\"position\":1,\"name\":\"Accueil\",\"item\":\"https:\/\/newsestlyonnais.fr\/site\/\"},{\"@type\":\"ListItem\",\"position\":2,\"name\":\"VENISSIEUX | De nouveaux 3\u00b0 et 4\u00b0 dan de karat\u00e9 au Sen No Sen\"}]},{\"@type\":\"WebSite\",\"@id\":\"https:\/\/newsestlyonnais.fr\/site\/#website\",\"url\":\"https:\/\/newsestlyonnais.fr\/site\/\",\"name\":\"News Est Lyonnais\",\"description\":\"L&#039;actualit\u00e9 au plus pr\u00e8s\",\"publisher\":{\"@id\":\"https:\/\/newsestlyonnais.fr\/site\/#organization\"},\"potentialAction\":[{\"@type\":\"SearchAction\",\"target\":{\"@type\":\"EntryPoint\",\"urlTemplate\":\"https:\/\/newsestlyonnais.fr\/site\/?s={search_term_string}\"},\"query-input\":{\"@type\":\"PropertyValueSpecification\",\"valueRequired\":true,\"valueName\":\"search_term_string\"}}],\"inLanguage\":\"fr-FR\"},{\"@type\":\"Organization\",\"@id\":\"https:\/\/newsestlyonnais.fr\/site\/#organization\",\"name\":\"News EST LYONNAIS\",\"url\":\"https:\/\/newsestlyonnais.fr\/site\/\",\"logo\":{\"@type\":\"ImageObject\",\"inLanguage\":\"fr-FR\",\"@id\":\"https:\/\/newsestlyonnais.fr\/site\/#\/schema\/logo\/image\/\",\"url\":\"\",\"contentUrl\":\"\",\"caption\":\"News EST LYONNAIS\"},\"image\":{\"@id\":\"https:\/\/newsestlyonnais.fr\/site\/#\/schema\/logo\/image\/\"}},{\"@type\":\"Person\",\"@id\":\"https:\/\/newsestlyonnais.fr\/site\/#\/schema\/person\/3230d5615f390bb808365d673001e887\",\"name\":\"R\u00e9dac. NEWS\",\"sameAs\":[\"http:\/\/www.newsestlyonnais.fr\",\"https:\/\/www.facebook.com\/pascal.oberson.1?fref=ts\",\"https:\/\/fr.linkedin.com\/in\/pascal-oberson-b17045113\"],\"url\":\"https:\/\/newsestlyonnais.fr\/site\/author\/nel\/\"}]}<\/script>\n<!-- \/ Yoast SEO plugin. -->","yoast_head_json":{"title":"VENISSIEUX : De nouveaux 3\u00b0 et 4\u00b0 dan de karat\u00e9 au Sen No Sen","description":"VENISSIEUX : De nouveaux 3\u00b0 et 4\u00b0 dan de karat\u00e9 au Sen No Sen","robots":{"index":"index","follow":"follow","max-snippet":"max-snippet:-1","max-image-preview":"max-image-preview:large","max-video-preview":"max-video-preview:-1"},"canonical":"https:\/\/newsestlyonnais.fr\/site\/2017\/06\/19\/venissieux-de-nouveaux-3-4-dan-de-karate-sen-no-sen\/","og_locale":"fr_FR","og_type":"article","og_title":"VENISSIEUX : De nouveaux 3\u00b0 et 4\u00b0 dan de karat\u00e9 au Sen No Sen","og_description":"VENISSIEUX : De nouveaux 3\u00b0 et 4\u00b0 dan de karat\u00e9 au Sen No Sen","og_url":"https:\/\/newsestlyonnais.fr\/site\/2017\/06\/19\/venissieux-de-nouveaux-3-4-dan-de-karate-sen-no-sen\/","og_site_name":"News Est Lyonnais","article_author":"https:\/\/www.facebook.com\/pascal.oberson.1?fref=ts","article_published_time":"2017-06-19T06:51:45+00:00","article_modified_time":"2020-11-06T09:56:32+00:00","og_image":[{"width":1000,"height":750,"url":"https:\/\/i2.wp.com\/newsestlyonnais.fr\/site\/wp-content\/uploads\/2017\/06\/NEWSESTLYONNAIS-SEN-NO-SEN-GRADE-02.jpg?fit=1000%2C750&ssl=1","type":"image\/jpeg"}],"author":"R\u00e9dac. NEWS","twitter_card":"summary_large_image","twitter_misc":{"\u00c9crit par":"R\u00e9dac. NEWS","Dur\u00e9e de lecture estim\u00e9e":"1 minute"},"schema":{"@context":"https:\/\/schema.org","@graph":[{"@type":"Article","@id":"https:\/\/newsestlyonnais.fr\/site\/2017\/06\/19\/venissieux-de-nouveaux-3-4-dan-de-karate-sen-no-sen\/#article","isPartOf":{"@id":"https:\/\/newsestlyonnais.fr\/site\/2017\/06\/19\/venissieux-de-nouveaux-3-4-dan-de-karate-sen-no-sen\/"},"author":{"name":"R\u00e9dac. NEWS","@id":"https:\/\/newsestlyonnais.fr\/site\/#\/schema\/person\/3230d5615f390bb808365d673001e887"},"headline":"VENISSIEUX | De nouveaux 3\u00b0 et 4\u00b0 dan de karat\u00e9 au Sen No Sen","datePublished":"2017-06-19T06:51:45+00:00","dateModified":"2020-11-06T09:56:32+00:00","mainEntityOfPage":{"@id":"https:\/\/newsestlyonnais.fr\/site\/2017\/06\/19\/venissieux-de-nouveaux-3-4-dan-de-karate-sen-no-sen\/"},"wordCount":259,"commentCount":0,"publisher":{"@id":"https:\/\/newsestlyonnais.fr\/site\/#organization"},"image":{"@id":"https:\/\/newsestlyonnais.fr\/site\/2017\/06\/19\/venissieux-de-nouveaux-3-4-dan-de-karate-sen-no-sen\/#primaryimage"},"thumbnailUrl":"https:\/\/newsestlyonnais.fr\/site\/wp-content\/uploads\/2017\/06\/NEWSESTLYONNAIS-SEN-NO-SEN-GRADE-02.jpg","articleSection":["Karat\u00e9","Sports","V\u00e9nissieux"],"inLanguage":"fr-FR","potentialAction":[{"@type":"CommentAction","name":"Comment","target":["https:\/\/newsestlyonnais.fr\/site\/2017\/06\/19\/venissieux-de-nouveaux-3-4-dan-de-karate-sen-no-sen\/#respond"]}]},{"@type":"WebPage","@id":"https:\/\/newsestlyonnais.fr\/site\/2017\/06\/19\/venissieux-de-nouveaux-3-4-dan-de-karate-sen-no-sen\/","url":"https:\/\/newsestlyonnais.fr\/site\/2017\/06\/19\/venissieux-de-nouveaux-3-4-dan-de-karate-sen-no-sen\/","name":"VENISSIEUX : De nouveaux 3\u00b0 et 4\u00b0 dan de karat\u00e9 au Sen No Sen","isPartOf":{"@id":"https:\/\/newsestlyonnais.fr\/site\/#website"},"primaryImageOfPage":{"@id":"https:\/\/newsestlyonnais.fr\/site\/2017\/06\/19\/venissieux-de-nouveaux-3-4-dan-de-karate-sen-no-sen\/#primaryimage"},"image":{"@id":"https:\/\/newsestlyonnais.fr\/site\/2017\/06\/19\/venissieux-de-nouveaux-3-4-dan-de-karate-sen-no-sen\/#primaryimage"},"thumbnailUrl":"https:\/\/newsestlyonnais.fr\/site\/wp-content\/uploads\/2017\/06\/NEWSESTLYONNAIS-SEN-NO-SEN-GRADE-02.jpg","datePublished":"2017-06-19T06:51:45+00:00","dateModified":"2020-11-06T09:56:32+00:00","description":"VENISSIEUX : De nouveaux 3\u00b0 et 4\u00b0 dan de karat\u00e9 au Sen No Sen","breadcrumb":{"@id":"https:\/\/newsestlyonnais.fr\/site\/2017\/06\/19\/venissieux-de-nouveaux-3-4-dan-de-karate-sen-no-sen\/#breadcrumb"},"inLanguage":"fr-FR","potentialAction":[{"@type":"ReadAction","target":["https:\/\/newsestlyonnais.fr\/site\/2017\/06\/19\/venissieux-de-nouveaux-3-4-dan-de-karate-sen-no-sen\/"]}]},{"@type":"ImageObject","inLanguage":"fr-FR","@id":"https:\/\/newsestlyonnais.fr\/site\/2017\/06\/19\/venissieux-de-nouveaux-3-4-dan-de-karate-sen-no-sen\/#primaryimage","url":"https:\/\/newsestlyonnais.fr\/site\/wp-content\/uploads\/2017\/06\/NEWSESTLYONNAIS-SEN-NO-SEN-GRADE-02.jpg","contentUrl":"https:\/\/newsestlyonnais.fr\/site\/wp-content\/uploads\/2017\/06\/NEWSESTLYONNAIS-SEN-NO-SEN-GRADE-02.jpg","width":1000,"height":750,"caption":"NEWSESTLYONNAIS - SEN NO SEN - GRADE 02"},{"@type":"BreadcrumbList","@id":"https:\/\/newsestlyonnais.fr\/site\/2017\/06\/19\/venissieux-de-nouveaux-3-4-dan-de-karate-sen-no-sen\/#breadcrumb","itemListElement":[{"@type":"ListItem","position":1,"name":"Accueil","item":"https:\/\/newsestlyonnais.fr\/site\/"},{"@type":"ListItem","position":2,"name":"VENISSIEUX | De nouveaux 3\u00b0 et 4\u00b0 dan de karat\u00e9 au Sen No Sen"}]},{"@type":"WebSite","@id":"https:\/\/newsestlyonnais.fr\/site\/#website","url":"https:\/\/newsestlyonnais.fr\/site\/","name":"News Est Lyonnais","description":"L&#039;actualit\u00e9 au plus pr\u00e8s","publisher":{"@id":"https:\/\/newsestlyonnais.fr\/site\/#organization"},"potentialAction":[{"@type":"SearchAction","target":{"@type":"EntryPoint","urlTemplate":"https:\/\/newsestlyonnais.fr\/site\/?s={search_term_string}"},"query-input":{"@type":"PropertyValueSpecification","valueRequired":true,"valueName":"search_term_string"}}],"inLanguage":"fr-FR"},{"@type":"Organization","@id":"https:\/\/newsestlyonnais.fr\/site\/#organization","name":"News EST LYONNAIS","url":"https:\/\/newsestlyonnais.fr\/site\/","logo":{"@type":"ImageObject","inLanguage":"fr-FR","@id":"https:\/\/newsestlyonnais.fr\/site\/#\/schema\/logo\/image\/","url":"","contentUrl":"","caption":"News EST LYONNAIS"},"image":{"@id":"https:\/\/newsestlyonnais.fr\/site\/#\/schema\/logo\/image\/"}},{"@type":"Person","@id":"https:\/\/newsestlyonnais.fr\/site\/#\/schema\/person\/3230d5615f390bb808365d673001e887","name":"R\u00e9dac. NEWS","sameAs":["http:\/\/www.newsestlyonnais.fr","https:\/\/www.facebook.com\/pascal.oberson.1?fref=ts","https:\/\/fr.linkedin.com\/in\/pascal-oberson-b17045113"],"url":"https:\/\/newsestlyonnais.fr\/site\/author\/nel\/"}]}},"_links":{"self":[{"href":"https:\/\/newsestlyonnais.fr\/site\/wp-json\/wp\/v2\/posts\/29807","targetHints":{"allow":["GET"]}}],"collection":[{"href":"https:\/\/newsestlyonnais.fr\/site\/wp-json\/wp\/v2\/posts"}],"about":[{"href":"https:\/\/newsestlyonnais.fr\/site\/wp-json\/wp\/v2\/types\/post"}],"author":[{"embeddable":true,"href":"https:\/\/newsestlyonnais.fr\/site\/wp-json\/wp\/v2\/users\/4"}],"replies":[{"embeddable":true,"href":"https:\/\/newsestlyonnais.fr\/site\/wp-json\/wp\/v2\/comments?post=29807"}],"version-history":[{"count":0,"href":"https:\/\/newsestlyonnais.fr\/site\/wp-json\/wp\/v2\/posts\/29807\/revisions"}],"wp:featuredmedia":[{"embeddable":true,"href":"https:\/\/newsestlyonnais.fr\/site\/wp-json\/wp\/v2\/media\/29810"}],"wp:attachment":[{"href":"https:\/\/newsestlyonnais.fr\/site\/wp-json\/wp\/v2\/media?parent=29807"}],"wp:term":[{"taxonomy":"category","embeddable":true,"href":"https:\/\/newsestlyonnais.fr\/site\/wp-json\/wp\/v2\/categories?post=29807"},{"taxonomy":"post_tag","embeddable":true,"href":"https:\/\/newsestlyonnais.fr\/site\/wp-json\/wp\/v2\/tags?post=29807"}],"curies":[{"name":"wp","href":"https:\/\/api.w.org\/{rel}","templated":true}]}}