{"id":29824,"date":"2017-06-19T13:19:04","date_gmt":"2017-06-19T12:19:04","guid":{"rendered":"http:\/\/newsestlyonnais.fr\/site\/?p=29824"},"modified":"2020-05-29T15:43:55","modified_gmt":"2020-05-29T14:43:55","slug":"vaulx-en-velin-une-quarantaine-de-kayakistes-a-la-coupe-des-jeunes","status":"publish","type":"post","link":"https:\/\/newsestlyonnais.fr\/site\/2017\/06\/19\/vaulx-en-velin-une-quarantaine-de-kayakistes-a-la-coupe-des-jeunes\/","title":{"rendered":"VAULX-EN-VELIN | Une quarantaine de kayakistes \u00e0 la Coupe des jeunes"},"content":{"rendered":"<p>En cette belle journ\u00e9e ensoleill\u00e9e, cette comp\u00e9tition s&rsquo;est d\u00e9roul\u00e9e sur le lac de Miribel-Jonage.<\/p>\n<p>De jeunes kayakistes prometteurs des cat\u00e9gories Poussins \u00e0 Cadets (de 7 \u00e0 14 ans en moyenne) se sont affront\u00e9s en kayak ou en cano\u00eb, sur un parcours slalom\u00e9 de 18 portes dans lesquelles il fallait passer sans les toucher ou les rater, sous peine de p\u00e9nalit\u00e9s exprim\u00e9s en secondes rajout\u00e9es au temps de course.<\/p>\n<p>Une course durant en moyenne entre 1\u201930\u2019\u2019 et 2\u2019 , les comp\u00e9titeurs r\u00e9alisant 2 manches, les r\u00e9sultats prennant en compte la meilleure de leurs 2 manches.<\/p>\n<p>Cinq clubs de toute la r\u00e9gion, une quarantaine de jeunes kayakistes, sont donc venu concourir sur ce parcours mont\u00e9 par le club de Vaulx-en-Velin, comp\u00e9titeurs et organisateurs de comp\u00e9titions depuis de nombreuses ann\u00e9es.<\/p>\n<p>A retenir, les tr\u00e8s belles performances au temps scratch (meilleur temps de la course), de la kayakiste Adeline Roux en 84 secondes seulement (cat\u00e9gorie cadette, club d\u2019Oyonnax), et de Baptiste Gaillard en 89 secondes (cat\u00e9gorie minime homme, club de St Maurice de Gourdans).<\/p>\n<p>\u00a0\u00bb Ce fut une journ\u00e9e sous le signe du soleil, de la bonne humeur, et de performances remarquables ! Cette comp\u00e9tition sera \u00e0 nouveau \u00e0 l\u2019ordre du jour en juin 2018. confie <em>Rapha\u00eblle Hovine, secr\u00e9taire du club de cano\u00eb kayak de Vaulx en Velin<\/em><\/p>\n<p>&#8212;&#8212;&#8212;&#8212;&#8212;&#8212;&#8212;&#8212;&#8212;&#8212;&#8212;&#8212;&#8212;&#8212;&#8212;&#8212;&#8212;&#8212;&#8212;&#8212;&#8212;&#8212;&#8212;&#8212;&#8212;&#8212;&#8212;&#8212;&#8212;&#8212;&#8212;&#8212;&#8212;&#8212;&#8212;&#8212;&#8212;&#8212;&#8212;&#8212;&#8212;&#8211;<\/p>\n<p><span style=\"text-decoration: underline\"><strong>NOTA<\/strong><\/span>: Le club organisera dimanche 25 juin, la <strong>2\u00b0 \u00e9dition de son SWIMRUN<\/strong> (Plus d&rsquo;infos sur: <a href=\"http:\/\/www.svvv.org\/index.php\/swimrun\" target=\"_blank\" rel=\"noopener noreferrer\">http:\/\/www.svvv.org\/index.php\/swimrun<\/a><\/p>\n<p>&#8212;&#8212;&#8212;&#8212;&#8212;&#8212;&#8212;&#8212;&#8212;&#8212;&#8212;&#8212;&#8212;&#8212;&#8212;&#8212;&#8212;&#8212;&#8212;&#8212;&#8212;&#8212;&#8212;&#8212;&#8212;&#8212;&#8212;&#8212;&#8212;&#8212;&#8212;&#8212;&#8212;&#8212;&#8212;&#8212;&#8212;&#8212;&#8212;&#8212;&#8212;&#8211;<\/p>\n<ul>\n<li>\n<h4>Retrouvez toute l&rsquo;ACTU du club sur: <a href=\"http:\/\/www.svvv.org\" target=\"_blank\" rel=\"noopener noreferrer\">http:\/\/www.svvv.org<\/a><\/h4>\n<\/li>\n<\/ul>\n<div id='gallery-1' class='gallery galleryid-29824 gallery-columns-3 gallery-size-thumbnail'><figure class='gallery-item'>\n\t\t\t<div class='gallery-icon landscape'>\n\t\t\t\t<a href='https:\/\/newsestlyonnais.fr\/site\/2017\/06\/19\/vaulx-en-velin-une-quarantaine-de-kayakistes-a-la-coupe-des-jeunes\/newsestlyonnais-kayak-compet\/'><img loading=\"lazy\" decoding=\"async\" width=\"150\" height=\"150\" src=\"https:\/\/newsestlyonnais.fr\/site\/wp-content\/uploads\/2017\/06\/NEWSESTLYONNAIS-KAYAK-COMPET-150x150.jpg\" class=\"attachment-thumbnail size-thumbnail\" alt=\"NEWSESTLYONNAIS - KAYAK COMPET\" aria-describedby=\"gallery-1-29839\" \/><\/a>\n\t\t\t<\/div>\n\t\t\t\t<figcaption class='wp-caption-text gallery-caption' id='gallery-1-29839'>\n\t\t\t\tUn parcours slalom\u00e9 de 18 portes \n\t\t\t\t<\/figcaption><\/figure><figure class='gallery-item'>\n\t\t\t<div class='gallery-icon landscape'>\n\t\t\t\t<a href='https:\/\/newsestlyonnais.fr\/site\/2017\/06\/19\/vaulx-en-velin-une-quarantaine-de-kayakistes-a-la-coupe-des-jeunes\/newsestlyonnais-compet-kayak\/'><img loading=\"lazy\" decoding=\"async\" width=\"150\" height=\"150\" src=\"https:\/\/newsestlyonnais.fr\/site\/wp-content\/uploads\/2017\/06\/NEWSESTLYONNAIS-COMPET-KAYAK--150x150.jpeg\" class=\"attachment-thumbnail size-thumbnail\" alt=\"NEWSESTLYONNAIS COMPET KAYAK\" aria-describedby=\"gallery-1-29838\" \/><\/a>\n\t\t\t<\/div>\n\t\t\t\t<figcaption class='wp-caption-text gallery-caption' id='gallery-1-29838'>\n\t\t\t\tUne quarantaine de jeunes kayakistes de 5 clubs \n\t\t\t\t<\/figcaption><\/figure><figure class='gallery-item'>\n\t\t\t<div class='gallery-icon landscape'>\n\t\t\t\t<a href='https:\/\/newsestlyonnais.fr\/site\/2017\/06\/19\/vaulx-en-velin-une-quarantaine-de-kayakistes-a-la-coupe-des-jeunes\/newsestlyonnais-swimrun-vaulx-3\/'><img loading=\"lazy\" decoding=\"async\" width=\"150\" height=\"150\" src=\"https:\/\/newsestlyonnais.fr\/site\/wp-content\/uploads\/2017\/06\/NEWSESTLYONNAIS-SWIMRUN-VAULX-150x150.jpg\" class=\"attachment-thumbnail size-thumbnail\" alt=\"NEWSESTLYONNAIS - SWIMRUN VAULX\" aria-describedby=\"gallery-1-29837\" \/><\/a>\n\t\t\t<\/div>\n\t\t\t\t<figcaption class='wp-caption-text gallery-caption' id='gallery-1-29837'>\n\t\t\t\t2\u00b0 Edition de ce Swimrun \n\t\t\t\t<\/figcaption><\/figure>\n\t\t<\/div>\n\n","protected":false},"excerpt":{"rendered":"<p>Les Sauveteurs Volontaires de Vaulx en Velin (SVVV), club de canoe, kayak et pirogue organisait dimanche la Coupe des jeunes n slalom.<\/p>\n","protected":false},"author":4,"featured_media":29835,"comment_status":"open","ping_status":"open","sticky":false,"template":"","format":"standard","meta":{"footnotes":""},"categories":[574,2973,1348,28],"tags":[],"class_list":["post-29824","post","type-post","status-publish","format-standard","has-post-thumbnail","hentry","category-autres-sports","category-aviron-kayak-voile-sports","category-kayak","category-vaulx-en-velin"],"yoast_head":"<!-- This site is optimized with the Yoast SEO plugin v27.2 - https:\/\/yoast.com\/product\/yoast-seo-wordpress\/ -->\n<title>VAULX-EN-VELIN | Une quarantaine de kayakistes \u00e0 la Coupe des jeunes<\/title>\n<meta name=\"description\" content=\"VAULX-EN-VELIN | Une quarantaine de kayakistes \u00e0 la Coupe des jeunes\" \/>\n<meta name=\"robots\" content=\"index, follow, max-snippet:-1, max-image-preview:large, max-video-preview:-1\" \/>\n<link rel=\"canonical\" href=\"https:\/\/newsestlyonnais.fr\/site\/2017\/06\/19\/vaulx-en-velin-une-quarantaine-de-kayakistes-a-la-coupe-des-jeunes\/\" \/>\n<meta property=\"og:locale\" content=\"fr_FR\" \/>\n<meta property=\"og:type\" content=\"article\" \/>\n<meta property=\"og:title\" content=\"VAULX-EN-VELIN | Une quarantaine de kayakistes \u00e0 la Coupe des jeunes\" \/>\n<meta property=\"og:description\" content=\"VAULX-EN-VELIN | Une quarantaine de kayakistes \u00e0 la Coupe des jeunes\" \/>\n<meta property=\"og:url\" content=\"https:\/\/newsestlyonnais.fr\/site\/2017\/06\/19\/vaulx-en-velin-une-quarantaine-de-kayakistes-a-la-coupe-des-jeunes\/\" \/>\n<meta property=\"og:site_name\" content=\"News Est Lyonnais\" \/>\n<meta property=\"article:author\" content=\"https:\/\/www.facebook.com\/pascal.oberson.1?fref=ts\" \/>\n<meta property=\"article:published_time\" content=\"2017-06-19T12:19:04+00:00\" \/>\n<meta property=\"article:modified_time\" content=\"2020-05-29T14:43:55+00:00\" \/>\n<meta property=\"og:image\" content=\"https:\/\/i1.wp.com\/newsestlyonnais.fr\/site\/wp-content\/uploads\/2017\/06\/NEWSESTLYONNAIS-COUPE-JEUNES.jpeg?fit=1000%2C750&ssl=1\" \/>\n\t<meta property=\"og:image:width\" content=\"1000\" \/>\n\t<meta property=\"og:image:height\" content=\"750\" \/>\n\t<meta property=\"og:image:type\" content=\"image\/jpeg\" \/>\n<meta name=\"author\" content=\"R\u00e9dac. NEWS\" \/>\n<meta name=\"twitter:card\" content=\"summary_large_image\" \/>\n<meta name=\"twitter:label1\" content=\"\u00c9crit par\" \/>\n\t<meta name=\"twitter:data1\" content=\"R\u00e9dac. NEWS\" \/>\n\t<meta name=\"twitter:label2\" content=\"Dur\u00e9e de lecture estim\u00e9e\" \/>\n\t<meta name=\"twitter:data2\" content=\"1 minute\" \/>\n<script type=\"application\/ld+json\" class=\"yoast-schema-graph\">{\"@context\":\"https:\/\/schema.org\",\"@graph\":[{\"@type\":\"Article\",\"@id\":\"https:\/\/newsestlyonnais.fr\/site\/2017\/06\/19\/vaulx-en-velin-une-quarantaine-de-kayakistes-a-la-coupe-des-jeunes\/#article\",\"isPartOf\":{\"@id\":\"https:\/\/newsestlyonnais.fr\/site\/2017\/06\/19\/vaulx-en-velin-une-quarantaine-de-kayakistes-a-la-coupe-des-jeunes\/\"},\"author\":{\"name\":\"R\u00e9dac. NEWS\",\"@id\":\"https:\/\/newsestlyonnais.fr\/site\/#\/schema\/person\/3230d5615f390bb808365d673001e887\"},\"headline\":\"VAULX-EN-VELIN | Une quarantaine de kayakistes \u00e0 la Coupe des jeunes\",\"datePublished\":\"2017-06-19T12:19:04+00:00\",\"dateModified\":\"2020-05-29T14:43:55+00:00\",\"mainEntityOfPage\":{\"@id\":\"https:\/\/newsestlyonnais.fr\/site\/2017\/06\/19\/vaulx-en-velin-une-quarantaine-de-kayakistes-a-la-coupe-des-jeunes\/\"},\"wordCount\":273,\"commentCount\":0,\"publisher\":{\"@id\":\"https:\/\/newsestlyonnais.fr\/site\/#organization\"},\"image\":{\"@id\":\"https:\/\/newsestlyonnais.fr\/site\/2017\/06\/19\/vaulx-en-velin-une-quarantaine-de-kayakistes-a-la-coupe-des-jeunes\/#primaryimage\"},\"thumbnailUrl\":\"https:\/\/newsestlyonnais.fr\/site\/wp-content\/uploads\/2017\/06\/NEWSESTLYONNAIS-COUPE-JEUNES.jpeg\",\"articleSection\":[\"Autres sports\",\"Aviron | Kayak | Voile\",\"Kayak\",\"Vaulx-en-Velin\"],\"inLanguage\":\"fr-FR\",\"potentialAction\":[{\"@type\":\"CommentAction\",\"name\":\"Comment\",\"target\":[\"https:\/\/newsestlyonnais.fr\/site\/2017\/06\/19\/vaulx-en-velin-une-quarantaine-de-kayakistes-a-la-coupe-des-jeunes\/#respond\"]}]},{\"@type\":\"WebPage\",\"@id\":\"https:\/\/newsestlyonnais.fr\/site\/2017\/06\/19\/vaulx-en-velin-une-quarantaine-de-kayakistes-a-la-coupe-des-jeunes\/\",\"url\":\"https:\/\/newsestlyonnais.fr\/site\/2017\/06\/19\/vaulx-en-velin-une-quarantaine-de-kayakistes-a-la-coupe-des-jeunes\/\",\"name\":\"VAULX-EN-VELIN | Une quarantaine de kayakistes \u00e0 la Coupe des jeunes\",\"isPartOf\":{\"@id\":\"https:\/\/newsestlyonnais.fr\/site\/#website\"},\"primaryImageOfPage\":{\"@id\":\"https:\/\/newsestlyonnais.fr\/site\/2017\/06\/19\/vaulx-en-velin-une-quarantaine-de-kayakistes-a-la-coupe-des-jeunes\/#primaryimage\"},\"image\":{\"@id\":\"https:\/\/newsestlyonnais.fr\/site\/2017\/06\/19\/vaulx-en-velin-une-quarantaine-de-kayakistes-a-la-coupe-des-jeunes\/#primaryimage\"},\"thumbnailUrl\":\"https:\/\/newsestlyonnais.fr\/site\/wp-content\/uploads\/2017\/06\/NEWSESTLYONNAIS-COUPE-JEUNES.jpeg\",\"datePublished\":\"2017-06-19T12:19:04+00:00\",\"dateModified\":\"2020-05-29T14:43:55+00:00\",\"description\":\"VAULX-EN-VELIN | Une quarantaine de kayakistes \u00e0 la Coupe des jeunes\",\"breadcrumb\":{\"@id\":\"https:\/\/newsestlyonnais.fr\/site\/2017\/06\/19\/vaulx-en-velin-une-quarantaine-de-kayakistes-a-la-coupe-des-jeunes\/#breadcrumb\"},\"inLanguage\":\"fr-FR\",\"potentialAction\":[{\"@type\":\"ReadAction\",\"target\":[\"https:\/\/newsestlyonnais.fr\/site\/2017\/06\/19\/vaulx-en-velin-une-quarantaine-de-kayakistes-a-la-coupe-des-jeunes\/\"]}]},{\"@type\":\"ImageObject\",\"inLanguage\":\"fr-FR\",\"@id\":\"https:\/\/newsestlyonnais.fr\/site\/2017\/06\/19\/vaulx-en-velin-une-quarantaine-de-kayakistes-a-la-coupe-des-jeunes\/#primaryimage\",\"url\":\"https:\/\/newsestlyonnais.fr\/site\/wp-content\/uploads\/2017\/06\/NEWSESTLYONNAIS-COUPE-JEUNES.jpeg\",\"contentUrl\":\"https:\/\/newsestlyonnais.fr\/site\/wp-content\/uploads\/2017\/06\/NEWSESTLYONNAIS-COUPE-JEUNES.jpeg\",\"width\":1000,\"height\":750,\"caption\":\"NEWSESTLYONNAIS - COUPE JEUNES\"},{\"@type\":\"BreadcrumbList\",\"@id\":\"https:\/\/newsestlyonnais.fr\/site\/2017\/06\/19\/vaulx-en-velin-une-quarantaine-de-kayakistes-a-la-coupe-des-jeunes\/#breadcrumb\",\"itemListElement\":[{\"@type\":\"ListItem\",\"position\":1,\"name\":\"Accueil\",\"item\":\"https:\/\/newsestlyonnais.fr\/site\/\"},{\"@type\":\"ListItem\",\"position\":2,\"name\":\"VAULX-EN-VELIN | Une quarantaine de kayakistes \u00e0 la Coupe des jeunes\"}]},{\"@type\":\"WebSite\",\"@id\":\"https:\/\/newsestlyonnais.fr\/site\/#website\",\"url\":\"https:\/\/newsestlyonnais.fr\/site\/\",\"name\":\"News Est Lyonnais\",\"description\":\"L&#039;actualit\u00e9 au plus pr\u00e8s\",\"publisher\":{\"@id\":\"https:\/\/newsestlyonnais.fr\/site\/#organization\"},\"potentialAction\":[{\"@type\":\"SearchAction\",\"target\":{\"@type\":\"EntryPoint\",\"urlTemplate\":\"https:\/\/newsestlyonnais.fr\/site\/?s={search_term_string}\"},\"query-input\":{\"@type\":\"PropertyValueSpecification\",\"valueRequired\":true,\"valueName\":\"search_term_string\"}}],\"inLanguage\":\"fr-FR\"},{\"@type\":\"Organization\",\"@id\":\"https:\/\/newsestlyonnais.fr\/site\/#organization\",\"name\":\"News EST LYONNAIS\",\"url\":\"https:\/\/newsestlyonnais.fr\/site\/\",\"logo\":{\"@type\":\"ImageObject\",\"inLanguage\":\"fr-FR\",\"@id\":\"https:\/\/newsestlyonnais.fr\/site\/#\/schema\/logo\/image\/\",\"url\":\"\",\"contentUrl\":\"\",\"caption\":\"News EST LYONNAIS\"},\"image\":{\"@id\":\"https:\/\/newsestlyonnais.fr\/site\/#\/schema\/logo\/image\/\"}},{\"@type\":\"Person\",\"@id\":\"https:\/\/newsestlyonnais.fr\/site\/#\/schema\/person\/3230d5615f390bb808365d673001e887\",\"name\":\"R\u00e9dac. NEWS\",\"sameAs\":[\"http:\/\/www.newsestlyonnais.fr\",\"https:\/\/www.facebook.com\/pascal.oberson.1?fref=ts\",\"https:\/\/fr.linkedin.com\/in\/pascal-oberson-b17045113\"],\"url\":\"https:\/\/newsestlyonnais.fr\/site\/author\/nel\/\"}]}<\/script>\n<!-- \/ Yoast SEO plugin. -->","yoast_head_json":{"title":"VAULX-EN-VELIN | Une quarantaine de kayakistes \u00e0 la Coupe des jeunes","description":"VAULX-EN-VELIN | Une quarantaine de kayakistes \u00e0 la Coupe des jeunes","robots":{"index":"index","follow":"follow","max-snippet":"max-snippet:-1","max-image-preview":"max-image-preview:large","max-video-preview":"max-video-preview:-1"},"canonical":"https:\/\/newsestlyonnais.fr\/site\/2017\/06\/19\/vaulx-en-velin-une-quarantaine-de-kayakistes-a-la-coupe-des-jeunes\/","og_locale":"fr_FR","og_type":"article","og_title":"VAULX-EN-VELIN | Une quarantaine de kayakistes \u00e0 la Coupe des jeunes","og_description":"VAULX-EN-VELIN | Une quarantaine de kayakistes \u00e0 la Coupe des jeunes","og_url":"https:\/\/newsestlyonnais.fr\/site\/2017\/06\/19\/vaulx-en-velin-une-quarantaine-de-kayakistes-a-la-coupe-des-jeunes\/","og_site_name":"News Est Lyonnais","article_author":"https:\/\/www.facebook.com\/pascal.oberson.1?fref=ts","article_published_time":"2017-06-19T12:19:04+00:00","article_modified_time":"2020-05-29T14:43:55+00:00","og_image":[{"width":1000,"height":750,"url":"https:\/\/i1.wp.com\/newsestlyonnais.fr\/site\/wp-content\/uploads\/2017\/06\/NEWSESTLYONNAIS-COUPE-JEUNES.jpeg?fit=1000%2C750&ssl=1","type":"image\/jpeg"}],"author":"R\u00e9dac. NEWS","twitter_card":"summary_large_image","twitter_misc":{"\u00c9crit par":"R\u00e9dac. NEWS","Dur\u00e9e de lecture estim\u00e9e":"1 minute"},"schema":{"@context":"https:\/\/schema.org","@graph":[{"@type":"Article","@id":"https:\/\/newsestlyonnais.fr\/site\/2017\/06\/19\/vaulx-en-velin-une-quarantaine-de-kayakistes-a-la-coupe-des-jeunes\/#article","isPartOf":{"@id":"https:\/\/newsestlyonnais.fr\/site\/2017\/06\/19\/vaulx-en-velin-une-quarantaine-de-kayakistes-a-la-coupe-des-jeunes\/"},"author":{"name":"R\u00e9dac. NEWS","@id":"https:\/\/newsestlyonnais.fr\/site\/#\/schema\/person\/3230d5615f390bb808365d673001e887"},"headline":"VAULX-EN-VELIN | Une quarantaine de kayakistes \u00e0 la Coupe des jeunes","datePublished":"2017-06-19T12:19:04+00:00","dateModified":"2020-05-29T14:43:55+00:00","mainEntityOfPage":{"@id":"https:\/\/newsestlyonnais.fr\/site\/2017\/06\/19\/vaulx-en-velin-une-quarantaine-de-kayakistes-a-la-coupe-des-jeunes\/"},"wordCount":273,"commentCount":0,"publisher":{"@id":"https:\/\/newsestlyonnais.fr\/site\/#organization"},"image":{"@id":"https:\/\/newsestlyonnais.fr\/site\/2017\/06\/19\/vaulx-en-velin-une-quarantaine-de-kayakistes-a-la-coupe-des-jeunes\/#primaryimage"},"thumbnailUrl":"https:\/\/newsestlyonnais.fr\/site\/wp-content\/uploads\/2017\/06\/NEWSESTLYONNAIS-COUPE-JEUNES.jpeg","articleSection":["Autres sports","Aviron | Kayak | Voile","Kayak","Vaulx-en-Velin"],"inLanguage":"fr-FR","potentialAction":[{"@type":"CommentAction","name":"Comment","target":["https:\/\/newsestlyonnais.fr\/site\/2017\/06\/19\/vaulx-en-velin-une-quarantaine-de-kayakistes-a-la-coupe-des-jeunes\/#respond"]}]},{"@type":"WebPage","@id":"https:\/\/newsestlyonnais.fr\/site\/2017\/06\/19\/vaulx-en-velin-une-quarantaine-de-kayakistes-a-la-coupe-des-jeunes\/","url":"https:\/\/newsestlyonnais.fr\/site\/2017\/06\/19\/vaulx-en-velin-une-quarantaine-de-kayakistes-a-la-coupe-des-jeunes\/","name":"VAULX-EN-VELIN | Une quarantaine de kayakistes \u00e0 la Coupe des jeunes","isPartOf":{"@id":"https:\/\/newsestlyonnais.fr\/site\/#website"},"primaryImageOfPage":{"@id":"https:\/\/newsestlyonnais.fr\/site\/2017\/06\/19\/vaulx-en-velin-une-quarantaine-de-kayakistes-a-la-coupe-des-jeunes\/#primaryimage"},"image":{"@id":"https:\/\/newsestlyonnais.fr\/site\/2017\/06\/19\/vaulx-en-velin-une-quarantaine-de-kayakistes-a-la-coupe-des-jeunes\/#primaryimage"},"thumbnailUrl":"https:\/\/newsestlyonnais.fr\/site\/wp-content\/uploads\/2017\/06\/NEWSESTLYONNAIS-COUPE-JEUNES.jpeg","datePublished":"2017-06-19T12:19:04+00:00","dateModified":"2020-05-29T14:43:55+00:00","description":"VAULX-EN-VELIN | Une quarantaine de kayakistes \u00e0 la Coupe des jeunes","breadcrumb":{"@id":"https:\/\/newsestlyonnais.fr\/site\/2017\/06\/19\/vaulx-en-velin-une-quarantaine-de-kayakistes-a-la-coupe-des-jeunes\/#breadcrumb"},"inLanguage":"fr-FR","potentialAction":[{"@type":"ReadAction","target":["https:\/\/newsestlyonnais.fr\/site\/2017\/06\/19\/vaulx-en-velin-une-quarantaine-de-kayakistes-a-la-coupe-des-jeunes\/"]}]},{"@type":"ImageObject","inLanguage":"fr-FR","@id":"https:\/\/newsestlyonnais.fr\/site\/2017\/06\/19\/vaulx-en-velin-une-quarantaine-de-kayakistes-a-la-coupe-des-jeunes\/#primaryimage","url":"https:\/\/newsestlyonnais.fr\/site\/wp-content\/uploads\/2017\/06\/NEWSESTLYONNAIS-COUPE-JEUNES.jpeg","contentUrl":"https:\/\/newsestlyonnais.fr\/site\/wp-content\/uploads\/2017\/06\/NEWSESTLYONNAIS-COUPE-JEUNES.jpeg","width":1000,"height":750,"caption":"NEWSESTLYONNAIS - COUPE JEUNES"},{"@type":"BreadcrumbList","@id":"https:\/\/newsestlyonnais.fr\/site\/2017\/06\/19\/vaulx-en-velin-une-quarantaine-de-kayakistes-a-la-coupe-des-jeunes\/#breadcrumb","itemListElement":[{"@type":"ListItem","position":1,"name":"Accueil","item":"https:\/\/newsestlyonnais.fr\/site\/"},{"@type":"ListItem","position":2,"name":"VAULX-EN-VELIN | Une quarantaine de kayakistes \u00e0 la Coupe des jeunes"}]},{"@type":"WebSite","@id":"https:\/\/newsestlyonnais.fr\/site\/#website","url":"https:\/\/newsestlyonnais.fr\/site\/","name":"News Est Lyonnais","description":"L&#039;actualit\u00e9 au plus pr\u00e8s","publisher":{"@id":"https:\/\/newsestlyonnais.fr\/site\/#organization"},"potentialAction":[{"@type":"SearchAction","target":{"@type":"EntryPoint","urlTemplate":"https:\/\/newsestlyonnais.fr\/site\/?s={search_term_string}"},"query-input":{"@type":"PropertyValueSpecification","valueRequired":true,"valueName":"search_term_string"}}],"inLanguage":"fr-FR"},{"@type":"Organization","@id":"https:\/\/newsestlyonnais.fr\/site\/#organization","name":"News EST LYONNAIS","url":"https:\/\/newsestlyonnais.fr\/site\/","logo":{"@type":"ImageObject","inLanguage":"fr-FR","@id":"https:\/\/newsestlyonnais.fr\/site\/#\/schema\/logo\/image\/","url":"","contentUrl":"","caption":"News EST LYONNAIS"},"image":{"@id":"https:\/\/newsestlyonnais.fr\/site\/#\/schema\/logo\/image\/"}},{"@type":"Person","@id":"https:\/\/newsestlyonnais.fr\/site\/#\/schema\/person\/3230d5615f390bb808365d673001e887","name":"R\u00e9dac. NEWS","sameAs":["http:\/\/www.newsestlyonnais.fr","https:\/\/www.facebook.com\/pascal.oberson.1?fref=ts","https:\/\/fr.linkedin.com\/in\/pascal-oberson-b17045113"],"url":"https:\/\/newsestlyonnais.fr\/site\/author\/nel\/"}]}},"_links":{"self":[{"href":"https:\/\/newsestlyonnais.fr\/site\/wp-json\/wp\/v2\/posts\/29824","targetHints":{"allow":["GET"]}}],"collection":[{"href":"https:\/\/newsestlyonnais.fr\/site\/wp-json\/wp\/v2\/posts"}],"about":[{"href":"https:\/\/newsestlyonnais.fr\/site\/wp-json\/wp\/v2\/types\/post"}],"author":[{"embeddable":true,"href":"https:\/\/newsestlyonnais.fr\/site\/wp-json\/wp\/v2\/users\/4"}],"replies":[{"embeddable":true,"href":"https:\/\/newsestlyonnais.fr\/site\/wp-json\/wp\/v2\/comments?post=29824"}],"version-history":[{"count":0,"href":"https:\/\/newsestlyonnais.fr\/site\/wp-json\/wp\/v2\/posts\/29824\/revisions"}],"wp:featuredmedia":[{"embeddable":true,"href":"https:\/\/newsestlyonnais.fr\/site\/wp-json\/wp\/v2\/media\/29835"}],"wp:attachment":[{"href":"https:\/\/newsestlyonnais.fr\/site\/wp-json\/wp\/v2\/media?parent=29824"}],"wp:term":[{"taxonomy":"category","embeddable":true,"href":"https:\/\/newsestlyonnais.fr\/site\/wp-json\/wp\/v2\/categories?post=29824"},{"taxonomy":"post_tag","embeddable":true,"href":"https:\/\/newsestlyonnais.fr\/site\/wp-json\/wp\/v2\/tags?post=29824"}],"curies":[{"name":"wp","href":"https:\/\/api.w.org\/{rel}","templated":true}]}}