{"id":29924,"date":"2017-06-20T16:20:54","date_gmt":"2017-06-20T15:20:54","guid":{"rendered":"http:\/\/newsestlyonnais.fr\/site\/?p=29924"},"modified":"2020-11-06T07:48:49","modified_gmt":"2020-11-06T06:48:49","slug":"la-fete-de-la-musique-dans-lest-lyonnais-demandez-le-programme","status":"publish","type":"post","link":"https:\/\/newsestlyonnais.fr\/site\/2017\/06\/20\/la-fete-de-la-musique-dans-lest-lyonnais-demandez-le-programme\/","title":{"rendered":"LA FETE DE LA MUSIQUE dans l&rsquo;EST LYONNAIS | Demandez le programme !"},"content":{"rendered":"<h4>Comme chaque ann\u00e9e depuis 1982, lors de la nuit du 21 juin et du passage \u00e0 l&rsquo;\u00e9t\u00e9, tout un chacun est invit\u00e9 \u00e0 venir jouer et \u00e9couter de la musique dans le cadre de la F\u00eate de la Musique, et les communes c\u00e9l\u00e9brant cet \u00e9v\u00e8nement sont nombreuses dans l&rsquo;EST LYONNAIS :<\/h4>\n<p>A retrouver dans le diaporama, horaires et lieux par communes :<\/p>\n<ul>\n<li><strong>BRON<\/strong><em> (voir affiche)<\/em><strong><br \/>\n<\/strong><\/li>\n<li><strong>CHASSIEU<\/strong><em> (voir affiche)<\/em><strong><br \/>\n<\/strong><\/li>\n<li><strong>DECINES<\/strong> (programme sur <a href=\"http:\/\/www.decines.fr\/evenement\/1459\/217-actualite.htm\" target=\"_blank\" rel=\"noopener noreferrer\">http:\/\/www.decines.fr\/evenement\/1459\/217-actualite.htm )<\/a><\/li>\n<li><strong>GENAS\u00a0 <\/strong>(programme sur\u00a0<a href=\"http:\/\/genas.fr\/fete-de-la-musique-2\" target=\"_blank\" rel=\"noopener noreferrer\">http:\/\/genas.fr\/fete-de-la-musique-2<\/a> )<\/li>\n<li><strong>MEYZIEU<\/strong> (<a href=\"http:\/\/www.meyzieu.fr\/article2493.html\" target=\"_blank\" rel=\"noopener noreferrer\">http:\/\/www.meyzieu.fr\/article2493.html<\/a> )<\/li>\n<li><strong>SAINT BONNET DE MUR<\/strong>E (programme sur <a href=\"http:\/\/www.saintbonnetdemure.com\/actualite\/fete-de-la-musique-944.html\" target=\"_blank\" rel=\"noopener noreferrer\">http:\/\/www.saintbonnetdemure.com\/actualite\/fete-de-la-musique-944.html<\/a><\/li>\n<li><strong>VAULX EN VELIN<\/strong> (programme sur <a href=\"http:\/\/www.vaulx-en-velin.net\/culture\/agenda\/Fete-de-la-musique-mercredi-21-juin-2017\" target=\"_blank\" rel=\"noopener noreferrer\">http:\/\/www.vaulx-en-velin.net\/culture\/agenda\/Fete-de-la-musique-mercredi-21-juin-2017<\/a> )<\/li>\n<\/ul>\n<div id='gallery-1' class='gallery galleryid-29924 gallery-columns-3 gallery-size-thumbnail'><figure class='gallery-item'>\n\t\t\t<div class='gallery-icon landscape'>\n\t\t\t\t<a href='https:\/\/newsestlyonnais.fr\/site\/2017\/06\/20\/la-fete-de-la-musique-dans-lest-lyonnais-demandez-le-programme\/newsestlyonnais-fete-musique-bron\/'><img loading=\"lazy\" decoding=\"async\" width=\"150\" height=\"150\" src=\"https:\/\/newsestlyonnais.fr\/site\/wp-content\/uploads\/2017\/06\/NEWSESTLYONNAIS-Fete-musique-bron--150x150.jpg\" class=\"attachment-thumbnail size-thumbnail\" alt=\"NEWSESTLYONNAIS - Fete musique bron\" aria-describedby=\"gallery-1-29927\" \/><\/a>\n\t\t\t<\/div>\n\t\t\t\t<figcaption class='wp-caption-text gallery-caption' id='gallery-1-29927'>\n\t\t\t\t    A BRON \n\t\t\t\t<\/figcaption><\/figure><figure class='gallery-item'>\n\t\t\t<div class='gallery-icon landscape'>\n\t\t\t\t<a href='https:\/\/newsestlyonnais.fr\/site\/2017\/06\/20\/la-fete-de-la-musique-dans-lest-lyonnais-demandez-le-programme\/newsestlyonnais-bron-fete-musique\/'><img loading=\"lazy\" decoding=\"async\" width=\"150\" height=\"150\" src=\"https:\/\/newsestlyonnais.fr\/site\/wp-content\/uploads\/2017\/06\/NEWSESTLYONNAIS-BRON-FETE-MUSIQUE-150x150.jpg\" class=\"attachment-thumbnail size-thumbnail\" alt=\"NEWSESTLYONNAIS - BRON FETE MUSIQUE\" aria-describedby=\"gallery-1-29928\" \/><\/a>\n\t\t\t<\/div>\n\t\t\t\t<figcaption class='wp-caption-text gallery-caption' id='gallery-1-29928'>\n\t\t\t\t       Le Programme !\n\t\t\t\t<\/figcaption><\/figure><figure class='gallery-item'>\n\t\t\t<div class='gallery-icon landscape'>\n\t\t\t\t<a href='https:\/\/newsestlyonnais.fr\/site\/2017\/06\/20\/la-fete-de-la-musique-dans-lest-lyonnais-demandez-le-programme\/newsestlyonnais-chassieu-fet-mus-01\/'><img loading=\"lazy\" decoding=\"async\" width=\"150\" height=\"150\" src=\"https:\/\/newsestlyonnais.fr\/site\/wp-content\/uploads\/2017\/06\/NEWSESTLYONNAIS-CHASSIEU-FET-MUS-01-150x150.jpg\" class=\"attachment-thumbnail size-thumbnail\" alt=\"NEWSESTLYONNAIS - CHASSIEU FET MUS 01\" aria-describedby=\"gallery-1-29931\" \/><\/a>\n\t\t\t<\/div>\n\t\t\t\t<figcaption class='wp-caption-text gallery-caption' id='gallery-1-29931'>\n\t\t\t\t         CHASSIEU\n\t\t\t\t<\/figcaption><\/figure><figure class='gallery-item'>\n\t\t\t<div class='gallery-icon landscape'>\n\t\t\t\t<a href='https:\/\/newsestlyonnais.fr\/site\/2017\/06\/20\/la-fete-de-la-musique-dans-lest-lyonnais-demandez-le-programme\/newsestlyonnais-chassieu-bis-fet-mus\/'><img loading=\"lazy\" decoding=\"async\" width=\"150\" height=\"150\" src=\"https:\/\/newsestlyonnais.fr\/site\/wp-content\/uploads\/2017\/06\/NEWSESTLYONNAIS-CHASSIEU-BIS-FET-MUS-150x150.jpg\" class=\"attachment-thumbnail size-thumbnail\" alt=\"NEWSESTLYONNAIS - CHASSIEU BIS FET MUS\" aria-describedby=\"gallery-1-29932\" \/><\/a>\n\t\t\t<\/div>\n\t\t\t\t<figcaption class='wp-caption-text gallery-caption' id='gallery-1-29932'>\n\t\t\t\t        Le programme !  \n\t\t\t\t<\/figcaption><\/figure><figure class='gallery-item'>\n\t\t\t<div class='gallery-icon landscape'>\n\t\t\t\t<a href='https:\/\/newsestlyonnais.fr\/site\/2017\/06\/20\/la-fete-de-la-musique-dans-lest-lyonnais-demandez-le-programme\/newsestlyonnais-chassieu-ter-fete-mus\/'><img loading=\"lazy\" decoding=\"async\" width=\"150\" height=\"150\" src=\"https:\/\/newsestlyonnais.fr\/site\/wp-content\/uploads\/2017\/06\/NEWSESTLYONNAIS-CHASSIEU-TER-FETE-MUS-150x150.jpg\" class=\"attachment-thumbnail size-thumbnail\" alt=\"NEWSESTLYONNAIS - CHASSIEU TER FETE MUS\" aria-describedby=\"gallery-1-29933\" \/><\/a>\n\t\t\t<\/div>\n\t\t\t\t<figcaption class='wp-caption-text gallery-caption' id='gallery-1-29933'>\n\t\t\t\t Le programme (suite) \n\t\t\t\t<\/figcaption><\/figure><figure class='gallery-item'>\n\t\t\t<div class='gallery-icon landscape'>\n\t\t\t\t<a href='https:\/\/newsestlyonnais.fr\/site\/2017\/06\/06\/decines-agenda-du-mois-de-juin\/newsestlyonnais-fete-musqiue-decines-2017\/'><img loading=\"lazy\" decoding=\"async\" width=\"150\" height=\"150\" src=\"https:\/\/newsestlyonnais.fr\/site\/wp-content\/uploads\/2017\/06\/NEWSESTLYONNAIS-FETE-MUSQIUE-DECINES-2017-150x150.png\" class=\"attachment-thumbnail size-thumbnail\" alt=\"NEWSESTLYONNAIS SOIREE JEUNES TALENTS (2)\" aria-describedby=\"gallery-1-28518\" \/><\/a>\n\t\t\t<\/div>\n\t\t\t\t<figcaption class='wp-caption-text gallery-caption' id='gallery-1-28518'>\n\t\t\t\t            A DECINES\n\t\t\t\t<\/figcaption><\/figure><figure class='gallery-item'>\n\t\t\t<div class='gallery-icon landscape'>\n\t\t\t\t<a href='https:\/\/newsestlyonnais.fr\/site\/2017\/06\/20\/la-fete-de-la-musique-dans-lest-lyonnais-demandez-le-programme\/newsestlyonnais-fete-musique-genas-2\/'><img loading=\"lazy\" decoding=\"async\" width=\"150\" height=\"150\" src=\"https:\/\/newsestlyonnais.fr\/site\/wp-content\/uploads\/2017\/06\/NEWSESTLYONNAIS-FETE-MUSIQUE-GENAS-1-150x150.jpg\" class=\"attachment-thumbnail size-thumbnail\" alt=\"NEWSESTLYONNAIS - FETE MUSIQUE GENAS\" aria-describedby=\"gallery-1-29955\" \/><\/a>\n\t\t\t<\/div>\n\t\t\t\t<figcaption class='wp-caption-text gallery-caption' id='gallery-1-29955'>\n\t\t\t\t          A GENAS et A MEYZIEU\n\t\t\t\t<\/figcaption><\/figure><figure class='gallery-item'>\n\t\t\t<div class='gallery-icon landscape'>\n\t\t\t\t<a href='https:\/\/newsestlyonnais.fr\/site\/2017\/06\/20\/la-fete-de-la-musique-dans-lest-lyonnais-demandez-le-programme\/newsestlyonnais-fete-musique-st-bonnet\/'><img loading=\"lazy\" decoding=\"async\" width=\"150\" height=\"150\" src=\"https:\/\/newsestlyonnais.fr\/site\/wp-content\/uploads\/2017\/06\/NEWSESTLYONNAIS-FETE-MUSIQUE-ST-BONNET-150x150.jpg\" class=\"attachment-thumbnail size-thumbnail\" alt=\"NEWSESTLYONNAIS FETE MUSIQUE ST BONNET\" aria-describedby=\"gallery-1-29949\" \/><\/a>\n\t\t\t<\/div>\n\t\t\t\t<figcaption class='wp-caption-text gallery-caption' id='gallery-1-29949'>\n\t\t\t\t A SAINT BONNET DE    MURE\n\t\t\t\t<\/figcaption><\/figure>\n\t\t<\/div>\n\n","protected":false},"excerpt":{"rendered":"<p>Comme chaque ann\u00e9e depuis 1982, lors de la nuit du 21 juin et du passage \u00e0 l&rsquo;\u00e9t\u00e9, tout un chacun est invit\u00e9 \u00e0 venir jouer et \u00e9couter de la musique dans le cadre de la F\u00eate de la Musique, et les communes c\u00e9l\u00e9brant cet \u00e9v\u00e8nement sont nombreuses dans l&rsquo;EST LYONNAIS : A retrouver dans le [&hellip;]<\/p>\n","protected":false},"author":4,"featured_media":29961,"comment_status":"open","ping_status":"open","sticky":false,"template":"","format":"standard","meta":{"footnotes":""},"categories":[19,270,1283,21,1598,24,3006,1282,28],"tags":[],"class_list":["post-29924","post","type-post","status-publish","format-standard","has-post-thumbnail","hentry","category-bron","category-cte-de-communes-c-c-e-l","category-chassieu-communes-diverses","category-decines-charpieu","category-genas","category-meyzieu","category-musique-danse-humour","category-st-bonnet-st-laurent-de-mure","category-vaulx-en-velin"],"yoast_head":"<!-- This site is optimized with the Yoast SEO plugin v27.2 - https:\/\/yoast.com\/product\/yoast-seo-wordpress\/ -->\n<title>LA FETE DE LA MUSIQUE dans l&#039;EST LYONNAIS : Demandez le programme !<\/title>\n<meta name=\"description\" content=\"LA FETE DE LA MUSIQUE dans l&#039;EST LYONNAIS : Demandez le programme ! Comme chaque ann\u00e9e depuis 1982, du passage \u00e0 l&#039;\u00e9t\u00e9, les communes c\u00e9l\u00e9brant cet \u00e9v\u00e8nement sont nombreuses dans l&#039;EST LYONNAIS\" \/>\n<meta name=\"robots\" content=\"index, follow, max-snippet:-1, max-image-preview:large, max-video-preview:-1\" \/>\n<link rel=\"canonical\" href=\"https:\/\/newsestlyonnais.fr\/site\/2017\/06\/20\/la-fete-de-la-musique-dans-lest-lyonnais-demandez-le-programme\/\" \/>\n<meta property=\"og:locale\" content=\"fr_FR\" \/>\n<meta property=\"og:type\" content=\"article\" \/>\n<meta property=\"og:title\" content=\"LA FETE DE LA MUSIQUE dans l&#039;EST LYONNAIS : Demandez le programme !\" \/>\n<meta property=\"og:description\" content=\"LA FETE DE LA MUSIQUE dans l&#039;EST LYONNAIS : Demandez le programme ! Comme chaque ann\u00e9e depuis 1982, du passage \u00e0 l&#039;\u00e9t\u00e9, les communes c\u00e9l\u00e9brant cet \u00e9v\u00e8nement sont nombreuses dans l&#039;EST LYONNAIS\" \/>\n<meta property=\"og:url\" content=\"https:\/\/newsestlyonnais.fr\/site\/2017\/06\/20\/la-fete-de-la-musique-dans-lest-lyonnais-demandez-le-programme\/\" \/>\n<meta property=\"og:site_name\" content=\"News Est Lyonnais\" \/>\n<meta property=\"article:author\" content=\"https:\/\/www.facebook.com\/pascal.oberson.1?fref=ts\" \/>\n<meta property=\"article:published_time\" content=\"2017-06-20T15:20:54+00:00\" \/>\n<meta property=\"article:modified_time\" content=\"2020-11-06T06:48:49+00:00\" \/>\n<meta property=\"og:image\" content=\"https:\/\/i1.wp.com\/newsestlyonnais.fr\/site\/wp-content\/uploads\/2017\/06\/NEWSESTLYONNAIS-FETE-MUSIQUE-.jpg?fit=1000%2C750&ssl=1\" \/>\n\t<meta property=\"og:image:width\" content=\"1000\" \/>\n\t<meta property=\"og:image:height\" content=\"750\" \/>\n\t<meta property=\"og:image:type\" content=\"image\/jpeg\" \/>\n<meta name=\"author\" content=\"R\u00e9dac. NEWS\" \/>\n<meta name=\"twitter:card\" content=\"summary_large_image\" \/>\n<meta name=\"twitter:label1\" content=\"\u00c9crit par\" \/>\n\t<meta name=\"twitter:data1\" content=\"R\u00e9dac. NEWS\" \/>\n\t<meta name=\"twitter:label2\" content=\"Dur\u00e9e de lecture estim\u00e9e\" \/>\n\t<meta name=\"twitter:data2\" content=\"1 minute\" \/>\n<script type=\"application\/ld+json\" class=\"yoast-schema-graph\">{\"@context\":\"https:\/\/schema.org\",\"@graph\":[{\"@type\":\"Article\",\"@id\":\"https:\/\/newsestlyonnais.fr\/site\/2017\/06\/20\/la-fete-de-la-musique-dans-lest-lyonnais-demandez-le-programme\/#article\",\"isPartOf\":{\"@id\":\"https:\/\/newsestlyonnais.fr\/site\/2017\/06\/20\/la-fete-de-la-musique-dans-lest-lyonnais-demandez-le-programme\/\"},\"author\":{\"name\":\"R\u00e9dac. NEWS\",\"@id\":\"https:\/\/newsestlyonnais.fr\/site\/#\/schema\/person\/3230d5615f390bb808365d673001e887\"},\"headline\":\"LA FETE DE LA MUSIQUE dans l&rsquo;EST LYONNAIS | Demandez le programme !\",\"datePublished\":\"2017-06-20T15:20:54+00:00\",\"dateModified\":\"2020-11-06T06:48:49+00:00\",\"mainEntityOfPage\":{\"@id\":\"https:\/\/newsestlyonnais.fr\/site\/2017\/06\/20\/la-fete-de-la-musique-dans-lest-lyonnais-demandez-le-programme\/\"},\"wordCount\":135,\"commentCount\":0,\"publisher\":{\"@id\":\"https:\/\/newsestlyonnais.fr\/site\/#organization\"},\"image\":{\"@id\":\"https:\/\/newsestlyonnais.fr\/site\/2017\/06\/20\/la-fete-de-la-musique-dans-lest-lyonnais-demandez-le-programme\/#primaryimage\"},\"thumbnailUrl\":\"https:\/\/newsestlyonnais.fr\/site\/wp-content\/uploads\/2017\/06\/NEWSESTLYONNAIS-FETE-MUSIQUE-.jpg\",\"articleSection\":[\"Bron\",\"CCEL | Communes\",\"Chassieu | Communes diverses\",\"D\u00e9cines-Charpieu\",\"Genas\",\"Meyzieu\",\"Musique | Danse | Humour\",\"St Bonnet | St Laurent de Mure\",\"Vaulx-en-Velin\"],\"inLanguage\":\"fr-FR\",\"potentialAction\":[{\"@type\":\"CommentAction\",\"name\":\"Comment\",\"target\":[\"https:\/\/newsestlyonnais.fr\/site\/2017\/06\/20\/la-fete-de-la-musique-dans-lest-lyonnais-demandez-le-programme\/#respond\"]}]},{\"@type\":\"WebPage\",\"@id\":\"https:\/\/newsestlyonnais.fr\/site\/2017\/06\/20\/la-fete-de-la-musique-dans-lest-lyonnais-demandez-le-programme\/\",\"url\":\"https:\/\/newsestlyonnais.fr\/site\/2017\/06\/20\/la-fete-de-la-musique-dans-lest-lyonnais-demandez-le-programme\/\",\"name\":\"LA FETE DE LA MUSIQUE dans l'EST LYONNAIS : Demandez le programme !\",\"isPartOf\":{\"@id\":\"https:\/\/newsestlyonnais.fr\/site\/#website\"},\"primaryImageOfPage\":{\"@id\":\"https:\/\/newsestlyonnais.fr\/site\/2017\/06\/20\/la-fete-de-la-musique-dans-lest-lyonnais-demandez-le-programme\/#primaryimage\"},\"image\":{\"@id\":\"https:\/\/newsestlyonnais.fr\/site\/2017\/06\/20\/la-fete-de-la-musique-dans-lest-lyonnais-demandez-le-programme\/#primaryimage\"},\"thumbnailUrl\":\"https:\/\/newsestlyonnais.fr\/site\/wp-content\/uploads\/2017\/06\/NEWSESTLYONNAIS-FETE-MUSIQUE-.jpg\",\"datePublished\":\"2017-06-20T15:20:54+00:00\",\"dateModified\":\"2020-11-06T06:48:49+00:00\",\"description\":\"LA FETE DE LA MUSIQUE dans l'EST LYONNAIS : Demandez le programme ! Comme chaque ann\u00e9e depuis 1982, du passage \u00e0 l'\u00e9t\u00e9, les communes c\u00e9l\u00e9brant cet \u00e9v\u00e8nement sont nombreuses dans l'EST LYONNAIS\",\"breadcrumb\":{\"@id\":\"https:\/\/newsestlyonnais.fr\/site\/2017\/06\/20\/la-fete-de-la-musique-dans-lest-lyonnais-demandez-le-programme\/#breadcrumb\"},\"inLanguage\":\"fr-FR\",\"potentialAction\":[{\"@type\":\"ReadAction\",\"target\":[\"https:\/\/newsestlyonnais.fr\/site\/2017\/06\/20\/la-fete-de-la-musique-dans-lest-lyonnais-demandez-le-programme\/\"]}]},{\"@type\":\"ImageObject\",\"inLanguage\":\"fr-FR\",\"@id\":\"https:\/\/newsestlyonnais.fr\/site\/2017\/06\/20\/la-fete-de-la-musique-dans-lest-lyonnais-demandez-le-programme\/#primaryimage\",\"url\":\"https:\/\/newsestlyonnais.fr\/site\/wp-content\/uploads\/2017\/06\/NEWSESTLYONNAIS-FETE-MUSIQUE-.jpg\",\"contentUrl\":\"https:\/\/newsestlyonnais.fr\/site\/wp-content\/uploads\/2017\/06\/NEWSESTLYONNAIS-FETE-MUSIQUE-.jpg\",\"width\":1000,\"height\":750,\"caption\":\"NEWSESTLYONNAIS - FETE MUSIQUE\"},{\"@type\":\"BreadcrumbList\",\"@id\":\"https:\/\/newsestlyonnais.fr\/site\/2017\/06\/20\/la-fete-de-la-musique-dans-lest-lyonnais-demandez-le-programme\/#breadcrumb\",\"itemListElement\":[{\"@type\":\"ListItem\",\"position\":1,\"name\":\"Accueil\",\"item\":\"https:\/\/newsestlyonnais.fr\/site\/\"},{\"@type\":\"ListItem\",\"position\":2,\"name\":\"LA FETE DE LA MUSIQUE dans l&rsquo;EST LYONNAIS | Demandez le programme !\"}]},{\"@type\":\"WebSite\",\"@id\":\"https:\/\/newsestlyonnais.fr\/site\/#website\",\"url\":\"https:\/\/newsestlyonnais.fr\/site\/\",\"name\":\"News Est Lyonnais\",\"description\":\"L&#039;actualit\u00e9 au plus pr\u00e8s\",\"publisher\":{\"@id\":\"https:\/\/newsestlyonnais.fr\/site\/#organization\"},\"potentialAction\":[{\"@type\":\"SearchAction\",\"target\":{\"@type\":\"EntryPoint\",\"urlTemplate\":\"https:\/\/newsestlyonnais.fr\/site\/?s={search_term_string}\"},\"query-input\":{\"@type\":\"PropertyValueSpecification\",\"valueRequired\":true,\"valueName\":\"search_term_string\"}}],\"inLanguage\":\"fr-FR\"},{\"@type\":\"Organization\",\"@id\":\"https:\/\/newsestlyonnais.fr\/site\/#organization\",\"name\":\"News EST LYONNAIS\",\"url\":\"https:\/\/newsestlyonnais.fr\/site\/\",\"logo\":{\"@type\":\"ImageObject\",\"inLanguage\":\"fr-FR\",\"@id\":\"https:\/\/newsestlyonnais.fr\/site\/#\/schema\/logo\/image\/\",\"url\":\"\",\"contentUrl\":\"\",\"caption\":\"News EST LYONNAIS\"},\"image\":{\"@id\":\"https:\/\/newsestlyonnais.fr\/site\/#\/schema\/logo\/image\/\"}},{\"@type\":\"Person\",\"@id\":\"https:\/\/newsestlyonnais.fr\/site\/#\/schema\/person\/3230d5615f390bb808365d673001e887\",\"name\":\"R\u00e9dac. NEWS\",\"sameAs\":[\"http:\/\/www.newsestlyonnais.fr\",\"https:\/\/www.facebook.com\/pascal.oberson.1?fref=ts\",\"https:\/\/fr.linkedin.com\/in\/pascal-oberson-b17045113\"],\"url\":\"https:\/\/newsestlyonnais.fr\/site\/author\/nel\/\"}]}<\/script>\n<!-- \/ Yoast SEO plugin. -->","yoast_head_json":{"title":"LA FETE DE LA MUSIQUE dans l'EST LYONNAIS : Demandez le programme !","description":"LA FETE DE LA MUSIQUE dans l'EST LYONNAIS : Demandez le programme ! Comme chaque ann\u00e9e depuis 1982, du passage \u00e0 l'\u00e9t\u00e9, les communes c\u00e9l\u00e9brant cet \u00e9v\u00e8nement sont nombreuses dans l'EST LYONNAIS","robots":{"index":"index","follow":"follow","max-snippet":"max-snippet:-1","max-image-preview":"max-image-preview:large","max-video-preview":"max-video-preview:-1"},"canonical":"https:\/\/newsestlyonnais.fr\/site\/2017\/06\/20\/la-fete-de-la-musique-dans-lest-lyonnais-demandez-le-programme\/","og_locale":"fr_FR","og_type":"article","og_title":"LA FETE DE LA MUSIQUE dans l'EST LYONNAIS : Demandez le programme !","og_description":"LA FETE DE LA MUSIQUE dans l'EST LYONNAIS : Demandez le programme ! Comme chaque ann\u00e9e depuis 1982, du passage \u00e0 l'\u00e9t\u00e9, les communes c\u00e9l\u00e9brant cet \u00e9v\u00e8nement sont nombreuses dans l'EST LYONNAIS","og_url":"https:\/\/newsestlyonnais.fr\/site\/2017\/06\/20\/la-fete-de-la-musique-dans-lest-lyonnais-demandez-le-programme\/","og_site_name":"News Est Lyonnais","article_author":"https:\/\/www.facebook.com\/pascal.oberson.1?fref=ts","article_published_time":"2017-06-20T15:20:54+00:00","article_modified_time":"2020-11-06T06:48:49+00:00","og_image":[{"width":1000,"height":750,"url":"https:\/\/i1.wp.com\/newsestlyonnais.fr\/site\/wp-content\/uploads\/2017\/06\/NEWSESTLYONNAIS-FETE-MUSIQUE-.jpg?fit=1000%2C750&ssl=1","type":"image\/jpeg"}],"author":"R\u00e9dac. NEWS","twitter_card":"summary_large_image","twitter_misc":{"\u00c9crit par":"R\u00e9dac. NEWS","Dur\u00e9e de lecture estim\u00e9e":"1 minute"},"schema":{"@context":"https:\/\/schema.org","@graph":[{"@type":"Article","@id":"https:\/\/newsestlyonnais.fr\/site\/2017\/06\/20\/la-fete-de-la-musique-dans-lest-lyonnais-demandez-le-programme\/#article","isPartOf":{"@id":"https:\/\/newsestlyonnais.fr\/site\/2017\/06\/20\/la-fete-de-la-musique-dans-lest-lyonnais-demandez-le-programme\/"},"author":{"name":"R\u00e9dac. NEWS","@id":"https:\/\/newsestlyonnais.fr\/site\/#\/schema\/person\/3230d5615f390bb808365d673001e887"},"headline":"LA FETE DE LA MUSIQUE dans l&rsquo;EST LYONNAIS | Demandez le programme !","datePublished":"2017-06-20T15:20:54+00:00","dateModified":"2020-11-06T06:48:49+00:00","mainEntityOfPage":{"@id":"https:\/\/newsestlyonnais.fr\/site\/2017\/06\/20\/la-fete-de-la-musique-dans-lest-lyonnais-demandez-le-programme\/"},"wordCount":135,"commentCount":0,"publisher":{"@id":"https:\/\/newsestlyonnais.fr\/site\/#organization"},"image":{"@id":"https:\/\/newsestlyonnais.fr\/site\/2017\/06\/20\/la-fete-de-la-musique-dans-lest-lyonnais-demandez-le-programme\/#primaryimage"},"thumbnailUrl":"https:\/\/newsestlyonnais.fr\/site\/wp-content\/uploads\/2017\/06\/NEWSESTLYONNAIS-FETE-MUSIQUE-.jpg","articleSection":["Bron","CCEL | Communes","Chassieu | Communes diverses","D\u00e9cines-Charpieu","Genas","Meyzieu","Musique | Danse | Humour","St Bonnet | St Laurent de Mure","Vaulx-en-Velin"],"inLanguage":"fr-FR","potentialAction":[{"@type":"CommentAction","name":"Comment","target":["https:\/\/newsestlyonnais.fr\/site\/2017\/06\/20\/la-fete-de-la-musique-dans-lest-lyonnais-demandez-le-programme\/#respond"]}]},{"@type":"WebPage","@id":"https:\/\/newsestlyonnais.fr\/site\/2017\/06\/20\/la-fete-de-la-musique-dans-lest-lyonnais-demandez-le-programme\/","url":"https:\/\/newsestlyonnais.fr\/site\/2017\/06\/20\/la-fete-de-la-musique-dans-lest-lyonnais-demandez-le-programme\/","name":"LA FETE DE LA MUSIQUE dans l'EST LYONNAIS : Demandez le programme !","isPartOf":{"@id":"https:\/\/newsestlyonnais.fr\/site\/#website"},"primaryImageOfPage":{"@id":"https:\/\/newsestlyonnais.fr\/site\/2017\/06\/20\/la-fete-de-la-musique-dans-lest-lyonnais-demandez-le-programme\/#primaryimage"},"image":{"@id":"https:\/\/newsestlyonnais.fr\/site\/2017\/06\/20\/la-fete-de-la-musique-dans-lest-lyonnais-demandez-le-programme\/#primaryimage"},"thumbnailUrl":"https:\/\/newsestlyonnais.fr\/site\/wp-content\/uploads\/2017\/06\/NEWSESTLYONNAIS-FETE-MUSIQUE-.jpg","datePublished":"2017-06-20T15:20:54+00:00","dateModified":"2020-11-06T06:48:49+00:00","description":"LA FETE DE LA MUSIQUE dans l'EST LYONNAIS : Demandez le programme ! Comme chaque ann\u00e9e depuis 1982, du passage \u00e0 l'\u00e9t\u00e9, les communes c\u00e9l\u00e9brant cet \u00e9v\u00e8nement sont nombreuses dans l'EST LYONNAIS","breadcrumb":{"@id":"https:\/\/newsestlyonnais.fr\/site\/2017\/06\/20\/la-fete-de-la-musique-dans-lest-lyonnais-demandez-le-programme\/#breadcrumb"},"inLanguage":"fr-FR","potentialAction":[{"@type":"ReadAction","target":["https:\/\/newsestlyonnais.fr\/site\/2017\/06\/20\/la-fete-de-la-musique-dans-lest-lyonnais-demandez-le-programme\/"]}]},{"@type":"ImageObject","inLanguage":"fr-FR","@id":"https:\/\/newsestlyonnais.fr\/site\/2017\/06\/20\/la-fete-de-la-musique-dans-lest-lyonnais-demandez-le-programme\/#primaryimage","url":"https:\/\/newsestlyonnais.fr\/site\/wp-content\/uploads\/2017\/06\/NEWSESTLYONNAIS-FETE-MUSIQUE-.jpg","contentUrl":"https:\/\/newsestlyonnais.fr\/site\/wp-content\/uploads\/2017\/06\/NEWSESTLYONNAIS-FETE-MUSIQUE-.jpg","width":1000,"height":750,"caption":"NEWSESTLYONNAIS - FETE MUSIQUE"},{"@type":"BreadcrumbList","@id":"https:\/\/newsestlyonnais.fr\/site\/2017\/06\/20\/la-fete-de-la-musique-dans-lest-lyonnais-demandez-le-programme\/#breadcrumb","itemListElement":[{"@type":"ListItem","position":1,"name":"Accueil","item":"https:\/\/newsestlyonnais.fr\/site\/"},{"@type":"ListItem","position":2,"name":"LA FETE DE LA MUSIQUE dans l&rsquo;EST LYONNAIS | Demandez le programme !"}]},{"@type":"WebSite","@id":"https:\/\/newsestlyonnais.fr\/site\/#website","url":"https:\/\/newsestlyonnais.fr\/site\/","name":"News Est Lyonnais","description":"L&#039;actualit\u00e9 au plus pr\u00e8s","publisher":{"@id":"https:\/\/newsestlyonnais.fr\/site\/#organization"},"potentialAction":[{"@type":"SearchAction","target":{"@type":"EntryPoint","urlTemplate":"https:\/\/newsestlyonnais.fr\/site\/?s={search_term_string}"},"query-input":{"@type":"PropertyValueSpecification","valueRequired":true,"valueName":"search_term_string"}}],"inLanguage":"fr-FR"},{"@type":"Organization","@id":"https:\/\/newsestlyonnais.fr\/site\/#organization","name":"News EST LYONNAIS","url":"https:\/\/newsestlyonnais.fr\/site\/","logo":{"@type":"ImageObject","inLanguage":"fr-FR","@id":"https:\/\/newsestlyonnais.fr\/site\/#\/schema\/logo\/image\/","url":"","contentUrl":"","caption":"News EST LYONNAIS"},"image":{"@id":"https:\/\/newsestlyonnais.fr\/site\/#\/schema\/logo\/image\/"}},{"@type":"Person","@id":"https:\/\/newsestlyonnais.fr\/site\/#\/schema\/person\/3230d5615f390bb808365d673001e887","name":"R\u00e9dac. NEWS","sameAs":["http:\/\/www.newsestlyonnais.fr","https:\/\/www.facebook.com\/pascal.oberson.1?fref=ts","https:\/\/fr.linkedin.com\/in\/pascal-oberson-b17045113"],"url":"https:\/\/newsestlyonnais.fr\/site\/author\/nel\/"}]}},"_links":{"self":[{"href":"https:\/\/newsestlyonnais.fr\/site\/wp-json\/wp\/v2\/posts\/29924","targetHints":{"allow":["GET"]}}],"collection":[{"href":"https:\/\/newsestlyonnais.fr\/site\/wp-json\/wp\/v2\/posts"}],"about":[{"href":"https:\/\/newsestlyonnais.fr\/site\/wp-json\/wp\/v2\/types\/post"}],"author":[{"embeddable":true,"href":"https:\/\/newsestlyonnais.fr\/site\/wp-json\/wp\/v2\/users\/4"}],"replies":[{"embeddable":true,"href":"https:\/\/newsestlyonnais.fr\/site\/wp-json\/wp\/v2\/comments?post=29924"}],"version-history":[{"count":0,"href":"https:\/\/newsestlyonnais.fr\/site\/wp-json\/wp\/v2\/posts\/29924\/revisions"}],"wp:featuredmedia":[{"embeddable":true,"href":"https:\/\/newsestlyonnais.fr\/site\/wp-json\/wp\/v2\/media\/29961"}],"wp:attachment":[{"href":"https:\/\/newsestlyonnais.fr\/site\/wp-json\/wp\/v2\/media?parent=29924"}],"wp:term":[{"taxonomy":"category","embeddable":true,"href":"https:\/\/newsestlyonnais.fr\/site\/wp-json\/wp\/v2\/categories?post=29924"},{"taxonomy":"post_tag","embeddable":true,"href":"https:\/\/newsestlyonnais.fr\/site\/wp-json\/wp\/v2\/tags?post=29924"}],"curies":[{"name":"wp","href":"https:\/\/api.w.org\/{rel}","templated":true}]}}